{"id":19178,"date":"2023-03-03T10:46:05","date_gmt":"2023-03-03T09:46:05","guid":{"rendered":"https:\/\/www.werbewoche.ch\/?p=194152"},"modified":"2024-11-18T10:44:04","modified_gmt":"2024-11-18T09:44:04","slug":"agap2-ueberarbeitet-employer-branding-konzept-mit-farner","status":"publish","type":"post","link":"https:\/\/www.organisator.ch\/de\/marketing\/2023-03-03\/agap2-ueberarbeitet-employer-branding-konzept-mit-farner\/","title":{"rendered":"Agap2 \u00fcberarbeitet Employer-Branding-Konzept mit Farner"},"content":{"rendered":"<figure id=\"attachment_194153\" class=\"wp-caption aligncenter\" style=\"width: 1200px\" aria-describedby=\"caption-attachment-194153\"><img class=\"aligncenter wp-image-194153 size-full\" src=\"https:\/\/www.werbewoche.ch\/wp-content\/uploads\/2023\/03\/farner-agap2-employer-branding.jpg\" alt=\"Agap2 Switzerland\" width=\"1200\" height=\"850\" \/>\r\n<figcaption id=\"caption-attachment-194153\" class=\"wp-caption-text\">(Screenshot: Agap2.com)<\/figcaption>\r\n<\/figure>\r\n<p>Agap2 Switzerland trat mit einer simplen Erkenntnis an Farner heran: Talente sind immer schwieriger zu rekrutieren, und die Bindung der aktuellen Mitarbeitenden ist zu einer echten Herausforderung geworden. In diesem Kontext verf\u00fcgt Agap2 \u00fcber viele wenig bekannte Wettbewerbsvorteile.<\/p>\r\n<p>Die Employer-Branding- Teams von Farner haben sich mit Mitarbeitenden und Berater:innen getroffen, um die Pers\u00f6nlichkeit von Agap2 Switzerland zu identifizieren und die Unterscheidungsmerkmale des Unternehmens zu ergr\u00fcnden. Weil die Sicherheit des Arbeitsplatzes und die Vielfalt der angebotenen Aufgaben im Vordergrund stehen, hat sich Agap2 Switzerland den Claim \u00abLet\u2019s make work an adventure\u00bb gegeben, der auf folgenden drei grossen Werten beruht:\u00a0\u00abRelying on the match\u00bb, oder das Versprechen, Projekte so zu vergeben, wie es den W\u00fcnschen der Mitarbeitenden entspricht. \u00abProviding variety\u00bb, oder das Versprechen, ein echtes berufliches Abenteuer zu bieten, an dem die Mitarbeitenden wachsen k\u00f6nnen. Und \u00abAccelerating progress\u00bb, oder die fortlaufende Antizipation der Bed\u00fcrfnisse der Kunden, um sie bei der Entwicklung von Projekten zu unterst\u00fctzen, mit denen sie die Zukunft pr\u00e4gen werden.<\/p>\r\n<p>Um diese neu identifizierten Werte zum Leben zu erwecken, wurde ein visuelles Konzept erdacht und auf die internen und externen Kommunikationsmittel der Marke \u00fcbertragen: ein neues Karriereportal auf der Website, eine Aktivierungsstrategie \u00fcber das berufliche Netzwerk LinkedIn des Unternehmens und ein internes Newsletterprogramm f\u00fcr alle Mitarbeitenden.<\/p>","protected":false},"excerpt":{"rendered":"<p>Agap2 Switzerland trat mit einer simplen Erkenntnis an Farner heran: Talente sind immer schwieriger zu rekrutieren, und die Bindung der aktuellen Mitarbeitenden ist zu einer echten Herausforderung geworden. In diesem Kontext verf\u00fcgt Agap2 \u00fcber viele wenig bekannte Wettbewerbsvorteile. Die Employer-Branding- Teams von Farner haben sich mit Mitarbeitenden und Berater:innen getroffen, um die Pers\u00f6nlichkeit von Agap2 [\u2026]<\/p>\n","protected":false},"author":8,"featured_media":0,"comment_status":"closed","ping_status":"closed","sticky":false,"template":"","format":"standard","meta":{"_acf_changed":false,"_yoast_wpseo_focuskw":"Agap2 Switzerland","_yoast_wpseo_metadesc":"Agap2 Switzerland: Employer Branding mit neuem visuellen Konzept und Karriereportal. Fokus auf Sicherheit und Vielfalt.","articlekey":"","footnotes":""},"categories":[29],"tags":[3655],"class_list":["post-19178","post","type-post","status-publish","format-standard","hentry","category-marketing","tag-farner"],"acf":[],"yoast_head":"<!-- This site is optimized with the Yoast SEO plugin v27.5 - https:\/\/yoast.com\/product\/yoast-seo-wordpress\/ -->\n<title>Agap2 \u00fcberarbeitet Employer-Branding-Konzept mit Farner - Organisator<\/title>\n<meta name=\"description\" content=\"Agap2 Switzerland: Employer Branding mit neuem visuellen Konzept und Karriereportal. Fokus auf Sicherheit und Vielfalt.\" \/>\n<meta name=\"robots\" content=\"index, follow, max-snippet:-1, max-image-preview:large, max-video-preview:-1\" \/>\n<link rel=\"canonical\" href=\"https:\/\/www.organisator.ch\/de\/marketing\/2023-03-03\/agap2-ueberarbeitet-employer-branding-konzept-mit-farner\/\" \/>\n<meta property=\"og:locale\" content=\"de_DE\" \/>\n<meta property=\"og:type\" content=\"article\" \/>\n<meta property=\"og:title\" content=\"Agap2 \u00fcberarbeitet Employer-Branding-Konzept mit Farner - Organisator\" \/>\n<meta property=\"og:description\" content=\"Agap2 Switzerland: Employer Branding mit neuem visuellen Konzept und Karriereportal. Fokus auf Sicherheit und Vielfalt.\" \/>\n<meta property=\"og:url\" content=\"https:\/\/www.organisator.ch\/de\/marketing\/2023-03-03\/agap2-ueberarbeitet-employer-branding-konzept-mit-farner\/\" \/>\n<meta property=\"og:site_name\" content=\"Organisator\" \/>\n<meta property=\"article:publisher\" content=\"https:\/\/www.facebook.com\/OrganisatorFachmagazin\" \/>\n<meta property=\"article:published_time\" content=\"2023-03-03T09:46:05+00:00\" \/>\n<meta property=\"article:modified_time\" content=\"2024-11-18T09:44:04+00:00\" \/>\n<meta name=\"author\" content=\"galledia\" \/>\n<meta name=\"twitter:card\" content=\"summary_large_image\" \/>\n<meta name=\"twitter:creator\" content=\"@admin\" \/>\n<script type=\"application\/ld+json\" class=\"yoast-schema-graph\">{\"@context\":\"https:\\\/\\\/schema.org\",\"@graph\":[{\"@type\":\"Article\",\"@id\":\"https:\\\/\\\/www.organisator.ch\\\/marketing\\\/2023-03-03\\\/agap2-ueberarbeitet-employer-branding-konzept-mit-farner\\\/#article\",\"isPartOf\":{\"@id\":\"https:\\\/\\\/www.organisator.ch\\\/marketing\\\/2023-03-03\\\/agap2-ueberarbeitet-employer-branding-konzept-mit-farner\\\/\"},\"author\":{\"name\":\"galledia\",\"@id\":\"https:\\\/\\\/www.organisator.ch\\\/#\\\/schema\\\/person\\\/4e51799071cd2dd1232ac003643ef5f0\"},\"headline\":\"Agap2 \u00fcberarbeitet Employer-Branding-Konzept mit Farner\",\"datePublished\":\"2023-03-03T09:46:05+00:00\",\"dateModified\":\"2024-11-18T09:44:04+00:00\",\"mainEntityOfPage\":{\"@id\":\"https:\\\/\\\/www.organisator.ch\\\/marketing\\\/2023-03-03\\\/agap2-ueberarbeitet-employer-branding-konzept-mit-farner\\\/\"},\"wordCount\":225,\"publisher\":{\"@id\":\"https:\\\/\\\/www.organisator.ch\\\/#organization\"},\"image\":{\"@id\":\"https:\\\/\\\/www.organisator.ch\\\/marketing\\\/2023-03-03\\\/agap2-ueberarbeitet-employer-branding-konzept-mit-farner\\\/#primaryimage\"},\"thumbnailUrl\":\"https:\\\/\\\/www.werbewoche.ch\\\/wp-content\\\/uploads\\\/2023\\\/03\\\/farner-agap2-employer-branding.jpg\",\"keywords\":[\"Farner\"],\"articleSection\":[\"MARKETING\"],\"inLanguage\":\"de\"},{\"@type\":\"WebPage\",\"@id\":\"https:\\\/\\\/www.organisator.ch\\\/marketing\\\/2023-03-03\\\/agap2-ueberarbeitet-employer-branding-konzept-mit-farner\\\/\",\"url\":\"https:\\\/\\\/www.organisator.ch\\\/marketing\\\/2023-03-03\\\/agap2-ueberarbeitet-employer-branding-konzept-mit-farner\\\/\",\"name\":\"Agap2 \u00fcberarbeitet Employer-Branding-Konzept mit Farner - Organisator\",\"isPartOf\":{\"@id\":\"https:\\\/\\\/www.organisator.ch\\\/#website\"},\"primaryImageOfPage\":{\"@id\":\"https:\\\/\\\/www.organisator.ch\\\/marketing\\\/2023-03-03\\\/agap2-ueberarbeitet-employer-branding-konzept-mit-farner\\\/#primaryimage\"},\"image\":{\"@id\":\"https:\\\/\\\/www.organisator.ch\\\/marketing\\\/2023-03-03\\\/agap2-ueberarbeitet-employer-branding-konzept-mit-farner\\\/#primaryimage\"},\"thumbnailUrl\":\"https:\\\/\\\/www.werbewoche.ch\\\/wp-content\\\/uploads\\\/2023\\\/03\\\/farner-agap2-employer-branding.jpg\",\"datePublished\":\"2023-03-03T09:46:05+00:00\",\"dateModified\":\"2024-11-18T09:44:04+00:00\",\"description\":\"Agap2 Switzerland: Employer Branding mit neuem visuellen Konzept und Karriereportal. Fokus auf Sicherheit und Vielfalt.\",\"breadcrumb\":{\"@id\":\"https:\\\/\\\/www.organisator.ch\\\/marketing\\\/2023-03-03\\\/agap2-ueberarbeitet-employer-branding-konzept-mit-farner\\\/#breadcrumb\"},\"inLanguage\":\"de\",\"potentialAction\":[{\"@type\":\"ReadAction\",\"target\":[\"https:\\\/\\\/www.organisator.ch\\\/marketing\\\/2023-03-03\\\/agap2-ueberarbeitet-employer-branding-konzept-mit-farner\\\/\"]}]},{\"@type\":\"ImageObject\",\"inLanguage\":\"de\",\"@id\":\"https:\\\/\\\/www.organisator.ch\\\/marketing\\\/2023-03-03\\\/agap2-ueberarbeitet-employer-branding-konzept-mit-farner\\\/#primaryimage\",\"url\":\"https:\\\/\\\/www.werbewoche.ch\\\/wp-content\\\/uploads\\\/2023\\\/03\\\/farner-agap2-employer-branding.jpg\",\"contentUrl\":\"https:\\\/\\\/www.werbewoche.ch\\\/wp-content\\\/uploads\\\/2023\\\/03\\\/farner-agap2-employer-branding.jpg\"},{\"@type\":\"BreadcrumbList\",\"@id\":\"https:\\\/\\\/www.organisator.ch\\\/marketing\\\/2023-03-03\\\/agap2-ueberarbeitet-employer-branding-konzept-mit-farner\\\/#breadcrumb\",\"itemListElement\":[{\"@type\":\"ListItem\",\"position\":1,\"name\":\"Home\",\"item\":\"https:\\\/\\\/www.organisator.ch\\\/\"},{\"@type\":\"ListItem\",\"position\":2,\"name\":\"Agap2 \u00fcberarbeitet Employer-Branding-Konzept mit Farner\"}]},{\"@type\":\"WebSite\",\"@id\":\"https:\\\/\\\/www.organisator.ch\\\/#website\",\"url\":\"https:\\\/\\\/www.organisator.ch\\\/\",\"name\":\"Organisator\",\"description\":\"Kompetent. Praxisnah. Der ORGANISATOR bereitet in 10 Ausgaben pro Jahr die wesentlichen Themen f\u00fcr F\u00fchrungskr\u00e4fte von KMU auf.\",\"publisher\":{\"@id\":\"https:\\\/\\\/www.organisator.ch\\\/#organization\"},\"potentialAction\":[{\"@type\":\"SearchAction\",\"target\":{\"@type\":\"EntryPoint\",\"urlTemplate\":\"https:\\\/\\\/www.organisator.ch\\\/?s={search_term_string}\"},\"query-input\":{\"@type\":\"PropertyValueSpecification\",\"valueRequired\":true,\"valueName\":\"search_term_string\"}}],\"inLanguage\":\"de\"},{\"@type\":\"Organization\",\"@id\":\"https:\\\/\\\/www.organisator.ch\\\/#organization\",\"name\":\"Organisator\",\"url\":\"https:\\\/\\\/www.organisator.ch\\\/\",\"logo\":{\"@type\":\"ImageObject\",\"inLanguage\":\"de\",\"@id\":\"https:\\\/\\\/www.organisator.ch\\\/#\\\/schema\\\/logo\\\/image\\\/\",\"url\":\"https:\\\/\\\/www.organisator.ch\\\/wp-content\\\/uploads\\\/2022\\\/01\\\/Logo_Organisator_Website.png\",\"contentUrl\":\"https:\\\/\\\/www.organisator.ch\\\/wp-content\\\/uploads\\\/2022\\\/01\\\/Logo_Organisator_Website.png\",\"width\":800,\"height\":77,\"caption\":\"Organisator\"},\"image\":{\"@id\":\"https:\\\/\\\/www.organisator.ch\\\/#\\\/schema\\\/logo\\\/image\\\/\"},\"sameAs\":[\"https:\\\/\\\/www.facebook.com\\\/OrganisatorFachmagazin\",\"https:\\\/\\\/www.linkedin.com\\\/showcase\\\/organisator-das-magazin-fr-kmu\",\"https:\\\/\\\/www.xing.com\\\/news\\\/pages\\\/organisator-ch-695\",\"https:\\\/\\\/www.youtube.com\\\/channel\\\/UCGP2Sq0iWaZwT3BdIAQFYpw\"]},{\"@type\":\"Person\",\"@id\":\"https:\\\/\\\/www.organisator.ch\\\/#\\\/schema\\\/person\\\/4e51799071cd2dd1232ac003643ef5f0\",\"name\":\"galledia\",\"image\":{\"@type\":\"ImageObject\",\"inLanguage\":\"de\",\"@id\":\"https:\\\/\\\/secure.gravatar.com\\\/avatar\\\/78a7f90c01fc2bfc875782a0d4922b37cde2cf184ce347b91316d23cd7f69a36?s=96&d=mm&r=g\",\"url\":\"https:\\\/\\\/secure.gravatar.com\\\/avatar\\\/78a7f90c01fc2bfc875782a0d4922b37cde2cf184ce347b91316d23cd7f69a36?s=96&d=mm&r=g\",\"contentUrl\":\"https:\\\/\\\/secure.gravatar.com\\\/avatar\\\/78a7f90c01fc2bfc875782a0d4922b37cde2cf184ce347b91316d23cd7f69a36?s=96&d=mm&r=g\",\"caption\":\"galledia\"},\"sameAs\":[\"https:\\\/\\\/x.com\\\/admin\"],\"url\":\"https:\\\/\\\/www.organisator.ch\\\/de\\\/author\\\/galledia\\\/\"}]}<\/script>\n<!-- \/ Yoast SEO plugin. -->","yoast_head_json":{"title":"Agap2 \u00fcberarbeitet Employer-Branding-Konzept mit Farner - Organisator","description":"Agap2 Switzerland: Employer Branding mit neuem visuellen Konzept und Karriereportal. Fokus auf Sicherheit und Vielfalt.","robots":{"index":"index","follow":"follow","max-snippet":"max-snippet:-1","max-image-preview":"max-image-preview:large","max-video-preview":"max-video-preview:-1"},"canonical":"https:\/\/www.organisator.ch\/de\/marketing\/2023-03-03\/agap2-ueberarbeitet-employer-branding-konzept-mit-farner\/","og_locale":"de_DE","og_type":"article","og_title":"Agap2 \u00fcberarbeitet Employer-Branding-Konzept mit Farner - Organisator","og_description":"Agap2 Switzerland: Employer Branding mit neuem visuellen Konzept und Karriereportal. Fokus auf Sicherheit und Vielfalt.","og_url":"https:\/\/www.organisator.ch\/de\/marketing\/2023-03-03\/agap2-ueberarbeitet-employer-branding-konzept-mit-farner\/","og_site_name":"Organisator","article_publisher":"https:\/\/www.facebook.com\/OrganisatorFachmagazin","article_published_time":"2023-03-03T09:46:05+00:00","article_modified_time":"2024-11-18T09:44:04+00:00","author":"galledia","twitter_card":"summary_large_image","twitter_creator":"@admin","schema":{"@context":"https:\/\/schema.org","@graph":[{"@type":"Article","@id":"https:\/\/www.organisator.ch\/marketing\/2023-03-03\/agap2-ueberarbeitet-employer-branding-konzept-mit-farner\/#article","isPartOf":{"@id":"https:\/\/www.organisator.ch\/marketing\/2023-03-03\/agap2-ueberarbeitet-employer-branding-konzept-mit-farner\/"},"author":{"name":"galledia","@id":"https:\/\/www.organisator.ch\/#\/schema\/person\/4e51799071cd2dd1232ac003643ef5f0"},"headline":"Agap2 \u00fcberarbeitet Employer-Branding-Konzept mit Farner","datePublished":"2023-03-03T09:46:05+00:00","dateModified":"2024-11-18T09:44:04+00:00","mainEntityOfPage":{"@id":"https:\/\/www.organisator.ch\/marketing\/2023-03-03\/agap2-ueberarbeitet-employer-branding-konzept-mit-farner\/"},"wordCount":225,"publisher":{"@id":"https:\/\/www.organisator.ch\/#organization"},"image":{"@id":"https:\/\/www.organisator.ch\/marketing\/2023-03-03\/agap2-ueberarbeitet-employer-branding-konzept-mit-farner\/#primaryimage"},"thumbnailUrl":"https:\/\/www.werbewoche.ch\/wp-content\/uploads\/2023\/03\/farner-agap2-employer-branding.jpg","keywords":["Farner"],"articleSection":["MARKETING"],"inLanguage":"de"},{"@type":"WebPage","@id":"https:\/\/www.organisator.ch\/marketing\/2023-03-03\/agap2-ueberarbeitet-employer-branding-konzept-mit-farner\/","url":"https:\/\/www.organisator.ch\/marketing\/2023-03-03\/agap2-ueberarbeitet-employer-branding-konzept-mit-farner\/","name":"Agap2 \u00fcberarbeitet Employer-Branding-Konzept mit Farner - Organisator","isPartOf":{"@id":"https:\/\/www.organisator.ch\/#website"},"primaryImageOfPage":{"@id":"https:\/\/www.organisator.ch\/marketing\/2023-03-03\/agap2-ueberarbeitet-employer-branding-konzept-mit-farner\/#primaryimage"},"image":{"@id":"https:\/\/www.organisator.ch\/marketing\/2023-03-03\/agap2-ueberarbeitet-employer-branding-konzept-mit-farner\/#primaryimage"},"thumbnailUrl":"https:\/\/www.werbewoche.ch\/wp-content\/uploads\/2023\/03\/farner-agap2-employer-branding.jpg","datePublished":"2023-03-03T09:46:05+00:00","dateModified":"2024-11-18T09:44:04+00:00","description":"Agap2 Switzerland: Employer Branding mit neuem visuellen Konzept und Karriereportal. Fokus auf Sicherheit und Vielfalt.","breadcrumb":{"@id":"https:\/\/www.organisator.ch\/marketing\/2023-03-03\/agap2-ueberarbeitet-employer-branding-konzept-mit-farner\/#breadcrumb"},"inLanguage":"de","potentialAction":[{"@type":"ReadAction","target":["https:\/\/www.organisator.ch\/marketing\/2023-03-03\/agap2-ueberarbeitet-employer-branding-konzept-mit-farner\/"]}]},{"@type":"ImageObject","inLanguage":"de","@id":"https:\/\/www.organisator.ch\/marketing\/2023-03-03\/agap2-ueberarbeitet-employer-branding-konzept-mit-farner\/#primaryimage","url":"https:\/\/www.werbewoche.ch\/wp-content\/uploads\/2023\/03\/farner-agap2-employer-branding.jpg","contentUrl":"https:\/\/www.werbewoche.ch\/wp-content\/uploads\/2023\/03\/farner-agap2-employer-branding.jpg"},{"@type":"BreadcrumbList","@id":"https:\/\/www.organisator.ch\/marketing\/2023-03-03\/agap2-ueberarbeitet-employer-branding-konzept-mit-farner\/#breadcrumb","itemListElement":[{"@type":"ListItem","position":1,"name":"Home","item":"https:\/\/www.organisator.ch\/"},{"@type":"ListItem","position":2,"name":"Agap2 \u00fcberarbeitet Employer-Branding-Konzept mit Farner"}]},{"@type":"WebSite","@id":"https:\/\/www.organisator.ch\/#website","url":"https:\/\/www.organisator.ch\/","name":"Organisator","description":"Kompetent. Praxisnah. Der ORGANISATOR bereitet in 10 Ausgaben pro Jahr die wesentlichen Themen f\u00fcr F\u00fchrungskr\u00e4fte von KMU auf.","publisher":{"@id":"https:\/\/www.organisator.ch\/#organization"},"potentialAction":[{"@type":"SearchAction","target":{"@type":"EntryPoint","urlTemplate":"https:\/\/www.organisator.ch\/?s={search_term_string}"},"query-input":{"@type":"PropertyValueSpecification","valueRequired":true,"valueName":"search_term_string"}}],"inLanguage":"de"},{"@type":"Organization","@id":"https:\/\/www.organisator.ch\/#organization","name":"Organisator","url":"https:\/\/www.organisator.ch\/","logo":{"@type":"ImageObject","inLanguage":"de","@id":"https:\/\/www.organisator.ch\/#\/schema\/logo\/image\/","url":"https:\/\/www.organisator.ch\/wp-content\/uploads\/2022\/01\/Logo_Organisator_Website.png","contentUrl":"https:\/\/www.organisator.ch\/wp-content\/uploads\/2022\/01\/Logo_Organisator_Website.png","width":800,"height":77,"caption":"Organisator"},"image":{"@id":"https:\/\/www.organisator.ch\/#\/schema\/logo\/image\/"},"sameAs":["https:\/\/www.facebook.com\/OrganisatorFachmagazin","https:\/\/www.linkedin.com\/showcase\/organisator-das-magazin-fr-kmu","https:\/\/www.xing.com\/news\/pages\/organisator-ch-695","https:\/\/www.youtube.com\/channel\/UCGP2Sq0iWaZwT3BdIAQFYpw"]},{"@type":"Person","@id":"https:\/\/www.organisator.ch\/#\/schema\/person\/4e51799071cd2dd1232ac003643ef5f0","name":"galledia","image":{"@type":"ImageObject","inLanguage":"de","@id":"https:\/\/secure.gravatar.com\/avatar\/78a7f90c01fc2bfc875782a0d4922b37cde2cf184ce347b91316d23cd7f69a36?s=96&d=mm&r=g","url":"https:\/\/secure.gravatar.com\/avatar\/78a7f90c01fc2bfc875782a0d4922b37cde2cf184ce347b91316d23cd7f69a36?s=96&d=mm&r=g","contentUrl":"https:\/\/secure.gravatar.com\/avatar\/78a7f90c01fc2bfc875782a0d4922b37cde2cf184ce347b91316d23cd7f69a36?s=96&d=mm&r=g","caption":"galledia"},"sameAs":["https:\/\/x.com\/admin"],"url":"https:\/\/www.organisator.ch\/de\/author\/galledia\/"}]}},"_links":{"self":[{"href":"https:\/\/www.organisator.ch\/de\/wp-json\/wp\/v2\/posts\/19178","targetHints":{"allow":["GET"]}}],"collection":[{"href":"https:\/\/www.organisator.ch\/de\/wp-json\/wp\/v2\/posts"}],"about":[{"href":"https:\/\/www.organisator.ch\/de\/wp-json\/wp\/v2\/types\/post"}],"author":[{"embeddable":true,"href":"https:\/\/www.organisator.ch\/de\/wp-json\/wp\/v2\/users\/8"}],"replies":[{"embeddable":true,"href":"https:\/\/www.organisator.ch\/de\/wp-json\/wp\/v2\/comments?post=19178"}],"version-history":[{"count":3,"href":"https:\/\/www.organisator.ch\/de\/wp-json\/wp\/v2\/posts\/19178\/revisions"}],"predecessor-version":[{"id":33354,"href":"https:\/\/www.organisator.ch\/de\/wp-json\/wp\/v2\/posts\/19178\/revisions\/33354"}],"wp:attachment":[{"href":"https:\/\/www.organisator.ch\/de\/wp-json\/wp\/v2\/media?parent=19178"}],"wp:term":[{"taxonomy":"category","embeddable":true,"href":"https:\/\/www.organisator.ch\/de\/wp-json\/wp\/v2\/categories?post=19178"},{"taxonomy":"post_tag","embeddable":true,"href":"https:\/\/www.organisator.ch\/de\/wp-json\/wp\/v2\/tags?post=19178"}],"curies":[{"name":"wp","href":"https:\/\/api.w.org\/{rel}","templated":true}]}}