{"id":19183,"date":"2023-03-06T07:49:43","date_gmt":"2023-03-06T06:49:43","guid":{"rendered":"https:\/\/www.organisator.ch\/?p=19183"},"modified":"2023-03-06T07:49:43","modified_gmt":"2023-03-06T06:49:43","slug":"zeitreise-durch-die-kaufmaennische-geschichte","status":"publish","type":"post","link":"https:\/\/www.organisator.ch\/de\/weiterbildung\/2023-03-06\/zeitreise-durch-die-kaufmaennische-geschichte\/","title":{"rendered":"Zeitreise durch die kaufm\u00e4nnische Geschichte"},"content":{"rendered":"<figure id=\"attachment_19184\" aria-describedby=\"caption-attachment-19184\" style=\"width: 680px\" class=\"wp-caption alignnone\"><img loading=\"lazy\" decoding=\"async\" class=\"size-full wp-image-19184\" src=\"https:\/\/www.organisator.ch\/wp-content\/uploads\/2023\/03\/Zeitreise-durch-die-kaufmaennische-Geschichte_Organisator.jpg\" alt=\"\" width=\"680\" height=\"383\" srcset=\"https:\/\/www.organisator.ch\/wp-content\/uploads\/2023\/03\/Zeitreise-durch-die-kaufmaennische-Geschichte_Organisator.jpg 680w, https:\/\/www.organisator.ch\/wp-content\/uploads\/2023\/03\/Zeitreise-durch-die-kaufmaennische-Geschichte_Organisator-18x10.jpg 18w, https:\/\/www.organisator.ch\/wp-content\/uploads\/2023\/03\/Zeitreise-durch-die-kaufmaennische-Geschichte_Organisator-375x211.jpg 375w, https:\/\/www.organisator.ch\/wp-content\/uploads\/2023\/03\/Zeitreise-durch-die-kaufmaennische-Geschichte_Organisator-621x350.jpg 621w\" sizes=\"auto, (max-width: 680px) 100vw, 680px\" \/><figcaption id=\"caption-attachment-19184\" class=\"wp-caption-text\">Eine eigens dazu gestaltete Website nimmt Interessierte mit auf eine Zeitreise durch 150 Jahre kaufm\u00e4nnische Geschichte. (Bild: Kaufm\u00e4nnischer Verband Schweiz)<\/figcaption><\/figure>\n<p><a href=\"https:\/\/www.organisator.ch\/de\/weiterbildung\/2023-01-04\/der-kaufmaennische-verband-schweiz-feiert-sein-150-jaehriges-bestehen\/\">Anl\u00e4sslich seines 150-j\u00e4hrigen Bestehens<\/a> lanciert der Kaufm\u00e4nnische Verband Schweiz eine immersive Kampagne, die eine Zeitreise bis zu den Anf\u00e4ngen des Verbands in den 1870er Jahren erm\u00f6glicht. Seit jeher sind Bildung und lebenslanges Lernen fest in der DNA des Kaufm\u00e4nnischen Verbands Schweiz verankert. Engagiert die Berufsbilder stetig weiterzuentwickeln und das duale Bildungssystem zu f\u00f6rdern, hat der Verband die kaufm\u00e4nnischen Berufe zu dem gemacht, was sie heute sind: ein absolut zentraler Pfeiler f\u00fcr die Schweizer Wirtschaft und Arbeitswelt.<\/p>\n<h3>Audio-Beitr\u00e4ge, Videos und Texte aus 150 Jahren Verbandsgeschichte<\/h3>\n<p>Bei der Jubil\u00e4ums-Kampagne \u00ab<a href=\"https:\/\/buerogeschichten.ch\/\">buerogeschichten.ch<\/a>\u00bb kommen Kaufleute \u2013 ehemalige Berufsleute, aktuelle Lernende \u2013 Verbandsrepr\u00e4sentanten, Partner-Organisationen und Politiker:innen zu Wort. Ob man nach Themen filtert oder Beitr\u00e4ge zeitlich durchst\u00f6bert: Alle vermitteln einen lebendigen Einblick in die 150-j\u00e4hrige Verbandsgeschichte. Unter den \u00fcber 350 Online-Beitr\u00e4gen sind einige am\u00fcsante Trouvaillen: alte Dokumente, Stummfilme, Videobeitr\u00e4ge und Quellen, die aus heutiger Sicht kurios und bisweilen seltsam anmuten. Eine B\u00fcroordnung aus dem Jahr 1871 h\u00e4lt fest: \u00abDie Einnahme von Nahrung ist zwischen 11:30 und 12:00 Uhr gestattet, jedoch darf die Arbeit dabei nicht eingestellt werden.\u00bb Die erste Frau wurde 1901 an den Berufsbildungskursen zugelassen. Ein Filmbeitrag aus den 1960er Jahren zeigt schreiende B\u00f6rsenh\u00e4ndler am Ring. \u00dcber die Jahrzehnte hinweg berichten Kaufleute \u00fcber ihre Erfahrung in der Lehre. Briefe aus der Zukunft lassen erahnen, wohin sich die KV-Berufe in den kommenden Jahrzehnten entwickeln werden.<\/p>\n<h3>Andere Zeiten, andere Sitten<\/h3>\n<p>Die Kampagne \u00abbuerogeschichten.ch\u00bb dokumentiert den Wandel des Verbands, des Schweizer Bildungssystems und der kaufm\u00e4nnischen Berufsbilder. Und er gibt einen erhellenden Einblick in die Entwicklung unserer Gesellschaft und die damit verbundenen Rollenbilder. Bei einzelnen Beitr\u00e4gen kommt man aus dem Staunen nicht heraus \u2013 und freut sich \u00fcber diese Meilensteine.<\/p>\n<p>Die Jubil\u00e4ums-Kampagne ist in Zusammenarbeit mit den Tochtergesellschaften Hochschule f\u00fcr Wirtschaft Z\u00fcrich HWZ und Schweizerisches Institut f\u00fcr Betriebs\u00f6konomie SIB erstellt und von einem Historiker begleitet worden. Das Material stammt aus dem Archiv des Kaufm\u00e4nnischen Verbands Schweiz und ist im Schweizerischen Sozialarchiv in Z\u00fcrich frei zug\u00e4nglich. Konzept, Design und Umsetzung zeichnete die Agentur Partner &amp; Partner AG aus Winterthur. Die Kampagne hat der Kaufm\u00e4nnische Verband Schweiz im Rahmen seines feierlichen Festakts am 3.3.2023 offiziell lanciert.<\/p>\n<p><em>Quelle: <a href=\"http:\/\/www.kfmv.ch\">www.kfmv.ch<\/a><\/em><\/p>\n","protected":false},"excerpt":{"rendered":"<p>Anl\u00e4sslich seines 150-j\u00e4hrigen Bestehens lanciert der Kaufm\u00e4nnische Verband Schweiz eine immersive Kampagne, die eine Zeitreise bis zu den Anf\u00e4ngen des Verbands in den 1870er Jahren erm\u00f6glicht. Seit jeher sind Bildung und lebenslanges Lernen fest in der DNA des Kaufm\u00e4nnischen Verbands Schweiz verankert. Engagiert die Berufsbilder stetig weiterzuentwickeln und das duale Bildungssystem zu f\u00f6rdern, hat der [&hellip;]<\/p>\n","protected":false},"author":4,"featured_media":19184,"comment_status":"closed","ping_status":"closed","sticky":false,"template":"","format":"standard","meta":{"_acf_changed":false,"_yoast_wpseo_focuskw":"Zeitreise","_yoast_wpseo_metadesc":"Die Kampagne \u00abbuerogeschichten.ch\u00bb ist eine Zeitreise durch die 150-j\u00e4hrige Geschichte des Kaufm\u00e4nnischen Verbands Schweiz.","articlekey":"","footnotes":""},"categories":[30],"tags":[240,292,503],"class_list":["post-19183","post","type-post","status-publish","format-standard","has-post-thumbnail","hentry","category-weiterbildung","tag-geschichte","tag-jubilaeum","tag-verbaende"],"acf":[],"yoast_head":"<!-- This site is optimized with the Yoast SEO plugin v27.5 - https:\/\/yoast.com\/product\/yoast-seo-wordpress\/ -->\n<title>Zeitreise durch die kaufm\u00e4nnische Geschichte - Organisator<\/title>\n<meta name=\"description\" content=\"Die Kampagne \u00abbuerogeschichten.ch\u00bb ist eine Zeitreise durch die 150-j\u00e4hrige Geschichte des Kaufm\u00e4nnischen Verbands Schweiz.\" \/>\n<meta name=\"robots\" content=\"index, follow, max-snippet:-1, max-image-preview:large, max-video-preview:-1\" \/>\n<link rel=\"canonical\" href=\"https:\/\/www.organisator.ch\/de\/weiterbildung\/2023-03-06\/zeitreise-durch-die-kaufmaennische-geschichte\/\" \/>\n<meta property=\"og:locale\" content=\"de_DE\" \/>\n<meta property=\"og:type\" content=\"article\" \/>\n<meta property=\"og:title\" content=\"Zeitreise durch die kaufm\u00e4nnische Geschichte\" \/>\n<meta property=\"og:description\" content=\"Die Kampagne \u00abbuerogeschichten.ch\u00bb ist eine Zeitreise durch die 150-j\u00e4hrige Geschichte des Kaufm\u00e4nnischen Verbands Schweiz.\" \/>\n<meta property=\"og:url\" content=\"https:\/\/www.organisator.ch\/de\/weiterbildung\/2023-03-06\/zeitreise-durch-die-kaufmaennische-geschichte\/\" \/>\n<meta property=\"og:site_name\" content=\"Organisator\" \/>\n<meta property=\"article:publisher\" content=\"https:\/\/www.facebook.com\/OrganisatorFachmagazin\" \/>\n<meta property=\"article:published_time\" content=\"2023-03-06T06:49:43+00:00\" \/>\n<meta property=\"og:image\" content=\"https:\/\/www.organisator.ch\/wp-content\/uploads\/2023\/03\/Zeitreise-durch-die-kaufmaennische-Geschichte_Organisator.jpg\" \/>\n\t<meta property=\"og:image:width\" content=\"680\" \/>\n\t<meta property=\"og:image:height\" content=\"383\" \/>\n\t<meta property=\"og:image:type\" content=\"image\/jpeg\" \/>\n<meta name=\"author\" content=\"thomas.berner\" \/>\n<meta name=\"twitter:card\" content=\"summary_large_image\" \/>\n<meta name=\"twitter:title\" content=\"#Zeitreise durch die kaufm\u00e4nnische #Geschichte\" \/>\n<meta name=\"twitter:description\" content=\"Die #Kampagne \u00ab#buerogeschichten.ch\u00bb ist eine #Zeitreise durch die 150-j\u00e4hrige #Geschichte des Kaufm\u00e4nnischen Verbands Schweiz.\" \/>\n<meta name=\"twitter:image\" content=\"https:\/\/www.organisator.ch\/wp-content\/uploads\/2023\/03\/Zeitreise-durch-die-kaufmaennische-Geschichte_Organisator.jpg\" \/>\n<script type=\"application\/ld+json\" class=\"yoast-schema-graph\">{\"@context\":\"https:\\\/\\\/schema.org\",\"@graph\":[{\"@type\":\"Article\",\"@id\":\"https:\\\/\\\/www.organisator.ch\\\/weiterbildung\\\/2023-03-06\\\/zeitreise-durch-die-kaufmaennische-geschichte\\\/#article\",\"isPartOf\":{\"@id\":\"https:\\\/\\\/www.organisator.ch\\\/weiterbildung\\\/2023-03-06\\\/zeitreise-durch-die-kaufmaennische-geschichte\\\/\"},\"author\":{\"name\":\"thomas.berner\",\"@id\":\"https:\\\/\\\/www.organisator.ch\\\/#\\\/schema\\\/person\\\/6f650f90b2842cd4c0cc334b4e36f67e\"},\"headline\":\"Zeitreise durch die kaufm\u00e4nnische Geschichte\",\"datePublished\":\"2023-03-06T06:49:43+00:00\",\"mainEntityOfPage\":{\"@id\":\"https:\\\/\\\/www.organisator.ch\\\/weiterbildung\\\/2023-03-06\\\/zeitreise-durch-die-kaufmaennische-geschichte\\\/\"},\"wordCount\":409,\"publisher\":{\"@id\":\"https:\\\/\\\/www.organisator.ch\\\/#organization\"},\"image\":{\"@id\":\"https:\\\/\\\/www.organisator.ch\\\/weiterbildung\\\/2023-03-06\\\/zeitreise-durch-die-kaufmaennische-geschichte\\\/#primaryimage\"},\"thumbnailUrl\":\"https:\\\/\\\/www.organisator.ch\\\/wp-content\\\/uploads\\\/2023\\\/03\\\/Zeitreise-durch-die-kaufmaennische-Geschichte_Organisator.jpg\",\"keywords\":[\"Geschichte\",\"Jubil\u00e4um\",\"Verb\u00e4nde\"],\"articleSection\":[\"WEITERBILDUNG\"],\"inLanguage\":\"de\"},{\"@type\":\"WebPage\",\"@id\":\"https:\\\/\\\/www.organisator.ch\\\/weiterbildung\\\/2023-03-06\\\/zeitreise-durch-die-kaufmaennische-geschichte\\\/\",\"url\":\"https:\\\/\\\/www.organisator.ch\\\/weiterbildung\\\/2023-03-06\\\/zeitreise-durch-die-kaufmaennische-geschichte\\\/\",\"name\":\"Zeitreise durch die kaufm\u00e4nnische Geschichte - Organisator\",\"isPartOf\":{\"@id\":\"https:\\\/\\\/www.organisator.ch\\\/#website\"},\"primaryImageOfPage\":{\"@id\":\"https:\\\/\\\/www.organisator.ch\\\/weiterbildung\\\/2023-03-06\\\/zeitreise-durch-die-kaufmaennische-geschichte\\\/#primaryimage\"},\"image\":{\"@id\":\"https:\\\/\\\/www.organisator.ch\\\/weiterbildung\\\/2023-03-06\\\/zeitreise-durch-die-kaufmaennische-geschichte\\\/#primaryimage\"},\"thumbnailUrl\":\"https:\\\/\\\/www.organisator.ch\\\/wp-content\\\/uploads\\\/2023\\\/03\\\/Zeitreise-durch-die-kaufmaennische-Geschichte_Organisator.jpg\",\"datePublished\":\"2023-03-06T06:49:43+00:00\",\"description\":\"Die Kampagne \u00abbuerogeschichten.ch\u00bb ist eine Zeitreise durch die 150-j\u00e4hrige Geschichte des Kaufm\u00e4nnischen Verbands Schweiz.\",\"breadcrumb\":{\"@id\":\"https:\\\/\\\/www.organisator.ch\\\/weiterbildung\\\/2023-03-06\\\/zeitreise-durch-die-kaufmaennische-geschichte\\\/#breadcrumb\"},\"inLanguage\":\"de\",\"potentialAction\":[{\"@type\":\"ReadAction\",\"target\":[\"https:\\\/\\\/www.organisator.ch\\\/weiterbildung\\\/2023-03-06\\\/zeitreise-durch-die-kaufmaennische-geschichte\\\/\"]}]},{\"@type\":\"ImageObject\",\"inLanguage\":\"de\",\"@id\":\"https:\\\/\\\/www.organisator.ch\\\/weiterbildung\\\/2023-03-06\\\/zeitreise-durch-die-kaufmaennische-geschichte\\\/#primaryimage\",\"url\":\"https:\\\/\\\/www.organisator.ch\\\/wp-content\\\/uploads\\\/2023\\\/03\\\/Zeitreise-durch-die-kaufmaennische-Geschichte_Organisator.jpg\",\"contentUrl\":\"https:\\\/\\\/www.organisator.ch\\\/wp-content\\\/uploads\\\/2023\\\/03\\\/Zeitreise-durch-die-kaufmaennische-Geschichte_Organisator.jpg\",\"width\":680,\"height\":383,\"caption\":\"Eine eigens dazu gestaltete Website nimmt Interessierte mit auf eine Zeitreise durch 150 Jahre kaufm\u00e4nnische Geschichte. (Bild: Kaufm\u00e4nnischer Verband Schweiz)\"},{\"@type\":\"BreadcrumbList\",\"@id\":\"https:\\\/\\\/www.organisator.ch\\\/weiterbildung\\\/2023-03-06\\\/zeitreise-durch-die-kaufmaennische-geschichte\\\/#breadcrumb\",\"itemListElement\":[{\"@type\":\"ListItem\",\"position\":1,\"name\":\"Home\",\"item\":\"https:\\\/\\\/www.organisator.ch\\\/\"},{\"@type\":\"ListItem\",\"position\":2,\"name\":\"Zeitreise durch die kaufm\u00e4nnische Geschichte\"}]},{\"@type\":\"WebSite\",\"@id\":\"https:\\\/\\\/www.organisator.ch\\\/#website\",\"url\":\"https:\\\/\\\/www.organisator.ch\\\/\",\"name\":\"Organisator\",\"description\":\"Kompetent. Praxisnah. Der ORGANISATOR bereitet in 10 Ausgaben pro Jahr die wesentlichen Themen f\u00fcr F\u00fchrungskr\u00e4fte von KMU auf.\",\"publisher\":{\"@id\":\"https:\\\/\\\/www.organisator.ch\\\/#organization\"},\"potentialAction\":[{\"@type\":\"SearchAction\",\"target\":{\"@type\":\"EntryPoint\",\"urlTemplate\":\"https:\\\/\\\/www.organisator.ch\\\/?s={search_term_string}\"},\"query-input\":{\"@type\":\"PropertyValueSpecification\",\"valueRequired\":true,\"valueName\":\"search_term_string\"}}],\"inLanguage\":\"de\"},{\"@type\":\"Organization\",\"@id\":\"https:\\\/\\\/www.organisator.ch\\\/#organization\",\"name\":\"Organisator\",\"url\":\"https:\\\/\\\/www.organisator.ch\\\/\",\"logo\":{\"@type\":\"ImageObject\",\"inLanguage\":\"de\",\"@id\":\"https:\\\/\\\/www.organisator.ch\\\/#\\\/schema\\\/logo\\\/image\\\/\",\"url\":\"https:\\\/\\\/www.organisator.ch\\\/wp-content\\\/uploads\\\/2022\\\/01\\\/Logo_Organisator_Website.png\",\"contentUrl\":\"https:\\\/\\\/www.organisator.ch\\\/wp-content\\\/uploads\\\/2022\\\/01\\\/Logo_Organisator_Website.png\",\"width\":800,\"height\":77,\"caption\":\"Organisator\"},\"image\":{\"@id\":\"https:\\\/\\\/www.organisator.ch\\\/#\\\/schema\\\/logo\\\/image\\\/\"},\"sameAs\":[\"https:\\\/\\\/www.facebook.com\\\/OrganisatorFachmagazin\",\"https:\\\/\\\/www.linkedin.com\\\/showcase\\\/organisator-das-magazin-fr-kmu\",\"https:\\\/\\\/www.xing.com\\\/news\\\/pages\\\/organisator-ch-695\",\"https:\\\/\\\/www.youtube.com\\\/channel\\\/UCGP2Sq0iWaZwT3BdIAQFYpw\"]},{\"@type\":\"Person\",\"@id\":\"https:\\\/\\\/www.organisator.ch\\\/#\\\/schema\\\/person\\\/6f650f90b2842cd4c0cc334b4e36f67e\",\"name\":\"thomas.berner\",\"image\":{\"@type\":\"ImageObject\",\"inLanguage\":\"de\",\"@id\":\"https:\\\/\\\/secure.gravatar.com\\\/avatar\\\/ac5001d2a36cb6c6cd3e50789007ffca834b477b74a2144564522e944eabff61?s=96&d=mm&r=g\",\"url\":\"https:\\\/\\\/secure.gravatar.com\\\/avatar\\\/ac5001d2a36cb6c6cd3e50789007ffca834b477b74a2144564522e944eabff61?s=96&d=mm&r=g\",\"contentUrl\":\"https:\\\/\\\/secure.gravatar.com\\\/avatar\\\/ac5001d2a36cb6c6cd3e50789007ffca834b477b74a2144564522e944eabff61?s=96&d=mm&r=g\",\"caption\":\"thomas.berner\"},\"url\":\"https:\\\/\\\/www.organisator.ch\\\/de\\\/author\\\/thomas-berner\\\/\"}]}<\/script>\n<!-- \/ Yoast SEO plugin. -->","yoast_head_json":{"title":"Zeitreise durch die kaufm\u00e4nnische Geschichte - Organisator","description":"Die Kampagne \u00abbuerogeschichten.ch\u00bb ist eine Zeitreise durch die 150-j\u00e4hrige Geschichte des Kaufm\u00e4nnischen Verbands Schweiz.","robots":{"index":"index","follow":"follow","max-snippet":"max-snippet:-1","max-image-preview":"max-image-preview:large","max-video-preview":"max-video-preview:-1"},"canonical":"https:\/\/www.organisator.ch\/de\/weiterbildung\/2023-03-06\/zeitreise-durch-die-kaufmaennische-geschichte\/","og_locale":"de_DE","og_type":"article","og_title":"Zeitreise durch die kaufm\u00e4nnische Geschichte","og_description":"Die Kampagne \u00abbuerogeschichten.ch\u00bb ist eine Zeitreise durch die 150-j\u00e4hrige Geschichte des Kaufm\u00e4nnischen Verbands Schweiz.","og_url":"https:\/\/www.organisator.ch\/de\/weiterbildung\/2023-03-06\/zeitreise-durch-die-kaufmaennische-geschichte\/","og_site_name":"Organisator","article_publisher":"https:\/\/www.facebook.com\/OrganisatorFachmagazin","article_published_time":"2023-03-06T06:49:43+00:00","og_image":[{"width":680,"height":383,"url":"https:\/\/www.organisator.ch\/wp-content\/uploads\/2023\/03\/Zeitreise-durch-die-kaufmaennische-Geschichte_Organisator.jpg","type":"image\/jpeg"}],"author":"thomas.berner","twitter_card":"summary_large_image","twitter_title":"#Zeitreise durch die kaufm\u00e4nnische #Geschichte","twitter_description":"Die #Kampagne \u00ab#buerogeschichten.ch\u00bb ist eine #Zeitreise durch die 150-j\u00e4hrige #Geschichte des Kaufm\u00e4nnischen Verbands Schweiz.","twitter_image":"https:\/\/www.organisator.ch\/wp-content\/uploads\/2023\/03\/Zeitreise-durch-die-kaufmaennische-Geschichte_Organisator.jpg","schema":{"@context":"https:\/\/schema.org","@graph":[{"@type":"Article","@id":"https:\/\/www.organisator.ch\/weiterbildung\/2023-03-06\/zeitreise-durch-die-kaufmaennische-geschichte\/#article","isPartOf":{"@id":"https:\/\/www.organisator.ch\/weiterbildung\/2023-03-06\/zeitreise-durch-die-kaufmaennische-geschichte\/"},"author":{"name":"thomas.berner","@id":"https:\/\/www.organisator.ch\/#\/schema\/person\/6f650f90b2842cd4c0cc334b4e36f67e"},"headline":"Zeitreise durch die kaufm\u00e4nnische Geschichte","datePublished":"2023-03-06T06:49:43+00:00","mainEntityOfPage":{"@id":"https:\/\/www.organisator.ch\/weiterbildung\/2023-03-06\/zeitreise-durch-die-kaufmaennische-geschichte\/"},"wordCount":409,"publisher":{"@id":"https:\/\/www.organisator.ch\/#organization"},"image":{"@id":"https:\/\/www.organisator.ch\/weiterbildung\/2023-03-06\/zeitreise-durch-die-kaufmaennische-geschichte\/#primaryimage"},"thumbnailUrl":"https:\/\/www.organisator.ch\/wp-content\/uploads\/2023\/03\/Zeitreise-durch-die-kaufmaennische-Geschichte_Organisator.jpg","keywords":["Geschichte","Jubil\u00e4um","Verb\u00e4nde"],"articleSection":["WEITERBILDUNG"],"inLanguage":"de"},{"@type":"WebPage","@id":"https:\/\/www.organisator.ch\/weiterbildung\/2023-03-06\/zeitreise-durch-die-kaufmaennische-geschichte\/","url":"https:\/\/www.organisator.ch\/weiterbildung\/2023-03-06\/zeitreise-durch-die-kaufmaennische-geschichte\/","name":"Zeitreise durch die kaufm\u00e4nnische Geschichte - Organisator","isPartOf":{"@id":"https:\/\/www.organisator.ch\/#website"},"primaryImageOfPage":{"@id":"https:\/\/www.organisator.ch\/weiterbildung\/2023-03-06\/zeitreise-durch-die-kaufmaennische-geschichte\/#primaryimage"},"image":{"@id":"https:\/\/www.organisator.ch\/weiterbildung\/2023-03-06\/zeitreise-durch-die-kaufmaennische-geschichte\/#primaryimage"},"thumbnailUrl":"https:\/\/www.organisator.ch\/wp-content\/uploads\/2023\/03\/Zeitreise-durch-die-kaufmaennische-Geschichte_Organisator.jpg","datePublished":"2023-03-06T06:49:43+00:00","description":"Die Kampagne \u00abbuerogeschichten.ch\u00bb ist eine Zeitreise durch die 150-j\u00e4hrige Geschichte des Kaufm\u00e4nnischen Verbands Schweiz.","breadcrumb":{"@id":"https:\/\/www.organisator.ch\/weiterbildung\/2023-03-06\/zeitreise-durch-die-kaufmaennische-geschichte\/#breadcrumb"},"inLanguage":"de","potentialAction":[{"@type":"ReadAction","target":["https:\/\/www.organisator.ch\/weiterbildung\/2023-03-06\/zeitreise-durch-die-kaufmaennische-geschichte\/"]}]},{"@type":"ImageObject","inLanguage":"de","@id":"https:\/\/www.organisator.ch\/weiterbildung\/2023-03-06\/zeitreise-durch-die-kaufmaennische-geschichte\/#primaryimage","url":"https:\/\/www.organisator.ch\/wp-content\/uploads\/2023\/03\/Zeitreise-durch-die-kaufmaennische-Geschichte_Organisator.jpg","contentUrl":"https:\/\/www.organisator.ch\/wp-content\/uploads\/2023\/03\/Zeitreise-durch-die-kaufmaennische-Geschichte_Organisator.jpg","width":680,"height":383,"caption":"Eine eigens dazu gestaltete Website nimmt Interessierte mit auf eine Zeitreise durch 150 Jahre kaufm\u00e4nnische Geschichte. (Bild: Kaufm\u00e4nnischer Verband Schweiz)"},{"@type":"BreadcrumbList","@id":"https:\/\/www.organisator.ch\/weiterbildung\/2023-03-06\/zeitreise-durch-die-kaufmaennische-geschichte\/#breadcrumb","itemListElement":[{"@type":"ListItem","position":1,"name":"Home","item":"https:\/\/www.organisator.ch\/"},{"@type":"ListItem","position":2,"name":"Zeitreise durch die kaufm\u00e4nnische Geschichte"}]},{"@type":"WebSite","@id":"https:\/\/www.organisator.ch\/#website","url":"https:\/\/www.organisator.ch\/","name":"Organisator","description":"Kompetent. Praxisnah. Der ORGANISATOR bereitet in 10 Ausgaben pro Jahr die wesentlichen Themen f\u00fcr F\u00fchrungskr\u00e4fte von KMU auf.","publisher":{"@id":"https:\/\/www.organisator.ch\/#organization"},"potentialAction":[{"@type":"SearchAction","target":{"@type":"EntryPoint","urlTemplate":"https:\/\/www.organisator.ch\/?s={search_term_string}"},"query-input":{"@type":"PropertyValueSpecification","valueRequired":true,"valueName":"search_term_string"}}],"inLanguage":"de"},{"@type":"Organization","@id":"https:\/\/www.organisator.ch\/#organization","name":"Organisator","url":"https:\/\/www.organisator.ch\/","logo":{"@type":"ImageObject","inLanguage":"de","@id":"https:\/\/www.organisator.ch\/#\/schema\/logo\/image\/","url":"https:\/\/www.organisator.ch\/wp-content\/uploads\/2022\/01\/Logo_Organisator_Website.png","contentUrl":"https:\/\/www.organisator.ch\/wp-content\/uploads\/2022\/01\/Logo_Organisator_Website.png","width":800,"height":77,"caption":"Organisator"},"image":{"@id":"https:\/\/www.organisator.ch\/#\/schema\/logo\/image\/"},"sameAs":["https:\/\/www.facebook.com\/OrganisatorFachmagazin","https:\/\/www.linkedin.com\/showcase\/organisator-das-magazin-fr-kmu","https:\/\/www.xing.com\/news\/pages\/organisator-ch-695","https:\/\/www.youtube.com\/channel\/UCGP2Sq0iWaZwT3BdIAQFYpw"]},{"@type":"Person","@id":"https:\/\/www.organisator.ch\/#\/schema\/person\/6f650f90b2842cd4c0cc334b4e36f67e","name":"thomas.berner","image":{"@type":"ImageObject","inLanguage":"de","@id":"https:\/\/secure.gravatar.com\/avatar\/ac5001d2a36cb6c6cd3e50789007ffca834b477b74a2144564522e944eabff61?s=96&d=mm&r=g","url":"https:\/\/secure.gravatar.com\/avatar\/ac5001d2a36cb6c6cd3e50789007ffca834b477b74a2144564522e944eabff61?s=96&d=mm&r=g","contentUrl":"https:\/\/secure.gravatar.com\/avatar\/ac5001d2a36cb6c6cd3e50789007ffca834b477b74a2144564522e944eabff61?s=96&d=mm&r=g","caption":"thomas.berner"},"url":"https:\/\/www.organisator.ch\/de\/author\/thomas-berner\/"}]}},"_links":{"self":[{"href":"https:\/\/www.organisator.ch\/de\/wp-json\/wp\/v2\/posts\/19183","targetHints":{"allow":["GET"]}}],"collection":[{"href":"https:\/\/www.organisator.ch\/de\/wp-json\/wp\/v2\/posts"}],"about":[{"href":"https:\/\/www.organisator.ch\/de\/wp-json\/wp\/v2\/types\/post"}],"author":[{"embeddable":true,"href":"https:\/\/www.organisator.ch\/de\/wp-json\/wp\/v2\/users\/4"}],"replies":[{"embeddable":true,"href":"https:\/\/www.organisator.ch\/de\/wp-json\/wp\/v2\/comments?post=19183"}],"version-history":[{"count":1,"href":"https:\/\/www.organisator.ch\/de\/wp-json\/wp\/v2\/posts\/19183\/revisions"}],"predecessor-version":[{"id":19185,"href":"https:\/\/www.organisator.ch\/de\/wp-json\/wp\/v2\/posts\/19183\/revisions\/19185"}],"wp:featuredmedia":[{"embeddable":true,"href":"https:\/\/www.organisator.ch\/de\/wp-json\/wp\/v2\/media\/19184"}],"wp:attachment":[{"href":"https:\/\/www.organisator.ch\/de\/wp-json\/wp\/v2\/media?parent=19183"}],"wp:term":[{"taxonomy":"category","embeddable":true,"href":"https:\/\/www.organisator.ch\/de\/wp-json\/wp\/v2\/categories?post=19183"},{"taxonomy":"post_tag","embeddable":true,"href":"https:\/\/www.organisator.ch\/de\/wp-json\/wp\/v2\/tags?post=19183"}],"curies":[{"name":"wp","href":"https:\/\/api.w.org\/{rel}","templated":true}]}}