{"id":1920,"date":"2017-05-12T11:25:40","date_gmt":"2017-05-12T09:25:40","guid":{"rendered":"https:\/\/www.organisator.ch\/?p=1920"},"modified":"2017-05-12T11:25:40","modified_gmt":"2017-05-12T09:25:40","slug":"digitalisierung-kmu-leiden-unter-kapitalmangel-fuer-investitionen","status":"publish","type":"post","link":"https:\/\/www.organisator.ch\/de\/allgemein\/2017-05-12\/digitalisierung-kmu-leiden-unter-kapitalmangel-fuer-investitionen\/","title":{"rendered":"Digitalisierung: KMU leiden unter Kapitalmangel f\u00fcr Investitionen"},"content":{"rendered":"<figure id=\"attachment_1921\" aria-describedby=\"caption-attachment-1921\" style=\"width: 640px\" class=\"wp-caption alignnone\"><img loading=\"lazy\" decoding=\"async\" class=\"size-full wp-image-1921\" src=\"https:\/\/www.organisator.ch\/wp-content\/uploads\/2017\/05\/Digitalisierung-KMU-leiden-unter-Kapitalmangel-fuer-Investitionen_Organisator.jpg\" alt=\"\" width=\"640\" height=\"426\" srcset=\"https:\/\/www.organisator.ch\/wp-content\/uploads\/2017\/05\/Digitalisierung-KMU-leiden-unter-Kapitalmangel-fuer-Investitionen_Organisator.jpg 640w, https:\/\/www.organisator.ch\/wp-content\/uploads\/2017\/05\/Digitalisierung-KMU-leiden-unter-Kapitalmangel-fuer-Investitionen_Organisator-16x12.jpg 16w, https:\/\/www.organisator.ch\/wp-content\/uploads\/2017\/05\/Digitalisierung-KMU-leiden-unter-Kapitalmangel-fuer-Investitionen_Organisator-263x175.jpg 263w, https:\/\/www.organisator.ch\/wp-content\/uploads\/2017\/05\/Digitalisierung-KMU-leiden-unter-Kapitalmangel-fuer-Investitionen_Organisator-526x350.jpg 526w, https:\/\/www.organisator.ch\/wp-content\/uploads\/2017\/05\/Digitalisierung-KMU-leiden-unter-Kapitalmangel-fuer-Investitionen_Organisator-300x200.jpg 300w\" sizes=\"auto, (max-width: 640px) 100vw, 640px\" \/><figcaption id=\"caption-attachment-1921\" class=\"wp-caption-text\">Digitalisierung &#8211; wie etwa die Entwicklung von Robotern &#8211; kostet Geld, doch KMU leiden unter Kapitalmangel. (Foto: PD \/ Swissmechanic \/ Marc-Steffen Unger)<\/figcaption><\/figure>\n<p>Umfragen von Swissmechanic\/FHS St.Gallen und Ernst &amp; Young best\u00e4tigen den Kapitalmangel als gr\u00f6sste H\u00fcrde der KMU-Digitalisierung. Nichtsdestotrotz zeigen Schweizer KMU ein \u00fcberdurchschnittliches Engagement und einen \u00fcberdurchschnittlichen Umsetzungswillen, wenn es um Digitalisierung und Industrie 4.0 geht, wie es in einer j\u00fcngst ver\u00f6ffentlichten Mitteilung heisst. \u00dcber 70 % der Schweizer Industrieunternehmen h\u00e4tten Prozessoptimierung und Automation bereits umgesetzt, \u00fcber 63 % w\u00fcrden weitere Innovationen forcieren, besagt die Befragung. Motivation\u00a0sei bei vielen KMU der schiere \u00dcberlebenswille und der Kampf um Margen in einem sehr gut aufgestellten Umfeld \u201eExtra Helvetia\u201c: Der Euro wird durch eine expansive Geldpolitik immer g\u00fcnstiger, die Nachbarl\u00e4nder f\u00f6rdern aktiv die eigene Industrie, dort steigen Exporte, Umsatz und &#8211; im Gefolge der erzielten Gewinne &#8211; die Reinvestitionen. Das internationale Marktmachtgef\u00fcge verschiebt sich zu Ungunsten der Schweizer Elektro-, Metall- und Uhrenindustrie sowie des Schweizer Maschinenbaus. &#8222;Hier, auf dem internationalen Schlachtfeld der Digitalisierung, k\u00e4mpft das Schweizer KMU sozusagen mit einem Sackmesser gegen eine gut ger\u00fcstete \u00dcbermacht&#8220;, schreibt Swissmechanic.<\/p>\n<p><strong>Eingeschr\u00e4nkte Investitionsm\u00f6glichkeiten wegen Kapitalmangel<\/strong><\/p>\n<p>Die aktuellen Umfrageergebnisse von Swissmechanic\/FHS St.Gallen und die von Ernst &amp;Young zeigen alle die gleiche Lage der Industrie-KMU Schweiz: Die Unternehmer sind an sich willens und technisch in der Lage, digitalisierte Prozesse zu implementieren. Jedoch sind ihre Investitionsm\u00f6glichkeiten derart eingeschr\u00e4nkt, dass sie ihr Digitalisierungspotential trotzdem pessimistisch einsch\u00e4tzen. Nach zwei schwachen Export- und Ertragsjahren durch den starken Franken sind die Reserven aufgebraucht und die Budgets f\u00fcr Neuinvestitionen ersch\u00f6pft. In der Umfrage, die Swissmechanic zusammen mit der FHS St.Gallen durchf\u00fchrte und woran 200 Mitgliedsunternehmen von Swissmechanic teilnahmen, bezeichnen 51 % ihre Ertragslage als \u201enicht befriedigend\u201c. 40 % haben Schwierigkeiten bei neuen Gesch\u00e4ftsmodellen und Strategien, weitere 42 % bei der Digitalisierung und Automatisierung der Produktion. Genau hier, bei den Kernst\u00fccken der Digitalisierung, liegen f\u00fcr KMU die gr\u00f6ssten Hindernisse. Denn hier ist eine weitere Optimierung sehr kostenintensiv bzw. das verarbeitende Gewerbe hat immanent hohe Investitionskosten bei der Digitalisierung und Automation der Produktion.<\/p>\n<p>Dieser Befund findet im Ernst &amp; Young-Unternehmensbarometer 2017 Unterst\u00fctzung. Auf die Frage, ob die Industrieunternehmen den Wunsch h\u00e4tten, mehr zu investieren, antworteten 31 % mit Ja. Weiter gaben 17 % aller Industrieunternehmen &#8211; KMU wie Grossunternehmen &#8211; an, dass sie aufgrund von Kapitalmangel nicht (mehr) in die Digitalisierung investieren k\u00f6nnen.<\/p>\n<p><strong>Digitalisierung auf den Boden gebracht<\/strong><\/p>\n<p>Somit scheitert die weitere Inangriffnahme der Digitalisierung f\u00fcr viele KMU an der Verf\u00fcgbarkeit von Investitionskapital. Ein teurer Neuerwerb von Maschinen und die Aufr\u00fcstung bereits bestehender Maschinen und Anlagen sind l\u00e4ngst \u00fcberf\u00e4llig. Daf\u00fcr sind robuste Massnahmen n\u00f6tig, sonst wird die Chance der Digitalisierung f\u00fcr die Schweizer KMU verpasst.<\/p>\n<p>Swissmechanic f\u00fchrt deshalb am 14.09.2017 den Business Day in der Messe Luzern durch. Namhafte Vertreter aus Politik, Wirtschaft, Finanzen, Fintech und Industrie 4.0\u00a0werden dort\u00a0\u00fcber das Thema \u201eDigitalisierung auf den Boden gebracht\u201c diskutieren. Es geht dabei um Innovation, die Finanzierung und die konkrete Umsetzung der Digitalisierung f\u00fcr KMU. \u00dcber die L\u00f6sungsans\u00e4tze referieren und debattieren auf dem Podium: Gerhard Pfister (Pr\u00e4sident CVP Schweiz), Ruedi Noser (St\u00e4nderat FDP), Prof. Dr. Peter Jaeschke (FHS St.Gallen), Otto Hofstetter (Hofstetter AG), Dr. Niklas Kramer (Sandvick AG) und Roland Goethe (Goethe AG, Pr\u00e4sident Swissmechanic Schweiz), Patrick Berhalter (Berhalter AG), Prof. Dr. Christian Thiel (FHS St.Gallen), Christian Frei (InspiredView Ltd), Andreas Rauch (GF), Alwin Meyer (Swisspeers) und viele mehr.<\/p>\n<p><em>Weitere Informationen zum Business Day: <a href=\"http:\/\/www.swissmechanic-businessday.ch\">www.swissmechanic-businessday.ch<\/a>.<\/em><\/p>\n","protected":false},"excerpt":{"rendered":"<p>Umfragen von Swissmechanic\/FHS St.Gallen und Ernst &amp; Young best\u00e4tigen den Kapitalmangel als gr\u00f6sste H\u00fcrde der KMU-Digitalisierung. Nichtsdestotrotz zeigen Schweizer KMU ein \u00fcberdurchschnittliches Engagement und einen \u00fcberdurchschnittlichen Umsetzungswillen, wenn es um Digitalisierung und Industrie 4.0 geht, wie es in einer j\u00fcngst ver\u00f6ffentlichten Mitteilung heisst. \u00dcber 70 % der Schweizer Industrieunternehmen h\u00e4tten Prozessoptimierung und Automation bereits umgesetzt, [&hellip;]<\/p>\n","protected":false},"author":4,"featured_media":1921,"comment_status":"open","ping_status":"open","sticky":false,"template":"","format":"standard","meta":{"_acf_changed":false,"_yoast_wpseo_focuskw":"Kapitalmangel","_yoast_wpseo_metadesc":"Aktuelle Umfragen von Swissmechanic\/FHS St.Gallen und Ernst & Young best\u00e4tigen Kapitalmangel als gr\u00f6sste H\u00fcrde der KMU-Digitalisierung.","articlekey":"","footnotes":""},"categories":[1],"tags":[156,202,340,531],"class_list":["post-1920","post","type-post","status-publish","format-standard","has-post-thumbnail","hentry","category-allgemein","tag-digitalisierung","tag-finanzenrecht","tag-maerkte","tag-wirtschaftspolitik"],"acf":[],"yoast_head":"<!-- This site is optimized with the Yoast SEO plugin v27.5 - https:\/\/yoast.com\/product\/yoast-seo-wordpress\/ -->\n<title>Digitalisierung: KMU leiden unter Kapitalmangel f\u00fcr Investitionen - Organisator<\/title>\n<meta name=\"description\" content=\"Aktuelle Umfragen von Swissmechanic\/FHS St.Gallen und Ernst &amp; Young best\u00e4tigen Kapitalmangel als gr\u00f6sste H\u00fcrde der KMU-Digitalisierung.\" \/>\n<meta name=\"robots\" content=\"index, follow, max-snippet:-1, max-image-preview:large, max-video-preview:-1\" \/>\n<link rel=\"canonical\" href=\"https:\/\/www.organisator.ch\/de\/allgemein\/2017-05-12\/digitalisierung-kmu-leiden-unter-kapitalmangel-fuer-investitionen\/\" \/>\n<meta property=\"og:locale\" content=\"de_DE\" \/>\n<meta property=\"og:type\" content=\"article\" \/>\n<meta property=\"og:title\" content=\"Digitalisierung: KMU leiden unter Kapitalmangel f\u00fcr Investitionen\" \/>\n<meta property=\"og:description\" content=\"Aktuelle Umfragen von #Swissmechanic\/FHS St.Gallen und Ernst &amp; Young best\u00e4tigen Kapitalmangel als gr\u00f6sste H\u00fcrde der #KMU-Digitalisierung. Engagement und Umsetzungswille hinsichtlich Digitalisierung haben das Limit erreicht.\" \/>\n<meta property=\"og:url\" content=\"https:\/\/www.organisator.ch\/de\/allgemein\/2017-05-12\/digitalisierung-kmu-leiden-unter-kapitalmangel-fuer-investitionen\/\" \/>\n<meta property=\"og:site_name\" content=\"Organisator\" \/>\n<meta property=\"article:publisher\" content=\"https:\/\/www.facebook.com\/OrganisatorFachmagazin\" \/>\n<meta property=\"article:published_time\" content=\"2017-05-12T09:25:40+00:00\" \/>\n<meta property=\"og:image\" content=\"https:\/\/www.organisator.ch\/wp-content\/uploads\/2017\/05\/Digitalisierung-KMU-leiden-unter-Kapitalmangel-fuer-Investitionen_Organisator.jpg\" \/>\n\t<meta property=\"og:image:width\" content=\"640\" \/>\n\t<meta property=\"og:image:height\" content=\"426\" \/>\n\t<meta property=\"og:image:type\" content=\"image\/jpeg\" \/>\n<meta name=\"author\" content=\"thomas.berner\" \/>\n<meta name=\"twitter:card\" content=\"summary_large_image\" \/>\n<meta name=\"twitter:title\" content=\"#Digitalisierung: KMU leiden unter #Kapitalmangel f\u00fcr #Investitionen\" \/>\n<meta name=\"twitter:description\" content=\"Aktuelle Umfragen von #Swissmechanic\/FHS St.Gallen und #EY Ernst &amp; Young best\u00e4tigen Kapitalmangel als gr\u00f6sste H\u00fcrde der #KMU-Digitalisierung. Engagement und Umsetzungswille hinsichtlich Digitalisierung haben das Limit erreicht\" \/>\n<meta name=\"twitter:image\" content=\"https:\/\/www.organisator.ch\/wp-content\/uploads\/2017\/05\/Digitalisierung-KMU-leiden-unter-Kapitalmangel-f\u00fcr-Investitionen_Organisator.jpg\" \/>\n<script type=\"application\/ld+json\" class=\"yoast-schema-graph\">{\"@context\":\"https:\\\/\\\/schema.org\",\"@graph\":[{\"@type\":\"Article\",\"@id\":\"https:\\\/\\\/www.organisator.ch\\\/it\\\/generale\\\/2017-05-12\\\/digitalisierung-kmu-leiden-unter-kapitalmangel-fuer-investitionen\\\/#article\",\"isPartOf\":{\"@id\":\"https:\\\/\\\/www.organisator.ch\\\/it\\\/generale\\\/2017-05-12\\\/digitalisierung-kmu-leiden-unter-kapitalmangel-fuer-investitionen\\\/\"},\"author\":{\"name\":\"thomas.berner\",\"@id\":\"https:\\\/\\\/www.organisator.ch\\\/#\\\/schema\\\/person\\\/6f650f90b2842cd4c0cc334b4e36f67e\"},\"headline\":\"Digitalisierung: KMU leiden unter Kapitalmangel f\u00fcr Investitionen\",\"datePublished\":\"2017-05-12T09:25:40+00:00\",\"mainEntityOfPage\":{\"@id\":\"https:\\\/\\\/www.organisator.ch\\\/it\\\/generale\\\/2017-05-12\\\/digitalisierung-kmu-leiden-unter-kapitalmangel-fuer-investitionen\\\/\"},\"wordCount\":598,\"commentCount\":0,\"publisher\":{\"@id\":\"https:\\\/\\\/www.organisator.ch\\\/#organization\"},\"image\":{\"@id\":\"https:\\\/\\\/www.organisator.ch\\\/it\\\/generale\\\/2017-05-12\\\/digitalisierung-kmu-leiden-unter-kapitalmangel-fuer-investitionen\\\/#primaryimage\"},\"thumbnailUrl\":\"https:\\\/\\\/www.organisator.ch\\\/wp-content\\\/uploads\\\/2017\\\/05\\\/Digitalisierung-KMU-leiden-unter-Kapitalmangel-fuer-Investitionen_Organisator.jpg\",\"keywords\":[\"Digitalisierung\",\"Finanzen\\\/Recht\",\"M\u00e4rkte\",\"Wirtschaftspolitik\"],\"inLanguage\":\"de\"},{\"@type\":\"WebPage\",\"@id\":\"https:\\\/\\\/www.organisator.ch\\\/it\\\/generale\\\/2017-05-12\\\/digitalisierung-kmu-leiden-unter-kapitalmangel-fuer-investitionen\\\/\",\"url\":\"https:\\\/\\\/www.organisator.ch\\\/it\\\/generale\\\/2017-05-12\\\/digitalisierung-kmu-leiden-unter-kapitalmangel-fuer-investitionen\\\/\",\"name\":\"Digitalisierung: KMU leiden unter Kapitalmangel f\u00fcr Investitionen - Organisator\",\"isPartOf\":{\"@id\":\"https:\\\/\\\/www.organisator.ch\\\/#website\"},\"primaryImageOfPage\":{\"@id\":\"https:\\\/\\\/www.organisator.ch\\\/it\\\/generale\\\/2017-05-12\\\/digitalisierung-kmu-leiden-unter-kapitalmangel-fuer-investitionen\\\/#primaryimage\"},\"image\":{\"@id\":\"https:\\\/\\\/www.organisator.ch\\\/it\\\/generale\\\/2017-05-12\\\/digitalisierung-kmu-leiden-unter-kapitalmangel-fuer-investitionen\\\/#primaryimage\"},\"thumbnailUrl\":\"https:\\\/\\\/www.organisator.ch\\\/wp-content\\\/uploads\\\/2017\\\/05\\\/Digitalisierung-KMU-leiden-unter-Kapitalmangel-fuer-Investitionen_Organisator.jpg\",\"datePublished\":\"2017-05-12T09:25:40+00:00\",\"description\":\"Aktuelle Umfragen von Swissmechanic\\\/FHS St.Gallen und Ernst & Young best\u00e4tigen Kapitalmangel als gr\u00f6sste H\u00fcrde der KMU-Digitalisierung.\",\"breadcrumb\":{\"@id\":\"https:\\\/\\\/www.organisator.ch\\\/it\\\/generale\\\/2017-05-12\\\/digitalisierung-kmu-leiden-unter-kapitalmangel-fuer-investitionen\\\/#breadcrumb\"},\"inLanguage\":\"de\",\"potentialAction\":[{\"@type\":\"ReadAction\",\"target\":[\"https:\\\/\\\/www.organisator.ch\\\/it\\\/generale\\\/2017-05-12\\\/digitalisierung-kmu-leiden-unter-kapitalmangel-fuer-investitionen\\\/\"]}]},{\"@type\":\"ImageObject\",\"inLanguage\":\"de\",\"@id\":\"https:\\\/\\\/www.organisator.ch\\\/it\\\/generale\\\/2017-05-12\\\/digitalisierung-kmu-leiden-unter-kapitalmangel-fuer-investitionen\\\/#primaryimage\",\"url\":\"https:\\\/\\\/www.organisator.ch\\\/wp-content\\\/uploads\\\/2017\\\/05\\\/Digitalisierung-KMU-leiden-unter-Kapitalmangel-fuer-Investitionen_Organisator.jpg\",\"contentUrl\":\"https:\\\/\\\/www.organisator.ch\\\/wp-content\\\/uploads\\\/2017\\\/05\\\/Digitalisierung-KMU-leiden-unter-Kapitalmangel-fuer-Investitionen_Organisator.jpg\",\"width\":640,\"height\":426,\"caption\":\"Digitalisierung - wie etwa die Entwicklung von Robotern - kostet Geld. Doch KMU leiden unter Kapitalmangel. (Foto: PD \\\/ Swissmechanic \\\/ Marc-Steffen Unger)\"},{\"@type\":\"BreadcrumbList\",\"@id\":\"https:\\\/\\\/www.organisator.ch\\\/it\\\/generale\\\/2017-05-12\\\/digitalisierung-kmu-leiden-unter-kapitalmangel-fuer-investitionen\\\/#breadcrumb\",\"itemListElement\":[{\"@type\":\"ListItem\",\"position\":1,\"name\":\"Home\",\"item\":\"https:\\\/\\\/www.organisator.ch\\\/\"},{\"@type\":\"ListItem\",\"position\":2,\"name\":\"Digitalisierung: KMU leiden unter Kapitalmangel f\u00fcr Investitionen\"}]},{\"@type\":\"WebSite\",\"@id\":\"https:\\\/\\\/www.organisator.ch\\\/#website\",\"url\":\"https:\\\/\\\/www.organisator.ch\\\/\",\"name\":\"Organisator\",\"description\":\"Kompetent. Praxisnah. Der ORGANISATOR bereitet in 10 Ausgaben pro Jahr die wesentlichen Themen f\u00fcr F\u00fchrungskr\u00e4fte von KMU auf.\",\"publisher\":{\"@id\":\"https:\\\/\\\/www.organisator.ch\\\/#organization\"},\"potentialAction\":[{\"@type\":\"SearchAction\",\"target\":{\"@type\":\"EntryPoint\",\"urlTemplate\":\"https:\\\/\\\/www.organisator.ch\\\/?s={search_term_string}\"},\"query-input\":{\"@type\":\"PropertyValueSpecification\",\"valueRequired\":true,\"valueName\":\"search_term_string\"}}],\"inLanguage\":\"de\"},{\"@type\":\"Organization\",\"@id\":\"https:\\\/\\\/www.organisator.ch\\\/#organization\",\"name\":\"Organisator\",\"url\":\"https:\\\/\\\/www.organisator.ch\\\/\",\"logo\":{\"@type\":\"ImageObject\",\"inLanguage\":\"de\",\"@id\":\"https:\\\/\\\/www.organisator.ch\\\/#\\\/schema\\\/logo\\\/image\\\/\",\"url\":\"https:\\\/\\\/www.organisator.ch\\\/wp-content\\\/uploads\\\/2022\\\/01\\\/Logo_Organisator_Website.png\",\"contentUrl\":\"https:\\\/\\\/www.organisator.ch\\\/wp-content\\\/uploads\\\/2022\\\/01\\\/Logo_Organisator_Website.png\",\"width\":800,\"height\":77,\"caption\":\"Organisator\"},\"image\":{\"@id\":\"https:\\\/\\\/www.organisator.ch\\\/#\\\/schema\\\/logo\\\/image\\\/\"},\"sameAs\":[\"https:\\\/\\\/www.facebook.com\\\/OrganisatorFachmagazin\",\"https:\\\/\\\/www.linkedin.com\\\/showcase\\\/organisator-das-magazin-fr-kmu\",\"https:\\\/\\\/www.xing.com\\\/news\\\/pages\\\/organisator-ch-695\",\"https:\\\/\\\/www.youtube.com\\\/channel\\\/UCGP2Sq0iWaZwT3BdIAQFYpw\"]},{\"@type\":\"Person\",\"@id\":\"https:\\\/\\\/www.organisator.ch\\\/#\\\/schema\\\/person\\\/6f650f90b2842cd4c0cc334b4e36f67e\",\"name\":\"thomas.berner\",\"image\":{\"@type\":\"ImageObject\",\"inLanguage\":\"de\",\"@id\":\"https:\\\/\\\/secure.gravatar.com\\\/avatar\\\/ac5001d2a36cb6c6cd3e50789007ffca834b477b74a2144564522e944eabff61?s=96&d=mm&r=g\",\"url\":\"https:\\\/\\\/secure.gravatar.com\\\/avatar\\\/ac5001d2a36cb6c6cd3e50789007ffca834b477b74a2144564522e944eabff61?s=96&d=mm&r=g\",\"contentUrl\":\"https:\\\/\\\/secure.gravatar.com\\\/avatar\\\/ac5001d2a36cb6c6cd3e50789007ffca834b477b74a2144564522e944eabff61?s=96&d=mm&r=g\",\"caption\":\"thomas.berner\"},\"url\":\"https:\\\/\\\/www.organisator.ch\\\/de\\\/author\\\/thomas-berner\\\/\"}]}<\/script>\n<!-- \/ Yoast SEO plugin. -->","yoast_head_json":{"title":"Digitalisierung: KMU leiden unter Kapitalmangel f\u00fcr Investitionen - Organisator","description":"Aktuelle Umfragen von Swissmechanic\/FHS St.Gallen und Ernst & Young best\u00e4tigen Kapitalmangel als gr\u00f6sste H\u00fcrde der KMU-Digitalisierung.","robots":{"index":"index","follow":"follow","max-snippet":"max-snippet:-1","max-image-preview":"max-image-preview:large","max-video-preview":"max-video-preview:-1"},"canonical":"https:\/\/www.organisator.ch\/de\/allgemein\/2017-05-12\/digitalisierung-kmu-leiden-unter-kapitalmangel-fuer-investitionen\/","og_locale":"de_DE","og_type":"article","og_title":"Digitalisierung: KMU leiden unter Kapitalmangel f\u00fcr Investitionen","og_description":"Aktuelle Umfragen von #Swissmechanic\/FHS St.Gallen und Ernst & Young best\u00e4tigen Kapitalmangel als gr\u00f6sste H\u00fcrde der #KMU-Digitalisierung. Engagement und Umsetzungswille hinsichtlich Digitalisierung haben das Limit erreicht.","og_url":"https:\/\/www.organisator.ch\/de\/allgemein\/2017-05-12\/digitalisierung-kmu-leiden-unter-kapitalmangel-fuer-investitionen\/","og_site_name":"Organisator","article_publisher":"https:\/\/www.facebook.com\/OrganisatorFachmagazin","article_published_time":"2017-05-12T09:25:40+00:00","og_image":[{"width":640,"height":426,"url":"https:\/\/www.organisator.ch\/wp-content\/uploads\/2017\/05\/Digitalisierung-KMU-leiden-unter-Kapitalmangel-fuer-Investitionen_Organisator.jpg","type":"image\/jpeg"}],"author":"thomas.berner","twitter_card":"summary_large_image","twitter_title":"#Digitalisierung: KMU leiden unter #Kapitalmangel f\u00fcr #Investitionen","twitter_description":"Aktuelle Umfragen von #Swissmechanic\/FHS St.Gallen und #EY Ernst & Young best\u00e4tigen Kapitalmangel als gr\u00f6sste H\u00fcrde der #KMU-Digitalisierung. Engagement und Umsetzungswille hinsichtlich Digitalisierung haben das Limit erreicht","twitter_image":"https:\/\/www.organisator.ch\/wp-content\/uploads\/2017\/05\/Digitalisierung-KMU-leiden-unter-Kapitalmangel-f\u00fcr-Investitionen_Organisator.jpg","schema":{"@context":"https:\/\/schema.org","@graph":[{"@type":"Article","@id":"https:\/\/www.organisator.ch\/it\/generale\/2017-05-12\/digitalisierung-kmu-leiden-unter-kapitalmangel-fuer-investitionen\/#article","isPartOf":{"@id":"https:\/\/www.organisator.ch\/it\/generale\/2017-05-12\/digitalisierung-kmu-leiden-unter-kapitalmangel-fuer-investitionen\/"},"author":{"name":"thomas.berner","@id":"https:\/\/www.organisator.ch\/#\/schema\/person\/6f650f90b2842cd4c0cc334b4e36f67e"},"headline":"Digitalisierung: KMU leiden unter Kapitalmangel f\u00fcr Investitionen","datePublished":"2017-05-12T09:25:40+00:00","mainEntityOfPage":{"@id":"https:\/\/www.organisator.ch\/it\/generale\/2017-05-12\/digitalisierung-kmu-leiden-unter-kapitalmangel-fuer-investitionen\/"},"wordCount":598,"commentCount":0,"publisher":{"@id":"https:\/\/www.organisator.ch\/#organization"},"image":{"@id":"https:\/\/www.organisator.ch\/it\/generale\/2017-05-12\/digitalisierung-kmu-leiden-unter-kapitalmangel-fuer-investitionen\/#primaryimage"},"thumbnailUrl":"https:\/\/www.organisator.ch\/wp-content\/uploads\/2017\/05\/Digitalisierung-KMU-leiden-unter-Kapitalmangel-fuer-Investitionen_Organisator.jpg","keywords":["Digitalisierung","Finanzen\/Recht","M\u00e4rkte","Wirtschaftspolitik"],"inLanguage":"de"},{"@type":"WebPage","@id":"https:\/\/www.organisator.ch\/it\/generale\/2017-05-12\/digitalisierung-kmu-leiden-unter-kapitalmangel-fuer-investitionen\/","url":"https:\/\/www.organisator.ch\/it\/generale\/2017-05-12\/digitalisierung-kmu-leiden-unter-kapitalmangel-fuer-investitionen\/","name":"Digitalisierung: KMU leiden unter Kapitalmangel f\u00fcr Investitionen - Organisator","isPartOf":{"@id":"https:\/\/www.organisator.ch\/#website"},"primaryImageOfPage":{"@id":"https:\/\/www.organisator.ch\/it\/generale\/2017-05-12\/digitalisierung-kmu-leiden-unter-kapitalmangel-fuer-investitionen\/#primaryimage"},"image":{"@id":"https:\/\/www.organisator.ch\/it\/generale\/2017-05-12\/digitalisierung-kmu-leiden-unter-kapitalmangel-fuer-investitionen\/#primaryimage"},"thumbnailUrl":"https:\/\/www.organisator.ch\/wp-content\/uploads\/2017\/05\/Digitalisierung-KMU-leiden-unter-Kapitalmangel-fuer-Investitionen_Organisator.jpg","datePublished":"2017-05-12T09:25:40+00:00","description":"Aktuelle Umfragen von Swissmechanic\/FHS St.Gallen und Ernst & Young best\u00e4tigen Kapitalmangel als gr\u00f6sste H\u00fcrde der KMU-Digitalisierung.","breadcrumb":{"@id":"https:\/\/www.organisator.ch\/it\/generale\/2017-05-12\/digitalisierung-kmu-leiden-unter-kapitalmangel-fuer-investitionen\/#breadcrumb"},"inLanguage":"de","potentialAction":[{"@type":"ReadAction","target":["https:\/\/www.organisator.ch\/it\/generale\/2017-05-12\/digitalisierung-kmu-leiden-unter-kapitalmangel-fuer-investitionen\/"]}]},{"@type":"ImageObject","inLanguage":"de","@id":"https:\/\/www.organisator.ch\/it\/generale\/2017-05-12\/digitalisierung-kmu-leiden-unter-kapitalmangel-fuer-investitionen\/#primaryimage","url":"https:\/\/www.organisator.ch\/wp-content\/uploads\/2017\/05\/Digitalisierung-KMU-leiden-unter-Kapitalmangel-fuer-Investitionen_Organisator.jpg","contentUrl":"https:\/\/www.organisator.ch\/wp-content\/uploads\/2017\/05\/Digitalisierung-KMU-leiden-unter-Kapitalmangel-fuer-Investitionen_Organisator.jpg","width":640,"height":426,"caption":"Digitalisierung - wie etwa die Entwicklung von Robotern - kostet Geld. Doch KMU leiden unter Kapitalmangel. (Foto: PD \/ Swissmechanic \/ Marc-Steffen Unger)"},{"@type":"BreadcrumbList","@id":"https:\/\/www.organisator.ch\/it\/generale\/2017-05-12\/digitalisierung-kmu-leiden-unter-kapitalmangel-fuer-investitionen\/#breadcrumb","itemListElement":[{"@type":"ListItem","position":1,"name":"Home","item":"https:\/\/www.organisator.ch\/"},{"@type":"ListItem","position":2,"name":"Digitalisierung: KMU leiden unter Kapitalmangel f\u00fcr Investitionen"}]},{"@type":"WebSite","@id":"https:\/\/www.organisator.ch\/#website","url":"https:\/\/www.organisator.ch\/","name":"Organisator","description":"Kompetent. Praxisnah. Der ORGANISATOR bereitet in 10 Ausgaben pro Jahr die wesentlichen Themen f\u00fcr F\u00fchrungskr\u00e4fte von KMU auf.","publisher":{"@id":"https:\/\/www.organisator.ch\/#organization"},"potentialAction":[{"@type":"SearchAction","target":{"@type":"EntryPoint","urlTemplate":"https:\/\/www.organisator.ch\/?s={search_term_string}"},"query-input":{"@type":"PropertyValueSpecification","valueRequired":true,"valueName":"search_term_string"}}],"inLanguage":"de"},{"@type":"Organization","@id":"https:\/\/www.organisator.ch\/#organization","name":"Organisator","url":"https:\/\/www.organisator.ch\/","logo":{"@type":"ImageObject","inLanguage":"de","@id":"https:\/\/www.organisator.ch\/#\/schema\/logo\/image\/","url":"https:\/\/www.organisator.ch\/wp-content\/uploads\/2022\/01\/Logo_Organisator_Website.png","contentUrl":"https:\/\/www.organisator.ch\/wp-content\/uploads\/2022\/01\/Logo_Organisator_Website.png","width":800,"height":77,"caption":"Organisator"},"image":{"@id":"https:\/\/www.organisator.ch\/#\/schema\/logo\/image\/"},"sameAs":["https:\/\/www.facebook.com\/OrganisatorFachmagazin","https:\/\/www.linkedin.com\/showcase\/organisator-das-magazin-fr-kmu","https:\/\/www.xing.com\/news\/pages\/organisator-ch-695","https:\/\/www.youtube.com\/channel\/UCGP2Sq0iWaZwT3BdIAQFYpw"]},{"@type":"Person","@id":"https:\/\/www.organisator.ch\/#\/schema\/person\/6f650f90b2842cd4c0cc334b4e36f67e","name":"thomas.berner","image":{"@type":"ImageObject","inLanguage":"de","@id":"https:\/\/secure.gravatar.com\/avatar\/ac5001d2a36cb6c6cd3e50789007ffca834b477b74a2144564522e944eabff61?s=96&d=mm&r=g","url":"https:\/\/secure.gravatar.com\/avatar\/ac5001d2a36cb6c6cd3e50789007ffca834b477b74a2144564522e944eabff61?s=96&d=mm&r=g","contentUrl":"https:\/\/secure.gravatar.com\/avatar\/ac5001d2a36cb6c6cd3e50789007ffca834b477b74a2144564522e944eabff61?s=96&d=mm&r=g","caption":"thomas.berner"},"url":"https:\/\/www.organisator.ch\/de\/author\/thomas-berner\/"}]}},"_links":{"self":[{"href":"https:\/\/www.organisator.ch\/de\/wp-json\/wp\/v2\/posts\/1920","targetHints":{"allow":["GET"]}}],"collection":[{"href":"https:\/\/www.organisator.ch\/de\/wp-json\/wp\/v2\/posts"}],"about":[{"href":"https:\/\/www.organisator.ch\/de\/wp-json\/wp\/v2\/types\/post"}],"author":[{"embeddable":true,"href":"https:\/\/www.organisator.ch\/de\/wp-json\/wp\/v2\/users\/4"}],"replies":[{"embeddable":true,"href":"https:\/\/www.organisator.ch\/de\/wp-json\/wp\/v2\/comments?post=1920"}],"version-history":[{"count":0,"href":"https:\/\/www.organisator.ch\/de\/wp-json\/wp\/v2\/posts\/1920\/revisions"}],"wp:featuredmedia":[{"embeddable":true,"href":"https:\/\/www.organisator.ch\/de\/wp-json\/wp\/v2\/media\/1921"}],"wp:attachment":[{"href":"https:\/\/www.organisator.ch\/de\/wp-json\/wp\/v2\/media?parent=1920"}],"wp:term":[{"taxonomy":"category","embeddable":true,"href":"https:\/\/www.organisator.ch\/de\/wp-json\/wp\/v2\/categories?post=1920"},{"taxonomy":"post_tag","embeddable":true,"href":"https:\/\/www.organisator.ch\/de\/wp-json\/wp\/v2\/tags?post=1920"}],"curies":[{"name":"wp","href":"https:\/\/api.w.org\/{rel}","templated":true}]}}