{"id":19281,"date":"2023-03-14T09:48:46","date_gmt":"2023-03-14T08:48:46","guid":{"rendered":"https:\/\/www.werbewoche.ch\/?p=194591"},"modified":"2024-11-18T09:12:02","modified_gmt":"2024-11-18T08:12:02","slug":"scholtysik-modernisiert-den-law-brand-thouvenin","status":"publish","type":"post","link":"https:\/\/www.organisator.ch\/de\/marketing\/2023-03-14\/scholtysik-modernisiert-den-law-brand-thouvenin\/","title":{"rendered":"Scholtysik modernisiert den Law-Brand Thouvenin"},"content":{"rendered":"<p><img class=\"aligncenter wp-image-194597 size-full\" src=\"https:\/\/www.werbewoche.ch\/wp-content\/uploads\/2023\/03\/scholtysik_thouvenin_rebranding_logo_16x9.jpg\" alt=\"Thouvenin\" width=\"1200\" height=\"675\" \/>Zum 40-j\u00e4hrigen Bestehen richtet Thouvenin den Blick nach vorn: Scholtysik verk\u00fcrzt den Markennamen von \u00abThouvenin Rechtsanw\u00e4lte\u00bb zu Thouvenin und modernisiert das Design mit aktiven Farben, kr\u00e4ftigerer Schrift und konsequenter Reduktion auf das Wesentliche. Ziel der Auffrischung ist, dem differenzierenden unternehmerischen Ansatz der Wirtschaftskanzlei einen zeitgem\u00e4ssen und zukunftsgerichteten Ausdruck zu verleihen.<\/p>\r\n<h3><strong>Mehr Impact<\/strong><\/h3>\r\n<p>Der verk\u00fcrzte Name Thouvenin ist sprachunabh\u00e4ngig und soll der internationalen, ausschliesslich englischsprachigen Fachkommunikation besser gerecht werden. Ausserdem soll das kraftvolle Design in kompakten Social-Media-Formaten deutlich mehr Wirkung erzeugen.<\/p>\r\n<p><a href=\"https:\/\/www.werbewoche.ch\/wp-content\/uploads\/2023\/03\/scholtysik_thouvenin_website_tablet_16x9.jpg\"><img class=\"attachment-full size-full\" src=\"https:\/\/www.werbewoche.ch\/wp-content\/uploads\/2023\/03\/scholtysik_thouvenin_website_tablet_16x9.jpg\" alt=\"\" width=\"1200\" height=\"675\" \/><\/a> <a href=\"https:\/\/www.werbewoche.ch\/wp-content\/uploads\/2023\/03\/scholtysik_thouvenin_website_mobile_16x9.jpg\"><img class=\"attachment-full size-full\" src=\"https:\/\/www.werbewoche.ch\/wp-content\/uploads\/2023\/03\/scholtysik_thouvenin_website_mobile_16x9.jpg\" alt=\"\" width=\"1200\" height=\"675\" \/><\/a> <a href=\"https:\/\/www.werbewoche.ch\/wp-content\/uploads\/2023\/03\/scholtysik_thouvenin_anzeige_16x9.jpg\"><img class=\"attachment-full size-full\" src=\"https:\/\/www.werbewoche.ch\/wp-content\/uploads\/2023\/03\/scholtysik_thouvenin_anzeige_16x9.jpg\" alt=\"\" width=\"1200\" height=\"675\" \/><\/a><\/p>\r\n<p>Die Drohnen-Aufnahmen der Metropolregion Z\u00fcrich \u2013 das bisher augenf\u00e4lligste Element im Auftritt von Thouvenin \u2013 wird auch im neuen Erscheinungsbild konsequent weitergezogen. Mithilfe von Google Maps ermitteln die Designer und Fotografen von Scholtysik real existierende Bildkompositionen, eruieren die beste Tages- oder Nachtzeit f\u00fcr ideale Lichtverh\u00e4ltnisse und filmen diese mittels Drohne f\u00fcr statische und bewegte Anwendungen. Scholtysik hatte das Bildkonzept \u00abZurich-Birdview\u00bb bereits vor einigen Jahren f\u00fcr Thouvenin entwickelt und damit eigenen Angaben zufolge die Wahrnehmung und Wiedererkennung der Kanzlei in der Branche massiv gesteigert.<\/p>\r\n<p><a href=\"https:\/\/www.werbewoche.ch\/wp-content\/uploads\/2023\/03\/scholtysik_thouvenin_bildkonzept_16x9_04.jpg\"><img class=\"attachment-full size-full\" src=\"https:\/\/www.werbewoche.ch\/wp-content\/uploads\/2023\/03\/scholtysik_thouvenin_bildkonzept_16x9_04.jpg\" alt=\"\" width=\"1200\" height=\"675\" \/><\/a> <a href=\"https:\/\/www.werbewoche.ch\/wp-content\/uploads\/2023\/03\/scholtysik_thouvenin_bildkonzept_16x9_03.jpg\"><img class=\"attachment-full size-full\" src=\"https:\/\/www.werbewoche.ch\/wp-content\/uploads\/2023\/03\/scholtysik_thouvenin_bildkonzept_16x9_03.jpg\" alt=\"\" width=\"1200\" height=\"675\" \/><\/a> <a href=\"https:\/\/www.werbewoche.ch\/wp-content\/uploads\/2023\/03\/scholtysik_thouvenin_bildkonzept_16x9_02.jpg\"><img class=\"attachment-full size-full\" src=\"https:\/\/www.werbewoche.ch\/wp-content\/uploads\/2023\/03\/scholtysik_thouvenin_bildkonzept_16x9_02.jpg\" alt=\"\" width=\"1200\" height=\"675\" \/><\/a> <a href=\"https:\/\/www.werbewoche.ch\/wp-content\/uploads\/2023\/03\/scholtysik_thouvenin_bildkonzept_16x9_01.jpg\"><img class=\"attachment-full size-full\" src=\"https:\/\/www.werbewoche.ch\/wp-content\/uploads\/2023\/03\/scholtysik_thouvenin_bildkonzept_16x9_01.jpg\" alt=\"\" width=\"1200\" height=\"675\" \/><\/a><\/p>","protected":false},"excerpt":{"rendered":"<p>Zum 40-j\u00e4hrigen Bestehen richtet Thouvenin den Blick nach vorn: Scholtysik verk\u00fcrzt den Markennamen von \u00abThouvenin Rechtsanw\u00e4lte\u00bb zu Thouvenin und modernisiert das Design mit aktiven Farben, kr\u00e4ftigerer Schrift und konsequenter Reduktion auf das Wesentliche. Ziel der Auffrischung ist, dem differenzierenden unternehmerischen Ansatz der Wirtschaftskanzlei einen zeitgem\u00e4ssen und zukunftsgerichteten Ausdruck zu verleihen. Mehr Impact Der verk\u00fcrzte Name [\u2026]<\/p>\n","protected":false},"author":8,"featured_media":0,"comment_status":"closed","ping_status":"closed","sticky":false,"template":"","format":"standard","meta":{"_acf_changed":false,"_yoast_wpseo_focuskw":"Thouvenin","_yoast_wpseo_metadesc":"Thouvenin: Modernisiertes Design und neuer Markenname. 40 Jahre Wirtschaftskanzlei im zeitgem\u00e4ssen Ausdruck.","articlekey":"","footnotes":""},"categories":[29],"tags":[3675,3676],"class_list":["post-19281","post","type-post","status-publish","format-standard","hentry","category-marketing","tag-scholtysik","tag-thouvenin"],"acf":[],"yoast_head":"<!-- This site is optimized with the Yoast SEO plugin v27.5 - https:\/\/yoast.com\/product\/yoast-seo-wordpress\/ -->\n<title>Scholtysik modernisiert den Law-Brand Thouvenin - Organisator<\/title>\n<meta name=\"description\" content=\"Thouvenin: Modernisiertes Design und neuer Markenname. 40 Jahre Wirtschaftskanzlei im zeitgem\u00e4ssen Ausdruck.\" \/>\n<meta name=\"robots\" content=\"index, follow, max-snippet:-1, max-image-preview:large, max-video-preview:-1\" \/>\n<link rel=\"canonical\" href=\"https:\/\/www.organisator.ch\/de\/marketing\/2023-03-14\/scholtysik-modernisiert-den-law-brand-thouvenin\/\" \/>\n<meta property=\"og:locale\" content=\"de_DE\" \/>\n<meta property=\"og:type\" content=\"article\" \/>\n<meta property=\"og:title\" content=\"Scholtysik modernisiert den Law-Brand Thouvenin - Organisator\" \/>\n<meta property=\"og:description\" content=\"Thouvenin: Modernisiertes Design und neuer Markenname. 40 Jahre Wirtschaftskanzlei im zeitgem\u00e4ssen Ausdruck.\" \/>\n<meta property=\"og:url\" content=\"https:\/\/www.organisator.ch\/de\/marketing\/2023-03-14\/scholtysik-modernisiert-den-law-brand-thouvenin\/\" \/>\n<meta property=\"og:site_name\" content=\"Organisator\" \/>\n<meta property=\"article:publisher\" content=\"https:\/\/www.facebook.com\/OrganisatorFachmagazin\" \/>\n<meta property=\"article:published_time\" content=\"2023-03-14T08:48:46+00:00\" \/>\n<meta property=\"article:modified_time\" content=\"2024-11-18T08:12:02+00:00\" \/>\n<meta name=\"author\" content=\"galledia\" \/>\n<meta name=\"twitter:card\" content=\"summary_large_image\" \/>\n<meta name=\"twitter:creator\" content=\"@admin\" \/>\n<script type=\"application\/ld+json\" class=\"yoast-schema-graph\">{\"@context\":\"https:\\\/\\\/schema.org\",\"@graph\":[{\"@type\":\"Article\",\"@id\":\"https:\\\/\\\/www.organisator.ch\\\/marketing\\\/2023-03-14\\\/scholtysik-modernisiert-den-law-brand-thouvenin\\\/#article\",\"isPartOf\":{\"@id\":\"https:\\\/\\\/www.organisator.ch\\\/marketing\\\/2023-03-14\\\/scholtysik-modernisiert-den-law-brand-thouvenin\\\/\"},\"author\":{\"name\":\"galledia\",\"@id\":\"https:\\\/\\\/www.organisator.ch\\\/#\\\/schema\\\/person\\\/4e51799071cd2dd1232ac003643ef5f0\"},\"headline\":\"Scholtysik modernisiert den Law-Brand Thouvenin\",\"datePublished\":\"2023-03-14T08:48:46+00:00\",\"dateModified\":\"2024-11-18T08:12:02+00:00\",\"mainEntityOfPage\":{\"@id\":\"https:\\\/\\\/www.organisator.ch\\\/marketing\\\/2023-03-14\\\/scholtysik-modernisiert-den-law-brand-thouvenin\\\/\"},\"wordCount\":179,\"publisher\":{\"@id\":\"https:\\\/\\\/www.organisator.ch\\\/#organization\"},\"image\":{\"@id\":\"https:\\\/\\\/www.organisator.ch\\\/marketing\\\/2023-03-14\\\/scholtysik-modernisiert-den-law-brand-thouvenin\\\/#primaryimage\"},\"thumbnailUrl\":\"https:\\\/\\\/www.werbewoche.ch\\\/wp-content\\\/uploads\\\/2023\\\/03\\\/scholtysik_thouvenin_rebranding_logo_16x9.jpg\",\"keywords\":[\"Scholtysik\",\"Thouvenin\"],\"articleSection\":[\"MARKETING\"],\"inLanguage\":\"de\"},{\"@type\":\"WebPage\",\"@id\":\"https:\\\/\\\/www.organisator.ch\\\/marketing\\\/2023-03-14\\\/scholtysik-modernisiert-den-law-brand-thouvenin\\\/\",\"url\":\"https:\\\/\\\/www.organisator.ch\\\/marketing\\\/2023-03-14\\\/scholtysik-modernisiert-den-law-brand-thouvenin\\\/\",\"name\":\"Scholtysik modernisiert den Law-Brand Thouvenin - Organisator\",\"isPartOf\":{\"@id\":\"https:\\\/\\\/www.organisator.ch\\\/#website\"},\"primaryImageOfPage\":{\"@id\":\"https:\\\/\\\/www.organisator.ch\\\/marketing\\\/2023-03-14\\\/scholtysik-modernisiert-den-law-brand-thouvenin\\\/#primaryimage\"},\"image\":{\"@id\":\"https:\\\/\\\/www.organisator.ch\\\/marketing\\\/2023-03-14\\\/scholtysik-modernisiert-den-law-brand-thouvenin\\\/#primaryimage\"},\"thumbnailUrl\":\"https:\\\/\\\/www.werbewoche.ch\\\/wp-content\\\/uploads\\\/2023\\\/03\\\/scholtysik_thouvenin_rebranding_logo_16x9.jpg\",\"datePublished\":\"2023-03-14T08:48:46+00:00\",\"dateModified\":\"2024-11-18T08:12:02+00:00\",\"description\":\"Thouvenin: Modernisiertes Design und neuer Markenname. 40 Jahre Wirtschaftskanzlei im zeitgem\u00e4ssen Ausdruck.\",\"breadcrumb\":{\"@id\":\"https:\\\/\\\/www.organisator.ch\\\/marketing\\\/2023-03-14\\\/scholtysik-modernisiert-den-law-brand-thouvenin\\\/#breadcrumb\"},\"inLanguage\":\"de\",\"potentialAction\":[{\"@type\":\"ReadAction\",\"target\":[\"https:\\\/\\\/www.organisator.ch\\\/marketing\\\/2023-03-14\\\/scholtysik-modernisiert-den-law-brand-thouvenin\\\/\"]}]},{\"@type\":\"ImageObject\",\"inLanguage\":\"de\",\"@id\":\"https:\\\/\\\/www.organisator.ch\\\/marketing\\\/2023-03-14\\\/scholtysik-modernisiert-den-law-brand-thouvenin\\\/#primaryimage\",\"url\":\"https:\\\/\\\/www.werbewoche.ch\\\/wp-content\\\/uploads\\\/2023\\\/03\\\/scholtysik_thouvenin_rebranding_logo_16x9.jpg\",\"contentUrl\":\"https:\\\/\\\/www.werbewoche.ch\\\/wp-content\\\/uploads\\\/2023\\\/03\\\/scholtysik_thouvenin_rebranding_logo_16x9.jpg\"},{\"@type\":\"BreadcrumbList\",\"@id\":\"https:\\\/\\\/www.organisator.ch\\\/marketing\\\/2023-03-14\\\/scholtysik-modernisiert-den-law-brand-thouvenin\\\/#breadcrumb\",\"itemListElement\":[{\"@type\":\"ListItem\",\"position\":1,\"name\":\"Home\",\"item\":\"https:\\\/\\\/www.organisator.ch\\\/\"},{\"@type\":\"ListItem\",\"position\":2,\"name\":\"Scholtysik modernisiert den Law-Brand Thouvenin\"}]},{\"@type\":\"WebSite\",\"@id\":\"https:\\\/\\\/www.organisator.ch\\\/#website\",\"url\":\"https:\\\/\\\/www.organisator.ch\\\/\",\"name\":\"Organisator\",\"description\":\"Kompetent. Praxisnah. Der ORGANISATOR bereitet in 10 Ausgaben pro Jahr die wesentlichen Themen f\u00fcr F\u00fchrungskr\u00e4fte von KMU auf.\",\"publisher\":{\"@id\":\"https:\\\/\\\/www.organisator.ch\\\/#organization\"},\"potentialAction\":[{\"@type\":\"SearchAction\",\"target\":{\"@type\":\"EntryPoint\",\"urlTemplate\":\"https:\\\/\\\/www.organisator.ch\\\/?s={search_term_string}\"},\"query-input\":{\"@type\":\"PropertyValueSpecification\",\"valueRequired\":true,\"valueName\":\"search_term_string\"}}],\"inLanguage\":\"de\"},{\"@type\":\"Organization\",\"@id\":\"https:\\\/\\\/www.organisator.ch\\\/#organization\",\"name\":\"Organisator\",\"url\":\"https:\\\/\\\/www.organisator.ch\\\/\",\"logo\":{\"@type\":\"ImageObject\",\"inLanguage\":\"de\",\"@id\":\"https:\\\/\\\/www.organisator.ch\\\/#\\\/schema\\\/logo\\\/image\\\/\",\"url\":\"https:\\\/\\\/www.organisator.ch\\\/wp-content\\\/uploads\\\/2022\\\/01\\\/Logo_Organisator_Website.png\",\"contentUrl\":\"https:\\\/\\\/www.organisator.ch\\\/wp-content\\\/uploads\\\/2022\\\/01\\\/Logo_Organisator_Website.png\",\"width\":800,\"height\":77,\"caption\":\"Organisator\"},\"image\":{\"@id\":\"https:\\\/\\\/www.organisator.ch\\\/#\\\/schema\\\/logo\\\/image\\\/\"},\"sameAs\":[\"https:\\\/\\\/www.facebook.com\\\/OrganisatorFachmagazin\",\"https:\\\/\\\/www.linkedin.com\\\/showcase\\\/organisator-das-magazin-fr-kmu\",\"https:\\\/\\\/www.xing.com\\\/news\\\/pages\\\/organisator-ch-695\",\"https:\\\/\\\/www.youtube.com\\\/channel\\\/UCGP2Sq0iWaZwT3BdIAQFYpw\"]},{\"@type\":\"Person\",\"@id\":\"https:\\\/\\\/www.organisator.ch\\\/#\\\/schema\\\/person\\\/4e51799071cd2dd1232ac003643ef5f0\",\"name\":\"galledia\",\"image\":{\"@type\":\"ImageObject\",\"inLanguage\":\"de\",\"@id\":\"https:\\\/\\\/secure.gravatar.com\\\/avatar\\\/78a7f90c01fc2bfc875782a0d4922b37cde2cf184ce347b91316d23cd7f69a36?s=96&d=mm&r=g\",\"url\":\"https:\\\/\\\/secure.gravatar.com\\\/avatar\\\/78a7f90c01fc2bfc875782a0d4922b37cde2cf184ce347b91316d23cd7f69a36?s=96&d=mm&r=g\",\"contentUrl\":\"https:\\\/\\\/secure.gravatar.com\\\/avatar\\\/78a7f90c01fc2bfc875782a0d4922b37cde2cf184ce347b91316d23cd7f69a36?s=96&d=mm&r=g\",\"caption\":\"galledia\"},\"sameAs\":[\"https:\\\/\\\/x.com\\\/admin\"],\"url\":\"https:\\\/\\\/www.organisator.ch\\\/de\\\/author\\\/galledia\\\/\"}]}<\/script>\n<!-- \/ Yoast SEO plugin. -->","yoast_head_json":{"title":"Scholtysik modernisiert den Law-Brand Thouvenin - Organisator","description":"Thouvenin: Modernisiertes Design und neuer Markenname. 40 Jahre Wirtschaftskanzlei im zeitgem\u00e4ssen Ausdruck.","robots":{"index":"index","follow":"follow","max-snippet":"max-snippet:-1","max-image-preview":"max-image-preview:large","max-video-preview":"max-video-preview:-1"},"canonical":"https:\/\/www.organisator.ch\/de\/marketing\/2023-03-14\/scholtysik-modernisiert-den-law-brand-thouvenin\/","og_locale":"de_DE","og_type":"article","og_title":"Scholtysik modernisiert den Law-Brand Thouvenin - Organisator","og_description":"Thouvenin: Modernisiertes Design und neuer Markenname. 40 Jahre Wirtschaftskanzlei im zeitgem\u00e4ssen Ausdruck.","og_url":"https:\/\/www.organisator.ch\/de\/marketing\/2023-03-14\/scholtysik-modernisiert-den-law-brand-thouvenin\/","og_site_name":"Organisator","article_publisher":"https:\/\/www.facebook.com\/OrganisatorFachmagazin","article_published_time":"2023-03-14T08:48:46+00:00","article_modified_time":"2024-11-18T08:12:02+00:00","author":"galledia","twitter_card":"summary_large_image","twitter_creator":"@admin","schema":{"@context":"https:\/\/schema.org","@graph":[{"@type":"Article","@id":"https:\/\/www.organisator.ch\/marketing\/2023-03-14\/scholtysik-modernisiert-den-law-brand-thouvenin\/#article","isPartOf":{"@id":"https:\/\/www.organisator.ch\/marketing\/2023-03-14\/scholtysik-modernisiert-den-law-brand-thouvenin\/"},"author":{"name":"galledia","@id":"https:\/\/www.organisator.ch\/#\/schema\/person\/4e51799071cd2dd1232ac003643ef5f0"},"headline":"Scholtysik modernisiert den Law-Brand Thouvenin","datePublished":"2023-03-14T08:48:46+00:00","dateModified":"2024-11-18T08:12:02+00:00","mainEntityOfPage":{"@id":"https:\/\/www.organisator.ch\/marketing\/2023-03-14\/scholtysik-modernisiert-den-law-brand-thouvenin\/"},"wordCount":179,"publisher":{"@id":"https:\/\/www.organisator.ch\/#organization"},"image":{"@id":"https:\/\/www.organisator.ch\/marketing\/2023-03-14\/scholtysik-modernisiert-den-law-brand-thouvenin\/#primaryimage"},"thumbnailUrl":"https:\/\/www.werbewoche.ch\/wp-content\/uploads\/2023\/03\/scholtysik_thouvenin_rebranding_logo_16x9.jpg","keywords":["Scholtysik","Thouvenin"],"articleSection":["MARKETING"],"inLanguage":"de"},{"@type":"WebPage","@id":"https:\/\/www.organisator.ch\/marketing\/2023-03-14\/scholtysik-modernisiert-den-law-brand-thouvenin\/","url":"https:\/\/www.organisator.ch\/marketing\/2023-03-14\/scholtysik-modernisiert-den-law-brand-thouvenin\/","name":"Scholtysik modernisiert den Law-Brand Thouvenin - Organisator","isPartOf":{"@id":"https:\/\/www.organisator.ch\/#website"},"primaryImageOfPage":{"@id":"https:\/\/www.organisator.ch\/marketing\/2023-03-14\/scholtysik-modernisiert-den-law-brand-thouvenin\/#primaryimage"},"image":{"@id":"https:\/\/www.organisator.ch\/marketing\/2023-03-14\/scholtysik-modernisiert-den-law-brand-thouvenin\/#primaryimage"},"thumbnailUrl":"https:\/\/www.werbewoche.ch\/wp-content\/uploads\/2023\/03\/scholtysik_thouvenin_rebranding_logo_16x9.jpg","datePublished":"2023-03-14T08:48:46+00:00","dateModified":"2024-11-18T08:12:02+00:00","description":"Thouvenin: Modernisiertes Design und neuer Markenname. 40 Jahre Wirtschaftskanzlei im zeitgem\u00e4ssen Ausdruck.","breadcrumb":{"@id":"https:\/\/www.organisator.ch\/marketing\/2023-03-14\/scholtysik-modernisiert-den-law-brand-thouvenin\/#breadcrumb"},"inLanguage":"de","potentialAction":[{"@type":"ReadAction","target":["https:\/\/www.organisator.ch\/marketing\/2023-03-14\/scholtysik-modernisiert-den-law-brand-thouvenin\/"]}]},{"@type":"ImageObject","inLanguage":"de","@id":"https:\/\/www.organisator.ch\/marketing\/2023-03-14\/scholtysik-modernisiert-den-law-brand-thouvenin\/#primaryimage","url":"https:\/\/www.werbewoche.ch\/wp-content\/uploads\/2023\/03\/scholtysik_thouvenin_rebranding_logo_16x9.jpg","contentUrl":"https:\/\/www.werbewoche.ch\/wp-content\/uploads\/2023\/03\/scholtysik_thouvenin_rebranding_logo_16x9.jpg"},{"@type":"BreadcrumbList","@id":"https:\/\/www.organisator.ch\/marketing\/2023-03-14\/scholtysik-modernisiert-den-law-brand-thouvenin\/#breadcrumb","itemListElement":[{"@type":"ListItem","position":1,"name":"Home","item":"https:\/\/www.organisator.ch\/"},{"@type":"ListItem","position":2,"name":"Scholtysik modernisiert den Law-Brand Thouvenin"}]},{"@type":"WebSite","@id":"https:\/\/www.organisator.ch\/#website","url":"https:\/\/www.organisator.ch\/","name":"Organisator","description":"Kompetent. Praxisnah. Der ORGANISATOR bereitet in 10 Ausgaben pro Jahr die wesentlichen Themen f\u00fcr F\u00fchrungskr\u00e4fte von KMU auf.","publisher":{"@id":"https:\/\/www.organisator.ch\/#organization"},"potentialAction":[{"@type":"SearchAction","target":{"@type":"EntryPoint","urlTemplate":"https:\/\/www.organisator.ch\/?s={search_term_string}"},"query-input":{"@type":"PropertyValueSpecification","valueRequired":true,"valueName":"search_term_string"}}],"inLanguage":"de"},{"@type":"Organization","@id":"https:\/\/www.organisator.ch\/#organization","name":"Organisator","url":"https:\/\/www.organisator.ch\/","logo":{"@type":"ImageObject","inLanguage":"de","@id":"https:\/\/www.organisator.ch\/#\/schema\/logo\/image\/","url":"https:\/\/www.organisator.ch\/wp-content\/uploads\/2022\/01\/Logo_Organisator_Website.png","contentUrl":"https:\/\/www.organisator.ch\/wp-content\/uploads\/2022\/01\/Logo_Organisator_Website.png","width":800,"height":77,"caption":"Organisator"},"image":{"@id":"https:\/\/www.organisator.ch\/#\/schema\/logo\/image\/"},"sameAs":["https:\/\/www.facebook.com\/OrganisatorFachmagazin","https:\/\/www.linkedin.com\/showcase\/organisator-das-magazin-fr-kmu","https:\/\/www.xing.com\/news\/pages\/organisator-ch-695","https:\/\/www.youtube.com\/channel\/UCGP2Sq0iWaZwT3BdIAQFYpw"]},{"@type":"Person","@id":"https:\/\/www.organisator.ch\/#\/schema\/person\/4e51799071cd2dd1232ac003643ef5f0","name":"galledia","image":{"@type":"ImageObject","inLanguage":"de","@id":"https:\/\/secure.gravatar.com\/avatar\/78a7f90c01fc2bfc875782a0d4922b37cde2cf184ce347b91316d23cd7f69a36?s=96&d=mm&r=g","url":"https:\/\/secure.gravatar.com\/avatar\/78a7f90c01fc2bfc875782a0d4922b37cde2cf184ce347b91316d23cd7f69a36?s=96&d=mm&r=g","contentUrl":"https:\/\/secure.gravatar.com\/avatar\/78a7f90c01fc2bfc875782a0d4922b37cde2cf184ce347b91316d23cd7f69a36?s=96&d=mm&r=g","caption":"galledia"},"sameAs":["https:\/\/x.com\/admin"],"url":"https:\/\/www.organisator.ch\/de\/author\/galledia\/"}]}},"_links":{"self":[{"href":"https:\/\/www.organisator.ch\/de\/wp-json\/wp\/v2\/posts\/19281","targetHints":{"allow":["GET"]}}],"collection":[{"href":"https:\/\/www.organisator.ch\/de\/wp-json\/wp\/v2\/posts"}],"about":[{"href":"https:\/\/www.organisator.ch\/de\/wp-json\/wp\/v2\/types\/post"}],"author":[{"embeddable":true,"href":"https:\/\/www.organisator.ch\/de\/wp-json\/wp\/v2\/users\/8"}],"replies":[{"embeddable":true,"href":"https:\/\/www.organisator.ch\/de\/wp-json\/wp\/v2\/comments?post=19281"}],"version-history":[{"count":2,"href":"https:\/\/www.organisator.ch\/de\/wp-json\/wp\/v2\/posts\/19281\/revisions"}],"predecessor-version":[{"id":33317,"href":"https:\/\/www.organisator.ch\/de\/wp-json\/wp\/v2\/posts\/19281\/revisions\/33317"}],"wp:attachment":[{"href":"https:\/\/www.organisator.ch\/de\/wp-json\/wp\/v2\/media?parent=19281"}],"wp:term":[{"taxonomy":"category","embeddable":true,"href":"https:\/\/www.organisator.ch\/de\/wp-json\/wp\/v2\/categories?post=19281"},{"taxonomy":"post_tag","embeddable":true,"href":"https:\/\/www.organisator.ch\/de\/wp-json\/wp\/v2\/tags?post=19281"}],"curies":[{"name":"wp","href":"https:\/\/api.w.org\/{rel}","templated":true}]}}