{"id":1929,"date":"2017-05-16T09:47:05","date_gmt":"2017-05-16T07:47:05","guid":{"rendered":"https:\/\/www.organisator.ch\/?p=1929"},"modified":"2017-05-16T09:47:05","modified_gmt":"2017-05-16T07:47:05","slug":"urbane-mobilitaet-im-fokus","status":"publish","type":"post","link":"https:\/\/www.organisator.ch\/de\/allgemein\/2017-05-16\/urbane-mobilitaet-im-fokus\/","title":{"rendered":"Urbane Mobilit\u00e4t im Fokus"},"content":{"rendered":"<figure id=\"attachment_1930\" aria-describedby=\"caption-attachment-1930\" style=\"width: 640px\" class=\"wp-caption alignnone\"><img loading=\"lazy\" decoding=\"async\" class=\"size-full wp-image-1930\" src=\"https:\/\/www.organisator.ch\/wp-content\/uploads\/2017\/05\/Urbane-Mobilitaet-im-Fokus_org-organisator.jpg\" alt=\"\" width=\"640\" height=\"424\" srcset=\"https:\/\/www.organisator.ch\/wp-content\/uploads\/2017\/05\/Urbane-Mobilitaet-im-Fokus_org-organisator.jpg 640w, https:\/\/www.organisator.ch\/wp-content\/uploads\/2017\/05\/Urbane-Mobilitaet-im-Fokus_org-organisator-16x12.jpg 16w, https:\/\/www.organisator.ch\/wp-content\/uploads\/2017\/05\/Urbane-Mobilitaet-im-Fokus_org-organisator-264x175.jpg 264w, https:\/\/www.organisator.ch\/wp-content\/uploads\/2017\/05\/Urbane-Mobilitaet-im-Fokus_org-organisator-528x350.jpg 528w, https:\/\/www.organisator.ch\/wp-content\/uploads\/2017\/05\/Urbane-Mobilitaet-im-Fokus_org-organisator-300x199.jpg 300w\" sizes=\"auto, (max-width: 640px) 100vw, 640px\" \/><figcaption id=\"caption-attachment-1930\" class=\"wp-caption-text\">Ein Schmelztiegel in New York City auf der 7th Avenue in Manhattan. Eine akutelle Studie gibt Aufschluss \u00fcber Schweizer Verh\u00e4ltnisse. (Bild: Depositphotos_ViewApart).<\/figcaption><\/figure>\n<p>Mobilit\u00e4t und Verkehrsinfrastrukturen haben in der Schweiz eine hohe Bedeutung. Das zeigen eidgen\u00f6ssische Abstimmungen, wie diejenige \u00fcber die Finanzierung und den Ausbau der Bahninfrastruktur FABI oder \u00fcber die Schaffung eines Fonds f\u00fcr die Nationalstrassen und den Agglomerationsverkehr NAF. Da ein Grossteil des Verkehrs in St\u00e4dten und Agglomerationen anf\u00e4llt, tr\u00e4gt eine nachhaltige und funktionale Verkehrspolitik im urbanen Raum entscheidend zur Wettbewerbsf\u00e4higkeit und zur Lebensqualit\u00e4t des ganzen Landes bei.<\/p>\n<p>In den letzten vierzig Jahren haben sich die auf Strasse und Schiene zur\u00fcckgelegten Personenkilometer verdoppelt. Ein Grossteil dieses Personenverkehrs wickelt sich im urbanen Raum ab. Die &#8222;Statistik der Schweizer St\u00e4dte 2017&#8220; liefert Daten zu verschiedenen Aspekten der urbanen Mobilit\u00e4t, so zur Haltestellen- oder Pendlerdichte.<\/p>\n<p><strong>Hohe Pendleranteile<\/strong><\/p>\n<p>Bei der Wahl des Verkehrsmittels beim Pendeln kommt der \u00f6ffentliche Verkehr (\u00f6V) schweizweit auf 30 %, w\u00e4hrend der Anteil des motorisierten Individualverkehrs (MIV) 54 % betr\u00e4gt. In den St\u00e4dten und st\u00e4dtischen Gemeinden kommt der MIV bei den Gemeinden mit einer Bev\u00f6lkerung von weniger als 10\u2018000 Personen auf 51 %. Mit zunehmender Bev\u00f6lkerung nimmt der MIV-Anteil ab:<\/p>\n<p>In den Grossst\u00e4dten pendeln nur noch 25 % mit dem Auto. Dagegen liegt der \u00f6V-Anteil in den Grossst\u00e4dten bei 53 %. Den h\u00f6chsten \u00f6V-Anteil findet sich in Z\u00fcrich (65 %), Bern (55 %), Thalwil (53 %), Basel (52 %) und Lausanne (52 %).<\/p>\n<p><strong>Motorisierungsgrad und Haltestellendichte<\/strong><\/p>\n<p>Der Ausbau des \u00f6ffentlichen Verkehrs f\u00fchrte zumindest in den Grossst\u00e4dten auch zu einem R\u00fcckgang des Motorisierungsgrades. W\u00e4hrend 2007 dort auf einen Einwohner noch 0,42 Personenwagen kamen, waren es 2015 nur noch 0,37. Dies entspricht einem R\u00fcckgang von 12 %. In den anderen Gemeindegr\u00f6ssenklassen ist der Motorisierungsgrad seit 2007 jedoch gestiegen.<\/p>\n<p>Den gr\u00f6ssten Anstieg verzeichneten die St\u00e4dte mit 50 000 bis 99 999 Einwohner\/-innen und Gemeinden mit einer Einwohnerzahl zwischen 15 000 und 19 999. In den mittelgrossen St\u00e4dten stieg der Motorisierungsgrad seit 2007 um 0,05 Fahrzeuge pro Einwohner\/in (von 0,43 auf 0,48 Personenwagen pro Einwohner\/in), respektive um 0,03 (von 0,51 auf 0,54) in den Kleinst\u00e4dten.<\/p>\n<p><strong>Am meisten PWs in Cham\/ZG<\/strong><\/p>\n<p>Am meisten Personenwagen pro Einwohner finden sich in Cham (0,77), Urdorf (0,76), Freienbach (0,75), und Schlieren (0,73). Auf der anderen Seite der Skala befinden sich Basel (0,33), Z\u00fcrich (0,35), Lausanne und Genf (je 0,37). Dem Schweizer Durchschnitt von 0,53 Autos pro Person am n\u00e4chsten kommen Baden und Arosa.<\/p>\n<p><em>Weitere Fakten &#8211; beispielsweise \u00fcber die unterschiedlichen Lohn- und Geschlechteranteile von Herr und Frau Schweizer &#8211; finden Sie in diesem <a href=\"https:\/\/www.bfs.admin.ch\/bfs\/de\/home\/aktuell\/medienmitteilungen.gnpdetail.2017-0414.html\">PDF<\/a> des Bundesamts f\u00fcr Statistik.<\/em><\/p>\n<p>&nbsp;<\/p>\n<p>&nbsp;<\/p>\n<p>&nbsp;<\/p>\n","protected":false},"excerpt":{"rendered":"<p>Mobilit\u00e4t und Verkehrsinfrastrukturen haben in der Schweiz eine hohe Bedeutung. Das zeigen eidgen\u00f6ssische Abstimmungen, wie diejenige \u00fcber die Finanzierung und den Ausbau der Bahninfrastruktur FABI oder \u00fcber die Schaffung eines Fonds f\u00fcr die Nationalstrassen und den Agglomerationsverkehr NAF. Da ein Grossteil des Verkehrs in St\u00e4dten und Agglomerationen anf\u00e4llt, tr\u00e4gt eine nachhaltige und funktionale Verkehrspolitik im [&hellip;]<\/p>\n","protected":false},"author":5,"featured_media":1930,"comment_status":"open","ping_status":"open","sticky":false,"template":"","format":"standard","meta":{"_acf_changed":false,"_yoast_wpseo_focuskw":"Mobilit\u00e4t","_yoast_wpseo_metadesc":"Neben dem Schwerpunktthema \"Mobilit\u00e4t\" liefert die \"Statistik der Schweizer St\u00e4dte 2017\" Informationen und Fakten zu Themen wie \"Bev\u00f6lkerungsentwicklung\".","articlekey":"","footnotes":""},"categories":[1],"tags":[98,354,424,459],"class_list":["post-1929","post","type-post","status-publish","format-standard","has-post-thumbnail","hentry","category-allgemein","tag-bundesamt-fuer-statistik","tag-mobilitaet","tag-schweiz","tag-studie"],"acf":[],"yoast_head":"<!-- This site is optimized with the Yoast SEO plugin v27.5 - https:\/\/yoast.com\/product\/yoast-seo-wordpress\/ -->\n<title>Urbane Mobilit\u00e4t im Fokus - Organisator<\/title>\n<meta name=\"description\" content=\"Neben dem Schwerpunktthema &quot;Mobilit\u00e4t&quot; liefert die &quot;Statistik der Schweizer St\u00e4dte 2017&quot; Informationen und Fakten zu Themen wie &quot;Bev\u00f6lkerungsentwicklung&quot;.\" \/>\n<meta name=\"robots\" content=\"index, follow, max-snippet:-1, max-image-preview:large, max-video-preview:-1\" \/>\n<link rel=\"canonical\" href=\"https:\/\/www.organisator.ch\/de\/allgemein\/2017-05-16\/urbane-mobilitaet-im-fokus\/\" \/>\n<meta property=\"og:locale\" content=\"de_DE\" \/>\n<meta property=\"og:type\" content=\"article\" \/>\n<meta property=\"og:title\" content=\"Urbane Mobilit\u00e4t im Fokus - Organisator\" \/>\n<meta property=\"og:description\" content=\"Neben dem Schwerpunktthema &quot;Mobilit\u00e4t&quot; liefert die &quot;Statistik der Schweizer St\u00e4dte 2017&quot; Informationen und Fakten zu Themen wie &quot;Bev\u00f6lkerungsentwicklung&quot;.\" \/>\n<meta property=\"og:url\" content=\"https:\/\/www.organisator.ch\/de\/allgemein\/2017-05-16\/urbane-mobilitaet-im-fokus\/\" \/>\n<meta property=\"og:site_name\" content=\"Organisator\" \/>\n<meta property=\"article:publisher\" content=\"https:\/\/www.facebook.com\/OrganisatorFachmagazin\" \/>\n<meta property=\"article:published_time\" content=\"2017-05-16T07:47:05+00:00\" \/>\n<meta property=\"og:image\" content=\"https:\/\/www.organisator.ch\/wp-content\/uploads\/2017\/05\/Urbane-Mobilitaet-im-Fokus_org-organisator.jpg\" \/>\n\t<meta property=\"og:image:width\" content=\"640\" \/>\n\t<meta property=\"og:image:height\" content=\"424\" \/>\n\t<meta property=\"og:image:type\" content=\"image\/jpeg\" \/>\n<meta name=\"author\" content=\"michael.merz\" \/>\n<meta name=\"twitter:card\" content=\"summary_large_image\" \/>\n<script type=\"application\/ld+json\" class=\"yoast-schema-graph\">{\"@context\":\"https:\\\/\\\/schema.org\",\"@graph\":[{\"@type\":\"Article\",\"@id\":\"https:\\\/\\\/www.organisator.ch\\\/en\\\/general\\\/2017-05-16\\\/urbane-mobilitaet-im-fokus\\\/#article\",\"isPartOf\":{\"@id\":\"https:\\\/\\\/www.organisator.ch\\\/en\\\/general\\\/2017-05-16\\\/urbane-mobilitaet-im-fokus\\\/\"},\"author\":{\"name\":\"michael.merz\",\"@id\":\"https:\\\/\\\/www.organisator.ch\\\/#\\\/schema\\\/person\\\/134708ca9321c57b0362cceb7948ffbd\"},\"headline\":\"Urbane Mobilit\u00e4t im Fokus\",\"datePublished\":\"2017-05-16T07:47:05+00:00\",\"mainEntityOfPage\":{\"@id\":\"https:\\\/\\\/www.organisator.ch\\\/en\\\/general\\\/2017-05-16\\\/urbane-mobilitaet-im-fokus\\\/\"},\"wordCount\":423,\"commentCount\":0,\"publisher\":{\"@id\":\"https:\\\/\\\/www.organisator.ch\\\/#organization\"},\"image\":{\"@id\":\"https:\\\/\\\/www.organisator.ch\\\/en\\\/general\\\/2017-05-16\\\/urbane-mobilitaet-im-fokus\\\/#primaryimage\"},\"thumbnailUrl\":\"https:\\\/\\\/www.organisator.ch\\\/wp-content\\\/uploads\\\/2017\\\/05\\\/Urbane-Mobilitaet-im-Fokus_org-organisator.jpg\",\"keywords\":[\"Bundesamt f\u00fcr Statistik\",\"Mobilit\u00e4t\",\"Schweiz\",\"Studie\"],\"inLanguage\":\"de\"},{\"@type\":\"WebPage\",\"@id\":\"https:\\\/\\\/www.organisator.ch\\\/en\\\/general\\\/2017-05-16\\\/urbane-mobilitaet-im-fokus\\\/\",\"url\":\"https:\\\/\\\/www.organisator.ch\\\/en\\\/general\\\/2017-05-16\\\/urbane-mobilitaet-im-fokus\\\/\",\"name\":\"Urbane Mobilit\u00e4t im Fokus - Organisator\",\"isPartOf\":{\"@id\":\"https:\\\/\\\/www.organisator.ch\\\/#website\"},\"primaryImageOfPage\":{\"@id\":\"https:\\\/\\\/www.organisator.ch\\\/en\\\/general\\\/2017-05-16\\\/urbane-mobilitaet-im-fokus\\\/#primaryimage\"},\"image\":{\"@id\":\"https:\\\/\\\/www.organisator.ch\\\/en\\\/general\\\/2017-05-16\\\/urbane-mobilitaet-im-fokus\\\/#primaryimage\"},\"thumbnailUrl\":\"https:\\\/\\\/www.organisator.ch\\\/wp-content\\\/uploads\\\/2017\\\/05\\\/Urbane-Mobilitaet-im-Fokus_org-organisator.jpg\",\"datePublished\":\"2017-05-16T07:47:05+00:00\",\"description\":\"Neben dem Schwerpunktthema \\\"Mobilit\u00e4t\\\" liefert die \\\"Statistik der Schweizer St\u00e4dte 2017\\\" Informationen und Fakten zu Themen wie \\\"Bev\u00f6lkerungsentwicklung\\\".\",\"breadcrumb\":{\"@id\":\"https:\\\/\\\/www.organisator.ch\\\/en\\\/general\\\/2017-05-16\\\/urbane-mobilitaet-im-fokus\\\/#breadcrumb\"},\"inLanguage\":\"de\",\"potentialAction\":[{\"@type\":\"ReadAction\",\"target\":[\"https:\\\/\\\/www.organisator.ch\\\/en\\\/general\\\/2017-05-16\\\/urbane-mobilitaet-im-fokus\\\/\"]}]},{\"@type\":\"ImageObject\",\"inLanguage\":\"de\",\"@id\":\"https:\\\/\\\/www.organisator.ch\\\/en\\\/general\\\/2017-05-16\\\/urbane-mobilitaet-im-fokus\\\/#primaryimage\",\"url\":\"https:\\\/\\\/www.organisator.ch\\\/wp-content\\\/uploads\\\/2017\\\/05\\\/Urbane-Mobilitaet-im-Fokus_org-organisator.jpg\",\"contentUrl\":\"https:\\\/\\\/www.organisator.ch\\\/wp-content\\\/uploads\\\/2017\\\/05\\\/Urbane-Mobilitaet-im-Fokus_org-organisator.jpg\",\"width\":640,\"height\":424,\"caption\":\"Ein Schmelztiegel in New York City auf der 7th Avenue in Manhattan. Eine akutelle Studie gibt Aufschluss \u00fcber Schweizer Verh\u00e4ltnisse. (Bild: Depositphotos_viepoint).\"},{\"@type\":\"BreadcrumbList\",\"@id\":\"https:\\\/\\\/www.organisator.ch\\\/en\\\/general\\\/2017-05-16\\\/urbane-mobilitaet-im-fokus\\\/#breadcrumb\",\"itemListElement\":[{\"@type\":\"ListItem\",\"position\":1,\"name\":\"Home\",\"item\":\"https:\\\/\\\/www.organisator.ch\\\/\"},{\"@type\":\"ListItem\",\"position\":2,\"name\":\"Urbane Mobilit\u00e4t im Fokus\"}]},{\"@type\":\"WebSite\",\"@id\":\"https:\\\/\\\/www.organisator.ch\\\/#website\",\"url\":\"https:\\\/\\\/www.organisator.ch\\\/\",\"name\":\"Organisator\",\"description\":\"Kompetent. Praxisnah. Der ORGANISATOR bereitet in 10 Ausgaben pro Jahr die wesentlichen Themen f\u00fcr F\u00fchrungskr\u00e4fte von KMU auf.\",\"publisher\":{\"@id\":\"https:\\\/\\\/www.organisator.ch\\\/#organization\"},\"potentialAction\":[{\"@type\":\"SearchAction\",\"target\":{\"@type\":\"EntryPoint\",\"urlTemplate\":\"https:\\\/\\\/www.organisator.ch\\\/?s={search_term_string}\"},\"query-input\":{\"@type\":\"PropertyValueSpecification\",\"valueRequired\":true,\"valueName\":\"search_term_string\"}}],\"inLanguage\":\"de\"},{\"@type\":\"Organization\",\"@id\":\"https:\\\/\\\/www.organisator.ch\\\/#organization\",\"name\":\"Organisator\",\"url\":\"https:\\\/\\\/www.organisator.ch\\\/\",\"logo\":{\"@type\":\"ImageObject\",\"inLanguage\":\"de\",\"@id\":\"https:\\\/\\\/www.organisator.ch\\\/#\\\/schema\\\/logo\\\/image\\\/\",\"url\":\"https:\\\/\\\/www.organisator.ch\\\/wp-content\\\/uploads\\\/2022\\\/01\\\/Logo_Organisator_Website.png\",\"contentUrl\":\"https:\\\/\\\/www.organisator.ch\\\/wp-content\\\/uploads\\\/2022\\\/01\\\/Logo_Organisator_Website.png\",\"width\":800,\"height\":77,\"caption\":\"Organisator\"},\"image\":{\"@id\":\"https:\\\/\\\/www.organisator.ch\\\/#\\\/schema\\\/logo\\\/image\\\/\"},\"sameAs\":[\"https:\\\/\\\/www.facebook.com\\\/OrganisatorFachmagazin\",\"https:\\\/\\\/www.linkedin.com\\\/showcase\\\/organisator-das-magazin-fr-kmu\",\"https:\\\/\\\/www.xing.com\\\/news\\\/pages\\\/organisator-ch-695\",\"https:\\\/\\\/www.youtube.com\\\/channel\\\/UCGP2Sq0iWaZwT3BdIAQFYpw\"]},{\"@type\":\"Person\",\"@id\":\"https:\\\/\\\/www.organisator.ch\\\/#\\\/schema\\\/person\\\/134708ca9321c57b0362cceb7948ffbd\",\"name\":\"michael.merz\",\"image\":{\"@type\":\"ImageObject\",\"inLanguage\":\"de\",\"@id\":\"https:\\\/\\\/secure.gravatar.com\\\/avatar\\\/?s=96&d=mm&r=g\",\"url\":\"https:\\\/\\\/secure.gravatar.com\\\/avatar\\\/?s=96&d=mm&r=g\",\"contentUrl\":\"https:\\\/\\\/secure.gravatar.com\\\/avatar\\\/?s=96&d=mm&r=g\",\"caption\":\"michael.merz\"},\"url\":\"https:\\\/\\\/www.organisator.ch\\\/de\\\/author\\\/michael-merz\\\/\"}]}<\/script>\n<!-- \/ Yoast SEO plugin. -->","yoast_head_json":{"title":"Urbane Mobilit\u00e4t im Fokus - Organisator","description":"Neben dem Schwerpunktthema \"Mobilit\u00e4t\" liefert die \"Statistik der Schweizer St\u00e4dte 2017\" Informationen und Fakten zu Themen wie \"Bev\u00f6lkerungsentwicklung\".","robots":{"index":"index","follow":"follow","max-snippet":"max-snippet:-1","max-image-preview":"max-image-preview:large","max-video-preview":"max-video-preview:-1"},"canonical":"https:\/\/www.organisator.ch\/de\/allgemein\/2017-05-16\/urbane-mobilitaet-im-fokus\/","og_locale":"de_DE","og_type":"article","og_title":"Urbane Mobilit\u00e4t im Fokus - Organisator","og_description":"Neben dem Schwerpunktthema \"Mobilit\u00e4t\" liefert die \"Statistik der Schweizer St\u00e4dte 2017\" Informationen und Fakten zu Themen wie \"Bev\u00f6lkerungsentwicklung\".","og_url":"https:\/\/www.organisator.ch\/de\/allgemein\/2017-05-16\/urbane-mobilitaet-im-fokus\/","og_site_name":"Organisator","article_publisher":"https:\/\/www.facebook.com\/OrganisatorFachmagazin","article_published_time":"2017-05-16T07:47:05+00:00","og_image":[{"width":640,"height":424,"url":"https:\/\/www.organisator.ch\/wp-content\/uploads\/2017\/05\/Urbane-Mobilitaet-im-Fokus_org-organisator.jpg","type":"image\/jpeg"}],"author":"michael.merz","twitter_card":"summary_large_image","schema":{"@context":"https:\/\/schema.org","@graph":[{"@type":"Article","@id":"https:\/\/www.organisator.ch\/en\/general\/2017-05-16\/urbane-mobilitaet-im-fokus\/#article","isPartOf":{"@id":"https:\/\/www.organisator.ch\/en\/general\/2017-05-16\/urbane-mobilitaet-im-fokus\/"},"author":{"name":"michael.merz","@id":"https:\/\/www.organisator.ch\/#\/schema\/person\/134708ca9321c57b0362cceb7948ffbd"},"headline":"Urbane Mobilit\u00e4t im Fokus","datePublished":"2017-05-16T07:47:05+00:00","mainEntityOfPage":{"@id":"https:\/\/www.organisator.ch\/en\/general\/2017-05-16\/urbane-mobilitaet-im-fokus\/"},"wordCount":423,"commentCount":0,"publisher":{"@id":"https:\/\/www.organisator.ch\/#organization"},"image":{"@id":"https:\/\/www.organisator.ch\/en\/general\/2017-05-16\/urbane-mobilitaet-im-fokus\/#primaryimage"},"thumbnailUrl":"https:\/\/www.organisator.ch\/wp-content\/uploads\/2017\/05\/Urbane-Mobilitaet-im-Fokus_org-organisator.jpg","keywords":["Bundesamt f\u00fcr Statistik","Mobilit\u00e4t","Schweiz","Studie"],"inLanguage":"de"},{"@type":"WebPage","@id":"https:\/\/www.organisator.ch\/en\/general\/2017-05-16\/urbane-mobilitaet-im-fokus\/","url":"https:\/\/www.organisator.ch\/en\/general\/2017-05-16\/urbane-mobilitaet-im-fokus\/","name":"Urbane Mobilit\u00e4t im Fokus - Organisator","isPartOf":{"@id":"https:\/\/www.organisator.ch\/#website"},"primaryImageOfPage":{"@id":"https:\/\/www.organisator.ch\/en\/general\/2017-05-16\/urbane-mobilitaet-im-fokus\/#primaryimage"},"image":{"@id":"https:\/\/www.organisator.ch\/en\/general\/2017-05-16\/urbane-mobilitaet-im-fokus\/#primaryimage"},"thumbnailUrl":"https:\/\/www.organisator.ch\/wp-content\/uploads\/2017\/05\/Urbane-Mobilitaet-im-Fokus_org-organisator.jpg","datePublished":"2017-05-16T07:47:05+00:00","description":"Neben dem Schwerpunktthema \"Mobilit\u00e4t\" liefert die \"Statistik der Schweizer St\u00e4dte 2017\" Informationen und Fakten zu Themen wie \"Bev\u00f6lkerungsentwicklung\".","breadcrumb":{"@id":"https:\/\/www.organisator.ch\/en\/general\/2017-05-16\/urbane-mobilitaet-im-fokus\/#breadcrumb"},"inLanguage":"de","potentialAction":[{"@type":"ReadAction","target":["https:\/\/www.organisator.ch\/en\/general\/2017-05-16\/urbane-mobilitaet-im-fokus\/"]}]},{"@type":"ImageObject","inLanguage":"de","@id":"https:\/\/www.organisator.ch\/en\/general\/2017-05-16\/urbane-mobilitaet-im-fokus\/#primaryimage","url":"https:\/\/www.organisator.ch\/wp-content\/uploads\/2017\/05\/Urbane-Mobilitaet-im-Fokus_org-organisator.jpg","contentUrl":"https:\/\/www.organisator.ch\/wp-content\/uploads\/2017\/05\/Urbane-Mobilitaet-im-Fokus_org-organisator.jpg","width":640,"height":424,"caption":"Ein Schmelztiegel in New York City auf der 7th Avenue in Manhattan. Eine akutelle Studie gibt Aufschluss \u00fcber Schweizer Verh\u00e4ltnisse. (Bild: Depositphotos_viepoint)."},{"@type":"BreadcrumbList","@id":"https:\/\/www.organisator.ch\/en\/general\/2017-05-16\/urbane-mobilitaet-im-fokus\/#breadcrumb","itemListElement":[{"@type":"ListItem","position":1,"name":"Home","item":"https:\/\/www.organisator.ch\/"},{"@type":"ListItem","position":2,"name":"Urbane Mobilit\u00e4t im Fokus"}]},{"@type":"WebSite","@id":"https:\/\/www.organisator.ch\/#website","url":"https:\/\/www.organisator.ch\/","name":"Organisator","description":"Kompetent. Praxisnah. Der ORGANISATOR bereitet in 10 Ausgaben pro Jahr die wesentlichen Themen f\u00fcr F\u00fchrungskr\u00e4fte von KMU auf.","publisher":{"@id":"https:\/\/www.organisator.ch\/#organization"},"potentialAction":[{"@type":"SearchAction","target":{"@type":"EntryPoint","urlTemplate":"https:\/\/www.organisator.ch\/?s={search_term_string}"},"query-input":{"@type":"PropertyValueSpecification","valueRequired":true,"valueName":"search_term_string"}}],"inLanguage":"de"},{"@type":"Organization","@id":"https:\/\/www.organisator.ch\/#organization","name":"Organisator","url":"https:\/\/www.organisator.ch\/","logo":{"@type":"ImageObject","inLanguage":"de","@id":"https:\/\/www.organisator.ch\/#\/schema\/logo\/image\/","url":"https:\/\/www.organisator.ch\/wp-content\/uploads\/2022\/01\/Logo_Organisator_Website.png","contentUrl":"https:\/\/www.organisator.ch\/wp-content\/uploads\/2022\/01\/Logo_Organisator_Website.png","width":800,"height":77,"caption":"Organisator"},"image":{"@id":"https:\/\/www.organisator.ch\/#\/schema\/logo\/image\/"},"sameAs":["https:\/\/www.facebook.com\/OrganisatorFachmagazin","https:\/\/www.linkedin.com\/showcase\/organisator-das-magazin-fr-kmu","https:\/\/www.xing.com\/news\/pages\/organisator-ch-695","https:\/\/www.youtube.com\/channel\/UCGP2Sq0iWaZwT3BdIAQFYpw"]},{"@type":"Person","@id":"https:\/\/www.organisator.ch\/#\/schema\/person\/134708ca9321c57b0362cceb7948ffbd","name":"michael.merz","image":{"@type":"ImageObject","inLanguage":"de","@id":"https:\/\/secure.gravatar.com\/avatar\/?s=96&d=mm&r=g","url":"https:\/\/secure.gravatar.com\/avatar\/?s=96&d=mm&r=g","contentUrl":"https:\/\/secure.gravatar.com\/avatar\/?s=96&d=mm&r=g","caption":"michael.merz"},"url":"https:\/\/www.organisator.ch\/de\/author\/michael-merz\/"}]}},"_links":{"self":[{"href":"https:\/\/www.organisator.ch\/de\/wp-json\/wp\/v2\/posts\/1929","targetHints":{"allow":["GET"]}}],"collection":[{"href":"https:\/\/www.organisator.ch\/de\/wp-json\/wp\/v2\/posts"}],"about":[{"href":"https:\/\/www.organisator.ch\/de\/wp-json\/wp\/v2\/types\/post"}],"author":[{"embeddable":true,"href":"https:\/\/www.organisator.ch\/de\/wp-json\/wp\/v2\/users\/5"}],"replies":[{"embeddable":true,"href":"https:\/\/www.organisator.ch\/de\/wp-json\/wp\/v2\/comments?post=1929"}],"version-history":[{"count":0,"href":"https:\/\/www.organisator.ch\/de\/wp-json\/wp\/v2\/posts\/1929\/revisions"}],"wp:featuredmedia":[{"embeddable":true,"href":"https:\/\/www.organisator.ch\/de\/wp-json\/wp\/v2\/media\/1930"}],"wp:attachment":[{"href":"https:\/\/www.organisator.ch\/de\/wp-json\/wp\/v2\/media?parent=1929"}],"wp:term":[{"taxonomy":"category","embeddable":true,"href":"https:\/\/www.organisator.ch\/de\/wp-json\/wp\/v2\/categories?post=1929"},{"taxonomy":"post_tag","embeddable":true,"href":"https:\/\/www.organisator.ch\/de\/wp-json\/wp\/v2\/tags?post=1929"}],"curies":[{"name":"wp","href":"https:\/\/api.w.org\/{rel}","templated":true}]}}