{"id":19330,"date":"2023-03-20T15:33:01","date_gmt":"2023-03-20T14:33:01","guid":{"rendered":"https:\/\/www.organisator.ch\/?p=19330"},"modified":"2023-03-20T15:33:01","modified_gmt":"2023-03-20T14:33:01","slug":"bankenkrise-schlaegt-nun-die-stunde-der-kryptowaehrungen","status":"publish","type":"post","link":"https:\/\/www.organisator.ch\/de\/management\/finanzen_recht\/2023-03-20\/bankenkrise-schlaegt-nun-die-stunde-der-kryptowaehrungen\/","title":{"rendered":"Bankenkrise: Schl\u00e4gt nun die Stunde der Kryptow\u00e4hrungen?"},"content":{"rendered":"<figure id=\"attachment_19331\" aria-describedby=\"caption-attachment-19331\" style=\"width: 680px\" class=\"wp-caption alignnone\"><img loading=\"lazy\" decoding=\"async\" class=\"size-full wp-image-19331\" src=\"https:\/\/www.organisator.ch\/wp-content\/uploads\/2023\/03\/Bankenkrise-Schlaegt-nun-die-Stunde-der-Kryptowaehrungen_Organisator.jpg\" alt=\"\" width=\"680\" height=\"442\" srcset=\"https:\/\/www.organisator.ch\/wp-content\/uploads\/2023\/03\/Bankenkrise-Schlaegt-nun-die-Stunde-der-Kryptowaehrungen_Organisator.jpg 680w, https:\/\/www.organisator.ch\/wp-content\/uploads\/2023\/03\/Bankenkrise-Schlaegt-nun-die-Stunde-der-Kryptowaehrungen_Organisator-18x12.jpg 18w, https:\/\/www.organisator.ch\/wp-content\/uploads\/2023\/03\/Bankenkrise-Schlaegt-nun-die-Stunde-der-Kryptowaehrungen_Organisator-375x244.jpg 375w, https:\/\/www.organisator.ch\/wp-content\/uploads\/2023\/03\/Bankenkrise-Schlaegt-nun-die-Stunde-der-Kryptowaehrungen_Organisator-538x350.jpg 538w\" sizes=\"auto, (max-width: 680px) 100vw, 680px\" \/><figcaption id=\"caption-attachment-19331\" class=\"wp-caption-text\">Laut Bitcoin-Experte Pascal H\u00fcgli k\u00f6nnte die Bankenkrise eine Flucht in Krypoassets beschleunigen. (Bild: zVg \/ HWZ)<\/figcaption><\/figure>\n<p>In der Schweiz musste die Credit Suisse mit der UBS zwangsfusioniert werden \u2013 alles mit der tatkr\u00e4ftigen Unterst\u00fctzung durch die Schweizerische Nationalbank. Beiden Banken wird uneingeschr\u00e4nkter Zugang zu den Einrichtungen der Schweizer Nationalbank erm\u00f6glicht. F\u00fcr Pascal H\u00fcgli, Bitcoin-Experte und Dozent \u00fcber Blockchain und Kryptoassets an der HWZ, ist klar: &#8222;Was uns die gegenw\u00e4rtige Situation vor Augen f\u00fchrt: Immer mehr Menschen wird gerade bewusst, dass eine Bankeinlage ein ungesicherter Kredit ist, der an eine Gegenpartei gebunden ist. Vom einen auf den anderen Tag ist die Suche nach Alternativen einmal mehr losgetreten \u2013 wie schon zu Beginn der Finanzkrise von 2008.&#8220;<\/p>\n<h3>Flucht in Bitcoin wegen Bankenkrise?<\/h3>\n<p>Pascal H\u00fcgli, der neben seiner Dozenten-T\u00e4tigkeit heute auch Inhaber von <a href=\"https:\/\/www.insightdefi.com\/\" target=\"_blank\" rel=\"noopener\">Insight DeFi<\/a> ist, einer Content- und Beratungsagentur mit Fokus auf Kryptoassets, merkt weiter an, dass es damals allerdings noch keine Kryptow\u00e4hrungen wie Bitcoin gab. Dieser hat kein Gegenparteirisiko und kann eigenst\u00e4ndig gehalten werden. Der digitale Kryptowert wurde aber erst im Zuge der letzten Finanzkrise als m\u00f6gliche Antwort geschaffen. Wie die vergangenen Tage zeigen, scheint das Narrative von Bitcoin als Alternative denn auch zu verfangen, so der Bitcoin-Experte.<\/p>\n<p>So ist das Kryptoasset seit den ersten Tumulten rund um die Silicon Valley Bank vor etwas mehr als einer Woche gegen\u00fcber dem US-Dollar um \u00fcber 30% im Wert gestiegen (bei Ver\u00f6ffentlichung dieses Beitrags stand er bei \u00fcber 25900 Franken, allerdings mit sinkender Tendenz, Anm. d. Red.). Gold hat \u00fcber den \u00e4hnlichen Zeitrahmen eine Preissteigerung von ungef\u00e4hr 6% hingelegt, w\u00e4hrend der Schweizer Franken im Vergleich zum US-Dollar nachgegeben hat. Bitcoin als Fluchtw\u00e4hrung also?<\/p>\n<h3>Anlegerinnen und Anleger wollen Alternativen<\/h3>\n<p>F\u00fcr H\u00fcgli hat die Kursreaktion folgenden Grund: &#8222;Der starke Anstieg Bitcoins in dieser kurzen Frist d\u00fcrfte vor allem darauf zur\u00fcckzuf\u00fchren sein, dass Bitcoin-Investoren aufgrund der Gegebenheiten das Ende des Zinsaufw\u00e4rtszyklus antizipieren&#8220;. Er ist jedoch der \u00dcberzeugung, dass die aktuellen Ereignisse ein Bitcoin-Investment jedoch mittel- bis langfristig immer st\u00e4rker legitimieren werden. Die Menschen werden Alternativen wollen und in einer digitalen Welt wird man nicht um Bitcoin herumkommen. H\u00fcgli sp\u00fcrt diesen Trend bereits in den ersten Anfragen von Family Offices und Verm\u00f6gensverwaltern, die in diesen Tagen kontaktieren.<\/p>\n","protected":false},"excerpt":{"rendered":"<p>In der Schweiz musste die Credit Suisse mit der UBS zwangsfusioniert werden \u2013 alles mit der tatkr\u00e4ftigen Unterst\u00fctzung durch die Schweizerische Nationalbank. Beiden Banken wird uneingeschr\u00e4nkter Zugang zu den Einrichtungen der Schweizer Nationalbank erm\u00f6glicht. F\u00fcr Pascal H\u00fcgli, Bitcoin-Experte und Dozent \u00fcber Blockchain und Kryptoassets an der HWZ, ist klar: &#8222;Was uns die gegenw\u00e4rtige Situation vor [&hellip;]<\/p>\n","protected":false},"author":4,"featured_media":19331,"comment_status":"closed","ping_status":"closed","sticky":false,"template":"","format":"standard","meta":{"_acf_changed":false,"_yoast_wpseo_focuskw":"Bankenkrise","_yoast_wpseo_metadesc":"Auch nach der \u00dcbernahme der CS durch die UBS h\u00e4lt Bankenkrise die Welt auf Trab. Folgt nun eine Flucht in Kryptow\u00e4hrungen?","articlekey":"","footnotes":""},"categories":[24],"tags":[3682,84,201,316],"class_list":["post-19330","post","type-post","status-publish","format-standard","has-post-thumbnail","hentry","category-finanzen_recht","tag-bankenkrise","tag-bitcoins","tag-finanzen","tag-kryptowaehrung"],"acf":[],"yoast_head":"<!-- This site is optimized with the Yoast SEO plugin v27.5 - https:\/\/yoast.com\/product\/yoast-seo-wordpress\/ -->\n<title>Bankenkrise: Schl\u00e4gt nun die Stunde der Kryptow\u00e4hrungen? - Organisator<\/title>\n<meta name=\"description\" content=\"Auch nach der \u00dcbernahme der CS durch die UBS h\u00e4lt Bankenkrise die Welt auf Trab. Folgt nun eine Flucht in Kryptow\u00e4hrungen?\" \/>\n<meta name=\"robots\" content=\"index, follow, max-snippet:-1, max-image-preview:large, max-video-preview:-1\" \/>\n<link rel=\"canonical\" href=\"https:\/\/www.organisator.ch\/de\/management\/finanzen_recht\/2023-03-20\/bankenkrise-schlaegt-nun-die-stunde-der-kryptowaehrungen\/\" \/>\n<meta property=\"og:locale\" content=\"de_DE\" \/>\n<meta property=\"og:type\" content=\"article\" \/>\n<meta property=\"og:title\" content=\"Bankenkrise: Schl\u00e4gt nun die Stunde der Kryptow\u00e4hrungen?\" \/>\n<meta property=\"og:description\" content=\"Auch nach der \u00dcbernahme der CS durch die UBS h\u00e4lt Bankenkrise die Welt auf Trab. Folgt nun eine Flucht in Kryptow\u00e4hrungen?\" \/>\n<meta property=\"og:url\" content=\"https:\/\/www.organisator.ch\/de\/management\/finanzen_recht\/2023-03-20\/bankenkrise-schlaegt-nun-die-stunde-der-kryptowaehrungen\/\" \/>\n<meta property=\"og:site_name\" content=\"Organisator\" \/>\n<meta property=\"article:publisher\" content=\"https:\/\/www.facebook.com\/OrganisatorFachmagazin\" \/>\n<meta property=\"article:published_time\" content=\"2023-03-20T14:33:01+00:00\" \/>\n<meta property=\"og:image\" content=\"https:\/\/www.organisator.ch\/wp-content\/uploads\/2023\/03\/Bankenkrise-Schlaegt-nun-die-Stunde-der-Kryptowaehrungen_Organisator.jpg\" \/>\n\t<meta property=\"og:image:width\" content=\"680\" \/>\n\t<meta property=\"og:image:height\" content=\"442\" \/>\n\t<meta property=\"og:image:type\" content=\"image\/jpeg\" \/>\n<meta name=\"author\" content=\"thomas.berner\" \/>\n<meta name=\"twitter:card\" content=\"summary_large_image\" \/>\n<meta name=\"twitter:title\" content=\"#Bankenkrise: Schl\u00e4gt nun die Stunde der #Kryptow\u00e4hrungen?\" \/>\n<meta name=\"twitter:description\" content=\"Auch nach der \u00dcbernahme der #CS durch die #UBS h\u00e4lt #Bankenkrise die Welt auf Trab. Folgt nun eine Flucht in #Kryptow\u00e4hrungen?\" \/>\n<meta name=\"twitter:image\" content=\"https:\/\/www.organisator.ch\/wp-content\/uploads\/2023\/03\/Bankenkrise-Schlaegt-nun-die-Stunde-der-Kryptowaehrungen_Organisator.jpg\" \/>\n<script type=\"application\/ld+json\" class=\"yoast-schema-graph\">{\"@context\":\"https:\\\/\\\/schema.org\",\"@graph\":[{\"@type\":\"Article\",\"@id\":\"https:\\\/\\\/www.organisator.ch\\\/management\\\/finanzen_recht\\\/2023-03-20\\\/bankenkrise-schlaegt-nun-die-stunde-der-kryptowaehrungen\\\/#article\",\"isPartOf\":{\"@id\":\"https:\\\/\\\/www.organisator.ch\\\/management\\\/finanzen_recht\\\/2023-03-20\\\/bankenkrise-schlaegt-nun-die-stunde-der-kryptowaehrungen\\\/\"},\"author\":{\"name\":\"thomas.berner\",\"@id\":\"https:\\\/\\\/www.organisator.ch\\\/#\\\/schema\\\/person\\\/6f650f90b2842cd4c0cc334b4e36f67e\"},\"headline\":\"Bankenkrise: Schl\u00e4gt nun die Stunde der Kryptow\u00e4hrungen?\",\"datePublished\":\"2023-03-20T14:33:01+00:00\",\"mainEntityOfPage\":{\"@id\":\"https:\\\/\\\/www.organisator.ch\\\/management\\\/finanzen_recht\\\/2023-03-20\\\/bankenkrise-schlaegt-nun-die-stunde-der-kryptowaehrungen\\\/\"},\"wordCount\":398,\"publisher\":{\"@id\":\"https:\\\/\\\/www.organisator.ch\\\/#organization\"},\"image\":{\"@id\":\"https:\\\/\\\/www.organisator.ch\\\/management\\\/finanzen_recht\\\/2023-03-20\\\/bankenkrise-schlaegt-nun-die-stunde-der-kryptowaehrungen\\\/#primaryimage\"},\"thumbnailUrl\":\"https:\\\/\\\/www.organisator.ch\\\/wp-content\\\/uploads\\\/2023\\\/03\\\/Bankenkrise-Schlaegt-nun-die-Stunde-der-Kryptowaehrungen_Organisator.jpg\",\"keywords\":[\"Bankenkrise\",\"Bitcoins\",\"Finanzen\",\"Kryptow\u00e4hrung\"],\"articleSection\":[\"FINANZEN\\\/RECHT\"],\"inLanguage\":\"de\"},{\"@type\":\"WebPage\",\"@id\":\"https:\\\/\\\/www.organisator.ch\\\/management\\\/finanzen_recht\\\/2023-03-20\\\/bankenkrise-schlaegt-nun-die-stunde-der-kryptowaehrungen\\\/\",\"url\":\"https:\\\/\\\/www.organisator.ch\\\/management\\\/finanzen_recht\\\/2023-03-20\\\/bankenkrise-schlaegt-nun-die-stunde-der-kryptowaehrungen\\\/\",\"name\":\"Bankenkrise: Schl\u00e4gt nun die Stunde der Kryptow\u00e4hrungen? - Organisator\",\"isPartOf\":{\"@id\":\"https:\\\/\\\/www.organisator.ch\\\/#website\"},\"primaryImageOfPage\":{\"@id\":\"https:\\\/\\\/www.organisator.ch\\\/management\\\/finanzen_recht\\\/2023-03-20\\\/bankenkrise-schlaegt-nun-die-stunde-der-kryptowaehrungen\\\/#primaryimage\"},\"image\":{\"@id\":\"https:\\\/\\\/www.organisator.ch\\\/management\\\/finanzen_recht\\\/2023-03-20\\\/bankenkrise-schlaegt-nun-die-stunde-der-kryptowaehrungen\\\/#primaryimage\"},\"thumbnailUrl\":\"https:\\\/\\\/www.organisator.ch\\\/wp-content\\\/uploads\\\/2023\\\/03\\\/Bankenkrise-Schlaegt-nun-die-Stunde-der-Kryptowaehrungen_Organisator.jpg\",\"datePublished\":\"2023-03-20T14:33:01+00:00\",\"description\":\"Auch nach der \u00dcbernahme der CS durch die UBS h\u00e4lt Bankenkrise die Welt auf Trab. Folgt nun eine Flucht in Kryptow\u00e4hrungen?\",\"breadcrumb\":{\"@id\":\"https:\\\/\\\/www.organisator.ch\\\/management\\\/finanzen_recht\\\/2023-03-20\\\/bankenkrise-schlaegt-nun-die-stunde-der-kryptowaehrungen\\\/#breadcrumb\"},\"inLanguage\":\"de\",\"potentialAction\":[{\"@type\":\"ReadAction\",\"target\":[\"https:\\\/\\\/www.organisator.ch\\\/management\\\/finanzen_recht\\\/2023-03-20\\\/bankenkrise-schlaegt-nun-die-stunde-der-kryptowaehrungen\\\/\"]}]},{\"@type\":\"ImageObject\",\"inLanguage\":\"de\",\"@id\":\"https:\\\/\\\/www.organisator.ch\\\/management\\\/finanzen_recht\\\/2023-03-20\\\/bankenkrise-schlaegt-nun-die-stunde-der-kryptowaehrungen\\\/#primaryimage\",\"url\":\"https:\\\/\\\/www.organisator.ch\\\/wp-content\\\/uploads\\\/2023\\\/03\\\/Bankenkrise-Schlaegt-nun-die-Stunde-der-Kryptowaehrungen_Organisator.jpg\",\"contentUrl\":\"https:\\\/\\\/www.organisator.ch\\\/wp-content\\\/uploads\\\/2023\\\/03\\\/Bankenkrise-Schlaegt-nun-die-Stunde-der-Kryptowaehrungen_Organisator.jpg\",\"width\":680,\"height\":442,\"caption\":\"Laut Bitcoin-Experte Pascal H\u00fcgli k\u00f6nnte die Bankenkrise eine Flucht in Krypoassets beschleunigen. (Bild: zVg \\\/ HWZ)\"},{\"@type\":\"BreadcrumbList\",\"@id\":\"https:\\\/\\\/www.organisator.ch\\\/management\\\/finanzen_recht\\\/2023-03-20\\\/bankenkrise-schlaegt-nun-die-stunde-der-kryptowaehrungen\\\/#breadcrumb\",\"itemListElement\":[{\"@type\":\"ListItem\",\"position\":1,\"name\":\"Home\",\"item\":\"https:\\\/\\\/www.organisator.ch\\\/\"},{\"@type\":\"ListItem\",\"position\":2,\"name\":\"Bankenkrise: Schl\u00e4gt nun die Stunde der Kryptow\u00e4hrungen?\"}]},{\"@type\":\"WebSite\",\"@id\":\"https:\\\/\\\/www.organisator.ch\\\/#website\",\"url\":\"https:\\\/\\\/www.organisator.ch\\\/\",\"name\":\"Organisator\",\"description\":\"Kompetent. Praxisnah. Der ORGANISATOR bereitet in 10 Ausgaben pro Jahr die wesentlichen Themen f\u00fcr F\u00fchrungskr\u00e4fte von KMU auf.\",\"publisher\":{\"@id\":\"https:\\\/\\\/www.organisator.ch\\\/#organization\"},\"potentialAction\":[{\"@type\":\"SearchAction\",\"target\":{\"@type\":\"EntryPoint\",\"urlTemplate\":\"https:\\\/\\\/www.organisator.ch\\\/?s={search_term_string}\"},\"query-input\":{\"@type\":\"PropertyValueSpecification\",\"valueRequired\":true,\"valueName\":\"search_term_string\"}}],\"inLanguage\":\"de\"},{\"@type\":\"Organization\",\"@id\":\"https:\\\/\\\/www.organisator.ch\\\/#organization\",\"name\":\"Organisator\",\"url\":\"https:\\\/\\\/www.organisator.ch\\\/\",\"logo\":{\"@type\":\"ImageObject\",\"inLanguage\":\"de\",\"@id\":\"https:\\\/\\\/www.organisator.ch\\\/#\\\/schema\\\/logo\\\/image\\\/\",\"url\":\"https:\\\/\\\/www.organisator.ch\\\/wp-content\\\/uploads\\\/2022\\\/01\\\/Logo_Organisator_Website.png\",\"contentUrl\":\"https:\\\/\\\/www.organisator.ch\\\/wp-content\\\/uploads\\\/2022\\\/01\\\/Logo_Organisator_Website.png\",\"width\":800,\"height\":77,\"caption\":\"Organisator\"},\"image\":{\"@id\":\"https:\\\/\\\/www.organisator.ch\\\/#\\\/schema\\\/logo\\\/image\\\/\"},\"sameAs\":[\"https:\\\/\\\/www.facebook.com\\\/OrganisatorFachmagazin\",\"https:\\\/\\\/www.linkedin.com\\\/showcase\\\/organisator-das-magazin-fr-kmu\",\"https:\\\/\\\/www.xing.com\\\/news\\\/pages\\\/organisator-ch-695\",\"https:\\\/\\\/www.youtube.com\\\/channel\\\/UCGP2Sq0iWaZwT3BdIAQFYpw\"]},{\"@type\":\"Person\",\"@id\":\"https:\\\/\\\/www.organisator.ch\\\/#\\\/schema\\\/person\\\/6f650f90b2842cd4c0cc334b4e36f67e\",\"name\":\"thomas.berner\",\"image\":{\"@type\":\"ImageObject\",\"inLanguage\":\"de\",\"@id\":\"https:\\\/\\\/secure.gravatar.com\\\/avatar\\\/ac5001d2a36cb6c6cd3e50789007ffca834b477b74a2144564522e944eabff61?s=96&d=mm&r=g\",\"url\":\"https:\\\/\\\/secure.gravatar.com\\\/avatar\\\/ac5001d2a36cb6c6cd3e50789007ffca834b477b74a2144564522e944eabff61?s=96&d=mm&r=g\",\"contentUrl\":\"https:\\\/\\\/secure.gravatar.com\\\/avatar\\\/ac5001d2a36cb6c6cd3e50789007ffca834b477b74a2144564522e944eabff61?s=96&d=mm&r=g\",\"caption\":\"thomas.berner\"},\"url\":\"https:\\\/\\\/www.organisator.ch\\\/de\\\/author\\\/thomas-berner\\\/\"}]}<\/script>\n<!-- \/ Yoast SEO plugin. -->","yoast_head_json":{"title":"Bankenkrise: Schl\u00e4gt nun die Stunde der Kryptow\u00e4hrungen? - Organisator","description":"Auch nach der \u00dcbernahme der CS durch die UBS h\u00e4lt Bankenkrise die Welt auf Trab. Folgt nun eine Flucht in Kryptow\u00e4hrungen?","robots":{"index":"index","follow":"follow","max-snippet":"max-snippet:-1","max-image-preview":"max-image-preview:large","max-video-preview":"max-video-preview:-1"},"canonical":"https:\/\/www.organisator.ch\/de\/management\/finanzen_recht\/2023-03-20\/bankenkrise-schlaegt-nun-die-stunde-der-kryptowaehrungen\/","og_locale":"de_DE","og_type":"article","og_title":"Bankenkrise: Schl\u00e4gt nun die Stunde der Kryptow\u00e4hrungen?","og_description":"Auch nach der \u00dcbernahme der CS durch die UBS h\u00e4lt Bankenkrise die Welt auf Trab. Folgt nun eine Flucht in Kryptow\u00e4hrungen?","og_url":"https:\/\/www.organisator.ch\/de\/management\/finanzen_recht\/2023-03-20\/bankenkrise-schlaegt-nun-die-stunde-der-kryptowaehrungen\/","og_site_name":"Organisator","article_publisher":"https:\/\/www.facebook.com\/OrganisatorFachmagazin","article_published_time":"2023-03-20T14:33:01+00:00","og_image":[{"width":680,"height":442,"url":"https:\/\/www.organisator.ch\/wp-content\/uploads\/2023\/03\/Bankenkrise-Schlaegt-nun-die-Stunde-der-Kryptowaehrungen_Organisator.jpg","type":"image\/jpeg"}],"author":"thomas.berner","twitter_card":"summary_large_image","twitter_title":"#Bankenkrise: Schl\u00e4gt nun die Stunde der #Kryptow\u00e4hrungen?","twitter_description":"Auch nach der \u00dcbernahme der #CS durch die #UBS h\u00e4lt #Bankenkrise die Welt auf Trab. Folgt nun eine Flucht in #Kryptow\u00e4hrungen?","twitter_image":"https:\/\/www.organisator.ch\/wp-content\/uploads\/2023\/03\/Bankenkrise-Schlaegt-nun-die-Stunde-der-Kryptowaehrungen_Organisator.jpg","schema":{"@context":"https:\/\/schema.org","@graph":[{"@type":"Article","@id":"https:\/\/www.organisator.ch\/management\/finanzen_recht\/2023-03-20\/bankenkrise-schlaegt-nun-die-stunde-der-kryptowaehrungen\/#article","isPartOf":{"@id":"https:\/\/www.organisator.ch\/management\/finanzen_recht\/2023-03-20\/bankenkrise-schlaegt-nun-die-stunde-der-kryptowaehrungen\/"},"author":{"name":"thomas.berner","@id":"https:\/\/www.organisator.ch\/#\/schema\/person\/6f650f90b2842cd4c0cc334b4e36f67e"},"headline":"Bankenkrise: Schl\u00e4gt nun die Stunde der Kryptow\u00e4hrungen?","datePublished":"2023-03-20T14:33:01+00:00","mainEntityOfPage":{"@id":"https:\/\/www.organisator.ch\/management\/finanzen_recht\/2023-03-20\/bankenkrise-schlaegt-nun-die-stunde-der-kryptowaehrungen\/"},"wordCount":398,"publisher":{"@id":"https:\/\/www.organisator.ch\/#organization"},"image":{"@id":"https:\/\/www.organisator.ch\/management\/finanzen_recht\/2023-03-20\/bankenkrise-schlaegt-nun-die-stunde-der-kryptowaehrungen\/#primaryimage"},"thumbnailUrl":"https:\/\/www.organisator.ch\/wp-content\/uploads\/2023\/03\/Bankenkrise-Schlaegt-nun-die-Stunde-der-Kryptowaehrungen_Organisator.jpg","keywords":["Bankenkrise","Bitcoins","Finanzen","Kryptow\u00e4hrung"],"articleSection":["FINANZEN\/RECHT"],"inLanguage":"de"},{"@type":"WebPage","@id":"https:\/\/www.organisator.ch\/management\/finanzen_recht\/2023-03-20\/bankenkrise-schlaegt-nun-die-stunde-der-kryptowaehrungen\/","url":"https:\/\/www.organisator.ch\/management\/finanzen_recht\/2023-03-20\/bankenkrise-schlaegt-nun-die-stunde-der-kryptowaehrungen\/","name":"Bankenkrise: Schl\u00e4gt nun die Stunde der Kryptow\u00e4hrungen? - Organisator","isPartOf":{"@id":"https:\/\/www.organisator.ch\/#website"},"primaryImageOfPage":{"@id":"https:\/\/www.organisator.ch\/management\/finanzen_recht\/2023-03-20\/bankenkrise-schlaegt-nun-die-stunde-der-kryptowaehrungen\/#primaryimage"},"image":{"@id":"https:\/\/www.organisator.ch\/management\/finanzen_recht\/2023-03-20\/bankenkrise-schlaegt-nun-die-stunde-der-kryptowaehrungen\/#primaryimage"},"thumbnailUrl":"https:\/\/www.organisator.ch\/wp-content\/uploads\/2023\/03\/Bankenkrise-Schlaegt-nun-die-Stunde-der-Kryptowaehrungen_Organisator.jpg","datePublished":"2023-03-20T14:33:01+00:00","description":"Auch nach der \u00dcbernahme der CS durch die UBS h\u00e4lt Bankenkrise die Welt auf Trab. Folgt nun eine Flucht in Kryptow\u00e4hrungen?","breadcrumb":{"@id":"https:\/\/www.organisator.ch\/management\/finanzen_recht\/2023-03-20\/bankenkrise-schlaegt-nun-die-stunde-der-kryptowaehrungen\/#breadcrumb"},"inLanguage":"de","potentialAction":[{"@type":"ReadAction","target":["https:\/\/www.organisator.ch\/management\/finanzen_recht\/2023-03-20\/bankenkrise-schlaegt-nun-die-stunde-der-kryptowaehrungen\/"]}]},{"@type":"ImageObject","inLanguage":"de","@id":"https:\/\/www.organisator.ch\/management\/finanzen_recht\/2023-03-20\/bankenkrise-schlaegt-nun-die-stunde-der-kryptowaehrungen\/#primaryimage","url":"https:\/\/www.organisator.ch\/wp-content\/uploads\/2023\/03\/Bankenkrise-Schlaegt-nun-die-Stunde-der-Kryptowaehrungen_Organisator.jpg","contentUrl":"https:\/\/www.organisator.ch\/wp-content\/uploads\/2023\/03\/Bankenkrise-Schlaegt-nun-die-Stunde-der-Kryptowaehrungen_Organisator.jpg","width":680,"height":442,"caption":"Laut Bitcoin-Experte Pascal H\u00fcgli k\u00f6nnte die Bankenkrise eine Flucht in Krypoassets beschleunigen. (Bild: zVg \/ HWZ)"},{"@type":"BreadcrumbList","@id":"https:\/\/www.organisator.ch\/management\/finanzen_recht\/2023-03-20\/bankenkrise-schlaegt-nun-die-stunde-der-kryptowaehrungen\/#breadcrumb","itemListElement":[{"@type":"ListItem","position":1,"name":"Home","item":"https:\/\/www.organisator.ch\/"},{"@type":"ListItem","position":2,"name":"Bankenkrise: Schl\u00e4gt nun die Stunde der Kryptow\u00e4hrungen?"}]},{"@type":"WebSite","@id":"https:\/\/www.organisator.ch\/#website","url":"https:\/\/www.organisator.ch\/","name":"Organisator","description":"Kompetent. Praxisnah. Der ORGANISATOR bereitet in 10 Ausgaben pro Jahr die wesentlichen Themen f\u00fcr F\u00fchrungskr\u00e4fte von KMU auf.","publisher":{"@id":"https:\/\/www.organisator.ch\/#organization"},"potentialAction":[{"@type":"SearchAction","target":{"@type":"EntryPoint","urlTemplate":"https:\/\/www.organisator.ch\/?s={search_term_string}"},"query-input":{"@type":"PropertyValueSpecification","valueRequired":true,"valueName":"search_term_string"}}],"inLanguage":"de"},{"@type":"Organization","@id":"https:\/\/www.organisator.ch\/#organization","name":"Organisator","url":"https:\/\/www.organisator.ch\/","logo":{"@type":"ImageObject","inLanguage":"de","@id":"https:\/\/www.organisator.ch\/#\/schema\/logo\/image\/","url":"https:\/\/www.organisator.ch\/wp-content\/uploads\/2022\/01\/Logo_Organisator_Website.png","contentUrl":"https:\/\/www.organisator.ch\/wp-content\/uploads\/2022\/01\/Logo_Organisator_Website.png","width":800,"height":77,"caption":"Organisator"},"image":{"@id":"https:\/\/www.organisator.ch\/#\/schema\/logo\/image\/"},"sameAs":["https:\/\/www.facebook.com\/OrganisatorFachmagazin","https:\/\/www.linkedin.com\/showcase\/organisator-das-magazin-fr-kmu","https:\/\/www.xing.com\/news\/pages\/organisator-ch-695","https:\/\/www.youtube.com\/channel\/UCGP2Sq0iWaZwT3BdIAQFYpw"]},{"@type":"Person","@id":"https:\/\/www.organisator.ch\/#\/schema\/person\/6f650f90b2842cd4c0cc334b4e36f67e","name":"thomas.berner","image":{"@type":"ImageObject","inLanguage":"de","@id":"https:\/\/secure.gravatar.com\/avatar\/ac5001d2a36cb6c6cd3e50789007ffca834b477b74a2144564522e944eabff61?s=96&d=mm&r=g","url":"https:\/\/secure.gravatar.com\/avatar\/ac5001d2a36cb6c6cd3e50789007ffca834b477b74a2144564522e944eabff61?s=96&d=mm&r=g","contentUrl":"https:\/\/secure.gravatar.com\/avatar\/ac5001d2a36cb6c6cd3e50789007ffca834b477b74a2144564522e944eabff61?s=96&d=mm&r=g","caption":"thomas.berner"},"url":"https:\/\/www.organisator.ch\/de\/author\/thomas-berner\/"}]}},"_links":{"self":[{"href":"https:\/\/www.organisator.ch\/de\/wp-json\/wp\/v2\/posts\/19330","targetHints":{"allow":["GET"]}}],"collection":[{"href":"https:\/\/www.organisator.ch\/de\/wp-json\/wp\/v2\/posts"}],"about":[{"href":"https:\/\/www.organisator.ch\/de\/wp-json\/wp\/v2\/types\/post"}],"author":[{"embeddable":true,"href":"https:\/\/www.organisator.ch\/de\/wp-json\/wp\/v2\/users\/4"}],"replies":[{"embeddable":true,"href":"https:\/\/www.organisator.ch\/de\/wp-json\/wp\/v2\/comments?post=19330"}],"version-history":[{"count":1,"href":"https:\/\/www.organisator.ch\/de\/wp-json\/wp\/v2\/posts\/19330\/revisions"}],"predecessor-version":[{"id":19332,"href":"https:\/\/www.organisator.ch\/de\/wp-json\/wp\/v2\/posts\/19330\/revisions\/19332"}],"wp:featuredmedia":[{"embeddable":true,"href":"https:\/\/www.organisator.ch\/de\/wp-json\/wp\/v2\/media\/19331"}],"wp:attachment":[{"href":"https:\/\/www.organisator.ch\/de\/wp-json\/wp\/v2\/media?parent=19330"}],"wp:term":[{"taxonomy":"category","embeddable":true,"href":"https:\/\/www.organisator.ch\/de\/wp-json\/wp\/v2\/categories?post=19330"},{"taxonomy":"post_tag","embeddable":true,"href":"https:\/\/www.organisator.ch\/de\/wp-json\/wp\/v2\/tags?post=19330"}],"curies":[{"name":"wp","href":"https:\/\/api.w.org\/{rel}","templated":true}]}}