{"id":19333,"date":"2023-03-21T05:36:19","date_gmt":"2023-03-21T04:36:19","guid":{"rendered":"https:\/\/www.organisator.ch\/?p=19333"},"modified":"2023-03-20T15:48:08","modified_gmt":"2023-03-20T14:48:08","slug":"stefanie-specker-wird-ceo-der-expertsuisse-ag","status":"publish","type":"post","link":"https:\/\/www.organisator.ch\/de\/management\/2023-03-21\/stefanie-specker-wird-ceo-der-expertsuisse-ag\/","title":{"rendered":"Stefanie Specker wird CEO der EXPERTsuisse AG"},"content":{"rendered":"<figure id=\"attachment_19334\" aria-describedby=\"caption-attachment-19334\" style=\"width: 680px\" class=\"wp-caption alignnone\"><img loading=\"lazy\" decoding=\"async\" class=\"size-full wp-image-19334\" src=\"https:\/\/www.organisator.ch\/wp-content\/uploads\/2023\/03\/Stefanie-Specker-wird-CEO-der-EXPERTsuisse-AG_Organisator.jpg\" alt=\"\" width=\"680\" height=\"523\" srcset=\"https:\/\/www.organisator.ch\/wp-content\/uploads\/2023\/03\/Stefanie-Specker-wird-CEO-der-EXPERTsuisse-AG_Organisator.jpg 680w, https:\/\/www.organisator.ch\/wp-content\/uploads\/2023\/03\/Stefanie-Specker-wird-CEO-der-EXPERTsuisse-AG_Organisator-16x12.jpg 16w, https:\/\/www.organisator.ch\/wp-content\/uploads\/2023\/03\/Stefanie-Specker-wird-CEO-der-EXPERTsuisse-AG_Organisator-375x288.jpg 375w, https:\/\/www.organisator.ch\/wp-content\/uploads\/2023\/03\/Stefanie-Specker-wird-CEO-der-EXPERTsuisse-AG_Organisator-455x350.jpg 455w\" sizes=\"auto, (max-width: 680px) 100vw, 680px\" \/><figcaption id=\"caption-attachment-19334\" class=\"wp-caption-text\">Designierte CEO von EXPERTsuisse AG: Stefanie Specker. (Bild: EXPERTsuisse)<\/figcaption><\/figure>\n<p>Der Verband EXPERTsuisse versteht sich als Kompetenzentwickler und -zertifizierer f\u00fcr seine Mitglieder. Dies zeigt sich auch bereits im neusten Bildungsprogramm der Tochtergesellschaft EXPERTsuisse AG. Um diese Entwicklung bis und \u00fcber das Jahr 2025 hinaus mit den Mitgliedern weiterhin erfolgreich gestalten zu k\u00f6nnen, wurde das F\u00fchrungsteam und seine Gesch\u00e4ftsleitung kontinuierlich gest\u00e4rkt. In diesem Zusammenhang wird nun die CEO-Rolle der EXPERTsuisse AG per 1. April 2023 von Marius Klauser auf Stefanie Specker \u00fcbertragen. \u00abUns ist es wichtig, dass wir das \u00fcber die letzten Jahre professionalisierte und weiterentwickelte Gesch\u00e4ftsmodell von EXPERTsuisse AG und Verein organisatorisch und personell noch robuster abst\u00fctzen k\u00f6nnen. Stefanie Specker ist seit \u00fcber zwei Jahren f\u00fcr uns u.a. in den Rollen von CFO und CHRO t\u00e4tig und ist daher pr\u00e4destiniert f\u00fcr die \u00dcbernahme der CEO-Rolle\u00bb, erkl\u00e4rt Peter Ritter, Pr\u00e4sident von EXPERTsuisse.<\/p>\n<p>\u00abIch freue mich auf meine zus\u00e4tzliche Rolle als CEO der EXPERTsuisse AG. Unser Team ist top motiviert, um die laufenden Projekte \u2013 z.B. im Bildungs- und IT-Bereich \u2013 zum Erfolg zu bringen und um gemeinsam mit unseren externen Dialogpartnern unsere Erfolgsgeschichte fortzusetzen\u00bb, sagt Stefanie Specker, designierte CEO von EXPERTsuisse AG. \u00abEs macht Freude, diese verantwortungsvolle Rolle in die H\u00e4nde von Stefanie Specker zu \u00fcbergeben. Wir entwickeln nicht Follower, sondern Leader. Dies erm\u00f6glicht interne Nachfolgeregelungen und f\u00fcr mich ein verst\u00e4rkter Fokus auf politische Dossiers und strategische Projekte,\u00bb sagt Marius Klauser, Direktor &amp; VR-Delegierter von EXPERTsuisse.<\/p>\n<p>Derweil \u00fcbernimmt Luzia Hafen per 1. April 2023 von Marius Klauser die Rolle der Fachleitung Consulting &amp; Business Service. W\u00e4hrend des Sabbaticals von Marius Klauser (August 2023 \u2013 Januar 2024) wird Sergio Ceresola ad interim die Direktorenrolle und die Rolle der Gesch\u00e4ftsf\u00fchrung der \u00aballianz denkplatz schweiz\u00bb \u00fcbernehmen, w\u00e4hrenddem Joachim Beil ad interim die Rolle der Fachleitung Sustainability\/Governance\/Leadership \u00fcbernimmt. Michael Vonlanthen leitet weiterhin das Bildungsgesch\u00e4ft mit den wichtigen Projekten hinsichtlich der neuen Expertenlehrg\u00e4nge dipl. Wirtschaftspr\u00fcfer\/-innen und dipl. Steuerexpert\/-innen. Marius Klauser wird per 1. Februar 2024 als Verwaltungsratsdelegierter und Direktor von EXPERTsuisse, Fachleiter Sustainability\/Governance\/Leadership und Gesch\u00e4ftsf\u00fchrer der \u00ab<a href=\"http:\/\/www.allianz-denkplatz-schweiz.ch\">allianz denkplatz schweiz<\/a>\u00bb zur\u00fcckkehren.<\/p>\n<p><em>Quelle und weitere Informationen: <a href=\"http:\/\/www.expertsuisse.ch\">EXPERTsuisse<\/a><\/em><\/p>\n","protected":false},"excerpt":{"rendered":"<p>Der Verband EXPERTsuisse versteht sich als Kompetenzentwickler und -zertifizierer f\u00fcr seine Mitglieder. Dies zeigt sich auch bereits im neusten Bildungsprogramm der Tochtergesellschaft EXPERTsuisse AG. Um diese Entwicklung bis und \u00fcber das Jahr 2025 hinaus mit den Mitgliedern weiterhin erfolgreich gestalten zu k\u00f6nnen, wurde das F\u00fchrungsteam und seine Gesch\u00e4ftsleitung kontinuierlich gest\u00e4rkt. In diesem Zusammenhang wird nun [&hellip;]<\/p>\n","protected":false},"author":4,"featured_media":19334,"comment_status":"closed","ping_status":"closed","sticky":false,"template":"","format":"standard","meta":{"_acf_changed":false,"_yoast_wpseo_focuskw":"Stefanie Specker","_yoast_wpseo_metadesc":"EXPERTsuisse und seine Tochtergesellschaft (EXPERTsuisse AG) werden stetig weiterentwickelt. Stefanie Specker wird ab 1. April 2023 neue CEO.","articlekey":"","footnotes":""},"categories":[28],"tags":[381,503,532],"class_list":["post-19333","post","type-post","status-publish","format-standard","has-post-thumbnail","hentry","category-management","tag-personalia","tag-verbaende","tag-wirtschaftspruefung"],"acf":[],"yoast_head":"<!-- This site is optimized with the Yoast SEO plugin v27.5 - https:\/\/yoast.com\/product\/yoast-seo-wordpress\/ -->\n<title>Stefanie Specker wird CEO der EXPERTsuisse AG - Organisator<\/title>\n<meta name=\"description\" content=\"EXPERTsuisse und seine Tochtergesellschaft (EXPERTsuisse AG) werden stetig weiterentwickelt. Stefanie Specker wird ab 1. April 2023 neue CEO.\" \/>\n<meta name=\"robots\" content=\"index, follow, max-snippet:-1, max-image-preview:large, max-video-preview:-1\" \/>\n<link rel=\"canonical\" href=\"https:\/\/www.organisator.ch\/de\/management\/2023-03-21\/stefanie-specker-wird-ceo-der-expertsuisse-ag\/\" \/>\n<meta property=\"og:locale\" content=\"de_DE\" \/>\n<meta property=\"og:type\" content=\"article\" \/>\n<meta property=\"og:title\" content=\"Stefanie Specker wird CEO der EXPERTsuisse AG\" \/>\n<meta property=\"og:description\" content=\"EXPERTsuisse und seine Tochtergesellschaft (EXPERTsuisse AG) werden stetig weiterentwickelt. Stefanie Specker wird ab 1. April 2023 neue CEO.\" \/>\n<meta property=\"og:url\" content=\"https:\/\/www.organisator.ch\/de\/management\/2023-03-21\/stefanie-specker-wird-ceo-der-expertsuisse-ag\/\" \/>\n<meta property=\"og:site_name\" content=\"Organisator\" \/>\n<meta property=\"article:publisher\" content=\"https:\/\/www.facebook.com\/OrganisatorFachmagazin\" \/>\n<meta property=\"article:published_time\" content=\"2023-03-21T04:36:19+00:00\" \/>\n<meta property=\"og:image\" content=\"https:\/\/www.organisator.ch\/wp-content\/uploads\/2023\/03\/Stefanie-Specker-wird-CEO-der-EXPERTsuisse-AG_Organisator.jpg\" \/>\n\t<meta property=\"og:image:width\" content=\"680\" \/>\n\t<meta property=\"og:image:height\" content=\"523\" \/>\n\t<meta property=\"og:image:type\" content=\"image\/jpeg\" \/>\n<meta name=\"author\" content=\"thomas.berner\" \/>\n<meta name=\"twitter:card\" content=\"summary_large_image\" \/>\n<meta name=\"twitter:title\" content=\"Stefanie #Specker wird CEO der #EXPERTsuisse AG\" \/>\n<meta name=\"twitter:description\" content=\"#EXPERTsuisse und seine #Tochtergesellschaft (EXPERTsuisse AG) werden stetig weiterentwickelt. Stefanie #Specker wird ab 1. April 2023 neue CEO.\" \/>\n<meta name=\"twitter:image\" content=\"https:\/\/www.organisator.ch\/wp-content\/uploads\/2023\/03\/Stefanie-Specker-wird-CEO-der-EXPERTsuisse-AG_Organisator.jpg\" \/>\n<script type=\"application\/ld+json\" class=\"yoast-schema-graph\">{\"@context\":\"https:\\\/\\\/schema.org\",\"@graph\":[{\"@type\":\"Article\",\"@id\":\"https:\\\/\\\/www.organisator.ch\\\/management\\\/2023-03-21\\\/stefanie-specker-wird-ceo-der-expertsuisse-ag\\\/#article\",\"isPartOf\":{\"@id\":\"https:\\\/\\\/www.organisator.ch\\\/management\\\/2023-03-21\\\/stefanie-specker-wird-ceo-der-expertsuisse-ag\\\/\"},\"author\":{\"name\":\"thomas.berner\",\"@id\":\"https:\\\/\\\/www.organisator.ch\\\/#\\\/schema\\\/person\\\/6f650f90b2842cd4c0cc334b4e36f67e\"},\"headline\":\"Stefanie Specker wird CEO der EXPERTsuisse AG\",\"datePublished\":\"2023-03-21T04:36:19+00:00\",\"mainEntityOfPage\":{\"@id\":\"https:\\\/\\\/www.organisator.ch\\\/management\\\/2023-03-21\\\/stefanie-specker-wird-ceo-der-expertsuisse-ag\\\/\"},\"wordCount\":377,\"publisher\":{\"@id\":\"https:\\\/\\\/www.organisator.ch\\\/#organization\"},\"image\":{\"@id\":\"https:\\\/\\\/www.organisator.ch\\\/management\\\/2023-03-21\\\/stefanie-specker-wird-ceo-der-expertsuisse-ag\\\/#primaryimage\"},\"thumbnailUrl\":\"https:\\\/\\\/www.organisator.ch\\\/wp-content\\\/uploads\\\/2023\\\/03\\\/Stefanie-Specker-wird-CEO-der-EXPERTsuisse-AG_Organisator.jpg\",\"keywords\":[\"Personalia\",\"Verb\u00e4nde\",\"Wirtschaftspr\u00fcfung\"],\"articleSection\":[\"MANAGEMENT\"],\"inLanguage\":\"de\"},{\"@type\":\"WebPage\",\"@id\":\"https:\\\/\\\/www.organisator.ch\\\/management\\\/2023-03-21\\\/stefanie-specker-wird-ceo-der-expertsuisse-ag\\\/\",\"url\":\"https:\\\/\\\/www.organisator.ch\\\/management\\\/2023-03-21\\\/stefanie-specker-wird-ceo-der-expertsuisse-ag\\\/\",\"name\":\"Stefanie Specker wird CEO der EXPERTsuisse AG - Organisator\",\"isPartOf\":{\"@id\":\"https:\\\/\\\/www.organisator.ch\\\/#website\"},\"primaryImageOfPage\":{\"@id\":\"https:\\\/\\\/www.organisator.ch\\\/management\\\/2023-03-21\\\/stefanie-specker-wird-ceo-der-expertsuisse-ag\\\/#primaryimage\"},\"image\":{\"@id\":\"https:\\\/\\\/www.organisator.ch\\\/management\\\/2023-03-21\\\/stefanie-specker-wird-ceo-der-expertsuisse-ag\\\/#primaryimage\"},\"thumbnailUrl\":\"https:\\\/\\\/www.organisator.ch\\\/wp-content\\\/uploads\\\/2023\\\/03\\\/Stefanie-Specker-wird-CEO-der-EXPERTsuisse-AG_Organisator.jpg\",\"datePublished\":\"2023-03-21T04:36:19+00:00\",\"description\":\"EXPERTsuisse und seine Tochtergesellschaft (EXPERTsuisse AG) werden stetig weiterentwickelt. Stefanie Specker wird ab 1. April 2023 neue CEO.\",\"breadcrumb\":{\"@id\":\"https:\\\/\\\/www.organisator.ch\\\/management\\\/2023-03-21\\\/stefanie-specker-wird-ceo-der-expertsuisse-ag\\\/#breadcrumb\"},\"inLanguage\":\"de\",\"potentialAction\":[{\"@type\":\"ReadAction\",\"target\":[\"https:\\\/\\\/www.organisator.ch\\\/management\\\/2023-03-21\\\/stefanie-specker-wird-ceo-der-expertsuisse-ag\\\/\"]}]},{\"@type\":\"ImageObject\",\"inLanguage\":\"de\",\"@id\":\"https:\\\/\\\/www.organisator.ch\\\/management\\\/2023-03-21\\\/stefanie-specker-wird-ceo-der-expertsuisse-ag\\\/#primaryimage\",\"url\":\"https:\\\/\\\/www.organisator.ch\\\/wp-content\\\/uploads\\\/2023\\\/03\\\/Stefanie-Specker-wird-CEO-der-EXPERTsuisse-AG_Organisator.jpg\",\"contentUrl\":\"https:\\\/\\\/www.organisator.ch\\\/wp-content\\\/uploads\\\/2023\\\/03\\\/Stefanie-Specker-wird-CEO-der-EXPERTsuisse-AG_Organisator.jpg\",\"width\":680,\"height\":523,\"caption\":\"Designierte CEO von EXPERTsuisse AG: Stefanie Specker. (Bild: EXPERTsuisse)\"},{\"@type\":\"BreadcrumbList\",\"@id\":\"https:\\\/\\\/www.organisator.ch\\\/management\\\/2023-03-21\\\/stefanie-specker-wird-ceo-der-expertsuisse-ag\\\/#breadcrumb\",\"itemListElement\":[{\"@type\":\"ListItem\",\"position\":1,\"name\":\"Home\",\"item\":\"https:\\\/\\\/www.organisator.ch\\\/\"},{\"@type\":\"ListItem\",\"position\":2,\"name\":\"Stefanie Specker wird CEO der EXPERTsuisse AG\"}]},{\"@type\":\"WebSite\",\"@id\":\"https:\\\/\\\/www.organisator.ch\\\/#website\",\"url\":\"https:\\\/\\\/www.organisator.ch\\\/\",\"name\":\"Organisator\",\"description\":\"Kompetent. Praxisnah. Der ORGANISATOR bereitet in 10 Ausgaben pro Jahr die wesentlichen Themen f\u00fcr F\u00fchrungskr\u00e4fte von KMU auf.\",\"publisher\":{\"@id\":\"https:\\\/\\\/www.organisator.ch\\\/#organization\"},\"potentialAction\":[{\"@type\":\"SearchAction\",\"target\":{\"@type\":\"EntryPoint\",\"urlTemplate\":\"https:\\\/\\\/www.organisator.ch\\\/?s={search_term_string}\"},\"query-input\":{\"@type\":\"PropertyValueSpecification\",\"valueRequired\":true,\"valueName\":\"search_term_string\"}}],\"inLanguage\":\"de\"},{\"@type\":\"Organization\",\"@id\":\"https:\\\/\\\/www.organisator.ch\\\/#organization\",\"name\":\"Organisator\",\"url\":\"https:\\\/\\\/www.organisator.ch\\\/\",\"logo\":{\"@type\":\"ImageObject\",\"inLanguage\":\"de\",\"@id\":\"https:\\\/\\\/www.organisator.ch\\\/#\\\/schema\\\/logo\\\/image\\\/\",\"url\":\"https:\\\/\\\/www.organisator.ch\\\/wp-content\\\/uploads\\\/2022\\\/01\\\/Logo_Organisator_Website.png\",\"contentUrl\":\"https:\\\/\\\/www.organisator.ch\\\/wp-content\\\/uploads\\\/2022\\\/01\\\/Logo_Organisator_Website.png\",\"width\":800,\"height\":77,\"caption\":\"Organisator\"},\"image\":{\"@id\":\"https:\\\/\\\/www.organisator.ch\\\/#\\\/schema\\\/logo\\\/image\\\/\"},\"sameAs\":[\"https:\\\/\\\/www.facebook.com\\\/OrganisatorFachmagazin\",\"https:\\\/\\\/www.linkedin.com\\\/showcase\\\/organisator-das-magazin-fr-kmu\",\"https:\\\/\\\/www.xing.com\\\/news\\\/pages\\\/organisator-ch-695\",\"https:\\\/\\\/www.youtube.com\\\/channel\\\/UCGP2Sq0iWaZwT3BdIAQFYpw\"]},{\"@type\":\"Person\",\"@id\":\"https:\\\/\\\/www.organisator.ch\\\/#\\\/schema\\\/person\\\/6f650f90b2842cd4c0cc334b4e36f67e\",\"name\":\"thomas.berner\",\"image\":{\"@type\":\"ImageObject\",\"inLanguage\":\"de\",\"@id\":\"https:\\\/\\\/secure.gravatar.com\\\/avatar\\\/ac5001d2a36cb6c6cd3e50789007ffca834b477b74a2144564522e944eabff61?s=96&d=mm&r=g\",\"url\":\"https:\\\/\\\/secure.gravatar.com\\\/avatar\\\/ac5001d2a36cb6c6cd3e50789007ffca834b477b74a2144564522e944eabff61?s=96&d=mm&r=g\",\"contentUrl\":\"https:\\\/\\\/secure.gravatar.com\\\/avatar\\\/ac5001d2a36cb6c6cd3e50789007ffca834b477b74a2144564522e944eabff61?s=96&d=mm&r=g\",\"caption\":\"thomas.berner\"},\"url\":\"https:\\\/\\\/www.organisator.ch\\\/de\\\/author\\\/thomas-berner\\\/\"}]}<\/script>\n<!-- \/ Yoast SEO plugin. -->","yoast_head_json":{"title":"Stefanie Specker wird CEO der EXPERTsuisse AG - Organisator","description":"EXPERTsuisse und seine Tochtergesellschaft (EXPERTsuisse AG) werden stetig weiterentwickelt. Stefanie Specker wird ab 1. April 2023 neue CEO.","robots":{"index":"index","follow":"follow","max-snippet":"max-snippet:-1","max-image-preview":"max-image-preview:large","max-video-preview":"max-video-preview:-1"},"canonical":"https:\/\/www.organisator.ch\/de\/management\/2023-03-21\/stefanie-specker-wird-ceo-der-expertsuisse-ag\/","og_locale":"de_DE","og_type":"article","og_title":"Stefanie Specker wird CEO der EXPERTsuisse AG","og_description":"EXPERTsuisse und seine Tochtergesellschaft (EXPERTsuisse AG) werden stetig weiterentwickelt. Stefanie Specker wird ab 1. April 2023 neue CEO.","og_url":"https:\/\/www.organisator.ch\/de\/management\/2023-03-21\/stefanie-specker-wird-ceo-der-expertsuisse-ag\/","og_site_name":"Organisator","article_publisher":"https:\/\/www.facebook.com\/OrganisatorFachmagazin","article_published_time":"2023-03-21T04:36:19+00:00","og_image":[{"width":680,"height":523,"url":"https:\/\/www.organisator.ch\/wp-content\/uploads\/2023\/03\/Stefanie-Specker-wird-CEO-der-EXPERTsuisse-AG_Organisator.jpg","type":"image\/jpeg"}],"author":"thomas.berner","twitter_card":"summary_large_image","twitter_title":"Stefanie #Specker wird CEO der #EXPERTsuisse AG","twitter_description":"#EXPERTsuisse und seine #Tochtergesellschaft (EXPERTsuisse AG) werden stetig weiterentwickelt. Stefanie #Specker wird ab 1. April 2023 neue CEO.","twitter_image":"https:\/\/www.organisator.ch\/wp-content\/uploads\/2023\/03\/Stefanie-Specker-wird-CEO-der-EXPERTsuisse-AG_Organisator.jpg","schema":{"@context":"https:\/\/schema.org","@graph":[{"@type":"Article","@id":"https:\/\/www.organisator.ch\/management\/2023-03-21\/stefanie-specker-wird-ceo-der-expertsuisse-ag\/#article","isPartOf":{"@id":"https:\/\/www.organisator.ch\/management\/2023-03-21\/stefanie-specker-wird-ceo-der-expertsuisse-ag\/"},"author":{"name":"thomas.berner","@id":"https:\/\/www.organisator.ch\/#\/schema\/person\/6f650f90b2842cd4c0cc334b4e36f67e"},"headline":"Stefanie Specker wird CEO der EXPERTsuisse AG","datePublished":"2023-03-21T04:36:19+00:00","mainEntityOfPage":{"@id":"https:\/\/www.organisator.ch\/management\/2023-03-21\/stefanie-specker-wird-ceo-der-expertsuisse-ag\/"},"wordCount":377,"publisher":{"@id":"https:\/\/www.organisator.ch\/#organization"},"image":{"@id":"https:\/\/www.organisator.ch\/management\/2023-03-21\/stefanie-specker-wird-ceo-der-expertsuisse-ag\/#primaryimage"},"thumbnailUrl":"https:\/\/www.organisator.ch\/wp-content\/uploads\/2023\/03\/Stefanie-Specker-wird-CEO-der-EXPERTsuisse-AG_Organisator.jpg","keywords":["Personalia","Verb\u00e4nde","Wirtschaftspr\u00fcfung"],"articleSection":["MANAGEMENT"],"inLanguage":"de"},{"@type":"WebPage","@id":"https:\/\/www.organisator.ch\/management\/2023-03-21\/stefanie-specker-wird-ceo-der-expertsuisse-ag\/","url":"https:\/\/www.organisator.ch\/management\/2023-03-21\/stefanie-specker-wird-ceo-der-expertsuisse-ag\/","name":"Stefanie Specker wird CEO der EXPERTsuisse AG - Organisator","isPartOf":{"@id":"https:\/\/www.organisator.ch\/#website"},"primaryImageOfPage":{"@id":"https:\/\/www.organisator.ch\/management\/2023-03-21\/stefanie-specker-wird-ceo-der-expertsuisse-ag\/#primaryimage"},"image":{"@id":"https:\/\/www.organisator.ch\/management\/2023-03-21\/stefanie-specker-wird-ceo-der-expertsuisse-ag\/#primaryimage"},"thumbnailUrl":"https:\/\/www.organisator.ch\/wp-content\/uploads\/2023\/03\/Stefanie-Specker-wird-CEO-der-EXPERTsuisse-AG_Organisator.jpg","datePublished":"2023-03-21T04:36:19+00:00","description":"EXPERTsuisse und seine Tochtergesellschaft (EXPERTsuisse AG) werden stetig weiterentwickelt. Stefanie Specker wird ab 1. April 2023 neue CEO.","breadcrumb":{"@id":"https:\/\/www.organisator.ch\/management\/2023-03-21\/stefanie-specker-wird-ceo-der-expertsuisse-ag\/#breadcrumb"},"inLanguage":"de","potentialAction":[{"@type":"ReadAction","target":["https:\/\/www.organisator.ch\/management\/2023-03-21\/stefanie-specker-wird-ceo-der-expertsuisse-ag\/"]}]},{"@type":"ImageObject","inLanguage":"de","@id":"https:\/\/www.organisator.ch\/management\/2023-03-21\/stefanie-specker-wird-ceo-der-expertsuisse-ag\/#primaryimage","url":"https:\/\/www.organisator.ch\/wp-content\/uploads\/2023\/03\/Stefanie-Specker-wird-CEO-der-EXPERTsuisse-AG_Organisator.jpg","contentUrl":"https:\/\/www.organisator.ch\/wp-content\/uploads\/2023\/03\/Stefanie-Specker-wird-CEO-der-EXPERTsuisse-AG_Organisator.jpg","width":680,"height":523,"caption":"Designierte CEO von EXPERTsuisse AG: Stefanie Specker. (Bild: EXPERTsuisse)"},{"@type":"BreadcrumbList","@id":"https:\/\/www.organisator.ch\/management\/2023-03-21\/stefanie-specker-wird-ceo-der-expertsuisse-ag\/#breadcrumb","itemListElement":[{"@type":"ListItem","position":1,"name":"Home","item":"https:\/\/www.organisator.ch\/"},{"@type":"ListItem","position":2,"name":"Stefanie Specker wird CEO der EXPERTsuisse AG"}]},{"@type":"WebSite","@id":"https:\/\/www.organisator.ch\/#website","url":"https:\/\/www.organisator.ch\/","name":"Organisator","description":"Kompetent. Praxisnah. Der ORGANISATOR bereitet in 10 Ausgaben pro Jahr die wesentlichen Themen f\u00fcr F\u00fchrungskr\u00e4fte von KMU auf.","publisher":{"@id":"https:\/\/www.organisator.ch\/#organization"},"potentialAction":[{"@type":"SearchAction","target":{"@type":"EntryPoint","urlTemplate":"https:\/\/www.organisator.ch\/?s={search_term_string}"},"query-input":{"@type":"PropertyValueSpecification","valueRequired":true,"valueName":"search_term_string"}}],"inLanguage":"de"},{"@type":"Organization","@id":"https:\/\/www.organisator.ch\/#organization","name":"Organisator","url":"https:\/\/www.organisator.ch\/","logo":{"@type":"ImageObject","inLanguage":"de","@id":"https:\/\/www.organisator.ch\/#\/schema\/logo\/image\/","url":"https:\/\/www.organisator.ch\/wp-content\/uploads\/2022\/01\/Logo_Organisator_Website.png","contentUrl":"https:\/\/www.organisator.ch\/wp-content\/uploads\/2022\/01\/Logo_Organisator_Website.png","width":800,"height":77,"caption":"Organisator"},"image":{"@id":"https:\/\/www.organisator.ch\/#\/schema\/logo\/image\/"},"sameAs":["https:\/\/www.facebook.com\/OrganisatorFachmagazin","https:\/\/www.linkedin.com\/showcase\/organisator-das-magazin-fr-kmu","https:\/\/www.xing.com\/news\/pages\/organisator-ch-695","https:\/\/www.youtube.com\/channel\/UCGP2Sq0iWaZwT3BdIAQFYpw"]},{"@type":"Person","@id":"https:\/\/www.organisator.ch\/#\/schema\/person\/6f650f90b2842cd4c0cc334b4e36f67e","name":"thomas.berner","image":{"@type":"ImageObject","inLanguage":"de","@id":"https:\/\/secure.gravatar.com\/avatar\/ac5001d2a36cb6c6cd3e50789007ffca834b477b74a2144564522e944eabff61?s=96&d=mm&r=g","url":"https:\/\/secure.gravatar.com\/avatar\/ac5001d2a36cb6c6cd3e50789007ffca834b477b74a2144564522e944eabff61?s=96&d=mm&r=g","contentUrl":"https:\/\/secure.gravatar.com\/avatar\/ac5001d2a36cb6c6cd3e50789007ffca834b477b74a2144564522e944eabff61?s=96&d=mm&r=g","caption":"thomas.berner"},"url":"https:\/\/www.organisator.ch\/de\/author\/thomas-berner\/"}]}},"_links":{"self":[{"href":"https:\/\/www.organisator.ch\/de\/wp-json\/wp\/v2\/posts\/19333","targetHints":{"allow":["GET"]}}],"collection":[{"href":"https:\/\/www.organisator.ch\/de\/wp-json\/wp\/v2\/posts"}],"about":[{"href":"https:\/\/www.organisator.ch\/de\/wp-json\/wp\/v2\/types\/post"}],"author":[{"embeddable":true,"href":"https:\/\/www.organisator.ch\/de\/wp-json\/wp\/v2\/users\/4"}],"replies":[{"embeddable":true,"href":"https:\/\/www.organisator.ch\/de\/wp-json\/wp\/v2\/comments?post=19333"}],"version-history":[{"count":1,"href":"https:\/\/www.organisator.ch\/de\/wp-json\/wp\/v2\/posts\/19333\/revisions"}],"predecessor-version":[{"id":19335,"href":"https:\/\/www.organisator.ch\/de\/wp-json\/wp\/v2\/posts\/19333\/revisions\/19335"}],"wp:featuredmedia":[{"embeddable":true,"href":"https:\/\/www.organisator.ch\/de\/wp-json\/wp\/v2\/media\/19334"}],"wp:attachment":[{"href":"https:\/\/www.organisator.ch\/de\/wp-json\/wp\/v2\/media?parent=19333"}],"wp:term":[{"taxonomy":"category","embeddable":true,"href":"https:\/\/www.organisator.ch\/de\/wp-json\/wp\/v2\/categories?post=19333"},{"taxonomy":"post_tag","embeddable":true,"href":"https:\/\/www.organisator.ch\/de\/wp-json\/wp\/v2\/tags?post=19333"}],"curies":[{"name":"wp","href":"https:\/\/api.w.org\/{rel}","templated":true}]}}