{"id":19391,"date":"2023-03-23T10:40:09","date_gmt":"2023-03-23T09:40:09","guid":{"rendered":"https:\/\/www.organisator.ch\/?p=19391"},"modified":"2023-03-23T10:40:09","modified_gmt":"2023-03-23T09:40:09","slug":"basel-area-neuer-hoechststand-an-firmengruendungen","status":"publish","type":"post","link":"https:\/\/www.organisator.ch\/de\/management\/2023-03-23\/basel-area-neuer-hoechststand-an-firmengruendungen\/","title":{"rendered":"Basel Area: Neuer H\u00f6chststand an Firmengr\u00fcndungen"},"content":{"rendered":"<figure id=\"attachment_19392\" aria-describedby=\"caption-attachment-19392\" style=\"width: 680px\" class=\"wp-caption alignnone\"><img loading=\"lazy\" decoding=\"async\" class=\"size-full wp-image-19392\" src=\"https:\/\/www.organisator.ch\/wp-content\/uploads\/2023\/03\/Basel-Area-Neuer-Hoechststand-an-Firmengruendungen_Organisator.jpg\" alt=\"\" width=\"680\" height=\"510\" srcset=\"https:\/\/www.organisator.ch\/wp-content\/uploads\/2023\/03\/Basel-Area-Neuer-Hoechststand-an-Firmengruendungen_Organisator.jpg 680w, https:\/\/www.organisator.ch\/wp-content\/uploads\/2023\/03\/Basel-Area-Neuer-Hoechststand-an-Firmengruendungen_Organisator-16x12.jpg 16w, https:\/\/www.organisator.ch\/wp-content\/uploads\/2023\/03\/Basel-Area-Neuer-Hoechststand-an-Firmengruendungen_Organisator-375x281.jpg 375w, https:\/\/www.organisator.ch\/wp-content\/uploads\/2023\/03\/Basel-Area-Neuer-Hoechststand-an-Firmengruendungen_Organisator-467x350.jpg 467w\" sizes=\"auto, (max-width: 680px) 100vw, 680px\" \/><figcaption id=\"caption-attachment-19392\" class=\"wp-caption-text\">Die Standortf\u00f6rderungsagentur Basel Area Business &amp; Innovation kann auf ein erfolgreiches Jahr 2022 zur\u00fcckblicken. Vor allem in den Life Sciences konnten viele Neugr\u00fcndungen und Ansiedlungen verzeichnet werden. (Bild: Jean Jacques Schaffner)<\/figcaption><\/figure>\n<p>Basel Area Business &amp; Innovation ist die Agentur f\u00fcr Standortpromotion und Innovationsf\u00f6rderung, die Unternehmen, Institutionen und Startups dabei unterst\u00fctzt, in der Wirtschaftsregion Basel erfolgreich zu sein. Ihr CEO Christof Kl\u00f6pper, kann nun auf ein erfolgreiches Jahr 2022 zur\u00fcckblicken:\u00a0\u00abSowohl bei den neu angesiedelten Unternehmen wie auch bei den Firmengr\u00fcndungen haben wir 2022 ausgezeichnete Werte erzielt.\u00bb Gar einen neuer Rekordwert erreichte die Zahl der von der Agentur unterst\u00fctzten Firmengr\u00fcndungen. 96 Startups nahmen im Gr\u00fcndungsprozess ihre Dienstleistungen in Anspruch. Das sind 20 mehr als im Vorjahr. Die meisten der neu gegr\u00fcndeten Firmen sind in den Life Sciences t\u00e4tig (21), dahinter folgen die Branchen Dienstleistungen (18), Bauwesen (11) und ICT (10). Ein grosser Teil der Jungfirmen profitierte von Beratungen im Rahmen des Venture Mentoring Programms, das sich durch branchen-, kunden- und technologiespezifische Unterst\u00fctzung auszeichnet. Dieses Angebot nutzte unter anderem das Basler Cleantech-Unternehmen Kuori, das seit seiner Gr\u00fcndung im Fr\u00fchjahr 2022 bereits Finanzierungen in H\u00f6he von 2,3 Millionen Euro abschliessen konnte und damit einen sehr beachtlichen Start hingelegt hat.<\/p>\n<h3>Hohe Ansiedlungszahlen best\u00e4tigen Attraktivit\u00e4t der Basel Area<\/h3>\n<p>Die Attraktivit\u00e4t des Standorts Basel zeigte sich im vergangenen Jahr auch bei der stabil hohen Zahl der Firmenansiedlungen. Von den 35 Unternehmen, die sich neu in der Basel Area niedergelassen haben, sind fast zwei Drittel in der Life Sciences-Branche t\u00e4tig. Von diesen 24 Firmen sind 5 dem Bereich digitale Gesundheitsinnovationen zuzuordnen. Die Firmen, die sich mit Unterst\u00fctzung von Basel Area Business &amp; Innovation in den Kantonen Basel-Landschaft, Basel-Stadt und Jura angesiedelt haben, stammen aus 16 L\u00e4ndern. Davon kommen 14 aus Europa (z.B. Tenpoint Therapeutics), 7 aus Asien (z.B. Acro Biosystems) und 6 aus den USA (z.B. LifeMine Therapeutics). Aus Kantonen ausserhalb der Basel Area waren 8 Zuz\u00fcge zu verzeichnen. Domenico Scala, Pr\u00e4sident von Basel Area Business &amp; Innovation, bilanziert: \u00abFirmen, ob gross oder klein, finden in unserer Wirtschaftsregion alles, was sie f\u00fcr eine gesunde Entwicklung brauchen. Hier ist die gesamte Wertsch\u00f6pfungskette vor Ort, vom Startup bis zur etablierten Firma. Wir haben Venture Capital, staatliche Unterst\u00fctzung und funktionierende Schnittstellen zwischen Wirtschaft und Forschung.\u00bb<\/p>\n<p><em>Quelle: <a href=\"http:\/\/www.baselarea.swiss\">www.baselarea.swiss<\/a><\/em><\/p>\n","protected":false},"excerpt":{"rendered":"<p>Basel Area Business &amp; Innovation ist die Agentur f\u00fcr Standortpromotion und Innovationsf\u00f6rderung, die Unternehmen, Institutionen und Startups dabei unterst\u00fctzt, in der Wirtschaftsregion Basel erfolgreich zu sein. Ihr CEO Christof Kl\u00f6pper, kann nun auf ein erfolgreiches Jahr 2022 zur\u00fcckblicken:\u00a0\u00abSowohl bei den neu angesiedelten Unternehmen wie auch bei den Firmengr\u00fcndungen haben wir 2022 ausgezeichnete Werte erzielt.\u00bb Gar [&hellip;]<\/p>\n","protected":false},"author":4,"featured_media":19392,"comment_status":"closed","ping_status":"closed","sticky":false,"template":"","format":"standard","meta":{"_acf_changed":false,"_yoast_wpseo_focuskw":"Basel Area","_yoast_wpseo_metadesc":"Noch nie hat Basel Area Business & Innovation so viele Firmengr\u00fcndungen unterst\u00fctzt wie 2022: N\u00e4mlich 96 Startups.","articlekey":"","footnotes":""},"categories":[28],"tags":[772,2761,451],"class_list":["post-19391","post","type-post","status-publish","format-standard","has-post-thumbnail","hentry","category-management","tag-basel","tag-standortfoerderung","tag-startups"],"acf":[],"yoast_head":"<!-- This site is optimized with the Yoast SEO plugin v27.5 - https:\/\/yoast.com\/product\/yoast-seo-wordpress\/ -->\n<title>Basel Area: Neuer H\u00f6chststand an Firmengr\u00fcndungen - Organisator<\/title>\n<meta name=\"description\" content=\"Noch nie hat Basel Area Business &amp; Innovation so viele Firmengr\u00fcndungen unterst\u00fctzt wie 2022: N\u00e4mlich 96 Startups.\" \/>\n<meta name=\"robots\" content=\"index, follow, max-snippet:-1, max-image-preview:large, max-video-preview:-1\" \/>\n<link rel=\"canonical\" href=\"https:\/\/www.organisator.ch\/de\/management\/2023-03-23\/basel-area-neuer-hoechststand-an-firmengruendungen\/\" \/>\n<meta property=\"og:locale\" content=\"de_DE\" \/>\n<meta property=\"og:type\" content=\"article\" \/>\n<meta property=\"og:title\" content=\"Basel Area: Neuer H\u00f6chststand an Firmengr\u00fcndungen\" \/>\n<meta property=\"og:description\" content=\"Noch nie hat Basel Area Business &amp; Innovation so viele Firmengr\u00fcndungen unterst\u00fctzt wie 2022: N\u00e4mlich 96 Startups.\" \/>\n<meta property=\"og:url\" content=\"https:\/\/www.organisator.ch\/de\/management\/2023-03-23\/basel-area-neuer-hoechststand-an-firmengruendungen\/\" \/>\n<meta property=\"og:site_name\" content=\"Organisator\" \/>\n<meta property=\"article:publisher\" content=\"https:\/\/www.facebook.com\/OrganisatorFachmagazin\" \/>\n<meta property=\"article:published_time\" content=\"2023-03-23T09:40:09+00:00\" \/>\n<meta property=\"og:image\" content=\"https:\/\/www.organisator.ch\/wp-content\/uploads\/2023\/03\/Basel-Area-Neuer-Hoechststand-an-Firmengruendungen_Organisator.jpg\" \/>\n\t<meta property=\"og:image:width\" content=\"680\" \/>\n\t<meta property=\"og:image:height\" content=\"510\" \/>\n\t<meta property=\"og:image:type\" content=\"image\/jpeg\" \/>\n<meta name=\"author\" content=\"thomas.berner\" \/>\n<meta name=\"twitter:card\" content=\"summary_large_image\" \/>\n<meta name=\"twitter:title\" content=\"Basel Area: Neuer #H\u00f6chststand an #Firmengr\u00fcndungen\" \/>\n<meta name=\"twitter:description\" content=\"Noch nie hat Basel Area Business &amp; Innovation so viele #Firmengr\u00fcndungen unterst\u00fctzt wie 2022: N\u00e4mlich 96 Startups.\" \/>\n<meta name=\"twitter:image\" content=\"https:\/\/www.organisator.ch\/wp-content\/uploads\/2023\/03\/Basel-Area-Neuer-Hoechststand-an-Firmengruendungen_Organisator.jpg\" \/>\n<script type=\"application\/ld+json\" class=\"yoast-schema-graph\">{\"@context\":\"https:\\\/\\\/schema.org\",\"@graph\":[{\"@type\":\"Article\",\"@id\":\"https:\\\/\\\/www.organisator.ch\\\/management\\\/2023-03-23\\\/basel-area-neuer-hoechststand-an-firmengruendungen\\\/#article\",\"isPartOf\":{\"@id\":\"https:\\\/\\\/www.organisator.ch\\\/management\\\/2023-03-23\\\/basel-area-neuer-hoechststand-an-firmengruendungen\\\/\"},\"author\":{\"name\":\"thomas.berner\",\"@id\":\"https:\\\/\\\/www.organisator.ch\\\/#\\\/schema\\\/person\\\/6f650f90b2842cd4c0cc334b4e36f67e\"},\"headline\":\"Basel Area: Neuer H\u00f6chststand an Firmengr\u00fcndungen\",\"datePublished\":\"2023-03-23T09:40:09+00:00\",\"mainEntityOfPage\":{\"@id\":\"https:\\\/\\\/www.organisator.ch\\\/management\\\/2023-03-23\\\/basel-area-neuer-hoechststand-an-firmengruendungen\\\/\"},\"wordCount\":397,\"publisher\":{\"@id\":\"https:\\\/\\\/www.organisator.ch\\\/#organization\"},\"image\":{\"@id\":\"https:\\\/\\\/www.organisator.ch\\\/management\\\/2023-03-23\\\/basel-area-neuer-hoechststand-an-firmengruendungen\\\/#primaryimage\"},\"thumbnailUrl\":\"https:\\\/\\\/www.organisator.ch\\\/wp-content\\\/uploads\\\/2023\\\/03\\\/Basel-Area-Neuer-Hoechststand-an-Firmengruendungen_Organisator.jpg\",\"keywords\":[\"Basel\",\"Standortf\u00f6rderung\",\"Startups\"],\"articleSection\":[\"MANAGEMENT\"],\"inLanguage\":\"de\"},{\"@type\":\"WebPage\",\"@id\":\"https:\\\/\\\/www.organisator.ch\\\/management\\\/2023-03-23\\\/basel-area-neuer-hoechststand-an-firmengruendungen\\\/\",\"url\":\"https:\\\/\\\/www.organisator.ch\\\/management\\\/2023-03-23\\\/basel-area-neuer-hoechststand-an-firmengruendungen\\\/\",\"name\":\"Basel Area: Neuer H\u00f6chststand an Firmengr\u00fcndungen - Organisator\",\"isPartOf\":{\"@id\":\"https:\\\/\\\/www.organisator.ch\\\/#website\"},\"primaryImageOfPage\":{\"@id\":\"https:\\\/\\\/www.organisator.ch\\\/management\\\/2023-03-23\\\/basel-area-neuer-hoechststand-an-firmengruendungen\\\/#primaryimage\"},\"image\":{\"@id\":\"https:\\\/\\\/www.organisator.ch\\\/management\\\/2023-03-23\\\/basel-area-neuer-hoechststand-an-firmengruendungen\\\/#primaryimage\"},\"thumbnailUrl\":\"https:\\\/\\\/www.organisator.ch\\\/wp-content\\\/uploads\\\/2023\\\/03\\\/Basel-Area-Neuer-Hoechststand-an-Firmengruendungen_Organisator.jpg\",\"datePublished\":\"2023-03-23T09:40:09+00:00\",\"description\":\"Noch nie hat Basel Area Business & Innovation so viele Firmengr\u00fcndungen unterst\u00fctzt wie 2022: N\u00e4mlich 96 Startups.\",\"breadcrumb\":{\"@id\":\"https:\\\/\\\/www.organisator.ch\\\/management\\\/2023-03-23\\\/basel-area-neuer-hoechststand-an-firmengruendungen\\\/#breadcrumb\"},\"inLanguage\":\"de\",\"potentialAction\":[{\"@type\":\"ReadAction\",\"target\":[\"https:\\\/\\\/www.organisator.ch\\\/management\\\/2023-03-23\\\/basel-area-neuer-hoechststand-an-firmengruendungen\\\/\"]}]},{\"@type\":\"ImageObject\",\"inLanguage\":\"de\",\"@id\":\"https:\\\/\\\/www.organisator.ch\\\/management\\\/2023-03-23\\\/basel-area-neuer-hoechststand-an-firmengruendungen\\\/#primaryimage\",\"url\":\"https:\\\/\\\/www.organisator.ch\\\/wp-content\\\/uploads\\\/2023\\\/03\\\/Basel-Area-Neuer-Hoechststand-an-Firmengruendungen_Organisator.jpg\",\"contentUrl\":\"https:\\\/\\\/www.organisator.ch\\\/wp-content\\\/uploads\\\/2023\\\/03\\\/Basel-Area-Neuer-Hoechststand-an-Firmengruendungen_Organisator.jpg\",\"width\":680,\"height\":510,\"caption\":\"Die Standortf\u00f6rderungsagentur Basel Area Business & Innovation kann auf ein erfolgreiches Jahr 2022 zur\u00fcckblicken. (Bild: Jean Jacques Schaffner)\"},{\"@type\":\"BreadcrumbList\",\"@id\":\"https:\\\/\\\/www.organisator.ch\\\/management\\\/2023-03-23\\\/basel-area-neuer-hoechststand-an-firmengruendungen\\\/#breadcrumb\",\"itemListElement\":[{\"@type\":\"ListItem\",\"position\":1,\"name\":\"Home\",\"item\":\"https:\\\/\\\/www.organisator.ch\\\/\"},{\"@type\":\"ListItem\",\"position\":2,\"name\":\"Basel Area: Neuer H\u00f6chststand an Firmengr\u00fcndungen\"}]},{\"@type\":\"WebSite\",\"@id\":\"https:\\\/\\\/www.organisator.ch\\\/#website\",\"url\":\"https:\\\/\\\/www.organisator.ch\\\/\",\"name\":\"Organisator\",\"description\":\"Kompetent. Praxisnah. Der ORGANISATOR bereitet in 10 Ausgaben pro Jahr die wesentlichen Themen f\u00fcr F\u00fchrungskr\u00e4fte von KMU auf.\",\"publisher\":{\"@id\":\"https:\\\/\\\/www.organisator.ch\\\/#organization\"},\"potentialAction\":[{\"@type\":\"SearchAction\",\"target\":{\"@type\":\"EntryPoint\",\"urlTemplate\":\"https:\\\/\\\/www.organisator.ch\\\/?s={search_term_string}\"},\"query-input\":{\"@type\":\"PropertyValueSpecification\",\"valueRequired\":true,\"valueName\":\"search_term_string\"}}],\"inLanguage\":\"de\"},{\"@type\":\"Organization\",\"@id\":\"https:\\\/\\\/www.organisator.ch\\\/#organization\",\"name\":\"Organisator\",\"url\":\"https:\\\/\\\/www.organisator.ch\\\/\",\"logo\":{\"@type\":\"ImageObject\",\"inLanguage\":\"de\",\"@id\":\"https:\\\/\\\/www.organisator.ch\\\/#\\\/schema\\\/logo\\\/image\\\/\",\"url\":\"https:\\\/\\\/www.organisator.ch\\\/wp-content\\\/uploads\\\/2022\\\/01\\\/Logo_Organisator_Website.png\",\"contentUrl\":\"https:\\\/\\\/www.organisator.ch\\\/wp-content\\\/uploads\\\/2022\\\/01\\\/Logo_Organisator_Website.png\",\"width\":800,\"height\":77,\"caption\":\"Organisator\"},\"image\":{\"@id\":\"https:\\\/\\\/www.organisator.ch\\\/#\\\/schema\\\/logo\\\/image\\\/\"},\"sameAs\":[\"https:\\\/\\\/www.facebook.com\\\/OrganisatorFachmagazin\",\"https:\\\/\\\/www.linkedin.com\\\/showcase\\\/organisator-das-magazin-fr-kmu\",\"https:\\\/\\\/www.xing.com\\\/news\\\/pages\\\/organisator-ch-695\",\"https:\\\/\\\/www.youtube.com\\\/channel\\\/UCGP2Sq0iWaZwT3BdIAQFYpw\"]},{\"@type\":\"Person\",\"@id\":\"https:\\\/\\\/www.organisator.ch\\\/#\\\/schema\\\/person\\\/6f650f90b2842cd4c0cc334b4e36f67e\",\"name\":\"thomas.berner\",\"image\":{\"@type\":\"ImageObject\",\"inLanguage\":\"de\",\"@id\":\"https:\\\/\\\/secure.gravatar.com\\\/avatar\\\/ac5001d2a36cb6c6cd3e50789007ffca834b477b74a2144564522e944eabff61?s=96&d=mm&r=g\",\"url\":\"https:\\\/\\\/secure.gravatar.com\\\/avatar\\\/ac5001d2a36cb6c6cd3e50789007ffca834b477b74a2144564522e944eabff61?s=96&d=mm&r=g\",\"contentUrl\":\"https:\\\/\\\/secure.gravatar.com\\\/avatar\\\/ac5001d2a36cb6c6cd3e50789007ffca834b477b74a2144564522e944eabff61?s=96&d=mm&r=g\",\"caption\":\"thomas.berner\"},\"url\":\"https:\\\/\\\/www.organisator.ch\\\/de\\\/author\\\/thomas-berner\\\/\"}]}<\/script>\n<!-- \/ Yoast SEO plugin. -->","yoast_head_json":{"title":"Basel Area: Neuer H\u00f6chststand an Firmengr\u00fcndungen - Organisator","description":"Noch nie hat Basel Area Business & Innovation so viele Firmengr\u00fcndungen unterst\u00fctzt wie 2022: N\u00e4mlich 96 Startups.","robots":{"index":"index","follow":"follow","max-snippet":"max-snippet:-1","max-image-preview":"max-image-preview:large","max-video-preview":"max-video-preview:-1"},"canonical":"https:\/\/www.organisator.ch\/de\/management\/2023-03-23\/basel-area-neuer-hoechststand-an-firmengruendungen\/","og_locale":"de_DE","og_type":"article","og_title":"Basel Area: Neuer H\u00f6chststand an Firmengr\u00fcndungen","og_description":"Noch nie hat Basel Area Business & Innovation so viele Firmengr\u00fcndungen unterst\u00fctzt wie 2022: N\u00e4mlich 96 Startups.","og_url":"https:\/\/www.organisator.ch\/de\/management\/2023-03-23\/basel-area-neuer-hoechststand-an-firmengruendungen\/","og_site_name":"Organisator","article_publisher":"https:\/\/www.facebook.com\/OrganisatorFachmagazin","article_published_time":"2023-03-23T09:40:09+00:00","og_image":[{"width":680,"height":510,"url":"https:\/\/www.organisator.ch\/wp-content\/uploads\/2023\/03\/Basel-Area-Neuer-Hoechststand-an-Firmengruendungen_Organisator.jpg","type":"image\/jpeg"}],"author":"thomas.berner","twitter_card":"summary_large_image","twitter_title":"Basel Area: Neuer #H\u00f6chststand an #Firmengr\u00fcndungen","twitter_description":"Noch nie hat Basel Area Business & Innovation so viele #Firmengr\u00fcndungen unterst\u00fctzt wie 2022: N\u00e4mlich 96 Startups.","twitter_image":"https:\/\/www.organisator.ch\/wp-content\/uploads\/2023\/03\/Basel-Area-Neuer-Hoechststand-an-Firmengruendungen_Organisator.jpg","schema":{"@context":"https:\/\/schema.org","@graph":[{"@type":"Article","@id":"https:\/\/www.organisator.ch\/management\/2023-03-23\/basel-area-neuer-hoechststand-an-firmengruendungen\/#article","isPartOf":{"@id":"https:\/\/www.organisator.ch\/management\/2023-03-23\/basel-area-neuer-hoechststand-an-firmengruendungen\/"},"author":{"name":"thomas.berner","@id":"https:\/\/www.organisator.ch\/#\/schema\/person\/6f650f90b2842cd4c0cc334b4e36f67e"},"headline":"Basel Area: Neuer H\u00f6chststand an Firmengr\u00fcndungen","datePublished":"2023-03-23T09:40:09+00:00","mainEntityOfPage":{"@id":"https:\/\/www.organisator.ch\/management\/2023-03-23\/basel-area-neuer-hoechststand-an-firmengruendungen\/"},"wordCount":397,"publisher":{"@id":"https:\/\/www.organisator.ch\/#organization"},"image":{"@id":"https:\/\/www.organisator.ch\/management\/2023-03-23\/basel-area-neuer-hoechststand-an-firmengruendungen\/#primaryimage"},"thumbnailUrl":"https:\/\/www.organisator.ch\/wp-content\/uploads\/2023\/03\/Basel-Area-Neuer-Hoechststand-an-Firmengruendungen_Organisator.jpg","keywords":["Basel","Standortf\u00f6rderung","Startups"],"articleSection":["MANAGEMENT"],"inLanguage":"de"},{"@type":"WebPage","@id":"https:\/\/www.organisator.ch\/management\/2023-03-23\/basel-area-neuer-hoechststand-an-firmengruendungen\/","url":"https:\/\/www.organisator.ch\/management\/2023-03-23\/basel-area-neuer-hoechststand-an-firmengruendungen\/","name":"Basel Area: Neuer H\u00f6chststand an Firmengr\u00fcndungen - Organisator","isPartOf":{"@id":"https:\/\/www.organisator.ch\/#website"},"primaryImageOfPage":{"@id":"https:\/\/www.organisator.ch\/management\/2023-03-23\/basel-area-neuer-hoechststand-an-firmengruendungen\/#primaryimage"},"image":{"@id":"https:\/\/www.organisator.ch\/management\/2023-03-23\/basel-area-neuer-hoechststand-an-firmengruendungen\/#primaryimage"},"thumbnailUrl":"https:\/\/www.organisator.ch\/wp-content\/uploads\/2023\/03\/Basel-Area-Neuer-Hoechststand-an-Firmengruendungen_Organisator.jpg","datePublished":"2023-03-23T09:40:09+00:00","description":"Noch nie hat Basel Area Business & Innovation so viele Firmengr\u00fcndungen unterst\u00fctzt wie 2022: N\u00e4mlich 96 Startups.","breadcrumb":{"@id":"https:\/\/www.organisator.ch\/management\/2023-03-23\/basel-area-neuer-hoechststand-an-firmengruendungen\/#breadcrumb"},"inLanguage":"de","potentialAction":[{"@type":"ReadAction","target":["https:\/\/www.organisator.ch\/management\/2023-03-23\/basel-area-neuer-hoechststand-an-firmengruendungen\/"]}]},{"@type":"ImageObject","inLanguage":"de","@id":"https:\/\/www.organisator.ch\/management\/2023-03-23\/basel-area-neuer-hoechststand-an-firmengruendungen\/#primaryimage","url":"https:\/\/www.organisator.ch\/wp-content\/uploads\/2023\/03\/Basel-Area-Neuer-Hoechststand-an-Firmengruendungen_Organisator.jpg","contentUrl":"https:\/\/www.organisator.ch\/wp-content\/uploads\/2023\/03\/Basel-Area-Neuer-Hoechststand-an-Firmengruendungen_Organisator.jpg","width":680,"height":510,"caption":"Die Standortf\u00f6rderungsagentur Basel Area Business & Innovation kann auf ein erfolgreiches Jahr 2022 zur\u00fcckblicken. (Bild: Jean Jacques Schaffner)"},{"@type":"BreadcrumbList","@id":"https:\/\/www.organisator.ch\/management\/2023-03-23\/basel-area-neuer-hoechststand-an-firmengruendungen\/#breadcrumb","itemListElement":[{"@type":"ListItem","position":1,"name":"Home","item":"https:\/\/www.organisator.ch\/"},{"@type":"ListItem","position":2,"name":"Basel Area: Neuer H\u00f6chststand an Firmengr\u00fcndungen"}]},{"@type":"WebSite","@id":"https:\/\/www.organisator.ch\/#website","url":"https:\/\/www.organisator.ch\/","name":"Organisator","description":"Kompetent. Praxisnah. Der ORGANISATOR bereitet in 10 Ausgaben pro Jahr die wesentlichen Themen f\u00fcr F\u00fchrungskr\u00e4fte von KMU auf.","publisher":{"@id":"https:\/\/www.organisator.ch\/#organization"},"potentialAction":[{"@type":"SearchAction","target":{"@type":"EntryPoint","urlTemplate":"https:\/\/www.organisator.ch\/?s={search_term_string}"},"query-input":{"@type":"PropertyValueSpecification","valueRequired":true,"valueName":"search_term_string"}}],"inLanguage":"de"},{"@type":"Organization","@id":"https:\/\/www.organisator.ch\/#organization","name":"Organisator","url":"https:\/\/www.organisator.ch\/","logo":{"@type":"ImageObject","inLanguage":"de","@id":"https:\/\/www.organisator.ch\/#\/schema\/logo\/image\/","url":"https:\/\/www.organisator.ch\/wp-content\/uploads\/2022\/01\/Logo_Organisator_Website.png","contentUrl":"https:\/\/www.organisator.ch\/wp-content\/uploads\/2022\/01\/Logo_Organisator_Website.png","width":800,"height":77,"caption":"Organisator"},"image":{"@id":"https:\/\/www.organisator.ch\/#\/schema\/logo\/image\/"},"sameAs":["https:\/\/www.facebook.com\/OrganisatorFachmagazin","https:\/\/www.linkedin.com\/showcase\/organisator-das-magazin-fr-kmu","https:\/\/www.xing.com\/news\/pages\/organisator-ch-695","https:\/\/www.youtube.com\/channel\/UCGP2Sq0iWaZwT3BdIAQFYpw"]},{"@type":"Person","@id":"https:\/\/www.organisator.ch\/#\/schema\/person\/6f650f90b2842cd4c0cc334b4e36f67e","name":"thomas.berner","image":{"@type":"ImageObject","inLanguage":"de","@id":"https:\/\/secure.gravatar.com\/avatar\/ac5001d2a36cb6c6cd3e50789007ffca834b477b74a2144564522e944eabff61?s=96&d=mm&r=g","url":"https:\/\/secure.gravatar.com\/avatar\/ac5001d2a36cb6c6cd3e50789007ffca834b477b74a2144564522e944eabff61?s=96&d=mm&r=g","contentUrl":"https:\/\/secure.gravatar.com\/avatar\/ac5001d2a36cb6c6cd3e50789007ffca834b477b74a2144564522e944eabff61?s=96&d=mm&r=g","caption":"thomas.berner"},"url":"https:\/\/www.organisator.ch\/de\/author\/thomas-berner\/"}]}},"_links":{"self":[{"href":"https:\/\/www.organisator.ch\/de\/wp-json\/wp\/v2\/posts\/19391","targetHints":{"allow":["GET"]}}],"collection":[{"href":"https:\/\/www.organisator.ch\/de\/wp-json\/wp\/v2\/posts"}],"about":[{"href":"https:\/\/www.organisator.ch\/de\/wp-json\/wp\/v2\/types\/post"}],"author":[{"embeddable":true,"href":"https:\/\/www.organisator.ch\/de\/wp-json\/wp\/v2\/users\/4"}],"replies":[{"embeddable":true,"href":"https:\/\/www.organisator.ch\/de\/wp-json\/wp\/v2\/comments?post=19391"}],"version-history":[{"count":1,"href":"https:\/\/www.organisator.ch\/de\/wp-json\/wp\/v2\/posts\/19391\/revisions"}],"predecessor-version":[{"id":19393,"href":"https:\/\/www.organisator.ch\/de\/wp-json\/wp\/v2\/posts\/19391\/revisions\/19393"}],"wp:featuredmedia":[{"embeddable":true,"href":"https:\/\/www.organisator.ch\/de\/wp-json\/wp\/v2\/media\/19392"}],"wp:attachment":[{"href":"https:\/\/www.organisator.ch\/de\/wp-json\/wp\/v2\/media?parent=19391"}],"wp:term":[{"taxonomy":"category","embeddable":true,"href":"https:\/\/www.organisator.ch\/de\/wp-json\/wp\/v2\/categories?post=19391"},{"taxonomy":"post_tag","embeddable":true,"href":"https:\/\/www.organisator.ch\/de\/wp-json\/wp\/v2\/tags?post=19391"}],"curies":[{"name":"wp","href":"https:\/\/api.w.org\/{rel}","templated":true}]}}