{"id":19422,"date":"2023-03-27T13:42:33","date_gmt":"2023-03-27T11:42:33","guid":{"rendered":"https:\/\/www.organisator.ch\/?p=19422"},"modified":"2023-03-27T13:42:33","modified_gmt":"2023-03-27T11:42:33","slug":"plan-b-fuer-eine-regenerative-inklusive-und-faire-wirtschaft","status":"publish","type":"post","link":"https:\/\/www.organisator.ch\/de\/sustainability\/2023-03-27\/plan-b-fuer-eine-regenerative-inklusive-und-faire-wirtschaft\/","title":{"rendered":"Plan B: F\u00fcr eine regenerative, inklusive und faire Wirtschaft"},"content":{"rendered":"<figure id=\"attachment_19424\" aria-describedby=\"caption-attachment-19424\" style=\"width: 680px\" class=\"wp-caption alignnone\"><img loading=\"lazy\" decoding=\"async\" class=\"size-full wp-image-19424\" src=\"https:\/\/www.organisator.ch\/wp-content\/uploads\/2023\/03\/Plan-B-Fuer-eine-regenerative-inklusive-und-faire-Wirtschaft-_Organisator.jpg\" alt=\"\" width=\"680\" height=\"567\" srcset=\"https:\/\/www.organisator.ch\/wp-content\/uploads\/2023\/03\/Plan-B-Fuer-eine-regenerative-inklusive-und-faire-Wirtschaft-_Organisator.jpg 680w, https:\/\/www.organisator.ch\/wp-content\/uploads\/2023\/03\/Plan-B-Fuer-eine-regenerative-inklusive-und-faire-Wirtschaft-_Organisator-14x12.jpg 14w, https:\/\/www.organisator.ch\/wp-content\/uploads\/2023\/03\/Plan-B-Fuer-eine-regenerative-inklusive-und-faire-Wirtschaft-_Organisator-360x300.jpg 360w, https:\/\/www.organisator.ch\/wp-content\/uploads\/2023\/03\/Plan-B-Fuer-eine-regenerative-inklusive-und-faire-Wirtschaft-_Organisator-420x350.jpg 420w\" sizes=\"auto, (max-width: 680px) 100vw, 680px\" \/><figcaption id=\"caption-attachment-19424\" class=\"wp-caption-text\">Mit &#8222;Plan B&#8220; lanciert die gemeinn\u00fctzige Stiftung B Lab eine Sensibilisierungskampagne. (Bild: B Lab)<\/figcaption><\/figure>\n<p>B Lab Schweiz, eine gemeinn\u00fctzige Stiftung, die sich f\u00fcr die Entwicklung von Normen und rechtlichen Rahmenbedingungen zum Nutzen der Gesellschaft und der Umwelt einsetzt, startet ihre erste Sensibilisierungskampagne mit dem Titel &#8222;Plan B&#8220;. Diese Initiative, die in Zusammenarbeit mit 13 Schweizer B Corps durchgef\u00fchrt wurde, zielt darauf ab, einen Dialog anzuregen, \u00fcber unerl\u00e4ssliche Ver\u00e4nderungen in unserem Wirtschaftssystem, sowie \u00fcber die Rolle, die Unternehmen als Katalysatoren des Wandels spielen k\u00f6nnen und m\u00fcssen.<\/p>\n<h3>Was bei B Corps den Unterschied macht<\/h3>\n<p>In der gegenw\u00e4rtigen Situation des weit verbreiteten Misstrauens gegen\u00fcber den Finanzm\u00e4rkten und der anhaltenden sozialen und \u00f6kologischen Krisen sei es mehr denn je erforderlich, das Vertrauen wiederherzustellen und Ver\u00e4nderungen in unserer Wirtschaft aktiv einzuleiten, schreibt B Lab in einer Medienmitteilung. Die B Corp-zertifizierten Unternehmen gehen \u00fcber die traditionellen finanziellen Kriterien hinaus und messen ihre Leistung anhand strenger sozialer und \u00f6kologischer Leistungsstandards und verpflichten sich zu Transparenz sowie rechtlicher Verantwortlichkeit. Die B Corp Bewegung mit \u00fcber 6\u2019500 B Corps weltweit, darunter rund 280 aktiven B Corps in der Schweiz, zeigt, dass branchen\u00fcbergreifende Zusammenarbeit eine L\u00f6sung ist, um aus dem Status quo auszubrechen und das verlorene Vertrauen der Konsument:innen, Mitarbeiter:innen und Investor:innen wiederherzustellen.<\/p>\n<h3><strong>Plan B zur Sensibilisierung und zum Ausbrechen aus dem Status quo<\/strong><\/h3>\n<p>B Lab Schweiz startet mit &#8222;Plan B&#8220;, eine mutige Initiative, welche die B Corp Bewegung in den Vordergrund stellt. Dieser &#8222;Plan B&#8220; zielt nicht nur darauf ab, B Corp-zertifizierte Unternehmen f\u00fcr die Konsument:innen zug\u00e4nglicher zu machen, sondern m\u00f6chte auch aufzeigen, dass B Corps eine wirkungsvolle Wahl als Arbeitgeber sowie als Gesch\u00e4ftspartner sind. Vor allem jedoch m\u00f6chte B Lab eine Diskussion \u00fcber unerl\u00e4ssliche Ver\u00e4nderungen in unserem Wirtschaftssystem anregen.<\/p>\n<p>&#8222;Angesichts des Vertrauensverlusts und des weit verbreiteten Misstrauens ist es entscheidend, sich an die Akteur:innen des Wandels zu wenden, die Hoffnung und L\u00f6sungen f\u00fcr die globalen Herausforderungen verk\u00f6rpern: die Unternehmen. Mit &#8222;Plan B&#8220; starten wir zum ersten Mal eine \u00f6ffentliche Kampagne, um einen Dialog \u00fcber die notwendigen Transformationen und die entscheidende Rolle der Unternehmen als Katalysatoren des Wandels bei den globalen Herausforderungen anzuregen&#8220;, sagte Jonathan Normand, Gr\u00fcnder und CEO von B Lab Schweiz.<\/p>\n<p><em>Quelle: <a href=\"https:\/\/de.blab-switzerland.ch\/\">B Lab<\/a><\/em><\/p>\n","protected":false},"excerpt":{"rendered":"<p>B Lab Schweiz, eine gemeinn\u00fctzige Stiftung, die sich f\u00fcr die Entwicklung von Normen und rechtlichen Rahmenbedingungen zum Nutzen der Gesellschaft und der Umwelt einsetzt, startet ihre erste Sensibilisierungskampagne mit dem Titel &#8222;Plan B&#8220;. Diese Initiative, die in Zusammenarbeit mit 13 Schweizer B Corps durchgef\u00fchrt wurde, zielt darauf ab, einen Dialog anzuregen, \u00fcber unerl\u00e4ssliche Ver\u00e4nderungen in [&hellip;]<\/p>\n","protected":false},"author":4,"featured_media":19424,"comment_status":"closed","ping_status":"closed","sticky":false,"template":"","format":"standard","meta":{"_acf_changed":false,"_yoast_wpseo_focuskw":"Plan B","_yoast_wpseo_metadesc":"Aus dem Status quo ausbrechen: B Lab Schweiz zeigt einen \"Plan B\" f\u00fcr eine regenerative, inklusive und faire Wirtschaft auf.","articlekey":"","footnotes":""},"categories":[580],"tags":[293,358],"class_list":["post-19422","post","type-post","status-publish","format-standard","has-post-thumbnail","hentry","category-sustainability","tag-kampagne","tag-nachhaltige-wirtschaft"],"acf":[],"yoast_head":"<!-- This site is optimized with the Yoast SEO plugin v27.5 - https:\/\/yoast.com\/product\/yoast-seo-wordpress\/ -->\n<title>Plan B: F\u00fcr eine regenerative, inklusive und faire Wirtschaft - Organisator<\/title>\n<meta name=\"description\" content=\"Aus dem Status quo ausbrechen: B Lab Schweiz zeigt einen &quot;Plan B&quot; f\u00fcr eine regenerative, inklusive und faire Wirtschaft auf.\" \/>\n<meta name=\"robots\" content=\"index, follow, max-snippet:-1, max-image-preview:large, max-video-preview:-1\" \/>\n<link rel=\"canonical\" href=\"https:\/\/www.organisator.ch\/de\/sustainability\/2023-03-27\/plan-b-fuer-eine-regenerative-inklusive-und-faire-wirtschaft\/\" \/>\n<meta property=\"og:locale\" content=\"de_DE\" \/>\n<meta property=\"og:type\" content=\"article\" \/>\n<meta property=\"og:title\" content=\"Plan B: F\u00fcr eine regenerative, inklusive und faire Wirtschaft\" \/>\n<meta property=\"og:description\" content=\"Aus dem Status quo ausbrechen: B Lab Schweiz zeigt einen &quot;Plan B&quot; f\u00fcr eine regenerative, inklusive und faire Wirtschaft auf.\" \/>\n<meta property=\"og:url\" content=\"https:\/\/www.organisator.ch\/de\/sustainability\/2023-03-27\/plan-b-fuer-eine-regenerative-inklusive-und-faire-wirtschaft\/\" \/>\n<meta property=\"og:site_name\" content=\"Organisator\" \/>\n<meta property=\"article:publisher\" content=\"https:\/\/www.facebook.com\/OrganisatorFachmagazin\" \/>\n<meta property=\"article:published_time\" content=\"2023-03-27T11:42:33+00:00\" \/>\n<meta property=\"og:image\" content=\"https:\/\/www.organisator.ch\/wp-content\/uploads\/2023\/03\/Plan-B-Fuer-eine-regenerative-inklusive-und-faire-Wirtschaft-_Organisator.jpg\" \/>\n\t<meta property=\"og:image:width\" content=\"680\" \/>\n\t<meta property=\"og:image:height\" content=\"567\" \/>\n\t<meta property=\"og:image:type\" content=\"image\/jpeg\" \/>\n<meta name=\"author\" content=\"thomas.berner\" \/>\n<meta name=\"twitter:card\" content=\"summary_large_image\" \/>\n<meta name=\"twitter:title\" content=\"#PlanB: F\u00fcr eine regenerative, inklusive und faire #Wirtschaft\" \/>\n<meta name=\"twitter:description\" content=\"Aus dem Status quo ausbrechen: #BLab Schweiz zeigt einen &quot;#PlanB&quot; f\u00fcr eine regenerative, inklusive und faire Wirtschaft auf.\" \/>\n<meta name=\"twitter:image\" content=\"https:\/\/www.organisator.ch\/wp-content\/uploads\/2023\/03\/Plan-B-Fuer-eine-regenerative-inklusive-und-faire-Wirtschaft-_Organisator.jpg\" \/>\n<script type=\"application\/ld+json\" class=\"yoast-schema-graph\">{\"@context\":\"https:\\\/\\\/schema.org\",\"@graph\":[{\"@type\":\"Article\",\"@id\":\"https:\\\/\\\/www.organisator.ch\\\/sustainability\\\/2023-03-27\\\/plan-b-fuer-eine-regenerative-inklusive-und-faire-wirtschaft\\\/#article\",\"isPartOf\":{\"@id\":\"https:\\\/\\\/www.organisator.ch\\\/sustainability\\\/2023-03-27\\\/plan-b-fuer-eine-regenerative-inklusive-und-faire-wirtschaft\\\/\"},\"author\":{\"name\":\"thomas.berner\",\"@id\":\"https:\\\/\\\/www.organisator.ch\\\/#\\\/schema\\\/person\\\/6f650f90b2842cd4c0cc334b4e36f67e\"},\"headline\":\"Plan B: F\u00fcr eine regenerative, inklusive und faire Wirtschaft\",\"datePublished\":\"2023-03-27T11:42:33+00:00\",\"mainEntityOfPage\":{\"@id\":\"https:\\\/\\\/www.organisator.ch\\\/sustainability\\\/2023-03-27\\\/plan-b-fuer-eine-regenerative-inklusive-und-faire-wirtschaft\\\/\"},\"wordCount\":401,\"publisher\":{\"@id\":\"https:\\\/\\\/www.organisator.ch\\\/#organization\"},\"image\":{\"@id\":\"https:\\\/\\\/www.organisator.ch\\\/sustainability\\\/2023-03-27\\\/plan-b-fuer-eine-regenerative-inklusive-und-faire-wirtschaft\\\/#primaryimage\"},\"thumbnailUrl\":\"https:\\\/\\\/www.organisator.ch\\\/wp-content\\\/uploads\\\/2023\\\/03\\\/Plan-B-Fuer-eine-regenerative-inklusive-und-faire-Wirtschaft-_Organisator.jpg\",\"keywords\":[\"Kampagne\",\"Nachhaltige Wirtschaft\"],\"articleSection\":[\"SUSTAINABILITY\"],\"inLanguage\":\"de\"},{\"@type\":\"WebPage\",\"@id\":\"https:\\\/\\\/www.organisator.ch\\\/sustainability\\\/2023-03-27\\\/plan-b-fuer-eine-regenerative-inklusive-und-faire-wirtschaft\\\/\",\"url\":\"https:\\\/\\\/www.organisator.ch\\\/sustainability\\\/2023-03-27\\\/plan-b-fuer-eine-regenerative-inklusive-und-faire-wirtschaft\\\/\",\"name\":\"Plan B: F\u00fcr eine regenerative, inklusive und faire Wirtschaft - Organisator\",\"isPartOf\":{\"@id\":\"https:\\\/\\\/www.organisator.ch\\\/#website\"},\"primaryImageOfPage\":{\"@id\":\"https:\\\/\\\/www.organisator.ch\\\/sustainability\\\/2023-03-27\\\/plan-b-fuer-eine-regenerative-inklusive-und-faire-wirtschaft\\\/#primaryimage\"},\"image\":{\"@id\":\"https:\\\/\\\/www.organisator.ch\\\/sustainability\\\/2023-03-27\\\/plan-b-fuer-eine-regenerative-inklusive-und-faire-wirtschaft\\\/#primaryimage\"},\"thumbnailUrl\":\"https:\\\/\\\/www.organisator.ch\\\/wp-content\\\/uploads\\\/2023\\\/03\\\/Plan-B-Fuer-eine-regenerative-inklusive-und-faire-Wirtschaft-_Organisator.jpg\",\"datePublished\":\"2023-03-27T11:42:33+00:00\",\"description\":\"Aus dem Status quo ausbrechen: B Lab Schweiz zeigt einen \\\"Plan B\\\" f\u00fcr eine regenerative, inklusive und faire Wirtschaft auf.\",\"breadcrumb\":{\"@id\":\"https:\\\/\\\/www.organisator.ch\\\/sustainability\\\/2023-03-27\\\/plan-b-fuer-eine-regenerative-inklusive-und-faire-wirtschaft\\\/#breadcrumb\"},\"inLanguage\":\"de\",\"potentialAction\":[{\"@type\":\"ReadAction\",\"target\":[\"https:\\\/\\\/www.organisator.ch\\\/sustainability\\\/2023-03-27\\\/plan-b-fuer-eine-regenerative-inklusive-und-faire-wirtschaft\\\/\"]}]},{\"@type\":\"ImageObject\",\"inLanguage\":\"de\",\"@id\":\"https:\\\/\\\/www.organisator.ch\\\/sustainability\\\/2023-03-27\\\/plan-b-fuer-eine-regenerative-inklusive-und-faire-wirtschaft\\\/#primaryimage\",\"url\":\"https:\\\/\\\/www.organisator.ch\\\/wp-content\\\/uploads\\\/2023\\\/03\\\/Plan-B-Fuer-eine-regenerative-inklusive-und-faire-Wirtschaft-_Organisator.jpg\",\"contentUrl\":\"https:\\\/\\\/www.organisator.ch\\\/wp-content\\\/uploads\\\/2023\\\/03\\\/Plan-B-Fuer-eine-regenerative-inklusive-und-faire-Wirtschaft-_Organisator.jpg\",\"width\":680,\"height\":567,\"caption\":\"Mit \\\"Plan B\\\" lanciert die gemeinn\u00fctzige Stiftung B Lab eine Sensibilisierungskampagne. (Bild: B Lab)\"},{\"@type\":\"BreadcrumbList\",\"@id\":\"https:\\\/\\\/www.organisator.ch\\\/sustainability\\\/2023-03-27\\\/plan-b-fuer-eine-regenerative-inklusive-und-faire-wirtschaft\\\/#breadcrumb\",\"itemListElement\":[{\"@type\":\"ListItem\",\"position\":1,\"name\":\"Home\",\"item\":\"https:\\\/\\\/www.organisator.ch\\\/\"},{\"@type\":\"ListItem\",\"position\":2,\"name\":\"Plan B: F\u00fcr eine regenerative, inklusive und faire Wirtschaft\"}]},{\"@type\":\"WebSite\",\"@id\":\"https:\\\/\\\/www.organisator.ch\\\/#website\",\"url\":\"https:\\\/\\\/www.organisator.ch\\\/\",\"name\":\"Organisator\",\"description\":\"Kompetent. Praxisnah. Der ORGANISATOR bereitet in 10 Ausgaben pro Jahr die wesentlichen Themen f\u00fcr F\u00fchrungskr\u00e4fte von KMU auf.\",\"publisher\":{\"@id\":\"https:\\\/\\\/www.organisator.ch\\\/#organization\"},\"potentialAction\":[{\"@type\":\"SearchAction\",\"target\":{\"@type\":\"EntryPoint\",\"urlTemplate\":\"https:\\\/\\\/www.organisator.ch\\\/?s={search_term_string}\"},\"query-input\":{\"@type\":\"PropertyValueSpecification\",\"valueRequired\":true,\"valueName\":\"search_term_string\"}}],\"inLanguage\":\"de\"},{\"@type\":\"Organization\",\"@id\":\"https:\\\/\\\/www.organisator.ch\\\/#organization\",\"name\":\"Organisator\",\"url\":\"https:\\\/\\\/www.organisator.ch\\\/\",\"logo\":{\"@type\":\"ImageObject\",\"inLanguage\":\"de\",\"@id\":\"https:\\\/\\\/www.organisator.ch\\\/#\\\/schema\\\/logo\\\/image\\\/\",\"url\":\"https:\\\/\\\/www.organisator.ch\\\/wp-content\\\/uploads\\\/2022\\\/01\\\/Logo_Organisator_Website.png\",\"contentUrl\":\"https:\\\/\\\/www.organisator.ch\\\/wp-content\\\/uploads\\\/2022\\\/01\\\/Logo_Organisator_Website.png\",\"width\":800,\"height\":77,\"caption\":\"Organisator\"},\"image\":{\"@id\":\"https:\\\/\\\/www.organisator.ch\\\/#\\\/schema\\\/logo\\\/image\\\/\"},\"sameAs\":[\"https:\\\/\\\/www.facebook.com\\\/OrganisatorFachmagazin\",\"https:\\\/\\\/www.linkedin.com\\\/showcase\\\/organisator-das-magazin-fr-kmu\",\"https:\\\/\\\/www.xing.com\\\/news\\\/pages\\\/organisator-ch-695\",\"https:\\\/\\\/www.youtube.com\\\/channel\\\/UCGP2Sq0iWaZwT3BdIAQFYpw\"]},{\"@type\":\"Person\",\"@id\":\"https:\\\/\\\/www.organisator.ch\\\/#\\\/schema\\\/person\\\/6f650f90b2842cd4c0cc334b4e36f67e\",\"name\":\"thomas.berner\",\"image\":{\"@type\":\"ImageObject\",\"inLanguage\":\"de\",\"@id\":\"https:\\\/\\\/secure.gravatar.com\\\/avatar\\\/ac5001d2a36cb6c6cd3e50789007ffca834b477b74a2144564522e944eabff61?s=96&d=mm&r=g\",\"url\":\"https:\\\/\\\/secure.gravatar.com\\\/avatar\\\/ac5001d2a36cb6c6cd3e50789007ffca834b477b74a2144564522e944eabff61?s=96&d=mm&r=g\",\"contentUrl\":\"https:\\\/\\\/secure.gravatar.com\\\/avatar\\\/ac5001d2a36cb6c6cd3e50789007ffca834b477b74a2144564522e944eabff61?s=96&d=mm&r=g\",\"caption\":\"thomas.berner\"},\"url\":\"https:\\\/\\\/www.organisator.ch\\\/de\\\/author\\\/thomas-berner\\\/\"}]}<\/script>\n<!-- \/ Yoast SEO plugin. -->","yoast_head_json":{"title":"Plan B: F\u00fcr eine regenerative, inklusive und faire Wirtschaft - Organisator","description":"Aus dem Status quo ausbrechen: B Lab Schweiz zeigt einen \"Plan B\" f\u00fcr eine regenerative, inklusive und faire Wirtschaft auf.","robots":{"index":"index","follow":"follow","max-snippet":"max-snippet:-1","max-image-preview":"max-image-preview:large","max-video-preview":"max-video-preview:-1"},"canonical":"https:\/\/www.organisator.ch\/de\/sustainability\/2023-03-27\/plan-b-fuer-eine-regenerative-inklusive-und-faire-wirtschaft\/","og_locale":"de_DE","og_type":"article","og_title":"Plan B: F\u00fcr eine regenerative, inklusive und faire Wirtschaft","og_description":"Aus dem Status quo ausbrechen: B Lab Schweiz zeigt einen \"Plan B\" f\u00fcr eine regenerative, inklusive und faire Wirtschaft auf.","og_url":"https:\/\/www.organisator.ch\/de\/sustainability\/2023-03-27\/plan-b-fuer-eine-regenerative-inklusive-und-faire-wirtschaft\/","og_site_name":"Organisator","article_publisher":"https:\/\/www.facebook.com\/OrganisatorFachmagazin","article_published_time":"2023-03-27T11:42:33+00:00","og_image":[{"width":680,"height":567,"url":"https:\/\/www.organisator.ch\/wp-content\/uploads\/2023\/03\/Plan-B-Fuer-eine-regenerative-inklusive-und-faire-Wirtschaft-_Organisator.jpg","type":"image\/jpeg"}],"author":"thomas.berner","twitter_card":"summary_large_image","twitter_title":"#PlanB: F\u00fcr eine regenerative, inklusive und faire #Wirtschaft","twitter_description":"Aus dem Status quo ausbrechen: #BLab Schweiz zeigt einen \"#PlanB\" f\u00fcr eine regenerative, inklusive und faire Wirtschaft auf.","twitter_image":"https:\/\/www.organisator.ch\/wp-content\/uploads\/2023\/03\/Plan-B-Fuer-eine-regenerative-inklusive-und-faire-Wirtschaft-_Organisator.jpg","schema":{"@context":"https:\/\/schema.org","@graph":[{"@type":"Article","@id":"https:\/\/www.organisator.ch\/sustainability\/2023-03-27\/plan-b-fuer-eine-regenerative-inklusive-und-faire-wirtschaft\/#article","isPartOf":{"@id":"https:\/\/www.organisator.ch\/sustainability\/2023-03-27\/plan-b-fuer-eine-regenerative-inklusive-und-faire-wirtschaft\/"},"author":{"name":"thomas.berner","@id":"https:\/\/www.organisator.ch\/#\/schema\/person\/6f650f90b2842cd4c0cc334b4e36f67e"},"headline":"Plan B: F\u00fcr eine regenerative, inklusive und faire Wirtschaft","datePublished":"2023-03-27T11:42:33+00:00","mainEntityOfPage":{"@id":"https:\/\/www.organisator.ch\/sustainability\/2023-03-27\/plan-b-fuer-eine-regenerative-inklusive-und-faire-wirtschaft\/"},"wordCount":401,"publisher":{"@id":"https:\/\/www.organisator.ch\/#organization"},"image":{"@id":"https:\/\/www.organisator.ch\/sustainability\/2023-03-27\/plan-b-fuer-eine-regenerative-inklusive-und-faire-wirtschaft\/#primaryimage"},"thumbnailUrl":"https:\/\/www.organisator.ch\/wp-content\/uploads\/2023\/03\/Plan-B-Fuer-eine-regenerative-inklusive-und-faire-Wirtschaft-_Organisator.jpg","keywords":["Kampagne","Nachhaltige Wirtschaft"],"articleSection":["SUSTAINABILITY"],"inLanguage":"de"},{"@type":"WebPage","@id":"https:\/\/www.organisator.ch\/sustainability\/2023-03-27\/plan-b-fuer-eine-regenerative-inklusive-und-faire-wirtschaft\/","url":"https:\/\/www.organisator.ch\/sustainability\/2023-03-27\/plan-b-fuer-eine-regenerative-inklusive-und-faire-wirtschaft\/","name":"Plan B: F\u00fcr eine regenerative, inklusive und faire Wirtschaft - Organisator","isPartOf":{"@id":"https:\/\/www.organisator.ch\/#website"},"primaryImageOfPage":{"@id":"https:\/\/www.organisator.ch\/sustainability\/2023-03-27\/plan-b-fuer-eine-regenerative-inklusive-und-faire-wirtschaft\/#primaryimage"},"image":{"@id":"https:\/\/www.organisator.ch\/sustainability\/2023-03-27\/plan-b-fuer-eine-regenerative-inklusive-und-faire-wirtschaft\/#primaryimage"},"thumbnailUrl":"https:\/\/www.organisator.ch\/wp-content\/uploads\/2023\/03\/Plan-B-Fuer-eine-regenerative-inklusive-und-faire-Wirtschaft-_Organisator.jpg","datePublished":"2023-03-27T11:42:33+00:00","description":"Aus dem Status quo ausbrechen: B Lab Schweiz zeigt einen \"Plan B\" f\u00fcr eine regenerative, inklusive und faire Wirtschaft auf.","breadcrumb":{"@id":"https:\/\/www.organisator.ch\/sustainability\/2023-03-27\/plan-b-fuer-eine-regenerative-inklusive-und-faire-wirtschaft\/#breadcrumb"},"inLanguage":"de","potentialAction":[{"@type":"ReadAction","target":["https:\/\/www.organisator.ch\/sustainability\/2023-03-27\/plan-b-fuer-eine-regenerative-inklusive-und-faire-wirtschaft\/"]}]},{"@type":"ImageObject","inLanguage":"de","@id":"https:\/\/www.organisator.ch\/sustainability\/2023-03-27\/plan-b-fuer-eine-regenerative-inklusive-und-faire-wirtschaft\/#primaryimage","url":"https:\/\/www.organisator.ch\/wp-content\/uploads\/2023\/03\/Plan-B-Fuer-eine-regenerative-inklusive-und-faire-Wirtschaft-_Organisator.jpg","contentUrl":"https:\/\/www.organisator.ch\/wp-content\/uploads\/2023\/03\/Plan-B-Fuer-eine-regenerative-inklusive-und-faire-Wirtschaft-_Organisator.jpg","width":680,"height":567,"caption":"Mit \"Plan B\" lanciert die gemeinn\u00fctzige Stiftung B Lab eine Sensibilisierungskampagne. (Bild: B Lab)"},{"@type":"BreadcrumbList","@id":"https:\/\/www.organisator.ch\/sustainability\/2023-03-27\/plan-b-fuer-eine-regenerative-inklusive-und-faire-wirtschaft\/#breadcrumb","itemListElement":[{"@type":"ListItem","position":1,"name":"Home","item":"https:\/\/www.organisator.ch\/"},{"@type":"ListItem","position":2,"name":"Plan B: F\u00fcr eine regenerative, inklusive und faire Wirtschaft"}]},{"@type":"WebSite","@id":"https:\/\/www.organisator.ch\/#website","url":"https:\/\/www.organisator.ch\/","name":"Organisator","description":"Kompetent. Praxisnah. Der ORGANISATOR bereitet in 10 Ausgaben pro Jahr die wesentlichen Themen f\u00fcr F\u00fchrungskr\u00e4fte von KMU auf.","publisher":{"@id":"https:\/\/www.organisator.ch\/#organization"},"potentialAction":[{"@type":"SearchAction","target":{"@type":"EntryPoint","urlTemplate":"https:\/\/www.organisator.ch\/?s={search_term_string}"},"query-input":{"@type":"PropertyValueSpecification","valueRequired":true,"valueName":"search_term_string"}}],"inLanguage":"de"},{"@type":"Organization","@id":"https:\/\/www.organisator.ch\/#organization","name":"Organisator","url":"https:\/\/www.organisator.ch\/","logo":{"@type":"ImageObject","inLanguage":"de","@id":"https:\/\/www.organisator.ch\/#\/schema\/logo\/image\/","url":"https:\/\/www.organisator.ch\/wp-content\/uploads\/2022\/01\/Logo_Organisator_Website.png","contentUrl":"https:\/\/www.organisator.ch\/wp-content\/uploads\/2022\/01\/Logo_Organisator_Website.png","width":800,"height":77,"caption":"Organisator"},"image":{"@id":"https:\/\/www.organisator.ch\/#\/schema\/logo\/image\/"},"sameAs":["https:\/\/www.facebook.com\/OrganisatorFachmagazin","https:\/\/www.linkedin.com\/showcase\/organisator-das-magazin-fr-kmu","https:\/\/www.xing.com\/news\/pages\/organisator-ch-695","https:\/\/www.youtube.com\/channel\/UCGP2Sq0iWaZwT3BdIAQFYpw"]},{"@type":"Person","@id":"https:\/\/www.organisator.ch\/#\/schema\/person\/6f650f90b2842cd4c0cc334b4e36f67e","name":"thomas.berner","image":{"@type":"ImageObject","inLanguage":"de","@id":"https:\/\/secure.gravatar.com\/avatar\/ac5001d2a36cb6c6cd3e50789007ffca834b477b74a2144564522e944eabff61?s=96&d=mm&r=g","url":"https:\/\/secure.gravatar.com\/avatar\/ac5001d2a36cb6c6cd3e50789007ffca834b477b74a2144564522e944eabff61?s=96&d=mm&r=g","contentUrl":"https:\/\/secure.gravatar.com\/avatar\/ac5001d2a36cb6c6cd3e50789007ffca834b477b74a2144564522e944eabff61?s=96&d=mm&r=g","caption":"thomas.berner"},"url":"https:\/\/www.organisator.ch\/de\/author\/thomas-berner\/"}]}},"_links":{"self":[{"href":"https:\/\/www.organisator.ch\/de\/wp-json\/wp\/v2\/posts\/19422","targetHints":{"allow":["GET"]}}],"collection":[{"href":"https:\/\/www.organisator.ch\/de\/wp-json\/wp\/v2\/posts"}],"about":[{"href":"https:\/\/www.organisator.ch\/de\/wp-json\/wp\/v2\/types\/post"}],"author":[{"embeddable":true,"href":"https:\/\/www.organisator.ch\/de\/wp-json\/wp\/v2\/users\/4"}],"replies":[{"embeddable":true,"href":"https:\/\/www.organisator.ch\/de\/wp-json\/wp\/v2\/comments?post=19422"}],"version-history":[{"count":3,"href":"https:\/\/www.organisator.ch\/de\/wp-json\/wp\/v2\/posts\/19422\/revisions"}],"predecessor-version":[{"id":19461,"href":"https:\/\/www.organisator.ch\/de\/wp-json\/wp\/v2\/posts\/19422\/revisions\/19461"}],"wp:featuredmedia":[{"embeddable":true,"href":"https:\/\/www.organisator.ch\/de\/wp-json\/wp\/v2\/media\/19424"}],"wp:attachment":[{"href":"https:\/\/www.organisator.ch\/de\/wp-json\/wp\/v2\/media?parent=19422"}],"wp:term":[{"taxonomy":"category","embeddable":true,"href":"https:\/\/www.organisator.ch\/de\/wp-json\/wp\/v2\/categories?post=19422"},{"taxonomy":"post_tag","embeddable":true,"href":"https:\/\/www.organisator.ch\/de\/wp-json\/wp\/v2\/tags?post=19422"}],"curies":[{"name":"wp","href":"https:\/\/api.w.org\/{rel}","templated":true}]}}