{"id":19493,"date":"2023-03-31T07:50:54","date_gmt":"2023-03-31T05:50:54","guid":{"rendered":"https:\/\/www.organisator.ch\/?p=19493"},"modified":"2023-03-31T14:56:26","modified_gmt":"2023-03-31T12:56:26","slug":"firmennachfolgen-in-der-schweiz-druckwelle-steigt","status":"publish","type":"post","link":"https:\/\/www.organisator.ch\/de\/management\/2023-03-31\/firmennachfolgen-in-der-schweiz-druckwelle-steigt\/","title":{"rendered":"Firmennachfolgen in der Schweiz: Druckwelle steigt"},"content":{"rendered":"<figure id=\"attachment_19494\" aria-describedby=\"caption-attachment-19494\" style=\"width: 680px\" class=\"wp-caption alignnone\"><img loading=\"lazy\" decoding=\"async\" class=\"size-full wp-image-19494\" src=\"https:\/\/www.organisator.ch\/wp-content\/uploads\/2023\/03\/Firmennachfolgen-in-der-Schweiz-Druckwelle-steigt_Organisator.jpg\" alt=\"\" width=\"680\" height=\"400\" srcset=\"https:\/\/www.organisator.ch\/wp-content\/uploads\/2023\/03\/Firmennachfolgen-in-der-Schweiz-Druckwelle-steigt_Organisator.jpg 680w, https:\/\/www.organisator.ch\/wp-content\/uploads\/2023\/03\/Firmennachfolgen-in-der-Schweiz-Druckwelle-steigt_Organisator-18x12.jpg 18w, https:\/\/www.organisator.ch\/wp-content\/uploads\/2023\/03\/Firmennachfolgen-in-der-Schweiz-Druckwelle-steigt_Organisator-375x221.jpg 375w, https:\/\/www.organisator.ch\/wp-content\/uploads\/2023\/03\/Firmennachfolgen-in-der-Schweiz-Druckwelle-steigt_Organisator-595x350.jpg 595w\" sizes=\"auto, (max-width: 680px) 100vw, 680px\" \/><figcaption id=\"caption-attachment-19494\" class=\"wp-caption-text\">Die Zahl der Firmen in der Schweiz steigt weiter &#8211; und damit auch die Zahl an Firmennachfolgen. (Bild: Schweizer Dachverband f\u00fcr Unternehmensnachfolge (CHDU))<\/figcaption><\/figure>\n<p>Mit der Nachfolge-Demographie der Schweiz unterstreicht der Schweizer Dachverband f\u00fcr Unternehmensnachfolge (CHDU) die Bedeutung der Firmennachfolgen. Dargestellt am Kanton Z\u00fcrich wurde erstmals eine &#8222;Nachfolgekarte&#8220; pr\u00e4sentiert. Sie zeigt 100 Jahre Schweizer und Z\u00fcrcher Nachfolge-Entwicklung und -Demographie &#8211; von 1922 bis 2022. Die Erhebungen der Nachfolge-Demographien Schweiz und Kanton Z\u00fcrich in der Nachfolgekarte 2022 resultieren aus der Gegen\u00fcberstellung von Gr\u00fcndungen und heutigem Bestand von im Schweizer Handelsregister eingetragenen Einzel-\/, Kollektiv-\/Kommandit-Gesellschaften, Genossenschaften, GmbHs und AGs \u00fcber den Zeitraum von 1922 bis 2022, jeweils in 10-Jahres Schritten.<\/p>\n<h3>Firmennachfolgen nehmen zu<\/h3>\n<p>Die Zahlen sind eindr\u00fccklich: Waren 1922 erst 80&#8217;000 Gesellschaften im Handelsregister eingetragen, waren es Ende 2022 680&#8217;000, Tendenz weiter steigend, wenn man <a href=\"https:\/\/www.organisator.ch\/de\/management\/2023-01-03\/50000-neue-firmen-im-jahr-2022\/\">die Entwicklungen bei Firmengr\u00fcndungen<\/a> weiter in Betracht zieht. Gehen von allen Unternehmen weiterhin rund 15% in die Nachfolge, wird bald die Grenze von 100&#8217;000 Unternehmen im Nachfolgeprozess \u00fcberschritten. Eine noch nie dagewesene Zahl an Firmen, die gr\u00f6sstenteils \u00fcbergeben oder \u00fcbernommen werden wollen. Es entsteht eine regelrechte Druckwelle der Nachfolge mit daraus folgendem Handlungsdruck f\u00fcr die Schweizer Volkswirtschaft, denn mit diesen Unternehmen verkn\u00fcpft sind etwa 800&#8217;000 Arbeitspl\u00e4tze.<\/p>\n<p>Bemerkenswert ist zudem, dass von den 5&#8217;756 Organisationen, die 1922 in der Schweiz gegr\u00fcndet und im HR eingetragen wurden, heute, 100 Jahre sp\u00e4ter, nur noch 97 bzw. 1.7% zu finden sind. Zahlen, die einmal mehr deutlich machen, wie anspruchsvoll langfristiges Unternehmertum ist. In die Nachfolgekarte 2022 integriert ist die \u00ab100er Liste\u00bb f\u00fcr die Schweiz und den Kanton Z\u00fcrich. Dort sind die Gesellschaften, Organisationen und Unternehmen aufgef\u00fchrt, die diese Herausforderung und damit auch mehrere Nachfolgeregelungen erfolgreich bew\u00e4ltigt haben.<\/p>\n<h3><strong>Kanton f\u00fcr Kanton<\/strong><\/h3>\n<p>Mit der Nachfolgekarte 2022 hat der CHDU die Erstausgabe dieser Publikation lanciert, die zuk\u00fcnftig j\u00e4hrlich erscheint. Die Karte gliedert sich zu gleichen Teilen in eine gesamtschweizerische und eine kantonale Darstellung der aktuellen Nachfolge-Entwicklung und -Demographie. Insbesondere die kantonale Darstellung dient den Kantonen als erg\u00e4nzender Service, um den dort ans\u00e4ssigen Unternehmen die Relevanz erfolgreicher Unternehmensnachfolge anhand sprechender Zahlen und Graphiken nahezubringen sowie auf kantonale Anlaufstellen und Unterst\u00fctzungsm\u00f6glichkeiten hinzuweisen.<\/p>\n<p>Ab sofort steht jedem Kanton die M\u00f6glichkeit einer Nachfolgekarte mit eigener kantonaler Nachfolge-Demographie offen. Den Auftakt f\u00fcr die Nachfolgekarte 2022 machte der Kanton Z\u00fcrich und hebt damit den hohen Stellenwert der Unternehmensnachfolge hervor. Dazu Regierungsr\u00e4tin und Volkswirtschaftsdirektorin des Kantons Z\u00fcrich Carmen Walker Sp\u00e4h: \u00ab (&#8230;) Um wettbewerbsf\u00e4hig zu bleiben, ist unsere Wirtschaft auch in Zukunft auf eine agile, innovative und nachhaltige KMU-Landschaft angewiesen. Das rechtzeitige Vorbereiten der Unternehmensnachfolge ist ein wichtiger Teil davon. Nur so wird es gelingen, dass unsere traditionsreichen KMU m\u00f6glichst viele weitere Jahrzehnte an ihre Firmengeschichte anh\u00e4ngen k\u00f6nnen.\u00bb<\/p>\n<p>Die Standortf\u00f6rderung im Amt f\u00fcr Wirtschaft und Arbeit (AWA) des Kantons Z\u00fcrich unterst\u00fctzt den Auf- und Ausbau des Verbands als Partnerorganisation. Die digitale Nachfolgekarte 2022 ist dort auf der Website verf\u00fcgbar unter diesem Link: <a href=\"https:\/\/impulswerk.us10.list-manage.com\/track\/click?u=c6a56467d013139377a7ad4e3&amp;id=09bf45903e&amp;e=dec83a6326\">www.wirtschaftsraum-zuerich.ch\/100-jahre-nachfolge-entwicklung-die-druckwelle-steigt<\/a><\/p>\n","protected":false},"excerpt":{"rendered":"<p>Mit der Nachfolge-Demographie der Schweiz unterstreicht der Schweizer Dachverband f\u00fcr Unternehmensnachfolge (CHDU) die Bedeutung der Firmennachfolgen. Dargestellt am Kanton Z\u00fcrich wurde erstmals eine &#8222;Nachfolgekarte&#8220; pr\u00e4sentiert. Sie zeigt 100 Jahre Schweizer und Z\u00fcrcher Nachfolge-Entwicklung und -Demographie &#8211; von 1922 bis 2022. Die Erhebungen der Nachfolge-Demographien Schweiz und Kanton Z\u00fcrich in der Nachfolgekarte 2022 resultieren aus der [&hellip;]<\/p>\n","protected":false},"author":4,"featured_media":19494,"comment_status":"closed","ping_status":"closed","sticky":false,"template":"","format":"standard","meta":{"_acf_changed":false,"_yoast_wpseo_focuskw":"Firmennachfolgen","_yoast_wpseo_metadesc":"Der Schweizer Dachverband f\u00fcr Unternehmensnachfolge pr\u00e4sentiert eine \"Nachfolge-Demographie\". Diese zeigt eine Zunahme an Firmennachfolgen.","articlekey":"","footnotes":""},"categories":[28],"tags":[207,335,503],"class_list":["post-19493","post","type-post","status-publish","format-standard","has-post-thumbnail","hentry","category-management","tag-firmennachfolge","tag-management-und-unternehmensfuehrung","tag-verbaende"],"acf":[],"yoast_head":"<!-- This site is optimized with the Yoast SEO plugin v27.5 - https:\/\/yoast.com\/product\/yoast-seo-wordpress\/ -->\n<title>Firmennachfolgen in der Schweiz: Druckwelle steigt - Organisator<\/title>\n<meta name=\"description\" content=\"Der Schweizer Dachverband f\u00fcr Unternehmensnachfolge pr\u00e4sentiert eine &quot;Nachfolge-Demographie&quot;. Diese zeigt eine Zunahme an Firmennachfolgen.\" \/>\n<meta name=\"robots\" content=\"index, follow, max-snippet:-1, max-image-preview:large, max-video-preview:-1\" \/>\n<link rel=\"canonical\" href=\"https:\/\/www.organisator.ch\/de\/management\/2023-03-31\/firmennachfolgen-in-der-schweiz-druckwelle-steigt\/\" \/>\n<meta property=\"og:locale\" content=\"de_DE\" \/>\n<meta property=\"og:type\" content=\"article\" \/>\n<meta property=\"og:title\" content=\"Firmennachfolgen in der Schweiz: Druckwelle steigt\" \/>\n<meta property=\"og:description\" content=\"Der Schweizer Dachverband f\u00fcr Unternehmensnachfolge pr\u00e4sentiert eine &quot;Nachfolge-Demographie&quot;. Diese zeigt eine Zunahme an Firmennachfolgen.\" \/>\n<meta property=\"og:url\" content=\"https:\/\/www.organisator.ch\/de\/management\/2023-03-31\/firmennachfolgen-in-der-schweiz-druckwelle-steigt\/\" \/>\n<meta property=\"og:site_name\" content=\"Organisator\" \/>\n<meta property=\"article:publisher\" content=\"https:\/\/www.facebook.com\/OrganisatorFachmagazin\" \/>\n<meta property=\"article:published_time\" content=\"2023-03-31T05:50:54+00:00\" \/>\n<meta property=\"article:modified_time\" content=\"2023-03-31T12:56:26+00:00\" \/>\n<meta property=\"og:image\" content=\"https:\/\/www.organisator.ch\/wp-content\/uploads\/2023\/03\/Firmennachfolgen-in-der-Schweiz-Druckwelle-steigt_Organisator.jpg\" \/>\n\t<meta property=\"og:image:width\" content=\"680\" \/>\n\t<meta property=\"og:image:height\" content=\"400\" \/>\n\t<meta property=\"og:image:type\" content=\"image\/jpeg\" \/>\n<meta name=\"author\" content=\"thomas.berner\" \/>\n<meta name=\"twitter:card\" content=\"summary_large_image\" \/>\n<meta name=\"twitter:title\" content=\"#Firmennachfolgen in der Schweiz: #Druckwelle steigt\" \/>\n<meta name=\"twitter:description\" content=\"Der Schweizer #Dachverband f\u00fcr #Unternehmensnachfolge pr\u00e4sentiert eine &quot;Nachfolge-Demographie&quot;. Diese zeigt eine Zunahme an #Firmennachfolgen.\" \/>\n<meta name=\"twitter:image\" content=\"https:\/\/www.organisator.ch\/wp-content\/uploads\/2023\/03\/Firmennachfolgen-in-der-Schweiz-Druckwelle-steigt_Organisator.jpg\" \/>\n<script type=\"application\/ld+json\" class=\"yoast-schema-graph\">{\"@context\":\"https:\\\/\\\/schema.org\",\"@graph\":[{\"@type\":\"Article\",\"@id\":\"https:\\\/\\\/www.organisator.ch\\\/management\\\/2023-03-31\\\/firmennachfolgen-in-der-schweiz-druckwelle-steigt\\\/#article\",\"isPartOf\":{\"@id\":\"https:\\\/\\\/www.organisator.ch\\\/management\\\/2023-03-31\\\/firmennachfolgen-in-der-schweiz-druckwelle-steigt\\\/\"},\"author\":{\"name\":\"thomas.berner\",\"@id\":\"https:\\\/\\\/www.organisator.ch\\\/#\\\/schema\\\/person\\\/6f650f90b2842cd4c0cc334b4e36f67e\"},\"headline\":\"Firmennachfolgen in der Schweiz: Druckwelle steigt\",\"datePublished\":\"2023-03-31T05:50:54+00:00\",\"dateModified\":\"2023-03-31T12:56:26+00:00\",\"mainEntityOfPage\":{\"@id\":\"https:\\\/\\\/www.organisator.ch\\\/management\\\/2023-03-31\\\/firmennachfolgen-in-der-schweiz-druckwelle-steigt\\\/\"},\"wordCount\":505,\"publisher\":{\"@id\":\"https:\\\/\\\/www.organisator.ch\\\/#organization\"},\"image\":{\"@id\":\"https:\\\/\\\/www.organisator.ch\\\/management\\\/2023-03-31\\\/firmennachfolgen-in-der-schweiz-druckwelle-steigt\\\/#primaryimage\"},\"thumbnailUrl\":\"https:\\\/\\\/www.organisator.ch\\\/wp-content\\\/uploads\\\/2023\\\/03\\\/Firmennachfolgen-in-der-Schweiz-Druckwelle-steigt_Organisator.jpg\",\"keywords\":[\"Firmennachfolge\",\"Management und Unternehmensf\u00fchrung\",\"Verb\u00e4nde\"],\"articleSection\":[\"MANAGEMENT\"],\"inLanguage\":\"de\"},{\"@type\":\"WebPage\",\"@id\":\"https:\\\/\\\/www.organisator.ch\\\/management\\\/2023-03-31\\\/firmennachfolgen-in-der-schweiz-druckwelle-steigt\\\/\",\"url\":\"https:\\\/\\\/www.organisator.ch\\\/management\\\/2023-03-31\\\/firmennachfolgen-in-der-schweiz-druckwelle-steigt\\\/\",\"name\":\"Firmennachfolgen in der Schweiz: Druckwelle steigt - Organisator\",\"isPartOf\":{\"@id\":\"https:\\\/\\\/www.organisator.ch\\\/#website\"},\"primaryImageOfPage\":{\"@id\":\"https:\\\/\\\/www.organisator.ch\\\/management\\\/2023-03-31\\\/firmennachfolgen-in-der-schweiz-druckwelle-steigt\\\/#primaryimage\"},\"image\":{\"@id\":\"https:\\\/\\\/www.organisator.ch\\\/management\\\/2023-03-31\\\/firmennachfolgen-in-der-schweiz-druckwelle-steigt\\\/#primaryimage\"},\"thumbnailUrl\":\"https:\\\/\\\/www.organisator.ch\\\/wp-content\\\/uploads\\\/2023\\\/03\\\/Firmennachfolgen-in-der-Schweiz-Druckwelle-steigt_Organisator.jpg\",\"datePublished\":\"2023-03-31T05:50:54+00:00\",\"dateModified\":\"2023-03-31T12:56:26+00:00\",\"description\":\"Der Schweizer Dachverband f\u00fcr Unternehmensnachfolge pr\u00e4sentiert eine \\\"Nachfolge-Demographie\\\". Diese zeigt eine Zunahme an Firmennachfolgen.\",\"breadcrumb\":{\"@id\":\"https:\\\/\\\/www.organisator.ch\\\/management\\\/2023-03-31\\\/firmennachfolgen-in-der-schweiz-druckwelle-steigt\\\/#breadcrumb\"},\"inLanguage\":\"de\",\"potentialAction\":[{\"@type\":\"ReadAction\",\"target\":[\"https:\\\/\\\/www.organisator.ch\\\/management\\\/2023-03-31\\\/firmennachfolgen-in-der-schweiz-druckwelle-steigt\\\/\"]}]},{\"@type\":\"ImageObject\",\"inLanguage\":\"de\",\"@id\":\"https:\\\/\\\/www.organisator.ch\\\/management\\\/2023-03-31\\\/firmennachfolgen-in-der-schweiz-druckwelle-steigt\\\/#primaryimage\",\"url\":\"https:\\\/\\\/www.organisator.ch\\\/wp-content\\\/uploads\\\/2023\\\/03\\\/Firmennachfolgen-in-der-Schweiz-Druckwelle-steigt_Organisator.jpg\",\"contentUrl\":\"https:\\\/\\\/www.organisator.ch\\\/wp-content\\\/uploads\\\/2023\\\/03\\\/Firmennachfolgen-in-der-Schweiz-Druckwelle-steigt_Organisator.jpg\",\"width\":680,\"height\":400,\"caption\":\"Die Zahl der Firmen in der Schweiz steigt weiter - und damit auch die Zahl an Firmennachfolgen. (Bild: Schweizer Dachverband f\u00fcr Unternehmensnachfolge (CHDU))\"},{\"@type\":\"BreadcrumbList\",\"@id\":\"https:\\\/\\\/www.organisator.ch\\\/management\\\/2023-03-31\\\/firmennachfolgen-in-der-schweiz-druckwelle-steigt\\\/#breadcrumb\",\"itemListElement\":[{\"@type\":\"ListItem\",\"position\":1,\"name\":\"Home\",\"item\":\"https:\\\/\\\/www.organisator.ch\\\/\"},{\"@type\":\"ListItem\",\"position\":2,\"name\":\"Firmennachfolgen in der Schweiz: Druckwelle steigt\"}]},{\"@type\":\"WebSite\",\"@id\":\"https:\\\/\\\/www.organisator.ch\\\/#website\",\"url\":\"https:\\\/\\\/www.organisator.ch\\\/\",\"name\":\"Organisator\",\"description\":\"Kompetent. Praxisnah. Der ORGANISATOR bereitet in 10 Ausgaben pro Jahr die wesentlichen Themen f\u00fcr F\u00fchrungskr\u00e4fte von KMU auf.\",\"publisher\":{\"@id\":\"https:\\\/\\\/www.organisator.ch\\\/#organization\"},\"potentialAction\":[{\"@type\":\"SearchAction\",\"target\":{\"@type\":\"EntryPoint\",\"urlTemplate\":\"https:\\\/\\\/www.organisator.ch\\\/?s={search_term_string}\"},\"query-input\":{\"@type\":\"PropertyValueSpecification\",\"valueRequired\":true,\"valueName\":\"search_term_string\"}}],\"inLanguage\":\"de\"},{\"@type\":\"Organization\",\"@id\":\"https:\\\/\\\/www.organisator.ch\\\/#organization\",\"name\":\"Organisator\",\"url\":\"https:\\\/\\\/www.organisator.ch\\\/\",\"logo\":{\"@type\":\"ImageObject\",\"inLanguage\":\"de\",\"@id\":\"https:\\\/\\\/www.organisator.ch\\\/#\\\/schema\\\/logo\\\/image\\\/\",\"url\":\"https:\\\/\\\/www.organisator.ch\\\/wp-content\\\/uploads\\\/2022\\\/01\\\/Logo_Organisator_Website.png\",\"contentUrl\":\"https:\\\/\\\/www.organisator.ch\\\/wp-content\\\/uploads\\\/2022\\\/01\\\/Logo_Organisator_Website.png\",\"width\":800,\"height\":77,\"caption\":\"Organisator\"},\"image\":{\"@id\":\"https:\\\/\\\/www.organisator.ch\\\/#\\\/schema\\\/logo\\\/image\\\/\"},\"sameAs\":[\"https:\\\/\\\/www.facebook.com\\\/OrganisatorFachmagazin\",\"https:\\\/\\\/www.linkedin.com\\\/showcase\\\/organisator-das-magazin-fr-kmu\",\"https:\\\/\\\/www.xing.com\\\/news\\\/pages\\\/organisator-ch-695\",\"https:\\\/\\\/www.youtube.com\\\/channel\\\/UCGP2Sq0iWaZwT3BdIAQFYpw\"]},{\"@type\":\"Person\",\"@id\":\"https:\\\/\\\/www.organisator.ch\\\/#\\\/schema\\\/person\\\/6f650f90b2842cd4c0cc334b4e36f67e\",\"name\":\"thomas.berner\",\"image\":{\"@type\":\"ImageObject\",\"inLanguage\":\"de\",\"@id\":\"https:\\\/\\\/secure.gravatar.com\\\/avatar\\\/ac5001d2a36cb6c6cd3e50789007ffca834b477b74a2144564522e944eabff61?s=96&d=mm&r=g\",\"url\":\"https:\\\/\\\/secure.gravatar.com\\\/avatar\\\/ac5001d2a36cb6c6cd3e50789007ffca834b477b74a2144564522e944eabff61?s=96&d=mm&r=g\",\"contentUrl\":\"https:\\\/\\\/secure.gravatar.com\\\/avatar\\\/ac5001d2a36cb6c6cd3e50789007ffca834b477b74a2144564522e944eabff61?s=96&d=mm&r=g\",\"caption\":\"thomas.berner\"},\"url\":\"https:\\\/\\\/www.organisator.ch\\\/de\\\/author\\\/thomas-berner\\\/\"}]}<\/script>\n<!-- \/ Yoast SEO plugin. -->","yoast_head_json":{"title":"Firmennachfolgen in der Schweiz: Druckwelle steigt - Organisator","description":"Der Schweizer Dachverband f\u00fcr Unternehmensnachfolge pr\u00e4sentiert eine \"Nachfolge-Demographie\". Diese zeigt eine Zunahme an Firmennachfolgen.","robots":{"index":"index","follow":"follow","max-snippet":"max-snippet:-1","max-image-preview":"max-image-preview:large","max-video-preview":"max-video-preview:-1"},"canonical":"https:\/\/www.organisator.ch\/de\/management\/2023-03-31\/firmennachfolgen-in-der-schweiz-druckwelle-steigt\/","og_locale":"de_DE","og_type":"article","og_title":"Firmennachfolgen in der Schweiz: Druckwelle steigt","og_description":"Der Schweizer Dachverband f\u00fcr Unternehmensnachfolge pr\u00e4sentiert eine \"Nachfolge-Demographie\". Diese zeigt eine Zunahme an Firmennachfolgen.","og_url":"https:\/\/www.organisator.ch\/de\/management\/2023-03-31\/firmennachfolgen-in-der-schweiz-druckwelle-steigt\/","og_site_name":"Organisator","article_publisher":"https:\/\/www.facebook.com\/OrganisatorFachmagazin","article_published_time":"2023-03-31T05:50:54+00:00","article_modified_time":"2023-03-31T12:56:26+00:00","og_image":[{"width":680,"height":400,"url":"https:\/\/www.organisator.ch\/wp-content\/uploads\/2023\/03\/Firmennachfolgen-in-der-Schweiz-Druckwelle-steigt_Organisator.jpg","type":"image\/jpeg"}],"author":"thomas.berner","twitter_card":"summary_large_image","twitter_title":"#Firmennachfolgen in der Schweiz: #Druckwelle steigt","twitter_description":"Der Schweizer #Dachverband f\u00fcr #Unternehmensnachfolge pr\u00e4sentiert eine \"Nachfolge-Demographie\". Diese zeigt eine Zunahme an #Firmennachfolgen.","twitter_image":"https:\/\/www.organisator.ch\/wp-content\/uploads\/2023\/03\/Firmennachfolgen-in-der-Schweiz-Druckwelle-steigt_Organisator.jpg","schema":{"@context":"https:\/\/schema.org","@graph":[{"@type":"Article","@id":"https:\/\/www.organisator.ch\/management\/2023-03-31\/firmennachfolgen-in-der-schweiz-druckwelle-steigt\/#article","isPartOf":{"@id":"https:\/\/www.organisator.ch\/management\/2023-03-31\/firmennachfolgen-in-der-schweiz-druckwelle-steigt\/"},"author":{"name":"thomas.berner","@id":"https:\/\/www.organisator.ch\/#\/schema\/person\/6f650f90b2842cd4c0cc334b4e36f67e"},"headline":"Firmennachfolgen in der Schweiz: Druckwelle steigt","datePublished":"2023-03-31T05:50:54+00:00","dateModified":"2023-03-31T12:56:26+00:00","mainEntityOfPage":{"@id":"https:\/\/www.organisator.ch\/management\/2023-03-31\/firmennachfolgen-in-der-schweiz-druckwelle-steigt\/"},"wordCount":505,"publisher":{"@id":"https:\/\/www.organisator.ch\/#organization"},"image":{"@id":"https:\/\/www.organisator.ch\/management\/2023-03-31\/firmennachfolgen-in-der-schweiz-druckwelle-steigt\/#primaryimage"},"thumbnailUrl":"https:\/\/www.organisator.ch\/wp-content\/uploads\/2023\/03\/Firmennachfolgen-in-der-Schweiz-Druckwelle-steigt_Organisator.jpg","keywords":["Firmennachfolge","Management und Unternehmensf\u00fchrung","Verb\u00e4nde"],"articleSection":["MANAGEMENT"],"inLanguage":"de"},{"@type":"WebPage","@id":"https:\/\/www.organisator.ch\/management\/2023-03-31\/firmennachfolgen-in-der-schweiz-druckwelle-steigt\/","url":"https:\/\/www.organisator.ch\/management\/2023-03-31\/firmennachfolgen-in-der-schweiz-druckwelle-steigt\/","name":"Firmennachfolgen in der Schweiz: Druckwelle steigt - Organisator","isPartOf":{"@id":"https:\/\/www.organisator.ch\/#website"},"primaryImageOfPage":{"@id":"https:\/\/www.organisator.ch\/management\/2023-03-31\/firmennachfolgen-in-der-schweiz-druckwelle-steigt\/#primaryimage"},"image":{"@id":"https:\/\/www.organisator.ch\/management\/2023-03-31\/firmennachfolgen-in-der-schweiz-druckwelle-steigt\/#primaryimage"},"thumbnailUrl":"https:\/\/www.organisator.ch\/wp-content\/uploads\/2023\/03\/Firmennachfolgen-in-der-Schweiz-Druckwelle-steigt_Organisator.jpg","datePublished":"2023-03-31T05:50:54+00:00","dateModified":"2023-03-31T12:56:26+00:00","description":"Der Schweizer Dachverband f\u00fcr Unternehmensnachfolge pr\u00e4sentiert eine \"Nachfolge-Demographie\". Diese zeigt eine Zunahme an Firmennachfolgen.","breadcrumb":{"@id":"https:\/\/www.organisator.ch\/management\/2023-03-31\/firmennachfolgen-in-der-schweiz-druckwelle-steigt\/#breadcrumb"},"inLanguage":"de","potentialAction":[{"@type":"ReadAction","target":["https:\/\/www.organisator.ch\/management\/2023-03-31\/firmennachfolgen-in-der-schweiz-druckwelle-steigt\/"]}]},{"@type":"ImageObject","inLanguage":"de","@id":"https:\/\/www.organisator.ch\/management\/2023-03-31\/firmennachfolgen-in-der-schweiz-druckwelle-steigt\/#primaryimage","url":"https:\/\/www.organisator.ch\/wp-content\/uploads\/2023\/03\/Firmennachfolgen-in-der-Schweiz-Druckwelle-steigt_Organisator.jpg","contentUrl":"https:\/\/www.organisator.ch\/wp-content\/uploads\/2023\/03\/Firmennachfolgen-in-der-Schweiz-Druckwelle-steigt_Organisator.jpg","width":680,"height":400,"caption":"Die Zahl der Firmen in der Schweiz steigt weiter - und damit auch die Zahl an Firmennachfolgen. (Bild: Schweizer Dachverband f\u00fcr Unternehmensnachfolge (CHDU))"},{"@type":"BreadcrumbList","@id":"https:\/\/www.organisator.ch\/management\/2023-03-31\/firmennachfolgen-in-der-schweiz-druckwelle-steigt\/#breadcrumb","itemListElement":[{"@type":"ListItem","position":1,"name":"Home","item":"https:\/\/www.organisator.ch\/"},{"@type":"ListItem","position":2,"name":"Firmennachfolgen in der Schweiz: Druckwelle steigt"}]},{"@type":"WebSite","@id":"https:\/\/www.organisator.ch\/#website","url":"https:\/\/www.organisator.ch\/","name":"Organisator","description":"Kompetent. Praxisnah. Der ORGANISATOR bereitet in 10 Ausgaben pro Jahr die wesentlichen Themen f\u00fcr F\u00fchrungskr\u00e4fte von KMU auf.","publisher":{"@id":"https:\/\/www.organisator.ch\/#organization"},"potentialAction":[{"@type":"SearchAction","target":{"@type":"EntryPoint","urlTemplate":"https:\/\/www.organisator.ch\/?s={search_term_string}"},"query-input":{"@type":"PropertyValueSpecification","valueRequired":true,"valueName":"search_term_string"}}],"inLanguage":"de"},{"@type":"Organization","@id":"https:\/\/www.organisator.ch\/#organization","name":"Organisator","url":"https:\/\/www.organisator.ch\/","logo":{"@type":"ImageObject","inLanguage":"de","@id":"https:\/\/www.organisator.ch\/#\/schema\/logo\/image\/","url":"https:\/\/www.organisator.ch\/wp-content\/uploads\/2022\/01\/Logo_Organisator_Website.png","contentUrl":"https:\/\/www.organisator.ch\/wp-content\/uploads\/2022\/01\/Logo_Organisator_Website.png","width":800,"height":77,"caption":"Organisator"},"image":{"@id":"https:\/\/www.organisator.ch\/#\/schema\/logo\/image\/"},"sameAs":["https:\/\/www.facebook.com\/OrganisatorFachmagazin","https:\/\/www.linkedin.com\/showcase\/organisator-das-magazin-fr-kmu","https:\/\/www.xing.com\/news\/pages\/organisator-ch-695","https:\/\/www.youtube.com\/channel\/UCGP2Sq0iWaZwT3BdIAQFYpw"]},{"@type":"Person","@id":"https:\/\/www.organisator.ch\/#\/schema\/person\/6f650f90b2842cd4c0cc334b4e36f67e","name":"thomas.berner","image":{"@type":"ImageObject","inLanguage":"de","@id":"https:\/\/secure.gravatar.com\/avatar\/ac5001d2a36cb6c6cd3e50789007ffca834b477b74a2144564522e944eabff61?s=96&d=mm&r=g","url":"https:\/\/secure.gravatar.com\/avatar\/ac5001d2a36cb6c6cd3e50789007ffca834b477b74a2144564522e944eabff61?s=96&d=mm&r=g","contentUrl":"https:\/\/secure.gravatar.com\/avatar\/ac5001d2a36cb6c6cd3e50789007ffca834b477b74a2144564522e944eabff61?s=96&d=mm&r=g","caption":"thomas.berner"},"url":"https:\/\/www.organisator.ch\/de\/author\/thomas-berner\/"}]}},"_links":{"self":[{"href":"https:\/\/www.organisator.ch\/de\/wp-json\/wp\/v2\/posts\/19493","targetHints":{"allow":["GET"]}}],"collection":[{"href":"https:\/\/www.organisator.ch\/de\/wp-json\/wp\/v2\/posts"}],"about":[{"href":"https:\/\/www.organisator.ch\/de\/wp-json\/wp\/v2\/types\/post"}],"author":[{"embeddable":true,"href":"https:\/\/www.organisator.ch\/de\/wp-json\/wp\/v2\/users\/4"}],"replies":[{"embeddable":true,"href":"https:\/\/www.organisator.ch\/de\/wp-json\/wp\/v2\/comments?post=19493"}],"version-history":[{"count":1,"href":"https:\/\/www.organisator.ch\/de\/wp-json\/wp\/v2\/posts\/19493\/revisions"}],"predecessor-version":[{"id":19495,"href":"https:\/\/www.organisator.ch\/de\/wp-json\/wp\/v2\/posts\/19493\/revisions\/19495"}],"wp:featuredmedia":[{"embeddable":true,"href":"https:\/\/www.organisator.ch\/de\/wp-json\/wp\/v2\/media\/19494"}],"wp:attachment":[{"href":"https:\/\/www.organisator.ch\/de\/wp-json\/wp\/v2\/media?parent=19493"}],"wp:term":[{"taxonomy":"category","embeddable":true,"href":"https:\/\/www.organisator.ch\/de\/wp-json\/wp\/v2\/categories?post=19493"},{"taxonomy":"post_tag","embeddable":true,"href":"https:\/\/www.organisator.ch\/de\/wp-json\/wp\/v2\/tags?post=19493"}],"curies":[{"name":"wp","href":"https:\/\/api.w.org\/{rel}","templated":true}]}}