{"id":19531,"date":"2023-04-04T11:53:20","date_gmt":"2023-04-04T09:53:20","guid":{"rendered":"https:\/\/www.organisator.ch\/?p=19531"},"modified":"2023-04-04T11:53:20","modified_gmt":"2023-04-04T09:53:20","slug":"hochkaraetige-gaeste-am-25-wirtschaftsforum-suedostschweiz","status":"publish","type":"post","link":"https:\/\/www.organisator.ch\/de\/allgemein\/2023-04-04\/hochkaraetige-gaeste-am-25-wirtschaftsforum-suedostschweiz\/","title":{"rendered":"Hochkar\u00e4tige G\u00e4ste am 25. Wirtschaftsforum S\u00fcdostschweiz"},"content":{"rendered":"<figure id=\"attachment_19534\" aria-describedby=\"caption-attachment-19534\" style=\"width: 680px\" class=\"wp-caption alignnone\"><img loading=\"lazy\" decoding=\"async\" class=\"size-full wp-image-19534\" src=\"https:\/\/www.organisator.ch\/wp-content\/uploads\/2023\/04\/Hochkaraetige-Gaeste-am-25.-Wirtschaftsforum-Suedostschweiz_Organisator.jpg\" alt=\"\" width=\"680\" height=\"575\" srcset=\"https:\/\/www.organisator.ch\/wp-content\/uploads\/2023\/04\/Hochkaraetige-Gaeste-am-25.-Wirtschaftsforum-Suedostschweiz_Organisator.jpg 680w, https:\/\/www.organisator.ch\/wp-content\/uploads\/2023\/04\/Hochkaraetige-Gaeste-am-25.-Wirtschaftsforum-Suedostschweiz_Organisator-14x12.jpg 14w, https:\/\/www.organisator.ch\/wp-content\/uploads\/2023\/04\/Hochkaraetige-Gaeste-am-25.-Wirtschaftsforum-Suedostschweiz_Organisator-355x300.jpg 355w, https:\/\/www.organisator.ch\/wp-content\/uploads\/2023\/04\/Hochkaraetige-Gaeste-am-25.-Wirtschaftsforum-Suedostschweiz_Organisator-414x350.jpg 414w\" sizes=\"auto, (max-width: 680px) 100vw, 680px\" \/><figcaption id=\"caption-attachment-19534\" class=\"wp-caption-text\">Hochkar\u00e4tiges Programm: Giada Ilardo, Peter Spuhler, Reiner Eichenberger, Markus Hengstschl\u00e4ger und Markus Wolf sowie Moderator Tobias M\u00fcller (von oben links nach unten rechts). (Bild: Wirtschaftsforum S\u00fcdostschweiz)<\/figcaption><\/figure>\n<p>Der wichtigste Wirtschaftsanlass der S\u00fcdostschweiz feiert in diesem Jahr ein besonderes Jubil\u00e4um. Die 25. Ausgabe des Wirtschaftsforums S\u00fcdostschweiz findet am Dienstag, 29. August, in der Stadthalle Chur statt und steht unter dem Motto \u00abAufbruch S\u00fcdostschweiz\u00bb. Namhafte Vertreterinnen und Vertreter aus Politik, Wirtschaft und Wissenschaft werden dabei aufzeigen, wie der Wirtschaftsstandort S\u00fcdostschweiz die Chancen im aktuell schwierigen Umfeld nutzen kann.<\/p>\n<h3>Industriekapit\u00e4n und bekannter \u00d6konom<\/h3>\n<p>Das Jubil\u00e4umsprogramm wartet mit einer Reihe von bekannten Gesichtern auf. Einer der Hauptreferenten ist der Ostschweizer Unternehmer Peter Spuhler. Der Miteigent\u00fcmer und Verwaltungsratspr\u00e4sident des Bahnherstellers Stadler Rail zeigt auf, wie die Schweiz die aktuellen Herausforderungen mit hoher Inflation und unsicheren Exportm\u00e4rkten seiner Ansicht nach meistern kann. Die Z\u00fcge von Stadler Rail sind auch auf den Strecken der Rh\u00e4tischen Bahn unterwegs.<\/p>\n<p>Ein weiterer Referent ist Reiner Eichenberger. Er ist eine der pointiertesten Stimmen und geh\u00f6rt seit Jahren zum Kreis der wichtigsten Schweizer \u00d6konomen. Der Fribourger Wirtschaftsprofessor wird \u00fcber die Ausgangslage f\u00fcr die Wirtschaftsregion S\u00fcdostschweiz sprechen. Eichenberger kennt die Region bestens: Er ist Besitzer einer Zweitwohnung im Pr\u00e4ttigau und davon \u00fcberzeugt, dass neue Formen von Home Office und mobilem Arbeiten besondere Chancen f\u00fcr die S\u00fcdostschweiz bieten.<\/p>\n<h3>Self-Made-Million\u00e4rin und B\u00fcndner Innovationsvorreiter<\/h3>\n<p>Eine weitere Erfolgsunternehmerin ist <a href=\"https:\/\/www.organisator.ch\/de\/management\/2022-10-27\/ich-bin-eine-vollblut-unternehmerin\/\">Giada Ilardo<\/a>. Die Schweizer Unternehmerin mit italienischen Wurzeln wird dem Publikum schildern, wie sie im Alter von 16 Jahren ihr erstes Tattoo-Studio er\u00f6ffnete und heute das gr\u00f6sste Tattoo- und Piercing-Label Europas mit mehr als 50 Mitarbeitenden in f\u00fcnf Studios betreibt. Weit \u00fcber die S\u00fcdostschweiz hinaus bekannt ist Markus Wolf. Der CEO der Weissen Arena Gruppe leitet die Bergbahnen Flims-Laax mit diversen Hotel- und Gastronomiebetrieben, Sportshops und -schulen, sowie einer eigenen Baugesellschaft. Die Weisse Arena besch\u00e4ftigt in der Wintersaison mehr als 1000 Mitarbeitende. Bergbahnen-Manager Wolf wird darauf eingehen, wie Innovation dabei helfen kann, den Mangel an Fachkr\u00e4ften zu mildern.<br \/>\nUmgang mit Unsicherheiten lernen<\/p>\n<p>Der renommierte Wissenschaftler Markus Hengstschl\u00e4ger wird das Publikum auf eine Reise durch aktuelle Fragestellungen mitnehmen. Der Genetiker zeigt, wie Menschen auf unsichere Situationen reagieren und mit unvorhersehbaren Ereignissen umgehen. Hengstschl\u00e4ger ist Vorstand des Instituts f\u00fcr Medizinische Genetik an der Medizinischen Universit\u00e4t Wien und schrieb erfolgreiche Sachb\u00fccher wie \u00abDie Durchschnittsfalle\u00bb und \u00abDie L\u00f6sungsbegabung\u00bb.<\/p>\n<p>Auf dem Podium diskutieren regionale Entscheidungstr\u00e4gerinnen und Unternehmer \u00fcber die aktuellen Chancen und Herausforderungen f\u00fcr den Wirtschaftsstandort S\u00fcdostschweiz. Enrico Uffer ist Holzbauunternehmer in vierter Generation und setzt Meilensteine im modularen Bauen f\u00fcr unterschiedliche Anwendungsgebiete. Das erste digitale und durchgehend automatisierte S\u00e4gewerk nimmt 2023 den Betrieb auf. Weitere G\u00e4ste an der Podiumsdiskussion folgen in K\u00fcrze. Durch das Wirtschaftsforum S\u00fcdostschweiz f\u00fchrrt SRF-Journalist und \u00abEinstein\u00bb-Moderator Tobias M\u00fcller.<\/p>\n<h3>Veranstaltung unter neuer Leitung<\/h3>\n<p>Das Wirtschaftsforum S\u00fcdostschweiz geht nach einem Vierteljahrhundert in neue H\u00e4nde \u00fcber. Die Eventagentur Skunk hat im Rahmen einer Nachfolgeregelung die Veranstaltung von der Domenig-Gruppe \u00fcbernommen, welche das Wirtschaftsforum S\u00fcdostschweiz zusammen mit der damaligen B\u00fcndner Herbstmesse Gehla ins Leben gerufen hatte. \u00abWir danken der Domenig-Gruppe f\u00fcr das Vertrauen und freuen uns sehr, mit den bisherigen Hauptpartnern Graub\u00fcndner Kantonalbank, \u00d6KK, Somedia und Domenig-Gruppe zusammenarbeiten d\u00fcrfen\u00bb, sagt Skunk-Gesch\u00e4ftsf\u00fchrer Markus Goop. Die Eventagentur veranstaltet unter anderem den Unternehmertag in Vaduz, den Businesstag f\u00fcr Frauen sowie das Finance Forum in Liechtenstein, St. Gallen und Z\u00fcrich.<\/p>\n<p>Die neuen Organisatoren wollen das Wirtschaftsforum S\u00fcdostschweiz noch st\u00e4rker als zentralen Treffpunkt f\u00fcr Entscheidungstr\u00e4ger aus Wirtschaft, Politik und Wissenschaft positionieren. Dazu wird das Programm, welches interaktiver gestaltet wird, auf regionale und nationale Wirtschaftsthemen wie Fachkr\u00e4ftemangel, Bildungspolitik, Digitalisierung und Exportwirtschaft ausgerichtet. Umrahmt wird die Veranstaltung durch ein attraktives Rahmenprogramm und einen hochwertigen Netzwerk-Ap\u00e9ro. Die Veranstalter erwarten 300 bis 400 Teilnehmerinnen und Teilnehmer. Hauptpartner sind die GKB, \u00d6KK, Domenig sowie die Weisse Arena, Medienpartner ist Somedia. Zahlreiche weitere Partnerfirmen und Organisationen unterst\u00fctzen das 25. Wirtschaftsforum S\u00fcdostschweiz.<\/p>\n<p><em>Weitere Informationen und Anmeldungen unter <a href=\"http:\/\/www.wifo-suedostschweiz.ch\">www.wifo-suedostschweiz.ch<\/a><\/em><\/p>\n","protected":false},"excerpt":{"rendered":"<p>Der wichtigste Wirtschaftsanlass der S\u00fcdostschweiz feiert in diesem Jahr ein besonderes Jubil\u00e4um. Die 25. Ausgabe des Wirtschaftsforums S\u00fcdostschweiz findet am Dienstag, 29. August, in der Stadthalle Chur statt und steht unter dem Motto \u00abAufbruch S\u00fcdostschweiz\u00bb. Namhafte Vertreterinnen und Vertreter aus Politik, Wirtschaft und Wissenschaft werden dabei aufzeigen, wie der Wirtschaftsstandort S\u00fcdostschweiz die Chancen im aktuell [&hellip;]<\/p>\n","protected":false},"author":4,"featured_media":19534,"comment_status":"closed","ping_status":"closed","sticky":false,"template":"","format":"standard","meta":{"_acf_changed":false,"_yoast_wpseo_focuskw":"Wirtschaftsforum S\u00fcdostschweiz","_yoast_wpseo_metadesc":"Das 25. Wirtschaftsforum S\u00fcdostschweiz findet am 29. August 2023 statt. Hochkar\u00e4tige Referierende werden zu aktuellen Themen sprechen.","articlekey":"","footnotes":""},"categories":[1],"tags":[193,3711,508,2708],"class_list":["post-19531","post","type-post","status-publish","format-standard","has-post-thumbnail","hentry","category-allgemein","tag-fachkongressfachmesse","tag-suedostschweiz","tag-vermischtes","tag-wirtschaftsforum"],"acf":[],"yoast_head":"<!-- This site is optimized with the Yoast SEO plugin v27.4 - https:\/\/yoast.com\/product\/yoast-seo-wordpress\/ -->\n<title>Hochkar\u00e4tige G\u00e4ste am 25. Wirtschaftsforum S\u00fcdostschweiz - Organisator<\/title>\n<meta name=\"description\" content=\"Das 25. Wirtschaftsforum S\u00fcdostschweiz findet am 29. August 2023 statt. Hochkar\u00e4tige Referierende werden zu aktuellen Themen sprechen.\" \/>\n<meta name=\"robots\" content=\"index, follow, max-snippet:-1, max-image-preview:large, max-video-preview:-1\" \/>\n<link rel=\"canonical\" href=\"https:\/\/www.organisator.ch\/de\/allgemein\/2023-04-04\/hochkaraetige-gaeste-am-25-wirtschaftsforum-suedostschweiz\/\" \/>\n<meta property=\"og:locale\" content=\"de_DE\" \/>\n<meta property=\"og:type\" content=\"article\" \/>\n<meta property=\"og:title\" content=\"Hochkar\u00e4tige G\u00e4ste am 25. Wirtschaftsforum S\u00fcdostschweiz\" \/>\n<meta property=\"og:description\" content=\"Das 25. Wirtschaftsforum S\u00fcdostschweiz findet am 29. August 2023 statt. Hochkar\u00e4tige Referierende werden zu aktuellen Themen sprechen.\" \/>\n<meta property=\"og:url\" content=\"https:\/\/www.organisator.ch\/de\/allgemein\/2023-04-04\/hochkaraetige-gaeste-am-25-wirtschaftsforum-suedostschweiz\/\" \/>\n<meta property=\"og:site_name\" content=\"Organisator\" \/>\n<meta property=\"article:publisher\" content=\"https:\/\/www.facebook.com\/OrganisatorFachmagazin\" \/>\n<meta property=\"article:published_time\" content=\"2023-04-04T09:53:20+00:00\" \/>\n<meta property=\"og:image\" content=\"https:\/\/www.organisator.ch\/wp-content\/uploads\/2023\/04\/Hochkaraetige-Gaeste-am-25.-Wirtschaftsforum-Suedostschweiz_Organisator.jpg\" \/>\n\t<meta property=\"og:image:width\" content=\"680\" \/>\n\t<meta property=\"og:image:height\" content=\"575\" \/>\n\t<meta property=\"og:image:type\" content=\"image\/jpeg\" \/>\n<meta name=\"author\" content=\"thomas.berner\" \/>\n<meta name=\"twitter:card\" content=\"summary_large_image\" \/>\n<meta name=\"twitter:title\" content=\"Hochkar\u00e4tige G\u00e4ste am 25. #Wirtschaftsforum #S\u00fcdostschweiz\" \/>\n<meta name=\"twitter:description\" content=\"Das 25. #Wirtschaftsforum #S\u00fcdostschweiz findet am 29. August 2023 statt. Hochkar\u00e4tige #Referierende werden zu aktuellen Themen sprechen.\" \/>\n<meta name=\"twitter:image\" content=\"https:\/\/www.organisator.ch\/wp-content\/uploads\/2023\/04\/Hochkaraetige-Gaeste-am-25.-Wirtschaftsforum-Suedostschweiz_Organisator.jpg\" \/>\n<script type=\"application\/ld+json\" class=\"yoast-schema-graph\">{\"@context\":\"https:\\\/\\\/schema.org\",\"@graph\":[{\"@type\":\"Article\",\"@id\":\"https:\\\/\\\/www.organisator.ch\\\/allgemein\\\/2023-04-04\\\/hochkaraetige-gaeste-am-25-wirtschaftsforum-suedostschweiz\\\/#article\",\"isPartOf\":{\"@id\":\"https:\\\/\\\/www.organisator.ch\\\/allgemein\\\/2023-04-04\\\/hochkaraetige-gaeste-am-25-wirtschaftsforum-suedostschweiz\\\/\"},\"author\":{\"name\":\"thomas.berner\",\"@id\":\"https:\\\/\\\/www.organisator.ch\\\/#\\\/schema\\\/person\\\/6f650f90b2842cd4c0cc334b4e36f67e\"},\"headline\":\"Hochkar\u00e4tige G\u00e4ste am 25. Wirtschaftsforum S\u00fcdostschweiz\",\"datePublished\":\"2023-04-04T09:53:20+00:00\",\"mainEntityOfPage\":{\"@id\":\"https:\\\/\\\/www.organisator.ch\\\/allgemein\\\/2023-04-04\\\/hochkaraetige-gaeste-am-25-wirtschaftsforum-suedostschweiz\\\/\"},\"wordCount\":697,\"publisher\":{\"@id\":\"https:\\\/\\\/www.organisator.ch\\\/#organization\"},\"image\":{\"@id\":\"https:\\\/\\\/www.organisator.ch\\\/allgemein\\\/2023-04-04\\\/hochkaraetige-gaeste-am-25-wirtschaftsforum-suedostschweiz\\\/#primaryimage\"},\"thumbnailUrl\":\"https:\\\/\\\/www.organisator.ch\\\/wp-content\\\/uploads\\\/2023\\\/04\\\/Hochkaraetige-Gaeste-am-25.-Wirtschaftsforum-Suedostschweiz_Organisator.jpg\",\"keywords\":[\"Fachkongress\\\/Fachmesse\",\"S\u00fcdostschweiz\",\"Vermischtes\",\"Wirtschaftsforum\"],\"inLanguage\":\"de\"},{\"@type\":\"WebPage\",\"@id\":\"https:\\\/\\\/www.organisator.ch\\\/allgemein\\\/2023-04-04\\\/hochkaraetige-gaeste-am-25-wirtschaftsforum-suedostschweiz\\\/\",\"url\":\"https:\\\/\\\/www.organisator.ch\\\/allgemein\\\/2023-04-04\\\/hochkaraetige-gaeste-am-25-wirtschaftsforum-suedostschweiz\\\/\",\"name\":\"Hochkar\u00e4tige G\u00e4ste am 25. Wirtschaftsforum S\u00fcdostschweiz - Organisator\",\"isPartOf\":{\"@id\":\"https:\\\/\\\/www.organisator.ch\\\/#website\"},\"primaryImageOfPage\":{\"@id\":\"https:\\\/\\\/www.organisator.ch\\\/allgemein\\\/2023-04-04\\\/hochkaraetige-gaeste-am-25-wirtschaftsforum-suedostschweiz\\\/#primaryimage\"},\"image\":{\"@id\":\"https:\\\/\\\/www.organisator.ch\\\/allgemein\\\/2023-04-04\\\/hochkaraetige-gaeste-am-25-wirtschaftsforum-suedostschweiz\\\/#primaryimage\"},\"thumbnailUrl\":\"https:\\\/\\\/www.organisator.ch\\\/wp-content\\\/uploads\\\/2023\\\/04\\\/Hochkaraetige-Gaeste-am-25.-Wirtschaftsforum-Suedostschweiz_Organisator.jpg\",\"datePublished\":\"2023-04-04T09:53:20+00:00\",\"description\":\"Das 25. Wirtschaftsforum S\u00fcdostschweiz findet am 29. August 2023 statt. Hochkar\u00e4tige Referierende werden zu aktuellen Themen sprechen.\",\"breadcrumb\":{\"@id\":\"https:\\\/\\\/www.organisator.ch\\\/allgemein\\\/2023-04-04\\\/hochkaraetige-gaeste-am-25-wirtschaftsforum-suedostschweiz\\\/#breadcrumb\"},\"inLanguage\":\"de\",\"potentialAction\":[{\"@type\":\"ReadAction\",\"target\":[\"https:\\\/\\\/www.organisator.ch\\\/allgemein\\\/2023-04-04\\\/hochkaraetige-gaeste-am-25-wirtschaftsforum-suedostschweiz\\\/\"]}]},{\"@type\":\"ImageObject\",\"inLanguage\":\"de\",\"@id\":\"https:\\\/\\\/www.organisator.ch\\\/allgemein\\\/2023-04-04\\\/hochkaraetige-gaeste-am-25-wirtschaftsforum-suedostschweiz\\\/#primaryimage\",\"url\":\"https:\\\/\\\/www.organisator.ch\\\/wp-content\\\/uploads\\\/2023\\\/04\\\/Hochkaraetige-Gaeste-am-25.-Wirtschaftsforum-Suedostschweiz_Organisator.jpg\",\"contentUrl\":\"https:\\\/\\\/www.organisator.ch\\\/wp-content\\\/uploads\\\/2023\\\/04\\\/Hochkaraetige-Gaeste-am-25.-Wirtschaftsforum-Suedostschweiz_Organisator.jpg\",\"width\":680,\"height\":575,\"caption\":\"Hochkar\u00e4tiges Programm: Giada Ilardo, Peter Spuhler, Reiner Eichenberger, Markus Hengstschl\u00e4ger und Markus Wolf sowie Moderator Tobias M\u00fcller (von oben links nach unten rechts). (Bild: Wirtschaftsforum S\u00fcdostschweiz)\"},{\"@type\":\"BreadcrumbList\",\"@id\":\"https:\\\/\\\/www.organisator.ch\\\/allgemein\\\/2023-04-04\\\/hochkaraetige-gaeste-am-25-wirtschaftsforum-suedostschweiz\\\/#breadcrumb\",\"itemListElement\":[{\"@type\":\"ListItem\",\"position\":1,\"name\":\"Home\",\"item\":\"https:\\\/\\\/www.organisator.ch\\\/\"},{\"@type\":\"ListItem\",\"position\":2,\"name\":\"Hochkar\u00e4tige G\u00e4ste am 25. Wirtschaftsforum S\u00fcdostschweiz\"}]},{\"@type\":\"WebSite\",\"@id\":\"https:\\\/\\\/www.organisator.ch\\\/#website\",\"url\":\"https:\\\/\\\/www.organisator.ch\\\/\",\"name\":\"Organisator\",\"description\":\"Kompetent. Praxisnah. Der ORGANISATOR bereitet in 10 Ausgaben pro Jahr die wesentlichen Themen f\u00fcr F\u00fchrungskr\u00e4fte von KMU auf.\",\"publisher\":{\"@id\":\"https:\\\/\\\/www.organisator.ch\\\/#organization\"},\"potentialAction\":[{\"@type\":\"SearchAction\",\"target\":{\"@type\":\"EntryPoint\",\"urlTemplate\":\"https:\\\/\\\/www.organisator.ch\\\/?s={search_term_string}\"},\"query-input\":{\"@type\":\"PropertyValueSpecification\",\"valueRequired\":true,\"valueName\":\"search_term_string\"}}],\"inLanguage\":\"de\"},{\"@type\":\"Organization\",\"@id\":\"https:\\\/\\\/www.organisator.ch\\\/#organization\",\"name\":\"Organisator\",\"url\":\"https:\\\/\\\/www.organisator.ch\\\/\",\"logo\":{\"@type\":\"ImageObject\",\"inLanguage\":\"de\",\"@id\":\"https:\\\/\\\/www.organisator.ch\\\/#\\\/schema\\\/logo\\\/image\\\/\",\"url\":\"https:\\\/\\\/www.organisator.ch\\\/wp-content\\\/uploads\\\/2022\\\/01\\\/Logo_Organisator_Website.png\",\"contentUrl\":\"https:\\\/\\\/www.organisator.ch\\\/wp-content\\\/uploads\\\/2022\\\/01\\\/Logo_Organisator_Website.png\",\"width\":800,\"height\":77,\"caption\":\"Organisator\"},\"image\":{\"@id\":\"https:\\\/\\\/www.organisator.ch\\\/#\\\/schema\\\/logo\\\/image\\\/\"},\"sameAs\":[\"https:\\\/\\\/www.facebook.com\\\/OrganisatorFachmagazin\",\"https:\\\/\\\/www.linkedin.com\\\/showcase\\\/organisator-das-magazin-fr-kmu\",\"https:\\\/\\\/www.xing.com\\\/news\\\/pages\\\/organisator-ch-695\",\"https:\\\/\\\/www.youtube.com\\\/channel\\\/UCGP2Sq0iWaZwT3BdIAQFYpw\"]},{\"@type\":\"Person\",\"@id\":\"https:\\\/\\\/www.organisator.ch\\\/#\\\/schema\\\/person\\\/6f650f90b2842cd4c0cc334b4e36f67e\",\"name\":\"thomas.berner\",\"image\":{\"@type\":\"ImageObject\",\"inLanguage\":\"de\",\"@id\":\"https:\\\/\\\/secure.gravatar.com\\\/avatar\\\/ac5001d2a36cb6c6cd3e50789007ffca834b477b74a2144564522e944eabff61?s=96&d=mm&r=g\",\"url\":\"https:\\\/\\\/secure.gravatar.com\\\/avatar\\\/ac5001d2a36cb6c6cd3e50789007ffca834b477b74a2144564522e944eabff61?s=96&d=mm&r=g\",\"contentUrl\":\"https:\\\/\\\/secure.gravatar.com\\\/avatar\\\/ac5001d2a36cb6c6cd3e50789007ffca834b477b74a2144564522e944eabff61?s=96&d=mm&r=g\",\"caption\":\"thomas.berner\"},\"url\":\"https:\\\/\\\/www.organisator.ch\\\/de\\\/author\\\/thomas-berner\\\/\"}]}<\/script>\n<!-- \/ Yoast SEO plugin. -->","yoast_head_json":{"title":"Hochkar\u00e4tige G\u00e4ste am 25. Wirtschaftsforum S\u00fcdostschweiz - Organisator","description":"Das 25. Wirtschaftsforum S\u00fcdostschweiz findet am 29. August 2023 statt. Hochkar\u00e4tige Referierende werden zu aktuellen Themen sprechen.","robots":{"index":"index","follow":"follow","max-snippet":"max-snippet:-1","max-image-preview":"max-image-preview:large","max-video-preview":"max-video-preview:-1"},"canonical":"https:\/\/www.organisator.ch\/de\/allgemein\/2023-04-04\/hochkaraetige-gaeste-am-25-wirtschaftsforum-suedostschweiz\/","og_locale":"de_DE","og_type":"article","og_title":"Hochkar\u00e4tige G\u00e4ste am 25. Wirtschaftsforum S\u00fcdostschweiz","og_description":"Das 25. Wirtschaftsforum S\u00fcdostschweiz findet am 29. August 2023 statt. Hochkar\u00e4tige Referierende werden zu aktuellen Themen sprechen.","og_url":"https:\/\/www.organisator.ch\/de\/allgemein\/2023-04-04\/hochkaraetige-gaeste-am-25-wirtschaftsforum-suedostschweiz\/","og_site_name":"Organisator","article_publisher":"https:\/\/www.facebook.com\/OrganisatorFachmagazin","article_published_time":"2023-04-04T09:53:20+00:00","og_image":[{"width":680,"height":575,"url":"https:\/\/www.organisator.ch\/wp-content\/uploads\/2023\/04\/Hochkaraetige-Gaeste-am-25.-Wirtschaftsforum-Suedostschweiz_Organisator.jpg","type":"image\/jpeg"}],"author":"thomas.berner","twitter_card":"summary_large_image","twitter_title":"Hochkar\u00e4tige G\u00e4ste am 25. #Wirtschaftsforum #S\u00fcdostschweiz","twitter_description":"Das 25. #Wirtschaftsforum #S\u00fcdostschweiz findet am 29. August 2023 statt. Hochkar\u00e4tige #Referierende werden zu aktuellen Themen sprechen.","twitter_image":"https:\/\/www.organisator.ch\/wp-content\/uploads\/2023\/04\/Hochkaraetige-Gaeste-am-25.-Wirtschaftsforum-Suedostschweiz_Organisator.jpg","schema":{"@context":"https:\/\/schema.org","@graph":[{"@type":"Article","@id":"https:\/\/www.organisator.ch\/allgemein\/2023-04-04\/hochkaraetige-gaeste-am-25-wirtschaftsforum-suedostschweiz\/#article","isPartOf":{"@id":"https:\/\/www.organisator.ch\/allgemein\/2023-04-04\/hochkaraetige-gaeste-am-25-wirtschaftsforum-suedostschweiz\/"},"author":{"name":"thomas.berner","@id":"https:\/\/www.organisator.ch\/#\/schema\/person\/6f650f90b2842cd4c0cc334b4e36f67e"},"headline":"Hochkar\u00e4tige G\u00e4ste am 25. Wirtschaftsforum S\u00fcdostschweiz","datePublished":"2023-04-04T09:53:20+00:00","mainEntityOfPage":{"@id":"https:\/\/www.organisator.ch\/allgemein\/2023-04-04\/hochkaraetige-gaeste-am-25-wirtschaftsforum-suedostschweiz\/"},"wordCount":697,"publisher":{"@id":"https:\/\/www.organisator.ch\/#organization"},"image":{"@id":"https:\/\/www.organisator.ch\/allgemein\/2023-04-04\/hochkaraetige-gaeste-am-25-wirtschaftsforum-suedostschweiz\/#primaryimage"},"thumbnailUrl":"https:\/\/www.organisator.ch\/wp-content\/uploads\/2023\/04\/Hochkaraetige-Gaeste-am-25.-Wirtschaftsforum-Suedostschweiz_Organisator.jpg","keywords":["Fachkongress\/Fachmesse","S\u00fcdostschweiz","Vermischtes","Wirtschaftsforum"],"inLanguage":"de"},{"@type":"WebPage","@id":"https:\/\/www.organisator.ch\/allgemein\/2023-04-04\/hochkaraetige-gaeste-am-25-wirtschaftsforum-suedostschweiz\/","url":"https:\/\/www.organisator.ch\/allgemein\/2023-04-04\/hochkaraetige-gaeste-am-25-wirtschaftsforum-suedostschweiz\/","name":"Hochkar\u00e4tige G\u00e4ste am 25. Wirtschaftsforum S\u00fcdostschweiz - Organisator","isPartOf":{"@id":"https:\/\/www.organisator.ch\/#website"},"primaryImageOfPage":{"@id":"https:\/\/www.organisator.ch\/allgemein\/2023-04-04\/hochkaraetige-gaeste-am-25-wirtschaftsforum-suedostschweiz\/#primaryimage"},"image":{"@id":"https:\/\/www.organisator.ch\/allgemein\/2023-04-04\/hochkaraetige-gaeste-am-25-wirtschaftsforum-suedostschweiz\/#primaryimage"},"thumbnailUrl":"https:\/\/www.organisator.ch\/wp-content\/uploads\/2023\/04\/Hochkaraetige-Gaeste-am-25.-Wirtschaftsforum-Suedostschweiz_Organisator.jpg","datePublished":"2023-04-04T09:53:20+00:00","description":"Das 25. Wirtschaftsforum S\u00fcdostschweiz findet am 29. August 2023 statt. Hochkar\u00e4tige Referierende werden zu aktuellen Themen sprechen.","breadcrumb":{"@id":"https:\/\/www.organisator.ch\/allgemein\/2023-04-04\/hochkaraetige-gaeste-am-25-wirtschaftsforum-suedostschweiz\/#breadcrumb"},"inLanguage":"de","potentialAction":[{"@type":"ReadAction","target":["https:\/\/www.organisator.ch\/allgemein\/2023-04-04\/hochkaraetige-gaeste-am-25-wirtschaftsforum-suedostschweiz\/"]}]},{"@type":"ImageObject","inLanguage":"de","@id":"https:\/\/www.organisator.ch\/allgemein\/2023-04-04\/hochkaraetige-gaeste-am-25-wirtschaftsforum-suedostschweiz\/#primaryimage","url":"https:\/\/www.organisator.ch\/wp-content\/uploads\/2023\/04\/Hochkaraetige-Gaeste-am-25.-Wirtschaftsforum-Suedostschweiz_Organisator.jpg","contentUrl":"https:\/\/www.organisator.ch\/wp-content\/uploads\/2023\/04\/Hochkaraetige-Gaeste-am-25.-Wirtschaftsforum-Suedostschweiz_Organisator.jpg","width":680,"height":575,"caption":"Hochkar\u00e4tiges Programm: Giada Ilardo, Peter Spuhler, Reiner Eichenberger, Markus Hengstschl\u00e4ger und Markus Wolf sowie Moderator Tobias M\u00fcller (von oben links nach unten rechts). (Bild: Wirtschaftsforum S\u00fcdostschweiz)"},{"@type":"BreadcrumbList","@id":"https:\/\/www.organisator.ch\/allgemein\/2023-04-04\/hochkaraetige-gaeste-am-25-wirtschaftsforum-suedostschweiz\/#breadcrumb","itemListElement":[{"@type":"ListItem","position":1,"name":"Home","item":"https:\/\/www.organisator.ch\/"},{"@type":"ListItem","position":2,"name":"Hochkar\u00e4tige G\u00e4ste am 25. Wirtschaftsforum S\u00fcdostschweiz"}]},{"@type":"WebSite","@id":"https:\/\/www.organisator.ch\/#website","url":"https:\/\/www.organisator.ch\/","name":"Organisator","description":"Kompetent. Praxisnah. Der ORGANISATOR bereitet in 10 Ausgaben pro Jahr die wesentlichen Themen f\u00fcr F\u00fchrungskr\u00e4fte von KMU auf.","publisher":{"@id":"https:\/\/www.organisator.ch\/#organization"},"potentialAction":[{"@type":"SearchAction","target":{"@type":"EntryPoint","urlTemplate":"https:\/\/www.organisator.ch\/?s={search_term_string}"},"query-input":{"@type":"PropertyValueSpecification","valueRequired":true,"valueName":"search_term_string"}}],"inLanguage":"de"},{"@type":"Organization","@id":"https:\/\/www.organisator.ch\/#organization","name":"Organisator","url":"https:\/\/www.organisator.ch\/","logo":{"@type":"ImageObject","inLanguage":"de","@id":"https:\/\/www.organisator.ch\/#\/schema\/logo\/image\/","url":"https:\/\/www.organisator.ch\/wp-content\/uploads\/2022\/01\/Logo_Organisator_Website.png","contentUrl":"https:\/\/www.organisator.ch\/wp-content\/uploads\/2022\/01\/Logo_Organisator_Website.png","width":800,"height":77,"caption":"Organisator"},"image":{"@id":"https:\/\/www.organisator.ch\/#\/schema\/logo\/image\/"},"sameAs":["https:\/\/www.facebook.com\/OrganisatorFachmagazin","https:\/\/www.linkedin.com\/showcase\/organisator-das-magazin-fr-kmu","https:\/\/www.xing.com\/news\/pages\/organisator-ch-695","https:\/\/www.youtube.com\/channel\/UCGP2Sq0iWaZwT3BdIAQFYpw"]},{"@type":"Person","@id":"https:\/\/www.organisator.ch\/#\/schema\/person\/6f650f90b2842cd4c0cc334b4e36f67e","name":"thomas.berner","image":{"@type":"ImageObject","inLanguage":"de","@id":"https:\/\/secure.gravatar.com\/avatar\/ac5001d2a36cb6c6cd3e50789007ffca834b477b74a2144564522e944eabff61?s=96&d=mm&r=g","url":"https:\/\/secure.gravatar.com\/avatar\/ac5001d2a36cb6c6cd3e50789007ffca834b477b74a2144564522e944eabff61?s=96&d=mm&r=g","contentUrl":"https:\/\/secure.gravatar.com\/avatar\/ac5001d2a36cb6c6cd3e50789007ffca834b477b74a2144564522e944eabff61?s=96&d=mm&r=g","caption":"thomas.berner"},"url":"https:\/\/www.organisator.ch\/de\/author\/thomas-berner\/"}]}},"_links":{"self":[{"href":"https:\/\/www.organisator.ch\/de\/wp-json\/wp\/v2\/posts\/19531","targetHints":{"allow":["GET"]}}],"collection":[{"href":"https:\/\/www.organisator.ch\/de\/wp-json\/wp\/v2\/posts"}],"about":[{"href":"https:\/\/www.organisator.ch\/de\/wp-json\/wp\/v2\/types\/post"}],"author":[{"embeddable":true,"href":"https:\/\/www.organisator.ch\/de\/wp-json\/wp\/v2\/users\/4"}],"replies":[{"embeddable":true,"href":"https:\/\/www.organisator.ch\/de\/wp-json\/wp\/v2\/comments?post=19531"}],"version-history":[{"count":1,"href":"https:\/\/www.organisator.ch\/de\/wp-json\/wp\/v2\/posts\/19531\/revisions"}],"predecessor-version":[{"id":19535,"href":"https:\/\/www.organisator.ch\/de\/wp-json\/wp\/v2\/posts\/19531\/revisions\/19535"}],"wp:featuredmedia":[{"embeddable":true,"href":"https:\/\/www.organisator.ch\/de\/wp-json\/wp\/v2\/media\/19534"}],"wp:attachment":[{"href":"https:\/\/www.organisator.ch\/de\/wp-json\/wp\/v2\/media?parent=19531"}],"wp:term":[{"taxonomy":"category","embeddable":true,"href":"https:\/\/www.organisator.ch\/de\/wp-json\/wp\/v2\/categories?post=19531"},{"taxonomy":"post_tag","embeddable":true,"href":"https:\/\/www.organisator.ch\/de\/wp-json\/wp\/v2\/tags?post=19531"}],"curies":[{"name":"wp","href":"https:\/\/api.w.org\/{rel}","templated":true}]}}