{"id":1961,"date":"2017-05-30T17:00:03","date_gmt":"2017-05-30T15:00:03","guid":{"rendered":"https:\/\/www.organisator.ch\/?p=1961"},"modified":"2017-05-30T17:00:03","modified_gmt":"2017-05-30T15:00:03","slug":"berufliche-vorsorge-markantes-praemienwachstum-bei-pax","status":"publish","type":"post","link":"https:\/\/www.organisator.ch\/de\/management\/finanzen_recht\/2017-05-30\/berufliche-vorsorge-markantes-praemienwachstum-bei-pax\/","title":{"rendered":"Berufliche Vorsorge: Markantes Pr\u00e4mienwachstum bei Pax"},"content":{"rendered":"<figure id=\"attachment_1963\" aria-describedby=\"caption-attachment-1963\" style=\"width: 640px\" class=\"wp-caption alignnone\"><img loading=\"lazy\" decoding=\"async\" class=\"size-full wp-image-1963\" src=\"https:\/\/www.organisator.ch\/wp-content\/uploads\/2017\/05\/Berufliche-Vorsorge-Markantes-Praemienwachstum-bei-Pax_Organisator.jpg\" alt=\"\" width=\"640\" height=\"460\" srcset=\"https:\/\/www.organisator.ch\/wp-content\/uploads\/2017\/05\/Berufliche-Vorsorge-Markantes-Praemienwachstum-bei-Pax_Organisator.jpg 640w, https:\/\/www.organisator.ch\/wp-content\/uploads\/2017\/05\/Berufliche-Vorsorge-Markantes-Praemienwachstum-bei-Pax_Organisator-16x12.jpg 16w, https:\/\/www.organisator.ch\/wp-content\/uploads\/2017\/05\/Berufliche-Vorsorge-Markantes-Praemienwachstum-bei-Pax_Organisator-243x175.jpg 243w, https:\/\/www.organisator.ch\/wp-content\/uploads\/2017\/05\/Berufliche-Vorsorge-Markantes-Praemienwachstum-bei-Pax_Organisator-487x350.jpg 487w, https:\/\/www.organisator.ch\/wp-content\/uploads\/2017\/05\/Berufliche-Vorsorge-Markantes-Praemienwachstum-bei-Pax_Organisator-300x216.jpg 300w\" sizes=\"auto, (max-width: 640px) 100vw, 640px\" \/><figcaption id=\"caption-attachment-1963\" class=\"wp-caption-text\">Pax erzielt bei der Beruflichen Vorsorge ein markantes Pr\u00e4mienwachstum und setzt die stabile \u00dcberschussbeteiligung f\u00fcr ihre Kunden fort. (Bild: Fotolia.com)<\/figcaption><\/figure>\n<p>Im Jahr 2016 konnte Pax in der Beruflichen Vorsorge mit einer nach eigener Darstellung &#8222;ausgezeichneten operativen Leistung&#8220; aufwarten. Gegen\u00fcber 2015 habe sich das Neugesch\u00e4ft nahezu verdoppelt und erreichte ein Volumen von CHF 14.6 Millionen, teilt der Versicherer mit. Auch bei den periodischen Bestandespr\u00e4mien lag Pax im Plus. Das Pr\u00e4mienvolumen wuchs um 1.9 Prozent auf CHF 229.7 Millionen. Mit diesem Resultat \u00fcbertraf Pax die Entwicklung des Marktes, der um 6.2 Prozent geschrumpft ist. Damit hat sich das Unternehmen erfolgreich behauptet und konnte Marktanteile gewinnen. Verantwortlich f\u00fcr dieses Resultat sind laut Pax die hohe Flexibilit\u00e4t der Vorsorgel\u00f6sungen, weitere Optimierungen bei den Serviceleistungen und der intensive Dialog mit den Vertriebspartnern. Diese Massnahmen stellen sicher, dass die Produktion auch nachhaltig ist. Denn beim Wachstum setze Pax nicht auf Quantit\u00e4t, sondern stelle die Qualit\u00e4t ins Zentrum, wie es in der Medienmitteilung heisst.<\/p>\n<p><strong>Solide finanziert<\/strong><\/p>\n<p>Der Betriebsaufwand in der Beruflichen Vorsorge hat sich im Vergleich zum Vorjahr leicht erh\u00f6ht und erreichte CHF 23.9 Millionen (2015: CHF 23.3 Millionen). Gleichzeitig ist die Anzahl der an Pax angeschlossenen Vorsorgewerke gestiegen, und zwar von 8\u2018533 auf 8\u2018741 Vertr\u00e4ge. Dank dieser Zunahme im Bestand ist der durchschnittliche Verwaltungsaufwand leicht gesunken und betr\u00e4gt pro Person CHF 449. Finanziell steht die Pax Versicherung solide da. Das Eigenkapital im Bereich Berufliche Vorsorge nahm um 7.6 Prozent zu und erreichte CHF 40.6 Millionen. Zudem liegt der Quotient des Swiss Solvency Test (SST) per Ende 2016 deutlich \u00fcber der 100-Prozent-Marke.<\/p>\n<p><strong>Versicherte profitieren von nachhaltiger Gesch\u00e4ftspolitik<\/strong><\/p>\n<p>Als Genossenschaft ist Pax einzig den Interessen der Kunden verpflichtet, die gleichzeitig auch Genossenschafter sind. Die Gewinne bleiben im Unternehmen, wovon die Versicherten in Form einer stabilen \u00dcberschussbeteiligung profitieren. 2016 wurden den Versicherten in der Beruflichen Vorsorge CHF 4.4 Millionen aus dem \u00dcberschussfonds ausbezahlt. Zudem wurde dem \u00dcberschussfonds CHF 1 Million zugewiesen. Diese Zuweisung zusammen mit den restlichen Massnahmen zugunsten der Versicherten f\u00fchren dazu, dass die Kunden \u00fcber die \u00abLegal Quote\u00bb mit 97.8 Prozent an den Ertr\u00e4gen beteiligt werden. Damit liegt Pax deutlich \u00fcber den 90 Prozent, die vom Gesetzgeber vorgeschrieben sind.<\/p>\n<p><strong>Hohe Sicherheit dank Vollversicherung<\/strong><\/p>\n<p>In der Beruflichen Vorsorge baut Pax auf L\u00f6sungen im Vollversicherungsmodell. F\u00fcr die angeschlossenen Unternehmen bedeutet dies Sicherheit und Stabilit\u00e4t, denn Pax tr\u00e4gt das Anlagerisiko sowie die versicherungstechnischen Risiken f\u00fcr Alter, Tod und Invalidit\u00e4t. Dabei sorgen flexible Vorsorgepakete f\u00fcr einen passenden Schutz w\u00e4hrend den unterschiedlichen Phasen, die eine Firma durchlaufen kann \u2013 vom Start-up \u00fcber den Kleinbetrieb bis zum Grossunternehmen.<\/p>\n<p><a href=\"https:\/\/www.pax.ch\/Ueber-uns\/Pax-Sammelstiftungen\"><em>Weitere Informationen<\/em><\/a><\/p>\n<p>&nbsp;<\/p>\n","protected":false},"excerpt":{"rendered":"<p>Im Jahr 2016 konnte Pax in der Beruflichen Vorsorge mit einer nach eigener Darstellung &#8222;ausgezeichneten operativen Leistung&#8220; aufwarten. Gegen\u00fcber 2015 habe sich das Neugesch\u00e4ft nahezu verdoppelt und erreichte ein Volumen von CHF 14.6 Millionen, teilt der Versicherer mit. Auch bei den periodischen Bestandespr\u00e4mien lag Pax im Plus. Das Pr\u00e4mienvolumen wuchs um 1.9 Prozent auf CHF [&hellip;]<\/p>\n","protected":false},"author":4,"featured_media":1963,"comment_status":"open","ping_status":"open","sticky":false,"template":"","format":"standard","meta":{"_acf_changed":false,"_yoast_wpseo_focuskw":"Vorsorge","_yoast_wpseo_metadesc":"Im Jahr 2016 konnte Pax in der Beruflichen Vorsorge mit einer nach eigener Darstellung \"ausgezeichneten operativen Leistung\" aufwarten.","articlekey":"","footnotes":""},"categories":[24],"tags":[203,340,377,492,508],"class_list":["post-1961","post","type-post","status-publish","format-standard","has-post-thumbnail","hentry","category-finanzen_recht","tag-finanzierung","tag-maerkte","tag-pensionskassen","tag-unternehmen","tag-vermischtes"],"acf":[],"yoast_head":"<!-- This site is optimized with the Yoast SEO plugin v27.5 - https:\/\/yoast.com\/product\/yoast-seo-wordpress\/ -->\n<title>Berufliche Vorsorge: Markantes Pr\u00e4mienwachstum bei Pax - Organisator<\/title>\n<meta name=\"description\" content=\"Im Jahr 2016 konnte Pax in der Beruflichen Vorsorge mit einer nach eigener Darstellung &quot;ausgezeichneten operativen Leistung&quot; aufwarten.\" \/>\n<meta name=\"robots\" content=\"index, follow, max-snippet:-1, max-image-preview:large, max-video-preview:-1\" \/>\n<link rel=\"canonical\" href=\"https:\/\/www.organisator.ch\/de\/management\/finanzen_recht\/2017-05-30\/berufliche-vorsorge-markantes-praemienwachstum-bei-pax\/\" \/>\n<meta property=\"og:locale\" content=\"de_DE\" \/>\n<meta property=\"og:type\" content=\"article\" \/>\n<meta property=\"og:title\" content=\"Berufliche Vorsorge: Markantes Pr\u00e4mienwachstum bei Pax\" \/>\n<meta property=\"og:description\" content=\"#Pax erzielt bei der Beruflichen Vorsorge ein markantes #Pr\u00e4mienwachstum und setzt die stabile #\u00dcberschussbeteiligung f\u00fcr ihre Kunden fort.\" \/>\n<meta property=\"og:url\" content=\"https:\/\/www.organisator.ch\/de\/management\/finanzen_recht\/2017-05-30\/berufliche-vorsorge-markantes-praemienwachstum-bei-pax\/\" \/>\n<meta property=\"og:site_name\" content=\"Organisator\" \/>\n<meta property=\"article:publisher\" content=\"https:\/\/www.facebook.com\/OrganisatorFachmagazin\" \/>\n<meta property=\"article:published_time\" content=\"2017-05-30T15:00:03+00:00\" \/>\n<meta property=\"og:image\" content=\"https:\/\/www.organisator.ch\/wp-content\/uploads\/2017\/05\/Berufliche-Vorsorge-Markantes-Praemienwachstum-bei-Pax_Organisator.jpg\" \/>\n\t<meta property=\"og:image:width\" content=\"640\" \/>\n\t<meta property=\"og:image:height\" content=\"460\" \/>\n\t<meta property=\"og:image:type\" content=\"image\/jpeg\" \/>\n<meta name=\"author\" content=\"thomas.berner\" \/>\n<meta name=\"twitter:card\" content=\"summary_large_image\" \/>\n<meta name=\"twitter:title\" content=\"Berufliche Vorsorge: Markantes #Pr\u00e4mienwachstum bei #Pax\" \/>\n<meta name=\"twitter:description\" content=\"#Pax erzielt bei der Beruflichen Vorsorge ein markantes #Pr\u00e4mienwachstum und setzt die stabile #\u00dcberschussbeteiligung f\u00fcr ihre Kunden fort.\" \/>\n<meta name=\"twitter:image\" content=\"https:\/\/www.organisator.ch\/wp-content\/uploads\/2017\/05\/Berufliche-Vorsorge-Markantes-Pr\u00e4mienwachstum-bei-Pax_Organisator.jpg\" \/>\n<script type=\"application\/ld+json\" class=\"yoast-schema-graph\">{\"@context\":\"https:\\\/\\\/schema.org\",\"@graph\":[{\"@type\":\"Article\",\"@id\":\"https:\\\/\\\/www.organisator.ch\\\/management\\\/finanzen_recht\\\/2017-05-30\\\/berufliche-vorsorge-markantes-praemienwachstum-bei-pax\\\/#article\",\"isPartOf\":{\"@id\":\"https:\\\/\\\/www.organisator.ch\\\/management\\\/finanzen_recht\\\/2017-05-30\\\/berufliche-vorsorge-markantes-praemienwachstum-bei-pax\\\/\"},\"author\":{\"name\":\"thomas.berner\",\"@id\":\"https:\\\/\\\/www.organisator.ch\\\/#\\\/schema\\\/person\\\/6f650f90b2842cd4c0cc334b4e36f67e\"},\"headline\":\"Berufliche Vorsorge: Markantes Pr\u00e4mienwachstum bei Pax\",\"datePublished\":\"2017-05-30T15:00:03+00:00\",\"mainEntityOfPage\":{\"@id\":\"https:\\\/\\\/www.organisator.ch\\\/management\\\/finanzen_recht\\\/2017-05-30\\\/berufliche-vorsorge-markantes-praemienwachstum-bei-pax\\\/\"},\"wordCount\":437,\"commentCount\":0,\"publisher\":{\"@id\":\"https:\\\/\\\/www.organisator.ch\\\/#organization\"},\"image\":{\"@id\":\"https:\\\/\\\/www.organisator.ch\\\/management\\\/finanzen_recht\\\/2017-05-30\\\/berufliche-vorsorge-markantes-praemienwachstum-bei-pax\\\/#primaryimage\"},\"thumbnailUrl\":\"https:\\\/\\\/www.organisator.ch\\\/wp-content\\\/uploads\\\/2017\\\/05\\\/Berufliche-Vorsorge-Markantes-Praemienwachstum-bei-Pax_Organisator.jpg\",\"keywords\":[\"Finanzierung\",\"M\u00e4rkte\",\"Pensionskassen\",\"Unternehmen\",\"Vermischtes\"],\"articleSection\":[\"FINANZEN\\\/RECHT\"],\"inLanguage\":\"de\"},{\"@type\":\"WebPage\",\"@id\":\"https:\\\/\\\/www.organisator.ch\\\/management\\\/finanzen_recht\\\/2017-05-30\\\/berufliche-vorsorge-markantes-praemienwachstum-bei-pax\\\/\",\"url\":\"https:\\\/\\\/www.organisator.ch\\\/management\\\/finanzen_recht\\\/2017-05-30\\\/berufliche-vorsorge-markantes-praemienwachstum-bei-pax\\\/\",\"name\":\"Berufliche Vorsorge: Markantes Pr\u00e4mienwachstum bei Pax - Organisator\",\"isPartOf\":{\"@id\":\"https:\\\/\\\/www.organisator.ch\\\/#website\"},\"primaryImageOfPage\":{\"@id\":\"https:\\\/\\\/www.organisator.ch\\\/management\\\/finanzen_recht\\\/2017-05-30\\\/berufliche-vorsorge-markantes-praemienwachstum-bei-pax\\\/#primaryimage\"},\"image\":{\"@id\":\"https:\\\/\\\/www.organisator.ch\\\/management\\\/finanzen_recht\\\/2017-05-30\\\/berufliche-vorsorge-markantes-praemienwachstum-bei-pax\\\/#primaryimage\"},\"thumbnailUrl\":\"https:\\\/\\\/www.organisator.ch\\\/wp-content\\\/uploads\\\/2017\\\/05\\\/Berufliche-Vorsorge-Markantes-Praemienwachstum-bei-Pax_Organisator.jpg\",\"datePublished\":\"2017-05-30T15:00:03+00:00\",\"description\":\"Im Jahr 2016 konnte Pax in der Beruflichen Vorsorge mit einer nach eigener Darstellung \\\"ausgezeichneten operativen Leistung\\\" aufwarten.\",\"breadcrumb\":{\"@id\":\"https:\\\/\\\/www.organisator.ch\\\/management\\\/finanzen_recht\\\/2017-05-30\\\/berufliche-vorsorge-markantes-praemienwachstum-bei-pax\\\/#breadcrumb\"},\"inLanguage\":\"de\",\"potentialAction\":[{\"@type\":\"ReadAction\",\"target\":[\"https:\\\/\\\/www.organisator.ch\\\/management\\\/finanzen_recht\\\/2017-05-30\\\/berufliche-vorsorge-markantes-praemienwachstum-bei-pax\\\/\"]}]},{\"@type\":\"ImageObject\",\"inLanguage\":\"de\",\"@id\":\"https:\\\/\\\/www.organisator.ch\\\/management\\\/finanzen_recht\\\/2017-05-30\\\/berufliche-vorsorge-markantes-praemienwachstum-bei-pax\\\/#primaryimage\",\"url\":\"https:\\\/\\\/www.organisator.ch\\\/wp-content\\\/uploads\\\/2017\\\/05\\\/Berufliche-Vorsorge-Markantes-Praemienwachstum-bei-Pax_Organisator.jpg\",\"contentUrl\":\"https:\\\/\\\/www.organisator.ch\\\/wp-content\\\/uploads\\\/2017\\\/05\\\/Berufliche-Vorsorge-Markantes-Praemienwachstum-bei-Pax_Organisator.jpg\",\"width\":640,\"height\":460,\"caption\":\"Pax erzielt bei der Beruflichen Vorsorge ein markantes Pr\u00e4mienwachstum und setzt die stabile \u00dcberschussbeteiligung f\u00fcr ihre Kunden fort. (Bild: Fotolia.com)\"},{\"@type\":\"BreadcrumbList\",\"@id\":\"https:\\\/\\\/www.organisator.ch\\\/management\\\/finanzen_recht\\\/2017-05-30\\\/berufliche-vorsorge-markantes-praemienwachstum-bei-pax\\\/#breadcrumb\",\"itemListElement\":[{\"@type\":\"ListItem\",\"position\":1,\"name\":\"Home\",\"item\":\"https:\\\/\\\/www.organisator.ch\\\/\"},{\"@type\":\"ListItem\",\"position\":2,\"name\":\"Berufliche Vorsorge: Markantes Pr\u00e4mienwachstum bei Pax\"}]},{\"@type\":\"WebSite\",\"@id\":\"https:\\\/\\\/www.organisator.ch\\\/#website\",\"url\":\"https:\\\/\\\/www.organisator.ch\\\/\",\"name\":\"Organisator\",\"description\":\"Kompetent. Praxisnah. Der ORGANISATOR bereitet in 10 Ausgaben pro Jahr die wesentlichen Themen f\u00fcr F\u00fchrungskr\u00e4fte von KMU auf.\",\"publisher\":{\"@id\":\"https:\\\/\\\/www.organisator.ch\\\/#organization\"},\"potentialAction\":[{\"@type\":\"SearchAction\",\"target\":{\"@type\":\"EntryPoint\",\"urlTemplate\":\"https:\\\/\\\/www.organisator.ch\\\/?s={search_term_string}\"},\"query-input\":{\"@type\":\"PropertyValueSpecification\",\"valueRequired\":true,\"valueName\":\"search_term_string\"}}],\"inLanguage\":\"de\"},{\"@type\":\"Organization\",\"@id\":\"https:\\\/\\\/www.organisator.ch\\\/#organization\",\"name\":\"Organisator\",\"url\":\"https:\\\/\\\/www.organisator.ch\\\/\",\"logo\":{\"@type\":\"ImageObject\",\"inLanguage\":\"de\",\"@id\":\"https:\\\/\\\/www.organisator.ch\\\/#\\\/schema\\\/logo\\\/image\\\/\",\"url\":\"https:\\\/\\\/www.organisator.ch\\\/wp-content\\\/uploads\\\/2022\\\/01\\\/Logo_Organisator_Website.png\",\"contentUrl\":\"https:\\\/\\\/www.organisator.ch\\\/wp-content\\\/uploads\\\/2022\\\/01\\\/Logo_Organisator_Website.png\",\"width\":800,\"height\":77,\"caption\":\"Organisator\"},\"image\":{\"@id\":\"https:\\\/\\\/www.organisator.ch\\\/#\\\/schema\\\/logo\\\/image\\\/\"},\"sameAs\":[\"https:\\\/\\\/www.facebook.com\\\/OrganisatorFachmagazin\",\"https:\\\/\\\/www.linkedin.com\\\/showcase\\\/organisator-das-magazin-fr-kmu\",\"https:\\\/\\\/www.xing.com\\\/news\\\/pages\\\/organisator-ch-695\",\"https:\\\/\\\/www.youtube.com\\\/channel\\\/UCGP2Sq0iWaZwT3BdIAQFYpw\"]},{\"@type\":\"Person\",\"@id\":\"https:\\\/\\\/www.organisator.ch\\\/#\\\/schema\\\/person\\\/6f650f90b2842cd4c0cc334b4e36f67e\",\"name\":\"thomas.berner\",\"image\":{\"@type\":\"ImageObject\",\"inLanguage\":\"de\",\"@id\":\"https:\\\/\\\/secure.gravatar.com\\\/avatar\\\/ac5001d2a36cb6c6cd3e50789007ffca834b477b74a2144564522e944eabff61?s=96&d=mm&r=g\",\"url\":\"https:\\\/\\\/secure.gravatar.com\\\/avatar\\\/ac5001d2a36cb6c6cd3e50789007ffca834b477b74a2144564522e944eabff61?s=96&d=mm&r=g\",\"contentUrl\":\"https:\\\/\\\/secure.gravatar.com\\\/avatar\\\/ac5001d2a36cb6c6cd3e50789007ffca834b477b74a2144564522e944eabff61?s=96&d=mm&r=g\",\"caption\":\"thomas.berner\"},\"url\":\"https:\\\/\\\/www.organisator.ch\\\/de\\\/author\\\/thomas-berner\\\/\"}]}<\/script>\n<!-- \/ Yoast SEO plugin. -->","yoast_head_json":{"title":"Berufliche Vorsorge: Markantes Pr\u00e4mienwachstum bei Pax - Organisator","description":"Im Jahr 2016 konnte Pax in der Beruflichen Vorsorge mit einer nach eigener Darstellung \"ausgezeichneten operativen Leistung\" aufwarten.","robots":{"index":"index","follow":"follow","max-snippet":"max-snippet:-1","max-image-preview":"max-image-preview:large","max-video-preview":"max-video-preview:-1"},"canonical":"https:\/\/www.organisator.ch\/de\/management\/finanzen_recht\/2017-05-30\/berufliche-vorsorge-markantes-praemienwachstum-bei-pax\/","og_locale":"de_DE","og_type":"article","og_title":"Berufliche Vorsorge: Markantes Pr\u00e4mienwachstum bei Pax","og_description":"#Pax erzielt bei der Beruflichen Vorsorge ein markantes #Pr\u00e4mienwachstum und setzt die stabile #\u00dcberschussbeteiligung f\u00fcr ihre Kunden fort.","og_url":"https:\/\/www.organisator.ch\/de\/management\/finanzen_recht\/2017-05-30\/berufliche-vorsorge-markantes-praemienwachstum-bei-pax\/","og_site_name":"Organisator","article_publisher":"https:\/\/www.facebook.com\/OrganisatorFachmagazin","article_published_time":"2017-05-30T15:00:03+00:00","og_image":[{"width":640,"height":460,"url":"https:\/\/www.organisator.ch\/wp-content\/uploads\/2017\/05\/Berufliche-Vorsorge-Markantes-Praemienwachstum-bei-Pax_Organisator.jpg","type":"image\/jpeg"}],"author":"thomas.berner","twitter_card":"summary_large_image","twitter_title":"Berufliche Vorsorge: Markantes #Pr\u00e4mienwachstum bei #Pax","twitter_description":"#Pax erzielt bei der Beruflichen Vorsorge ein markantes #Pr\u00e4mienwachstum und setzt die stabile #\u00dcberschussbeteiligung f\u00fcr ihre Kunden fort.","twitter_image":"https:\/\/www.organisator.ch\/wp-content\/uploads\/2017\/05\/Berufliche-Vorsorge-Markantes-Pr\u00e4mienwachstum-bei-Pax_Organisator.jpg","schema":{"@context":"https:\/\/schema.org","@graph":[{"@type":"Article","@id":"https:\/\/www.organisator.ch\/management\/finanzen_recht\/2017-05-30\/berufliche-vorsorge-markantes-praemienwachstum-bei-pax\/#article","isPartOf":{"@id":"https:\/\/www.organisator.ch\/management\/finanzen_recht\/2017-05-30\/berufliche-vorsorge-markantes-praemienwachstum-bei-pax\/"},"author":{"name":"thomas.berner","@id":"https:\/\/www.organisator.ch\/#\/schema\/person\/6f650f90b2842cd4c0cc334b4e36f67e"},"headline":"Berufliche Vorsorge: Markantes Pr\u00e4mienwachstum bei Pax","datePublished":"2017-05-30T15:00:03+00:00","mainEntityOfPage":{"@id":"https:\/\/www.organisator.ch\/management\/finanzen_recht\/2017-05-30\/berufliche-vorsorge-markantes-praemienwachstum-bei-pax\/"},"wordCount":437,"commentCount":0,"publisher":{"@id":"https:\/\/www.organisator.ch\/#organization"},"image":{"@id":"https:\/\/www.organisator.ch\/management\/finanzen_recht\/2017-05-30\/berufliche-vorsorge-markantes-praemienwachstum-bei-pax\/#primaryimage"},"thumbnailUrl":"https:\/\/www.organisator.ch\/wp-content\/uploads\/2017\/05\/Berufliche-Vorsorge-Markantes-Praemienwachstum-bei-Pax_Organisator.jpg","keywords":["Finanzierung","M\u00e4rkte","Pensionskassen","Unternehmen","Vermischtes"],"articleSection":["FINANZEN\/RECHT"],"inLanguage":"de"},{"@type":"WebPage","@id":"https:\/\/www.organisator.ch\/management\/finanzen_recht\/2017-05-30\/berufliche-vorsorge-markantes-praemienwachstum-bei-pax\/","url":"https:\/\/www.organisator.ch\/management\/finanzen_recht\/2017-05-30\/berufliche-vorsorge-markantes-praemienwachstum-bei-pax\/","name":"Berufliche Vorsorge: Markantes Pr\u00e4mienwachstum bei Pax - Organisator","isPartOf":{"@id":"https:\/\/www.organisator.ch\/#website"},"primaryImageOfPage":{"@id":"https:\/\/www.organisator.ch\/management\/finanzen_recht\/2017-05-30\/berufliche-vorsorge-markantes-praemienwachstum-bei-pax\/#primaryimage"},"image":{"@id":"https:\/\/www.organisator.ch\/management\/finanzen_recht\/2017-05-30\/berufliche-vorsorge-markantes-praemienwachstum-bei-pax\/#primaryimage"},"thumbnailUrl":"https:\/\/www.organisator.ch\/wp-content\/uploads\/2017\/05\/Berufliche-Vorsorge-Markantes-Praemienwachstum-bei-Pax_Organisator.jpg","datePublished":"2017-05-30T15:00:03+00:00","description":"Im Jahr 2016 konnte Pax in der Beruflichen Vorsorge mit einer nach eigener Darstellung \"ausgezeichneten operativen Leistung\" aufwarten.","breadcrumb":{"@id":"https:\/\/www.organisator.ch\/management\/finanzen_recht\/2017-05-30\/berufliche-vorsorge-markantes-praemienwachstum-bei-pax\/#breadcrumb"},"inLanguage":"de","potentialAction":[{"@type":"ReadAction","target":["https:\/\/www.organisator.ch\/management\/finanzen_recht\/2017-05-30\/berufliche-vorsorge-markantes-praemienwachstum-bei-pax\/"]}]},{"@type":"ImageObject","inLanguage":"de","@id":"https:\/\/www.organisator.ch\/management\/finanzen_recht\/2017-05-30\/berufliche-vorsorge-markantes-praemienwachstum-bei-pax\/#primaryimage","url":"https:\/\/www.organisator.ch\/wp-content\/uploads\/2017\/05\/Berufliche-Vorsorge-Markantes-Praemienwachstum-bei-Pax_Organisator.jpg","contentUrl":"https:\/\/www.organisator.ch\/wp-content\/uploads\/2017\/05\/Berufliche-Vorsorge-Markantes-Praemienwachstum-bei-Pax_Organisator.jpg","width":640,"height":460,"caption":"Pax erzielt bei der Beruflichen Vorsorge ein markantes Pr\u00e4mienwachstum und setzt die stabile \u00dcberschussbeteiligung f\u00fcr ihre Kunden fort. (Bild: Fotolia.com)"},{"@type":"BreadcrumbList","@id":"https:\/\/www.organisator.ch\/management\/finanzen_recht\/2017-05-30\/berufliche-vorsorge-markantes-praemienwachstum-bei-pax\/#breadcrumb","itemListElement":[{"@type":"ListItem","position":1,"name":"Home","item":"https:\/\/www.organisator.ch\/"},{"@type":"ListItem","position":2,"name":"Berufliche Vorsorge: Markantes Pr\u00e4mienwachstum bei Pax"}]},{"@type":"WebSite","@id":"https:\/\/www.organisator.ch\/#website","url":"https:\/\/www.organisator.ch\/","name":"Organisator","description":"Kompetent. Praxisnah. Der ORGANISATOR bereitet in 10 Ausgaben pro Jahr die wesentlichen Themen f\u00fcr F\u00fchrungskr\u00e4fte von KMU auf.","publisher":{"@id":"https:\/\/www.organisator.ch\/#organization"},"potentialAction":[{"@type":"SearchAction","target":{"@type":"EntryPoint","urlTemplate":"https:\/\/www.organisator.ch\/?s={search_term_string}"},"query-input":{"@type":"PropertyValueSpecification","valueRequired":true,"valueName":"search_term_string"}}],"inLanguage":"de"},{"@type":"Organization","@id":"https:\/\/www.organisator.ch\/#organization","name":"Organisator","url":"https:\/\/www.organisator.ch\/","logo":{"@type":"ImageObject","inLanguage":"de","@id":"https:\/\/www.organisator.ch\/#\/schema\/logo\/image\/","url":"https:\/\/www.organisator.ch\/wp-content\/uploads\/2022\/01\/Logo_Organisator_Website.png","contentUrl":"https:\/\/www.organisator.ch\/wp-content\/uploads\/2022\/01\/Logo_Organisator_Website.png","width":800,"height":77,"caption":"Organisator"},"image":{"@id":"https:\/\/www.organisator.ch\/#\/schema\/logo\/image\/"},"sameAs":["https:\/\/www.facebook.com\/OrganisatorFachmagazin","https:\/\/www.linkedin.com\/showcase\/organisator-das-magazin-fr-kmu","https:\/\/www.xing.com\/news\/pages\/organisator-ch-695","https:\/\/www.youtube.com\/channel\/UCGP2Sq0iWaZwT3BdIAQFYpw"]},{"@type":"Person","@id":"https:\/\/www.organisator.ch\/#\/schema\/person\/6f650f90b2842cd4c0cc334b4e36f67e","name":"thomas.berner","image":{"@type":"ImageObject","inLanguage":"de","@id":"https:\/\/secure.gravatar.com\/avatar\/ac5001d2a36cb6c6cd3e50789007ffca834b477b74a2144564522e944eabff61?s=96&d=mm&r=g","url":"https:\/\/secure.gravatar.com\/avatar\/ac5001d2a36cb6c6cd3e50789007ffca834b477b74a2144564522e944eabff61?s=96&d=mm&r=g","contentUrl":"https:\/\/secure.gravatar.com\/avatar\/ac5001d2a36cb6c6cd3e50789007ffca834b477b74a2144564522e944eabff61?s=96&d=mm&r=g","caption":"thomas.berner"},"url":"https:\/\/www.organisator.ch\/de\/author\/thomas-berner\/"}]}},"_links":{"self":[{"href":"https:\/\/www.organisator.ch\/de\/wp-json\/wp\/v2\/posts\/1961","targetHints":{"allow":["GET"]}}],"collection":[{"href":"https:\/\/www.organisator.ch\/de\/wp-json\/wp\/v2\/posts"}],"about":[{"href":"https:\/\/www.organisator.ch\/de\/wp-json\/wp\/v2\/types\/post"}],"author":[{"embeddable":true,"href":"https:\/\/www.organisator.ch\/de\/wp-json\/wp\/v2\/users\/4"}],"replies":[{"embeddable":true,"href":"https:\/\/www.organisator.ch\/de\/wp-json\/wp\/v2\/comments?post=1961"}],"version-history":[{"count":0,"href":"https:\/\/www.organisator.ch\/de\/wp-json\/wp\/v2\/posts\/1961\/revisions"}],"wp:featuredmedia":[{"embeddable":true,"href":"https:\/\/www.organisator.ch\/de\/wp-json\/wp\/v2\/media\/1963"}],"wp:attachment":[{"href":"https:\/\/www.organisator.ch\/de\/wp-json\/wp\/v2\/media?parent=1961"}],"wp:term":[{"taxonomy":"category","embeddable":true,"href":"https:\/\/www.organisator.ch\/de\/wp-json\/wp\/v2\/categories?post=1961"},{"taxonomy":"post_tag","embeddable":true,"href":"https:\/\/www.organisator.ch\/de\/wp-json\/wp\/v2\/tags?post=1961"}],"curies":[{"name":"wp","href":"https:\/\/api.w.org\/{rel}","templated":true}]}}