{"id":1965,"date":"2017-05-31T08:56:53","date_gmt":"2017-05-31T06:56:53","guid":{"rendered":"https:\/\/www.organisator.ch\/?p=1965"},"modified":"2017-05-31T08:56:53","modified_gmt":"2017-05-31T06:56:53","slug":"bauhauptgewerbe-verzeichnet-gute-umsaetze-im-ersten-quartal","status":"publish","type":"post","link":"https:\/\/www.organisator.ch\/de\/allgemein\/2017-05-31\/bauhauptgewerbe-verzeichnet-gute-umsaetze-im-ersten-quartal\/","title":{"rendered":"Bauhauptgewerbe verzeichnet gute Ums\u00e4tze im ersten Quartal"},"content":{"rendered":"<figure id=\"attachment_1966\" aria-describedby=\"caption-attachment-1966\" style=\"width: 640px\" class=\"wp-caption alignnone\"><img loading=\"lazy\" decoding=\"async\" class=\"size-full wp-image-1966\" src=\"https:\/\/www.organisator.ch\/wp-content\/uploads\/2017\/05\/Bauhauptgewerbe-verzeichnet-gute-Umsaetze-im-ersten-Quartal_Organisator.jpg\" alt=\"\" width=\"640\" height=\"425\" srcset=\"https:\/\/www.organisator.ch\/wp-content\/uploads\/2017\/05\/Bauhauptgewerbe-verzeichnet-gute-Umsaetze-im-ersten-Quartal_Organisator.jpg 640w, https:\/\/www.organisator.ch\/wp-content\/uploads\/2017\/05\/Bauhauptgewerbe-verzeichnet-gute-Umsaetze-im-ersten-Quartal_Organisator-16x12.jpg 16w, https:\/\/www.organisator.ch\/wp-content\/uploads\/2017\/05\/Bauhauptgewerbe-verzeichnet-gute-Umsaetze-im-ersten-Quartal_Organisator-264x175.jpg 264w, https:\/\/www.organisator.ch\/wp-content\/uploads\/2017\/05\/Bauhauptgewerbe-verzeichnet-gute-Umsaetze-im-ersten-Quartal_Organisator-527x350.jpg 527w, https:\/\/www.organisator.ch\/wp-content\/uploads\/2017\/05\/Bauhauptgewerbe-verzeichnet-gute-Umsaetze-im-ersten-Quartal_Organisator-300x199.jpg 300w\" sizes=\"auto, (max-width: 640px) 100vw, 640px\" \/><figcaption id=\"caption-attachment-1966\" class=\"wp-caption-text\">Das Bauhauptgewerbe verzeichnet im ersten Quartal 2017 h\u00f6here Ums\u00e4tze. (Petra Bork \/ pixelio.de)<\/figcaption><\/figure>\n<p>Nach dem guten Baujahr 2016 deutet vieles im aktuellen Jahr auf eine Konsolidierung auf hohem Niveau hin. Die Ums\u00e4tze im Bauhauptgewerbe\u00a0im ersten Quartal steigen zwar um 7.2% auf knapp 4 Milliarden Franken, wobei der Hochbau (+10.2%) besser abschneidet als der Tiefbau (+4.1%). Im ersten Quartal spielen jedoch Witterungseffekte immer eine grosse Rolle, weshalb der Anstieg nicht \u00fcberbewertet werden darf. Im Mitteland war der Januar sehr kalt, allerdings wird im Januar sowieso nur wenig gebaut. In den entscheidenderen Monaten Februar und M\u00e4rz war die Witterung den Baufirmen dann aber gewogen, was den kalten Januar mehr als kompensiert haben d\u00fcrfte.<\/p>\n<p><strong>Konsolidierung auf hohem Niveau zu erwarten<\/strong><\/p>\n<p>Die Auftragseing\u00e4nge sind im Vorjahresvergleich um 8.1% gesunken. Ebenfalls r\u00fcckl\u00e4ufig sind die Auftragsbest\u00e4nde. Dies deutet darauf hin, dass der Umsatzanstieg im ersten Quartal vor\u00fcbergehender Natur war und im Verlaufe des Jahres eine Konsolidierung auf hohem Niveau zu erwarten ist. Insgesamt geht der Schweizerische Baumeisterverband davon aus, dass das Bauvolumen im laufenden Jahr \u00e4hnlich hoch sein wird wie 2016.<\/p>\n<p><strong>Langfristig h\u00f6here Risiken im Wohnungsmarkt<\/strong><\/p>\n<p>Die fundamentalen Faktoren f\u00fcr die Bauwirtschaft, vor allem das tiefe Zinsniveau und das trotz R\u00fcckgang der Nettoeinwanderung immer noch ansehnliche Bev\u00f6lkerungswachstum, bleiben nach wie vor intakt. Sorgen macht jedoch, dass seit einigen Jahren mehr Wohnungen gebaut werden als der Markt aufnehmen kann. Entsprechend steigt die Leerstandsquote. Sie befindet sich zwar noch nicht auf einem kritischen Niveau, mittel- bis langfristig steigen aber die Risiken im Wohnungsmarkt.<\/p>\n<p><em>Weitere Informationen: <a href=\"http:\/\/www.baumeister.ch\">Schweizerischer Baumeisterverband<\/a><\/em><\/p>\n","protected":false},"excerpt":{"rendered":"<p>Nach dem guten Baujahr 2016 deutet vieles im aktuellen Jahr auf eine Konsolidierung auf hohem Niveau hin. Die Ums\u00e4tze im Bauhauptgewerbe\u00a0im ersten Quartal steigen zwar um 7.2% auf knapp 4 Milliarden Franken, wobei der Hochbau (+10.2%) besser abschneidet als der Tiefbau (+4.1%). Im ersten Quartal spielen jedoch Witterungseffekte immer eine grosse Rolle, weshalb der Anstieg [&hellip;]<\/p>\n","protected":false},"author":4,"featured_media":1966,"comment_status":"open","ping_status":"open","sticky":false,"template":"","format":"standard","meta":{"_acf_changed":false,"_yoast_wpseo_focuskw":"Bauhauptgewerbe","_yoast_wpseo_metadesc":"Die Ums\u00e4tze im Schweizer Bauhauptgewerbe sind im ersten Quartal 2017 gegen\u00fcber dem Vorjahresquartal um sieben Prozent gestiegen.","articlekey":"","footnotes":""},"categories":[1],"tags":[71,492,503,531],"class_list":["post-1965","post","type-post","status-publish","format-standard","has-post-thumbnail","hentry","category-allgemein","tag-baubranche","tag-unternehmen","tag-verbaende","tag-wirtschaftspolitik"],"acf":[],"yoast_head":"<!-- This site is optimized with the Yoast SEO plugin v27.5 - https:\/\/yoast.com\/product\/yoast-seo-wordpress\/ -->\n<title>Bauhauptgewerbe verzeichnet gute Ums\u00e4tze im ersten Quartal - Organisator<\/title>\n<meta name=\"description\" content=\"Die Ums\u00e4tze im Schweizer Bauhauptgewerbe sind im ersten Quartal 2017 gegen\u00fcber dem Vorjahresquartal um sieben Prozent gestiegen.\" \/>\n<meta name=\"robots\" content=\"index, follow, max-snippet:-1, max-image-preview:large, max-video-preview:-1\" \/>\n<link rel=\"canonical\" href=\"https:\/\/www.organisator.ch\/de\/allgemein\/2017-05-31\/bauhauptgewerbe-verzeichnet-gute-umsaetze-im-ersten-quartal\/\" \/>\n<meta property=\"og:locale\" content=\"de_DE\" \/>\n<meta property=\"og:type\" content=\"article\" \/>\n<meta property=\"og:title\" content=\"Bauhauptgewerbe verzeichnet gute Ums\u00e4tze im ersten Quartal\" \/>\n<meta property=\"og:description\" content=\"Die Ums\u00e4tze im Schweizer #Bauhauptgewerbe sind im ersten Quartal 2017 gegen\u00fcber dem Vorjahresquartal um sieben Prozent gestiegen.\" \/>\n<meta property=\"og:url\" content=\"https:\/\/www.organisator.ch\/de\/allgemein\/2017-05-31\/bauhauptgewerbe-verzeichnet-gute-umsaetze-im-ersten-quartal\/\" \/>\n<meta property=\"og:site_name\" content=\"Organisator\" \/>\n<meta property=\"article:publisher\" content=\"https:\/\/www.facebook.com\/OrganisatorFachmagazin\" \/>\n<meta property=\"article:published_time\" content=\"2017-05-31T06:56:53+00:00\" \/>\n<meta property=\"og:image\" content=\"https:\/\/www.organisator.ch\/wp-content\/uploads\/2017\/05\/Bauhauptgewerbe-verzeichnet-gute-Umsaetze-im-ersten-Quartal_Organisator.jpg\" \/>\n\t<meta property=\"og:image:width\" content=\"640\" \/>\n\t<meta property=\"og:image:height\" content=\"425\" \/>\n\t<meta property=\"og:image:type\" content=\"image\/jpeg\" \/>\n<meta name=\"author\" content=\"thomas.berner\" \/>\n<meta name=\"twitter:card\" content=\"summary_large_image\" \/>\n<meta name=\"twitter:title\" content=\"#Bauhauptgewerbe verzeichnet gute Ums\u00e4tze im ersten Quartal, sagt #Baumeisterverband\" \/>\n<meta name=\"twitter:description\" content=\"Die Ums\u00e4tze im Schweizer #Bauhauptgewerbe sind im ersten Quartal 2017 gegen\u00fcber dem Vorjahresquartal um sieben Prozent gestiegen.\" \/>\n<meta name=\"twitter:image\" content=\"https:\/\/www.organisator.ch\/wp-content\/uploads\/2017\/05\/Bauhauptgewerbe-verzeichnet-gute-Ums\u00e4tze-im-ersten-Quartal_Organisator.jpg\" \/>\n<script type=\"application\/ld+json\" class=\"yoast-schema-graph\">{\"@context\":\"https:\\\/\\\/schema.org\",\"@graph\":[{\"@type\":\"Article\",\"@id\":\"https:\\\/\\\/www.organisator.ch\\\/fr\\\/general\\\/2017-05-31\\\/bauhauptgewerbe-verzeichnet-gute-umsaetze-im-ersten-quartal\\\/#article\",\"isPartOf\":{\"@id\":\"https:\\\/\\\/www.organisator.ch\\\/fr\\\/general\\\/2017-05-31\\\/bauhauptgewerbe-verzeichnet-gute-umsaetze-im-ersten-quartal\\\/\"},\"author\":{\"name\":\"thomas.berner\",\"@id\":\"https:\\\/\\\/www.organisator.ch\\\/#\\\/schema\\\/person\\\/6f650f90b2842cd4c0cc334b4e36f67e\"},\"headline\":\"Bauhauptgewerbe verzeichnet gute Ums\u00e4tze im ersten Quartal\",\"datePublished\":\"2017-05-31T06:56:53+00:00\",\"mainEntityOfPage\":{\"@id\":\"https:\\\/\\\/www.organisator.ch\\\/fr\\\/general\\\/2017-05-31\\\/bauhauptgewerbe-verzeichnet-gute-umsaetze-im-ersten-quartal\\\/\"},\"wordCount\":271,\"commentCount\":0,\"publisher\":{\"@id\":\"https:\\\/\\\/www.organisator.ch\\\/#organization\"},\"image\":{\"@id\":\"https:\\\/\\\/www.organisator.ch\\\/fr\\\/general\\\/2017-05-31\\\/bauhauptgewerbe-verzeichnet-gute-umsaetze-im-ersten-quartal\\\/#primaryimage\"},\"thumbnailUrl\":\"https:\\\/\\\/www.organisator.ch\\\/wp-content\\\/uploads\\\/2017\\\/05\\\/Bauhauptgewerbe-verzeichnet-gute-Umsaetze-im-ersten-Quartal_Organisator.jpg\",\"keywords\":[\"Baubranche\",\"Unternehmen\",\"Verb\u00e4nde\",\"Wirtschaftspolitik\"],\"inLanguage\":\"de\"},{\"@type\":\"WebPage\",\"@id\":\"https:\\\/\\\/www.organisator.ch\\\/fr\\\/general\\\/2017-05-31\\\/bauhauptgewerbe-verzeichnet-gute-umsaetze-im-ersten-quartal\\\/\",\"url\":\"https:\\\/\\\/www.organisator.ch\\\/fr\\\/general\\\/2017-05-31\\\/bauhauptgewerbe-verzeichnet-gute-umsaetze-im-ersten-quartal\\\/\",\"name\":\"Bauhauptgewerbe verzeichnet gute Ums\u00e4tze im ersten Quartal - Organisator\",\"isPartOf\":{\"@id\":\"https:\\\/\\\/www.organisator.ch\\\/#website\"},\"primaryImageOfPage\":{\"@id\":\"https:\\\/\\\/www.organisator.ch\\\/fr\\\/general\\\/2017-05-31\\\/bauhauptgewerbe-verzeichnet-gute-umsaetze-im-ersten-quartal\\\/#primaryimage\"},\"image\":{\"@id\":\"https:\\\/\\\/www.organisator.ch\\\/fr\\\/general\\\/2017-05-31\\\/bauhauptgewerbe-verzeichnet-gute-umsaetze-im-ersten-quartal\\\/#primaryimage\"},\"thumbnailUrl\":\"https:\\\/\\\/www.organisator.ch\\\/wp-content\\\/uploads\\\/2017\\\/05\\\/Bauhauptgewerbe-verzeichnet-gute-Umsaetze-im-ersten-Quartal_Organisator.jpg\",\"datePublished\":\"2017-05-31T06:56:53+00:00\",\"description\":\"Die Ums\u00e4tze im Schweizer Bauhauptgewerbe sind im ersten Quartal 2017 gegen\u00fcber dem Vorjahresquartal um sieben Prozent gestiegen.\",\"breadcrumb\":{\"@id\":\"https:\\\/\\\/www.organisator.ch\\\/fr\\\/general\\\/2017-05-31\\\/bauhauptgewerbe-verzeichnet-gute-umsaetze-im-ersten-quartal\\\/#breadcrumb\"},\"inLanguage\":\"de\",\"potentialAction\":[{\"@type\":\"ReadAction\",\"target\":[\"https:\\\/\\\/www.organisator.ch\\\/fr\\\/general\\\/2017-05-31\\\/bauhauptgewerbe-verzeichnet-gute-umsaetze-im-ersten-quartal\\\/\"]}]},{\"@type\":\"ImageObject\",\"inLanguage\":\"de\",\"@id\":\"https:\\\/\\\/www.organisator.ch\\\/fr\\\/general\\\/2017-05-31\\\/bauhauptgewerbe-verzeichnet-gute-umsaetze-im-ersten-quartal\\\/#primaryimage\",\"url\":\"https:\\\/\\\/www.organisator.ch\\\/wp-content\\\/uploads\\\/2017\\\/05\\\/Bauhauptgewerbe-verzeichnet-gute-Umsaetze-im-ersten-Quartal_Organisator.jpg\",\"contentUrl\":\"https:\\\/\\\/www.organisator.ch\\\/wp-content\\\/uploads\\\/2017\\\/05\\\/Bauhauptgewerbe-verzeichnet-gute-Umsaetze-im-ersten-Quartal_Organisator.jpg\",\"width\":640,\"height\":425,\"caption\":\"Das Bauhauptgewerbe verzeichnet im ersten Quartal 2017 h\u00f6here Ums\u00e4tze. (Petra Bork \\\/ pixelio.de)\"},{\"@type\":\"BreadcrumbList\",\"@id\":\"https:\\\/\\\/www.organisator.ch\\\/fr\\\/general\\\/2017-05-31\\\/bauhauptgewerbe-verzeichnet-gute-umsaetze-im-ersten-quartal\\\/#breadcrumb\",\"itemListElement\":[{\"@type\":\"ListItem\",\"position\":1,\"name\":\"Home\",\"item\":\"https:\\\/\\\/www.organisator.ch\\\/\"},{\"@type\":\"ListItem\",\"position\":2,\"name\":\"Bauhauptgewerbe verzeichnet gute Ums\u00e4tze im ersten Quartal\"}]},{\"@type\":\"WebSite\",\"@id\":\"https:\\\/\\\/www.organisator.ch\\\/#website\",\"url\":\"https:\\\/\\\/www.organisator.ch\\\/\",\"name\":\"Organisator\",\"description\":\"Kompetent. Praxisnah. Der ORGANISATOR bereitet in 10 Ausgaben pro Jahr die wesentlichen Themen f\u00fcr F\u00fchrungskr\u00e4fte von KMU auf.\",\"publisher\":{\"@id\":\"https:\\\/\\\/www.organisator.ch\\\/#organization\"},\"potentialAction\":[{\"@type\":\"SearchAction\",\"target\":{\"@type\":\"EntryPoint\",\"urlTemplate\":\"https:\\\/\\\/www.organisator.ch\\\/?s={search_term_string}\"},\"query-input\":{\"@type\":\"PropertyValueSpecification\",\"valueRequired\":true,\"valueName\":\"search_term_string\"}}],\"inLanguage\":\"de\"},{\"@type\":\"Organization\",\"@id\":\"https:\\\/\\\/www.organisator.ch\\\/#organization\",\"name\":\"Organisator\",\"url\":\"https:\\\/\\\/www.organisator.ch\\\/\",\"logo\":{\"@type\":\"ImageObject\",\"inLanguage\":\"de\",\"@id\":\"https:\\\/\\\/www.organisator.ch\\\/#\\\/schema\\\/logo\\\/image\\\/\",\"url\":\"https:\\\/\\\/www.organisator.ch\\\/wp-content\\\/uploads\\\/2022\\\/01\\\/Logo_Organisator_Website.png\",\"contentUrl\":\"https:\\\/\\\/www.organisator.ch\\\/wp-content\\\/uploads\\\/2022\\\/01\\\/Logo_Organisator_Website.png\",\"width\":800,\"height\":77,\"caption\":\"Organisator\"},\"image\":{\"@id\":\"https:\\\/\\\/www.organisator.ch\\\/#\\\/schema\\\/logo\\\/image\\\/\"},\"sameAs\":[\"https:\\\/\\\/www.facebook.com\\\/OrganisatorFachmagazin\",\"https:\\\/\\\/www.linkedin.com\\\/showcase\\\/organisator-das-magazin-fr-kmu\",\"https:\\\/\\\/www.xing.com\\\/news\\\/pages\\\/organisator-ch-695\",\"https:\\\/\\\/www.youtube.com\\\/channel\\\/UCGP2Sq0iWaZwT3BdIAQFYpw\"]},{\"@type\":\"Person\",\"@id\":\"https:\\\/\\\/www.organisator.ch\\\/#\\\/schema\\\/person\\\/6f650f90b2842cd4c0cc334b4e36f67e\",\"name\":\"thomas.berner\",\"image\":{\"@type\":\"ImageObject\",\"inLanguage\":\"de\",\"@id\":\"https:\\\/\\\/secure.gravatar.com\\\/avatar\\\/ac5001d2a36cb6c6cd3e50789007ffca834b477b74a2144564522e944eabff61?s=96&d=mm&r=g\",\"url\":\"https:\\\/\\\/secure.gravatar.com\\\/avatar\\\/ac5001d2a36cb6c6cd3e50789007ffca834b477b74a2144564522e944eabff61?s=96&d=mm&r=g\",\"contentUrl\":\"https:\\\/\\\/secure.gravatar.com\\\/avatar\\\/ac5001d2a36cb6c6cd3e50789007ffca834b477b74a2144564522e944eabff61?s=96&d=mm&r=g\",\"caption\":\"thomas.berner\"},\"url\":\"https:\\\/\\\/www.organisator.ch\\\/de\\\/author\\\/thomas-berner\\\/\"}]}<\/script>\n<!-- \/ Yoast SEO plugin. -->","yoast_head_json":{"title":"Bauhauptgewerbe verzeichnet gute Ums\u00e4tze im ersten Quartal - Organisator","description":"Die Ums\u00e4tze im Schweizer Bauhauptgewerbe sind im ersten Quartal 2017 gegen\u00fcber dem Vorjahresquartal um sieben Prozent gestiegen.","robots":{"index":"index","follow":"follow","max-snippet":"max-snippet:-1","max-image-preview":"max-image-preview:large","max-video-preview":"max-video-preview:-1"},"canonical":"https:\/\/www.organisator.ch\/de\/allgemein\/2017-05-31\/bauhauptgewerbe-verzeichnet-gute-umsaetze-im-ersten-quartal\/","og_locale":"de_DE","og_type":"article","og_title":"Bauhauptgewerbe verzeichnet gute Ums\u00e4tze im ersten Quartal","og_description":"Die Ums\u00e4tze im Schweizer #Bauhauptgewerbe sind im ersten Quartal 2017 gegen\u00fcber dem Vorjahresquartal um sieben Prozent gestiegen.","og_url":"https:\/\/www.organisator.ch\/de\/allgemein\/2017-05-31\/bauhauptgewerbe-verzeichnet-gute-umsaetze-im-ersten-quartal\/","og_site_name":"Organisator","article_publisher":"https:\/\/www.facebook.com\/OrganisatorFachmagazin","article_published_time":"2017-05-31T06:56:53+00:00","og_image":[{"width":640,"height":425,"url":"https:\/\/www.organisator.ch\/wp-content\/uploads\/2017\/05\/Bauhauptgewerbe-verzeichnet-gute-Umsaetze-im-ersten-Quartal_Organisator.jpg","type":"image\/jpeg"}],"author":"thomas.berner","twitter_card":"summary_large_image","twitter_title":"#Bauhauptgewerbe verzeichnet gute Ums\u00e4tze im ersten Quartal, sagt #Baumeisterverband","twitter_description":"Die Ums\u00e4tze im Schweizer #Bauhauptgewerbe sind im ersten Quartal 2017 gegen\u00fcber dem Vorjahresquartal um sieben Prozent gestiegen.","twitter_image":"https:\/\/www.organisator.ch\/wp-content\/uploads\/2017\/05\/Bauhauptgewerbe-verzeichnet-gute-Ums\u00e4tze-im-ersten-Quartal_Organisator.jpg","schema":{"@context":"https:\/\/schema.org","@graph":[{"@type":"Article","@id":"https:\/\/www.organisator.ch\/fr\/general\/2017-05-31\/bauhauptgewerbe-verzeichnet-gute-umsaetze-im-ersten-quartal\/#article","isPartOf":{"@id":"https:\/\/www.organisator.ch\/fr\/general\/2017-05-31\/bauhauptgewerbe-verzeichnet-gute-umsaetze-im-ersten-quartal\/"},"author":{"name":"thomas.berner","@id":"https:\/\/www.organisator.ch\/#\/schema\/person\/6f650f90b2842cd4c0cc334b4e36f67e"},"headline":"Bauhauptgewerbe verzeichnet gute Ums\u00e4tze im ersten Quartal","datePublished":"2017-05-31T06:56:53+00:00","mainEntityOfPage":{"@id":"https:\/\/www.organisator.ch\/fr\/general\/2017-05-31\/bauhauptgewerbe-verzeichnet-gute-umsaetze-im-ersten-quartal\/"},"wordCount":271,"commentCount":0,"publisher":{"@id":"https:\/\/www.organisator.ch\/#organization"},"image":{"@id":"https:\/\/www.organisator.ch\/fr\/general\/2017-05-31\/bauhauptgewerbe-verzeichnet-gute-umsaetze-im-ersten-quartal\/#primaryimage"},"thumbnailUrl":"https:\/\/www.organisator.ch\/wp-content\/uploads\/2017\/05\/Bauhauptgewerbe-verzeichnet-gute-Umsaetze-im-ersten-Quartal_Organisator.jpg","keywords":["Baubranche","Unternehmen","Verb\u00e4nde","Wirtschaftspolitik"],"inLanguage":"de"},{"@type":"WebPage","@id":"https:\/\/www.organisator.ch\/fr\/general\/2017-05-31\/bauhauptgewerbe-verzeichnet-gute-umsaetze-im-ersten-quartal\/","url":"https:\/\/www.organisator.ch\/fr\/general\/2017-05-31\/bauhauptgewerbe-verzeichnet-gute-umsaetze-im-ersten-quartal\/","name":"Bauhauptgewerbe verzeichnet gute Ums\u00e4tze im ersten Quartal - Organisator","isPartOf":{"@id":"https:\/\/www.organisator.ch\/#website"},"primaryImageOfPage":{"@id":"https:\/\/www.organisator.ch\/fr\/general\/2017-05-31\/bauhauptgewerbe-verzeichnet-gute-umsaetze-im-ersten-quartal\/#primaryimage"},"image":{"@id":"https:\/\/www.organisator.ch\/fr\/general\/2017-05-31\/bauhauptgewerbe-verzeichnet-gute-umsaetze-im-ersten-quartal\/#primaryimage"},"thumbnailUrl":"https:\/\/www.organisator.ch\/wp-content\/uploads\/2017\/05\/Bauhauptgewerbe-verzeichnet-gute-Umsaetze-im-ersten-Quartal_Organisator.jpg","datePublished":"2017-05-31T06:56:53+00:00","description":"Die Ums\u00e4tze im Schweizer Bauhauptgewerbe sind im ersten Quartal 2017 gegen\u00fcber dem Vorjahresquartal um sieben Prozent gestiegen.","breadcrumb":{"@id":"https:\/\/www.organisator.ch\/fr\/general\/2017-05-31\/bauhauptgewerbe-verzeichnet-gute-umsaetze-im-ersten-quartal\/#breadcrumb"},"inLanguage":"de","potentialAction":[{"@type":"ReadAction","target":["https:\/\/www.organisator.ch\/fr\/general\/2017-05-31\/bauhauptgewerbe-verzeichnet-gute-umsaetze-im-ersten-quartal\/"]}]},{"@type":"ImageObject","inLanguage":"de","@id":"https:\/\/www.organisator.ch\/fr\/general\/2017-05-31\/bauhauptgewerbe-verzeichnet-gute-umsaetze-im-ersten-quartal\/#primaryimage","url":"https:\/\/www.organisator.ch\/wp-content\/uploads\/2017\/05\/Bauhauptgewerbe-verzeichnet-gute-Umsaetze-im-ersten-Quartal_Organisator.jpg","contentUrl":"https:\/\/www.organisator.ch\/wp-content\/uploads\/2017\/05\/Bauhauptgewerbe-verzeichnet-gute-Umsaetze-im-ersten-Quartal_Organisator.jpg","width":640,"height":425,"caption":"Das Bauhauptgewerbe verzeichnet im ersten Quartal 2017 h\u00f6here Ums\u00e4tze. (Petra Bork \/ pixelio.de)"},{"@type":"BreadcrumbList","@id":"https:\/\/www.organisator.ch\/fr\/general\/2017-05-31\/bauhauptgewerbe-verzeichnet-gute-umsaetze-im-ersten-quartal\/#breadcrumb","itemListElement":[{"@type":"ListItem","position":1,"name":"Home","item":"https:\/\/www.organisator.ch\/"},{"@type":"ListItem","position":2,"name":"Bauhauptgewerbe verzeichnet gute Ums\u00e4tze im ersten Quartal"}]},{"@type":"WebSite","@id":"https:\/\/www.organisator.ch\/#website","url":"https:\/\/www.organisator.ch\/","name":"Organisator","description":"Kompetent. Praxisnah. Der ORGANISATOR bereitet in 10 Ausgaben pro Jahr die wesentlichen Themen f\u00fcr F\u00fchrungskr\u00e4fte von KMU auf.","publisher":{"@id":"https:\/\/www.organisator.ch\/#organization"},"potentialAction":[{"@type":"SearchAction","target":{"@type":"EntryPoint","urlTemplate":"https:\/\/www.organisator.ch\/?s={search_term_string}"},"query-input":{"@type":"PropertyValueSpecification","valueRequired":true,"valueName":"search_term_string"}}],"inLanguage":"de"},{"@type":"Organization","@id":"https:\/\/www.organisator.ch\/#organization","name":"Organisator","url":"https:\/\/www.organisator.ch\/","logo":{"@type":"ImageObject","inLanguage":"de","@id":"https:\/\/www.organisator.ch\/#\/schema\/logo\/image\/","url":"https:\/\/www.organisator.ch\/wp-content\/uploads\/2022\/01\/Logo_Organisator_Website.png","contentUrl":"https:\/\/www.organisator.ch\/wp-content\/uploads\/2022\/01\/Logo_Organisator_Website.png","width":800,"height":77,"caption":"Organisator"},"image":{"@id":"https:\/\/www.organisator.ch\/#\/schema\/logo\/image\/"},"sameAs":["https:\/\/www.facebook.com\/OrganisatorFachmagazin","https:\/\/www.linkedin.com\/showcase\/organisator-das-magazin-fr-kmu","https:\/\/www.xing.com\/news\/pages\/organisator-ch-695","https:\/\/www.youtube.com\/channel\/UCGP2Sq0iWaZwT3BdIAQFYpw"]},{"@type":"Person","@id":"https:\/\/www.organisator.ch\/#\/schema\/person\/6f650f90b2842cd4c0cc334b4e36f67e","name":"thomas.berner","image":{"@type":"ImageObject","inLanguage":"de","@id":"https:\/\/secure.gravatar.com\/avatar\/ac5001d2a36cb6c6cd3e50789007ffca834b477b74a2144564522e944eabff61?s=96&d=mm&r=g","url":"https:\/\/secure.gravatar.com\/avatar\/ac5001d2a36cb6c6cd3e50789007ffca834b477b74a2144564522e944eabff61?s=96&d=mm&r=g","contentUrl":"https:\/\/secure.gravatar.com\/avatar\/ac5001d2a36cb6c6cd3e50789007ffca834b477b74a2144564522e944eabff61?s=96&d=mm&r=g","caption":"thomas.berner"},"url":"https:\/\/www.organisator.ch\/de\/author\/thomas-berner\/"}]}},"_links":{"self":[{"href":"https:\/\/www.organisator.ch\/de\/wp-json\/wp\/v2\/posts\/1965","targetHints":{"allow":["GET"]}}],"collection":[{"href":"https:\/\/www.organisator.ch\/de\/wp-json\/wp\/v2\/posts"}],"about":[{"href":"https:\/\/www.organisator.ch\/de\/wp-json\/wp\/v2\/types\/post"}],"author":[{"embeddable":true,"href":"https:\/\/www.organisator.ch\/de\/wp-json\/wp\/v2\/users\/4"}],"replies":[{"embeddable":true,"href":"https:\/\/www.organisator.ch\/de\/wp-json\/wp\/v2\/comments?post=1965"}],"version-history":[{"count":0,"href":"https:\/\/www.organisator.ch\/de\/wp-json\/wp\/v2\/posts\/1965\/revisions"}],"wp:featuredmedia":[{"embeddable":true,"href":"https:\/\/www.organisator.ch\/de\/wp-json\/wp\/v2\/media\/1966"}],"wp:attachment":[{"href":"https:\/\/www.organisator.ch\/de\/wp-json\/wp\/v2\/media?parent=1965"}],"wp:term":[{"taxonomy":"category","embeddable":true,"href":"https:\/\/www.organisator.ch\/de\/wp-json\/wp\/v2\/categories?post=1965"},{"taxonomy":"post_tag","embeddable":true,"href":"https:\/\/www.organisator.ch\/de\/wp-json\/wp\/v2\/tags?post=1965"}],"curies":[{"name":"wp","href":"https:\/\/api.w.org\/{rel}","templated":true}]}}