{"id":19658,"date":"2023-04-11T20:11:45","date_gmt":"2023-04-11T18:11:45","guid":{"rendered":"https:\/\/www.organisator.ch\/de\/?p=19658"},"modified":"2023-04-11T10:19:04","modified_gmt":"2023-04-11T08:19:04","slug":"mitarbeiterzufriedenheit-geht-durch-den-magen","status":"publish","type":"post","link":"https:\/\/www.organisator.ch\/de\/human-resources\/2023-04-11\/mitarbeiterzufriedenheit-geht-durch-den-magen\/","title":{"rendered":"Mitarbeiterzufriedenheit geht durch den Magen!"},"content":{"rendered":"<p><img loading=\"lazy\" decoding=\"async\" class=\"alignnone size-medium wp-image-19655\" src=\"https:\/\/www.organisator.ch\/wp-content\/uploads\/2023\/04\/222A0436_organisator_36953-680x408.jpg\" alt=\"\" width=\"680\" height=\"408\" srcset=\"https:\/\/www.organisator.ch\/wp-content\/uploads\/2023\/04\/222A0436_organisator_36953-680x408.jpg 680w, https:\/\/www.organisator.ch\/wp-content\/uploads\/2023\/04\/222A0436_organisator_36953-1024x614.jpg 1024w, https:\/\/www.organisator.ch\/wp-content\/uploads\/2023\/04\/222A0436_organisator_36953-768x460.jpg 768w, https:\/\/www.organisator.ch\/wp-content\/uploads\/2023\/04\/222A0436_organisator_36953-1536x921.jpg 1536w, https:\/\/www.organisator.ch\/wp-content\/uploads\/2023\/04\/222A0436_organisator_36953-2048x1228.jpg 2048w, https:\/\/www.organisator.ch\/wp-content\/uploads\/2023\/04\/222A0436_organisator_36953-18x12.jpg 18w, https:\/\/www.organisator.ch\/wp-content\/uploads\/2023\/04\/222A0436_organisator_36953-375x225.jpg 375w, https:\/\/www.organisator.ch\/wp-content\/uploads\/2023\/04\/222A0436_organisator_36953-584x350.jpg 584w, https:\/\/www.organisator.ch\/wp-content\/uploads\/2023\/04\/222A0436_organisator_36953-1000x599.jpg 1000w, https:\/\/www.organisator.ch\/wp-content\/uploads\/2023\/04\/222A0436_organisator_36953-scaled.jpg 1400w\" sizes=\"auto, (max-width: 680px) 100vw, 680px\" \/><\/p>\n<p>\u00abEin Unternehmen ist nur so gut wie seine Mitarbeiter\u00bb besagt ein Sprichwort. Darum setzen Arbeitgeber nicht nur alles daran, die besten Fachleute einzustellen, sondern beinahe noch mehr, um sie bei der Stange und bei Laune zu halten. \u00abTalent Retention\u00bb ist Trumpf. Denn bei einer hohen Fluktuationsrate in der Belegschaft geht nicht nur konstant wertvolles Know-how verloren. Rekrutierung, Probezeiten und Einarbeitungsphasen kosten zudem viel Zeit und Geld.<\/p>\n<p>Von McKinsey bis Forbes raten Unternehmensberater und Medien daher zu Strategien, die Zufriedenheit, Gl\u00fcck und Loyalit\u00e4t der Belegschaft zum Unternehmen erh\u00f6hen. Und immer mehr fungieren neben harten Faktoren wie Gehalt, Aufstiegschancen oder Weiterbildung auch menschliche Werte auf der Liste der \u00abEmployee Value Propositions\u00bb. Angestellte erwarten von Arbeitgebern heute entgegenkommende Leistungen, die gehobeneren Anspr\u00fcchen an Lebensqualit\u00e4t, Work-Life-Balance, Unternehmenskultur und Komfort am Arbeitsplatz gerecht werden.<\/p>\n<p><img loading=\"lazy\" decoding=\"async\" class=\"alignnone size-medium wp-image-19656\" src=\"https:\/\/www.organisator.ch\/wp-content\/uploads\/2023\/04\/222A0062_organisator_36951-680x854.jpg\" alt=\"\" width=\"680\" height=\"854\" srcset=\"https:\/\/www.organisator.ch\/wp-content\/uploads\/2023\/04\/222A0062_organisator_36951-680x854.jpg 680w, https:\/\/www.organisator.ch\/wp-content\/uploads\/2023\/04\/222A0062_organisator_36951-815x1024.jpg 815w, https:\/\/www.organisator.ch\/wp-content\/uploads\/2023\/04\/222A0062_organisator_36951-768x965.jpg 768w, https:\/\/www.organisator.ch\/wp-content\/uploads\/2023\/04\/222A0062_organisator_36951-1222x1536.jpg 1222w, https:\/\/www.organisator.ch\/wp-content\/uploads\/2023\/04\/222A0062_organisator_36951-10x12.jpg 10w, https:\/\/www.organisator.ch\/wp-content\/uploads\/2023\/04\/222A0062_organisator_36951-239x300.jpg 239w, https:\/\/www.organisator.ch\/wp-content\/uploads\/2023\/04\/222A0062_organisator_36951-279x350.jpg 279w, https:\/\/www.organisator.ch\/wp-content\/uploads\/2023\/04\/222A0062_organisator_36951-637x800.jpg 637w, https:\/\/www.organisator.ch\/wp-content\/uploads\/2023\/04\/222A0062_organisator_36951-scaled.jpg 1114w\" sizes=\"auto, (max-width: 680px) 100vw, 680px\" \/><\/p>\n<p>Ein Bereich, in dem sich Arbeitgeber aus der Sicht der Belegschaft nachhaltig differenzieren k\u00f6nnen, ist die Verpflegung. Wer H\u00f6chstleistungen im Job bringen soll, hat Anspruch auf leckeres, hochwertiges Essen. Mitarbeiterzufriedenheit geht durch den Magen.<\/p>\n<p>Der Smartfridge gustav, eine autonome Verpflegungsstation der SV Group, liefert genau das \u2013 und mehr: Die Liste an \u00abEmployee Value Propositions\u00bb reicht \u00fcber das rein Kulinarische hinaus. So k\u00f6nnen innovative Unternehmen dank gustav bei ihren Mitarbeitern punkten:<\/p>\n<ul>\n<li><strong>Kulinarischer Genuss f\u00fcr mehr Lebensqualit\u00e4t<\/strong><br \/>\nZwei Mensagerichte, das immer gleiche Lunch-Catering, Fast Food als einziger Lichtblick in der Essensw\u00fcste? gustav r\u00e4umt damit auf: Auf seinem Men\u00fc stehen rund 300 verschiedene, von der SV Group selbst und frisch zubereitete Gerichte.<\/li>\n<li><strong>Gut verpflegt in jedem Arbeitsmodell<\/strong><br \/>\nFlexible Arbeitszeiten, Homeoffice, Teilzeit \u2013 zeitgen\u00f6ssische Arbeitsmodelle sind divers und variabel. Das macht die station\u00e4re Verpflegung am Arbeitsplatz zur logistischen Herausforderung. Mit intelligenter, automatischer Best\u00fcckung seitens der SV Group und pausenlosem Einsatz bew\u00e4ltigt gustav diese spielend.<\/li>\n<li><strong>Flexibilit\u00e4t r\u00fcckt die Work-Life-Balance ins Lot<\/strong><br \/>\ngustavs flexibler 24\/7-Betrieb erlaubt Angestellten, sich zu verpflegen, wann und wo es ihnen beliebt \u2013 auch w\u00e4hrend Sp\u00e4tschichten oder im Stress. Das steigert Produktivit\u00e4t und Effizienz und spart Mitarbeitenden kostbare Zeit, die sie im Feierabend und in der Freizeit gewinnbringender einsetzen k\u00f6nnen.<\/li>\n<li><strong>Nachhaltig, divers und sozial<\/strong><br \/>\nDas reichhaltige Men\u00fc von gustav hat vegane, vegetarische sowie internationale Optionen. Zudem setzen Propan-K\u00fchlung, rezyklierte, sp\u00e4rlich eingesetzte Verpackungen und quasi Zero-Foodwaste Massst\u00e4be bei der Nachhaltigkeit. Gerade multikulturelle, internationale und umweltbewusste Belegschaften wissen dies zu sch\u00e4tzen!<\/li>\n<li><strong>Vorteil Preispunkt<\/strong><br \/>\nDas gustav Verpflegungsangebot wird gemietet, Angestellte zahlen nur ihre individuelle Konsumation. Zur monatlichen Mietpauschale k\u00f6nnen Unternehmen die Speisen zus\u00e4tzlich subventionieren. Mitarbeitende kommen so in den Genuss gastronomischer Qualit\u00e4t und Vielfalt, die gustav Mitbewerber und den Detailhandel \u00fcbertrifft. Nur beim Preis k\u00f6nnen Letztere mithalten \u2013 gustav ist ein guter Deal.<\/li>\n<\/ul>\n<p>Unter dem Strich spart eine Firma, die ihre Belegschaft von gustav verk\u00f6stigen l\u00e4sst, Ressourcen und Aufwand f\u00fcr das Gastronomieerlebnis. Einkauf, Zubereitung, Best\u00fcckung, Wartung und Verrechnung \u00fcbernehmen gustav und die SV Group. Im Gegenzug erfreuen sich Mitarbeiter schmackhafter Speisen, Flexibilit\u00e4t, Spontaneit\u00e4t und h\u00f6herer Lebensqualit\u00e4t am Arbeitsplatz. Damit leistet der Smartfridge einen kleinen, aber feinen Beitrag an Jobzufriedenheit und Loyalit\u00e4t mit Arbeitgebern, denen das Wohlbefinden ihrer Teams am Herzen liegt.<\/p>\n<p><img loading=\"lazy\" decoding=\"async\" class=\"alignnone size-medium wp-image-19657\" src=\"https:\/\/www.organisator.ch\/wp-content\/uploads\/2023\/04\/222A0973_organisator_37286-680x507.jpg\" alt=\"\" width=\"680\" height=\"507\" srcset=\"https:\/\/www.organisator.ch\/wp-content\/uploads\/2023\/04\/222A0973_organisator_37286-680x507.jpg 680w, https:\/\/www.organisator.ch\/wp-content\/uploads\/2023\/04\/222A0973_organisator_37286-768x572.jpg 768w, https:\/\/www.organisator.ch\/wp-content\/uploads\/2023\/04\/222A0973_organisator_37286-16x12.jpg 16w, https:\/\/www.organisator.ch\/wp-content\/uploads\/2023\/04\/222A0973_organisator_37286-375x280.jpg 375w, https:\/\/www.organisator.ch\/wp-content\/uploads\/2023\/04\/222A0973_organisator_37286-470x350.jpg 470w, https:\/\/www.organisator.ch\/wp-content\/uploads\/2023\/04\/222A0973_organisator_37286.jpg 809w\" sizes=\"auto, (max-width: 680px) 100vw, 680px\" \/><\/p>\n<p>Interesse geweckt? Das gustav Team bietet kostenlose Testessen f\u00fcr Arbeitgeber an: <a href=\"https:\/\/sv-group.me\/gustav-organisator\">https:\/\/sv-group.me\/gustav-organisator<\/a><\/p>\n<p>&nbsp;<\/p>\n","protected":false},"excerpt":{"rendered":"<p>PUBLIREPORTAGE  Wie der Smartfridge gustav vorausschauenden Arbeitgebern bei der &#xAB;Talent Retention&#xBB; hilft. <\/p>\n","protected":false},"author":1,"featured_media":19655,"comment_status":"closed","ping_status":"closed","sticky":false,"template":"","format":"standard","meta":{"_acf_changed":false,"_yoast_wpseo_focuskw":"Mitarbeiterzufriedenheit","_yoast_wpseo_metadesc":"Mitarbeiterzufriedenheit: Wie der Smartfridge gustav vorausschauenden Arbeitgebern bei der \"Talent Retention\" hilft.","articlekey":"36959","footnotes":""},"categories":[579],"tags":[254,3539,2696],"class_list":["post-19658","post","type-post","status-publish","format-standard","has-post-thumbnail","hentry","category-human-resources","tag-hrm","tag-mitarbeiterverpflegung","tag-publireportage"],"acf":[],"yoast_head":"<!-- This site is optimized with the Yoast SEO plugin v27.5 - https:\/\/yoast.com\/product\/yoast-seo-wordpress\/ -->\n<title>Mitarbeiterzufriedenheit geht durch den Magen! - Organisator<\/title>\n<meta name=\"description\" content=\"Mitarbeiterzufriedenheit: Wie der Smartfridge gustav vorausschauenden Arbeitgebern bei der &quot;Talent Retention&quot; hilft.\" \/>\n<meta name=\"robots\" content=\"index, follow, max-snippet:-1, max-image-preview:large, max-video-preview:-1\" \/>\n<link rel=\"canonical\" href=\"https:\/\/www.organisator.ch\/de\/human-resources\/2023-04-11\/mitarbeiterzufriedenheit-geht-durch-den-magen\/\" \/>\n<meta property=\"og:locale\" content=\"de_DE\" \/>\n<meta property=\"og:type\" content=\"article\" \/>\n<meta property=\"og:title\" content=\"Mitarbeiterzufriedenheit geht durch den Magen! - Organisator\" \/>\n<meta property=\"og:description\" content=\"Mitarbeiterzufriedenheit: Wie der Smartfridge gustav vorausschauenden Arbeitgebern bei der &quot;Talent Retention&quot; hilft.\" \/>\n<meta property=\"og:url\" content=\"https:\/\/www.organisator.ch\/de\/human-resources\/2023-04-11\/mitarbeiterzufriedenheit-geht-durch-den-magen\/\" \/>\n<meta property=\"og:site_name\" content=\"Organisator\" \/>\n<meta property=\"article:publisher\" content=\"https:\/\/www.facebook.com\/OrganisatorFachmagazin\" \/>\n<meta property=\"article:published_time\" content=\"2023-04-11T18:11:45+00:00\" \/>\n<meta property=\"og:image\" content=\"https:\/\/www.organisator.ch\/wp-content\/uploads\/2023\/04\/222A0436_organisator_36953-scaled.jpg\" \/>\n\t<meta property=\"og:image:width\" content=\"1400\" \/>\n\t<meta property=\"og:image:height\" content=\"839\" \/>\n\t<meta property=\"og:image:type\" content=\"image\/jpeg\" \/>\n<meta name=\"author\" content=\"admin\" \/>\n<meta name=\"twitter:card\" content=\"summary_large_image\" \/>\n<script type=\"application\/ld+json\" class=\"yoast-schema-graph\">{\"@context\":\"https:\\\/\\\/schema.org\",\"@graph\":[{\"@type\":\"Article\",\"@id\":\"https:\\\/\\\/www.organisator.ch\\\/human-resources\\\/2023-04-11\\\/mitarbeiterzufriedenheit-geht-durch-den-magen\\\/#article\",\"isPartOf\":{\"@id\":\"https:\\\/\\\/www.organisator.ch\\\/human-resources\\\/2023-04-11\\\/mitarbeiterzufriedenheit-geht-durch-den-magen\\\/\"},\"author\":{\"name\":\"admin\",\"@id\":\"https:\\\/\\\/www.organisator.ch\\\/#\\\/schema\\\/person\\\/aa2bace6c5c5aad60102004a50c4eb1c\"},\"headline\":\"Mitarbeiterzufriedenheit geht durch den Magen!\",\"datePublished\":\"2023-04-11T18:11:45+00:00\",\"mainEntityOfPage\":{\"@id\":\"https:\\\/\\\/www.organisator.ch\\\/human-resources\\\/2023-04-11\\\/mitarbeiterzufriedenheit-geht-durch-den-magen\\\/\"},\"wordCount\":542,\"publisher\":{\"@id\":\"https:\\\/\\\/www.organisator.ch\\\/#organization\"},\"image\":{\"@id\":\"https:\\\/\\\/www.organisator.ch\\\/human-resources\\\/2023-04-11\\\/mitarbeiterzufriedenheit-geht-durch-den-magen\\\/#primaryimage\"},\"thumbnailUrl\":\"https:\\\/\\\/www.organisator.ch\\\/wp-content\\\/uploads\\\/2023\\\/04\\\/222A0436_organisator_36953-scaled.jpg\",\"keywords\":[\"HRM\",\"Mitarbeiterverpflegung\",\"Publireportage\"],\"articleSection\":[\"HUMAN RESOURCES\"],\"inLanguage\":\"de\"},{\"@type\":\"WebPage\",\"@id\":\"https:\\\/\\\/www.organisator.ch\\\/human-resources\\\/2023-04-11\\\/mitarbeiterzufriedenheit-geht-durch-den-magen\\\/\",\"url\":\"https:\\\/\\\/www.organisator.ch\\\/human-resources\\\/2023-04-11\\\/mitarbeiterzufriedenheit-geht-durch-den-magen\\\/\",\"name\":\"Mitarbeiterzufriedenheit geht durch den Magen! - Organisator\",\"isPartOf\":{\"@id\":\"https:\\\/\\\/www.organisator.ch\\\/#website\"},\"primaryImageOfPage\":{\"@id\":\"https:\\\/\\\/www.organisator.ch\\\/human-resources\\\/2023-04-11\\\/mitarbeiterzufriedenheit-geht-durch-den-magen\\\/#primaryimage\"},\"image\":{\"@id\":\"https:\\\/\\\/www.organisator.ch\\\/human-resources\\\/2023-04-11\\\/mitarbeiterzufriedenheit-geht-durch-den-magen\\\/#primaryimage\"},\"thumbnailUrl\":\"https:\\\/\\\/www.organisator.ch\\\/wp-content\\\/uploads\\\/2023\\\/04\\\/222A0436_organisator_36953-scaled.jpg\",\"datePublished\":\"2023-04-11T18:11:45+00:00\",\"description\":\"Mitarbeiterzufriedenheit: Wie der Smartfridge gustav vorausschauenden Arbeitgebern bei der \\\"Talent Retention\\\" hilft.\",\"breadcrumb\":{\"@id\":\"https:\\\/\\\/www.organisator.ch\\\/human-resources\\\/2023-04-11\\\/mitarbeiterzufriedenheit-geht-durch-den-magen\\\/#breadcrumb\"},\"inLanguage\":\"de\",\"potentialAction\":[{\"@type\":\"ReadAction\",\"target\":[\"https:\\\/\\\/www.organisator.ch\\\/human-resources\\\/2023-04-11\\\/mitarbeiterzufriedenheit-geht-durch-den-magen\\\/\"]}]},{\"@type\":\"ImageObject\",\"inLanguage\":\"de\",\"@id\":\"https:\\\/\\\/www.organisator.ch\\\/human-resources\\\/2023-04-11\\\/mitarbeiterzufriedenheit-geht-durch-den-magen\\\/#primaryimage\",\"url\":\"https:\\\/\\\/www.organisator.ch\\\/wp-content\\\/uploads\\\/2023\\\/04\\\/222A0436_organisator_36953-scaled.jpg\",\"contentUrl\":\"https:\\\/\\\/www.organisator.ch\\\/wp-content\\\/uploads\\\/2023\\\/04\\\/222A0436_organisator_36953-scaled.jpg\",\"width\":1400,\"height\":839},{\"@type\":\"BreadcrumbList\",\"@id\":\"https:\\\/\\\/www.organisator.ch\\\/human-resources\\\/2023-04-11\\\/mitarbeiterzufriedenheit-geht-durch-den-magen\\\/#breadcrumb\",\"itemListElement\":[{\"@type\":\"ListItem\",\"position\":1,\"name\":\"Home\",\"item\":\"https:\\\/\\\/www.organisator.ch\\\/\"},{\"@type\":\"ListItem\",\"position\":2,\"name\":\"Mitarbeiterzufriedenheit geht durch den Magen!\"}]},{\"@type\":\"WebSite\",\"@id\":\"https:\\\/\\\/www.organisator.ch\\\/#website\",\"url\":\"https:\\\/\\\/www.organisator.ch\\\/\",\"name\":\"Organisator\",\"description\":\"Kompetent. Praxisnah. Der ORGANISATOR bereitet in 10 Ausgaben pro Jahr die wesentlichen Themen f\u00fcr F\u00fchrungskr\u00e4fte von KMU auf.\",\"publisher\":{\"@id\":\"https:\\\/\\\/www.organisator.ch\\\/#organization\"},\"potentialAction\":[{\"@type\":\"SearchAction\",\"target\":{\"@type\":\"EntryPoint\",\"urlTemplate\":\"https:\\\/\\\/www.organisator.ch\\\/?s={search_term_string}\"},\"query-input\":{\"@type\":\"PropertyValueSpecification\",\"valueRequired\":true,\"valueName\":\"search_term_string\"}}],\"inLanguage\":\"de\"},{\"@type\":\"Organization\",\"@id\":\"https:\\\/\\\/www.organisator.ch\\\/#organization\",\"name\":\"Organisator\",\"url\":\"https:\\\/\\\/www.organisator.ch\\\/\",\"logo\":{\"@type\":\"ImageObject\",\"inLanguage\":\"de\",\"@id\":\"https:\\\/\\\/www.organisator.ch\\\/#\\\/schema\\\/logo\\\/image\\\/\",\"url\":\"https:\\\/\\\/www.organisator.ch\\\/wp-content\\\/uploads\\\/2022\\\/01\\\/Logo_Organisator_Website.png\",\"contentUrl\":\"https:\\\/\\\/www.organisator.ch\\\/wp-content\\\/uploads\\\/2022\\\/01\\\/Logo_Organisator_Website.png\",\"width\":800,\"height\":77,\"caption\":\"Organisator\"},\"image\":{\"@id\":\"https:\\\/\\\/www.organisator.ch\\\/#\\\/schema\\\/logo\\\/image\\\/\"},\"sameAs\":[\"https:\\\/\\\/www.facebook.com\\\/OrganisatorFachmagazin\",\"https:\\\/\\\/www.linkedin.com\\\/showcase\\\/organisator-das-magazin-fr-kmu\",\"https:\\\/\\\/www.xing.com\\\/news\\\/pages\\\/organisator-ch-695\",\"https:\\\/\\\/www.youtube.com\\\/channel\\\/UCGP2Sq0iWaZwT3BdIAQFYpw\"]},{\"@type\":\"Person\",\"@id\":\"https:\\\/\\\/www.organisator.ch\\\/#\\\/schema\\\/person\\\/aa2bace6c5c5aad60102004a50c4eb1c\",\"name\":\"admin\",\"image\":{\"@type\":\"ImageObject\",\"inLanguage\":\"de\",\"@id\":\"https:\\\/\\\/secure.gravatar.com\\\/avatar\\\/ae2f4d718e6c49043e314ce431e7e645d646302a24a5ef5a8bc8e3f5a032e319?s=96&d=mm&r=g\",\"url\":\"https:\\\/\\\/secure.gravatar.com\\\/avatar\\\/ae2f4d718e6c49043e314ce431e7e645d646302a24a5ef5a8bc8e3f5a032e319?s=96&d=mm&r=g\",\"contentUrl\":\"https:\\\/\\\/secure.gravatar.com\\\/avatar\\\/ae2f4d718e6c49043e314ce431e7e645d646302a24a5ef5a8bc8e3f5a032e319?s=96&d=mm&r=g\",\"caption\":\"admin\"},\"sameAs\":[\"https:\\\/\\\/www.organisator.ch\"],\"url\":\"https:\\\/\\\/www.organisator.ch\\\/de\\\/author\\\/admin\\\/\"}]}<\/script>\n<!-- \/ Yoast SEO plugin. -->","yoast_head_json":{"title":"Mitarbeiterzufriedenheit geht durch den Magen! - Organisator","description":"Mitarbeiterzufriedenheit: Wie der Smartfridge gustav vorausschauenden Arbeitgebern bei der \"Talent Retention\" hilft.","robots":{"index":"index","follow":"follow","max-snippet":"max-snippet:-1","max-image-preview":"max-image-preview:large","max-video-preview":"max-video-preview:-1"},"canonical":"https:\/\/www.organisator.ch\/de\/human-resources\/2023-04-11\/mitarbeiterzufriedenheit-geht-durch-den-magen\/","og_locale":"de_DE","og_type":"article","og_title":"Mitarbeiterzufriedenheit geht durch den Magen! - Organisator","og_description":"Mitarbeiterzufriedenheit: Wie der Smartfridge gustav vorausschauenden Arbeitgebern bei der \"Talent Retention\" hilft.","og_url":"https:\/\/www.organisator.ch\/de\/human-resources\/2023-04-11\/mitarbeiterzufriedenheit-geht-durch-den-magen\/","og_site_name":"Organisator","article_publisher":"https:\/\/www.facebook.com\/OrganisatorFachmagazin","article_published_time":"2023-04-11T18:11:45+00:00","og_image":[{"width":1400,"height":839,"url":"https:\/\/www.organisator.ch\/wp-content\/uploads\/2023\/04\/222A0436_organisator_36953-scaled.jpg","type":"image\/jpeg"}],"author":"admin","twitter_card":"summary_large_image","schema":{"@context":"https:\/\/schema.org","@graph":[{"@type":"Article","@id":"https:\/\/www.organisator.ch\/human-resources\/2023-04-11\/mitarbeiterzufriedenheit-geht-durch-den-magen\/#article","isPartOf":{"@id":"https:\/\/www.organisator.ch\/human-resources\/2023-04-11\/mitarbeiterzufriedenheit-geht-durch-den-magen\/"},"author":{"name":"admin","@id":"https:\/\/www.organisator.ch\/#\/schema\/person\/aa2bace6c5c5aad60102004a50c4eb1c"},"headline":"Mitarbeiterzufriedenheit geht durch den Magen!","datePublished":"2023-04-11T18:11:45+00:00","mainEntityOfPage":{"@id":"https:\/\/www.organisator.ch\/human-resources\/2023-04-11\/mitarbeiterzufriedenheit-geht-durch-den-magen\/"},"wordCount":542,"publisher":{"@id":"https:\/\/www.organisator.ch\/#organization"},"image":{"@id":"https:\/\/www.organisator.ch\/human-resources\/2023-04-11\/mitarbeiterzufriedenheit-geht-durch-den-magen\/#primaryimage"},"thumbnailUrl":"https:\/\/www.organisator.ch\/wp-content\/uploads\/2023\/04\/222A0436_organisator_36953-scaled.jpg","keywords":["HRM","Mitarbeiterverpflegung","Publireportage"],"articleSection":["HUMAN RESOURCES"],"inLanguage":"de"},{"@type":"WebPage","@id":"https:\/\/www.organisator.ch\/human-resources\/2023-04-11\/mitarbeiterzufriedenheit-geht-durch-den-magen\/","url":"https:\/\/www.organisator.ch\/human-resources\/2023-04-11\/mitarbeiterzufriedenheit-geht-durch-den-magen\/","name":"Mitarbeiterzufriedenheit geht durch den Magen! - Organisator","isPartOf":{"@id":"https:\/\/www.organisator.ch\/#website"},"primaryImageOfPage":{"@id":"https:\/\/www.organisator.ch\/human-resources\/2023-04-11\/mitarbeiterzufriedenheit-geht-durch-den-magen\/#primaryimage"},"image":{"@id":"https:\/\/www.organisator.ch\/human-resources\/2023-04-11\/mitarbeiterzufriedenheit-geht-durch-den-magen\/#primaryimage"},"thumbnailUrl":"https:\/\/www.organisator.ch\/wp-content\/uploads\/2023\/04\/222A0436_organisator_36953-scaled.jpg","datePublished":"2023-04-11T18:11:45+00:00","description":"Mitarbeiterzufriedenheit: Wie der Smartfridge gustav vorausschauenden Arbeitgebern bei der \"Talent Retention\" hilft.","breadcrumb":{"@id":"https:\/\/www.organisator.ch\/human-resources\/2023-04-11\/mitarbeiterzufriedenheit-geht-durch-den-magen\/#breadcrumb"},"inLanguage":"de","potentialAction":[{"@type":"ReadAction","target":["https:\/\/www.organisator.ch\/human-resources\/2023-04-11\/mitarbeiterzufriedenheit-geht-durch-den-magen\/"]}]},{"@type":"ImageObject","inLanguage":"de","@id":"https:\/\/www.organisator.ch\/human-resources\/2023-04-11\/mitarbeiterzufriedenheit-geht-durch-den-magen\/#primaryimage","url":"https:\/\/www.organisator.ch\/wp-content\/uploads\/2023\/04\/222A0436_organisator_36953-scaled.jpg","contentUrl":"https:\/\/www.organisator.ch\/wp-content\/uploads\/2023\/04\/222A0436_organisator_36953-scaled.jpg","width":1400,"height":839},{"@type":"BreadcrumbList","@id":"https:\/\/www.organisator.ch\/human-resources\/2023-04-11\/mitarbeiterzufriedenheit-geht-durch-den-magen\/#breadcrumb","itemListElement":[{"@type":"ListItem","position":1,"name":"Home","item":"https:\/\/www.organisator.ch\/"},{"@type":"ListItem","position":2,"name":"Mitarbeiterzufriedenheit geht durch den Magen!"}]},{"@type":"WebSite","@id":"https:\/\/www.organisator.ch\/#website","url":"https:\/\/www.organisator.ch\/","name":"Organisator","description":"Kompetent. Praxisnah. Der ORGANISATOR bereitet in 10 Ausgaben pro Jahr die wesentlichen Themen f\u00fcr F\u00fchrungskr\u00e4fte von KMU auf.","publisher":{"@id":"https:\/\/www.organisator.ch\/#organization"},"potentialAction":[{"@type":"SearchAction","target":{"@type":"EntryPoint","urlTemplate":"https:\/\/www.organisator.ch\/?s={search_term_string}"},"query-input":{"@type":"PropertyValueSpecification","valueRequired":true,"valueName":"search_term_string"}}],"inLanguage":"de"},{"@type":"Organization","@id":"https:\/\/www.organisator.ch\/#organization","name":"Organisator","url":"https:\/\/www.organisator.ch\/","logo":{"@type":"ImageObject","inLanguage":"de","@id":"https:\/\/www.organisator.ch\/#\/schema\/logo\/image\/","url":"https:\/\/www.organisator.ch\/wp-content\/uploads\/2022\/01\/Logo_Organisator_Website.png","contentUrl":"https:\/\/www.organisator.ch\/wp-content\/uploads\/2022\/01\/Logo_Organisator_Website.png","width":800,"height":77,"caption":"Organisator"},"image":{"@id":"https:\/\/www.organisator.ch\/#\/schema\/logo\/image\/"},"sameAs":["https:\/\/www.facebook.com\/OrganisatorFachmagazin","https:\/\/www.linkedin.com\/showcase\/organisator-das-magazin-fr-kmu","https:\/\/www.xing.com\/news\/pages\/organisator-ch-695","https:\/\/www.youtube.com\/channel\/UCGP2Sq0iWaZwT3BdIAQFYpw"]},{"@type":"Person","@id":"https:\/\/www.organisator.ch\/#\/schema\/person\/aa2bace6c5c5aad60102004a50c4eb1c","name":"admin","image":{"@type":"ImageObject","inLanguage":"de","@id":"https:\/\/secure.gravatar.com\/avatar\/ae2f4d718e6c49043e314ce431e7e645d646302a24a5ef5a8bc8e3f5a032e319?s=96&d=mm&r=g","url":"https:\/\/secure.gravatar.com\/avatar\/ae2f4d718e6c49043e314ce431e7e645d646302a24a5ef5a8bc8e3f5a032e319?s=96&d=mm&r=g","contentUrl":"https:\/\/secure.gravatar.com\/avatar\/ae2f4d718e6c49043e314ce431e7e645d646302a24a5ef5a8bc8e3f5a032e319?s=96&d=mm&r=g","caption":"admin"},"sameAs":["https:\/\/www.organisator.ch"],"url":"https:\/\/www.organisator.ch\/de\/author\/admin\/"}]}},"_links":{"self":[{"href":"https:\/\/www.organisator.ch\/de\/wp-json\/wp\/v2\/posts\/19658","targetHints":{"allow":["GET"]}}],"collection":[{"href":"https:\/\/www.organisator.ch\/de\/wp-json\/wp\/v2\/posts"}],"about":[{"href":"https:\/\/www.organisator.ch\/de\/wp-json\/wp\/v2\/types\/post"}],"author":[{"embeddable":true,"href":"https:\/\/www.organisator.ch\/de\/wp-json\/wp\/v2\/users\/1"}],"replies":[{"embeddable":true,"href":"https:\/\/www.organisator.ch\/de\/wp-json\/wp\/v2\/comments?post=19658"}],"version-history":[{"count":2,"href":"https:\/\/www.organisator.ch\/de\/wp-json\/wp\/v2\/posts\/19658\/revisions"}],"predecessor-version":[{"id":19739,"href":"https:\/\/www.organisator.ch\/de\/wp-json\/wp\/v2\/posts\/19658\/revisions\/19739"}],"wp:featuredmedia":[{"embeddable":true,"href":"https:\/\/www.organisator.ch\/de\/wp-json\/wp\/v2\/media\/19655"}],"wp:attachment":[{"href":"https:\/\/www.organisator.ch\/de\/wp-json\/wp\/v2\/media?parent=19658"}],"wp:term":[{"taxonomy":"category","embeddable":true,"href":"https:\/\/www.organisator.ch\/de\/wp-json\/wp\/v2\/categories?post=19658"},{"taxonomy":"post_tag","embeddable":true,"href":"https:\/\/www.organisator.ch\/de\/wp-json\/wp\/v2\/tags?post=19658"}],"curies":[{"name":"wp","href":"https:\/\/api.w.org\/{rel}","templated":true}]}}