{"id":1968,"date":"2017-05-31T13:33:29","date_gmt":"2017-05-31T11:33:29","guid":{"rendered":"https:\/\/www.organisator.ch\/?p=1968"},"modified":"2017-05-31T13:33:29","modified_gmt":"2017-05-31T11:33:29","slug":"fernao-networks-und-bestehendes-management-erwerben-vonroll-itec","status":"publish","type":"post","link":"https:\/\/www.organisator.ch\/de\/management\/it\/2017-05-31\/fernao-networks-und-bestehendes-management-erwerben-vonroll-itec\/","title":{"rendered":"Fernao Networks und bestehendes Management erwerben vonRoll itec"},"content":{"rendered":"<figure id=\"attachment_1969\" aria-describedby=\"caption-attachment-1969\" style=\"width: 480px\" class=\"wp-caption alignnone\"><img loading=\"lazy\" decoding=\"async\" class=\"size-full wp-image-1969\" src=\"https:\/\/www.organisator.ch\/wp-content\/uploads\/2017\/05\/Fernao-Networks-und-bestehendes-Management-erwerben-vonRoll-itec_Organisator.jpg\" alt=\"\" width=\"480\" height=\"480\" srcset=\"https:\/\/www.organisator.ch\/wp-content\/uploads\/2017\/05\/Fernao-Networks-und-bestehendes-Management-erwerben-vonRoll-itec_Organisator.jpg 480w, https:\/\/www.organisator.ch\/wp-content\/uploads\/2017\/05\/Fernao-Networks-und-bestehendes-Management-erwerben-vonRoll-itec_Organisator-150x150.jpg 150w, https:\/\/www.organisator.ch\/wp-content\/uploads\/2017\/05\/Fernao-Networks-und-bestehendes-Management-erwerben-vonRoll-itec_Organisator-12x12.jpg 12w, https:\/\/www.organisator.ch\/wp-content\/uploads\/2017\/05\/Fernao-Networks-und-bestehendes-Management-erwerben-vonRoll-itec_Organisator-175x175.jpg 175w, https:\/\/www.organisator.ch\/wp-content\/uploads\/2017\/05\/Fernao-Networks-und-bestehendes-Management-erwerben-vonRoll-itec_Organisator-350x350.jpg 350w, https:\/\/www.organisator.ch\/wp-content\/uploads\/2017\/05\/Fernao-Networks-und-bestehendes-Management-erwerben-vonRoll-itec_Organisator-250x250.jpg 250w, https:\/\/www.organisator.ch\/wp-content\/uploads\/2017\/05\/Fernao-Networks-und-bestehendes-Management-erwerben-vonRoll-itec_Organisator-300x300.jpg 300w, https:\/\/www.organisator.ch\/wp-content\/uploads\/2017\/05\/Fernao-Networks-und-bestehendes-Management-erwerben-vonRoll-itec_Organisator-100x100.jpg 100w\" sizes=\"auto, (max-width: 480px) 100vw, 480px\" \/><figcaption id=\"caption-attachment-1969\" class=\"wp-caption-text\">IT-Outsourcing und Cloud-Dienstleistungen sind Kerngesch\u00e4fte von vonRoll itec und Fernao Networks. (Bild: Fotolia.com)<\/figcaption><\/figure>\n<p>Die auf IT-Outsourcing und Cloud spezialisierte vonRoll itec geht mit neuen Eigent\u00fcmern in die Zukunft und schliesst sich als weiterhin eigenst\u00e4ndiges Unternehmen den IT-Security- und Netzwerkspezialisten Fernao Networks an. Die langj\u00e4hrige Gesch\u00e4ftsleitung um CEO Martin Vogt und COO Vanja Rohr beteiligt sich signifikant am Unternehmen und wird es auch fortan operativ leiten. Dass f\u00fcr Kontinuit\u00e4t gesorgt ist, zeigt weiter die Zusammensetzung des neuen Verwaltungsrats: Die beiden nehmen Einsitz in den Verwaltungsrat, dem Vogt als Pr\u00e4sident vorsteht. \u201eWir sind dankbar, dass wir uns unter dem Dach der vonRoll infratec Gruppe so gut entwickeln konnten und sehen in der Partnerschaft mit Fernao Networks f\u00fcr beide Seiten einen grossen Mehrwert \u2014 und zwar nicht nur f\u00fcr uns als Unternehmen, sondern auch f\u00fcr unsere Kunden\u201c, ist Vogt \u00fcberzeugt. Die bisherige Unternehmensstrategie mit Fokus auf hybride Cloud-Betriebskonzepte, SAP Hana, Digitalisierung sowie Auslandstrategie und alle bestehenden Strukturen und Organisationen werden konsequent weitergef\u00fchrt. Die Rechenzentren an den Standorten Gerlafingen und Solothurn bleiben erhalten. \u201eNeu k\u00f6nnen wir unseren Kunden Know-how und Ressourcen in den Bereichen IT-Netzwerk und IT-Security anbieten. So k\u00f6nnen wir unseren Wachstumskurs weiterhin beschreiten und das Unternehmen positiv entwickeln\u201c, sagt Vogt.<\/p>\n<p><strong>Einstieg in den Schweizer Markt<\/strong><\/p>\n<p>F\u00fcr die Kunden von Fernao Networks ergeben sich dank dem Zugang von vonRoll itec zur Gruppe zus\u00e4tzliche Kompetenzen im Bereich PaaS (Platform as a Service). Hendrik Sauer, Gesch\u00e4ftsf\u00fchrer bei Fernao Networks: \u201eWir sind gl\u00fccklich, dass wir mit vonRoll itec einen erfahrenen und renommierten Spezialisten f\u00fcr L\u00f6sungen in den Bereichen Microsoft Azure und SAP Hana f\u00fcr die Fernao-Gruppe gewinnen konnten.\u201c Dies bedeute f\u00fcr Fernao Networks den Einstieg in den Schweizer Markt. \u201eWir freuen uns auf die k\u00fcnftige Zusammenarbeit mit der Gesch\u00e4ftsleitung der vonRoll itec und sind \u00fcberzeugt, die Gruppe gemeinsam weiter zu bringen\u201c, so Sauer.<\/p>\n<p><strong>Unternehmensgruppen mit Erfahrung<\/strong><\/p>\n<p>Fernao Networks ist eine Unternehmensgruppe, die das Know-how mehrerer erfolgreicher IT-Unternehmen in den Bereichen IP-Networks, IT-Security, IT-Infrastruktur sowie Carrier-Solutions vereint. Mit \u00fcber 180 Mitarbeitenden an acht Standorten in Deutschland bietet das Unternehmen Dienstleistungen wie Consulting, Implementation und Managed Services aus einer Hand. Die vonRoll itec wiederum\u00a0wurde 2002 aus der IT-Abteilung der Von Roll Management AG gegr\u00fcndet und besch\u00e4ftigt heute \u00fcber 50 ICT-Spezialisten. Mit Standorten in Gerlafingen und Z\u00fcrich sowie zwei hochverf\u00fcgbaren Rechenzentren hat sich vonRoll itec als verl\u00e4sslicher ICT-Partner f\u00fcr mittlere bis gr\u00f6ssere, auch international t\u00e4tige KMU mit zahlreichen Referenzen etabliert.<\/p>\n<p><em>Weitere Informationen: <a href=\"http:\/\/www.vonroll-itec.ch\/\">www.vonroll-itec.ch<\/a>, <a href=\"http:\/\/www.fernao.de\/\">www.fernao.de<\/a><\/em><\/p>\n","protected":false},"excerpt":{"rendered":"<p>Die auf IT-Outsourcing und Cloud spezialisierte vonRoll itec geht mit neuen Eigent\u00fcmern in die Zukunft und schliesst sich als weiterhin eigenst\u00e4ndiges Unternehmen den IT-Security- und Netzwerkspezialisten Fernao Networks an. Die langj\u00e4hrige Gesch\u00e4ftsleitung um CEO Martin Vogt und COO Vanja Rohr beteiligt sich signifikant am Unternehmen und wird es auch fortan operativ leiten. Dass f\u00fcr Kontinuit\u00e4t [&hellip;]<\/p>\n","protected":false},"author":4,"featured_media":1969,"comment_status":"open","ping_status":"open","sticky":false,"template":"","format":"standard","meta":{"_acf_changed":false,"_yoast_wpseo_focuskw":"vonRoll itec","_yoast_wpseo_metadesc":"Die vonRoll itec geht mit neuen Eigent\u00fcmern in die Zukunft und schliesst sich den IT-Security- und Netzwerkspezialisten Fernao Networks an.","articlekey":"","footnotes":""},"categories":[27],"tags":[123,286,288,492],"class_list":["post-1968","post","type-post","status-publish","format-standard","has-post-thumbnail","hentry","category-it","tag-cloud-computing","tag-it","tag-it-business-software","tag-unternehmen"],"acf":[],"yoast_head":"<!-- This site is optimized with the Yoast SEO plugin v27.5 - https:\/\/yoast.com\/product\/yoast-seo-wordpress\/ -->\n<title>Fernao Networks und bestehendes Management erwerben vonRoll itec - Organisator<\/title>\n<meta name=\"description\" content=\"Die vonRoll itec geht mit neuen Eigent\u00fcmern in die Zukunft und schliesst sich den IT-Security- und Netzwerkspezialisten Fernao Networks an.\" \/>\n<meta name=\"robots\" content=\"index, follow, max-snippet:-1, max-image-preview:large, max-video-preview:-1\" \/>\n<link rel=\"canonical\" href=\"https:\/\/www.organisator.ch\/de\/management\/it\/2017-05-31\/fernao-networks-und-bestehendes-management-erwerben-vonroll-itec\/\" \/>\n<meta property=\"og:locale\" content=\"de_DE\" \/>\n<meta property=\"og:type\" content=\"article\" \/>\n<meta property=\"og:title\" content=\"Fernao Networks und bestehendes Management erwerben vonRoll itec\" \/>\n<meta property=\"og:description\" content=\"Die auf #IT-Outsourcing und #Cloud spezialisierte #vonRoll itec geht mit neuen Eigent\u00fcmern in die Zukunft und schliesst sich als weiterhin eigenst\u00e4ndiges Unternehmen den IT-Security- und Netzwerkspezialisten #Fernao Networks an.\" \/>\n<meta property=\"og:url\" content=\"https:\/\/www.organisator.ch\/de\/management\/it\/2017-05-31\/fernao-networks-und-bestehendes-management-erwerben-vonroll-itec\/\" \/>\n<meta property=\"og:site_name\" content=\"Organisator\" \/>\n<meta property=\"article:publisher\" content=\"https:\/\/www.facebook.com\/OrganisatorFachmagazin\" \/>\n<meta property=\"article:published_time\" content=\"2017-05-31T11:33:29+00:00\" \/>\n<meta property=\"og:image\" content=\"https:\/\/www.organisator.ch\/wp-content\/uploads\/2017\/05\/Fernao-Networks-und-bestehendes-Management-erwerben-vonRoll-itec_Organisator.jpg\" \/>\n\t<meta property=\"og:image:width\" content=\"480\" \/>\n\t<meta property=\"og:image:height\" content=\"480\" \/>\n\t<meta property=\"og:image:type\" content=\"image\/jpeg\" \/>\n<meta name=\"author\" content=\"thomas.berner\" \/>\n<meta name=\"twitter:card\" content=\"summary_large_image\" \/>\n<meta name=\"twitter:title\" content=\"#Fernao Networks und bestehendes Management erwerben #vonRoll itec\" \/>\n<meta name=\"twitter:description\" content=\"Die auf #IT-Outsourcing und #Cloud spezialisierte #vonRoll itec geht mit neuen Eigent\u00fcmern in die Zukunft und schliesst sich als weiterhin eigenst\u00e4ndiges Unternehmen den IT-Security- und Netzwerkspezialisten #Fernao Networks an.\" \/>\n<meta name=\"twitter:image\" content=\"https:\/\/www.organisator.ch\/wp-content\/uploads\/2017\/05\/Fernao-Networks-und-bestehendes-Management-erwerben-vonRoll-itec_Organisator.jpg\" \/>\n<script type=\"application\/ld+json\" class=\"yoast-schema-graph\">{\"@context\":\"https:\\\/\\\/schema.org\",\"@graph\":[{\"@type\":\"Article\",\"@id\":\"https:\\\/\\\/www.organisator.ch\\\/management\\\/it\\\/2017-05-31\\\/fernao-networks-und-bestehendes-management-erwerben-vonroll-itec\\\/#article\",\"isPartOf\":{\"@id\":\"https:\\\/\\\/www.organisator.ch\\\/management\\\/it\\\/2017-05-31\\\/fernao-networks-und-bestehendes-management-erwerben-vonroll-itec\\\/\"},\"author\":{\"name\":\"thomas.berner\",\"@id\":\"https:\\\/\\\/www.organisator.ch\\\/#\\\/schema\\\/person\\\/6f650f90b2842cd4c0cc334b4e36f67e\"},\"headline\":\"Fernao Networks und bestehendes Management erwerben vonRoll itec\",\"datePublished\":\"2017-05-31T11:33:29+00:00\",\"mainEntityOfPage\":{\"@id\":\"https:\\\/\\\/www.organisator.ch\\\/management\\\/it\\\/2017-05-31\\\/fernao-networks-und-bestehendes-management-erwerben-vonroll-itec\\\/\"},\"wordCount\":445,\"commentCount\":0,\"publisher\":{\"@id\":\"https:\\\/\\\/www.organisator.ch\\\/#organization\"},\"image\":{\"@id\":\"https:\\\/\\\/www.organisator.ch\\\/management\\\/it\\\/2017-05-31\\\/fernao-networks-und-bestehendes-management-erwerben-vonroll-itec\\\/#primaryimage\"},\"thumbnailUrl\":\"https:\\\/\\\/www.organisator.ch\\\/wp-content\\\/uploads\\\/2017\\\/05\\\/Fernao-Networks-und-bestehendes-Management-erwerben-vonRoll-itec_Organisator.jpg\",\"keywords\":[\"Cloud Computing\",\"IT\",\"IT &amp; Business Software\",\"Unternehmen\"],\"articleSection\":[\"IT\"],\"inLanguage\":\"de\"},{\"@type\":\"WebPage\",\"@id\":\"https:\\\/\\\/www.organisator.ch\\\/management\\\/it\\\/2017-05-31\\\/fernao-networks-und-bestehendes-management-erwerben-vonroll-itec\\\/\",\"url\":\"https:\\\/\\\/www.organisator.ch\\\/management\\\/it\\\/2017-05-31\\\/fernao-networks-und-bestehendes-management-erwerben-vonroll-itec\\\/\",\"name\":\"Fernao Networks und bestehendes Management erwerben vonRoll itec - Organisator\",\"isPartOf\":{\"@id\":\"https:\\\/\\\/www.organisator.ch\\\/#website\"},\"primaryImageOfPage\":{\"@id\":\"https:\\\/\\\/www.organisator.ch\\\/management\\\/it\\\/2017-05-31\\\/fernao-networks-und-bestehendes-management-erwerben-vonroll-itec\\\/#primaryimage\"},\"image\":{\"@id\":\"https:\\\/\\\/www.organisator.ch\\\/management\\\/it\\\/2017-05-31\\\/fernao-networks-und-bestehendes-management-erwerben-vonroll-itec\\\/#primaryimage\"},\"thumbnailUrl\":\"https:\\\/\\\/www.organisator.ch\\\/wp-content\\\/uploads\\\/2017\\\/05\\\/Fernao-Networks-und-bestehendes-Management-erwerben-vonRoll-itec_Organisator.jpg\",\"datePublished\":\"2017-05-31T11:33:29+00:00\",\"description\":\"Die vonRoll itec geht mit neuen Eigent\u00fcmern in die Zukunft und schliesst sich den IT-Security- und Netzwerkspezialisten Fernao Networks an.\",\"breadcrumb\":{\"@id\":\"https:\\\/\\\/www.organisator.ch\\\/management\\\/it\\\/2017-05-31\\\/fernao-networks-und-bestehendes-management-erwerben-vonroll-itec\\\/#breadcrumb\"},\"inLanguage\":\"de\",\"potentialAction\":[{\"@type\":\"ReadAction\",\"target\":[\"https:\\\/\\\/www.organisator.ch\\\/management\\\/it\\\/2017-05-31\\\/fernao-networks-und-bestehendes-management-erwerben-vonroll-itec\\\/\"]}]},{\"@type\":\"ImageObject\",\"inLanguage\":\"de\",\"@id\":\"https:\\\/\\\/www.organisator.ch\\\/management\\\/it\\\/2017-05-31\\\/fernao-networks-und-bestehendes-management-erwerben-vonroll-itec\\\/#primaryimage\",\"url\":\"https:\\\/\\\/www.organisator.ch\\\/wp-content\\\/uploads\\\/2017\\\/05\\\/Fernao-Networks-und-bestehendes-Management-erwerben-vonRoll-itec_Organisator.jpg\",\"contentUrl\":\"https:\\\/\\\/www.organisator.ch\\\/wp-content\\\/uploads\\\/2017\\\/05\\\/Fernao-Networks-und-bestehendes-Management-erwerben-vonRoll-itec_Organisator.jpg\",\"width\":480,\"height\":480,\"caption\":\"IT-Outsourcing und Cloud-Dienstleistungen sind Kerngesch\u00e4fte von vonRoll itec und Fernao Networks. (Bild: Fotolia.com)\"},{\"@type\":\"BreadcrumbList\",\"@id\":\"https:\\\/\\\/www.organisator.ch\\\/management\\\/it\\\/2017-05-31\\\/fernao-networks-und-bestehendes-management-erwerben-vonroll-itec\\\/#breadcrumb\",\"itemListElement\":[{\"@type\":\"ListItem\",\"position\":1,\"name\":\"Home\",\"item\":\"https:\\\/\\\/www.organisator.ch\\\/\"},{\"@type\":\"ListItem\",\"position\":2,\"name\":\"Fernao Networks und bestehendes Management erwerben vonRoll itec\"}]},{\"@type\":\"WebSite\",\"@id\":\"https:\\\/\\\/www.organisator.ch\\\/#website\",\"url\":\"https:\\\/\\\/www.organisator.ch\\\/\",\"name\":\"Organisator\",\"description\":\"Kompetent. Praxisnah. Der ORGANISATOR bereitet in 10 Ausgaben pro Jahr die wesentlichen Themen f\u00fcr F\u00fchrungskr\u00e4fte von KMU auf.\",\"publisher\":{\"@id\":\"https:\\\/\\\/www.organisator.ch\\\/#organization\"},\"potentialAction\":[{\"@type\":\"SearchAction\",\"target\":{\"@type\":\"EntryPoint\",\"urlTemplate\":\"https:\\\/\\\/www.organisator.ch\\\/?s={search_term_string}\"},\"query-input\":{\"@type\":\"PropertyValueSpecification\",\"valueRequired\":true,\"valueName\":\"search_term_string\"}}],\"inLanguage\":\"de\"},{\"@type\":\"Organization\",\"@id\":\"https:\\\/\\\/www.organisator.ch\\\/#organization\",\"name\":\"Organisator\",\"url\":\"https:\\\/\\\/www.organisator.ch\\\/\",\"logo\":{\"@type\":\"ImageObject\",\"inLanguage\":\"de\",\"@id\":\"https:\\\/\\\/www.organisator.ch\\\/#\\\/schema\\\/logo\\\/image\\\/\",\"url\":\"https:\\\/\\\/www.organisator.ch\\\/wp-content\\\/uploads\\\/2022\\\/01\\\/Logo_Organisator_Website.png\",\"contentUrl\":\"https:\\\/\\\/www.organisator.ch\\\/wp-content\\\/uploads\\\/2022\\\/01\\\/Logo_Organisator_Website.png\",\"width\":800,\"height\":77,\"caption\":\"Organisator\"},\"image\":{\"@id\":\"https:\\\/\\\/www.organisator.ch\\\/#\\\/schema\\\/logo\\\/image\\\/\"},\"sameAs\":[\"https:\\\/\\\/www.facebook.com\\\/OrganisatorFachmagazin\",\"https:\\\/\\\/www.linkedin.com\\\/showcase\\\/organisator-das-magazin-fr-kmu\",\"https:\\\/\\\/www.xing.com\\\/news\\\/pages\\\/organisator-ch-695\",\"https:\\\/\\\/www.youtube.com\\\/channel\\\/UCGP2Sq0iWaZwT3BdIAQFYpw\"]},{\"@type\":\"Person\",\"@id\":\"https:\\\/\\\/www.organisator.ch\\\/#\\\/schema\\\/person\\\/6f650f90b2842cd4c0cc334b4e36f67e\",\"name\":\"thomas.berner\",\"image\":{\"@type\":\"ImageObject\",\"inLanguage\":\"de\",\"@id\":\"https:\\\/\\\/secure.gravatar.com\\\/avatar\\\/ac5001d2a36cb6c6cd3e50789007ffca834b477b74a2144564522e944eabff61?s=96&d=mm&r=g\",\"url\":\"https:\\\/\\\/secure.gravatar.com\\\/avatar\\\/ac5001d2a36cb6c6cd3e50789007ffca834b477b74a2144564522e944eabff61?s=96&d=mm&r=g\",\"contentUrl\":\"https:\\\/\\\/secure.gravatar.com\\\/avatar\\\/ac5001d2a36cb6c6cd3e50789007ffca834b477b74a2144564522e944eabff61?s=96&d=mm&r=g\",\"caption\":\"thomas.berner\"},\"url\":\"https:\\\/\\\/www.organisator.ch\\\/de\\\/author\\\/thomas-berner\\\/\"}]}<\/script>\n<!-- \/ Yoast SEO plugin. -->","yoast_head_json":{"title":"Fernao Networks und bestehendes Management erwerben vonRoll itec - Organisator","description":"Die vonRoll itec geht mit neuen Eigent\u00fcmern in die Zukunft und schliesst sich den IT-Security- und Netzwerkspezialisten Fernao Networks an.","robots":{"index":"index","follow":"follow","max-snippet":"max-snippet:-1","max-image-preview":"max-image-preview:large","max-video-preview":"max-video-preview:-1"},"canonical":"https:\/\/www.organisator.ch\/de\/management\/it\/2017-05-31\/fernao-networks-und-bestehendes-management-erwerben-vonroll-itec\/","og_locale":"de_DE","og_type":"article","og_title":"Fernao Networks und bestehendes Management erwerben vonRoll itec","og_description":"Die auf #IT-Outsourcing und #Cloud spezialisierte #vonRoll itec geht mit neuen Eigent\u00fcmern in die Zukunft und schliesst sich als weiterhin eigenst\u00e4ndiges Unternehmen den IT-Security- und Netzwerkspezialisten #Fernao Networks an.","og_url":"https:\/\/www.organisator.ch\/de\/management\/it\/2017-05-31\/fernao-networks-und-bestehendes-management-erwerben-vonroll-itec\/","og_site_name":"Organisator","article_publisher":"https:\/\/www.facebook.com\/OrganisatorFachmagazin","article_published_time":"2017-05-31T11:33:29+00:00","og_image":[{"width":480,"height":480,"url":"https:\/\/www.organisator.ch\/wp-content\/uploads\/2017\/05\/Fernao-Networks-und-bestehendes-Management-erwerben-vonRoll-itec_Organisator.jpg","type":"image\/jpeg"}],"author":"thomas.berner","twitter_card":"summary_large_image","twitter_title":"#Fernao Networks und bestehendes Management erwerben #vonRoll itec","twitter_description":"Die auf #IT-Outsourcing und #Cloud spezialisierte #vonRoll itec geht mit neuen Eigent\u00fcmern in die Zukunft und schliesst sich als weiterhin eigenst\u00e4ndiges Unternehmen den IT-Security- und Netzwerkspezialisten #Fernao Networks an.","twitter_image":"https:\/\/www.organisator.ch\/wp-content\/uploads\/2017\/05\/Fernao-Networks-und-bestehendes-Management-erwerben-vonRoll-itec_Organisator.jpg","schema":{"@context":"https:\/\/schema.org","@graph":[{"@type":"Article","@id":"https:\/\/www.organisator.ch\/management\/it\/2017-05-31\/fernao-networks-und-bestehendes-management-erwerben-vonroll-itec\/#article","isPartOf":{"@id":"https:\/\/www.organisator.ch\/management\/it\/2017-05-31\/fernao-networks-und-bestehendes-management-erwerben-vonroll-itec\/"},"author":{"name":"thomas.berner","@id":"https:\/\/www.organisator.ch\/#\/schema\/person\/6f650f90b2842cd4c0cc334b4e36f67e"},"headline":"Fernao Networks und bestehendes Management erwerben vonRoll itec","datePublished":"2017-05-31T11:33:29+00:00","mainEntityOfPage":{"@id":"https:\/\/www.organisator.ch\/management\/it\/2017-05-31\/fernao-networks-und-bestehendes-management-erwerben-vonroll-itec\/"},"wordCount":445,"commentCount":0,"publisher":{"@id":"https:\/\/www.organisator.ch\/#organization"},"image":{"@id":"https:\/\/www.organisator.ch\/management\/it\/2017-05-31\/fernao-networks-und-bestehendes-management-erwerben-vonroll-itec\/#primaryimage"},"thumbnailUrl":"https:\/\/www.organisator.ch\/wp-content\/uploads\/2017\/05\/Fernao-Networks-und-bestehendes-Management-erwerben-vonRoll-itec_Organisator.jpg","keywords":["Cloud Computing","IT","IT &amp; Business Software","Unternehmen"],"articleSection":["IT"],"inLanguage":"de"},{"@type":"WebPage","@id":"https:\/\/www.organisator.ch\/management\/it\/2017-05-31\/fernao-networks-und-bestehendes-management-erwerben-vonroll-itec\/","url":"https:\/\/www.organisator.ch\/management\/it\/2017-05-31\/fernao-networks-und-bestehendes-management-erwerben-vonroll-itec\/","name":"Fernao Networks und bestehendes Management erwerben vonRoll itec - Organisator","isPartOf":{"@id":"https:\/\/www.organisator.ch\/#website"},"primaryImageOfPage":{"@id":"https:\/\/www.organisator.ch\/management\/it\/2017-05-31\/fernao-networks-und-bestehendes-management-erwerben-vonroll-itec\/#primaryimage"},"image":{"@id":"https:\/\/www.organisator.ch\/management\/it\/2017-05-31\/fernao-networks-und-bestehendes-management-erwerben-vonroll-itec\/#primaryimage"},"thumbnailUrl":"https:\/\/www.organisator.ch\/wp-content\/uploads\/2017\/05\/Fernao-Networks-und-bestehendes-Management-erwerben-vonRoll-itec_Organisator.jpg","datePublished":"2017-05-31T11:33:29+00:00","description":"Die vonRoll itec geht mit neuen Eigent\u00fcmern in die Zukunft und schliesst sich den IT-Security- und Netzwerkspezialisten Fernao Networks an.","breadcrumb":{"@id":"https:\/\/www.organisator.ch\/management\/it\/2017-05-31\/fernao-networks-und-bestehendes-management-erwerben-vonroll-itec\/#breadcrumb"},"inLanguage":"de","potentialAction":[{"@type":"ReadAction","target":["https:\/\/www.organisator.ch\/management\/it\/2017-05-31\/fernao-networks-und-bestehendes-management-erwerben-vonroll-itec\/"]}]},{"@type":"ImageObject","inLanguage":"de","@id":"https:\/\/www.organisator.ch\/management\/it\/2017-05-31\/fernao-networks-und-bestehendes-management-erwerben-vonroll-itec\/#primaryimage","url":"https:\/\/www.organisator.ch\/wp-content\/uploads\/2017\/05\/Fernao-Networks-und-bestehendes-Management-erwerben-vonRoll-itec_Organisator.jpg","contentUrl":"https:\/\/www.organisator.ch\/wp-content\/uploads\/2017\/05\/Fernao-Networks-und-bestehendes-Management-erwerben-vonRoll-itec_Organisator.jpg","width":480,"height":480,"caption":"IT-Outsourcing und Cloud-Dienstleistungen sind Kerngesch\u00e4fte von vonRoll itec und Fernao Networks. (Bild: Fotolia.com)"},{"@type":"BreadcrumbList","@id":"https:\/\/www.organisator.ch\/management\/it\/2017-05-31\/fernao-networks-und-bestehendes-management-erwerben-vonroll-itec\/#breadcrumb","itemListElement":[{"@type":"ListItem","position":1,"name":"Home","item":"https:\/\/www.organisator.ch\/"},{"@type":"ListItem","position":2,"name":"Fernao Networks und bestehendes Management erwerben vonRoll itec"}]},{"@type":"WebSite","@id":"https:\/\/www.organisator.ch\/#website","url":"https:\/\/www.organisator.ch\/","name":"Organisator","description":"Kompetent. Praxisnah. Der ORGANISATOR bereitet in 10 Ausgaben pro Jahr die wesentlichen Themen f\u00fcr F\u00fchrungskr\u00e4fte von KMU auf.","publisher":{"@id":"https:\/\/www.organisator.ch\/#organization"},"potentialAction":[{"@type":"SearchAction","target":{"@type":"EntryPoint","urlTemplate":"https:\/\/www.organisator.ch\/?s={search_term_string}"},"query-input":{"@type":"PropertyValueSpecification","valueRequired":true,"valueName":"search_term_string"}}],"inLanguage":"de"},{"@type":"Organization","@id":"https:\/\/www.organisator.ch\/#organization","name":"Organisator","url":"https:\/\/www.organisator.ch\/","logo":{"@type":"ImageObject","inLanguage":"de","@id":"https:\/\/www.organisator.ch\/#\/schema\/logo\/image\/","url":"https:\/\/www.organisator.ch\/wp-content\/uploads\/2022\/01\/Logo_Organisator_Website.png","contentUrl":"https:\/\/www.organisator.ch\/wp-content\/uploads\/2022\/01\/Logo_Organisator_Website.png","width":800,"height":77,"caption":"Organisator"},"image":{"@id":"https:\/\/www.organisator.ch\/#\/schema\/logo\/image\/"},"sameAs":["https:\/\/www.facebook.com\/OrganisatorFachmagazin","https:\/\/www.linkedin.com\/showcase\/organisator-das-magazin-fr-kmu","https:\/\/www.xing.com\/news\/pages\/organisator-ch-695","https:\/\/www.youtube.com\/channel\/UCGP2Sq0iWaZwT3BdIAQFYpw"]},{"@type":"Person","@id":"https:\/\/www.organisator.ch\/#\/schema\/person\/6f650f90b2842cd4c0cc334b4e36f67e","name":"thomas.berner","image":{"@type":"ImageObject","inLanguage":"de","@id":"https:\/\/secure.gravatar.com\/avatar\/ac5001d2a36cb6c6cd3e50789007ffca834b477b74a2144564522e944eabff61?s=96&d=mm&r=g","url":"https:\/\/secure.gravatar.com\/avatar\/ac5001d2a36cb6c6cd3e50789007ffca834b477b74a2144564522e944eabff61?s=96&d=mm&r=g","contentUrl":"https:\/\/secure.gravatar.com\/avatar\/ac5001d2a36cb6c6cd3e50789007ffca834b477b74a2144564522e944eabff61?s=96&d=mm&r=g","caption":"thomas.berner"},"url":"https:\/\/www.organisator.ch\/de\/author\/thomas-berner\/"}]}},"_links":{"self":[{"href":"https:\/\/www.organisator.ch\/de\/wp-json\/wp\/v2\/posts\/1968","targetHints":{"allow":["GET"]}}],"collection":[{"href":"https:\/\/www.organisator.ch\/de\/wp-json\/wp\/v2\/posts"}],"about":[{"href":"https:\/\/www.organisator.ch\/de\/wp-json\/wp\/v2\/types\/post"}],"author":[{"embeddable":true,"href":"https:\/\/www.organisator.ch\/de\/wp-json\/wp\/v2\/users\/4"}],"replies":[{"embeddable":true,"href":"https:\/\/www.organisator.ch\/de\/wp-json\/wp\/v2\/comments?post=1968"}],"version-history":[{"count":0,"href":"https:\/\/www.organisator.ch\/de\/wp-json\/wp\/v2\/posts\/1968\/revisions"}],"wp:featuredmedia":[{"embeddable":true,"href":"https:\/\/www.organisator.ch\/de\/wp-json\/wp\/v2\/media\/1969"}],"wp:attachment":[{"href":"https:\/\/www.organisator.ch\/de\/wp-json\/wp\/v2\/media?parent=1968"}],"wp:term":[{"taxonomy":"category","embeddable":true,"href":"https:\/\/www.organisator.ch\/de\/wp-json\/wp\/v2\/categories?post=1968"},{"taxonomy":"post_tag","embeddable":true,"href":"https:\/\/www.organisator.ch\/de\/wp-json\/wp\/v2\/tags?post=1968"}],"curies":[{"name":"wp","href":"https:\/\/api.w.org\/{rel}","templated":true}]}}