{"id":19783,"date":"2023-04-20T05:07:01","date_gmt":"2023-04-20T03:07:01","guid":{"rendered":"https:\/\/www.organisator.ch\/?p=19783"},"modified":"2023-04-12T15:34:09","modified_gmt":"2023-04-12T13:34:09","slug":"vorschau-tag-der-schweizer-qualitaet-2023","status":"publish","type":"post","link":"https:\/\/www.organisator.ch\/de\/management\/2023-04-20\/vorschau-tag-der-schweizer-qualitaet-2023\/","title":{"rendered":"Vorschau Tag der Schweizer Qualit\u00e4t 2023"},"content":{"rendered":"<figure id=\"attachment_19787\" aria-describedby=\"caption-attachment-19787\" style=\"width: 680px\" class=\"wp-caption alignnone\"><img loading=\"lazy\" decoding=\"async\" class=\"size-full wp-image-19787\" src=\"https:\/\/www.organisator.ch\/wp-content\/uploads\/2023\/04\/Vorschau-Tag-der-Schweizer-Qualitaet-2023_Organisator.jpg\" alt=\"\" width=\"680\" height=\"351\" srcset=\"https:\/\/www.organisator.ch\/wp-content\/uploads\/2023\/04\/Vorschau-Tag-der-Schweizer-Qualitaet-2023_Organisator.jpg 680w, https:\/\/www.organisator.ch\/wp-content\/uploads\/2023\/04\/Vorschau-Tag-der-Schweizer-Qualitaet-2023_Organisator-18x9.jpg 18w, https:\/\/www.organisator.ch\/wp-content\/uploads\/2023\/04\/Vorschau-Tag-der-Schweizer-Qualitaet-2023_Organisator-375x194.jpg 375w, https:\/\/www.organisator.ch\/wp-content\/uploads\/2023\/04\/Vorschau-Tag-der-Schweizer-Qualitaet-2023_Organisator-678x350.jpg 678w\" sizes=\"auto, (max-width: 680px) 100vw, 680px\" \/><figcaption id=\"caption-attachment-19787\" class=\"wp-caption-text\">Der Mensch im Fokus: So lautet das Thema am Tag der Schweizer Qualit\u00e4t 2023 vom 11. Mai in Bern. (Bild: zVg \/ SAQ)<\/figcaption><\/figure>\n<p>Es ist bekannt: Die digitale und \u00f6kologische Transformation sowie der demografische Wandel stellen Unternehmen vor grosse Herausforderungen. Organisationen m\u00fcssen sich anpassen und neue Strukturen entwickeln, um in diesem sich st\u00e4ndig ver\u00e4ndernden Umfeld wettbewerbsf\u00e4hig zu bleiben. F\u00fcr den Bereich Qualit\u00e4t bedeutet dies, dass Unternehmen auch ihre Prozesse, Produkte und Dienstleistungen an die neuen Anforderungen anpassen m\u00fcssen. Doch wie geht das? Welche Organisationsformen, Methoden und Strategien helfen dabei? L\u00e4sst sich das Kapital Mensch im Fokus behalten oder soll man sich auf neue F\u00fchrungsans\u00e4tze und Managementkonzepte einstellen? Und wie k\u00f6nnen sich Unternehmen als verantwortungsvolle Akteure positionieren, um als Arbeitgeber\/in im umk\u00e4mpften Markt f\u00fcr Fachkr\u00e4fte attraktiv zu bleiben? Mit diesen Fragen befassen sich am Tag der Schweizer Qualit\u00e4t 2023 verschiedene Referentinnen und Referenten. Der Anlass ist der Jahres-Hauptevent der Swiss Association for Quality SAQ.<\/p>\n<h3>\u00abNew Leadership\u00bb: Wirtschaftlich und sportlich gesehen<\/h3>\n<p>Den Anfang macht Prof. Dr. Lukas Scherer, Professor f\u00fcr Organisation und F\u00fchrung am Institut f\u00fcr Organisation und Leadership (IOL) der Fachhochschule Ostschweiz. Er besch\u00e4ftigt sich schwerpunktm\u00e4ssig mit Strategischer Unternehmens- und Organisationsentwicklung. In seinem Referat wird es um den Wandel innerhalb von Organisationen gehen. Gesucht sind dabei agile und mitdenkende Mitarbeitende. Doch das bringt auch eine neue Erwartungshaltung an die F\u00fchrung mit sich. \u00abNew Leadership\u00bb ist gefragt, und der Referent wird dazu diverse Impulse vermitteln.<\/p>\n<p>Das Referat von Ana Campos, Managing Director des Beratungsunternehmens Accenture, tr\u00e4gt den Titel \u00abNew Work braucht New Learning\u00bb. Dabei wird es um die Frage gehen, welche F\u00e4higkeiten f\u00fcr die neuen Arbeitsformen notwendig sind und wie bereit Unternehmen hierbei schon sind.<\/p>\n<p>Kathrin Lehmann, Fussballexpertin von SRF, nimmt dann den sprichw\u00f6rt\u00adlichen Ball von sportlicher Seite her auf: \u00abResilienz in Wirtschaft und Sport, oder: Der Tanz um die Corner-Fahne\u00bb, so lautet der Titel ihres Referats. Welche Elemente kann die Wirtschaft vom Spitzensport lernen? Und wo kommen beide Branchen an ihre Grenzen? Die Referentin wird die Wirtschaft und den Sport in einem spielerischen Vergleich gegen\u00adeinander antreten lassen.<\/p>\n<h3>Diversit\u00e4t, Fehlerkultur und \u00adGesundheitsf\u00f6rderung<\/h3>\n<p>Der zweite Teil der Tagung startet mit einem Podiumsgespr\u00e4ch zum Thema \u00abDie besten Arbeitgeber der Schweiz: Was machen sie anders?\u00bb Im Anschluss daran finden im Rahmen von Open Sessions drei parallele Workshops statt. In einem dieser Workshops pr\u00e4sentiert der Veranstaltungspartner Shift Switzerland Beispiele aus der Wirtschaft, wie Diversit\u00e4t in der nachhaltigen Projektzusammenarbeit gestaltet werden kann. Es geht dabei sowohl um Chancen als auch um Risiken sowie darum, welche F\u00fchrungsqualit\u00e4ten erforderlich sind. Ein zweiter Workshop\u00a0\u2013 durchgef\u00fchrt von Size Consens AG\u00a0\u2013 widmet sich dem Umgang mit Fehlern bzw. der Entwicklung einer Fehlerkultur in Unternehmen. Und im dritten parallelen Workshop unter der \u00c4gide von Gesundheitsf\u00f6rderung Schweiz geht es um Chancen und Herausforderungen im betrieblichen Gesundheitsmanagement im Rahmen der neuen Arbeitswelt.<\/p>\n<p>Den Abschluss bestreiten die Autoren Mikael Krogerus und Roman Tsch\u00e4ppeler, bekannt durch ihre Bestseller \u00abKleine B\u00fccher f\u00fcr grosse Fragen\u00bb und ihre Kolumnen in \u00abDas Magazin\u00bb. Sie werden humorvoll einige Denkfiguren und Handlungsmuster rund um das Thema \u00abWork Life Skills\u00bb pr\u00e4sentieren.<\/p>\n<h3>Tag der Schweizer Qualit\u00e4t 2023 wieder mit Seghezzi-Preis<\/h3>\n<p>Ein weiterer Programmpunkt am Tag der Schweizer Qualit\u00e4t 2023 wird die Verleihung des Seghezzi-Preises sein. Ausgezeichnet wird mit diesem F\u00f6rderpreis wiederum eine Person, die sich in ihrer Abschluss\u00adarbeit in innovativer und f\u00fcr die Praxis relevanter Weise mit Fragen und L\u00f6sungsans\u00e4tzen besch\u00e4ftigt, die das Thema \u00abIntegriertes Qualit\u00e4tsmanagement und Nachhaltigkeit\u00bb disziplin\u00adspezifisch oder disziplin\u00fcbergreifend behandeln.<\/p>\n<p><a href=\"https:\/\/saq.ch\/de\/veranstaltungen\/tag_der_schweizer_qualitaet\/tsq-2023\/\"><em>Weitere Informationen und Anmeldung<\/em><\/a><\/p>\n","protected":false},"excerpt":{"rendered":"<p>Am Donnerstag, 11. Mai 2023, findet im Berner Kursaal der n\u00e4chste Tag der Schweizer Qualit\u00e4t statt. F\u00fcr einmal geht es nicht um \u00abtechnische\u00bb Themen rund um Qualit\u00e4t, Managementsysteme und kontinuierliche Verbesserungsprozesse, sondern um den Menschen.<\/p>\n","protected":false},"author":4,"featured_media":19787,"comment_status":"closed","ping_status":"closed","sticky":false,"template":"","format":"standard","meta":{"_acf_changed":false,"_yoast_wpseo_focuskw":"Tag der Schweizer Qualit\u00e4t 2023","_yoast_wpseo_metadesc":"Am Donnerstag, 11. Mai, findet im Berner Kursaal der Tag der Schweizer Qualit\u00e4t 2023 statt. Das Thema: \"Der Mensch im Fokus\".","articlekey":"","footnotes":""},"categories":[28],"tags":[636,193,2486],"class_list":["post-19783","post","type-post","status-publish","format-standard","has-post-thumbnail","hentry","category-management","tag-tag-der-schweizer-qualitaet","tag-fachkongressfachmesse","tag-vorschau"],"acf":[],"yoast_head":"<!-- This site is optimized with the Yoast SEO plugin v27.5 - https:\/\/yoast.com\/product\/yoast-seo-wordpress\/ -->\n<title>Vorschau Tag der Schweizer Qualit\u00e4t 2023 - Organisator<\/title>\n<meta name=\"description\" content=\"Am Donnerstag, 11. Mai, findet im Berner Kursaal der Tag der Schweizer Qualit\u00e4t 2023 statt. Das Thema: &quot;Der Mensch im Fokus&quot;.\" \/>\n<meta name=\"robots\" content=\"index, follow, max-snippet:-1, max-image-preview:large, max-video-preview:-1\" \/>\n<link rel=\"canonical\" href=\"https:\/\/www.organisator.ch\/de\/management\/2023-04-20\/vorschau-tag-der-schweizer-qualitaet-2023\/\" \/>\n<meta property=\"og:locale\" content=\"de_DE\" \/>\n<meta property=\"og:type\" content=\"article\" \/>\n<meta property=\"og:title\" content=\"Vorschau Tag der Schweizer Qualit\u00e4t 2023\" \/>\n<meta property=\"og:description\" content=\"Am Donnerstag, 11. Mai, findet im Berner Kursaal der Tag der Schweizer Qualit\u00e4t 2023 statt. Das Thema: &quot;Der Mensch im Fokus&quot;.\" \/>\n<meta property=\"og:url\" content=\"https:\/\/www.organisator.ch\/de\/management\/2023-04-20\/vorschau-tag-der-schweizer-qualitaet-2023\/\" \/>\n<meta property=\"og:site_name\" content=\"Organisator\" \/>\n<meta property=\"article:publisher\" content=\"https:\/\/www.facebook.com\/OrganisatorFachmagazin\" \/>\n<meta property=\"article:published_time\" content=\"2023-04-20T03:07:01+00:00\" \/>\n<meta property=\"og:image\" content=\"https:\/\/www.organisator.ch\/wp-content\/uploads\/2023\/04\/Vorschau-Tag-der-Schweizer-Qualitaet-2023_Organisator.jpg\" \/>\n\t<meta property=\"og:image:width\" content=\"680\" \/>\n\t<meta property=\"og:image:height\" content=\"351\" \/>\n\t<meta property=\"og:image:type\" content=\"image\/jpeg\" \/>\n<meta name=\"author\" content=\"thomas.berner\" \/>\n<meta name=\"twitter:card\" content=\"summary_large_image\" \/>\n<meta name=\"twitter:title\" content=\"Vorschau Tag der Schweizer #Qualit\u00e4t 2023\" \/>\n<meta name=\"twitter:description\" content=\"Am Donnerstag, 11. Mai, findet im Berner #Kursaal der Tag der Schweizer #Qualit\u00e4t 2023 statt. Das Thema: &quot;Der Mensch im Fokus&quot;.\" \/>\n<meta name=\"twitter:image\" content=\"https:\/\/www.organisator.ch\/wp-content\/uploads\/2023\/04\/Vorschau-Tag-der-Schweizer-Qualitaet-2023_Organisator.jpg\" \/>\n<script type=\"application\/ld+json\" class=\"yoast-schema-graph\">{\"@context\":\"https:\\\/\\\/schema.org\",\"@graph\":[{\"@type\":\"Article\",\"@id\":\"https:\\\/\\\/www.organisator.ch\\\/management\\\/2023-04-20\\\/vorschau-tag-der-schweizer-qualitaet-2023\\\/#article\",\"isPartOf\":{\"@id\":\"https:\\\/\\\/www.organisator.ch\\\/management\\\/2023-04-20\\\/vorschau-tag-der-schweizer-qualitaet-2023\\\/\"},\"author\":{\"name\":\"thomas.berner\",\"@id\":\"https:\\\/\\\/www.organisator.ch\\\/#\\\/schema\\\/person\\\/6f650f90b2842cd4c0cc334b4e36f67e\"},\"headline\":\"Vorschau Tag der Schweizer Qualit\u00e4t 2023\",\"datePublished\":\"2023-04-20T03:07:01+00:00\",\"mainEntityOfPage\":{\"@id\":\"https:\\\/\\\/www.organisator.ch\\\/management\\\/2023-04-20\\\/vorschau-tag-der-schweizer-qualitaet-2023\\\/\"},\"wordCount\":621,\"publisher\":{\"@id\":\"https:\\\/\\\/www.organisator.ch\\\/#organization\"},\"image\":{\"@id\":\"https:\\\/\\\/www.organisator.ch\\\/management\\\/2023-04-20\\\/vorschau-tag-der-schweizer-qualitaet-2023\\\/#primaryimage\"},\"thumbnailUrl\":\"https:\\\/\\\/www.organisator.ch\\\/wp-content\\\/uploads\\\/2023\\\/04\\\/Vorschau-Tag-der-Schweizer-Qualitaet-2023_Organisator.jpg\",\"keywords\":[\"\u00abTag der Schweizer Qualit\u00e4t\u00bb\",\"Fachkongress\\\/Fachmesse\",\"Vorschau\"],\"articleSection\":[\"MANAGEMENT\"],\"inLanguage\":\"de\"},{\"@type\":\"WebPage\",\"@id\":\"https:\\\/\\\/www.organisator.ch\\\/management\\\/2023-04-20\\\/vorschau-tag-der-schweizer-qualitaet-2023\\\/\",\"url\":\"https:\\\/\\\/www.organisator.ch\\\/management\\\/2023-04-20\\\/vorschau-tag-der-schweizer-qualitaet-2023\\\/\",\"name\":\"Vorschau Tag der Schweizer Qualit\u00e4t 2023 - Organisator\",\"isPartOf\":{\"@id\":\"https:\\\/\\\/www.organisator.ch\\\/#website\"},\"primaryImageOfPage\":{\"@id\":\"https:\\\/\\\/www.organisator.ch\\\/management\\\/2023-04-20\\\/vorschau-tag-der-schweizer-qualitaet-2023\\\/#primaryimage\"},\"image\":{\"@id\":\"https:\\\/\\\/www.organisator.ch\\\/management\\\/2023-04-20\\\/vorschau-tag-der-schweizer-qualitaet-2023\\\/#primaryimage\"},\"thumbnailUrl\":\"https:\\\/\\\/www.organisator.ch\\\/wp-content\\\/uploads\\\/2023\\\/04\\\/Vorschau-Tag-der-Schweizer-Qualitaet-2023_Organisator.jpg\",\"datePublished\":\"2023-04-20T03:07:01+00:00\",\"description\":\"Am Donnerstag, 11. Mai, findet im Berner Kursaal der Tag der Schweizer Qualit\u00e4t 2023 statt. Das Thema: \\\"Der Mensch im Fokus\\\".\",\"breadcrumb\":{\"@id\":\"https:\\\/\\\/www.organisator.ch\\\/management\\\/2023-04-20\\\/vorschau-tag-der-schweizer-qualitaet-2023\\\/#breadcrumb\"},\"inLanguage\":\"de\",\"potentialAction\":[{\"@type\":\"ReadAction\",\"target\":[\"https:\\\/\\\/www.organisator.ch\\\/management\\\/2023-04-20\\\/vorschau-tag-der-schweizer-qualitaet-2023\\\/\"]}]},{\"@type\":\"ImageObject\",\"inLanguage\":\"de\",\"@id\":\"https:\\\/\\\/www.organisator.ch\\\/management\\\/2023-04-20\\\/vorschau-tag-der-schweizer-qualitaet-2023\\\/#primaryimage\",\"url\":\"https:\\\/\\\/www.organisator.ch\\\/wp-content\\\/uploads\\\/2023\\\/04\\\/Vorschau-Tag-der-Schweizer-Qualitaet-2023_Organisator.jpg\",\"contentUrl\":\"https:\\\/\\\/www.organisator.ch\\\/wp-content\\\/uploads\\\/2023\\\/04\\\/Vorschau-Tag-der-Schweizer-Qualitaet-2023_Organisator.jpg\",\"width\":680,\"height\":351,\"caption\":\"Der Mensch im Fokus: So lautet das Thema am Tag der Schweizer Qualit\u00e4t 2023 vom 11. Mai in Bern. (Bild: zVg \\\/ SAQ)\"},{\"@type\":\"BreadcrumbList\",\"@id\":\"https:\\\/\\\/www.organisator.ch\\\/management\\\/2023-04-20\\\/vorschau-tag-der-schweizer-qualitaet-2023\\\/#breadcrumb\",\"itemListElement\":[{\"@type\":\"ListItem\",\"position\":1,\"name\":\"Home\",\"item\":\"https:\\\/\\\/www.organisator.ch\\\/\"},{\"@type\":\"ListItem\",\"position\":2,\"name\":\"Vorschau Tag der Schweizer Qualit\u00e4t 2023\"}]},{\"@type\":\"WebSite\",\"@id\":\"https:\\\/\\\/www.organisator.ch\\\/#website\",\"url\":\"https:\\\/\\\/www.organisator.ch\\\/\",\"name\":\"Organisator\",\"description\":\"Kompetent. Praxisnah. Der ORGANISATOR bereitet in 10 Ausgaben pro Jahr die wesentlichen Themen f\u00fcr F\u00fchrungskr\u00e4fte von KMU auf.\",\"publisher\":{\"@id\":\"https:\\\/\\\/www.organisator.ch\\\/#organization\"},\"potentialAction\":[{\"@type\":\"SearchAction\",\"target\":{\"@type\":\"EntryPoint\",\"urlTemplate\":\"https:\\\/\\\/www.organisator.ch\\\/?s={search_term_string}\"},\"query-input\":{\"@type\":\"PropertyValueSpecification\",\"valueRequired\":true,\"valueName\":\"search_term_string\"}}],\"inLanguage\":\"de\"},{\"@type\":\"Organization\",\"@id\":\"https:\\\/\\\/www.organisator.ch\\\/#organization\",\"name\":\"Organisator\",\"url\":\"https:\\\/\\\/www.organisator.ch\\\/\",\"logo\":{\"@type\":\"ImageObject\",\"inLanguage\":\"de\",\"@id\":\"https:\\\/\\\/www.organisator.ch\\\/#\\\/schema\\\/logo\\\/image\\\/\",\"url\":\"https:\\\/\\\/www.organisator.ch\\\/wp-content\\\/uploads\\\/2022\\\/01\\\/Logo_Organisator_Website.png\",\"contentUrl\":\"https:\\\/\\\/www.organisator.ch\\\/wp-content\\\/uploads\\\/2022\\\/01\\\/Logo_Organisator_Website.png\",\"width\":800,\"height\":77,\"caption\":\"Organisator\"},\"image\":{\"@id\":\"https:\\\/\\\/www.organisator.ch\\\/#\\\/schema\\\/logo\\\/image\\\/\"},\"sameAs\":[\"https:\\\/\\\/www.facebook.com\\\/OrganisatorFachmagazin\",\"https:\\\/\\\/www.linkedin.com\\\/showcase\\\/organisator-das-magazin-fr-kmu\",\"https:\\\/\\\/www.xing.com\\\/news\\\/pages\\\/organisator-ch-695\",\"https:\\\/\\\/www.youtube.com\\\/channel\\\/UCGP2Sq0iWaZwT3BdIAQFYpw\"]},{\"@type\":\"Person\",\"@id\":\"https:\\\/\\\/www.organisator.ch\\\/#\\\/schema\\\/person\\\/6f650f90b2842cd4c0cc334b4e36f67e\",\"name\":\"thomas.berner\",\"image\":{\"@type\":\"ImageObject\",\"inLanguage\":\"de\",\"@id\":\"https:\\\/\\\/secure.gravatar.com\\\/avatar\\\/ac5001d2a36cb6c6cd3e50789007ffca834b477b74a2144564522e944eabff61?s=96&d=mm&r=g\",\"url\":\"https:\\\/\\\/secure.gravatar.com\\\/avatar\\\/ac5001d2a36cb6c6cd3e50789007ffca834b477b74a2144564522e944eabff61?s=96&d=mm&r=g\",\"contentUrl\":\"https:\\\/\\\/secure.gravatar.com\\\/avatar\\\/ac5001d2a36cb6c6cd3e50789007ffca834b477b74a2144564522e944eabff61?s=96&d=mm&r=g\",\"caption\":\"thomas.berner\"},\"url\":\"https:\\\/\\\/www.organisator.ch\\\/de\\\/author\\\/thomas-berner\\\/\"}]}<\/script>\n<!-- \/ Yoast SEO plugin. -->","yoast_head_json":{"title":"Vorschau Tag der Schweizer Qualit\u00e4t 2023 - Organisator","description":"Am Donnerstag, 11. Mai, findet im Berner Kursaal der Tag der Schweizer Qualit\u00e4t 2023 statt. Das Thema: \"Der Mensch im Fokus\".","robots":{"index":"index","follow":"follow","max-snippet":"max-snippet:-1","max-image-preview":"max-image-preview:large","max-video-preview":"max-video-preview:-1"},"canonical":"https:\/\/www.organisator.ch\/de\/management\/2023-04-20\/vorschau-tag-der-schweizer-qualitaet-2023\/","og_locale":"de_DE","og_type":"article","og_title":"Vorschau Tag der Schweizer Qualit\u00e4t 2023","og_description":"Am Donnerstag, 11. Mai, findet im Berner Kursaal der Tag der Schweizer Qualit\u00e4t 2023 statt. Das Thema: \"Der Mensch im Fokus\".","og_url":"https:\/\/www.organisator.ch\/de\/management\/2023-04-20\/vorschau-tag-der-schweizer-qualitaet-2023\/","og_site_name":"Organisator","article_publisher":"https:\/\/www.facebook.com\/OrganisatorFachmagazin","article_published_time":"2023-04-20T03:07:01+00:00","og_image":[{"width":680,"height":351,"url":"https:\/\/www.organisator.ch\/wp-content\/uploads\/2023\/04\/Vorschau-Tag-der-Schweizer-Qualitaet-2023_Organisator.jpg","type":"image\/jpeg"}],"author":"thomas.berner","twitter_card":"summary_large_image","twitter_title":"Vorschau Tag der Schweizer #Qualit\u00e4t 2023","twitter_description":"Am Donnerstag, 11. Mai, findet im Berner #Kursaal der Tag der Schweizer #Qualit\u00e4t 2023 statt. Das Thema: \"Der Mensch im Fokus\".","twitter_image":"https:\/\/www.organisator.ch\/wp-content\/uploads\/2023\/04\/Vorschau-Tag-der-Schweizer-Qualitaet-2023_Organisator.jpg","schema":{"@context":"https:\/\/schema.org","@graph":[{"@type":"Article","@id":"https:\/\/www.organisator.ch\/management\/2023-04-20\/vorschau-tag-der-schweizer-qualitaet-2023\/#article","isPartOf":{"@id":"https:\/\/www.organisator.ch\/management\/2023-04-20\/vorschau-tag-der-schweizer-qualitaet-2023\/"},"author":{"name":"thomas.berner","@id":"https:\/\/www.organisator.ch\/#\/schema\/person\/6f650f90b2842cd4c0cc334b4e36f67e"},"headline":"Vorschau Tag der Schweizer Qualit\u00e4t 2023","datePublished":"2023-04-20T03:07:01+00:00","mainEntityOfPage":{"@id":"https:\/\/www.organisator.ch\/management\/2023-04-20\/vorschau-tag-der-schweizer-qualitaet-2023\/"},"wordCount":621,"publisher":{"@id":"https:\/\/www.organisator.ch\/#organization"},"image":{"@id":"https:\/\/www.organisator.ch\/management\/2023-04-20\/vorschau-tag-der-schweizer-qualitaet-2023\/#primaryimage"},"thumbnailUrl":"https:\/\/www.organisator.ch\/wp-content\/uploads\/2023\/04\/Vorschau-Tag-der-Schweizer-Qualitaet-2023_Organisator.jpg","keywords":["\u00abTag der Schweizer Qualit\u00e4t\u00bb","Fachkongress\/Fachmesse","Vorschau"],"articleSection":["MANAGEMENT"],"inLanguage":"de"},{"@type":"WebPage","@id":"https:\/\/www.organisator.ch\/management\/2023-04-20\/vorschau-tag-der-schweizer-qualitaet-2023\/","url":"https:\/\/www.organisator.ch\/management\/2023-04-20\/vorschau-tag-der-schweizer-qualitaet-2023\/","name":"Vorschau Tag der Schweizer Qualit\u00e4t 2023 - Organisator","isPartOf":{"@id":"https:\/\/www.organisator.ch\/#website"},"primaryImageOfPage":{"@id":"https:\/\/www.organisator.ch\/management\/2023-04-20\/vorschau-tag-der-schweizer-qualitaet-2023\/#primaryimage"},"image":{"@id":"https:\/\/www.organisator.ch\/management\/2023-04-20\/vorschau-tag-der-schweizer-qualitaet-2023\/#primaryimage"},"thumbnailUrl":"https:\/\/www.organisator.ch\/wp-content\/uploads\/2023\/04\/Vorschau-Tag-der-Schweizer-Qualitaet-2023_Organisator.jpg","datePublished":"2023-04-20T03:07:01+00:00","description":"Am Donnerstag, 11. Mai, findet im Berner Kursaal der Tag der Schweizer Qualit\u00e4t 2023 statt. Das Thema: \"Der Mensch im Fokus\".","breadcrumb":{"@id":"https:\/\/www.organisator.ch\/management\/2023-04-20\/vorschau-tag-der-schweizer-qualitaet-2023\/#breadcrumb"},"inLanguage":"de","potentialAction":[{"@type":"ReadAction","target":["https:\/\/www.organisator.ch\/management\/2023-04-20\/vorschau-tag-der-schweizer-qualitaet-2023\/"]}]},{"@type":"ImageObject","inLanguage":"de","@id":"https:\/\/www.organisator.ch\/management\/2023-04-20\/vorschau-tag-der-schweizer-qualitaet-2023\/#primaryimage","url":"https:\/\/www.organisator.ch\/wp-content\/uploads\/2023\/04\/Vorschau-Tag-der-Schweizer-Qualitaet-2023_Organisator.jpg","contentUrl":"https:\/\/www.organisator.ch\/wp-content\/uploads\/2023\/04\/Vorschau-Tag-der-Schweizer-Qualitaet-2023_Organisator.jpg","width":680,"height":351,"caption":"Der Mensch im Fokus: So lautet das Thema am Tag der Schweizer Qualit\u00e4t 2023 vom 11. Mai in Bern. (Bild: zVg \/ SAQ)"},{"@type":"BreadcrumbList","@id":"https:\/\/www.organisator.ch\/management\/2023-04-20\/vorschau-tag-der-schweizer-qualitaet-2023\/#breadcrumb","itemListElement":[{"@type":"ListItem","position":1,"name":"Home","item":"https:\/\/www.organisator.ch\/"},{"@type":"ListItem","position":2,"name":"Vorschau Tag der Schweizer Qualit\u00e4t 2023"}]},{"@type":"WebSite","@id":"https:\/\/www.organisator.ch\/#website","url":"https:\/\/www.organisator.ch\/","name":"Organisator","description":"Kompetent. Praxisnah. Der ORGANISATOR bereitet in 10 Ausgaben pro Jahr die wesentlichen Themen f\u00fcr F\u00fchrungskr\u00e4fte von KMU auf.","publisher":{"@id":"https:\/\/www.organisator.ch\/#organization"},"potentialAction":[{"@type":"SearchAction","target":{"@type":"EntryPoint","urlTemplate":"https:\/\/www.organisator.ch\/?s={search_term_string}"},"query-input":{"@type":"PropertyValueSpecification","valueRequired":true,"valueName":"search_term_string"}}],"inLanguage":"de"},{"@type":"Organization","@id":"https:\/\/www.organisator.ch\/#organization","name":"Organisator","url":"https:\/\/www.organisator.ch\/","logo":{"@type":"ImageObject","inLanguage":"de","@id":"https:\/\/www.organisator.ch\/#\/schema\/logo\/image\/","url":"https:\/\/www.organisator.ch\/wp-content\/uploads\/2022\/01\/Logo_Organisator_Website.png","contentUrl":"https:\/\/www.organisator.ch\/wp-content\/uploads\/2022\/01\/Logo_Organisator_Website.png","width":800,"height":77,"caption":"Organisator"},"image":{"@id":"https:\/\/www.organisator.ch\/#\/schema\/logo\/image\/"},"sameAs":["https:\/\/www.facebook.com\/OrganisatorFachmagazin","https:\/\/www.linkedin.com\/showcase\/organisator-das-magazin-fr-kmu","https:\/\/www.xing.com\/news\/pages\/organisator-ch-695","https:\/\/www.youtube.com\/channel\/UCGP2Sq0iWaZwT3BdIAQFYpw"]},{"@type":"Person","@id":"https:\/\/www.organisator.ch\/#\/schema\/person\/6f650f90b2842cd4c0cc334b4e36f67e","name":"thomas.berner","image":{"@type":"ImageObject","inLanguage":"de","@id":"https:\/\/secure.gravatar.com\/avatar\/ac5001d2a36cb6c6cd3e50789007ffca834b477b74a2144564522e944eabff61?s=96&d=mm&r=g","url":"https:\/\/secure.gravatar.com\/avatar\/ac5001d2a36cb6c6cd3e50789007ffca834b477b74a2144564522e944eabff61?s=96&d=mm&r=g","contentUrl":"https:\/\/secure.gravatar.com\/avatar\/ac5001d2a36cb6c6cd3e50789007ffca834b477b74a2144564522e944eabff61?s=96&d=mm&r=g","caption":"thomas.berner"},"url":"https:\/\/www.organisator.ch\/de\/author\/thomas-berner\/"}]}},"_links":{"self":[{"href":"https:\/\/www.organisator.ch\/de\/wp-json\/wp\/v2\/posts\/19783","targetHints":{"allow":["GET"]}}],"collection":[{"href":"https:\/\/www.organisator.ch\/de\/wp-json\/wp\/v2\/posts"}],"about":[{"href":"https:\/\/www.organisator.ch\/de\/wp-json\/wp\/v2\/types\/post"}],"author":[{"embeddable":true,"href":"https:\/\/www.organisator.ch\/de\/wp-json\/wp\/v2\/users\/4"}],"replies":[{"embeddable":true,"href":"https:\/\/www.organisator.ch\/de\/wp-json\/wp\/v2\/comments?post=19783"}],"version-history":[{"count":2,"href":"https:\/\/www.organisator.ch\/de\/wp-json\/wp\/v2\/posts\/19783\/revisions"}],"predecessor-version":[{"id":19825,"href":"https:\/\/www.organisator.ch\/de\/wp-json\/wp\/v2\/posts\/19783\/revisions\/19825"}],"wp:featuredmedia":[{"embeddable":true,"href":"https:\/\/www.organisator.ch\/de\/wp-json\/wp\/v2\/media\/19787"}],"wp:attachment":[{"href":"https:\/\/www.organisator.ch\/de\/wp-json\/wp\/v2\/media?parent=19783"}],"wp:term":[{"taxonomy":"category","embeddable":true,"href":"https:\/\/www.organisator.ch\/de\/wp-json\/wp\/v2\/categories?post=19783"},{"taxonomy":"post_tag","embeddable":true,"href":"https:\/\/www.organisator.ch\/de\/wp-json\/wp\/v2\/tags?post=19783"}],"curies":[{"name":"wp","href":"https:\/\/api.w.org\/{rel}","templated":true}]}}