{"id":19840,"date":"2023-04-15T08:49:14","date_gmt":"2023-04-15T06:49:14","guid":{"rendered":"https:\/\/www.organisator.ch\/?p=19840"},"modified":"2023-04-15T08:49:14","modified_gmt":"2023-04-15T06:49:14","slug":"vorschau-38-zuercher-logistik-kolloquium","status":"publish","type":"post","link":"https:\/\/www.organisator.ch\/de\/management\/2023-04-15\/vorschau-38-zuercher-logistik-kolloquium\/","title":{"rendered":"Vorschau 38. Z\u00fcrcher Logistik-Kolloquium"},"content":{"rendered":"<p><img loading=\"lazy\" decoding=\"async\" class=\"alignnone size-full wp-image-19841\" src=\"https:\/\/www.organisator.ch\/wp-content\/uploads\/2023\/04\/Vorschau-38-Zuercher-Logistik-Kolloquium_Organisator.jpg\" alt=\"\" width=\"680\" height=\"530\" srcset=\"https:\/\/www.organisator.ch\/wp-content\/uploads\/2023\/04\/Vorschau-38-Zuercher-Logistik-Kolloquium_Organisator.jpg 680w, https:\/\/www.organisator.ch\/wp-content\/uploads\/2023\/04\/Vorschau-38-Zuercher-Logistik-Kolloquium_Organisator-15x12.jpg 15w, https:\/\/www.organisator.ch\/wp-content\/uploads\/2023\/04\/Vorschau-38-Zuercher-Logistik-Kolloquium_Organisator-375x292.jpg 375w, https:\/\/www.organisator.ch\/wp-content\/uploads\/2023\/04\/Vorschau-38-Zuercher-Logistik-Kolloquium_Organisator-449x350.jpg 449w\" sizes=\"auto, (max-width: 680px) 100vw, 680px\" \/><\/p>\n<p>Die Dr. Ac\u00e9l &amp; Partner AG l\u00e4dt am <strong>Dienstag, 2. Mai<\/strong> <strong>2023<\/strong>, 17.15 Uhr in Zusammenarbeit mit der ETH Z\u00fcrich zum traditionellen Z\u00fcrcher Logistik-Kolloquium ein. Drei Experten f\u00fchrender Unternehmen gew\u00e4hren Einblicke in ihre Projekte und Erfolge. Die Teilnehmenden erfahren aus erster Hand von klug genutzten Potenzialen, praxisorientierter Erfahrung und erfolgsrelevanten Ideen und Trends.<\/p>\n<p>Die Expertenvortr\u00e4ge finden dieses Jahr unter dem aktuellen Thema \u00abBuilding the Future\u00bb statt:<\/p>\n<ul>\n<li><strong>Logistikzentrum \u2013 neue Massst\u00e4be: <\/strong>Prozess- und Serviceorientierung, Handel, Shape-Follows-Function, Geb\u00e4udeplanung in Z\u00fcrich City, Automatisierung. Referent: <strong>Dr. Jean Philippe Burkhalter,<\/strong> Leiter Operations (COO), Mitglied der Gesch\u00e4ftsleitung Elektro-Material AG, Z\u00fcrich.<\/li>\n<li><strong>Stromversorgung: Eine logistische Aufgabe? <\/strong>Versorgungssicherheit, k\u00fcnftige Stromerzeugung, Anforderungen des Verbrauchs, \u00f6rtliche und zeitliche Verf\u00fcgbarkeit, Verantwortungen. Referent: <strong>Dr. Maurus Bachmann,<\/strong> Gesch\u00e4ftsf\u00fchrer Verein Smart Grid Schweiz, Nidau.<\/li>\n<li><strong>Stuttgart 21: Herausforderung an die Entsorgungslogistik:<\/strong> Grossprojekt DB, Baustelleneinrichtung und -verkehre, Sch\u00fcttgut-Wechselbeh\u00e4lter. Referent: <strong>Dipl. ing. Wolf-Dieter Tigges,<\/strong>\u00a0Leiter Technik S-Bahn Frankfurt-Friedberg \/ Gateway-Gardens, DB Netz AG, Frankfurt a. Main<\/li>\n<\/ul>\n<p>Die drei Praxis-Referate sch\u00e4rfen den Blick f\u00fcr das Wesentliche, erweitern Perspektiven und \u00fcberraschen durch eine unkonventionelle Herangehensweise. Die Teilnehmenden haben Gelegenheit, bei den Pr\u00e4sentationen oder dem Ap\u00e9ro riche Gespr\u00e4che mit den Referenten, Experten und G\u00e4sten zu suchen.<\/p>\n<blockquote>\n<h3><strong>Das Wichtigste in K\u00fcrze<\/strong><\/h3>\n<p><strong>Datum<\/strong>: Dienstag, 2. Mai 2022, 17.15 Uhr<\/p>\n<p><strong>Ort<\/strong>: Dozentenfoyer der ETH Z\u00fcrich, R\u00e4mistrasse 101, 8092 Z\u00fcrich<\/p>\n<p><strong>Teilnahme:<\/strong> CHF 120.-<\/p>\n<p><strong>Anmeldung<\/strong> \u2013 schnell, einfach und bequem unter <a href=\"https:\/\/www.acel.ch\/aktuelles\/veranstaltungen\/\">https:\/\/www.acel.ch\/aktuelles\/veranstaltungen\/<\/a> oder auf <a href=\"mailto:info@acel.ch\">info@acel.ch<\/a><\/p>\n<p><strong>Anmeldeschluss:<\/strong> Donnerstag, 27. April 2023<\/p>\n<p>Begrenzte Anzahl Teilnehmerpl\u00e4tze!<\/p><\/blockquote>\n","protected":false},"excerpt":{"rendered":"<p>Am 2. Mai 2023 findet das 38. Z\u00fcrcher Logistik-Kolloquium, durchgef\u00fchrt von Dr. Ac\u00e9l &#038; Partner AG, statt. Unter dem Motto &#8222;Building the Future&#8220; werden einige Leuchtturm-Projekte pr\u00e4sentiert.<\/p>\n","protected":false},"author":4,"featured_media":19841,"comment_status":"closed","ping_status":"closed","sticky":false,"template":"","format":"standard","meta":{"_acf_changed":false,"_yoast_wpseo_focuskw":"Logistik-Kolloquium","_yoast_wpseo_metadesc":"Am 2. Mai 2023 findet an der ETH das 38. Z\u00fcrcher Logistik-Kolloquium, durchgef\u00fchrt von Dr. Ac\u00e9l & Partner AG, statt.","articlekey":"","footnotes":""},"categories":[28],"tags":[193,328,335],"class_list":["post-19840","post","type-post","status-publish","format-standard","has-post-thumbnail","hentry","category-management","tag-fachkongressfachmesse","tag-logistik","tag-management-und-unternehmensfuehrung"],"acf":[],"yoast_head":"<!-- This site is optimized with the Yoast SEO plugin v27.5 - https:\/\/yoast.com\/product\/yoast-seo-wordpress\/ -->\n<title>Vorschau 38. Z\u00fcrcher Logistik-Kolloquium - Organisator<\/title>\n<meta name=\"description\" content=\"Am 2. Mai 2023 findet an der ETH das 38. Z\u00fcrcher Logistik-Kolloquium, durchgef\u00fchrt von Dr. Ac\u00e9l &amp; Partner AG, statt.\" \/>\n<meta name=\"robots\" content=\"index, follow, max-snippet:-1, max-image-preview:large, max-video-preview:-1\" \/>\n<link rel=\"canonical\" href=\"https:\/\/www.organisator.ch\/de\/management\/2023-04-15\/vorschau-38-zuercher-logistik-kolloquium\/\" \/>\n<meta property=\"og:locale\" content=\"de_DE\" \/>\n<meta property=\"og:type\" content=\"article\" \/>\n<meta property=\"og:title\" content=\"Vorschau 38. Z\u00fcrcher Logistik-Kolloquium\" \/>\n<meta property=\"og:description\" content=\"Am 2. Mai 2023 findet an der ETH das 38. Z\u00fcrcher Logistik-Kolloquium, durchgef\u00fchrt von Dr. Ac\u00e9l &amp; Partner AG, statt.\" \/>\n<meta property=\"og:url\" content=\"https:\/\/www.organisator.ch\/de\/management\/2023-04-15\/vorschau-38-zuercher-logistik-kolloquium\/\" \/>\n<meta property=\"og:site_name\" content=\"Organisator\" \/>\n<meta property=\"article:publisher\" content=\"https:\/\/www.facebook.com\/OrganisatorFachmagazin\" \/>\n<meta property=\"article:published_time\" content=\"2023-04-15T06:49:14+00:00\" \/>\n<meta property=\"og:image\" content=\"https:\/\/www.organisator.ch\/wp-content\/uploads\/2023\/04\/Vorschau-38-Zuercher-Logistik-Kolloquium_Organisator.jpg\" \/>\n\t<meta property=\"og:image:width\" content=\"680\" \/>\n\t<meta property=\"og:image:height\" content=\"530\" \/>\n\t<meta property=\"og:image:type\" content=\"image\/jpeg\" \/>\n<meta name=\"author\" content=\"thomas.berner\" \/>\n<meta name=\"twitter:card\" content=\"summary_large_image\" \/>\n<meta name=\"twitter:title\" content=\"Vorschau 38. #Z\u00fcrcher #Logistik-Kolloquium\" \/>\n<meta name=\"twitter:description\" content=\"Am 2. Mai 2023 findet an der #ETH das 38. Z\u00fcrcher #Logistik-Kolloquium, durchgef\u00fchrt von Dr. #Ac\u00e9l &amp; Partner AG, statt.\" \/>\n<meta name=\"twitter:image\" content=\"https:\/\/www.organisator.ch\/wp-content\/uploads\/2023\/04\/Vorschau-38-Zuercher-Logistik-Kolloquium_Organisator.jpg\" \/>\n<script type=\"application\/ld+json\" class=\"yoast-schema-graph\">{\"@context\":\"https:\\\/\\\/schema.org\",\"@graph\":[{\"@type\":\"Article\",\"@id\":\"https:\\\/\\\/www.organisator.ch\\\/management\\\/2023-04-15\\\/vorschau-38-zuercher-logistik-kolloquium\\\/#article\",\"isPartOf\":{\"@id\":\"https:\\\/\\\/www.organisator.ch\\\/management\\\/2023-04-15\\\/vorschau-38-zuercher-logistik-kolloquium\\\/\"},\"author\":{\"name\":\"thomas.berner\",\"@id\":\"https:\\\/\\\/www.organisator.ch\\\/#\\\/schema\\\/person\\\/6f650f90b2842cd4c0cc334b4e36f67e\"},\"headline\":\"Vorschau 38. Z\u00fcrcher Logistik-Kolloquium\",\"datePublished\":\"2023-04-15T06:49:14+00:00\",\"mainEntityOfPage\":{\"@id\":\"https:\\\/\\\/www.organisator.ch\\\/management\\\/2023-04-15\\\/vorschau-38-zuercher-logistik-kolloquium\\\/\"},\"wordCount\":253,\"publisher\":{\"@id\":\"https:\\\/\\\/www.organisator.ch\\\/#organization\"},\"image\":{\"@id\":\"https:\\\/\\\/www.organisator.ch\\\/management\\\/2023-04-15\\\/vorschau-38-zuercher-logistik-kolloquium\\\/#primaryimage\"},\"thumbnailUrl\":\"https:\\\/\\\/www.organisator.ch\\\/wp-content\\\/uploads\\\/2023\\\/04\\\/Vorschau-38-Zuercher-Logistik-Kolloquium_Organisator.jpg\",\"keywords\":[\"Fachkongress\\\/Fachmesse\",\"Logistik\",\"Management und Unternehmensf\u00fchrung\"],\"articleSection\":[\"MANAGEMENT\"],\"inLanguage\":\"de\"},{\"@type\":\"WebPage\",\"@id\":\"https:\\\/\\\/www.organisator.ch\\\/management\\\/2023-04-15\\\/vorschau-38-zuercher-logistik-kolloquium\\\/\",\"url\":\"https:\\\/\\\/www.organisator.ch\\\/management\\\/2023-04-15\\\/vorschau-38-zuercher-logistik-kolloquium\\\/\",\"name\":\"Vorschau 38. Z\u00fcrcher Logistik-Kolloquium - Organisator\",\"isPartOf\":{\"@id\":\"https:\\\/\\\/www.organisator.ch\\\/#website\"},\"primaryImageOfPage\":{\"@id\":\"https:\\\/\\\/www.organisator.ch\\\/management\\\/2023-04-15\\\/vorschau-38-zuercher-logistik-kolloquium\\\/#primaryimage\"},\"image\":{\"@id\":\"https:\\\/\\\/www.organisator.ch\\\/management\\\/2023-04-15\\\/vorschau-38-zuercher-logistik-kolloquium\\\/#primaryimage\"},\"thumbnailUrl\":\"https:\\\/\\\/www.organisator.ch\\\/wp-content\\\/uploads\\\/2023\\\/04\\\/Vorschau-38-Zuercher-Logistik-Kolloquium_Organisator.jpg\",\"datePublished\":\"2023-04-15T06:49:14+00:00\",\"description\":\"Am 2. Mai 2023 findet an der ETH das 38. Z\u00fcrcher Logistik-Kolloquium, durchgef\u00fchrt von Dr. Ac\u00e9l & Partner AG, statt.\",\"breadcrumb\":{\"@id\":\"https:\\\/\\\/www.organisator.ch\\\/management\\\/2023-04-15\\\/vorschau-38-zuercher-logistik-kolloquium\\\/#breadcrumb\"},\"inLanguage\":\"de\",\"potentialAction\":[{\"@type\":\"ReadAction\",\"target\":[\"https:\\\/\\\/www.organisator.ch\\\/management\\\/2023-04-15\\\/vorschau-38-zuercher-logistik-kolloquium\\\/\"]}]},{\"@type\":\"ImageObject\",\"inLanguage\":\"de\",\"@id\":\"https:\\\/\\\/www.organisator.ch\\\/management\\\/2023-04-15\\\/vorschau-38-zuercher-logistik-kolloquium\\\/#primaryimage\",\"url\":\"https:\\\/\\\/www.organisator.ch\\\/wp-content\\\/uploads\\\/2023\\\/04\\\/Vorschau-38-Zuercher-Logistik-Kolloquium_Organisator.jpg\",\"contentUrl\":\"https:\\\/\\\/www.organisator.ch\\\/wp-content\\\/uploads\\\/2023\\\/04\\\/Vorschau-38-Zuercher-Logistik-Kolloquium_Organisator.jpg\",\"width\":680,\"height\":530},{\"@type\":\"BreadcrumbList\",\"@id\":\"https:\\\/\\\/www.organisator.ch\\\/management\\\/2023-04-15\\\/vorschau-38-zuercher-logistik-kolloquium\\\/#breadcrumb\",\"itemListElement\":[{\"@type\":\"ListItem\",\"position\":1,\"name\":\"Home\",\"item\":\"https:\\\/\\\/www.organisator.ch\\\/\"},{\"@type\":\"ListItem\",\"position\":2,\"name\":\"Vorschau 38. Z\u00fcrcher Logistik-Kolloquium\"}]},{\"@type\":\"WebSite\",\"@id\":\"https:\\\/\\\/www.organisator.ch\\\/#website\",\"url\":\"https:\\\/\\\/www.organisator.ch\\\/\",\"name\":\"Organisator\",\"description\":\"Kompetent. Praxisnah. Der ORGANISATOR bereitet in 10 Ausgaben pro Jahr die wesentlichen Themen f\u00fcr F\u00fchrungskr\u00e4fte von KMU auf.\",\"publisher\":{\"@id\":\"https:\\\/\\\/www.organisator.ch\\\/#organization\"},\"potentialAction\":[{\"@type\":\"SearchAction\",\"target\":{\"@type\":\"EntryPoint\",\"urlTemplate\":\"https:\\\/\\\/www.organisator.ch\\\/?s={search_term_string}\"},\"query-input\":{\"@type\":\"PropertyValueSpecification\",\"valueRequired\":true,\"valueName\":\"search_term_string\"}}],\"inLanguage\":\"de\"},{\"@type\":\"Organization\",\"@id\":\"https:\\\/\\\/www.organisator.ch\\\/#organization\",\"name\":\"Organisator\",\"url\":\"https:\\\/\\\/www.organisator.ch\\\/\",\"logo\":{\"@type\":\"ImageObject\",\"inLanguage\":\"de\",\"@id\":\"https:\\\/\\\/www.organisator.ch\\\/#\\\/schema\\\/logo\\\/image\\\/\",\"url\":\"https:\\\/\\\/www.organisator.ch\\\/wp-content\\\/uploads\\\/2022\\\/01\\\/Logo_Organisator_Website.png\",\"contentUrl\":\"https:\\\/\\\/www.organisator.ch\\\/wp-content\\\/uploads\\\/2022\\\/01\\\/Logo_Organisator_Website.png\",\"width\":800,\"height\":77,\"caption\":\"Organisator\"},\"image\":{\"@id\":\"https:\\\/\\\/www.organisator.ch\\\/#\\\/schema\\\/logo\\\/image\\\/\"},\"sameAs\":[\"https:\\\/\\\/www.facebook.com\\\/OrganisatorFachmagazin\",\"https:\\\/\\\/www.linkedin.com\\\/showcase\\\/organisator-das-magazin-fr-kmu\",\"https:\\\/\\\/www.xing.com\\\/news\\\/pages\\\/organisator-ch-695\",\"https:\\\/\\\/www.youtube.com\\\/channel\\\/UCGP2Sq0iWaZwT3BdIAQFYpw\"]},{\"@type\":\"Person\",\"@id\":\"https:\\\/\\\/www.organisator.ch\\\/#\\\/schema\\\/person\\\/6f650f90b2842cd4c0cc334b4e36f67e\",\"name\":\"thomas.berner\",\"image\":{\"@type\":\"ImageObject\",\"inLanguage\":\"de\",\"@id\":\"https:\\\/\\\/secure.gravatar.com\\\/avatar\\\/ac5001d2a36cb6c6cd3e50789007ffca834b477b74a2144564522e944eabff61?s=96&d=mm&r=g\",\"url\":\"https:\\\/\\\/secure.gravatar.com\\\/avatar\\\/ac5001d2a36cb6c6cd3e50789007ffca834b477b74a2144564522e944eabff61?s=96&d=mm&r=g\",\"contentUrl\":\"https:\\\/\\\/secure.gravatar.com\\\/avatar\\\/ac5001d2a36cb6c6cd3e50789007ffca834b477b74a2144564522e944eabff61?s=96&d=mm&r=g\",\"caption\":\"thomas.berner\"},\"url\":\"https:\\\/\\\/www.organisator.ch\\\/de\\\/author\\\/thomas-berner\\\/\"}]}<\/script>\n<!-- \/ Yoast SEO plugin. -->","yoast_head_json":{"title":"Vorschau 38. Z\u00fcrcher Logistik-Kolloquium - Organisator","description":"Am 2. Mai 2023 findet an der ETH das 38. Z\u00fcrcher Logistik-Kolloquium, durchgef\u00fchrt von Dr. Ac\u00e9l & Partner AG, statt.","robots":{"index":"index","follow":"follow","max-snippet":"max-snippet:-1","max-image-preview":"max-image-preview:large","max-video-preview":"max-video-preview:-1"},"canonical":"https:\/\/www.organisator.ch\/de\/management\/2023-04-15\/vorschau-38-zuercher-logistik-kolloquium\/","og_locale":"de_DE","og_type":"article","og_title":"Vorschau 38. Z\u00fcrcher Logistik-Kolloquium","og_description":"Am 2. Mai 2023 findet an der ETH das 38. Z\u00fcrcher Logistik-Kolloquium, durchgef\u00fchrt von Dr. Ac\u00e9l & Partner AG, statt.","og_url":"https:\/\/www.organisator.ch\/de\/management\/2023-04-15\/vorschau-38-zuercher-logistik-kolloquium\/","og_site_name":"Organisator","article_publisher":"https:\/\/www.facebook.com\/OrganisatorFachmagazin","article_published_time":"2023-04-15T06:49:14+00:00","og_image":[{"width":680,"height":530,"url":"https:\/\/www.organisator.ch\/wp-content\/uploads\/2023\/04\/Vorschau-38-Zuercher-Logistik-Kolloquium_Organisator.jpg","type":"image\/jpeg"}],"author":"thomas.berner","twitter_card":"summary_large_image","twitter_title":"Vorschau 38. #Z\u00fcrcher #Logistik-Kolloquium","twitter_description":"Am 2. Mai 2023 findet an der #ETH das 38. Z\u00fcrcher #Logistik-Kolloquium, durchgef\u00fchrt von Dr. #Ac\u00e9l & Partner AG, statt.","twitter_image":"https:\/\/www.organisator.ch\/wp-content\/uploads\/2023\/04\/Vorschau-38-Zuercher-Logistik-Kolloquium_Organisator.jpg","schema":{"@context":"https:\/\/schema.org","@graph":[{"@type":"Article","@id":"https:\/\/www.organisator.ch\/management\/2023-04-15\/vorschau-38-zuercher-logistik-kolloquium\/#article","isPartOf":{"@id":"https:\/\/www.organisator.ch\/management\/2023-04-15\/vorschau-38-zuercher-logistik-kolloquium\/"},"author":{"name":"thomas.berner","@id":"https:\/\/www.organisator.ch\/#\/schema\/person\/6f650f90b2842cd4c0cc334b4e36f67e"},"headline":"Vorschau 38. Z\u00fcrcher Logistik-Kolloquium","datePublished":"2023-04-15T06:49:14+00:00","mainEntityOfPage":{"@id":"https:\/\/www.organisator.ch\/management\/2023-04-15\/vorschau-38-zuercher-logistik-kolloquium\/"},"wordCount":253,"publisher":{"@id":"https:\/\/www.organisator.ch\/#organization"},"image":{"@id":"https:\/\/www.organisator.ch\/management\/2023-04-15\/vorschau-38-zuercher-logistik-kolloquium\/#primaryimage"},"thumbnailUrl":"https:\/\/www.organisator.ch\/wp-content\/uploads\/2023\/04\/Vorschau-38-Zuercher-Logistik-Kolloquium_Organisator.jpg","keywords":["Fachkongress\/Fachmesse","Logistik","Management und Unternehmensf\u00fchrung"],"articleSection":["MANAGEMENT"],"inLanguage":"de"},{"@type":"WebPage","@id":"https:\/\/www.organisator.ch\/management\/2023-04-15\/vorschau-38-zuercher-logistik-kolloquium\/","url":"https:\/\/www.organisator.ch\/management\/2023-04-15\/vorschau-38-zuercher-logistik-kolloquium\/","name":"Vorschau 38. Z\u00fcrcher Logistik-Kolloquium - Organisator","isPartOf":{"@id":"https:\/\/www.organisator.ch\/#website"},"primaryImageOfPage":{"@id":"https:\/\/www.organisator.ch\/management\/2023-04-15\/vorschau-38-zuercher-logistik-kolloquium\/#primaryimage"},"image":{"@id":"https:\/\/www.organisator.ch\/management\/2023-04-15\/vorschau-38-zuercher-logistik-kolloquium\/#primaryimage"},"thumbnailUrl":"https:\/\/www.organisator.ch\/wp-content\/uploads\/2023\/04\/Vorschau-38-Zuercher-Logistik-Kolloquium_Organisator.jpg","datePublished":"2023-04-15T06:49:14+00:00","description":"Am 2. Mai 2023 findet an der ETH das 38. Z\u00fcrcher Logistik-Kolloquium, durchgef\u00fchrt von Dr. Ac\u00e9l & Partner AG, statt.","breadcrumb":{"@id":"https:\/\/www.organisator.ch\/management\/2023-04-15\/vorschau-38-zuercher-logistik-kolloquium\/#breadcrumb"},"inLanguage":"de","potentialAction":[{"@type":"ReadAction","target":["https:\/\/www.organisator.ch\/management\/2023-04-15\/vorschau-38-zuercher-logistik-kolloquium\/"]}]},{"@type":"ImageObject","inLanguage":"de","@id":"https:\/\/www.organisator.ch\/management\/2023-04-15\/vorschau-38-zuercher-logistik-kolloquium\/#primaryimage","url":"https:\/\/www.organisator.ch\/wp-content\/uploads\/2023\/04\/Vorschau-38-Zuercher-Logistik-Kolloquium_Organisator.jpg","contentUrl":"https:\/\/www.organisator.ch\/wp-content\/uploads\/2023\/04\/Vorschau-38-Zuercher-Logistik-Kolloquium_Organisator.jpg","width":680,"height":530},{"@type":"BreadcrumbList","@id":"https:\/\/www.organisator.ch\/management\/2023-04-15\/vorschau-38-zuercher-logistik-kolloquium\/#breadcrumb","itemListElement":[{"@type":"ListItem","position":1,"name":"Home","item":"https:\/\/www.organisator.ch\/"},{"@type":"ListItem","position":2,"name":"Vorschau 38. Z\u00fcrcher Logistik-Kolloquium"}]},{"@type":"WebSite","@id":"https:\/\/www.organisator.ch\/#website","url":"https:\/\/www.organisator.ch\/","name":"Organisator","description":"Kompetent. Praxisnah. Der ORGANISATOR bereitet in 10 Ausgaben pro Jahr die wesentlichen Themen f\u00fcr F\u00fchrungskr\u00e4fte von KMU auf.","publisher":{"@id":"https:\/\/www.organisator.ch\/#organization"},"potentialAction":[{"@type":"SearchAction","target":{"@type":"EntryPoint","urlTemplate":"https:\/\/www.organisator.ch\/?s={search_term_string}"},"query-input":{"@type":"PropertyValueSpecification","valueRequired":true,"valueName":"search_term_string"}}],"inLanguage":"de"},{"@type":"Organization","@id":"https:\/\/www.organisator.ch\/#organization","name":"Organisator","url":"https:\/\/www.organisator.ch\/","logo":{"@type":"ImageObject","inLanguage":"de","@id":"https:\/\/www.organisator.ch\/#\/schema\/logo\/image\/","url":"https:\/\/www.organisator.ch\/wp-content\/uploads\/2022\/01\/Logo_Organisator_Website.png","contentUrl":"https:\/\/www.organisator.ch\/wp-content\/uploads\/2022\/01\/Logo_Organisator_Website.png","width":800,"height":77,"caption":"Organisator"},"image":{"@id":"https:\/\/www.organisator.ch\/#\/schema\/logo\/image\/"},"sameAs":["https:\/\/www.facebook.com\/OrganisatorFachmagazin","https:\/\/www.linkedin.com\/showcase\/organisator-das-magazin-fr-kmu","https:\/\/www.xing.com\/news\/pages\/organisator-ch-695","https:\/\/www.youtube.com\/channel\/UCGP2Sq0iWaZwT3BdIAQFYpw"]},{"@type":"Person","@id":"https:\/\/www.organisator.ch\/#\/schema\/person\/6f650f90b2842cd4c0cc334b4e36f67e","name":"thomas.berner","image":{"@type":"ImageObject","inLanguage":"de","@id":"https:\/\/secure.gravatar.com\/avatar\/ac5001d2a36cb6c6cd3e50789007ffca834b477b74a2144564522e944eabff61?s=96&d=mm&r=g","url":"https:\/\/secure.gravatar.com\/avatar\/ac5001d2a36cb6c6cd3e50789007ffca834b477b74a2144564522e944eabff61?s=96&d=mm&r=g","contentUrl":"https:\/\/secure.gravatar.com\/avatar\/ac5001d2a36cb6c6cd3e50789007ffca834b477b74a2144564522e944eabff61?s=96&d=mm&r=g","caption":"thomas.berner"},"url":"https:\/\/www.organisator.ch\/de\/author\/thomas-berner\/"}]}},"_links":{"self":[{"href":"https:\/\/www.organisator.ch\/de\/wp-json\/wp\/v2\/posts\/19840","targetHints":{"allow":["GET"]}}],"collection":[{"href":"https:\/\/www.organisator.ch\/de\/wp-json\/wp\/v2\/posts"}],"about":[{"href":"https:\/\/www.organisator.ch\/de\/wp-json\/wp\/v2\/types\/post"}],"author":[{"embeddable":true,"href":"https:\/\/www.organisator.ch\/de\/wp-json\/wp\/v2\/users\/4"}],"replies":[{"embeddable":true,"href":"https:\/\/www.organisator.ch\/de\/wp-json\/wp\/v2\/comments?post=19840"}],"version-history":[{"count":1,"href":"https:\/\/www.organisator.ch\/de\/wp-json\/wp\/v2\/posts\/19840\/revisions"}],"predecessor-version":[{"id":19842,"href":"https:\/\/www.organisator.ch\/de\/wp-json\/wp\/v2\/posts\/19840\/revisions\/19842"}],"wp:featuredmedia":[{"embeddable":true,"href":"https:\/\/www.organisator.ch\/de\/wp-json\/wp\/v2\/media\/19841"}],"wp:attachment":[{"href":"https:\/\/www.organisator.ch\/de\/wp-json\/wp\/v2\/media?parent=19840"}],"wp:term":[{"taxonomy":"category","embeddable":true,"href":"https:\/\/www.organisator.ch\/de\/wp-json\/wp\/v2\/categories?post=19840"},{"taxonomy":"post_tag","embeddable":true,"href":"https:\/\/www.organisator.ch\/de\/wp-json\/wp\/v2\/tags?post=19840"}],"curies":[{"name":"wp","href":"https:\/\/api.w.org\/{rel}","templated":true}]}}