{"id":1989,"date":"2017-06-01T17:01:43","date_gmt":"2017-06-01T15:01:43","guid":{"rendered":"https:\/\/www.organisator.ch\/?p=1989"},"modified":"2017-06-01T17:01:43","modified_gmt":"2017-06-01T15:01:43","slug":"wettbewerbsfaehigkeit-das-sind-die-spitzenreiter","status":"publish","type":"post","link":"https:\/\/www.organisator.ch\/de\/allgemein\/2017-06-01\/wettbewerbsfaehigkeit-das-sind-die-spitzenreiter\/","title":{"rendered":"Wettbewerbsf\u00e4higkeit: Das sind die Spitzenreiter"},"content":{"rendered":"<figure id=\"attachment_1991\" aria-describedby=\"caption-attachment-1991\" style=\"width: 640px\" class=\"wp-caption alignnone\"><img loading=\"lazy\" decoding=\"async\" class=\"size-full wp-image-1991\" src=\"https:\/\/www.organisator.ch\/wp-content\/uploads\/2017\/06\/Wettbewerbsfaehigkeit-Das-sind-die-Spitzenreiter-1_Organisator.jpg\" alt=\"\" width=\"640\" height=\"295\" srcset=\"https:\/\/www.organisator.ch\/wp-content\/uploads\/2017\/06\/Wettbewerbsfaehigkeit-Das-sind-die-Spitzenreiter-1_Organisator.jpg 640w, https:\/\/www.organisator.ch\/wp-content\/uploads\/2017\/06\/Wettbewerbsfaehigkeit-Das-sind-die-Spitzenreiter-1_Organisator-16x7.jpg 16w, https:\/\/www.organisator.ch\/wp-content\/uploads\/2017\/06\/Wettbewerbsfaehigkeit-Das-sind-die-Spitzenreiter-1_Organisator-375x173.jpg 375w, https:\/\/www.organisator.ch\/wp-content\/uploads\/2017\/06\/Wettbewerbsfaehigkeit-Das-sind-die-Spitzenreiter-1_Organisator-300x138.jpg 300w\" sizes=\"auto, (max-width: 640px) 100vw, 640px\" \/><figcaption id=\"caption-attachment-1991\" class=\"wp-caption-text\">Im neuesten Ranking der globalen Wettbewerbsf\u00e4higkeit zeichnet sich eine neue Elite ab. (Grafik: obs\/IMD International)<\/figcaption><\/figure>\n<p>Das IMD World Competitiveness Center, ein Forschungszentrum an der IMD Business School in der Schweiz, ver\u00f6ffentlicht seit 1989 im Jahresrhythmus eine Rangliste der wettbewerbsf\u00e4higsten L\u00e4nder\u00a0und nimmt die Aufstellung basierend auf 260 Indikatoren vor. Dieses Jahr wurden 63 L\u00e4nder gelistet, unter ihnen waren auch zum ersten Mal Zypern und Saudi-Arabien.<\/p>\n<p>Hongkong konnte seine starke Position\u00a0in diesem Ranking der Wettbewerbsf\u00e4higkeit\u00a0festigen und ist das zweite Jahr in Folge Spitzenreiter. Die Schweiz und Singapur landeten jeweils auf dem zweiten und dritten Platz. Dahingegen rutschten die USA vom dritten Platz im Vorjahr auf den vierten Platz ab und erzielten damit die schlechteste Platzierung der letzten f\u00fcnf Jahre. Die Niederlande machten im Vergleich zum Vorjahr einen Sprung von Platz acht auf Platz f\u00fcnf.<\/p>\n<p>Bei den L\u00e4ndern, die sich am st\u00e4rksten verbesserten, fielen vor allem Indikatoren im Zusammenhang mit Unternehmens- und Regierungseffizienz sowie Produktivit\u00e4t auf, so Professor Arturo Bris, Direktor des IMD\u00a0World Competitiveness Center. &#8222;In diesen L\u00e4ndern wurde ein unternehmerfreundliches Umfeld aufrechterhalten, in dem Offenheit und Produktivit\u00e4t gef\u00f6rdert werden&#8220;, erkl\u00e4rte Bris. &#8222;China zum Beispiel stieg von Platz 18 auf und machte sieben Pl\u00e4tze wett. Das l\u00e4sst sich auf das Engagement im Bereich internationaler Handel zur\u00fcckf\u00fchren, wodurch die Wirtschaft weiter angekurbelt und die Unternehmens- sowie Regierungseffizienz verbessert wird.&#8220; Die letzten R\u00e4nge werden derweil von L\u00e4ndern eingenommen, die von\u00a0politischen und wirtschaftlichen Umbr\u00fcchen gepr\u00e4gt sind.<\/p>\n<p><strong>Wie steht es um die digitale Wettbewerbsf\u00e4higkeit?<\/strong><\/p>\n<p>Zum ersten Mal ver\u00f6ffentlichte das IMD World Competitiveness Center dieses Jahr einen separaten Bericht und erstellte ein Ranking basierend auf der digitalen Wettbewerbsf\u00e4higkeit der L\u00e4nder. Mit dem Digital Competitiveness Ranking soll die F\u00e4higkeit der L\u00e4nder bewertet werden, digitale Technologien zu nutzen und zu erforschen, die Ver\u00e4nderungen in der Regierungsf\u00fchrung, bei Unternehmensmodellen und in der Gesellschaft im Allgemeinen herbeif\u00fchren.<\/p>\n<p>Hier liegt Singapur an der Spitze, gefolgt von Schweden, den USA, Finnland und D\u00e4nemark. &#8222;Es steht fest, dass ein f\u00f6rdernder und inklusiver Ansatz der Regierungsbeh\u00f6rden technologische Innovationen vorantreibt&#8220;, so Bris. &#8222;In Singapur und Schweden wurde eine Regulierung entwickelt, die auf das verf\u00fcgbare Fachwissen setzt: so wurde zum Beispiel eine Regulierung eingef\u00fchrt, dank der ausl\u00e4ndische Fachkr\u00e4fte den im Inland verf\u00fcgbaren Pool erg\u00e4nzen k\u00f6nnen. Die USA konzentrieren sich eher darauf, die Forschung zu st\u00e4rken und neue Ideen hervorzubringen, historisch gesehen hat sich die Regierung des Landes jedoch immer f\u00fcr technologische Innovationen eingesetzt. Das zeigt, dass die Regierung in L\u00e4ndern, die im Bereich Digitales wettbewerbsf\u00e4hig sind, die\u00a0Einf\u00fchrung neuer Technologien f\u00f6rdert.&#8220;<\/p>\n<p><strong>Die ausf\u00fchrliche Rangliste:<\/strong><\/p>\n<figure id=\"attachment_1992\" aria-describedby=\"caption-attachment-1992\" style=\"width: 452px\" class=\"wp-caption alignnone\"><img loading=\"lazy\" decoding=\"async\" class=\"size-full wp-image-1992\" src=\"https:\/\/www.organisator.ch\/wp-content\/uploads\/2017\/06\/Wettbewerbsfaehigkeit-Das-sind-die-Spitzenreiter-2_Organisator.jpg\" alt=\"\" width=\"452\" height=\"640\" srcset=\"https:\/\/www.organisator.ch\/wp-content\/uploads\/2017\/06\/Wettbewerbsfaehigkeit-Das-sind-die-Spitzenreiter-2_Organisator.jpg 452w, https:\/\/www.organisator.ch\/wp-content\/uploads\/2017\/06\/Wettbewerbsfaehigkeit-Das-sind-die-Spitzenreiter-2_Organisator-8x12.jpg 8w, https:\/\/www.organisator.ch\/wp-content\/uploads\/2017\/06\/Wettbewerbsfaehigkeit-Das-sind-die-Spitzenreiter-2_Organisator-124x175.jpg 124w, https:\/\/www.organisator.ch\/wp-content\/uploads\/2017\/06\/Wettbewerbsfaehigkeit-Das-sind-die-Spitzenreiter-2_Organisator-247x350.jpg 247w, https:\/\/www.organisator.ch\/wp-content\/uploads\/2017\/06\/Wettbewerbsfaehigkeit-Das-sind-die-Spitzenreiter-2_Organisator-300x425.jpg 300w\" sizes=\"auto, (max-width: 452px) 100vw, 452px\" \/><figcaption id=\"caption-attachment-1992\" class=\"wp-caption-text\">Grafik: obs\/IMD International<\/figcaption><\/figure>\n<p><em>Quelle:\u00a0<a href=\"http:\/\/www.imd.org\/\">www.imd.org<\/a><\/em><\/p>\n<p>&nbsp;<\/p>\n","protected":false},"excerpt":{"rendered":"<p>Das IMD World Competitiveness Center, ein Forschungszentrum an der IMD Business School in der Schweiz, ver\u00f6ffentlicht seit 1989 im Jahresrhythmus eine Rangliste der wettbewerbsf\u00e4higsten L\u00e4nder\u00a0und nimmt die Aufstellung basierend auf 260 Indikatoren vor. Dieses Jahr wurden 63 L\u00e4nder gelistet, unter ihnen waren auch zum ersten Mal Zypern und Saudi-Arabien. Hongkong konnte seine starke Position\u00a0in diesem [&hellip;]<\/p>\n","protected":false},"author":4,"featured_media":1991,"comment_status":"open","ping_status":"open","sticky":false,"template":"","format":"standard","meta":{"_acf_changed":false,"_yoast_wpseo_focuskw":"Wettbewerbsf\u00e4higkeit","_yoast_wpseo_metadesc":"Die wettbewerbsf\u00e4higsten L\u00e4nder der Welt ringen weiter um die Spitzenpositionen im IMD World Competitiveness Yearbook. Die USA sind nicht mehr in den Top 3.","articlekey":"","footnotes":""},"categories":[1],"tags":[340,404,508,523,531],"class_list":["post-1989","post","type-post","status-publish","format-standard","has-post-thumbnail","hentry","category-allgemein","tag-maerkte","tag-ranking","tag-vermischtes","tag-wettbewerbsfaehigkeit","tag-wirtschaftspolitik"],"acf":[],"yoast_head":"<!-- This site is optimized with the Yoast SEO plugin v27.5 - https:\/\/yoast.com\/product\/yoast-seo-wordpress\/ -->\n<title>Wettbewerbsf\u00e4higkeit: Das sind die Spitzenreiter - Organisator<\/title>\n<meta name=\"description\" content=\"Die wettbewerbsf\u00e4higsten L\u00e4nder der Welt ringen weiter um die Spitzenpositionen im IMD World Competitiveness Yearbook. Die USA sind nicht mehr in den Top 3.\" \/>\n<meta name=\"robots\" content=\"index, follow, max-snippet:-1, max-image-preview:large, max-video-preview:-1\" \/>\n<link rel=\"canonical\" href=\"https:\/\/www.organisator.ch\/de\/allgemein\/2017-06-01\/wettbewerbsfaehigkeit-das-sind-die-spitzenreiter\/\" \/>\n<meta property=\"og:locale\" content=\"de_DE\" \/>\n<meta property=\"og:type\" content=\"article\" \/>\n<meta property=\"og:title\" content=\"Wettbewerbsf\u00e4higkeit: Das sind die Spitzenreiter\" \/>\n<meta property=\"og:description\" content=\"Die wettbewerbsf\u00e4higsten L\u00e4nder der Welt ringen weiter um die Spitzenpositionen im #IMD World #Competitiveness Yearbook und die USA werden aus den Top 3 verdr\u00e4ngt.\" \/>\n<meta property=\"og:url\" content=\"https:\/\/www.organisator.ch\/de\/allgemein\/2017-06-01\/wettbewerbsfaehigkeit-das-sind-die-spitzenreiter\/\" \/>\n<meta property=\"og:site_name\" content=\"Organisator\" \/>\n<meta property=\"article:publisher\" content=\"https:\/\/www.facebook.com\/OrganisatorFachmagazin\" \/>\n<meta property=\"article:published_time\" content=\"2017-06-01T15:01:43+00:00\" \/>\n<meta property=\"og:image\" content=\"https:\/\/www.organisator.ch\/wp-content\/uploads\/2017\/06\/Wettbewerbsfaehigkeit-Das-sind-die-Spitzenreiter-1_Organisator.jpg\" \/>\n\t<meta property=\"og:image:width\" content=\"640\" \/>\n\t<meta property=\"og:image:height\" content=\"295\" \/>\n\t<meta property=\"og:image:type\" content=\"image\/jpeg\" \/>\n<meta name=\"author\" content=\"thomas.berner\" \/>\n<meta name=\"twitter:card\" content=\"summary_large_image\" \/>\n<meta name=\"twitter:title\" content=\"#Wettbewerbsf\u00e4higkeit: Das sind die #Spitzenreiter\" \/>\n<meta name=\"twitter:description\" content=\"Die wettbewerbsf\u00e4higsten L\u00e4nder der Welt ringen weiter um die Spitzenpositionen im #IMD World #Competitiveness Yearbook und die USA werden aus den Top 3 verdr\u00e4ngt.\" \/>\n<meta name=\"twitter:image\" content=\"https:\/\/www.organisator.ch\/wp-content\/uploads\/2017\/06\/Wettbewerbsf\u00e4higkeit-Das-sind-die-Spitzenreiter-1_Organisator.jpg\" \/>\n<script type=\"application\/ld+json\" class=\"yoast-schema-graph\">{\"@context\":\"https:\\\/\\\/schema.org\",\"@graph\":[{\"@type\":\"Article\",\"@id\":\"https:\\\/\\\/www.organisator.ch\\\/de\\\/allgemein\\\/2017-06-01\\\/wettbewerbsfaehigkeit-das-sind-die-spitzenreiter\\\/#article\",\"isPartOf\":{\"@id\":\"https:\\\/\\\/www.organisator.ch\\\/de\\\/allgemein\\\/2017-06-01\\\/wettbewerbsfaehigkeit-das-sind-die-spitzenreiter\\\/\"},\"author\":{\"name\":\"thomas.berner\",\"@id\":\"https:\\\/\\\/www.organisator.ch\\\/#\\\/schema\\\/person\\\/6f650f90b2842cd4c0cc334b4e36f67e\"},\"headline\":\"Wettbewerbsf\u00e4higkeit: Das sind die Spitzenreiter\",\"datePublished\":\"2017-06-01T15:01:43+00:00\",\"mainEntityOfPage\":{\"@id\":\"https:\\\/\\\/www.organisator.ch\\\/de\\\/allgemein\\\/2017-06-01\\\/wettbewerbsfaehigkeit-das-sind-die-spitzenreiter\\\/\"},\"wordCount\":486,\"commentCount\":0,\"publisher\":{\"@id\":\"https:\\\/\\\/www.organisator.ch\\\/#organization\"},\"image\":{\"@id\":\"https:\\\/\\\/www.organisator.ch\\\/de\\\/allgemein\\\/2017-06-01\\\/wettbewerbsfaehigkeit-das-sind-die-spitzenreiter\\\/#primaryimage\"},\"thumbnailUrl\":\"https:\\\/\\\/www.organisator.ch\\\/wp-content\\\/uploads\\\/2017\\\/06\\\/Wettbewerbsfaehigkeit-Das-sind-die-Spitzenreiter-1_Organisator.jpg\",\"keywords\":[\"M\u00e4rkte\",\"Ranking\",\"Vermischtes\",\"Wettbewerbsf\u00e4higkeit\",\"Wirtschaftspolitik\"],\"inLanguage\":\"de\"},{\"@type\":\"WebPage\",\"@id\":\"https:\\\/\\\/www.organisator.ch\\\/de\\\/allgemein\\\/2017-06-01\\\/wettbewerbsfaehigkeit-das-sind-die-spitzenreiter\\\/\",\"url\":\"https:\\\/\\\/www.organisator.ch\\\/de\\\/allgemein\\\/2017-06-01\\\/wettbewerbsfaehigkeit-das-sind-die-spitzenreiter\\\/\",\"name\":\"Wettbewerbsf\u00e4higkeit: Das sind die Spitzenreiter - Organisator\",\"isPartOf\":{\"@id\":\"https:\\\/\\\/www.organisator.ch\\\/#website\"},\"primaryImageOfPage\":{\"@id\":\"https:\\\/\\\/www.organisator.ch\\\/de\\\/allgemein\\\/2017-06-01\\\/wettbewerbsfaehigkeit-das-sind-die-spitzenreiter\\\/#primaryimage\"},\"image\":{\"@id\":\"https:\\\/\\\/www.organisator.ch\\\/de\\\/allgemein\\\/2017-06-01\\\/wettbewerbsfaehigkeit-das-sind-die-spitzenreiter\\\/#primaryimage\"},\"thumbnailUrl\":\"https:\\\/\\\/www.organisator.ch\\\/wp-content\\\/uploads\\\/2017\\\/06\\\/Wettbewerbsfaehigkeit-Das-sind-die-Spitzenreiter-1_Organisator.jpg\",\"datePublished\":\"2017-06-01T15:01:43+00:00\",\"description\":\"Die wettbewerbsf\u00e4higsten L\u00e4nder der Welt ringen weiter um die Spitzenpositionen im IMD World Competitiveness Yearbook. Die USA sind nicht mehr in den Top 3.\",\"breadcrumb\":{\"@id\":\"https:\\\/\\\/www.organisator.ch\\\/de\\\/allgemein\\\/2017-06-01\\\/wettbewerbsfaehigkeit-das-sind-die-spitzenreiter\\\/#breadcrumb\"},\"inLanguage\":\"de\",\"potentialAction\":[{\"@type\":\"ReadAction\",\"target\":[\"https:\\\/\\\/www.organisator.ch\\\/de\\\/allgemein\\\/2017-06-01\\\/wettbewerbsfaehigkeit-das-sind-die-spitzenreiter\\\/\"]}]},{\"@type\":\"ImageObject\",\"inLanguage\":\"de\",\"@id\":\"https:\\\/\\\/www.organisator.ch\\\/de\\\/allgemein\\\/2017-06-01\\\/wettbewerbsfaehigkeit-das-sind-die-spitzenreiter\\\/#primaryimage\",\"url\":\"https:\\\/\\\/www.organisator.ch\\\/wp-content\\\/uploads\\\/2017\\\/06\\\/Wettbewerbsfaehigkeit-Das-sind-die-Spitzenreiter-1_Organisator.jpg\",\"contentUrl\":\"https:\\\/\\\/www.organisator.ch\\\/wp-content\\\/uploads\\\/2017\\\/06\\\/Wettbewerbsfaehigkeit-Das-sind-die-Spitzenreiter-1_Organisator.jpg\",\"width\":640,\"height\":295,\"caption\":\"Im neuesten Ranken der globalen Wettbewerbsf\u00e4higkeit zeichnet sich eine neue Elite ab. (Grafik: obs\\\/IMD International)\"},{\"@type\":\"BreadcrumbList\",\"@id\":\"https:\\\/\\\/www.organisator.ch\\\/de\\\/allgemein\\\/2017-06-01\\\/wettbewerbsfaehigkeit-das-sind-die-spitzenreiter\\\/#breadcrumb\",\"itemListElement\":[{\"@type\":\"ListItem\",\"position\":1,\"name\":\"Home\",\"item\":\"https:\\\/\\\/www.organisator.ch\\\/\"},{\"@type\":\"ListItem\",\"position\":2,\"name\":\"Wettbewerbsf\u00e4higkeit: Das sind die Spitzenreiter\"}]},{\"@type\":\"WebSite\",\"@id\":\"https:\\\/\\\/www.organisator.ch\\\/#website\",\"url\":\"https:\\\/\\\/www.organisator.ch\\\/\",\"name\":\"Organisator\",\"description\":\"Kompetent. Praxisnah. Der ORGANISATOR bereitet in 10 Ausgaben pro Jahr die wesentlichen Themen f\u00fcr F\u00fchrungskr\u00e4fte von KMU auf.\",\"publisher\":{\"@id\":\"https:\\\/\\\/www.organisator.ch\\\/#organization\"},\"potentialAction\":[{\"@type\":\"SearchAction\",\"target\":{\"@type\":\"EntryPoint\",\"urlTemplate\":\"https:\\\/\\\/www.organisator.ch\\\/?s={search_term_string}\"},\"query-input\":{\"@type\":\"PropertyValueSpecification\",\"valueRequired\":true,\"valueName\":\"search_term_string\"}}],\"inLanguage\":\"de\"},{\"@type\":\"Organization\",\"@id\":\"https:\\\/\\\/www.organisator.ch\\\/#organization\",\"name\":\"Organisator\",\"url\":\"https:\\\/\\\/www.organisator.ch\\\/\",\"logo\":{\"@type\":\"ImageObject\",\"inLanguage\":\"de\",\"@id\":\"https:\\\/\\\/www.organisator.ch\\\/#\\\/schema\\\/logo\\\/image\\\/\",\"url\":\"https:\\\/\\\/www.organisator.ch\\\/wp-content\\\/uploads\\\/2022\\\/01\\\/Logo_Organisator_Website.png\",\"contentUrl\":\"https:\\\/\\\/www.organisator.ch\\\/wp-content\\\/uploads\\\/2022\\\/01\\\/Logo_Organisator_Website.png\",\"width\":800,\"height\":77,\"caption\":\"Organisator\"},\"image\":{\"@id\":\"https:\\\/\\\/www.organisator.ch\\\/#\\\/schema\\\/logo\\\/image\\\/\"},\"sameAs\":[\"https:\\\/\\\/www.facebook.com\\\/OrganisatorFachmagazin\",\"https:\\\/\\\/www.linkedin.com\\\/showcase\\\/organisator-das-magazin-fr-kmu\",\"https:\\\/\\\/www.xing.com\\\/news\\\/pages\\\/organisator-ch-695\",\"https:\\\/\\\/www.youtube.com\\\/channel\\\/UCGP2Sq0iWaZwT3BdIAQFYpw\"]},{\"@type\":\"Person\",\"@id\":\"https:\\\/\\\/www.organisator.ch\\\/#\\\/schema\\\/person\\\/6f650f90b2842cd4c0cc334b4e36f67e\",\"name\":\"thomas.berner\",\"image\":{\"@type\":\"ImageObject\",\"inLanguage\":\"de\",\"@id\":\"https:\\\/\\\/secure.gravatar.com\\\/avatar\\\/ac5001d2a36cb6c6cd3e50789007ffca834b477b74a2144564522e944eabff61?s=96&d=mm&r=g\",\"url\":\"https:\\\/\\\/secure.gravatar.com\\\/avatar\\\/ac5001d2a36cb6c6cd3e50789007ffca834b477b74a2144564522e944eabff61?s=96&d=mm&r=g\",\"contentUrl\":\"https:\\\/\\\/secure.gravatar.com\\\/avatar\\\/ac5001d2a36cb6c6cd3e50789007ffca834b477b74a2144564522e944eabff61?s=96&d=mm&r=g\",\"caption\":\"thomas.berner\"},\"url\":\"https:\\\/\\\/www.organisator.ch\\\/de\\\/author\\\/thomas-berner\\\/\"}]}<\/script>\n<!-- \/ Yoast SEO plugin. -->","yoast_head_json":{"title":"Wettbewerbsf\u00e4higkeit: Das sind die Spitzenreiter - Organisator","description":"Die wettbewerbsf\u00e4higsten L\u00e4nder der Welt ringen weiter um die Spitzenpositionen im IMD World Competitiveness Yearbook. Die USA sind nicht mehr in den Top 3.","robots":{"index":"index","follow":"follow","max-snippet":"max-snippet:-1","max-image-preview":"max-image-preview:large","max-video-preview":"max-video-preview:-1"},"canonical":"https:\/\/www.organisator.ch\/de\/allgemein\/2017-06-01\/wettbewerbsfaehigkeit-das-sind-die-spitzenreiter\/","og_locale":"de_DE","og_type":"article","og_title":"Wettbewerbsf\u00e4higkeit: Das sind die Spitzenreiter","og_description":"Die wettbewerbsf\u00e4higsten L\u00e4nder der Welt ringen weiter um die Spitzenpositionen im #IMD World #Competitiveness Yearbook und die USA werden aus den Top 3 verdr\u00e4ngt.","og_url":"https:\/\/www.organisator.ch\/de\/allgemein\/2017-06-01\/wettbewerbsfaehigkeit-das-sind-die-spitzenreiter\/","og_site_name":"Organisator","article_publisher":"https:\/\/www.facebook.com\/OrganisatorFachmagazin","article_published_time":"2017-06-01T15:01:43+00:00","og_image":[{"width":640,"height":295,"url":"https:\/\/www.organisator.ch\/wp-content\/uploads\/2017\/06\/Wettbewerbsfaehigkeit-Das-sind-die-Spitzenreiter-1_Organisator.jpg","type":"image\/jpeg"}],"author":"thomas.berner","twitter_card":"summary_large_image","twitter_title":"#Wettbewerbsf\u00e4higkeit: Das sind die #Spitzenreiter","twitter_description":"Die wettbewerbsf\u00e4higsten L\u00e4nder der Welt ringen weiter um die Spitzenpositionen im #IMD World #Competitiveness Yearbook und die USA werden aus den Top 3 verdr\u00e4ngt.","twitter_image":"https:\/\/www.organisator.ch\/wp-content\/uploads\/2017\/06\/Wettbewerbsf\u00e4higkeit-Das-sind-die-Spitzenreiter-1_Organisator.jpg","schema":{"@context":"https:\/\/schema.org","@graph":[{"@type":"Article","@id":"https:\/\/www.organisator.ch\/de\/allgemein\/2017-06-01\/wettbewerbsfaehigkeit-das-sind-die-spitzenreiter\/#article","isPartOf":{"@id":"https:\/\/www.organisator.ch\/de\/allgemein\/2017-06-01\/wettbewerbsfaehigkeit-das-sind-die-spitzenreiter\/"},"author":{"name":"thomas.berner","@id":"https:\/\/www.organisator.ch\/#\/schema\/person\/6f650f90b2842cd4c0cc334b4e36f67e"},"headline":"Wettbewerbsf\u00e4higkeit: Das sind die Spitzenreiter","datePublished":"2017-06-01T15:01:43+00:00","mainEntityOfPage":{"@id":"https:\/\/www.organisator.ch\/de\/allgemein\/2017-06-01\/wettbewerbsfaehigkeit-das-sind-die-spitzenreiter\/"},"wordCount":486,"commentCount":0,"publisher":{"@id":"https:\/\/www.organisator.ch\/#organization"},"image":{"@id":"https:\/\/www.organisator.ch\/de\/allgemein\/2017-06-01\/wettbewerbsfaehigkeit-das-sind-die-spitzenreiter\/#primaryimage"},"thumbnailUrl":"https:\/\/www.organisator.ch\/wp-content\/uploads\/2017\/06\/Wettbewerbsfaehigkeit-Das-sind-die-Spitzenreiter-1_Organisator.jpg","keywords":["M\u00e4rkte","Ranking","Vermischtes","Wettbewerbsf\u00e4higkeit","Wirtschaftspolitik"],"inLanguage":"de"},{"@type":"WebPage","@id":"https:\/\/www.organisator.ch\/de\/allgemein\/2017-06-01\/wettbewerbsfaehigkeit-das-sind-die-spitzenreiter\/","url":"https:\/\/www.organisator.ch\/de\/allgemein\/2017-06-01\/wettbewerbsfaehigkeit-das-sind-die-spitzenreiter\/","name":"Wettbewerbsf\u00e4higkeit: Das sind die Spitzenreiter - Organisator","isPartOf":{"@id":"https:\/\/www.organisator.ch\/#website"},"primaryImageOfPage":{"@id":"https:\/\/www.organisator.ch\/de\/allgemein\/2017-06-01\/wettbewerbsfaehigkeit-das-sind-die-spitzenreiter\/#primaryimage"},"image":{"@id":"https:\/\/www.organisator.ch\/de\/allgemein\/2017-06-01\/wettbewerbsfaehigkeit-das-sind-die-spitzenreiter\/#primaryimage"},"thumbnailUrl":"https:\/\/www.organisator.ch\/wp-content\/uploads\/2017\/06\/Wettbewerbsfaehigkeit-Das-sind-die-Spitzenreiter-1_Organisator.jpg","datePublished":"2017-06-01T15:01:43+00:00","description":"Die wettbewerbsf\u00e4higsten L\u00e4nder der Welt ringen weiter um die Spitzenpositionen im IMD World Competitiveness Yearbook. Die USA sind nicht mehr in den Top 3.","breadcrumb":{"@id":"https:\/\/www.organisator.ch\/de\/allgemein\/2017-06-01\/wettbewerbsfaehigkeit-das-sind-die-spitzenreiter\/#breadcrumb"},"inLanguage":"de","potentialAction":[{"@type":"ReadAction","target":["https:\/\/www.organisator.ch\/de\/allgemein\/2017-06-01\/wettbewerbsfaehigkeit-das-sind-die-spitzenreiter\/"]}]},{"@type":"ImageObject","inLanguage":"de","@id":"https:\/\/www.organisator.ch\/de\/allgemein\/2017-06-01\/wettbewerbsfaehigkeit-das-sind-die-spitzenreiter\/#primaryimage","url":"https:\/\/www.organisator.ch\/wp-content\/uploads\/2017\/06\/Wettbewerbsfaehigkeit-Das-sind-die-Spitzenreiter-1_Organisator.jpg","contentUrl":"https:\/\/www.organisator.ch\/wp-content\/uploads\/2017\/06\/Wettbewerbsfaehigkeit-Das-sind-die-Spitzenreiter-1_Organisator.jpg","width":640,"height":295,"caption":"Im neuesten Ranken der globalen Wettbewerbsf\u00e4higkeit zeichnet sich eine neue Elite ab. (Grafik: obs\/IMD International)"},{"@type":"BreadcrumbList","@id":"https:\/\/www.organisator.ch\/de\/allgemein\/2017-06-01\/wettbewerbsfaehigkeit-das-sind-die-spitzenreiter\/#breadcrumb","itemListElement":[{"@type":"ListItem","position":1,"name":"Home","item":"https:\/\/www.organisator.ch\/"},{"@type":"ListItem","position":2,"name":"Wettbewerbsf\u00e4higkeit: Das sind die Spitzenreiter"}]},{"@type":"WebSite","@id":"https:\/\/www.organisator.ch\/#website","url":"https:\/\/www.organisator.ch\/","name":"Organisator","description":"Kompetent. Praxisnah. Der ORGANISATOR bereitet in 10 Ausgaben pro Jahr die wesentlichen Themen f\u00fcr F\u00fchrungskr\u00e4fte von KMU auf.","publisher":{"@id":"https:\/\/www.organisator.ch\/#organization"},"potentialAction":[{"@type":"SearchAction","target":{"@type":"EntryPoint","urlTemplate":"https:\/\/www.organisator.ch\/?s={search_term_string}"},"query-input":{"@type":"PropertyValueSpecification","valueRequired":true,"valueName":"search_term_string"}}],"inLanguage":"de"},{"@type":"Organization","@id":"https:\/\/www.organisator.ch\/#organization","name":"Organisator","url":"https:\/\/www.organisator.ch\/","logo":{"@type":"ImageObject","inLanguage":"de","@id":"https:\/\/www.organisator.ch\/#\/schema\/logo\/image\/","url":"https:\/\/www.organisator.ch\/wp-content\/uploads\/2022\/01\/Logo_Organisator_Website.png","contentUrl":"https:\/\/www.organisator.ch\/wp-content\/uploads\/2022\/01\/Logo_Organisator_Website.png","width":800,"height":77,"caption":"Organisator"},"image":{"@id":"https:\/\/www.organisator.ch\/#\/schema\/logo\/image\/"},"sameAs":["https:\/\/www.facebook.com\/OrganisatorFachmagazin","https:\/\/www.linkedin.com\/showcase\/organisator-das-magazin-fr-kmu","https:\/\/www.xing.com\/news\/pages\/organisator-ch-695","https:\/\/www.youtube.com\/channel\/UCGP2Sq0iWaZwT3BdIAQFYpw"]},{"@type":"Person","@id":"https:\/\/www.organisator.ch\/#\/schema\/person\/6f650f90b2842cd4c0cc334b4e36f67e","name":"thomas.berner","image":{"@type":"ImageObject","inLanguage":"de","@id":"https:\/\/secure.gravatar.com\/avatar\/ac5001d2a36cb6c6cd3e50789007ffca834b477b74a2144564522e944eabff61?s=96&d=mm&r=g","url":"https:\/\/secure.gravatar.com\/avatar\/ac5001d2a36cb6c6cd3e50789007ffca834b477b74a2144564522e944eabff61?s=96&d=mm&r=g","contentUrl":"https:\/\/secure.gravatar.com\/avatar\/ac5001d2a36cb6c6cd3e50789007ffca834b477b74a2144564522e944eabff61?s=96&d=mm&r=g","caption":"thomas.berner"},"url":"https:\/\/www.organisator.ch\/de\/author\/thomas-berner\/"}]}},"_links":{"self":[{"href":"https:\/\/www.organisator.ch\/de\/wp-json\/wp\/v2\/posts\/1989","targetHints":{"allow":["GET"]}}],"collection":[{"href":"https:\/\/www.organisator.ch\/de\/wp-json\/wp\/v2\/posts"}],"about":[{"href":"https:\/\/www.organisator.ch\/de\/wp-json\/wp\/v2\/types\/post"}],"author":[{"embeddable":true,"href":"https:\/\/www.organisator.ch\/de\/wp-json\/wp\/v2\/users\/4"}],"replies":[{"embeddable":true,"href":"https:\/\/www.organisator.ch\/de\/wp-json\/wp\/v2\/comments?post=1989"}],"version-history":[{"count":0,"href":"https:\/\/www.organisator.ch\/de\/wp-json\/wp\/v2\/posts\/1989\/revisions"}],"wp:featuredmedia":[{"embeddable":true,"href":"https:\/\/www.organisator.ch\/de\/wp-json\/wp\/v2\/media\/1991"}],"wp:attachment":[{"href":"https:\/\/www.organisator.ch\/de\/wp-json\/wp\/v2\/media?parent=1989"}],"wp:term":[{"taxonomy":"category","embeddable":true,"href":"https:\/\/www.organisator.ch\/de\/wp-json\/wp\/v2\/categories?post=1989"},{"taxonomy":"post_tag","embeddable":true,"href":"https:\/\/www.organisator.ch\/de\/wp-json\/wp\/v2\/tags?post=1989"}],"curies":[{"name":"wp","href":"https:\/\/api.w.org\/{rel}","templated":true}]}}