{"id":19902,"date":"2023-04-26T06:08:38","date_gmt":"2023-04-26T04:08:38","guid":{"rendered":"https:\/\/www.organisator.ch\/?p=19902"},"modified":"2023-04-24T16:21:19","modified_gmt":"2023-04-24T14:21:19","slug":"interim-manager-schreiben-fachbuch-hr-personalwesen-in-krisenzeiten","status":"publish","type":"post","link":"https:\/\/www.organisator.ch\/de\/human-resources\/2023-04-26\/interim-manager-schreiben-fachbuch-hr-personalwesen-in-krisenzeiten\/","title":{"rendered":"Interim Manager schreiben Fachbuch \u201eHR \u2013 Personalwesen in Krisenzeiten\u201c"},"content":{"rendered":"<figure id=\"attachment_19903\" aria-describedby=\"caption-attachment-19903\" style=\"width: 680px\" class=\"wp-caption alignnone\"><img loading=\"lazy\" decoding=\"async\" class=\"size-full wp-image-19903\" src=\"https:\/\/www.organisator.ch\/wp-content\/uploads\/2023\/04\/Interim-Manager-schreiben-Fachbuch-HR-\u2013-Personalwesen-in-Krisenzeiten_Organisator.jpg\" alt=\"\" width=\"680\" height=\"483\" srcset=\"https:\/\/www.organisator.ch\/wp-content\/uploads\/2023\/04\/Interim-Manager-schreiben-Fachbuch-HR-\u2013-Personalwesen-in-Krisenzeiten_Organisator.jpg 680w, https:\/\/www.organisator.ch\/wp-content\/uploads\/2023\/04\/Interim-Manager-schreiben-Fachbuch-HR-\u2013-Personalwesen-in-Krisenzeiten_Organisator-18x12.jpg 18w, https:\/\/www.organisator.ch\/wp-content\/uploads\/2023\/04\/Interim-Manager-schreiben-Fachbuch-HR-\u2013-Personalwesen-in-Krisenzeiten_Organisator-375x266.jpg 375w, https:\/\/www.organisator.ch\/wp-content\/uploads\/2023\/04\/Interim-Manager-schreiben-Fachbuch-HR-\u2013-Personalwesen-in-Krisenzeiten_Organisator-493x350.jpg 493w\" sizes=\"auto, (max-width: 680px) 100vw, 680px\" \/><figcaption id=\"caption-attachment-19903\" class=\"wp-caption-text\">Zw\u00f6lf Interim Manager k\u00fcndigen ein neues Fachbuch an mit dem Titel \u201eHR \u2013 Personalwesen in Krisenzeiten\u201c (Bild: Unsplash.com)<\/figcaption><\/figure>\n<p>\u201eHR \u2013 Personalwesen in Krisenzeiten: Interim Manager berichten aus der Praxis\u201c: So lautet der Titel eines neuen Buchs. Darin wollen die Autoren Urs Affolter, Ulvi Aydin, Ulf Camehn, Udo Fichtner, Detlef Georg, Michael Gutowski, Hans Rolf Niehues, Dr. Frank Orthmann, Dr. Harald Sch\u00f6nfeld, Paul Stricker, Dr. Detlef Weber und Karlheinz Zuerl mit ihrer gemein\u00adsamen Initiative vor allem der mittelst\u00e4ndischen Wirtschaft aus der Betriebspraxis erwachsene Tipps und Tricks geben, wie dem Fach- und F\u00fchrungskr\u00e4ftemangel entgegenzuwirken ist. \u201eEs gibt keine anderen F\u00fchrungskr\u00e4fte als Interim Manager, die im Laufe ihres Berufslebens so viele Unternehmen und so viele verschiedene unternehmerische Herausforderungen kennenlernen\u201c, erkl\u00e4rt der Herausgeber Dr. Harald Sch\u00f6nfeld, warum die Autoren besonders geeignet f\u00fcr das Thema sind.<\/p>\n<h3>Sechs Autoren sind Mitglieder der UNO-Denkfabrik Diplomatic Council<\/h3>\n<p>Das neue Fachbuch wird in der Reihe \u201eVon Interim Managern lernen\u201c erscheinen, die die UNO-Denkfabrik Diplomatic Council gemeinsam mit United Interim, der f\u00fchrenden Community f\u00fcr Interim Manager im deutschsprachigen Raum, herausgibt. In der Reihe wurden bereits Multi-Autoren-B\u00e4nde zu Fachthemen wie Business Transformation und Branchen wie Automotive oder Maschinen- und Anlagenbau ver\u00f6ffentlicht.\u00a0Neben den umfangreichen Kompendien, an denen zahlreiche Autoren mitgewirkt haben, sind in der Reihe einzelne B\u00fccher zu den Themen \u201eResiliente digitale Lieferketten\u201c, \u201eSales- und Marketing-Intelligenz\u201c, \u201eTechnischer Einkauf\u201c, \u201eManagement in China\u201c und \u201eMarken-Risiko-Management\u201c erschienen. Sechs der Autoren des neuen Werkes \u00fcber Personalwesen sind Mitglieder im Diplomatic Council und haben sich bereits durch mehrere\u00a0Buchver\u00f6ffentlichungen einen Namen gemacht: Udo Fichtner, Michael Gutowski, Hans Rolf Niehues, Dr. Detlef Weber und Karlheinz Zuerl.<\/p>\n<h3><strong>Erfolgreichste Buchserie f\u00fcr Interim Manager\u00a0<\/strong><\/h3>\n<p>Bei der Fachbuchserie \u201eVon Interim Managern lernen\u201c handelt es sich nach Verlagsangaben um die erfolgreichste Buchreihe f\u00fcr Interim Manager mit \u00fcber drei Millionen \u201eEyeballs\u201c (\u201eAug\u00e4pfeln\u201c) \u2013 der W\u00e4hrung f\u00fcr Aufmerksamkeit in der digitalen \u00d6konomie. Dies umfasst sowohl diejenigen, die die B\u00fccher lesen, als auch diejenigen, die <em>\u00fcber<\/em> die B\u00fccher lesen, insbesondere in der Presse und in den sozialen Medien. Denn es geht nicht nur um die B\u00fccher, die als Hardcover, Paperbacks und E-Books erscheinen, sondern weit dar\u00fcber hinaus um ein ganzheitliches \u00d6kosystem rund um die Autoren dieser Werke. Dazu geh\u00f6rt eine professionelle Vermarktung durch die renommierte PR-Agentur euromarcom public relations. Alle Werke der Fachbuchreihe sind \u00fcber die mehr als 5.600 Buchh\u00e4ndler in Deutschland, \u00d6sterreich und der Schweiz sowie alle g\u00e4ngigen Online-Buchversender beziehbar.<\/p>\n<h3><strong>Buchautoren: Interim Manager und ihre Themen<\/strong><\/h3>\n<p>Im Rahmen der Buchreihe haben sich bislang folgende Interim Manager mit ihren Themen hervorgetan: \u201eVon Interim Managern lernen\u201c (Dr. Harald Sch\u00f6nfeld, J\u00fcrgen Becker), \u201eMarketing- und Sales-Intelligenz im Maschinenbau\u201c (Eckhart Hilgenstock), \u201eDer Stellenwert von F\u00fchrung und Management\u201c (Peter L\u00fcthi), \u201eIntelligentes Supply Chain Management\u201c (Jane Enny van Lambalgen), \u201eErtragskraft und Liquidit\u00e4t verbessern\u201c (Hans Rolf Niehues), \u201eTechnischer Einkauf\u201c (Manfred Richter), \u201eTrendsurfen mit KPIs\u201c (Michael Weimar), \u201eDie Rolle des CIO bei der Digitalisierung im Maschinenbau\u201c (Falk Janotta), \u201eInnovationskraft aufbauen im Maschinenbau\u201c (Dr. Uwe Seidel), \u201eLean Management in der Produktion\u201c (G\u00f6tz Stapelfeldt), \u201eNeue Chancen f\u00fcr die Wertsch\u00f6pfung\u201c (Andreas K\u00e4lber), \u201eAus der Krise an die Spitze\u201c (Hanno Goffin), \u201eErfolgreiches Prozessdesign\u201c (Dr. Gerhard M\u00fcller-Spanka), \u201eDigitalisierung im Automotive Aftermarket\u201c (Ralf-Peter Hanrieder), \u201eAutomobilhandel im Wandel\u201c (Ulf Camehn), \u201eEinbahnstra\u00dfe Kostenreduzierung\u201c (Frank P. Neuhaus), \u201eOperatives Task Force Management\u201c (Ludek Cermak), \u201eAls Projektleiter von kritischen Projekten lernen\u201c (Christian Ritzer), \u201eSanare pro Automotive: Wege aus der Krise\u201c (Dr. Dr. Stefan Hohberger). Mit diesem geballtem Fachwissen aus der Praxis gelten die B\u00fccher als Standardwerke auf ihrem jeweiligen Gebiet.<\/p>\n<p><em>\u201eHR \u2013 Personalwesen in Krisenzeiten: Interim Manager berichten aus der Praxis\u201c, Urs Affolter, Ulvi Aydin, Ulf Camehn, Udo Fichtner, Detlef Georg, Michael Gutowski, Hans Rolf Niehues, Dr. Frank Orth\u00admann, Dr. Harald Sch\u00f6nfeld, Paul Stricker, Dr. Detlef Weber, Karlheinz Zuerl.\u00a0ISBN 978-3-98674-054-2<\/em><\/p>\n<p><em>Weitere Informationen: <a href=\"http:\/\/www.diplomatic-council.org\/de\">www.diplomatic-council.org\/de<\/a>, <a href=\"http:\/\/www.unitedinterim.com\">www.unitedinterim.com<\/a>\u00a0<\/em><\/p>\n","protected":false},"excerpt":{"rendered":"<p>Zw\u00f6lf Interim Manager haben ein gemeinsames Fachbuch zum Thema \u201eHuman Resources \u2013 Personalwesen in Krisenzeiten\u201c angek\u00fcndigt.<\/p>\n","protected":false},"author":4,"featured_media":19903,"comment_status":"closed","ping_status":"closed","sticky":false,"template":"","format":"standard","meta":{"_acf_changed":false,"_yoast_wpseo_focuskw":"Interim Manager","_yoast_wpseo_metadesc":"Zw\u00f6lf Interim Manager haben ein gemeinsames Fachbuch zum Thema \u201eHuman Resources \u2013 Personalwesen in Krisenzeiten\u201c angek\u00fcndigt.","articlekey":"","footnotes":""},"categories":[579],"tags":[95,254,277],"class_list":["post-19902","post","type-post","status-publish","format-standard","has-post-thumbnail","hentry","category-human-resources","tag-buchtipps","tag-hrm","tag-interimmanagement"],"acf":[],"yoast_head":"<!-- This site is optimized with the Yoast SEO plugin v27.5 - https:\/\/yoast.com\/product\/yoast-seo-wordpress\/ -->\n<title>Interim Manager schreiben Fachbuch \u201eHR \u2013 Personalwesen in Krisenzeiten\u201c - Organisator<\/title>\n<meta name=\"description\" content=\"Zw\u00f6lf Interim Manager haben ein gemeinsames Fachbuch zum Thema \u201eHuman Resources \u2013 Personalwesen in Krisenzeiten\u201c angek\u00fcndigt.\" \/>\n<meta name=\"robots\" content=\"index, follow, max-snippet:-1, max-image-preview:large, max-video-preview:-1\" \/>\n<link rel=\"canonical\" href=\"https:\/\/www.organisator.ch\/de\/human-resources\/2023-04-26\/interim-manager-schreiben-fachbuch-hr-personalwesen-in-krisenzeiten\/\" \/>\n<meta property=\"og:locale\" content=\"de_DE\" \/>\n<meta property=\"og:type\" content=\"article\" \/>\n<meta property=\"og:title\" content=\"Interim Manager schreiben Fachbuch \u201eHR \u2013 Personalwesen in Krisenzeiten\u201c - Organisator\" \/>\n<meta property=\"og:description\" content=\"Zw\u00f6lf Interim Manager haben ein gemeinsames Fachbuch zum Thema \u201eHuman Resources \u2013 Personalwesen in Krisenzeiten\u201c angek\u00fcndigt.\" \/>\n<meta property=\"og:url\" content=\"https:\/\/www.organisator.ch\/de\/human-resources\/2023-04-26\/interim-manager-schreiben-fachbuch-hr-personalwesen-in-krisenzeiten\/\" \/>\n<meta property=\"og:site_name\" content=\"Organisator\" \/>\n<meta property=\"article:publisher\" content=\"https:\/\/www.facebook.com\/OrganisatorFachmagazin\" \/>\n<meta property=\"article:published_time\" content=\"2023-04-26T04:08:38+00:00\" \/>\n<meta property=\"og:image\" content=\"https:\/\/www.organisator.ch\/wp-content\/uploads\/2023\/04\/Interim-Manager-schreiben-Fachbuch-HR-\u2013-Personalwesen-in-Krisenzeiten_Organisator.jpg\" \/>\n\t<meta property=\"og:image:width\" content=\"680\" \/>\n\t<meta property=\"og:image:height\" content=\"483\" \/>\n\t<meta property=\"og:image:type\" content=\"image\/jpeg\" \/>\n<meta name=\"author\" content=\"thomas.berner\" \/>\n<meta name=\"twitter:card\" content=\"summary_large_image\" \/>\n<script type=\"application\/ld+json\" class=\"yoast-schema-graph\">{\"@context\":\"https:\\\/\\\/schema.org\",\"@graph\":[{\"@type\":\"Article\",\"@id\":\"https:\\\/\\\/www.organisator.ch\\\/human-resources\\\/2023-04-26\\\/interim-manager-schreiben-fachbuch-hr-personalwesen-in-krisenzeiten\\\/#article\",\"isPartOf\":{\"@id\":\"https:\\\/\\\/www.organisator.ch\\\/human-resources\\\/2023-04-26\\\/interim-manager-schreiben-fachbuch-hr-personalwesen-in-krisenzeiten\\\/\"},\"author\":{\"name\":\"thomas.berner\",\"@id\":\"https:\\\/\\\/www.organisator.ch\\\/#\\\/schema\\\/person\\\/6f650f90b2842cd4c0cc334b4e36f67e\"},\"headline\":\"Interim Manager schreiben Fachbuch \u201eHR \u2013 Personalwesen in Krisenzeiten\u201c\",\"datePublished\":\"2023-04-26T04:08:38+00:00\",\"mainEntityOfPage\":{\"@id\":\"https:\\\/\\\/www.organisator.ch\\\/human-resources\\\/2023-04-26\\\/interim-manager-schreiben-fachbuch-hr-personalwesen-in-krisenzeiten\\\/\"},\"wordCount\":664,\"publisher\":{\"@id\":\"https:\\\/\\\/www.organisator.ch\\\/#organization\"},\"image\":{\"@id\":\"https:\\\/\\\/www.organisator.ch\\\/human-resources\\\/2023-04-26\\\/interim-manager-schreiben-fachbuch-hr-personalwesen-in-krisenzeiten\\\/#primaryimage\"},\"thumbnailUrl\":\"https:\\\/\\\/www.organisator.ch\\\/wp-content\\\/uploads\\\/2023\\\/04\\\/Interim-Manager-schreiben-Fachbuch-HR-\u2013-Personalwesen-in-Krisenzeiten_Organisator.jpg\",\"keywords\":[\"Buchtipps\",\"HRM\",\"Interimmanagement\"],\"articleSection\":[\"HUMAN RESOURCES\"],\"inLanguage\":\"de\"},{\"@type\":\"WebPage\",\"@id\":\"https:\\\/\\\/www.organisator.ch\\\/human-resources\\\/2023-04-26\\\/interim-manager-schreiben-fachbuch-hr-personalwesen-in-krisenzeiten\\\/\",\"url\":\"https:\\\/\\\/www.organisator.ch\\\/human-resources\\\/2023-04-26\\\/interim-manager-schreiben-fachbuch-hr-personalwesen-in-krisenzeiten\\\/\",\"name\":\"Interim Manager schreiben Fachbuch \u201eHR \u2013 Personalwesen in Krisenzeiten\u201c - Organisator\",\"isPartOf\":{\"@id\":\"https:\\\/\\\/www.organisator.ch\\\/#website\"},\"primaryImageOfPage\":{\"@id\":\"https:\\\/\\\/www.organisator.ch\\\/human-resources\\\/2023-04-26\\\/interim-manager-schreiben-fachbuch-hr-personalwesen-in-krisenzeiten\\\/#primaryimage\"},\"image\":{\"@id\":\"https:\\\/\\\/www.organisator.ch\\\/human-resources\\\/2023-04-26\\\/interim-manager-schreiben-fachbuch-hr-personalwesen-in-krisenzeiten\\\/#primaryimage\"},\"thumbnailUrl\":\"https:\\\/\\\/www.organisator.ch\\\/wp-content\\\/uploads\\\/2023\\\/04\\\/Interim-Manager-schreiben-Fachbuch-HR-\u2013-Personalwesen-in-Krisenzeiten_Organisator.jpg\",\"datePublished\":\"2023-04-26T04:08:38+00:00\",\"description\":\"Zw\u00f6lf Interim Manager haben ein gemeinsames Fachbuch zum Thema \u201eHuman Resources \u2013 Personalwesen in Krisenzeiten\u201c angek\u00fcndigt.\",\"breadcrumb\":{\"@id\":\"https:\\\/\\\/www.organisator.ch\\\/human-resources\\\/2023-04-26\\\/interim-manager-schreiben-fachbuch-hr-personalwesen-in-krisenzeiten\\\/#breadcrumb\"},\"inLanguage\":\"de\",\"potentialAction\":[{\"@type\":\"ReadAction\",\"target\":[\"https:\\\/\\\/www.organisator.ch\\\/human-resources\\\/2023-04-26\\\/interim-manager-schreiben-fachbuch-hr-personalwesen-in-krisenzeiten\\\/\"]}]},{\"@type\":\"ImageObject\",\"inLanguage\":\"de\",\"@id\":\"https:\\\/\\\/www.organisator.ch\\\/human-resources\\\/2023-04-26\\\/interim-manager-schreiben-fachbuch-hr-personalwesen-in-krisenzeiten\\\/#primaryimage\",\"url\":\"https:\\\/\\\/www.organisator.ch\\\/wp-content\\\/uploads\\\/2023\\\/04\\\/Interim-Manager-schreiben-Fachbuch-HR-\u2013-Personalwesen-in-Krisenzeiten_Organisator.jpg\",\"contentUrl\":\"https:\\\/\\\/www.organisator.ch\\\/wp-content\\\/uploads\\\/2023\\\/04\\\/Interim-Manager-schreiben-Fachbuch-HR-\u2013-Personalwesen-in-Krisenzeiten_Organisator.jpg\",\"width\":680,\"height\":483,\"caption\":\"Zw\u00f6lf Interim Manager k\u00fcndigen ein neues Fachbuch an mit dem Titel \u201eHR \u2013 Personalwesen in Krisenzeiten\u201c (Bild: Unsplash.com)\"},{\"@type\":\"BreadcrumbList\",\"@id\":\"https:\\\/\\\/www.organisator.ch\\\/human-resources\\\/2023-04-26\\\/interim-manager-schreiben-fachbuch-hr-personalwesen-in-krisenzeiten\\\/#breadcrumb\",\"itemListElement\":[{\"@type\":\"ListItem\",\"position\":1,\"name\":\"Home\",\"item\":\"https:\\\/\\\/www.organisator.ch\\\/\"},{\"@type\":\"ListItem\",\"position\":2,\"name\":\"Interim Manager schreiben Fachbuch \u201eHR \u2013 Personalwesen in Krisenzeiten\u201c\"}]},{\"@type\":\"WebSite\",\"@id\":\"https:\\\/\\\/www.organisator.ch\\\/#website\",\"url\":\"https:\\\/\\\/www.organisator.ch\\\/\",\"name\":\"Organisator\",\"description\":\"Kompetent. Praxisnah. Der ORGANISATOR bereitet in 10 Ausgaben pro Jahr die wesentlichen Themen f\u00fcr F\u00fchrungskr\u00e4fte von KMU auf.\",\"publisher\":{\"@id\":\"https:\\\/\\\/www.organisator.ch\\\/#organization\"},\"potentialAction\":[{\"@type\":\"SearchAction\",\"target\":{\"@type\":\"EntryPoint\",\"urlTemplate\":\"https:\\\/\\\/www.organisator.ch\\\/?s={search_term_string}\"},\"query-input\":{\"@type\":\"PropertyValueSpecification\",\"valueRequired\":true,\"valueName\":\"search_term_string\"}}],\"inLanguage\":\"de\"},{\"@type\":\"Organization\",\"@id\":\"https:\\\/\\\/www.organisator.ch\\\/#organization\",\"name\":\"Organisator\",\"url\":\"https:\\\/\\\/www.organisator.ch\\\/\",\"logo\":{\"@type\":\"ImageObject\",\"inLanguage\":\"de\",\"@id\":\"https:\\\/\\\/www.organisator.ch\\\/#\\\/schema\\\/logo\\\/image\\\/\",\"url\":\"https:\\\/\\\/www.organisator.ch\\\/wp-content\\\/uploads\\\/2022\\\/01\\\/Logo_Organisator_Website.png\",\"contentUrl\":\"https:\\\/\\\/www.organisator.ch\\\/wp-content\\\/uploads\\\/2022\\\/01\\\/Logo_Organisator_Website.png\",\"width\":800,\"height\":77,\"caption\":\"Organisator\"},\"image\":{\"@id\":\"https:\\\/\\\/www.organisator.ch\\\/#\\\/schema\\\/logo\\\/image\\\/\"},\"sameAs\":[\"https:\\\/\\\/www.facebook.com\\\/OrganisatorFachmagazin\",\"https:\\\/\\\/www.linkedin.com\\\/showcase\\\/organisator-das-magazin-fr-kmu\",\"https:\\\/\\\/www.xing.com\\\/news\\\/pages\\\/organisator-ch-695\",\"https:\\\/\\\/www.youtube.com\\\/channel\\\/UCGP2Sq0iWaZwT3BdIAQFYpw\"]},{\"@type\":\"Person\",\"@id\":\"https:\\\/\\\/www.organisator.ch\\\/#\\\/schema\\\/person\\\/6f650f90b2842cd4c0cc334b4e36f67e\",\"name\":\"thomas.berner\",\"image\":{\"@type\":\"ImageObject\",\"inLanguage\":\"de\",\"@id\":\"https:\\\/\\\/secure.gravatar.com\\\/avatar\\\/ac5001d2a36cb6c6cd3e50789007ffca834b477b74a2144564522e944eabff61?s=96&d=mm&r=g\",\"url\":\"https:\\\/\\\/secure.gravatar.com\\\/avatar\\\/ac5001d2a36cb6c6cd3e50789007ffca834b477b74a2144564522e944eabff61?s=96&d=mm&r=g\",\"contentUrl\":\"https:\\\/\\\/secure.gravatar.com\\\/avatar\\\/ac5001d2a36cb6c6cd3e50789007ffca834b477b74a2144564522e944eabff61?s=96&d=mm&r=g\",\"caption\":\"thomas.berner\"},\"url\":\"https:\\\/\\\/www.organisator.ch\\\/de\\\/author\\\/thomas-berner\\\/\"}]}<\/script>\n<!-- \/ Yoast SEO plugin. -->","yoast_head_json":{"title":"Interim Manager schreiben Fachbuch \u201eHR \u2013 Personalwesen in Krisenzeiten\u201c - Organisator","description":"Zw\u00f6lf Interim Manager haben ein gemeinsames Fachbuch zum Thema \u201eHuman Resources \u2013 Personalwesen in Krisenzeiten\u201c angek\u00fcndigt.","robots":{"index":"index","follow":"follow","max-snippet":"max-snippet:-1","max-image-preview":"max-image-preview:large","max-video-preview":"max-video-preview:-1"},"canonical":"https:\/\/www.organisator.ch\/de\/human-resources\/2023-04-26\/interim-manager-schreiben-fachbuch-hr-personalwesen-in-krisenzeiten\/","og_locale":"de_DE","og_type":"article","og_title":"Interim Manager schreiben Fachbuch \u201eHR \u2013 Personalwesen in Krisenzeiten\u201c - Organisator","og_description":"Zw\u00f6lf Interim Manager haben ein gemeinsames Fachbuch zum Thema \u201eHuman Resources \u2013 Personalwesen in Krisenzeiten\u201c angek\u00fcndigt.","og_url":"https:\/\/www.organisator.ch\/de\/human-resources\/2023-04-26\/interim-manager-schreiben-fachbuch-hr-personalwesen-in-krisenzeiten\/","og_site_name":"Organisator","article_publisher":"https:\/\/www.facebook.com\/OrganisatorFachmagazin","article_published_time":"2023-04-26T04:08:38+00:00","og_image":[{"width":680,"height":483,"url":"https:\/\/www.organisator.ch\/wp-content\/uploads\/2023\/04\/Interim-Manager-schreiben-Fachbuch-HR-\u2013-Personalwesen-in-Krisenzeiten_Organisator.jpg","type":"image\/jpeg"}],"author":"thomas.berner","twitter_card":"summary_large_image","schema":{"@context":"https:\/\/schema.org","@graph":[{"@type":"Article","@id":"https:\/\/www.organisator.ch\/human-resources\/2023-04-26\/interim-manager-schreiben-fachbuch-hr-personalwesen-in-krisenzeiten\/#article","isPartOf":{"@id":"https:\/\/www.organisator.ch\/human-resources\/2023-04-26\/interim-manager-schreiben-fachbuch-hr-personalwesen-in-krisenzeiten\/"},"author":{"name":"thomas.berner","@id":"https:\/\/www.organisator.ch\/#\/schema\/person\/6f650f90b2842cd4c0cc334b4e36f67e"},"headline":"Interim Manager schreiben Fachbuch \u201eHR \u2013 Personalwesen in Krisenzeiten\u201c","datePublished":"2023-04-26T04:08:38+00:00","mainEntityOfPage":{"@id":"https:\/\/www.organisator.ch\/human-resources\/2023-04-26\/interim-manager-schreiben-fachbuch-hr-personalwesen-in-krisenzeiten\/"},"wordCount":664,"publisher":{"@id":"https:\/\/www.organisator.ch\/#organization"},"image":{"@id":"https:\/\/www.organisator.ch\/human-resources\/2023-04-26\/interim-manager-schreiben-fachbuch-hr-personalwesen-in-krisenzeiten\/#primaryimage"},"thumbnailUrl":"https:\/\/www.organisator.ch\/wp-content\/uploads\/2023\/04\/Interim-Manager-schreiben-Fachbuch-HR-\u2013-Personalwesen-in-Krisenzeiten_Organisator.jpg","keywords":["Buchtipps","HRM","Interimmanagement"],"articleSection":["HUMAN RESOURCES"],"inLanguage":"de"},{"@type":"WebPage","@id":"https:\/\/www.organisator.ch\/human-resources\/2023-04-26\/interim-manager-schreiben-fachbuch-hr-personalwesen-in-krisenzeiten\/","url":"https:\/\/www.organisator.ch\/human-resources\/2023-04-26\/interim-manager-schreiben-fachbuch-hr-personalwesen-in-krisenzeiten\/","name":"Interim Manager schreiben Fachbuch \u201eHR \u2013 Personalwesen in Krisenzeiten\u201c - Organisator","isPartOf":{"@id":"https:\/\/www.organisator.ch\/#website"},"primaryImageOfPage":{"@id":"https:\/\/www.organisator.ch\/human-resources\/2023-04-26\/interim-manager-schreiben-fachbuch-hr-personalwesen-in-krisenzeiten\/#primaryimage"},"image":{"@id":"https:\/\/www.organisator.ch\/human-resources\/2023-04-26\/interim-manager-schreiben-fachbuch-hr-personalwesen-in-krisenzeiten\/#primaryimage"},"thumbnailUrl":"https:\/\/www.organisator.ch\/wp-content\/uploads\/2023\/04\/Interim-Manager-schreiben-Fachbuch-HR-\u2013-Personalwesen-in-Krisenzeiten_Organisator.jpg","datePublished":"2023-04-26T04:08:38+00:00","description":"Zw\u00f6lf Interim Manager haben ein gemeinsames Fachbuch zum Thema \u201eHuman Resources \u2013 Personalwesen in Krisenzeiten\u201c angek\u00fcndigt.","breadcrumb":{"@id":"https:\/\/www.organisator.ch\/human-resources\/2023-04-26\/interim-manager-schreiben-fachbuch-hr-personalwesen-in-krisenzeiten\/#breadcrumb"},"inLanguage":"de","potentialAction":[{"@type":"ReadAction","target":["https:\/\/www.organisator.ch\/human-resources\/2023-04-26\/interim-manager-schreiben-fachbuch-hr-personalwesen-in-krisenzeiten\/"]}]},{"@type":"ImageObject","inLanguage":"de","@id":"https:\/\/www.organisator.ch\/human-resources\/2023-04-26\/interim-manager-schreiben-fachbuch-hr-personalwesen-in-krisenzeiten\/#primaryimage","url":"https:\/\/www.organisator.ch\/wp-content\/uploads\/2023\/04\/Interim-Manager-schreiben-Fachbuch-HR-\u2013-Personalwesen-in-Krisenzeiten_Organisator.jpg","contentUrl":"https:\/\/www.organisator.ch\/wp-content\/uploads\/2023\/04\/Interim-Manager-schreiben-Fachbuch-HR-\u2013-Personalwesen-in-Krisenzeiten_Organisator.jpg","width":680,"height":483,"caption":"Zw\u00f6lf Interim Manager k\u00fcndigen ein neues Fachbuch an mit dem Titel \u201eHR \u2013 Personalwesen in Krisenzeiten\u201c (Bild: Unsplash.com)"},{"@type":"BreadcrumbList","@id":"https:\/\/www.organisator.ch\/human-resources\/2023-04-26\/interim-manager-schreiben-fachbuch-hr-personalwesen-in-krisenzeiten\/#breadcrumb","itemListElement":[{"@type":"ListItem","position":1,"name":"Home","item":"https:\/\/www.organisator.ch\/"},{"@type":"ListItem","position":2,"name":"Interim Manager schreiben Fachbuch \u201eHR \u2013 Personalwesen in Krisenzeiten\u201c"}]},{"@type":"WebSite","@id":"https:\/\/www.organisator.ch\/#website","url":"https:\/\/www.organisator.ch\/","name":"Organisator","description":"Kompetent. Praxisnah. Der ORGANISATOR bereitet in 10 Ausgaben pro Jahr die wesentlichen Themen f\u00fcr F\u00fchrungskr\u00e4fte von KMU auf.","publisher":{"@id":"https:\/\/www.organisator.ch\/#organization"},"potentialAction":[{"@type":"SearchAction","target":{"@type":"EntryPoint","urlTemplate":"https:\/\/www.organisator.ch\/?s={search_term_string}"},"query-input":{"@type":"PropertyValueSpecification","valueRequired":true,"valueName":"search_term_string"}}],"inLanguage":"de"},{"@type":"Organization","@id":"https:\/\/www.organisator.ch\/#organization","name":"Organisator","url":"https:\/\/www.organisator.ch\/","logo":{"@type":"ImageObject","inLanguage":"de","@id":"https:\/\/www.organisator.ch\/#\/schema\/logo\/image\/","url":"https:\/\/www.organisator.ch\/wp-content\/uploads\/2022\/01\/Logo_Organisator_Website.png","contentUrl":"https:\/\/www.organisator.ch\/wp-content\/uploads\/2022\/01\/Logo_Organisator_Website.png","width":800,"height":77,"caption":"Organisator"},"image":{"@id":"https:\/\/www.organisator.ch\/#\/schema\/logo\/image\/"},"sameAs":["https:\/\/www.facebook.com\/OrganisatorFachmagazin","https:\/\/www.linkedin.com\/showcase\/organisator-das-magazin-fr-kmu","https:\/\/www.xing.com\/news\/pages\/organisator-ch-695","https:\/\/www.youtube.com\/channel\/UCGP2Sq0iWaZwT3BdIAQFYpw"]},{"@type":"Person","@id":"https:\/\/www.organisator.ch\/#\/schema\/person\/6f650f90b2842cd4c0cc334b4e36f67e","name":"thomas.berner","image":{"@type":"ImageObject","inLanguage":"de","@id":"https:\/\/secure.gravatar.com\/avatar\/ac5001d2a36cb6c6cd3e50789007ffca834b477b74a2144564522e944eabff61?s=96&d=mm&r=g","url":"https:\/\/secure.gravatar.com\/avatar\/ac5001d2a36cb6c6cd3e50789007ffca834b477b74a2144564522e944eabff61?s=96&d=mm&r=g","contentUrl":"https:\/\/secure.gravatar.com\/avatar\/ac5001d2a36cb6c6cd3e50789007ffca834b477b74a2144564522e944eabff61?s=96&d=mm&r=g","caption":"thomas.berner"},"url":"https:\/\/www.organisator.ch\/de\/author\/thomas-berner\/"}]}},"_links":{"self":[{"href":"https:\/\/www.organisator.ch\/de\/wp-json\/wp\/v2\/posts\/19902","targetHints":{"allow":["GET"]}}],"collection":[{"href":"https:\/\/www.organisator.ch\/de\/wp-json\/wp\/v2\/posts"}],"about":[{"href":"https:\/\/www.organisator.ch\/de\/wp-json\/wp\/v2\/types\/post"}],"author":[{"embeddable":true,"href":"https:\/\/www.organisator.ch\/de\/wp-json\/wp\/v2\/users\/4"}],"replies":[{"embeddable":true,"href":"https:\/\/www.organisator.ch\/de\/wp-json\/wp\/v2\/comments?post=19902"}],"version-history":[{"count":1,"href":"https:\/\/www.organisator.ch\/de\/wp-json\/wp\/v2\/posts\/19902\/revisions"}],"predecessor-version":[{"id":19904,"href":"https:\/\/www.organisator.ch\/de\/wp-json\/wp\/v2\/posts\/19902\/revisions\/19904"}],"wp:featuredmedia":[{"embeddable":true,"href":"https:\/\/www.organisator.ch\/de\/wp-json\/wp\/v2\/media\/19903"}],"wp:attachment":[{"href":"https:\/\/www.organisator.ch\/de\/wp-json\/wp\/v2\/media?parent=19902"}],"wp:term":[{"taxonomy":"category","embeddable":true,"href":"https:\/\/www.organisator.ch\/de\/wp-json\/wp\/v2\/categories?post=19902"},{"taxonomy":"post_tag","embeddable":true,"href":"https:\/\/www.organisator.ch\/de\/wp-json\/wp\/v2\/tags?post=19902"}],"curies":[{"name":"wp","href":"https:\/\/api.w.org\/{rel}","templated":true}]}}