{"id":19924,"date":"2023-04-25T13:40:33","date_gmt":"2023-04-25T11:40:33","guid":{"rendered":"https:\/\/www.organisator.ch\/?p=19924"},"modified":"2023-05-08T08:04:45","modified_gmt":"2023-05-08T06:04:45","slug":"festival-fuer-arbeit-und-zukunft-nwx23-praesentiert-ein-vielfaeltiges-programm","status":"publish","type":"post","link":"https:\/\/www.organisator.ch\/de\/human-resources\/2023-04-25\/festival-fuer-arbeit-und-zukunft-nwx23-praesentiert-ein-vielfaeltiges-programm\/","title":{"rendered":"Festival f\u00fcr Arbeit und Zukunft NWX23 pr\u00e4sentiert ein vielf\u00e4ltiges Programm"},"content":{"rendered":"<figure id=\"attachment_19925\" aria-describedby=\"caption-attachment-19925\" style=\"width: 680px\" class=\"wp-caption alignnone\"><img loading=\"lazy\" decoding=\"async\" class=\"size-full wp-image-19925\" src=\"https:\/\/www.organisator.ch\/wp-content\/uploads\/2023\/04\/Festival-fuer-Arbeit-und-Zukunft-NWX23-praesentiert-ein-vielfaeltiges-Programm_Organisator.jpg\" alt=\"\" width=\"680\" height=\"383\" srcset=\"https:\/\/www.organisator.ch\/wp-content\/uploads\/2023\/04\/Festival-fuer-Arbeit-und-Zukunft-NWX23-praesentiert-ein-vielfaeltiges-Programm_Organisator.jpg 680w, https:\/\/www.organisator.ch\/wp-content\/uploads\/2023\/04\/Festival-fuer-Arbeit-und-Zukunft-NWX23-praesentiert-ein-vielfaeltiges-Programm_Organisator-18x10.jpg 18w, https:\/\/www.organisator.ch\/wp-content\/uploads\/2023\/04\/Festival-fuer-Arbeit-und-Zukunft-NWX23-praesentiert-ein-vielfaeltiges-Programm_Organisator-375x211.jpg 375w, https:\/\/www.organisator.ch\/wp-content\/uploads\/2023\/04\/Festival-fuer-Arbeit-und-Zukunft-NWX23-praesentiert-ein-vielfaeltiges-Programm_Organisator-621x350.jpg 621w\" sizes=\"auto, (max-width: 680px) 100vw, 680px\" \/><figcaption id=\"caption-attachment-19925\" class=\"wp-caption-text\">Mit diesem Referenten-Line-Up pr\u00e4sentiert sich die NWX23 am 14. Juni 2023 in Hamburg. (Bild: New Work SE)<\/figcaption><\/figure>\n<p>Nur noch wenige Wochen sind es bis zur New Work Experience 2023, kurz NWX23: Unter dem Motto: \u201eWork Forward\u201c findet am 14. Juni in Hamburg\u00a0bereits zum sechsten Mal das nach eigenen Angaben renommierteste Festival f\u00fcr Arbeit und Zukunft im deutschsprachigen Raum statt. <a href=\"https:\/\/www.organisator.ch\/de\/human-resources\/2022-11-21\/nwx23-festival-fuer-arbeit-und-zukunft\/\">Die Veranstaltung hat sich ein neues Konzept gegeben.<\/a> Besucherinnen und Besucher k\u00f6nnen sich in diesem Jahr auf rund 9 Stunden Programm, verteilt auf 18 B\u00fchnen sowie mehr als 100 namhafte nationale und internationale Speaker und K\u00fcnstlerinnen freuen. Mit dabei sind u. a. Generationenexpertin Dr. Eliza Filby, Deutschlands j\u00fcngster Philosophieprofessor Dr. Markus Gabriel, der langj\u00e4hrige Sprecher des britischen Unterhauses John Bercow, die ehemalige Profi-Fussballerin und DFB-Trainerin Steffi Jones, Digitalexperte und Autor Sascha Lobo, Podcaster Matze Hielscher sowie KI-Experte Christian Piechnick und viele mehr. Vielf\u00e4ltige Music-Acts wie beispielweise das norwegische Pop-Rap-Duo Madcon komplementieren das Festival an der Elbe.<\/p>\n<h3>NWX23 widmet sich dem Wandel der Arbeitswelt<\/h3>\n<p>Mit der NWX23 bringt die New Work SE im Juni 2023 gemeinsam mit ihren Marken XING, onlyfy by XING und kununu, Berufseinsteiger und erfahrene Arbeitnehmerinnen, Verantwortliche und Vordenker, Strateginnen und Experten, aus Wirtschaft und Politik, Human Resources, Recruiting und Innovation sowie Beratung und Meinungsbildung in Hamburg zusammen. Teilnehmerinnen und Teilnehmer erwartet ein abwechslungsreiches Programm bestehend aus Impuls-Referaten, Debatten, Workshops und Masterclasses. Dabei wird es Antworten auf die Fragen geben, was sich beim Einzelnen \u00e4ndern muss, damit Ver\u00e4nderungen entstehen kann, wie Zusammenarbeit in Zeiten von Umbruch \u00fcber verschiedene Generationen hinweg erfolgreich gelingen kann oder wie Arbeitgeber dem Fachkr\u00e4ftemangel zum Trotz Arbeitskr\u00e4fte f\u00fcr sich gewinnen und diese f\u00fcr den Unternehmenswandel begeistern k\u00f6nnen. Zus\u00e4tzlich wird es Impulse zu moderner F\u00fchrungskultur geben und mit einem Blick in die Zukunft darum gehen, welchen Einfluss Technologien, wie k\u00fcnstliche Intelligenz auf verschiedene Branchen und Berufsgruppen haben sowie welche neuartigen F\u00e4higkeiten es zuk\u00fcnftig braucht und welche ausgedient haben.<\/p>\n<h3>Job-Festival f\u00fcr junge Talente<\/h3>\n<p>Parallel zur Konferenz in der Elbphilharmonie wird die NWX23 erstmalig um ein Job-Festival f\u00fcr Studenten und Absolventinnen erweitert: Die XING Job-Welt. Im sog. &#8222;New Work Harbour&#8220;, dem derzeit wohl modernsten B\u00fcrogeb\u00e4ude Deutschlands, erleben Studenten, Absolventinnen, Recruiter und Unternehmensvertreterinnen am 14. Juni eine neuartige Job-Messe. Arbeitgeber erhalten im Rahmen der ganzt\u00e4gigen Messe in den R\u00e4umlichkeiten der New Work SE die Chance, Studenten und Absolventinnen offene Stellen zu pitchen und diese direkt vor Ort f\u00fcr das eigene Unternehmen zu begeistern. Bei der XING Job-Welt steht der Einstieg in das Berufsleben im Fokus: Die Suche nach dem passenden Job, das erste Gehaltsgespr\u00e4ch und das Bewerbungsgespr\u00e4ch. Hierzu finden den Tag \u00fcber hochklassig besetzte Masterclasses und Workshops mit renommierten Karriere- und Bewerbungs-Coaches, wie Bernd Slaghuis und Nane Nebel statt. Erg\u00e4nzt wird das Programm durch spannende Vortr\u00e4ge und Panel-Diskussionen, z. B. mit den beiden ehemaligen Profifussballern Neven Subotic und Marcell Jansen oder der GenZ-Expertin Ronja Ebeling. \u00a0Im Format \u201eGrill den Personalchef\u201c stellt sich zudem SAP-Personalchef Cawa Younosi den Fragen des Publikums. Der Besuch der XING Job-Welt ist f\u00fcr immatrikulierte Studentinnen und Studenten kostenlos.<\/p>\n<h3>NWX23 \u2013 speziell f\u00fcrs Recruiting<\/h3>\n<p>Erstmalig bietet die New Work Experience in diesem Jahr auch speziell auf die Bed\u00fcrfnisse und Schwerpunktthemen von Recruitern und HR-Verantwortlichen zugeschnittene zus\u00e4tzliche Programminhalte, organisiert von der Recruitingmarke onlyfy by XING. Im New Work Harbour und auf weiteren B\u00fchnen in der Hamburger HafenCity warten auf die HR-Szene am 14. Juni diverse Vortr\u00e4ge, Masterclasses, Paneldiskussionen und Workshops, u.a. von und mit Professor Dr. Alexander Spermann, Professorin Dr. Heike Bruch oder Recruiting, Diversity und Inclusion Partner bei idealo Gazelle Vollhase. Dabei werden die aktuellen Entwicklungen am Arbeitsmarkt analysiert, der Austausch zu neuen Benefits, wie der 4-Tage-Woche, Workation oder hybriden Arbeitsmodellen gef\u00f6rdert und neue M\u00f6glichkeiten der Personalsuche z. B. mit Hilfe von KI diskutiert sowie spannende Formate zu Employer Branding und Active Sourcing stattfinden.<\/p>\n<h3>Der New Work Award 2023<\/h3>\n<p>Bereits zum 10. Mal in Folge wird in diesem Jahr auch der New Work Award, der Preis f\u00fcr zukunftsweisendes Arbeiten im deutschsprachigen Raum verliehen. Seit 2013 k\u00fcrt die New Work SE mit diesem Award wegweisende Ideen und Projekte zur Zukunft der Arbeit. Die Preisverleihung findet im Anschluss an das Festival f\u00fcr Arbeit und Zukunft am Abend des 14. Juni 2023 in Hamburg statt. Ab 8. Mai startet das \u00f6ffentliche Online-Voting. Hierbei werden die \u00fcberzeugendsten New-Work-Konzepte, die aus allen eingereichten Bewerbungen von der hochkar\u00e4tigen Jury ausgew\u00e4hlt wurden, in Form einer Shortlist online auf der <a href=\"https:\/\/nwx.new-work.se\/award\">New Work Award Website<\/a> pr\u00e4sentiert. Interessierte erhalten die M\u00f6glichkeit, pro Kategorie jeweils eine Stimme f\u00fcr ihren Favoriten abzugeben.<\/p>\n<p><em>Weiterf\u00fchrende Informationen zur NWX23 sind online unter\u00a0<a href=\"https:\/\/nwx.new-work.se\/events\/nwx23\" target=\"_blank\" rel=\"noopener\">www.nwx.new-work.se\/events\/nwx23<\/a> abrufbar. Updates zu Speakern, Live-Acts und dem Veranstaltungsprogramm werden fortlaufend auf der Seite aktualisiert.\u00a0Informationen zu den verschiedenen Ticketkategorien f\u00fcr die NWX23 sind im Ticketshop auf\u00a0<a href=\"https:\/\/nwx.new-work.se\/events\/nwx23\/tickets\" target=\"_blank\" rel=\"noopener\">www.nwx.new-work.se\/events\/nwx23\/tickets<\/a> erh\u00e4ltlich.<\/em><\/p>\n","protected":false},"excerpt":{"rendered":"<p>\u00dcber 100 Speaker, 9 Stunden Programm und eine Job-Messe f\u00fcr Studenten und Absolventinnen: Die New Work Experience 2023, das wohl gr\u00f6sste Festival f\u00fcr Arbeit und Zukunft im DACH-Raum, wird am 14. Juni 2023 in Hamburg mit vielen H\u00f6hepunkten aufwarten.<\/p>\n","protected":false},"author":4,"featured_media":19925,"comment_status":"closed","ping_status":"closed","sticky":false,"template":"","format":"standard","meta":{"_acf_changed":false,"_yoast_wpseo_focuskw":"NWX23","_yoast_wpseo_metadesc":"Die NWX23, das wohl gr\u00f6sste Festival f\u00fcr Arbeit und Zukunft im DACH-Raum, wird am 14. Juni 2023 in Hamburg mit vielen H\u00f6hepunkten aufwarten.","articlekey":"","footnotes":""},"categories":[579],"tags":[193,254,335,363],"class_list":["post-19924","post","type-post","status-publish","format-standard","has-post-thumbnail","hentry","category-human-resources","tag-fachkongressfachmesse","tag-hrm","tag-management-und-unternehmensfuehrung","tag-new-work"],"acf":[],"yoast_head":"<!-- This site is optimized with the Yoast SEO plugin v27.5 - https:\/\/yoast.com\/product\/yoast-seo-wordpress\/ -->\n<title>Festival f\u00fcr Arbeit und Zukunft NWX23 pr\u00e4sentiert ein vielf\u00e4ltiges Programm - Organisator<\/title>\n<meta name=\"description\" content=\"Die NWX23, das wohl gr\u00f6sste Festival f\u00fcr Arbeit und Zukunft im DACH-Raum, wird am 14. Juni 2023 in Hamburg mit vielen H\u00f6hepunkten aufwarten.\" \/>\n<meta name=\"robots\" content=\"index, follow, max-snippet:-1, max-image-preview:large, max-video-preview:-1\" \/>\n<link rel=\"canonical\" href=\"https:\/\/www.organisator.ch\/de\/human-resources\/2023-04-25\/festival-fuer-arbeit-und-zukunft-nwx23-praesentiert-ein-vielfaeltiges-programm\/\" \/>\n<meta property=\"og:locale\" content=\"de_DE\" \/>\n<meta property=\"og:type\" content=\"article\" \/>\n<meta property=\"og:title\" content=\"Festival f\u00fcr Arbeit und Zukunft NWX23 pr\u00e4sentiert ein vielf\u00e4ltiges Programm\" \/>\n<meta property=\"og:description\" content=\"Die NWX23, das wohl gr\u00f6sste Festival f\u00fcr Arbeit und Zukunft im DACH-Raum, wird am 14. Juni 2023 in Hamburg mit vielen H\u00f6hepunkten aufwarten.\" \/>\n<meta property=\"og:url\" content=\"https:\/\/www.organisator.ch\/de\/human-resources\/2023-04-25\/festival-fuer-arbeit-und-zukunft-nwx23-praesentiert-ein-vielfaeltiges-programm\/\" \/>\n<meta property=\"og:site_name\" content=\"Organisator\" \/>\n<meta property=\"article:publisher\" content=\"https:\/\/www.facebook.com\/OrganisatorFachmagazin\" \/>\n<meta property=\"article:published_time\" content=\"2023-04-25T11:40:33+00:00\" \/>\n<meta property=\"article:modified_time\" content=\"2023-05-08T06:04:45+00:00\" \/>\n<meta property=\"og:image\" content=\"https:\/\/www.organisator.ch\/wp-content\/uploads\/2023\/04\/Festival-fuer-Arbeit-und-Zukunft-NWX23-praesentiert-ein-vielfaeltiges-Programm_Organisator.jpg\" \/>\n\t<meta property=\"og:image:width\" content=\"680\" \/>\n\t<meta property=\"og:image:height\" content=\"383\" \/>\n\t<meta property=\"og:image:type\" content=\"image\/jpeg\" \/>\n<meta name=\"author\" content=\"thomas.berner\" \/>\n<meta name=\"twitter:card\" content=\"summary_large_image\" \/>\n<meta name=\"twitter:title\" content=\"Festival f\u00fcr #Arbeit und Zukunft #NWX23 pr\u00e4sentiert ein vielf\u00e4ltiges Programm\" \/>\n<meta name=\"twitter:description\" content=\"Die #NWX23, das wohl gr\u00f6sste Festival f\u00fcr #Arbeit und Zukunft im #DACH-Raum, wird am 14. Juni 2023 in #Hamburg mit vielen H\u00f6hepunkten aufwarten.\" \/>\n<meta name=\"twitter:image\" content=\"https:\/\/www.organisator.ch\/wp-content\/uploads\/2023\/04\/Festival-fuer-Arbeit-und-Zukunft-NWX23-praesentiert-ein-vielfaeltiges-Programm_Organisator.jpg\" \/>\n<script type=\"application\/ld+json\" class=\"yoast-schema-graph\">{\"@context\":\"https:\\\/\\\/schema.org\",\"@graph\":[{\"@type\":\"Article\",\"@id\":\"https:\\\/\\\/www.organisator.ch\\\/human-resources\\\/2023-04-25\\\/festival-fuer-arbeit-und-zukunft-nwx23-praesentiert-ein-vielfaeltiges-programm\\\/#article\",\"isPartOf\":{\"@id\":\"https:\\\/\\\/www.organisator.ch\\\/human-resources\\\/2023-04-25\\\/festival-fuer-arbeit-und-zukunft-nwx23-praesentiert-ein-vielfaeltiges-programm\\\/\"},\"author\":{\"name\":\"thomas.berner\",\"@id\":\"https:\\\/\\\/www.organisator.ch\\\/#\\\/schema\\\/person\\\/6f650f90b2842cd4c0cc334b4e36f67e\"},\"headline\":\"Festival f\u00fcr Arbeit und Zukunft NWX23 pr\u00e4sentiert ein vielf\u00e4ltiges Programm\",\"datePublished\":\"2023-04-25T11:40:33+00:00\",\"dateModified\":\"2023-05-08T06:04:45+00:00\",\"mainEntityOfPage\":{\"@id\":\"https:\\\/\\\/www.organisator.ch\\\/human-resources\\\/2023-04-25\\\/festival-fuer-arbeit-und-zukunft-nwx23-praesentiert-ein-vielfaeltiges-programm\\\/\"},\"wordCount\":835,\"publisher\":{\"@id\":\"https:\\\/\\\/www.organisator.ch\\\/#organization\"},\"image\":{\"@id\":\"https:\\\/\\\/www.organisator.ch\\\/human-resources\\\/2023-04-25\\\/festival-fuer-arbeit-und-zukunft-nwx23-praesentiert-ein-vielfaeltiges-programm\\\/#primaryimage\"},\"thumbnailUrl\":\"https:\\\/\\\/www.organisator.ch\\\/wp-content\\\/uploads\\\/2023\\\/04\\\/Festival-fuer-Arbeit-und-Zukunft-NWX23-praesentiert-ein-vielfaeltiges-Programm_Organisator.jpg\",\"keywords\":[\"Fachkongress\\\/Fachmesse\",\"HRM\",\"Management und Unternehmensf\u00fchrung\",\"New Work\"],\"articleSection\":[\"HUMAN RESOURCES\"],\"inLanguage\":\"de\"},{\"@type\":\"WebPage\",\"@id\":\"https:\\\/\\\/www.organisator.ch\\\/human-resources\\\/2023-04-25\\\/festival-fuer-arbeit-und-zukunft-nwx23-praesentiert-ein-vielfaeltiges-programm\\\/\",\"url\":\"https:\\\/\\\/www.organisator.ch\\\/human-resources\\\/2023-04-25\\\/festival-fuer-arbeit-und-zukunft-nwx23-praesentiert-ein-vielfaeltiges-programm\\\/\",\"name\":\"Festival f\u00fcr Arbeit und Zukunft NWX23 pr\u00e4sentiert ein vielf\u00e4ltiges Programm - Organisator\",\"isPartOf\":{\"@id\":\"https:\\\/\\\/www.organisator.ch\\\/#website\"},\"primaryImageOfPage\":{\"@id\":\"https:\\\/\\\/www.organisator.ch\\\/human-resources\\\/2023-04-25\\\/festival-fuer-arbeit-und-zukunft-nwx23-praesentiert-ein-vielfaeltiges-programm\\\/#primaryimage\"},\"image\":{\"@id\":\"https:\\\/\\\/www.organisator.ch\\\/human-resources\\\/2023-04-25\\\/festival-fuer-arbeit-und-zukunft-nwx23-praesentiert-ein-vielfaeltiges-programm\\\/#primaryimage\"},\"thumbnailUrl\":\"https:\\\/\\\/www.organisator.ch\\\/wp-content\\\/uploads\\\/2023\\\/04\\\/Festival-fuer-Arbeit-und-Zukunft-NWX23-praesentiert-ein-vielfaeltiges-Programm_Organisator.jpg\",\"datePublished\":\"2023-04-25T11:40:33+00:00\",\"dateModified\":\"2023-05-08T06:04:45+00:00\",\"description\":\"Die NWX23, das wohl gr\u00f6sste Festival f\u00fcr Arbeit und Zukunft im DACH-Raum, wird am 14. Juni 2023 in Hamburg mit vielen H\u00f6hepunkten aufwarten.\",\"breadcrumb\":{\"@id\":\"https:\\\/\\\/www.organisator.ch\\\/human-resources\\\/2023-04-25\\\/festival-fuer-arbeit-und-zukunft-nwx23-praesentiert-ein-vielfaeltiges-programm\\\/#breadcrumb\"},\"inLanguage\":\"de\",\"potentialAction\":[{\"@type\":\"ReadAction\",\"target\":[\"https:\\\/\\\/www.organisator.ch\\\/human-resources\\\/2023-04-25\\\/festival-fuer-arbeit-und-zukunft-nwx23-praesentiert-ein-vielfaeltiges-programm\\\/\"]}]},{\"@type\":\"ImageObject\",\"inLanguage\":\"de\",\"@id\":\"https:\\\/\\\/www.organisator.ch\\\/human-resources\\\/2023-04-25\\\/festival-fuer-arbeit-und-zukunft-nwx23-praesentiert-ein-vielfaeltiges-programm\\\/#primaryimage\",\"url\":\"https:\\\/\\\/www.organisator.ch\\\/wp-content\\\/uploads\\\/2023\\\/04\\\/Festival-fuer-Arbeit-und-Zukunft-NWX23-praesentiert-ein-vielfaeltiges-Programm_Organisator.jpg\",\"contentUrl\":\"https:\\\/\\\/www.organisator.ch\\\/wp-content\\\/uploads\\\/2023\\\/04\\\/Festival-fuer-Arbeit-und-Zukunft-NWX23-praesentiert-ein-vielfaeltiges-Programm_Organisator.jpg\",\"width\":680,\"height\":383,\"caption\":\"Mit diesem Referenten-Line-Up pr\u00e4sentiert sich die NWX23 am 14. Juni 2023 in Hamburg. (Bild: New Work SE)\"},{\"@type\":\"BreadcrumbList\",\"@id\":\"https:\\\/\\\/www.organisator.ch\\\/human-resources\\\/2023-04-25\\\/festival-fuer-arbeit-und-zukunft-nwx23-praesentiert-ein-vielfaeltiges-programm\\\/#breadcrumb\",\"itemListElement\":[{\"@type\":\"ListItem\",\"position\":1,\"name\":\"Home\",\"item\":\"https:\\\/\\\/www.organisator.ch\\\/\"},{\"@type\":\"ListItem\",\"position\":2,\"name\":\"Festival f\u00fcr Arbeit und Zukunft NWX23 pr\u00e4sentiert ein vielf\u00e4ltiges Programm\"}]},{\"@type\":\"WebSite\",\"@id\":\"https:\\\/\\\/www.organisator.ch\\\/#website\",\"url\":\"https:\\\/\\\/www.organisator.ch\\\/\",\"name\":\"Organisator\",\"description\":\"Kompetent. Praxisnah. Der ORGANISATOR bereitet in 10 Ausgaben pro Jahr die wesentlichen Themen f\u00fcr F\u00fchrungskr\u00e4fte von KMU auf.\",\"publisher\":{\"@id\":\"https:\\\/\\\/www.organisator.ch\\\/#organization\"},\"potentialAction\":[{\"@type\":\"SearchAction\",\"target\":{\"@type\":\"EntryPoint\",\"urlTemplate\":\"https:\\\/\\\/www.organisator.ch\\\/?s={search_term_string}\"},\"query-input\":{\"@type\":\"PropertyValueSpecification\",\"valueRequired\":true,\"valueName\":\"search_term_string\"}}],\"inLanguage\":\"de\"},{\"@type\":\"Organization\",\"@id\":\"https:\\\/\\\/www.organisator.ch\\\/#organization\",\"name\":\"Organisator\",\"url\":\"https:\\\/\\\/www.organisator.ch\\\/\",\"logo\":{\"@type\":\"ImageObject\",\"inLanguage\":\"de\",\"@id\":\"https:\\\/\\\/www.organisator.ch\\\/#\\\/schema\\\/logo\\\/image\\\/\",\"url\":\"https:\\\/\\\/www.organisator.ch\\\/wp-content\\\/uploads\\\/2022\\\/01\\\/Logo_Organisator_Website.png\",\"contentUrl\":\"https:\\\/\\\/www.organisator.ch\\\/wp-content\\\/uploads\\\/2022\\\/01\\\/Logo_Organisator_Website.png\",\"width\":800,\"height\":77,\"caption\":\"Organisator\"},\"image\":{\"@id\":\"https:\\\/\\\/www.organisator.ch\\\/#\\\/schema\\\/logo\\\/image\\\/\"},\"sameAs\":[\"https:\\\/\\\/www.facebook.com\\\/OrganisatorFachmagazin\",\"https:\\\/\\\/www.linkedin.com\\\/showcase\\\/organisator-das-magazin-fr-kmu\",\"https:\\\/\\\/www.xing.com\\\/news\\\/pages\\\/organisator-ch-695\",\"https:\\\/\\\/www.youtube.com\\\/channel\\\/UCGP2Sq0iWaZwT3BdIAQFYpw\"]},{\"@type\":\"Person\",\"@id\":\"https:\\\/\\\/www.organisator.ch\\\/#\\\/schema\\\/person\\\/6f650f90b2842cd4c0cc334b4e36f67e\",\"name\":\"thomas.berner\",\"image\":{\"@type\":\"ImageObject\",\"inLanguage\":\"de\",\"@id\":\"https:\\\/\\\/secure.gravatar.com\\\/avatar\\\/ac5001d2a36cb6c6cd3e50789007ffca834b477b74a2144564522e944eabff61?s=96&d=mm&r=g\",\"url\":\"https:\\\/\\\/secure.gravatar.com\\\/avatar\\\/ac5001d2a36cb6c6cd3e50789007ffca834b477b74a2144564522e944eabff61?s=96&d=mm&r=g\",\"contentUrl\":\"https:\\\/\\\/secure.gravatar.com\\\/avatar\\\/ac5001d2a36cb6c6cd3e50789007ffca834b477b74a2144564522e944eabff61?s=96&d=mm&r=g\",\"caption\":\"thomas.berner\"},\"url\":\"https:\\\/\\\/www.organisator.ch\\\/de\\\/author\\\/thomas-berner\\\/\"}]}<\/script>\n<!-- \/ Yoast SEO plugin. -->","yoast_head_json":{"title":"Festival f\u00fcr Arbeit und Zukunft NWX23 pr\u00e4sentiert ein vielf\u00e4ltiges Programm - Organisator","description":"Die NWX23, das wohl gr\u00f6sste Festival f\u00fcr Arbeit und Zukunft im DACH-Raum, wird am 14. Juni 2023 in Hamburg mit vielen H\u00f6hepunkten aufwarten.","robots":{"index":"index","follow":"follow","max-snippet":"max-snippet:-1","max-image-preview":"max-image-preview:large","max-video-preview":"max-video-preview:-1"},"canonical":"https:\/\/www.organisator.ch\/de\/human-resources\/2023-04-25\/festival-fuer-arbeit-und-zukunft-nwx23-praesentiert-ein-vielfaeltiges-programm\/","og_locale":"de_DE","og_type":"article","og_title":"Festival f\u00fcr Arbeit und Zukunft NWX23 pr\u00e4sentiert ein vielf\u00e4ltiges Programm","og_description":"Die NWX23, das wohl gr\u00f6sste Festival f\u00fcr Arbeit und Zukunft im DACH-Raum, wird am 14. Juni 2023 in Hamburg mit vielen H\u00f6hepunkten aufwarten.","og_url":"https:\/\/www.organisator.ch\/de\/human-resources\/2023-04-25\/festival-fuer-arbeit-und-zukunft-nwx23-praesentiert-ein-vielfaeltiges-programm\/","og_site_name":"Organisator","article_publisher":"https:\/\/www.facebook.com\/OrganisatorFachmagazin","article_published_time":"2023-04-25T11:40:33+00:00","article_modified_time":"2023-05-08T06:04:45+00:00","og_image":[{"width":680,"height":383,"url":"https:\/\/www.organisator.ch\/wp-content\/uploads\/2023\/04\/Festival-fuer-Arbeit-und-Zukunft-NWX23-praesentiert-ein-vielfaeltiges-Programm_Organisator.jpg","type":"image\/jpeg"}],"author":"thomas.berner","twitter_card":"summary_large_image","twitter_title":"Festival f\u00fcr #Arbeit und Zukunft #NWX23 pr\u00e4sentiert ein vielf\u00e4ltiges Programm","twitter_description":"Die #NWX23, das wohl gr\u00f6sste Festival f\u00fcr #Arbeit und Zukunft im #DACH-Raum, wird am 14. Juni 2023 in #Hamburg mit vielen H\u00f6hepunkten aufwarten.","twitter_image":"https:\/\/www.organisator.ch\/wp-content\/uploads\/2023\/04\/Festival-fuer-Arbeit-und-Zukunft-NWX23-praesentiert-ein-vielfaeltiges-Programm_Organisator.jpg","schema":{"@context":"https:\/\/schema.org","@graph":[{"@type":"Article","@id":"https:\/\/www.organisator.ch\/human-resources\/2023-04-25\/festival-fuer-arbeit-und-zukunft-nwx23-praesentiert-ein-vielfaeltiges-programm\/#article","isPartOf":{"@id":"https:\/\/www.organisator.ch\/human-resources\/2023-04-25\/festival-fuer-arbeit-und-zukunft-nwx23-praesentiert-ein-vielfaeltiges-programm\/"},"author":{"name":"thomas.berner","@id":"https:\/\/www.organisator.ch\/#\/schema\/person\/6f650f90b2842cd4c0cc334b4e36f67e"},"headline":"Festival f\u00fcr Arbeit und Zukunft NWX23 pr\u00e4sentiert ein vielf\u00e4ltiges Programm","datePublished":"2023-04-25T11:40:33+00:00","dateModified":"2023-05-08T06:04:45+00:00","mainEntityOfPage":{"@id":"https:\/\/www.organisator.ch\/human-resources\/2023-04-25\/festival-fuer-arbeit-und-zukunft-nwx23-praesentiert-ein-vielfaeltiges-programm\/"},"wordCount":835,"publisher":{"@id":"https:\/\/www.organisator.ch\/#organization"},"image":{"@id":"https:\/\/www.organisator.ch\/human-resources\/2023-04-25\/festival-fuer-arbeit-und-zukunft-nwx23-praesentiert-ein-vielfaeltiges-programm\/#primaryimage"},"thumbnailUrl":"https:\/\/www.organisator.ch\/wp-content\/uploads\/2023\/04\/Festival-fuer-Arbeit-und-Zukunft-NWX23-praesentiert-ein-vielfaeltiges-Programm_Organisator.jpg","keywords":["Fachkongress\/Fachmesse","HRM","Management und Unternehmensf\u00fchrung","New Work"],"articleSection":["HUMAN RESOURCES"],"inLanguage":"de"},{"@type":"WebPage","@id":"https:\/\/www.organisator.ch\/human-resources\/2023-04-25\/festival-fuer-arbeit-und-zukunft-nwx23-praesentiert-ein-vielfaeltiges-programm\/","url":"https:\/\/www.organisator.ch\/human-resources\/2023-04-25\/festival-fuer-arbeit-und-zukunft-nwx23-praesentiert-ein-vielfaeltiges-programm\/","name":"Festival f\u00fcr Arbeit und Zukunft NWX23 pr\u00e4sentiert ein vielf\u00e4ltiges Programm - Organisator","isPartOf":{"@id":"https:\/\/www.organisator.ch\/#website"},"primaryImageOfPage":{"@id":"https:\/\/www.organisator.ch\/human-resources\/2023-04-25\/festival-fuer-arbeit-und-zukunft-nwx23-praesentiert-ein-vielfaeltiges-programm\/#primaryimage"},"image":{"@id":"https:\/\/www.organisator.ch\/human-resources\/2023-04-25\/festival-fuer-arbeit-und-zukunft-nwx23-praesentiert-ein-vielfaeltiges-programm\/#primaryimage"},"thumbnailUrl":"https:\/\/www.organisator.ch\/wp-content\/uploads\/2023\/04\/Festival-fuer-Arbeit-und-Zukunft-NWX23-praesentiert-ein-vielfaeltiges-Programm_Organisator.jpg","datePublished":"2023-04-25T11:40:33+00:00","dateModified":"2023-05-08T06:04:45+00:00","description":"Die NWX23, das wohl gr\u00f6sste Festival f\u00fcr Arbeit und Zukunft im DACH-Raum, wird am 14. Juni 2023 in Hamburg mit vielen H\u00f6hepunkten aufwarten.","breadcrumb":{"@id":"https:\/\/www.organisator.ch\/human-resources\/2023-04-25\/festival-fuer-arbeit-und-zukunft-nwx23-praesentiert-ein-vielfaeltiges-programm\/#breadcrumb"},"inLanguage":"de","potentialAction":[{"@type":"ReadAction","target":["https:\/\/www.organisator.ch\/human-resources\/2023-04-25\/festival-fuer-arbeit-und-zukunft-nwx23-praesentiert-ein-vielfaeltiges-programm\/"]}]},{"@type":"ImageObject","inLanguage":"de","@id":"https:\/\/www.organisator.ch\/human-resources\/2023-04-25\/festival-fuer-arbeit-und-zukunft-nwx23-praesentiert-ein-vielfaeltiges-programm\/#primaryimage","url":"https:\/\/www.organisator.ch\/wp-content\/uploads\/2023\/04\/Festival-fuer-Arbeit-und-Zukunft-NWX23-praesentiert-ein-vielfaeltiges-Programm_Organisator.jpg","contentUrl":"https:\/\/www.organisator.ch\/wp-content\/uploads\/2023\/04\/Festival-fuer-Arbeit-und-Zukunft-NWX23-praesentiert-ein-vielfaeltiges-Programm_Organisator.jpg","width":680,"height":383,"caption":"Mit diesem Referenten-Line-Up pr\u00e4sentiert sich die NWX23 am 14. Juni 2023 in Hamburg. (Bild: New Work SE)"},{"@type":"BreadcrumbList","@id":"https:\/\/www.organisator.ch\/human-resources\/2023-04-25\/festival-fuer-arbeit-und-zukunft-nwx23-praesentiert-ein-vielfaeltiges-programm\/#breadcrumb","itemListElement":[{"@type":"ListItem","position":1,"name":"Home","item":"https:\/\/www.organisator.ch\/"},{"@type":"ListItem","position":2,"name":"Festival f\u00fcr Arbeit und Zukunft NWX23 pr\u00e4sentiert ein vielf\u00e4ltiges Programm"}]},{"@type":"WebSite","@id":"https:\/\/www.organisator.ch\/#website","url":"https:\/\/www.organisator.ch\/","name":"Organisator","description":"Kompetent. Praxisnah. Der ORGANISATOR bereitet in 10 Ausgaben pro Jahr die wesentlichen Themen f\u00fcr F\u00fchrungskr\u00e4fte von KMU auf.","publisher":{"@id":"https:\/\/www.organisator.ch\/#organization"},"potentialAction":[{"@type":"SearchAction","target":{"@type":"EntryPoint","urlTemplate":"https:\/\/www.organisator.ch\/?s={search_term_string}"},"query-input":{"@type":"PropertyValueSpecification","valueRequired":true,"valueName":"search_term_string"}}],"inLanguage":"de"},{"@type":"Organization","@id":"https:\/\/www.organisator.ch\/#organization","name":"Organisator","url":"https:\/\/www.organisator.ch\/","logo":{"@type":"ImageObject","inLanguage":"de","@id":"https:\/\/www.organisator.ch\/#\/schema\/logo\/image\/","url":"https:\/\/www.organisator.ch\/wp-content\/uploads\/2022\/01\/Logo_Organisator_Website.png","contentUrl":"https:\/\/www.organisator.ch\/wp-content\/uploads\/2022\/01\/Logo_Organisator_Website.png","width":800,"height":77,"caption":"Organisator"},"image":{"@id":"https:\/\/www.organisator.ch\/#\/schema\/logo\/image\/"},"sameAs":["https:\/\/www.facebook.com\/OrganisatorFachmagazin","https:\/\/www.linkedin.com\/showcase\/organisator-das-magazin-fr-kmu","https:\/\/www.xing.com\/news\/pages\/organisator-ch-695","https:\/\/www.youtube.com\/channel\/UCGP2Sq0iWaZwT3BdIAQFYpw"]},{"@type":"Person","@id":"https:\/\/www.organisator.ch\/#\/schema\/person\/6f650f90b2842cd4c0cc334b4e36f67e","name":"thomas.berner","image":{"@type":"ImageObject","inLanguage":"de","@id":"https:\/\/secure.gravatar.com\/avatar\/ac5001d2a36cb6c6cd3e50789007ffca834b477b74a2144564522e944eabff61?s=96&d=mm&r=g","url":"https:\/\/secure.gravatar.com\/avatar\/ac5001d2a36cb6c6cd3e50789007ffca834b477b74a2144564522e944eabff61?s=96&d=mm&r=g","contentUrl":"https:\/\/secure.gravatar.com\/avatar\/ac5001d2a36cb6c6cd3e50789007ffca834b477b74a2144564522e944eabff61?s=96&d=mm&r=g","caption":"thomas.berner"},"url":"https:\/\/www.organisator.ch\/de\/author\/thomas-berner\/"}]}},"_links":{"self":[{"href":"https:\/\/www.organisator.ch\/de\/wp-json\/wp\/v2\/posts\/19924","targetHints":{"allow":["GET"]}}],"collection":[{"href":"https:\/\/www.organisator.ch\/de\/wp-json\/wp\/v2\/posts"}],"about":[{"href":"https:\/\/www.organisator.ch\/de\/wp-json\/wp\/v2\/types\/post"}],"author":[{"embeddable":true,"href":"https:\/\/www.organisator.ch\/de\/wp-json\/wp\/v2\/users\/4"}],"replies":[{"embeddable":true,"href":"https:\/\/www.organisator.ch\/de\/wp-json\/wp\/v2\/comments?post=19924"}],"version-history":[{"count":1,"href":"https:\/\/www.organisator.ch\/de\/wp-json\/wp\/v2\/posts\/19924\/revisions"}],"predecessor-version":[{"id":19926,"href":"https:\/\/www.organisator.ch\/de\/wp-json\/wp\/v2\/posts\/19924\/revisions\/19926"}],"wp:featuredmedia":[{"embeddable":true,"href":"https:\/\/www.organisator.ch\/de\/wp-json\/wp\/v2\/media\/19925"}],"wp:attachment":[{"href":"https:\/\/www.organisator.ch\/de\/wp-json\/wp\/v2\/media?parent=19924"}],"wp:term":[{"taxonomy":"category","embeddable":true,"href":"https:\/\/www.organisator.ch\/de\/wp-json\/wp\/v2\/categories?post=19924"},{"taxonomy":"post_tag","embeddable":true,"href":"https:\/\/www.organisator.ch\/de\/wp-json\/wp\/v2\/tags?post=19924"}],"curies":[{"name":"wp","href":"https:\/\/api.w.org\/{rel}","templated":true}]}}