{"id":19988,"date":"2023-05-01T08:01:42","date_gmt":"2023-05-01T06:01:42","guid":{"rendered":"https:\/\/www.organisator.ch\/?p=19988"},"modified":"2023-05-01T08:01:42","modified_gmt":"2023-05-01T06:01:42","slug":"konjunktur-und-arbeitskraeftemangel-belasten-temporaergeschaeft-der-personaldienstleister","status":"publish","type":"post","link":"https:\/\/www.organisator.ch\/de\/human-resources\/2023-05-01\/konjunktur-und-arbeitskraeftemangel-belasten-temporaergeschaeft-der-personaldienstleister\/","title":{"rendered":"Konjunktur und Arbeitskr\u00e4ftemangel belasten Tempor\u00e4rgesch\u00e4ft der Personaldienstleister"},"content":{"rendered":"<figure id=\"attachment_19989\" aria-describedby=\"caption-attachment-19989\" style=\"width: 680px\" class=\"wp-caption alignnone\"><img loading=\"lazy\" decoding=\"async\" class=\"size-full wp-image-19989\" src=\"https:\/\/www.organisator.ch\/wp-content\/uploads\/2023\/05\/Konjunktur-und-Arbeitskraeftemangel-belasten-Temporaergeschaeft-der-Personaldienstleister_Organisator.jpg\" alt=\"\" width=\"680\" height=\"453\" srcset=\"https:\/\/www.organisator.ch\/wp-content\/uploads\/2023\/05\/Konjunktur-und-Arbeitskraeftemangel-belasten-Temporaergeschaeft-der-Personaldienstleister_Organisator.jpg 680w, https:\/\/www.organisator.ch\/wp-content\/uploads\/2023\/05\/Konjunktur-und-Arbeitskraeftemangel-belasten-Temporaergeschaeft-der-Personaldienstleister_Organisator-18x12.jpg 18w, https:\/\/www.organisator.ch\/wp-content\/uploads\/2023\/05\/Konjunktur-und-Arbeitskraeftemangel-belasten-Temporaergeschaeft-der-Personaldienstleister_Organisator-375x250.jpg 375w, https:\/\/www.organisator.ch\/wp-content\/uploads\/2023\/05\/Konjunktur-und-Arbeitskraeftemangel-belasten-Temporaergeschaeft-der-Personaldienstleister_Organisator-525x350.jpg 525w\" sizes=\"auto, (max-width: 680px) 100vw, 680px\" \/><figcaption id=\"caption-attachment-19989\" class=\"wp-caption-text\">Der Arbeitskr\u00e4ftemangel setzt auch das Gesch\u00e4ft mit Tempor\u00e4rarbeit unter Druck. (Bild: Pixabay.com)<\/figcaption><\/figure>\n<p>Gem\u00e4ss dem Swiss Staffingindex rutschte das Tempor\u00e4rgesch\u00e4ft der Personaldienstleister erstmals nach 2 Jahren mit 3,4 Prozent ins Minus. Das Feststellengesch\u00e4ft hat mit einem Wachstum von 15,3 Prozent Hochkonjunktur. Der Grund: Arbeitskr\u00e4ftemangel wird zunehmend zum Bremsklotz f\u00fcr das Wachstum von Personaldienstleistern wie Gesamtwirtschaft. Die abflauende Konjunktur und die Normalisierung nach der Corona-Zeit sorgten einerseits bei Unternehmen f\u00fcr weniger kurzfristige Auftragsspitzen, die \u00fcber Tempor\u00e4rarbeit abgedeckt werden mussten. Andererseits setzen die weiterhin gut ausgelasteten Betriebe zunehmend auf Festanstellungen &#8211; weil der Markt planbarer geworden ist und um Personal enger an sich zu binden.<\/p>\n<h3>Angespannte Rekrutierungssituation bei Unternehmen<\/h3>\n<p>&#8222;Die beispiellose Nachfrage nach qualifizierten Fachkr\u00e4ften zeigt deutlich, dass sich der Fachkr\u00e4ftemangel in der Schweiz weiter zuspitzt.&#8220; stellt Jan Jacob, Country Manager ManpowerGroup Schweiz auf der Basis des Manpower Arbeitsmarktbarometers fest. Drei von vier Unternehmen beklagen Schwierigkeiten bei der Rekrutierung von Fachkr\u00e4ften. Diese Entwicklung macht sich auf dem Stellenmarkt bemerkbar. Gem\u00e4ss dem <a href=\"https:\/\/www.organisator.ch\/de\/human-resources\/2023-04-13\/arbeitsmarkt-breite-sprachkenntnisse-erhoehen-jobchancen-deutlich\/\">Adecco Group Swiss Job Market Index nahm die Zahl der offenen Stellen im ersten Quartal 2023<\/a> nur leicht gegen\u00fcber dem historischen H\u00f6chststand im Q4 2022 ab.<\/p>\n<p>Marcel Keller, Country President Adecco Group Switzerland, ordnet ein: &#8222;Nach fast 3 Jahren Covid-bedingter Unsicherheiten macht sich Zuversicht breit. Firmen investieren wieder in Festanstellungen und stellen mehr und mehr tempor\u00e4re Mitarbeitende fest an. Zudem hat Covid nicht nur den Fachkr\u00e4ftemangel, sondern gleichzeitig auch die Verhandlungsmacht der Fachkr\u00e4fte erh\u00f6ht, sodass Firmen alles tun, um Mitarbeitende ans Unternehmen zu binden &#8211; und dies m\u00f6glichst langfristig.&#8220;<\/p>\n<h3>Heiss umk\u00e4mpfte Talente auf dem Arbeitsmarkt<\/h3>\n<p>In Anbetracht der angespannten Arbeitsmarktlage m\u00fcssen Unternehmen neue Wege gehen, um Kandidaten f\u00fcr sich zu gewinnen. Heiss umk\u00e4mpft ist insbesondere die Generation Z. Das j\u00fcngste White Paper des Personalberaters Careerplus zeigt: Werte und Flexibilit\u00e4t sind der Schl\u00fcssel zum Erfolg. 64 Prozent der Generation Z tr\u00e4umen davon, etwas Gutes zu tun. Nur 19 Prozent der Befragten w\u00fcrden in einem Unternehmen arbeiten, das ihre Werte nicht teilt. Vier von zehn Kandidaten lehnen Jobangebote ohne Homeoffice-M\u00f6glichkeit ab. Flexibilit\u00e4t liegt bei Berufen mit Fachkr\u00e4ftemangel allgemein im Trend. Eine Umfrage der Arbeitsvermittlungsplattform Coople unter Personen mit medizinischem Jobprofil zeigt: 76,4 Prozent sch\u00e4tzen die freie Einteilung ihrer Arbeitszeit als Vorteil. 63,1 % nutzen flexible Arbeit als Zusatzeinkommen und 38,8 Prozent suchen eine ausgeglichenere Work-Life-Balance.<\/p>\n<h3>Ausblick: Personaldienstleister weiter besorgt \u00fcber Arbeitskr\u00e4ftemangel<\/h3>\n<p>Die angespannte Arbeitsmarktlage besorgt die Personaldienstleister. Mit Blick auf die kommenden sechs Monate rechnen 46,8 Prozent mit einem Anstieg der Gesch\u00e4ftst\u00e4tigkeit im Tempor\u00e4rgesch\u00e4ft. 32,5 Prozent rechnen ebenfalls im Feststellengesch\u00e4ft mit einem weiteren Anstieg. Zum Vergleich im Q1 2022 lagen diese Werte noch bei 70 bzw. 54 Prozent. Der ausgetrocknete Arbeitsmarkt und die geringe konjunkturelle Dynamik d\u00fcrften die Hauptgr\u00fcnde f\u00fcr diese Einsch\u00e4tzung der Gesch\u00e4ftsf\u00fchrenden sein. Positiv k\u00f6nnte sich auf die Gesch\u00e4ftsentwicklung auswirken, dass Arbeitnehmende die gute Arbeitsmarktsituation nutzen, um ihre Stelle zu wechseln oder sich bewusst f\u00fcr flexible Arbeitsmodelle wie die Tempor\u00e4rarbeit entscheiden.<\/p>\n<p><em>Quelle: <a href=\"http:\/\/www.swissstaffing.ch\">Swissstaffing<\/a><\/em><\/p>\n","protected":false},"excerpt":{"rendered":"<p>Trotz tr\u00fcber Konjunkturaussichten bereitet der akute Arbeitskr\u00e4ftemangel Unternehmen Sorgen und verleiht Stellensuchenden gr\u00f6ssere Verhandlungsmacht. Zu diesem Befund kommt der j\u00fcngste Swiss Staffingindex.<\/p>\n","protected":false},"author":4,"featured_media":19989,"comment_status":"closed","ping_status":"closed","sticky":false,"template":"","format":"standard","meta":{"_acf_changed":false,"_yoast_wpseo_focuskw":"Arbeitskr\u00e4ftemangel","_yoast_wpseo_metadesc":"Der akute Arbeitskr\u00e4ftemangel bereitet Unternehmen weiterhin Sorgen. Das Tempor\u00e4rgesch\u00e4ft der Personaldienstleister ist unter Druck.","articlekey":"","footnotes":""},"categories":[579],"tags":[194,310,3745],"class_list":["post-19988","post","type-post","status-publish","format-standard","has-post-thumbnail","hentry","category-human-resources","tag-fachkraeftemangel","tag-konjunktur","tag-temporaerarbeit"],"acf":[],"yoast_head":"<!-- This site is optimized with the Yoast SEO plugin v27.4 - https:\/\/yoast.com\/product\/yoast-seo-wordpress\/ -->\n<title>Konjunktur und Arbeitskr\u00e4ftemangel belasten Tempor\u00e4rgesch\u00e4ft der Personaldienstleister - Organisator<\/title>\n<meta name=\"description\" content=\"Der akute Arbeitskr\u00e4ftemangel bereitet Unternehmen weiterhin Sorgen. Das Tempor\u00e4rgesch\u00e4ft der Personaldienstleister ist unter Druck.\" \/>\n<meta name=\"robots\" content=\"index, follow, max-snippet:-1, max-image-preview:large, max-video-preview:-1\" \/>\n<link rel=\"canonical\" href=\"https:\/\/www.organisator.ch\/de\/human-resources\/2023-05-01\/konjunktur-und-arbeitskraeftemangel-belasten-temporaergeschaeft-der-personaldienstleister\/\" \/>\n<meta property=\"og:locale\" content=\"de_DE\" \/>\n<meta property=\"og:type\" content=\"article\" \/>\n<meta property=\"og:title\" content=\"Konjunktur und Arbeitskr\u00e4ftemangel belasten Tempor\u00e4rgesch\u00e4ft der Personaldienstleister\" \/>\n<meta property=\"og:description\" content=\"Der akute Arbeitskr\u00e4ftemangel bereitet Unternehmen weiterhin Sorgen. Das Tempor\u00e4rgesch\u00e4ft der Personaldienstleister ist unter Druck.\" \/>\n<meta property=\"og:url\" content=\"https:\/\/www.organisator.ch\/de\/human-resources\/2023-05-01\/konjunktur-und-arbeitskraeftemangel-belasten-temporaergeschaeft-der-personaldienstleister\/\" \/>\n<meta property=\"og:site_name\" content=\"Organisator\" \/>\n<meta property=\"article:publisher\" content=\"https:\/\/www.facebook.com\/OrganisatorFachmagazin\" \/>\n<meta property=\"article:published_time\" content=\"2023-05-01T06:01:42+00:00\" \/>\n<meta property=\"og:image\" content=\"https:\/\/www.organisator.ch\/wp-content\/uploads\/2023\/05\/Konjunktur-und-Arbeitskraeftemangel-belasten-Temporaergeschaeft-der-Personaldienstleister_Organisator.jpg\" \/>\n\t<meta property=\"og:image:width\" content=\"680\" \/>\n\t<meta property=\"og:image:height\" content=\"453\" \/>\n\t<meta property=\"og:image:type\" content=\"image\/jpeg\" \/>\n<meta name=\"author\" content=\"thomas.berner\" \/>\n<meta name=\"twitter:card\" content=\"summary_large_image\" \/>\n<meta name=\"twitter:title\" content=\"Konjunktur und #Arbeitskr\u00e4ftemangel belasten #Tempor\u00e4rgesch\u00e4ft der #Personaldienstleister\" \/>\n<meta name=\"twitter:description\" content=\"Der akute #Arbeitskr\u00e4ftemangel bereitet Unternehmen weiterhin Sorgen. Das #Tempor\u00e4rgesch\u00e4ft der #Personaldienstleister ist unter Druck.\" \/>\n<meta name=\"twitter:image\" content=\"https:\/\/www.organisator.ch\/wp-content\/uploads\/2023\/05\/Konjunktur-und-Arbeitskraeftemangel-belasten-Temporaergeschaeft-der-Personaldienstleister_Organisator.jpg\" \/>\n<script type=\"application\/ld+json\" class=\"yoast-schema-graph\">{\"@context\":\"https:\\\/\\\/schema.org\",\"@graph\":[{\"@type\":\"Article\",\"@id\":\"https:\\\/\\\/www.organisator.ch\\\/human-resources\\\/2023-05-01\\\/konjunktur-und-arbeitskraeftemangel-belasten-temporaergeschaeft-der-personaldienstleister\\\/#article\",\"isPartOf\":{\"@id\":\"https:\\\/\\\/www.organisator.ch\\\/human-resources\\\/2023-05-01\\\/konjunktur-und-arbeitskraeftemangel-belasten-temporaergeschaeft-der-personaldienstleister\\\/\"},\"author\":{\"name\":\"thomas.berner\",\"@id\":\"https:\\\/\\\/www.organisator.ch\\\/#\\\/schema\\\/person\\\/6f650f90b2842cd4c0cc334b4e36f67e\"},\"headline\":\"Konjunktur und Arbeitskr\u00e4ftemangel belasten Tempor\u00e4rgesch\u00e4ft der Personaldienstleister\",\"datePublished\":\"2023-05-01T06:01:42+00:00\",\"mainEntityOfPage\":{\"@id\":\"https:\\\/\\\/www.organisator.ch\\\/human-resources\\\/2023-05-01\\\/konjunktur-und-arbeitskraeftemangel-belasten-temporaergeschaeft-der-personaldienstleister\\\/\"},\"wordCount\":523,\"publisher\":{\"@id\":\"https:\\\/\\\/www.organisator.ch\\\/#organization\"},\"image\":{\"@id\":\"https:\\\/\\\/www.organisator.ch\\\/human-resources\\\/2023-05-01\\\/konjunktur-und-arbeitskraeftemangel-belasten-temporaergeschaeft-der-personaldienstleister\\\/#primaryimage\"},\"thumbnailUrl\":\"https:\\\/\\\/www.organisator.ch\\\/wp-content\\\/uploads\\\/2023\\\/05\\\/Konjunktur-und-Arbeitskraeftemangel-belasten-Temporaergeschaeft-der-Personaldienstleister_Organisator.jpg\",\"keywords\":[\"Fachkr\u00e4ftemangel\",\"Konjunktur\",\"Tempor\u00e4rarbeit\"],\"articleSection\":[\"HUMAN RESOURCES\"],\"inLanguage\":\"de\"},{\"@type\":\"WebPage\",\"@id\":\"https:\\\/\\\/www.organisator.ch\\\/human-resources\\\/2023-05-01\\\/konjunktur-und-arbeitskraeftemangel-belasten-temporaergeschaeft-der-personaldienstleister\\\/\",\"url\":\"https:\\\/\\\/www.organisator.ch\\\/human-resources\\\/2023-05-01\\\/konjunktur-und-arbeitskraeftemangel-belasten-temporaergeschaeft-der-personaldienstleister\\\/\",\"name\":\"Konjunktur und Arbeitskr\u00e4ftemangel belasten Tempor\u00e4rgesch\u00e4ft der Personaldienstleister - Organisator\",\"isPartOf\":{\"@id\":\"https:\\\/\\\/www.organisator.ch\\\/#website\"},\"primaryImageOfPage\":{\"@id\":\"https:\\\/\\\/www.organisator.ch\\\/human-resources\\\/2023-05-01\\\/konjunktur-und-arbeitskraeftemangel-belasten-temporaergeschaeft-der-personaldienstleister\\\/#primaryimage\"},\"image\":{\"@id\":\"https:\\\/\\\/www.organisator.ch\\\/human-resources\\\/2023-05-01\\\/konjunktur-und-arbeitskraeftemangel-belasten-temporaergeschaeft-der-personaldienstleister\\\/#primaryimage\"},\"thumbnailUrl\":\"https:\\\/\\\/www.organisator.ch\\\/wp-content\\\/uploads\\\/2023\\\/05\\\/Konjunktur-und-Arbeitskraeftemangel-belasten-Temporaergeschaeft-der-Personaldienstleister_Organisator.jpg\",\"datePublished\":\"2023-05-01T06:01:42+00:00\",\"description\":\"Der akute Arbeitskr\u00e4ftemangel bereitet Unternehmen weiterhin Sorgen. Das Tempor\u00e4rgesch\u00e4ft der Personaldienstleister ist unter Druck.\",\"breadcrumb\":{\"@id\":\"https:\\\/\\\/www.organisator.ch\\\/human-resources\\\/2023-05-01\\\/konjunktur-und-arbeitskraeftemangel-belasten-temporaergeschaeft-der-personaldienstleister\\\/#breadcrumb\"},\"inLanguage\":\"de\",\"potentialAction\":[{\"@type\":\"ReadAction\",\"target\":[\"https:\\\/\\\/www.organisator.ch\\\/human-resources\\\/2023-05-01\\\/konjunktur-und-arbeitskraeftemangel-belasten-temporaergeschaeft-der-personaldienstleister\\\/\"]}]},{\"@type\":\"ImageObject\",\"inLanguage\":\"de\",\"@id\":\"https:\\\/\\\/www.organisator.ch\\\/human-resources\\\/2023-05-01\\\/konjunktur-und-arbeitskraeftemangel-belasten-temporaergeschaeft-der-personaldienstleister\\\/#primaryimage\",\"url\":\"https:\\\/\\\/www.organisator.ch\\\/wp-content\\\/uploads\\\/2023\\\/05\\\/Konjunktur-und-Arbeitskraeftemangel-belasten-Temporaergeschaeft-der-Personaldienstleister_Organisator.jpg\",\"contentUrl\":\"https:\\\/\\\/www.organisator.ch\\\/wp-content\\\/uploads\\\/2023\\\/05\\\/Konjunktur-und-Arbeitskraeftemangel-belasten-Temporaergeschaeft-der-Personaldienstleister_Organisator.jpg\",\"width\":680,\"height\":453,\"caption\":\"Der Arbeitskr\u00e4ftemangel setzt auch das Gesch\u00e4ft mit Tempor\u00e4rarbeit unter Druck. (Bild: Pixabay.com)\"},{\"@type\":\"BreadcrumbList\",\"@id\":\"https:\\\/\\\/www.organisator.ch\\\/human-resources\\\/2023-05-01\\\/konjunktur-und-arbeitskraeftemangel-belasten-temporaergeschaeft-der-personaldienstleister\\\/#breadcrumb\",\"itemListElement\":[{\"@type\":\"ListItem\",\"position\":1,\"name\":\"Home\",\"item\":\"https:\\\/\\\/www.organisator.ch\\\/\"},{\"@type\":\"ListItem\",\"position\":2,\"name\":\"Konjunktur und Arbeitskr\u00e4ftemangel belasten Tempor\u00e4rgesch\u00e4ft der Personaldienstleister\"}]},{\"@type\":\"WebSite\",\"@id\":\"https:\\\/\\\/www.organisator.ch\\\/#website\",\"url\":\"https:\\\/\\\/www.organisator.ch\\\/\",\"name\":\"Organisator\",\"description\":\"Kompetent. Praxisnah. Der ORGANISATOR bereitet in 10 Ausgaben pro Jahr die wesentlichen Themen f\u00fcr F\u00fchrungskr\u00e4fte von KMU auf.\",\"publisher\":{\"@id\":\"https:\\\/\\\/www.organisator.ch\\\/#organization\"},\"potentialAction\":[{\"@type\":\"SearchAction\",\"target\":{\"@type\":\"EntryPoint\",\"urlTemplate\":\"https:\\\/\\\/www.organisator.ch\\\/?s={search_term_string}\"},\"query-input\":{\"@type\":\"PropertyValueSpecification\",\"valueRequired\":true,\"valueName\":\"search_term_string\"}}],\"inLanguage\":\"de\"},{\"@type\":\"Organization\",\"@id\":\"https:\\\/\\\/www.organisator.ch\\\/#organization\",\"name\":\"Organisator\",\"url\":\"https:\\\/\\\/www.organisator.ch\\\/\",\"logo\":{\"@type\":\"ImageObject\",\"inLanguage\":\"de\",\"@id\":\"https:\\\/\\\/www.organisator.ch\\\/#\\\/schema\\\/logo\\\/image\\\/\",\"url\":\"https:\\\/\\\/www.organisator.ch\\\/wp-content\\\/uploads\\\/2022\\\/01\\\/Logo_Organisator_Website.png\",\"contentUrl\":\"https:\\\/\\\/www.organisator.ch\\\/wp-content\\\/uploads\\\/2022\\\/01\\\/Logo_Organisator_Website.png\",\"width\":800,\"height\":77,\"caption\":\"Organisator\"},\"image\":{\"@id\":\"https:\\\/\\\/www.organisator.ch\\\/#\\\/schema\\\/logo\\\/image\\\/\"},\"sameAs\":[\"https:\\\/\\\/www.facebook.com\\\/OrganisatorFachmagazin\",\"https:\\\/\\\/www.linkedin.com\\\/showcase\\\/organisator-das-magazin-fr-kmu\",\"https:\\\/\\\/www.xing.com\\\/news\\\/pages\\\/organisator-ch-695\",\"https:\\\/\\\/www.youtube.com\\\/channel\\\/UCGP2Sq0iWaZwT3BdIAQFYpw\"]},{\"@type\":\"Person\",\"@id\":\"https:\\\/\\\/www.organisator.ch\\\/#\\\/schema\\\/person\\\/6f650f90b2842cd4c0cc334b4e36f67e\",\"name\":\"thomas.berner\",\"image\":{\"@type\":\"ImageObject\",\"inLanguage\":\"de\",\"@id\":\"https:\\\/\\\/secure.gravatar.com\\\/avatar\\\/ac5001d2a36cb6c6cd3e50789007ffca834b477b74a2144564522e944eabff61?s=96&d=mm&r=g\",\"url\":\"https:\\\/\\\/secure.gravatar.com\\\/avatar\\\/ac5001d2a36cb6c6cd3e50789007ffca834b477b74a2144564522e944eabff61?s=96&d=mm&r=g\",\"contentUrl\":\"https:\\\/\\\/secure.gravatar.com\\\/avatar\\\/ac5001d2a36cb6c6cd3e50789007ffca834b477b74a2144564522e944eabff61?s=96&d=mm&r=g\",\"caption\":\"thomas.berner\"},\"url\":\"https:\\\/\\\/www.organisator.ch\\\/de\\\/author\\\/thomas-berner\\\/\"}]}<\/script>\n<!-- \/ Yoast SEO plugin. -->","yoast_head_json":{"title":"Konjunktur und Arbeitskr\u00e4ftemangel belasten Tempor\u00e4rgesch\u00e4ft der Personaldienstleister - Organisator","description":"Der akute Arbeitskr\u00e4ftemangel bereitet Unternehmen weiterhin Sorgen. Das Tempor\u00e4rgesch\u00e4ft der Personaldienstleister ist unter Druck.","robots":{"index":"index","follow":"follow","max-snippet":"max-snippet:-1","max-image-preview":"max-image-preview:large","max-video-preview":"max-video-preview:-1"},"canonical":"https:\/\/www.organisator.ch\/de\/human-resources\/2023-05-01\/konjunktur-und-arbeitskraeftemangel-belasten-temporaergeschaeft-der-personaldienstleister\/","og_locale":"de_DE","og_type":"article","og_title":"Konjunktur und Arbeitskr\u00e4ftemangel belasten Tempor\u00e4rgesch\u00e4ft der Personaldienstleister","og_description":"Der akute Arbeitskr\u00e4ftemangel bereitet Unternehmen weiterhin Sorgen. Das Tempor\u00e4rgesch\u00e4ft der Personaldienstleister ist unter Druck.","og_url":"https:\/\/www.organisator.ch\/de\/human-resources\/2023-05-01\/konjunktur-und-arbeitskraeftemangel-belasten-temporaergeschaeft-der-personaldienstleister\/","og_site_name":"Organisator","article_publisher":"https:\/\/www.facebook.com\/OrganisatorFachmagazin","article_published_time":"2023-05-01T06:01:42+00:00","og_image":[{"width":680,"height":453,"url":"https:\/\/www.organisator.ch\/wp-content\/uploads\/2023\/05\/Konjunktur-und-Arbeitskraeftemangel-belasten-Temporaergeschaeft-der-Personaldienstleister_Organisator.jpg","type":"image\/jpeg"}],"author":"thomas.berner","twitter_card":"summary_large_image","twitter_title":"Konjunktur und #Arbeitskr\u00e4ftemangel belasten #Tempor\u00e4rgesch\u00e4ft der #Personaldienstleister","twitter_description":"Der akute #Arbeitskr\u00e4ftemangel bereitet Unternehmen weiterhin Sorgen. Das #Tempor\u00e4rgesch\u00e4ft der #Personaldienstleister ist unter Druck.","twitter_image":"https:\/\/www.organisator.ch\/wp-content\/uploads\/2023\/05\/Konjunktur-und-Arbeitskraeftemangel-belasten-Temporaergeschaeft-der-Personaldienstleister_Organisator.jpg","schema":{"@context":"https:\/\/schema.org","@graph":[{"@type":"Article","@id":"https:\/\/www.organisator.ch\/human-resources\/2023-05-01\/konjunktur-und-arbeitskraeftemangel-belasten-temporaergeschaeft-der-personaldienstleister\/#article","isPartOf":{"@id":"https:\/\/www.organisator.ch\/human-resources\/2023-05-01\/konjunktur-und-arbeitskraeftemangel-belasten-temporaergeschaeft-der-personaldienstleister\/"},"author":{"name":"thomas.berner","@id":"https:\/\/www.organisator.ch\/#\/schema\/person\/6f650f90b2842cd4c0cc334b4e36f67e"},"headline":"Konjunktur und Arbeitskr\u00e4ftemangel belasten Tempor\u00e4rgesch\u00e4ft der Personaldienstleister","datePublished":"2023-05-01T06:01:42+00:00","mainEntityOfPage":{"@id":"https:\/\/www.organisator.ch\/human-resources\/2023-05-01\/konjunktur-und-arbeitskraeftemangel-belasten-temporaergeschaeft-der-personaldienstleister\/"},"wordCount":523,"publisher":{"@id":"https:\/\/www.organisator.ch\/#organization"},"image":{"@id":"https:\/\/www.organisator.ch\/human-resources\/2023-05-01\/konjunktur-und-arbeitskraeftemangel-belasten-temporaergeschaeft-der-personaldienstleister\/#primaryimage"},"thumbnailUrl":"https:\/\/www.organisator.ch\/wp-content\/uploads\/2023\/05\/Konjunktur-und-Arbeitskraeftemangel-belasten-Temporaergeschaeft-der-Personaldienstleister_Organisator.jpg","keywords":["Fachkr\u00e4ftemangel","Konjunktur","Tempor\u00e4rarbeit"],"articleSection":["HUMAN RESOURCES"],"inLanguage":"de"},{"@type":"WebPage","@id":"https:\/\/www.organisator.ch\/human-resources\/2023-05-01\/konjunktur-und-arbeitskraeftemangel-belasten-temporaergeschaeft-der-personaldienstleister\/","url":"https:\/\/www.organisator.ch\/human-resources\/2023-05-01\/konjunktur-und-arbeitskraeftemangel-belasten-temporaergeschaeft-der-personaldienstleister\/","name":"Konjunktur und Arbeitskr\u00e4ftemangel belasten Tempor\u00e4rgesch\u00e4ft der Personaldienstleister - Organisator","isPartOf":{"@id":"https:\/\/www.organisator.ch\/#website"},"primaryImageOfPage":{"@id":"https:\/\/www.organisator.ch\/human-resources\/2023-05-01\/konjunktur-und-arbeitskraeftemangel-belasten-temporaergeschaeft-der-personaldienstleister\/#primaryimage"},"image":{"@id":"https:\/\/www.organisator.ch\/human-resources\/2023-05-01\/konjunktur-und-arbeitskraeftemangel-belasten-temporaergeschaeft-der-personaldienstleister\/#primaryimage"},"thumbnailUrl":"https:\/\/www.organisator.ch\/wp-content\/uploads\/2023\/05\/Konjunktur-und-Arbeitskraeftemangel-belasten-Temporaergeschaeft-der-Personaldienstleister_Organisator.jpg","datePublished":"2023-05-01T06:01:42+00:00","description":"Der akute Arbeitskr\u00e4ftemangel bereitet Unternehmen weiterhin Sorgen. Das Tempor\u00e4rgesch\u00e4ft der Personaldienstleister ist unter Druck.","breadcrumb":{"@id":"https:\/\/www.organisator.ch\/human-resources\/2023-05-01\/konjunktur-und-arbeitskraeftemangel-belasten-temporaergeschaeft-der-personaldienstleister\/#breadcrumb"},"inLanguage":"de","potentialAction":[{"@type":"ReadAction","target":["https:\/\/www.organisator.ch\/human-resources\/2023-05-01\/konjunktur-und-arbeitskraeftemangel-belasten-temporaergeschaeft-der-personaldienstleister\/"]}]},{"@type":"ImageObject","inLanguage":"de","@id":"https:\/\/www.organisator.ch\/human-resources\/2023-05-01\/konjunktur-und-arbeitskraeftemangel-belasten-temporaergeschaeft-der-personaldienstleister\/#primaryimage","url":"https:\/\/www.organisator.ch\/wp-content\/uploads\/2023\/05\/Konjunktur-und-Arbeitskraeftemangel-belasten-Temporaergeschaeft-der-Personaldienstleister_Organisator.jpg","contentUrl":"https:\/\/www.organisator.ch\/wp-content\/uploads\/2023\/05\/Konjunktur-und-Arbeitskraeftemangel-belasten-Temporaergeschaeft-der-Personaldienstleister_Organisator.jpg","width":680,"height":453,"caption":"Der Arbeitskr\u00e4ftemangel setzt auch das Gesch\u00e4ft mit Tempor\u00e4rarbeit unter Druck. (Bild: Pixabay.com)"},{"@type":"BreadcrumbList","@id":"https:\/\/www.organisator.ch\/human-resources\/2023-05-01\/konjunktur-und-arbeitskraeftemangel-belasten-temporaergeschaeft-der-personaldienstleister\/#breadcrumb","itemListElement":[{"@type":"ListItem","position":1,"name":"Home","item":"https:\/\/www.organisator.ch\/"},{"@type":"ListItem","position":2,"name":"Konjunktur und Arbeitskr\u00e4ftemangel belasten Tempor\u00e4rgesch\u00e4ft der Personaldienstleister"}]},{"@type":"WebSite","@id":"https:\/\/www.organisator.ch\/#website","url":"https:\/\/www.organisator.ch\/","name":"Organisator","description":"Kompetent. Praxisnah. Der ORGANISATOR bereitet in 10 Ausgaben pro Jahr die wesentlichen Themen f\u00fcr F\u00fchrungskr\u00e4fte von KMU auf.","publisher":{"@id":"https:\/\/www.organisator.ch\/#organization"},"potentialAction":[{"@type":"SearchAction","target":{"@type":"EntryPoint","urlTemplate":"https:\/\/www.organisator.ch\/?s={search_term_string}"},"query-input":{"@type":"PropertyValueSpecification","valueRequired":true,"valueName":"search_term_string"}}],"inLanguage":"de"},{"@type":"Organization","@id":"https:\/\/www.organisator.ch\/#organization","name":"Organisator","url":"https:\/\/www.organisator.ch\/","logo":{"@type":"ImageObject","inLanguage":"de","@id":"https:\/\/www.organisator.ch\/#\/schema\/logo\/image\/","url":"https:\/\/www.organisator.ch\/wp-content\/uploads\/2022\/01\/Logo_Organisator_Website.png","contentUrl":"https:\/\/www.organisator.ch\/wp-content\/uploads\/2022\/01\/Logo_Organisator_Website.png","width":800,"height":77,"caption":"Organisator"},"image":{"@id":"https:\/\/www.organisator.ch\/#\/schema\/logo\/image\/"},"sameAs":["https:\/\/www.facebook.com\/OrganisatorFachmagazin","https:\/\/www.linkedin.com\/showcase\/organisator-das-magazin-fr-kmu","https:\/\/www.xing.com\/news\/pages\/organisator-ch-695","https:\/\/www.youtube.com\/channel\/UCGP2Sq0iWaZwT3BdIAQFYpw"]},{"@type":"Person","@id":"https:\/\/www.organisator.ch\/#\/schema\/person\/6f650f90b2842cd4c0cc334b4e36f67e","name":"thomas.berner","image":{"@type":"ImageObject","inLanguage":"de","@id":"https:\/\/secure.gravatar.com\/avatar\/ac5001d2a36cb6c6cd3e50789007ffca834b477b74a2144564522e944eabff61?s=96&d=mm&r=g","url":"https:\/\/secure.gravatar.com\/avatar\/ac5001d2a36cb6c6cd3e50789007ffca834b477b74a2144564522e944eabff61?s=96&d=mm&r=g","contentUrl":"https:\/\/secure.gravatar.com\/avatar\/ac5001d2a36cb6c6cd3e50789007ffca834b477b74a2144564522e944eabff61?s=96&d=mm&r=g","caption":"thomas.berner"},"url":"https:\/\/www.organisator.ch\/de\/author\/thomas-berner\/"}]}},"_links":{"self":[{"href":"https:\/\/www.organisator.ch\/de\/wp-json\/wp\/v2\/posts\/19988","targetHints":{"allow":["GET"]}}],"collection":[{"href":"https:\/\/www.organisator.ch\/de\/wp-json\/wp\/v2\/posts"}],"about":[{"href":"https:\/\/www.organisator.ch\/de\/wp-json\/wp\/v2\/types\/post"}],"author":[{"embeddable":true,"href":"https:\/\/www.organisator.ch\/de\/wp-json\/wp\/v2\/users\/4"}],"replies":[{"embeddable":true,"href":"https:\/\/www.organisator.ch\/de\/wp-json\/wp\/v2\/comments?post=19988"}],"version-history":[{"count":1,"href":"https:\/\/www.organisator.ch\/de\/wp-json\/wp\/v2\/posts\/19988\/revisions"}],"predecessor-version":[{"id":19990,"href":"https:\/\/www.organisator.ch\/de\/wp-json\/wp\/v2\/posts\/19988\/revisions\/19990"}],"wp:featuredmedia":[{"embeddable":true,"href":"https:\/\/www.organisator.ch\/de\/wp-json\/wp\/v2\/media\/19989"}],"wp:attachment":[{"href":"https:\/\/www.organisator.ch\/de\/wp-json\/wp\/v2\/media?parent=19988"}],"wp:term":[{"taxonomy":"category","embeddable":true,"href":"https:\/\/www.organisator.ch\/de\/wp-json\/wp\/v2\/categories?post=19988"},{"taxonomy":"post_tag","embeddable":true,"href":"https:\/\/www.organisator.ch\/de\/wp-json\/wp\/v2\/tags?post=19988"}],"curies":[{"name":"wp","href":"https:\/\/api.w.org\/{rel}","templated":true}]}}