{"id":19991,"date":"2023-05-02T08:03:00","date_gmt":"2023-05-02T06:03:00","guid":{"rendered":"https:\/\/www.organisator.ch\/?p=19991"},"modified":"2023-05-01T08:39:58","modified_gmt":"2023-05-01T06:39:58","slug":"kmu-haben-weltweit-digitalen-nachholbedarf","status":"publish","type":"post","link":"https:\/\/www.organisator.ch\/de\/operational-excellence\/2023-05-02\/kmu-haben-weltweit-digitalen-nachholbedarf\/","title":{"rendered":"KMU haben weltweit digitalen Nachholbedarf"},"content":{"rendered":"<figure id=\"attachment_19992\" aria-describedby=\"caption-attachment-19992\" style=\"width: 680px\" class=\"wp-caption alignnone\"><img loading=\"lazy\" decoding=\"async\" class=\"size-full wp-image-19992\" src=\"https:\/\/www.organisator.ch\/wp-content\/uploads\/2023\/05\/KMU-haben-weltweit-digitalen-Nachholbedarf_Organisator.jpg\" alt=\"\" width=\"680\" height=\"340\" srcset=\"https:\/\/www.organisator.ch\/wp-content\/uploads\/2023\/05\/KMU-haben-weltweit-digitalen-Nachholbedarf_Organisator.jpg 680w, https:\/\/www.organisator.ch\/wp-content\/uploads\/2023\/05\/KMU-haben-weltweit-digitalen-Nachholbedarf_Organisator-18x9.jpg 18w, https:\/\/www.organisator.ch\/wp-content\/uploads\/2023\/05\/KMU-haben-weltweit-digitalen-Nachholbedarf_Organisator-375x188.jpg 375w\" sizes=\"auto, (max-width: 680px) 100vw, 680px\" \/><figcaption id=\"caption-attachment-19992\" class=\"wp-caption-text\">Viele KMU weltweit haben immer noch digitalen Nachholbedarf, wie eine neue Studie festgestellt hat. (Bild: Pixabay.com)<\/figcaption><\/figure>\n<p>Wie gut sind KMU auf der ganzen Welt digital aufgestellt? Dieser Frage ging eine Studie von Adobe nach. In den USA sowie in Grossbritannien, Australien, Indien und Japan wurden zu diesem Zweck 1000 Mitarbeitende befragt. Dabei wurden auch allgegenw\u00e4rtige sozio\u00f6konomische Faktoren wie Inflation, Rezession, Entlassungen sowie globale Unruhen ber\u00fccksichtigt.<\/p>\n<h3>Digitalisierung wirkt sich positiv auf Arbeit aus<\/h3>\n<p>Die Ergebnisse zeigen: Kleine Unternehmen haben weltweit einen digitalen Nachholbedarf. So geben 88 Prozent der KMU an, dass unzureichende Technologien die Produktivit\u00e4t ihres Unternehmens beeintr\u00e4chtigen w\u00fcrden.\u00a055 Prozent der befragten KMU sagen ferner, dass mindestens die H\u00e4lfte der Arbeit in ihrem Unternehmen immer noch auf Papier erfolge. Durch veraltete Arbeitsprozesse b\u00fcssen die H\u00e4lfte der KMU (58 %) zwischen zwei und vier Stunden pro Tag an Produktivit\u00e4t ein. Entsprechen ist fast eine einstimmige Anzahl von KMU (85 %) der Meinung, dass Automatisierung die Produktivit\u00e4t ihres Unternehmens steigere. Ein noch h\u00f6herer Prozentsatz (92 %) der Mitarbeiter*innen in KI-affinen KMU gibt an, dass KI-gesteuerte Technologie positive Auswirkungen auf ihre Arbeitsabl\u00e4ufe habe.<\/p>\n<h3>Gute Technologie erh\u00f6ht Arbeitsplatz-Attraktivit\u00e4t<\/h3>\n<p>Die &#8222;digitale Fitness&#8220; eines KMU ist auch ausschlaggebend f\u00fcr Stellenbesetzungen. Denn fast alle Besch\u00e4ftigten (92 %) der befragten KMU sagen, dass die Arbeitstechnologie ein Faktor daf\u00fcr sei, ob sie eine Stelle in einem neuen Unternehmen annehmen, wobei fast ein Viertel<br \/>\n(24 %) sagt, dass sie \u201eabsolut entscheidend\u201c sei, weil ihr Erfolg von guter Technologie abh\u00e4nge. Die Befragten erkl\u00e4ren weiter, dass sie grossen Wert auf Technologien legen, welche die Zusammenarbeit in dezentralen Teams f\u00f6rdern, dazu z\u00e4hlen Videokonferenz-Tools, aber auch digitales Dokumentenmanagement \u2013 PDFs und E-Scans belegen hierbei Platz eins der f\u00fcr sie unentbehrlichen Technologien, Kollaborationstools und Videokonferenzen Platz zwei und drei.<\/p>\n<h3>Software gegen digitalen Nachholbedarf<\/h3>\n<p>\u201eDigitale Dokumente sind ein wesentlicher Bestandteil unseres Gesch\u00e4fts. Wir verwenden sie f\u00fcr alles, von Rechnungen \u00fcber Vertr\u00e4ge bis hin zu Produktkatalogen\u201c, sagt Sofiya Deva, Gr\u00fcnderin von <em>The Postcard Edit<\/em>. \u201eWir finden zum Beispiel, dass es reibungslos und einfach ist, Vertr\u00e4ge mit Acrobat zu bearbeiten, zu teilen und abzuschliessen. Wir sind weltweit t\u00e4tig und arbeiten sowohl mit gro\u00dfen Einzelh\u00e4ndlern als auch mit jungen Designer*innen zusammen. PDFs unterst\u00fctzen uns bei der Kommunikation, die sich professionell anf\u00fchlt und gleichzeitig agil und benutzerfreundlich ist.\u201c<\/p>\n<p>Gute Technologie hilft demnach kleinen Unternehmen nicht nur, produktiver zu sein, sondern auch, qualifizierte Mitarbeiter*innen anzuziehen. Automatisierung und KI sind nach wie vor die Schlagworte der Stunde, wenn es darum geht, Arbeit intelligenter und schneller zu erledigen, so ein Fazit der Adobe-Studie.<\/p>\n<p><em>Quelle: <a href=\"http:\/\/www.adobe.de\">Adobe<\/a><\/em><\/p>\n","protected":false},"excerpt":{"rendered":"<p>Adobe hat k\u00fcrzlich die Studie \u201eThe Future of Digital Work\u201c in Auftrag gegeben, in der mehr als 1000 Angestellte von KMU weltweit befragt wurden, ob Technologie die Produktivit\u00e4t von Kleinunternehmen f\u00f6rdert oder behindert. <\/p>\n","protected":false},"author":4,"featured_media":19992,"comment_status":"closed","ping_status":"closed","sticky":false,"template":"","format":"standard","meta":{"_acf_changed":false,"_yoast_wpseo_focuskw":"digitalen Nachholbedarf","_yoast_wpseo_metadesc":"Angestellte von KMU weltweit wurden befragt, wie es um die Technologie am Arbeitsplatz aussieht. Fazit: Viele haben digitalen Nachholbedarf.","articlekey":"","footnotes":""},"categories":[582],"tags":[51,156,459],"class_list":["post-19991","post","type-post","status-publish","format-standard","has-post-thumbnail","hentry","category-operational-excellence","tag-arbeitsplatzgestaltung","tag-digitalisierung","tag-studie"],"acf":[],"yoast_head":"<!-- This site is optimized with the Yoast SEO plugin v27.4 - https:\/\/yoast.com\/product\/yoast-seo-wordpress\/ -->\n<title>KMU haben weltweit digitalen Nachholbedarf - Organisator<\/title>\n<meta name=\"description\" content=\"Angestellte von KMU weltweit wurden befragt, wie es um die Technologie am Arbeitsplatz aussieht. Fazit: Viele haben digitalen Nachholbedarf.\" \/>\n<meta name=\"robots\" content=\"index, follow, max-snippet:-1, max-image-preview:large, max-video-preview:-1\" \/>\n<link rel=\"canonical\" href=\"https:\/\/www.organisator.ch\/de\/operational-excellence\/2023-05-02\/kmu-haben-weltweit-digitalen-nachholbedarf\/\" \/>\n<meta property=\"og:locale\" content=\"de_DE\" \/>\n<meta property=\"og:type\" content=\"article\" \/>\n<meta property=\"og:title\" content=\"KMU haben weltweit digitalen Nachholbedarf\" \/>\n<meta property=\"og:description\" content=\"Angestellte von KMU weltweit wurden befragt, wie es um die Technologie am Arbeitsplatz aussieht. Fazit: Viele haben digitalen Nachholbedarf.\" \/>\n<meta property=\"og:url\" content=\"https:\/\/www.organisator.ch\/de\/operational-excellence\/2023-05-02\/kmu-haben-weltweit-digitalen-nachholbedarf\/\" \/>\n<meta property=\"og:site_name\" content=\"Organisator\" \/>\n<meta property=\"article:publisher\" content=\"https:\/\/www.facebook.com\/OrganisatorFachmagazin\" \/>\n<meta property=\"article:published_time\" content=\"2023-05-02T06:03:00+00:00\" \/>\n<meta property=\"og:image\" content=\"https:\/\/www.organisator.ch\/wp-content\/uploads\/2023\/05\/KMU-haben-weltweit-digitalen-Nachholbedarf_Organisator.jpg\" \/>\n\t<meta property=\"og:image:width\" content=\"680\" \/>\n\t<meta property=\"og:image:height\" content=\"340\" \/>\n\t<meta property=\"og:image:type\" content=\"image\/jpeg\" \/>\n<meta name=\"author\" content=\"thomas.berner\" \/>\n<meta name=\"twitter:card\" content=\"summary_large_image\" \/>\n<meta name=\"twitter:title\" content=\"#KMU haben weltweit digitalen #Nachholbedarf\" \/>\n<meta name=\"twitter:description\" content=\"Angestellte von #KMU weltweit wurden befragt, wie es um die Technologie am Arbeitsplatz aussieht. Fazit: Viele haben digitalen #Nachholbedarf.\" \/>\n<meta name=\"twitter:image\" content=\"https:\/\/www.organisator.ch\/wp-content\/uploads\/2023\/05\/KMU-haben-weltweit-digitalen-Nachholbedarf_Organisator.jpg\" \/>\n<script type=\"application\/ld+json\" class=\"yoast-schema-graph\">{\"@context\":\"https:\\\/\\\/schema.org\",\"@graph\":[{\"@type\":\"Article\",\"@id\":\"https:\\\/\\\/www.organisator.ch\\\/operational-excellence\\\/2023-05-02\\\/kmu-haben-weltweit-digitalen-nachholbedarf\\\/#article\",\"isPartOf\":{\"@id\":\"https:\\\/\\\/www.organisator.ch\\\/operational-excellence\\\/2023-05-02\\\/kmu-haben-weltweit-digitalen-nachholbedarf\\\/\"},\"author\":{\"name\":\"thomas.berner\",\"@id\":\"https:\\\/\\\/www.organisator.ch\\\/#\\\/schema\\\/person\\\/6f650f90b2842cd4c0cc334b4e36f67e\"},\"headline\":\"KMU haben weltweit digitalen Nachholbedarf\",\"datePublished\":\"2023-05-02T06:03:00+00:00\",\"mainEntityOfPage\":{\"@id\":\"https:\\\/\\\/www.organisator.ch\\\/operational-excellence\\\/2023-05-02\\\/kmu-haben-weltweit-digitalen-nachholbedarf\\\/\"},\"wordCount\":447,\"publisher\":{\"@id\":\"https:\\\/\\\/www.organisator.ch\\\/#organization\"},\"image\":{\"@id\":\"https:\\\/\\\/www.organisator.ch\\\/operational-excellence\\\/2023-05-02\\\/kmu-haben-weltweit-digitalen-nachholbedarf\\\/#primaryimage\"},\"thumbnailUrl\":\"https:\\\/\\\/www.organisator.ch\\\/wp-content\\\/uploads\\\/2023\\\/05\\\/KMU-haben-weltweit-digitalen-Nachholbedarf_Organisator.jpg\",\"keywords\":[\"Arbeitsplatzgestaltung\",\"Digitalisierung\",\"Studie\"],\"articleSection\":[\"OPERATIONAL EXCELLENCE\"],\"inLanguage\":\"de\"},{\"@type\":\"WebPage\",\"@id\":\"https:\\\/\\\/www.organisator.ch\\\/operational-excellence\\\/2023-05-02\\\/kmu-haben-weltweit-digitalen-nachholbedarf\\\/\",\"url\":\"https:\\\/\\\/www.organisator.ch\\\/operational-excellence\\\/2023-05-02\\\/kmu-haben-weltweit-digitalen-nachholbedarf\\\/\",\"name\":\"KMU haben weltweit digitalen Nachholbedarf - Organisator\",\"isPartOf\":{\"@id\":\"https:\\\/\\\/www.organisator.ch\\\/#website\"},\"primaryImageOfPage\":{\"@id\":\"https:\\\/\\\/www.organisator.ch\\\/operational-excellence\\\/2023-05-02\\\/kmu-haben-weltweit-digitalen-nachholbedarf\\\/#primaryimage\"},\"image\":{\"@id\":\"https:\\\/\\\/www.organisator.ch\\\/operational-excellence\\\/2023-05-02\\\/kmu-haben-weltweit-digitalen-nachholbedarf\\\/#primaryimage\"},\"thumbnailUrl\":\"https:\\\/\\\/www.organisator.ch\\\/wp-content\\\/uploads\\\/2023\\\/05\\\/KMU-haben-weltweit-digitalen-Nachholbedarf_Organisator.jpg\",\"datePublished\":\"2023-05-02T06:03:00+00:00\",\"description\":\"Angestellte von KMU weltweit wurden befragt, wie es um die Technologie am Arbeitsplatz aussieht. Fazit: Viele haben digitalen Nachholbedarf.\",\"breadcrumb\":{\"@id\":\"https:\\\/\\\/www.organisator.ch\\\/operational-excellence\\\/2023-05-02\\\/kmu-haben-weltweit-digitalen-nachholbedarf\\\/#breadcrumb\"},\"inLanguage\":\"de\",\"potentialAction\":[{\"@type\":\"ReadAction\",\"target\":[\"https:\\\/\\\/www.organisator.ch\\\/operational-excellence\\\/2023-05-02\\\/kmu-haben-weltweit-digitalen-nachholbedarf\\\/\"]}]},{\"@type\":\"ImageObject\",\"inLanguage\":\"de\",\"@id\":\"https:\\\/\\\/www.organisator.ch\\\/operational-excellence\\\/2023-05-02\\\/kmu-haben-weltweit-digitalen-nachholbedarf\\\/#primaryimage\",\"url\":\"https:\\\/\\\/www.organisator.ch\\\/wp-content\\\/uploads\\\/2023\\\/05\\\/KMU-haben-weltweit-digitalen-Nachholbedarf_Organisator.jpg\",\"contentUrl\":\"https:\\\/\\\/www.organisator.ch\\\/wp-content\\\/uploads\\\/2023\\\/05\\\/KMU-haben-weltweit-digitalen-Nachholbedarf_Organisator.jpg\",\"width\":680,\"height\":340,\"caption\":\"Viele KMU weltweit haben immer noch digitalen Nachholbedarf, wie eine neue Studie festgestellt hat. (Bild: Pixabay.com)\"},{\"@type\":\"BreadcrumbList\",\"@id\":\"https:\\\/\\\/www.organisator.ch\\\/operational-excellence\\\/2023-05-02\\\/kmu-haben-weltweit-digitalen-nachholbedarf\\\/#breadcrumb\",\"itemListElement\":[{\"@type\":\"ListItem\",\"position\":1,\"name\":\"Home\",\"item\":\"https:\\\/\\\/www.organisator.ch\\\/\"},{\"@type\":\"ListItem\",\"position\":2,\"name\":\"KMU haben weltweit digitalen Nachholbedarf\"}]},{\"@type\":\"WebSite\",\"@id\":\"https:\\\/\\\/www.organisator.ch\\\/#website\",\"url\":\"https:\\\/\\\/www.organisator.ch\\\/\",\"name\":\"Organisator\",\"description\":\"Kompetent. Praxisnah. Der ORGANISATOR bereitet in 10 Ausgaben pro Jahr die wesentlichen Themen f\u00fcr F\u00fchrungskr\u00e4fte von KMU auf.\",\"publisher\":{\"@id\":\"https:\\\/\\\/www.organisator.ch\\\/#organization\"},\"potentialAction\":[{\"@type\":\"SearchAction\",\"target\":{\"@type\":\"EntryPoint\",\"urlTemplate\":\"https:\\\/\\\/www.organisator.ch\\\/?s={search_term_string}\"},\"query-input\":{\"@type\":\"PropertyValueSpecification\",\"valueRequired\":true,\"valueName\":\"search_term_string\"}}],\"inLanguage\":\"de\"},{\"@type\":\"Organization\",\"@id\":\"https:\\\/\\\/www.organisator.ch\\\/#organization\",\"name\":\"Organisator\",\"url\":\"https:\\\/\\\/www.organisator.ch\\\/\",\"logo\":{\"@type\":\"ImageObject\",\"inLanguage\":\"de\",\"@id\":\"https:\\\/\\\/www.organisator.ch\\\/#\\\/schema\\\/logo\\\/image\\\/\",\"url\":\"https:\\\/\\\/www.organisator.ch\\\/wp-content\\\/uploads\\\/2022\\\/01\\\/Logo_Organisator_Website.png\",\"contentUrl\":\"https:\\\/\\\/www.organisator.ch\\\/wp-content\\\/uploads\\\/2022\\\/01\\\/Logo_Organisator_Website.png\",\"width\":800,\"height\":77,\"caption\":\"Organisator\"},\"image\":{\"@id\":\"https:\\\/\\\/www.organisator.ch\\\/#\\\/schema\\\/logo\\\/image\\\/\"},\"sameAs\":[\"https:\\\/\\\/www.facebook.com\\\/OrganisatorFachmagazin\",\"https:\\\/\\\/www.linkedin.com\\\/showcase\\\/organisator-das-magazin-fr-kmu\",\"https:\\\/\\\/www.xing.com\\\/news\\\/pages\\\/organisator-ch-695\",\"https:\\\/\\\/www.youtube.com\\\/channel\\\/UCGP2Sq0iWaZwT3BdIAQFYpw\"]},{\"@type\":\"Person\",\"@id\":\"https:\\\/\\\/www.organisator.ch\\\/#\\\/schema\\\/person\\\/6f650f90b2842cd4c0cc334b4e36f67e\",\"name\":\"thomas.berner\",\"image\":{\"@type\":\"ImageObject\",\"inLanguage\":\"de\",\"@id\":\"https:\\\/\\\/secure.gravatar.com\\\/avatar\\\/ac5001d2a36cb6c6cd3e50789007ffca834b477b74a2144564522e944eabff61?s=96&d=mm&r=g\",\"url\":\"https:\\\/\\\/secure.gravatar.com\\\/avatar\\\/ac5001d2a36cb6c6cd3e50789007ffca834b477b74a2144564522e944eabff61?s=96&d=mm&r=g\",\"contentUrl\":\"https:\\\/\\\/secure.gravatar.com\\\/avatar\\\/ac5001d2a36cb6c6cd3e50789007ffca834b477b74a2144564522e944eabff61?s=96&d=mm&r=g\",\"caption\":\"thomas.berner\"},\"url\":\"https:\\\/\\\/www.organisator.ch\\\/de\\\/author\\\/thomas-berner\\\/\"}]}<\/script>\n<!-- \/ Yoast SEO plugin. -->","yoast_head_json":{"title":"KMU haben weltweit digitalen Nachholbedarf - Organisator","description":"Angestellte von KMU weltweit wurden befragt, wie es um die Technologie am Arbeitsplatz aussieht. Fazit: Viele haben digitalen Nachholbedarf.","robots":{"index":"index","follow":"follow","max-snippet":"max-snippet:-1","max-image-preview":"max-image-preview:large","max-video-preview":"max-video-preview:-1"},"canonical":"https:\/\/www.organisator.ch\/de\/operational-excellence\/2023-05-02\/kmu-haben-weltweit-digitalen-nachholbedarf\/","og_locale":"de_DE","og_type":"article","og_title":"KMU haben weltweit digitalen Nachholbedarf","og_description":"Angestellte von KMU weltweit wurden befragt, wie es um die Technologie am Arbeitsplatz aussieht. Fazit: Viele haben digitalen Nachholbedarf.","og_url":"https:\/\/www.organisator.ch\/de\/operational-excellence\/2023-05-02\/kmu-haben-weltweit-digitalen-nachholbedarf\/","og_site_name":"Organisator","article_publisher":"https:\/\/www.facebook.com\/OrganisatorFachmagazin","article_published_time":"2023-05-02T06:03:00+00:00","og_image":[{"width":680,"height":340,"url":"https:\/\/www.organisator.ch\/wp-content\/uploads\/2023\/05\/KMU-haben-weltweit-digitalen-Nachholbedarf_Organisator.jpg","type":"image\/jpeg"}],"author":"thomas.berner","twitter_card":"summary_large_image","twitter_title":"#KMU haben weltweit digitalen #Nachholbedarf","twitter_description":"Angestellte von #KMU weltweit wurden befragt, wie es um die Technologie am Arbeitsplatz aussieht. Fazit: Viele haben digitalen #Nachholbedarf.","twitter_image":"https:\/\/www.organisator.ch\/wp-content\/uploads\/2023\/05\/KMU-haben-weltweit-digitalen-Nachholbedarf_Organisator.jpg","schema":{"@context":"https:\/\/schema.org","@graph":[{"@type":"Article","@id":"https:\/\/www.organisator.ch\/operational-excellence\/2023-05-02\/kmu-haben-weltweit-digitalen-nachholbedarf\/#article","isPartOf":{"@id":"https:\/\/www.organisator.ch\/operational-excellence\/2023-05-02\/kmu-haben-weltweit-digitalen-nachholbedarf\/"},"author":{"name":"thomas.berner","@id":"https:\/\/www.organisator.ch\/#\/schema\/person\/6f650f90b2842cd4c0cc334b4e36f67e"},"headline":"KMU haben weltweit digitalen Nachholbedarf","datePublished":"2023-05-02T06:03:00+00:00","mainEntityOfPage":{"@id":"https:\/\/www.organisator.ch\/operational-excellence\/2023-05-02\/kmu-haben-weltweit-digitalen-nachholbedarf\/"},"wordCount":447,"publisher":{"@id":"https:\/\/www.organisator.ch\/#organization"},"image":{"@id":"https:\/\/www.organisator.ch\/operational-excellence\/2023-05-02\/kmu-haben-weltweit-digitalen-nachholbedarf\/#primaryimage"},"thumbnailUrl":"https:\/\/www.organisator.ch\/wp-content\/uploads\/2023\/05\/KMU-haben-weltweit-digitalen-Nachholbedarf_Organisator.jpg","keywords":["Arbeitsplatzgestaltung","Digitalisierung","Studie"],"articleSection":["OPERATIONAL EXCELLENCE"],"inLanguage":"de"},{"@type":"WebPage","@id":"https:\/\/www.organisator.ch\/operational-excellence\/2023-05-02\/kmu-haben-weltweit-digitalen-nachholbedarf\/","url":"https:\/\/www.organisator.ch\/operational-excellence\/2023-05-02\/kmu-haben-weltweit-digitalen-nachholbedarf\/","name":"KMU haben weltweit digitalen Nachholbedarf - Organisator","isPartOf":{"@id":"https:\/\/www.organisator.ch\/#website"},"primaryImageOfPage":{"@id":"https:\/\/www.organisator.ch\/operational-excellence\/2023-05-02\/kmu-haben-weltweit-digitalen-nachholbedarf\/#primaryimage"},"image":{"@id":"https:\/\/www.organisator.ch\/operational-excellence\/2023-05-02\/kmu-haben-weltweit-digitalen-nachholbedarf\/#primaryimage"},"thumbnailUrl":"https:\/\/www.organisator.ch\/wp-content\/uploads\/2023\/05\/KMU-haben-weltweit-digitalen-Nachholbedarf_Organisator.jpg","datePublished":"2023-05-02T06:03:00+00:00","description":"Angestellte von KMU weltweit wurden befragt, wie es um die Technologie am Arbeitsplatz aussieht. Fazit: Viele haben digitalen Nachholbedarf.","breadcrumb":{"@id":"https:\/\/www.organisator.ch\/operational-excellence\/2023-05-02\/kmu-haben-weltweit-digitalen-nachholbedarf\/#breadcrumb"},"inLanguage":"de","potentialAction":[{"@type":"ReadAction","target":["https:\/\/www.organisator.ch\/operational-excellence\/2023-05-02\/kmu-haben-weltweit-digitalen-nachholbedarf\/"]}]},{"@type":"ImageObject","inLanguage":"de","@id":"https:\/\/www.organisator.ch\/operational-excellence\/2023-05-02\/kmu-haben-weltweit-digitalen-nachholbedarf\/#primaryimage","url":"https:\/\/www.organisator.ch\/wp-content\/uploads\/2023\/05\/KMU-haben-weltweit-digitalen-Nachholbedarf_Organisator.jpg","contentUrl":"https:\/\/www.organisator.ch\/wp-content\/uploads\/2023\/05\/KMU-haben-weltweit-digitalen-Nachholbedarf_Organisator.jpg","width":680,"height":340,"caption":"Viele KMU weltweit haben immer noch digitalen Nachholbedarf, wie eine neue Studie festgestellt hat. (Bild: Pixabay.com)"},{"@type":"BreadcrumbList","@id":"https:\/\/www.organisator.ch\/operational-excellence\/2023-05-02\/kmu-haben-weltweit-digitalen-nachholbedarf\/#breadcrumb","itemListElement":[{"@type":"ListItem","position":1,"name":"Home","item":"https:\/\/www.organisator.ch\/"},{"@type":"ListItem","position":2,"name":"KMU haben weltweit digitalen Nachholbedarf"}]},{"@type":"WebSite","@id":"https:\/\/www.organisator.ch\/#website","url":"https:\/\/www.organisator.ch\/","name":"Organisator","description":"Kompetent. Praxisnah. Der ORGANISATOR bereitet in 10 Ausgaben pro Jahr die wesentlichen Themen f\u00fcr F\u00fchrungskr\u00e4fte von KMU auf.","publisher":{"@id":"https:\/\/www.organisator.ch\/#organization"},"potentialAction":[{"@type":"SearchAction","target":{"@type":"EntryPoint","urlTemplate":"https:\/\/www.organisator.ch\/?s={search_term_string}"},"query-input":{"@type":"PropertyValueSpecification","valueRequired":true,"valueName":"search_term_string"}}],"inLanguage":"de"},{"@type":"Organization","@id":"https:\/\/www.organisator.ch\/#organization","name":"Organisator","url":"https:\/\/www.organisator.ch\/","logo":{"@type":"ImageObject","inLanguage":"de","@id":"https:\/\/www.organisator.ch\/#\/schema\/logo\/image\/","url":"https:\/\/www.organisator.ch\/wp-content\/uploads\/2022\/01\/Logo_Organisator_Website.png","contentUrl":"https:\/\/www.organisator.ch\/wp-content\/uploads\/2022\/01\/Logo_Organisator_Website.png","width":800,"height":77,"caption":"Organisator"},"image":{"@id":"https:\/\/www.organisator.ch\/#\/schema\/logo\/image\/"},"sameAs":["https:\/\/www.facebook.com\/OrganisatorFachmagazin","https:\/\/www.linkedin.com\/showcase\/organisator-das-magazin-fr-kmu","https:\/\/www.xing.com\/news\/pages\/organisator-ch-695","https:\/\/www.youtube.com\/channel\/UCGP2Sq0iWaZwT3BdIAQFYpw"]},{"@type":"Person","@id":"https:\/\/www.organisator.ch\/#\/schema\/person\/6f650f90b2842cd4c0cc334b4e36f67e","name":"thomas.berner","image":{"@type":"ImageObject","inLanguage":"de","@id":"https:\/\/secure.gravatar.com\/avatar\/ac5001d2a36cb6c6cd3e50789007ffca834b477b74a2144564522e944eabff61?s=96&d=mm&r=g","url":"https:\/\/secure.gravatar.com\/avatar\/ac5001d2a36cb6c6cd3e50789007ffca834b477b74a2144564522e944eabff61?s=96&d=mm&r=g","contentUrl":"https:\/\/secure.gravatar.com\/avatar\/ac5001d2a36cb6c6cd3e50789007ffca834b477b74a2144564522e944eabff61?s=96&d=mm&r=g","caption":"thomas.berner"},"url":"https:\/\/www.organisator.ch\/de\/author\/thomas-berner\/"}]}},"_links":{"self":[{"href":"https:\/\/www.organisator.ch\/de\/wp-json\/wp\/v2\/posts\/19991","targetHints":{"allow":["GET"]}}],"collection":[{"href":"https:\/\/www.organisator.ch\/de\/wp-json\/wp\/v2\/posts"}],"about":[{"href":"https:\/\/www.organisator.ch\/de\/wp-json\/wp\/v2\/types\/post"}],"author":[{"embeddable":true,"href":"https:\/\/www.organisator.ch\/de\/wp-json\/wp\/v2\/users\/4"}],"replies":[{"embeddable":true,"href":"https:\/\/www.organisator.ch\/de\/wp-json\/wp\/v2\/comments?post=19991"}],"version-history":[{"count":1,"href":"https:\/\/www.organisator.ch\/de\/wp-json\/wp\/v2\/posts\/19991\/revisions"}],"predecessor-version":[{"id":19993,"href":"https:\/\/www.organisator.ch\/de\/wp-json\/wp\/v2\/posts\/19991\/revisions\/19993"}],"wp:featuredmedia":[{"embeddable":true,"href":"https:\/\/www.organisator.ch\/de\/wp-json\/wp\/v2\/media\/19992"}],"wp:attachment":[{"href":"https:\/\/www.organisator.ch\/de\/wp-json\/wp\/v2\/media?parent=19991"}],"wp:term":[{"taxonomy":"category","embeddable":true,"href":"https:\/\/www.organisator.ch\/de\/wp-json\/wp\/v2\/categories?post=19991"},{"taxonomy":"post_tag","embeddable":true,"href":"https:\/\/www.organisator.ch\/de\/wp-json\/wp\/v2\/tags?post=19991"}],"curies":[{"name":"wp","href":"https:\/\/api.w.org\/{rel}","templated":true}]}}