{"id":20009,"date":"2023-05-02T07:48:31","date_gmt":"2023-05-02T05:48:31","guid":{"rendered":"https:\/\/www.organisator.ch\/?p=20009"},"modified":"2023-05-02T07:48:31","modified_gmt":"2023-05-02T05:48:31","slug":"hammer-group-uebernimmt-die-anytech-metallbau-ag","status":"publish","type":"post","link":"https:\/\/www.organisator.ch\/de\/management\/2023-05-02\/hammer-group-uebernimmt-die-anytech-metallbau-ag\/","title":{"rendered":"Hammer Group \u00fcbernimmt die Anytech Metallbau AG"},"content":{"rendered":"<figure id=\"attachment_20010\" aria-describedby=\"caption-attachment-20010\" style=\"width: 680px\" class=\"wp-caption alignnone\"><img loading=\"lazy\" decoding=\"async\" class=\"size-full wp-image-20010\" src=\"https:\/\/www.organisator.ch\/wp-content\/uploads\/2023\/05\/Hammer-Group-uebernimmt-die-Anytech-Metallbau-AG_Organisator.jpg\" alt=\"\" width=\"680\" height=\"453\" srcset=\"https:\/\/www.organisator.ch\/wp-content\/uploads\/2023\/05\/Hammer-Group-uebernimmt-die-Anytech-Metallbau-AG_Organisator.jpg 680w, https:\/\/www.organisator.ch\/wp-content\/uploads\/2023\/05\/Hammer-Group-uebernimmt-die-Anytech-Metallbau-AG_Organisator-18x12.jpg 18w, https:\/\/www.organisator.ch\/wp-content\/uploads\/2023\/05\/Hammer-Group-uebernimmt-die-Anytech-Metallbau-AG_Organisator-375x250.jpg 375w, https:\/\/www.organisator.ch\/wp-content\/uploads\/2023\/05\/Hammer-Group-uebernimmt-die-Anytech-Metallbau-AG_Organisator-525x350.jpg 525w\" sizes=\"auto, (max-width: 680px) 100vw, 680px\" \/><figcaption id=\"caption-attachment-20010\" class=\"wp-caption-text\">Geh\u00f6rt neu zur Hammer Group: Anja Russo mit ihrer Anytech Metallbau AG. (Bild: Anytech)<\/figcaption><\/figure>\n<p>Die auf hochwertige Metallbaul\u00f6sungen spezialisierte Industriegruppe Hammer Group (<a href=\"https:\/\/www.hammer.ch\">https:\/\/www.hammer.ch<\/a>) verst\u00e4rkt ihr Angebot f\u00fcr bauliche Geb\u00e4udeinfrastruktur aus Metall. Mit der \u00dcbernahme der Anytech Metallbau AG (<a href=\"https:\/\/www.anytech.ch\">https:\/\/www.anytech.ch<\/a>) aus Huttwil erweitert die Gruppe ihr Leistungsportfolio mit Systembalkonen. Sie erg\u00e4nzt damit ihre Tochtergesellschaften mit ihren schweizweit f\u00fchrenden Positionen in den Produktbereichen Veloparkieranlagen, Personenunterst\u00e4nde, Absperrsysteme, Stadtmobiliar, Brandschutzt\u00fcren, Garderoben, Abfallsysteme und Arbeitsplattformen.<\/p>\n<h3>Ab jetzt alles aus einer Hand<\/h3>\n<p>Die Anytech Metallbau AG hat sich mit einem innovativen modularen Balkonsystem eine einzigartige Stellung erarbeitet. Entwicklung und Herstellung der technisch ausgereiften Balkonmodule erfolgen standardisiert oder kundenspezifisch in der Schweiz. Die Systeml\u00f6sung kommt insbesondere im immer bedeutenderen Sanierungsmarkt zum Einsatz und nimmt eine \u00e4usserst kurze Montagezeit in Anspruch. Dazu Claudio Ammann, Leiter Unternehmensentwicklung der Hammer Group: &#8222;Anytech erg\u00e4nzt das Angebot unserer Unternehmensgruppe hervorragend. Damit entwickelt sich die Hammer Group zum umfassenden Anbieter f\u00fcr bauliche Geb\u00e4udeinfrastruktur. Gemeinsam k\u00f6nnen wir unseren Kunden nun echten Mehrwert bei Immobilienprojekten bieten &#8211; und erst noch alles aus einer Hand.&#8220;<\/p>\n<p>Anja Russo, die bisherige Inhaberin der Anytech Metallbau AG, erg\u00e4nzt: &#8222;Mit der Hammer Group habe ich eine leistungsf\u00e4hige Dachorganisation und Partnerin gefunden, welche einerseits mit ihren unternehmerischen Werten sowie ihrer Vision \u00fcberzeugt und andererseits mit ihrer schweizweiten Pr\u00e4senz unsere Marktposition weiter st\u00e4rken kann.&#8220;<\/p>\n<h3>Unternehmensgruppe mit sechs Standorten<\/h3>\n<p>Die genossenschaftlich organisierte Hammer Group mit Sitz in Z\u00fcrich wird zusammen mit Anja Russo als Gesch\u00e4ftsf\u00fchrerin und allen Mitarbeitenden die Aktivit\u00e4ten der Anytech Metallbau AG vollumf\u00e4nglich weiterf\u00fchren. F\u00fcr Kunden und Partner ergibt sich aus diesem Eigent\u00fcmerwechsel keine Ver\u00e4nderung und s\u00e4mtliche Ansprechpersonen bleiben unver\u00e4ndert. &#8222;Mit der Eingliederung der Anytech Metallbau AG st\u00e4rken wir unsere Position und schaffen Synergien. Damit steigern wir auch die Attraktivit\u00e4t unserer Tochtergesellschaften bei ihren Kunden&#8220;, so Harry Kramis, CEO der Hammer Group. Zur Unternehmensgruppe geh\u00f6ren die Velopa AG (<a href=\"https:\/\/www.velopa.ch\">https:\/\/www.velopa.ch<\/a>) in Spreitenbach, die MAKK AG (<a href=\"https:\/\/makk.ch\">https:\/\/makk.ch<\/a>) in Dachsen, die Wasta AG (<a href=\"https:\/\/www.wasta.ch\">https:\/\/www.wasta.ch<\/a>) in Stans, die Hammer Metall AG (<a href=\"https:\/\/www.hammermetall.ch\">https:\/\/www.hammermetall.ch<\/a>) in N\u00e4nikon und die Blechtech AG (<a href=\"https:\/\/www.blechtech.ch\">https:\/\/www.blechtech.ch<\/a>) in Dachsen. Die Gruppe besch\u00e4ftigt rund 200 Mitarbeitende an sechs Standorten.<\/p>\n","protected":false},"excerpt":{"rendered":"<p>Die Hammer Group \u00fcbernimmt die Anytech Metallbau AG und st\u00e4rkt ihr Portfolio mit Systembalkonen. Die Gruppe realisiert qualitativ anspruchsvolle L\u00f6sungen, Normteile sowie Dienstleistungen f\u00fcr die Geb\u00e4udeinfrastruktur und \u00f6ffentliche Aussenr\u00e4ume.<\/p>\n","protected":false},"author":4,"featured_media":20010,"comment_status":"closed","ping_status":"closed","sticky":false,"template":"","format":"standard","meta":{"_acf_changed":false,"_yoast_wpseo_focuskw":"Hammer Group","_yoast_wpseo_metadesc":"Die Hammer Group \u00fcbernimmt die Anytech Metallbau AG aus Huttwil und st\u00e4rkt ihr Portfolio mit Systembalkonen.","articlekey":"","footnotes":""},"categories":[28],"tags":[35,334,3750,492],"class_list":["post-20009","post","type-post","status-publish","format-standard","has-post-thumbnail","hentry","category-management","tag-akquisition","tag-management","tag-metallbau","tag-unternehmen"],"acf":[],"yoast_head":"<!-- This site is optimized with the Yoast SEO plugin v27.4 - https:\/\/yoast.com\/product\/yoast-seo-wordpress\/ -->\n<title>Hammer Group \u00fcbernimmt die Anytech Metallbau AG - Organisator<\/title>\n<meta name=\"description\" content=\"Die Hammer Group \u00fcbernimmt die Anytech Metallbau AG aus Huttwil und st\u00e4rkt ihr Portfolio mit Systembalkonen.\" \/>\n<meta name=\"robots\" content=\"index, follow, max-snippet:-1, max-image-preview:large, max-video-preview:-1\" \/>\n<link rel=\"canonical\" href=\"https:\/\/www.organisator.ch\/de\/management\/2023-05-02\/hammer-group-uebernimmt-die-anytech-metallbau-ag\/\" \/>\n<meta property=\"og:locale\" content=\"de_DE\" \/>\n<meta property=\"og:type\" content=\"article\" \/>\n<meta property=\"og:title\" content=\"Hammer Group \u00fcbernimmt die Anytech Metallbau AG\" \/>\n<meta property=\"og:description\" content=\"Die Hammer Group \u00fcbernimmt die Anytech Metallbau AG aus Huttwil und st\u00e4rkt ihr Portfolio mit Systembalkonen.\" \/>\n<meta property=\"og:url\" content=\"https:\/\/www.organisator.ch\/de\/management\/2023-05-02\/hammer-group-uebernimmt-die-anytech-metallbau-ag\/\" \/>\n<meta property=\"og:site_name\" content=\"Organisator\" \/>\n<meta property=\"article:publisher\" content=\"https:\/\/www.facebook.com\/OrganisatorFachmagazin\" \/>\n<meta property=\"article:published_time\" content=\"2023-05-02T05:48:31+00:00\" \/>\n<meta property=\"og:image\" content=\"https:\/\/www.organisator.ch\/wp-content\/uploads\/2023\/05\/Hammer-Group-uebernimmt-die-Anytech-Metallbau-AG_Organisator.jpg\" \/>\n\t<meta property=\"og:image:width\" content=\"680\" \/>\n\t<meta property=\"og:image:height\" content=\"453\" \/>\n\t<meta property=\"og:image:type\" content=\"image\/jpeg\" \/>\n<meta name=\"author\" content=\"thomas.berner\" \/>\n<meta name=\"twitter:card\" content=\"summary_large_image\" \/>\n<meta name=\"twitter:title\" content=\"#Hammer Group \u00fcbernimmt die #Anytech Metallbau AG\" \/>\n<meta name=\"twitter:description\" content=\"Die Hammer Group \u00fcbernimmt die #Anytech Metallbau AG aus Huttwil und st\u00e4rkt ihr Portfolio mit #Systembalkonen.\" \/>\n<meta name=\"twitter:image\" content=\"https:\/\/www.organisator.ch\/wp-content\/uploads\/2023\/05\/Hammer-Group-uebernimmt-die-Anytech-Metallbau-AG_Organisator.jpg\" \/>\n<script type=\"application\/ld+json\" class=\"yoast-schema-graph\">{\"@context\":\"https:\\\/\\\/schema.org\",\"@graph\":[{\"@type\":\"Article\",\"@id\":\"https:\\\/\\\/www.organisator.ch\\\/management\\\/2023-05-02\\\/hammer-group-uebernimmt-die-anytech-metallbau-ag\\\/#article\",\"isPartOf\":{\"@id\":\"https:\\\/\\\/www.organisator.ch\\\/management\\\/2023-05-02\\\/hammer-group-uebernimmt-die-anytech-metallbau-ag\\\/\"},\"author\":{\"name\":\"thomas.berner\",\"@id\":\"https:\\\/\\\/www.organisator.ch\\\/#\\\/schema\\\/person\\\/6f650f90b2842cd4c0cc334b4e36f67e\"},\"headline\":\"Hammer Group \u00fcbernimmt die Anytech Metallbau AG\",\"datePublished\":\"2023-05-02T05:48:31+00:00\",\"mainEntityOfPage\":{\"@id\":\"https:\\\/\\\/www.organisator.ch\\\/management\\\/2023-05-02\\\/hammer-group-uebernimmt-die-anytech-metallbau-ag\\\/\"},\"wordCount\":402,\"publisher\":{\"@id\":\"https:\\\/\\\/www.organisator.ch\\\/#organization\"},\"image\":{\"@id\":\"https:\\\/\\\/www.organisator.ch\\\/management\\\/2023-05-02\\\/hammer-group-uebernimmt-die-anytech-metallbau-ag\\\/#primaryimage\"},\"thumbnailUrl\":\"https:\\\/\\\/www.organisator.ch\\\/wp-content\\\/uploads\\\/2023\\\/05\\\/Hammer-Group-uebernimmt-die-Anytech-Metallbau-AG_Organisator.jpg\",\"keywords\":[\"Akquisition\",\"Management\",\"Metallbau\",\"Unternehmen\"],\"articleSection\":[\"MANAGEMENT\"],\"inLanguage\":\"de\"},{\"@type\":\"WebPage\",\"@id\":\"https:\\\/\\\/www.organisator.ch\\\/management\\\/2023-05-02\\\/hammer-group-uebernimmt-die-anytech-metallbau-ag\\\/\",\"url\":\"https:\\\/\\\/www.organisator.ch\\\/management\\\/2023-05-02\\\/hammer-group-uebernimmt-die-anytech-metallbau-ag\\\/\",\"name\":\"Hammer Group \u00fcbernimmt die Anytech Metallbau AG - Organisator\",\"isPartOf\":{\"@id\":\"https:\\\/\\\/www.organisator.ch\\\/#website\"},\"primaryImageOfPage\":{\"@id\":\"https:\\\/\\\/www.organisator.ch\\\/management\\\/2023-05-02\\\/hammer-group-uebernimmt-die-anytech-metallbau-ag\\\/#primaryimage\"},\"image\":{\"@id\":\"https:\\\/\\\/www.organisator.ch\\\/management\\\/2023-05-02\\\/hammer-group-uebernimmt-die-anytech-metallbau-ag\\\/#primaryimage\"},\"thumbnailUrl\":\"https:\\\/\\\/www.organisator.ch\\\/wp-content\\\/uploads\\\/2023\\\/05\\\/Hammer-Group-uebernimmt-die-Anytech-Metallbau-AG_Organisator.jpg\",\"datePublished\":\"2023-05-02T05:48:31+00:00\",\"description\":\"Die Hammer Group \u00fcbernimmt die Anytech Metallbau AG aus Huttwil und st\u00e4rkt ihr Portfolio mit Systembalkonen.\",\"breadcrumb\":{\"@id\":\"https:\\\/\\\/www.organisator.ch\\\/management\\\/2023-05-02\\\/hammer-group-uebernimmt-die-anytech-metallbau-ag\\\/#breadcrumb\"},\"inLanguage\":\"de\",\"potentialAction\":[{\"@type\":\"ReadAction\",\"target\":[\"https:\\\/\\\/www.organisator.ch\\\/management\\\/2023-05-02\\\/hammer-group-uebernimmt-die-anytech-metallbau-ag\\\/\"]}]},{\"@type\":\"ImageObject\",\"inLanguage\":\"de\",\"@id\":\"https:\\\/\\\/www.organisator.ch\\\/management\\\/2023-05-02\\\/hammer-group-uebernimmt-die-anytech-metallbau-ag\\\/#primaryimage\",\"url\":\"https:\\\/\\\/www.organisator.ch\\\/wp-content\\\/uploads\\\/2023\\\/05\\\/Hammer-Group-uebernimmt-die-Anytech-Metallbau-AG_Organisator.jpg\",\"contentUrl\":\"https:\\\/\\\/www.organisator.ch\\\/wp-content\\\/uploads\\\/2023\\\/05\\\/Hammer-Group-uebernimmt-die-Anytech-Metallbau-AG_Organisator.jpg\",\"width\":680,\"height\":453,\"caption\":\"Geh\u00f6rt neu zur Hanmmer Group: Anja Russo mit ihrer Anytech AG. (Bild: Anytech)\"},{\"@type\":\"BreadcrumbList\",\"@id\":\"https:\\\/\\\/www.organisator.ch\\\/management\\\/2023-05-02\\\/hammer-group-uebernimmt-die-anytech-metallbau-ag\\\/#breadcrumb\",\"itemListElement\":[{\"@type\":\"ListItem\",\"position\":1,\"name\":\"Home\",\"item\":\"https:\\\/\\\/www.organisator.ch\\\/\"},{\"@type\":\"ListItem\",\"position\":2,\"name\":\"Hammer Group \u00fcbernimmt die Anytech Metallbau AG\"}]},{\"@type\":\"WebSite\",\"@id\":\"https:\\\/\\\/www.organisator.ch\\\/#website\",\"url\":\"https:\\\/\\\/www.organisator.ch\\\/\",\"name\":\"Organisator\",\"description\":\"Kompetent. Praxisnah. Der ORGANISATOR bereitet in 10 Ausgaben pro Jahr die wesentlichen Themen f\u00fcr F\u00fchrungskr\u00e4fte von KMU auf.\",\"publisher\":{\"@id\":\"https:\\\/\\\/www.organisator.ch\\\/#organization\"},\"potentialAction\":[{\"@type\":\"SearchAction\",\"target\":{\"@type\":\"EntryPoint\",\"urlTemplate\":\"https:\\\/\\\/www.organisator.ch\\\/?s={search_term_string}\"},\"query-input\":{\"@type\":\"PropertyValueSpecification\",\"valueRequired\":true,\"valueName\":\"search_term_string\"}}],\"inLanguage\":\"de\"},{\"@type\":\"Organization\",\"@id\":\"https:\\\/\\\/www.organisator.ch\\\/#organization\",\"name\":\"Organisator\",\"url\":\"https:\\\/\\\/www.organisator.ch\\\/\",\"logo\":{\"@type\":\"ImageObject\",\"inLanguage\":\"de\",\"@id\":\"https:\\\/\\\/www.organisator.ch\\\/#\\\/schema\\\/logo\\\/image\\\/\",\"url\":\"https:\\\/\\\/www.organisator.ch\\\/wp-content\\\/uploads\\\/2022\\\/01\\\/Logo_Organisator_Website.png\",\"contentUrl\":\"https:\\\/\\\/www.organisator.ch\\\/wp-content\\\/uploads\\\/2022\\\/01\\\/Logo_Organisator_Website.png\",\"width\":800,\"height\":77,\"caption\":\"Organisator\"},\"image\":{\"@id\":\"https:\\\/\\\/www.organisator.ch\\\/#\\\/schema\\\/logo\\\/image\\\/\"},\"sameAs\":[\"https:\\\/\\\/www.facebook.com\\\/OrganisatorFachmagazin\",\"https:\\\/\\\/www.linkedin.com\\\/showcase\\\/organisator-das-magazin-fr-kmu\",\"https:\\\/\\\/www.xing.com\\\/news\\\/pages\\\/organisator-ch-695\",\"https:\\\/\\\/www.youtube.com\\\/channel\\\/UCGP2Sq0iWaZwT3BdIAQFYpw\"]},{\"@type\":\"Person\",\"@id\":\"https:\\\/\\\/www.organisator.ch\\\/#\\\/schema\\\/person\\\/6f650f90b2842cd4c0cc334b4e36f67e\",\"name\":\"thomas.berner\",\"image\":{\"@type\":\"ImageObject\",\"inLanguage\":\"de\",\"@id\":\"https:\\\/\\\/secure.gravatar.com\\\/avatar\\\/ac5001d2a36cb6c6cd3e50789007ffca834b477b74a2144564522e944eabff61?s=96&d=mm&r=g\",\"url\":\"https:\\\/\\\/secure.gravatar.com\\\/avatar\\\/ac5001d2a36cb6c6cd3e50789007ffca834b477b74a2144564522e944eabff61?s=96&d=mm&r=g\",\"contentUrl\":\"https:\\\/\\\/secure.gravatar.com\\\/avatar\\\/ac5001d2a36cb6c6cd3e50789007ffca834b477b74a2144564522e944eabff61?s=96&d=mm&r=g\",\"caption\":\"thomas.berner\"},\"url\":\"https:\\\/\\\/www.organisator.ch\\\/de\\\/author\\\/thomas-berner\\\/\"}]}<\/script>\n<!-- \/ Yoast SEO plugin. -->","yoast_head_json":{"title":"Hammer Group \u00fcbernimmt die Anytech Metallbau AG - Organisator","description":"Die Hammer Group \u00fcbernimmt die Anytech Metallbau AG aus Huttwil und st\u00e4rkt ihr Portfolio mit Systembalkonen.","robots":{"index":"index","follow":"follow","max-snippet":"max-snippet:-1","max-image-preview":"max-image-preview:large","max-video-preview":"max-video-preview:-1"},"canonical":"https:\/\/www.organisator.ch\/de\/management\/2023-05-02\/hammer-group-uebernimmt-die-anytech-metallbau-ag\/","og_locale":"de_DE","og_type":"article","og_title":"Hammer Group \u00fcbernimmt die Anytech Metallbau AG","og_description":"Die Hammer Group \u00fcbernimmt die Anytech Metallbau AG aus Huttwil und st\u00e4rkt ihr Portfolio mit Systembalkonen.","og_url":"https:\/\/www.organisator.ch\/de\/management\/2023-05-02\/hammer-group-uebernimmt-die-anytech-metallbau-ag\/","og_site_name":"Organisator","article_publisher":"https:\/\/www.facebook.com\/OrganisatorFachmagazin","article_published_time":"2023-05-02T05:48:31+00:00","og_image":[{"width":680,"height":453,"url":"https:\/\/www.organisator.ch\/wp-content\/uploads\/2023\/05\/Hammer-Group-uebernimmt-die-Anytech-Metallbau-AG_Organisator.jpg","type":"image\/jpeg"}],"author":"thomas.berner","twitter_card":"summary_large_image","twitter_title":"#Hammer Group \u00fcbernimmt die #Anytech Metallbau AG","twitter_description":"Die Hammer Group \u00fcbernimmt die #Anytech Metallbau AG aus Huttwil und st\u00e4rkt ihr Portfolio mit #Systembalkonen.","twitter_image":"https:\/\/www.organisator.ch\/wp-content\/uploads\/2023\/05\/Hammer-Group-uebernimmt-die-Anytech-Metallbau-AG_Organisator.jpg","schema":{"@context":"https:\/\/schema.org","@graph":[{"@type":"Article","@id":"https:\/\/www.organisator.ch\/management\/2023-05-02\/hammer-group-uebernimmt-die-anytech-metallbau-ag\/#article","isPartOf":{"@id":"https:\/\/www.organisator.ch\/management\/2023-05-02\/hammer-group-uebernimmt-die-anytech-metallbau-ag\/"},"author":{"name":"thomas.berner","@id":"https:\/\/www.organisator.ch\/#\/schema\/person\/6f650f90b2842cd4c0cc334b4e36f67e"},"headline":"Hammer Group \u00fcbernimmt die Anytech Metallbau AG","datePublished":"2023-05-02T05:48:31+00:00","mainEntityOfPage":{"@id":"https:\/\/www.organisator.ch\/management\/2023-05-02\/hammer-group-uebernimmt-die-anytech-metallbau-ag\/"},"wordCount":402,"publisher":{"@id":"https:\/\/www.organisator.ch\/#organization"},"image":{"@id":"https:\/\/www.organisator.ch\/management\/2023-05-02\/hammer-group-uebernimmt-die-anytech-metallbau-ag\/#primaryimage"},"thumbnailUrl":"https:\/\/www.organisator.ch\/wp-content\/uploads\/2023\/05\/Hammer-Group-uebernimmt-die-Anytech-Metallbau-AG_Organisator.jpg","keywords":["Akquisition","Management","Metallbau","Unternehmen"],"articleSection":["MANAGEMENT"],"inLanguage":"de"},{"@type":"WebPage","@id":"https:\/\/www.organisator.ch\/management\/2023-05-02\/hammer-group-uebernimmt-die-anytech-metallbau-ag\/","url":"https:\/\/www.organisator.ch\/management\/2023-05-02\/hammer-group-uebernimmt-die-anytech-metallbau-ag\/","name":"Hammer Group \u00fcbernimmt die Anytech Metallbau AG - Organisator","isPartOf":{"@id":"https:\/\/www.organisator.ch\/#website"},"primaryImageOfPage":{"@id":"https:\/\/www.organisator.ch\/management\/2023-05-02\/hammer-group-uebernimmt-die-anytech-metallbau-ag\/#primaryimage"},"image":{"@id":"https:\/\/www.organisator.ch\/management\/2023-05-02\/hammer-group-uebernimmt-die-anytech-metallbau-ag\/#primaryimage"},"thumbnailUrl":"https:\/\/www.organisator.ch\/wp-content\/uploads\/2023\/05\/Hammer-Group-uebernimmt-die-Anytech-Metallbau-AG_Organisator.jpg","datePublished":"2023-05-02T05:48:31+00:00","description":"Die Hammer Group \u00fcbernimmt die Anytech Metallbau AG aus Huttwil und st\u00e4rkt ihr Portfolio mit Systembalkonen.","breadcrumb":{"@id":"https:\/\/www.organisator.ch\/management\/2023-05-02\/hammer-group-uebernimmt-die-anytech-metallbau-ag\/#breadcrumb"},"inLanguage":"de","potentialAction":[{"@type":"ReadAction","target":["https:\/\/www.organisator.ch\/management\/2023-05-02\/hammer-group-uebernimmt-die-anytech-metallbau-ag\/"]}]},{"@type":"ImageObject","inLanguage":"de","@id":"https:\/\/www.organisator.ch\/management\/2023-05-02\/hammer-group-uebernimmt-die-anytech-metallbau-ag\/#primaryimage","url":"https:\/\/www.organisator.ch\/wp-content\/uploads\/2023\/05\/Hammer-Group-uebernimmt-die-Anytech-Metallbau-AG_Organisator.jpg","contentUrl":"https:\/\/www.organisator.ch\/wp-content\/uploads\/2023\/05\/Hammer-Group-uebernimmt-die-Anytech-Metallbau-AG_Organisator.jpg","width":680,"height":453,"caption":"Geh\u00f6rt neu zur Hanmmer Group: Anja Russo mit ihrer Anytech AG. (Bild: Anytech)"},{"@type":"BreadcrumbList","@id":"https:\/\/www.organisator.ch\/management\/2023-05-02\/hammer-group-uebernimmt-die-anytech-metallbau-ag\/#breadcrumb","itemListElement":[{"@type":"ListItem","position":1,"name":"Home","item":"https:\/\/www.organisator.ch\/"},{"@type":"ListItem","position":2,"name":"Hammer Group \u00fcbernimmt die Anytech Metallbau AG"}]},{"@type":"WebSite","@id":"https:\/\/www.organisator.ch\/#website","url":"https:\/\/www.organisator.ch\/","name":"Organisator","description":"Kompetent. Praxisnah. Der ORGANISATOR bereitet in 10 Ausgaben pro Jahr die wesentlichen Themen f\u00fcr F\u00fchrungskr\u00e4fte von KMU auf.","publisher":{"@id":"https:\/\/www.organisator.ch\/#organization"},"potentialAction":[{"@type":"SearchAction","target":{"@type":"EntryPoint","urlTemplate":"https:\/\/www.organisator.ch\/?s={search_term_string}"},"query-input":{"@type":"PropertyValueSpecification","valueRequired":true,"valueName":"search_term_string"}}],"inLanguage":"de"},{"@type":"Organization","@id":"https:\/\/www.organisator.ch\/#organization","name":"Organisator","url":"https:\/\/www.organisator.ch\/","logo":{"@type":"ImageObject","inLanguage":"de","@id":"https:\/\/www.organisator.ch\/#\/schema\/logo\/image\/","url":"https:\/\/www.organisator.ch\/wp-content\/uploads\/2022\/01\/Logo_Organisator_Website.png","contentUrl":"https:\/\/www.organisator.ch\/wp-content\/uploads\/2022\/01\/Logo_Organisator_Website.png","width":800,"height":77,"caption":"Organisator"},"image":{"@id":"https:\/\/www.organisator.ch\/#\/schema\/logo\/image\/"},"sameAs":["https:\/\/www.facebook.com\/OrganisatorFachmagazin","https:\/\/www.linkedin.com\/showcase\/organisator-das-magazin-fr-kmu","https:\/\/www.xing.com\/news\/pages\/organisator-ch-695","https:\/\/www.youtube.com\/channel\/UCGP2Sq0iWaZwT3BdIAQFYpw"]},{"@type":"Person","@id":"https:\/\/www.organisator.ch\/#\/schema\/person\/6f650f90b2842cd4c0cc334b4e36f67e","name":"thomas.berner","image":{"@type":"ImageObject","inLanguage":"de","@id":"https:\/\/secure.gravatar.com\/avatar\/ac5001d2a36cb6c6cd3e50789007ffca834b477b74a2144564522e944eabff61?s=96&d=mm&r=g","url":"https:\/\/secure.gravatar.com\/avatar\/ac5001d2a36cb6c6cd3e50789007ffca834b477b74a2144564522e944eabff61?s=96&d=mm&r=g","contentUrl":"https:\/\/secure.gravatar.com\/avatar\/ac5001d2a36cb6c6cd3e50789007ffca834b477b74a2144564522e944eabff61?s=96&d=mm&r=g","caption":"thomas.berner"},"url":"https:\/\/www.organisator.ch\/de\/author\/thomas-berner\/"}]}},"_links":{"self":[{"href":"https:\/\/www.organisator.ch\/de\/wp-json\/wp\/v2\/posts\/20009","targetHints":{"allow":["GET"]}}],"collection":[{"href":"https:\/\/www.organisator.ch\/de\/wp-json\/wp\/v2\/posts"}],"about":[{"href":"https:\/\/www.organisator.ch\/de\/wp-json\/wp\/v2\/types\/post"}],"author":[{"embeddable":true,"href":"https:\/\/www.organisator.ch\/de\/wp-json\/wp\/v2\/users\/4"}],"replies":[{"embeddable":true,"href":"https:\/\/www.organisator.ch\/de\/wp-json\/wp\/v2\/comments?post=20009"}],"version-history":[{"count":1,"href":"https:\/\/www.organisator.ch\/de\/wp-json\/wp\/v2\/posts\/20009\/revisions"}],"predecessor-version":[{"id":20011,"href":"https:\/\/www.organisator.ch\/de\/wp-json\/wp\/v2\/posts\/20009\/revisions\/20011"}],"wp:featuredmedia":[{"embeddable":true,"href":"https:\/\/www.organisator.ch\/de\/wp-json\/wp\/v2\/media\/20010"}],"wp:attachment":[{"href":"https:\/\/www.organisator.ch\/de\/wp-json\/wp\/v2\/media?parent=20009"}],"wp:term":[{"taxonomy":"category","embeddable":true,"href":"https:\/\/www.organisator.ch\/de\/wp-json\/wp\/v2\/categories?post=20009"},{"taxonomy":"post_tag","embeddable":true,"href":"https:\/\/www.organisator.ch\/de\/wp-json\/wp\/v2\/tags?post=20009"}],"curies":[{"name":"wp","href":"https:\/\/api.w.org\/{rel}","templated":true}]}}