{"id":20045,"date":"2023-05-04T13:42:13","date_gmt":"2023-05-04T11:42:13","guid":{"rendered":"https:\/\/www.organisator.ch\/?p=20045"},"modified":"2023-05-04T13:42:13","modified_gmt":"2023-05-04T11:42:13","slug":"verband-swissmechanic-empfiehlt-ja-zum-klimaschutzgesetz","status":"publish","type":"post","link":"https:\/\/www.organisator.ch\/de\/sustainability\/2023-05-04\/verband-swissmechanic-empfiehlt-ja-zum-klimaschutzgesetz\/","title":{"rendered":"Verband Swissmechanic empfiehlt Ja zum Klimaschutzgesetz"},"content":{"rendered":"<figure id=\"attachment_20049\" aria-describedby=\"caption-attachment-20049\" style=\"width: 680px\" class=\"wp-caption alignnone\"><img loading=\"lazy\" decoding=\"async\" class=\"size-full wp-image-20049\" src=\"https:\/\/www.organisator.ch\/wp-content\/uploads\/2023\/05\/Verband-Swissmechanic-empfiehlt-Ja-zum-Klimaschutzgesetz_Organisator.jpg\" alt=\"\" width=\"680\" height=\"509\" srcset=\"https:\/\/www.organisator.ch\/wp-content\/uploads\/2023\/05\/Verband-Swissmechanic-empfiehlt-Ja-zum-Klimaschutzgesetz_Organisator.jpg 680w, https:\/\/www.organisator.ch\/wp-content\/uploads\/2023\/05\/Verband-Swissmechanic-empfiehlt-Ja-zum-Klimaschutzgesetz_Organisator-16x12.jpg 16w, https:\/\/www.organisator.ch\/wp-content\/uploads\/2023\/05\/Verband-Swissmechanic-empfiehlt-Ja-zum-Klimaschutzgesetz_Organisator-375x281.jpg 375w, https:\/\/www.organisator.ch\/wp-content\/uploads\/2023\/05\/Verband-Swissmechanic-empfiehlt-Ja-zum-Klimaschutzgesetz_Organisator-468x350.jpg 468w\" sizes=\"auto, (max-width: 680px) 100vw, 680px\" \/><figcaption id=\"caption-attachment-20049\" class=\"wp-caption-text\">Swissmechanic empfiehlt ein Ja zum Klimaschutzgesetz. (Symbolbild; Pixabay.com)<\/figcaption><\/figure>\n<p>Am 18. Juni 2023 stimmt das Schweizer Stimmvolk \u00fcber das Bundesgesetz vom 30. September 2022 \u00fcber die Ziele im Klimaschutz, die Innovation und die St\u00e4rkung der Energiesicherheit (Klimaschutz\u00adgesetz) ab. Das Klimaschutzgesetz wurde in der Herbstsession 2022 von National- und St\u00e4nderat verabschiedet. Es handelt sich um den indirekten Gegenvorschlag zur Gletscher-Initiative. Die Vorlage kommt zur Abstimmung, da die SVP das Referendum ergriffen hatte. Der Verband Swissmechanic empfiehlt die Annahme des Gesetzes. Gem\u00e4ss einer im April 2023 durchgef\u00fchrten Umfrage bei den Swissmechanic-Mitgliedsfirmen bef\u00fcrworten 2\/3 der befragten Unternehmen das Klimaschutzgesetz.<\/p>\n<h3>Flexibel den \u00dcbergang zu Netto-Null-Treibhausgasemissionen voranbringen &#8230;<\/h3>\n<p>Ein hohes Bewusstsein f\u00fcr den Klimaschutz sei in der MEM-Industrie generell und bei den Swiss\u00admechanic-Mitgliedsfirmen im Besonderen vorhanden, schreibt dazu der Verband. So h\u00e4tten viele KMU-MEM-Betriebe in den letzten Jahren bereits viel umger\u00fcstet und wirtschaftlich, technisch und \u00f6kologisch sinnvolle L\u00f6sungen eigenverantwortlich umgesetzt.<\/p>\n<p>Die Vorlage legt nationale Zwischenziele zur Emissionsverminderung bis 2050 fest und setzt Richt\u00adwerte f\u00fcr die Emissionsverminderung in den einzelnen Sektoren \u2013 und schafft so Investitionssicherheit f\u00fcr die Schweizer Wirtschaft und die KMU-MEM. Der Richtwert zur Senkung der Treibhausgasemissionen um 50 Prozent bis 2040 gibt der Industrie die n\u00f6tige Flexibilit\u00e4t, um allf\u00e4lligen Technologiespr\u00fcngen und Investitionszyklen Rechnung zu tragen.<\/p>\n<p>Ein weiteres wichtiges \u201eFlexibilit\u00e4ts-Plus\u201c sei nach Einsch\u00e4tzung von Swissmechanic, dass die Wirkung der verbleibenden Treibhausgasemissionen durch die Anwendung von Negativemissionstechnologien in der Schweiz, aber auch im Ausland ausgeglichen werden k\u00f6nne. F\u00fcr das Klima sei es schliesslich unerheblich, wo CO2 eingespart wird.<\/p>\n<h3>&#8230; ohne Verbote, aber mit Anschubfinanzierung<\/h3>\n<p>F\u00fcr Swissmechanic ist zentral, dass das Klimaschutzgesetz fossile Energietr\u00e4ger nicht ausdr\u00fccklich verbietet, denn der Verband setzt sich f\u00fcr marktwirtschaftliche, unternehmerische L\u00f6sungen im Klima- und Umweltschutz ein und lehnt jegliche Verbote von Energieformen, Technologien, Produktionsmethoden und dergleichen entschieden ab. Aufgrund des herrschenden Wettbewerbsdrucks m\u00fcssen die Unternehmen ohnehin energieeffizient produzieren.<\/p>\n<p>Situativ unterst\u00fctzt Swissmechanic eine zweckgebundene Anschubfinanzierung der \u00f6ffentlichen Hand. Gem\u00e4ss Vorlage sollen Unternehmen, die auf freiwilliger Basis Fahrpl\u00e4ne zur Erreichung des Netto-Null-Ziels ausarbeiten, mit Finanzhilfen f\u00fcr die Anwendung von neuartigen Technologien und Prozessen unterst\u00fctzt werden k\u00f6nnen.<\/p>\n<h3>MEM-Betriebe leisten wichtigen Beitrag f\u00fcr eine sicherere, umweltschonendere und ges\u00fcndere Schweiz<\/h3>\n<p>&#8222;F\u00fcr unsere KMU-MEM-Betriebe sind innovationsfreundliche Rahmenbedingungen und eine sowohl sichere wie auch wettbewerbsf\u00e4hige Energieversorgung das Lebenselixier&#8220;, heisst es im Communiqu\u00e9 von Swissmechanic. Dies sei bei der Ausgestal\u00adtung der Erlasse und Gesetzesrevisionen, die zur Erreichung der klimapolitischen Ziele des Klima\u00adschutzgesetzes folgen werden, zwingend zu ber\u00fccksichtigen. Nur so k\u00f6nne der Werkplatz, Technolo\u00adgiestandort und Forschungsplatz Schweiz gest\u00e4rkt, wertvolle Arbeitspl\u00e4tze \u2013 gerade auch in Rand\u00adregionen \u2013 gesichert und ein Beitrag zu einer nachhaltigen Zukunft geleistet werden. &#8222;Denn mit ihren innovativen technologischen L\u00f6sungen liefern unsere Betriebe einen wichtigen Beitrag f\u00fcr eine sicherere, umweltschonendere und ges\u00fcndere Schweiz&#8220;, so Swissmechanic abschliessend.<\/p>\n<p><em>Quelle und weitere Informationen: <a href=\"http:\/\/www.swissmechanic.ch\">Swissmechanic<\/a><\/em><\/p>\n","protected":false},"excerpt":{"rendered":"<p>Swissmechanic, der Verband der Schweizer KMU-MEM-Betriebe, steht hinter dem im Klimaschutzgesetz erarbeiteten Kompromiss und unterst\u00fctzt die Abstimmungsvorlage vom 18. Juni 2023. Der Verband weist aber gleichzeitig darauf hin, dass das Klimaschutzgesetz in erster Linie die klimapolitischen Ziele und Zwischenziele festlegt. <\/p>\n","protected":false},"author":4,"featured_media":20049,"comment_status":"closed","ping_status":"closed","sticky":false,"template":"","format":"standard","meta":{"_acf_changed":false,"_yoast_wpseo_focuskw":"Klimaschutzgesetz","_yoast_wpseo_metadesc":"Swissmechanic, der Verband der Schweizer KMU-MEM-Betriebe, steht hinter dem im Klimaschutzgesetz erarbeiteten Kompromiss und empfiehlt ein Ja.","articlekey":"","footnotes":""},"categories":[580],"tags":[300,3761,503],"class_list":["post-20045","post","type-post","status-publish","format-standard","has-post-thumbnail","hentry","category-sustainability","tag-klimaschutz","tag-umweltpolitik","tag-verbaende"],"acf":[],"yoast_head":"<!-- This site is optimized with the Yoast SEO plugin v27.5 - https:\/\/yoast.com\/product\/yoast-seo-wordpress\/ -->\n<title>Verband Swissmechanic empfiehlt Ja zum Klimaschutzgesetz - Organisator<\/title>\n<meta name=\"description\" content=\"Swissmechanic, der Verband der Schweizer KMU-MEM-Betriebe, steht hinter dem im Klimaschutzgesetz erarbeiteten Kompromiss und empfiehlt ein Ja.\" \/>\n<meta name=\"robots\" content=\"index, follow, max-snippet:-1, max-image-preview:large, max-video-preview:-1\" \/>\n<link rel=\"canonical\" href=\"https:\/\/www.organisator.ch\/de\/sustainability\/2023-05-04\/verband-swissmechanic-empfiehlt-ja-zum-klimaschutzgesetz\/\" \/>\n<meta property=\"og:locale\" content=\"de_DE\" \/>\n<meta property=\"og:type\" content=\"article\" \/>\n<meta property=\"og:title\" content=\"Verband Swissmechanic empfiehlt Ja zum Klimaschutzgesetz\" \/>\n<meta property=\"og:description\" content=\"Swissmechanic, der Verband der Schweizer KMU-MEM-Betriebe, steht hinter dem im Klimaschutzgesetz erarbeiteten Kompromiss und empfiehlt ein Ja.\" \/>\n<meta property=\"og:url\" content=\"https:\/\/www.organisator.ch\/de\/sustainability\/2023-05-04\/verband-swissmechanic-empfiehlt-ja-zum-klimaschutzgesetz\/\" \/>\n<meta property=\"og:site_name\" content=\"Organisator\" \/>\n<meta property=\"article:publisher\" content=\"https:\/\/www.facebook.com\/OrganisatorFachmagazin\" \/>\n<meta property=\"article:published_time\" content=\"2023-05-04T11:42:13+00:00\" \/>\n<meta property=\"og:image\" content=\"https:\/\/www.organisator.ch\/wp-content\/uploads\/2023\/05\/Verband-Swissmechanic-empfiehlt-Ja-zum-Klimaschutzgesetz_Organisator.jpg\" \/>\n\t<meta property=\"og:image:width\" content=\"680\" \/>\n\t<meta property=\"og:image:height\" content=\"509\" \/>\n\t<meta property=\"og:image:type\" content=\"image\/jpeg\" \/>\n<meta name=\"author\" content=\"thomas.berner\" \/>\n<meta name=\"twitter:card\" content=\"summary_large_image\" \/>\n<meta name=\"twitter:title\" content=\"Verband #Swissmechanic empfiehlt Ja zum #Klimaschutzgesetz\" \/>\n<meta name=\"twitter:description\" content=\"#Swissmechanic, der Verband der Schweizer KMU-MEM-Betriebe, steht hinter dem im #Klimaschutzgesetz erarbeiteten #Kompromiss und empfiehlt ein Ja.\" \/>\n<meta name=\"twitter:image\" content=\"https:\/\/www.organisator.ch\/wp-content\/uploads\/2023\/05\/Verband-Swissmechanic-empfiehlt-Ja-zum-Klimaschutzgesetz_Organisator.jpg\" \/>\n<script type=\"application\/ld+json\" class=\"yoast-schema-graph\">{\"@context\":\"https:\\\/\\\/schema.org\",\"@graph\":[{\"@type\":\"Article\",\"@id\":\"https:\\\/\\\/www.organisator.ch\\\/sustainability\\\/2023-05-04\\\/verband-swissmechanic-empfiehlt-ja-zum-klimaschutzgesetz\\\/#article\",\"isPartOf\":{\"@id\":\"https:\\\/\\\/www.organisator.ch\\\/sustainability\\\/2023-05-04\\\/verband-swissmechanic-empfiehlt-ja-zum-klimaschutzgesetz\\\/\"},\"author\":{\"name\":\"thomas.berner\",\"@id\":\"https:\\\/\\\/www.organisator.ch\\\/#\\\/schema\\\/person\\\/6f650f90b2842cd4c0cc334b4e36f67e\"},\"headline\":\"Verband Swissmechanic empfiehlt Ja zum Klimaschutzgesetz\",\"datePublished\":\"2023-05-04T11:42:13+00:00\",\"mainEntityOfPage\":{\"@id\":\"https:\\\/\\\/www.organisator.ch\\\/sustainability\\\/2023-05-04\\\/verband-swissmechanic-empfiehlt-ja-zum-klimaschutzgesetz\\\/\"},\"wordCount\":490,\"publisher\":{\"@id\":\"https:\\\/\\\/www.organisator.ch\\\/#organization\"},\"image\":{\"@id\":\"https:\\\/\\\/www.organisator.ch\\\/sustainability\\\/2023-05-04\\\/verband-swissmechanic-empfiehlt-ja-zum-klimaschutzgesetz\\\/#primaryimage\"},\"thumbnailUrl\":\"https:\\\/\\\/www.organisator.ch\\\/wp-content\\\/uploads\\\/2023\\\/05\\\/Verband-Swissmechanic-empfiehlt-Ja-zum-Klimaschutzgesetz_Organisator.jpg\",\"keywords\":[\"Klimaschutz\",\"Umweltpolitik\",\"Verb\u00e4nde\"],\"articleSection\":[\"SUSTAINABILITY\"],\"inLanguage\":\"de\"},{\"@type\":\"WebPage\",\"@id\":\"https:\\\/\\\/www.organisator.ch\\\/sustainability\\\/2023-05-04\\\/verband-swissmechanic-empfiehlt-ja-zum-klimaschutzgesetz\\\/\",\"url\":\"https:\\\/\\\/www.organisator.ch\\\/sustainability\\\/2023-05-04\\\/verband-swissmechanic-empfiehlt-ja-zum-klimaschutzgesetz\\\/\",\"name\":\"Verband Swissmechanic empfiehlt Ja zum Klimaschutzgesetz - Organisator\",\"isPartOf\":{\"@id\":\"https:\\\/\\\/www.organisator.ch\\\/#website\"},\"primaryImageOfPage\":{\"@id\":\"https:\\\/\\\/www.organisator.ch\\\/sustainability\\\/2023-05-04\\\/verband-swissmechanic-empfiehlt-ja-zum-klimaschutzgesetz\\\/#primaryimage\"},\"image\":{\"@id\":\"https:\\\/\\\/www.organisator.ch\\\/sustainability\\\/2023-05-04\\\/verband-swissmechanic-empfiehlt-ja-zum-klimaschutzgesetz\\\/#primaryimage\"},\"thumbnailUrl\":\"https:\\\/\\\/www.organisator.ch\\\/wp-content\\\/uploads\\\/2023\\\/05\\\/Verband-Swissmechanic-empfiehlt-Ja-zum-Klimaschutzgesetz_Organisator.jpg\",\"datePublished\":\"2023-05-04T11:42:13+00:00\",\"description\":\"Swissmechanic, der Verband der Schweizer KMU-MEM-Betriebe, steht hinter dem im Klimaschutzgesetz erarbeiteten Kompromiss und empfiehlt ein Ja.\",\"breadcrumb\":{\"@id\":\"https:\\\/\\\/www.organisator.ch\\\/sustainability\\\/2023-05-04\\\/verband-swissmechanic-empfiehlt-ja-zum-klimaschutzgesetz\\\/#breadcrumb\"},\"inLanguage\":\"de\",\"potentialAction\":[{\"@type\":\"ReadAction\",\"target\":[\"https:\\\/\\\/www.organisator.ch\\\/sustainability\\\/2023-05-04\\\/verband-swissmechanic-empfiehlt-ja-zum-klimaschutzgesetz\\\/\"]}]},{\"@type\":\"ImageObject\",\"inLanguage\":\"de\",\"@id\":\"https:\\\/\\\/www.organisator.ch\\\/sustainability\\\/2023-05-04\\\/verband-swissmechanic-empfiehlt-ja-zum-klimaschutzgesetz\\\/#primaryimage\",\"url\":\"https:\\\/\\\/www.organisator.ch\\\/wp-content\\\/uploads\\\/2023\\\/05\\\/Verband-Swissmechanic-empfiehlt-Ja-zum-Klimaschutzgesetz_Organisator.jpg\",\"contentUrl\":\"https:\\\/\\\/www.organisator.ch\\\/wp-content\\\/uploads\\\/2023\\\/05\\\/Verband-Swissmechanic-empfiehlt-Ja-zum-Klimaschutzgesetz_Organisator.jpg\",\"width\":680,\"height\":509,\"caption\":\"Swissmechanic empfiehlt ein Ja zum Klimaschutzgesetz. (Symbolbild; Pixabay.com)\"},{\"@type\":\"BreadcrumbList\",\"@id\":\"https:\\\/\\\/www.organisator.ch\\\/sustainability\\\/2023-05-04\\\/verband-swissmechanic-empfiehlt-ja-zum-klimaschutzgesetz\\\/#breadcrumb\",\"itemListElement\":[{\"@type\":\"ListItem\",\"position\":1,\"name\":\"Home\",\"item\":\"https:\\\/\\\/www.organisator.ch\\\/\"},{\"@type\":\"ListItem\",\"position\":2,\"name\":\"Verband Swissmechanic empfiehlt Ja zum Klimaschutzgesetz\"}]},{\"@type\":\"WebSite\",\"@id\":\"https:\\\/\\\/www.organisator.ch\\\/#website\",\"url\":\"https:\\\/\\\/www.organisator.ch\\\/\",\"name\":\"Organisator\",\"description\":\"Kompetent. Praxisnah. Der ORGANISATOR bereitet in 10 Ausgaben pro Jahr die wesentlichen Themen f\u00fcr F\u00fchrungskr\u00e4fte von KMU auf.\",\"publisher\":{\"@id\":\"https:\\\/\\\/www.organisator.ch\\\/#organization\"},\"potentialAction\":[{\"@type\":\"SearchAction\",\"target\":{\"@type\":\"EntryPoint\",\"urlTemplate\":\"https:\\\/\\\/www.organisator.ch\\\/?s={search_term_string}\"},\"query-input\":{\"@type\":\"PropertyValueSpecification\",\"valueRequired\":true,\"valueName\":\"search_term_string\"}}],\"inLanguage\":\"de\"},{\"@type\":\"Organization\",\"@id\":\"https:\\\/\\\/www.organisator.ch\\\/#organization\",\"name\":\"Organisator\",\"url\":\"https:\\\/\\\/www.organisator.ch\\\/\",\"logo\":{\"@type\":\"ImageObject\",\"inLanguage\":\"de\",\"@id\":\"https:\\\/\\\/www.organisator.ch\\\/#\\\/schema\\\/logo\\\/image\\\/\",\"url\":\"https:\\\/\\\/www.organisator.ch\\\/wp-content\\\/uploads\\\/2022\\\/01\\\/Logo_Organisator_Website.png\",\"contentUrl\":\"https:\\\/\\\/www.organisator.ch\\\/wp-content\\\/uploads\\\/2022\\\/01\\\/Logo_Organisator_Website.png\",\"width\":800,\"height\":77,\"caption\":\"Organisator\"},\"image\":{\"@id\":\"https:\\\/\\\/www.organisator.ch\\\/#\\\/schema\\\/logo\\\/image\\\/\"},\"sameAs\":[\"https:\\\/\\\/www.facebook.com\\\/OrganisatorFachmagazin\",\"https:\\\/\\\/www.linkedin.com\\\/showcase\\\/organisator-das-magazin-fr-kmu\",\"https:\\\/\\\/www.xing.com\\\/news\\\/pages\\\/organisator-ch-695\",\"https:\\\/\\\/www.youtube.com\\\/channel\\\/UCGP2Sq0iWaZwT3BdIAQFYpw\"]},{\"@type\":\"Person\",\"@id\":\"https:\\\/\\\/www.organisator.ch\\\/#\\\/schema\\\/person\\\/6f650f90b2842cd4c0cc334b4e36f67e\",\"name\":\"thomas.berner\",\"image\":{\"@type\":\"ImageObject\",\"inLanguage\":\"de\",\"@id\":\"https:\\\/\\\/secure.gravatar.com\\\/avatar\\\/ac5001d2a36cb6c6cd3e50789007ffca834b477b74a2144564522e944eabff61?s=96&d=mm&r=g\",\"url\":\"https:\\\/\\\/secure.gravatar.com\\\/avatar\\\/ac5001d2a36cb6c6cd3e50789007ffca834b477b74a2144564522e944eabff61?s=96&d=mm&r=g\",\"contentUrl\":\"https:\\\/\\\/secure.gravatar.com\\\/avatar\\\/ac5001d2a36cb6c6cd3e50789007ffca834b477b74a2144564522e944eabff61?s=96&d=mm&r=g\",\"caption\":\"thomas.berner\"},\"url\":\"https:\\\/\\\/www.organisator.ch\\\/de\\\/author\\\/thomas-berner\\\/\"}]}<\/script>\n<!-- \/ Yoast SEO plugin. -->","yoast_head_json":{"title":"Verband Swissmechanic empfiehlt Ja zum Klimaschutzgesetz - Organisator","description":"Swissmechanic, der Verband der Schweizer KMU-MEM-Betriebe, steht hinter dem im Klimaschutzgesetz erarbeiteten Kompromiss und empfiehlt ein Ja.","robots":{"index":"index","follow":"follow","max-snippet":"max-snippet:-1","max-image-preview":"max-image-preview:large","max-video-preview":"max-video-preview:-1"},"canonical":"https:\/\/www.organisator.ch\/de\/sustainability\/2023-05-04\/verband-swissmechanic-empfiehlt-ja-zum-klimaschutzgesetz\/","og_locale":"de_DE","og_type":"article","og_title":"Verband Swissmechanic empfiehlt Ja zum Klimaschutzgesetz","og_description":"Swissmechanic, der Verband der Schweizer KMU-MEM-Betriebe, steht hinter dem im Klimaschutzgesetz erarbeiteten Kompromiss und empfiehlt ein Ja.","og_url":"https:\/\/www.organisator.ch\/de\/sustainability\/2023-05-04\/verband-swissmechanic-empfiehlt-ja-zum-klimaschutzgesetz\/","og_site_name":"Organisator","article_publisher":"https:\/\/www.facebook.com\/OrganisatorFachmagazin","article_published_time":"2023-05-04T11:42:13+00:00","og_image":[{"width":680,"height":509,"url":"https:\/\/www.organisator.ch\/wp-content\/uploads\/2023\/05\/Verband-Swissmechanic-empfiehlt-Ja-zum-Klimaschutzgesetz_Organisator.jpg","type":"image\/jpeg"}],"author":"thomas.berner","twitter_card":"summary_large_image","twitter_title":"Verband #Swissmechanic empfiehlt Ja zum #Klimaschutzgesetz","twitter_description":"#Swissmechanic, der Verband der Schweizer KMU-MEM-Betriebe, steht hinter dem im #Klimaschutzgesetz erarbeiteten #Kompromiss und empfiehlt ein Ja.","twitter_image":"https:\/\/www.organisator.ch\/wp-content\/uploads\/2023\/05\/Verband-Swissmechanic-empfiehlt-Ja-zum-Klimaschutzgesetz_Organisator.jpg","schema":{"@context":"https:\/\/schema.org","@graph":[{"@type":"Article","@id":"https:\/\/www.organisator.ch\/sustainability\/2023-05-04\/verband-swissmechanic-empfiehlt-ja-zum-klimaschutzgesetz\/#article","isPartOf":{"@id":"https:\/\/www.organisator.ch\/sustainability\/2023-05-04\/verband-swissmechanic-empfiehlt-ja-zum-klimaschutzgesetz\/"},"author":{"name":"thomas.berner","@id":"https:\/\/www.organisator.ch\/#\/schema\/person\/6f650f90b2842cd4c0cc334b4e36f67e"},"headline":"Verband Swissmechanic empfiehlt Ja zum Klimaschutzgesetz","datePublished":"2023-05-04T11:42:13+00:00","mainEntityOfPage":{"@id":"https:\/\/www.organisator.ch\/sustainability\/2023-05-04\/verband-swissmechanic-empfiehlt-ja-zum-klimaschutzgesetz\/"},"wordCount":490,"publisher":{"@id":"https:\/\/www.organisator.ch\/#organization"},"image":{"@id":"https:\/\/www.organisator.ch\/sustainability\/2023-05-04\/verband-swissmechanic-empfiehlt-ja-zum-klimaschutzgesetz\/#primaryimage"},"thumbnailUrl":"https:\/\/www.organisator.ch\/wp-content\/uploads\/2023\/05\/Verband-Swissmechanic-empfiehlt-Ja-zum-Klimaschutzgesetz_Organisator.jpg","keywords":["Klimaschutz","Umweltpolitik","Verb\u00e4nde"],"articleSection":["SUSTAINABILITY"],"inLanguage":"de"},{"@type":"WebPage","@id":"https:\/\/www.organisator.ch\/sustainability\/2023-05-04\/verband-swissmechanic-empfiehlt-ja-zum-klimaschutzgesetz\/","url":"https:\/\/www.organisator.ch\/sustainability\/2023-05-04\/verband-swissmechanic-empfiehlt-ja-zum-klimaschutzgesetz\/","name":"Verband Swissmechanic empfiehlt Ja zum Klimaschutzgesetz - Organisator","isPartOf":{"@id":"https:\/\/www.organisator.ch\/#website"},"primaryImageOfPage":{"@id":"https:\/\/www.organisator.ch\/sustainability\/2023-05-04\/verband-swissmechanic-empfiehlt-ja-zum-klimaschutzgesetz\/#primaryimage"},"image":{"@id":"https:\/\/www.organisator.ch\/sustainability\/2023-05-04\/verband-swissmechanic-empfiehlt-ja-zum-klimaschutzgesetz\/#primaryimage"},"thumbnailUrl":"https:\/\/www.organisator.ch\/wp-content\/uploads\/2023\/05\/Verband-Swissmechanic-empfiehlt-Ja-zum-Klimaschutzgesetz_Organisator.jpg","datePublished":"2023-05-04T11:42:13+00:00","description":"Swissmechanic, der Verband der Schweizer KMU-MEM-Betriebe, steht hinter dem im Klimaschutzgesetz erarbeiteten Kompromiss und empfiehlt ein Ja.","breadcrumb":{"@id":"https:\/\/www.organisator.ch\/sustainability\/2023-05-04\/verband-swissmechanic-empfiehlt-ja-zum-klimaschutzgesetz\/#breadcrumb"},"inLanguage":"de","potentialAction":[{"@type":"ReadAction","target":["https:\/\/www.organisator.ch\/sustainability\/2023-05-04\/verband-swissmechanic-empfiehlt-ja-zum-klimaschutzgesetz\/"]}]},{"@type":"ImageObject","inLanguage":"de","@id":"https:\/\/www.organisator.ch\/sustainability\/2023-05-04\/verband-swissmechanic-empfiehlt-ja-zum-klimaschutzgesetz\/#primaryimage","url":"https:\/\/www.organisator.ch\/wp-content\/uploads\/2023\/05\/Verband-Swissmechanic-empfiehlt-Ja-zum-Klimaschutzgesetz_Organisator.jpg","contentUrl":"https:\/\/www.organisator.ch\/wp-content\/uploads\/2023\/05\/Verband-Swissmechanic-empfiehlt-Ja-zum-Klimaschutzgesetz_Organisator.jpg","width":680,"height":509,"caption":"Swissmechanic empfiehlt ein Ja zum Klimaschutzgesetz. (Symbolbild; Pixabay.com)"},{"@type":"BreadcrumbList","@id":"https:\/\/www.organisator.ch\/sustainability\/2023-05-04\/verband-swissmechanic-empfiehlt-ja-zum-klimaschutzgesetz\/#breadcrumb","itemListElement":[{"@type":"ListItem","position":1,"name":"Home","item":"https:\/\/www.organisator.ch\/"},{"@type":"ListItem","position":2,"name":"Verband Swissmechanic empfiehlt Ja zum Klimaschutzgesetz"}]},{"@type":"WebSite","@id":"https:\/\/www.organisator.ch\/#website","url":"https:\/\/www.organisator.ch\/","name":"Organisator","description":"Kompetent. Praxisnah. Der ORGANISATOR bereitet in 10 Ausgaben pro Jahr die wesentlichen Themen f\u00fcr F\u00fchrungskr\u00e4fte von KMU auf.","publisher":{"@id":"https:\/\/www.organisator.ch\/#organization"},"potentialAction":[{"@type":"SearchAction","target":{"@type":"EntryPoint","urlTemplate":"https:\/\/www.organisator.ch\/?s={search_term_string}"},"query-input":{"@type":"PropertyValueSpecification","valueRequired":true,"valueName":"search_term_string"}}],"inLanguage":"de"},{"@type":"Organization","@id":"https:\/\/www.organisator.ch\/#organization","name":"Organisator","url":"https:\/\/www.organisator.ch\/","logo":{"@type":"ImageObject","inLanguage":"de","@id":"https:\/\/www.organisator.ch\/#\/schema\/logo\/image\/","url":"https:\/\/www.organisator.ch\/wp-content\/uploads\/2022\/01\/Logo_Organisator_Website.png","contentUrl":"https:\/\/www.organisator.ch\/wp-content\/uploads\/2022\/01\/Logo_Organisator_Website.png","width":800,"height":77,"caption":"Organisator"},"image":{"@id":"https:\/\/www.organisator.ch\/#\/schema\/logo\/image\/"},"sameAs":["https:\/\/www.facebook.com\/OrganisatorFachmagazin","https:\/\/www.linkedin.com\/showcase\/organisator-das-magazin-fr-kmu","https:\/\/www.xing.com\/news\/pages\/organisator-ch-695","https:\/\/www.youtube.com\/channel\/UCGP2Sq0iWaZwT3BdIAQFYpw"]},{"@type":"Person","@id":"https:\/\/www.organisator.ch\/#\/schema\/person\/6f650f90b2842cd4c0cc334b4e36f67e","name":"thomas.berner","image":{"@type":"ImageObject","inLanguage":"de","@id":"https:\/\/secure.gravatar.com\/avatar\/ac5001d2a36cb6c6cd3e50789007ffca834b477b74a2144564522e944eabff61?s=96&d=mm&r=g","url":"https:\/\/secure.gravatar.com\/avatar\/ac5001d2a36cb6c6cd3e50789007ffca834b477b74a2144564522e944eabff61?s=96&d=mm&r=g","contentUrl":"https:\/\/secure.gravatar.com\/avatar\/ac5001d2a36cb6c6cd3e50789007ffca834b477b74a2144564522e944eabff61?s=96&d=mm&r=g","caption":"thomas.berner"},"url":"https:\/\/www.organisator.ch\/de\/author\/thomas-berner\/"}]}},"_links":{"self":[{"href":"https:\/\/www.organisator.ch\/de\/wp-json\/wp\/v2\/posts\/20045","targetHints":{"allow":["GET"]}}],"collection":[{"href":"https:\/\/www.organisator.ch\/de\/wp-json\/wp\/v2\/posts"}],"about":[{"href":"https:\/\/www.organisator.ch\/de\/wp-json\/wp\/v2\/types\/post"}],"author":[{"embeddable":true,"href":"https:\/\/www.organisator.ch\/de\/wp-json\/wp\/v2\/users\/4"}],"replies":[{"embeddable":true,"href":"https:\/\/www.organisator.ch\/de\/wp-json\/wp\/v2\/comments?post=20045"}],"version-history":[{"count":2,"href":"https:\/\/www.organisator.ch\/de\/wp-json\/wp\/v2\/posts\/20045\/revisions"}],"predecessor-version":[{"id":20058,"href":"https:\/\/www.organisator.ch\/de\/wp-json\/wp\/v2\/posts\/20045\/revisions\/20058"}],"wp:featuredmedia":[{"embeddable":true,"href":"https:\/\/www.organisator.ch\/de\/wp-json\/wp\/v2\/media\/20049"}],"wp:attachment":[{"href":"https:\/\/www.organisator.ch\/de\/wp-json\/wp\/v2\/media?parent=20045"}],"wp:term":[{"taxonomy":"category","embeddable":true,"href":"https:\/\/www.organisator.ch\/de\/wp-json\/wp\/v2\/categories?post=20045"},{"taxonomy":"post_tag","embeddable":true,"href":"https:\/\/www.organisator.ch\/de\/wp-json\/wp\/v2\/tags?post=20045"}],"curies":[{"name":"wp","href":"https:\/\/api.w.org\/{rel}","templated":true}]}}