{"id":2007,"date":"2019-02-07T10:39:12","date_gmt":"2019-02-07T09:39:12","guid":{"rendered":"https:\/\/www.umweltperspektiven.ch\/?p=2007"},"modified":"2022-02-09T11:06:18","modified_gmt":"2022-02-09T10:06:18","slug":"siemens-praesentiert-selbstoptimierendes-gebaeude","status":"publish","type":"post","link":"https:\/\/www.organisator.ch\/de\/sustainability\/2019-02-07\/siemens-praesentiert-selbstoptimierendes-gebaeude\/","title":{"rendered":"Siemens pr\u00e4sentiert selbstoptimierendes Geb\u00e4ude"},"content":{"rendered":"<figure id=\"attachment_2008\" aria-describedby=\"caption-attachment-2008\" style=\"width: 504px\" class=\"wp-caption alignnone\"><img loading=\"lazy\" decoding=\"async\" class=\"size-full wp-image-2008\" src=\"\/\/www.umweltperspektiven.ch\/wp-content\/uploads\/2019\/02\/1504.jpg\" alt=\"\" width=\"504\" height=\"336\" \/><figcaption id=\"caption-attachment-2008\" class=\"wp-caption-text\">Siemens pr\u00e4sentiert ein smartes Geb\u00e4udemanagementsystem, welches \u00fcberall her \u00fcber die Cloud bedient wird. (Bild: Siemens)<\/figcaption><\/figure>\n<p>Die Siemens Produkte zur Geb\u00e4udesteuerung, multidisziplin\u00e4ren Geb\u00e4udemanagementsysteme und Softwareangebote aus dem breiten Angebot von Building Technologies lassen sich einfach an individuelle Anwendungen anpassen und bilden die Grundlage f\u00fcr digitalisierte Geb\u00e4ude. Als f\u00fchrendes Smart-Building-Unternehmen verwandelt Siemens Daten in praktisch umsetzbare Erkenntnisse und hilft Kunden so, besonders benutzerfreundliche und effiziente Geb\u00e4ude zu schaffen. Unter dem Motto \u00abPerfekte Orte schaffen \u2013 Creating Perfect Places\u00bb bleibt es das Ziel von Building Technologies, Geb\u00e4ude komfortabel, sicher und effizient zu machen.<\/p>\n<p><strong>Selbstoptimierendes Geb\u00e4ude<\/strong><\/p>\n<p>Mit der neuen Intelligent-Valve-Serie erg\u00e4nzt Building Technologies sein Angebot an intelligenten Ger\u00e4ten. Die selbstoptimierenden, dynamischen Ventile mit Cloud-Anbindung f\u00fcr Heizgruppen und L\u00fcftungs- und Klimaanlagen k\u00f6nnen den Betrieb optimieren und steigern die Energieeffizienz. Die Ger\u00e4te steuern den Durchfluss, messen Temperatur und Leistung und passen die Ventileinstellungen an den W\u00e4rmetauscher an.<\/p>\n<p>Die Intelligent Valves k\u00f6nnen in der Cloud konfiguriert und \u00fcber eine App und Wi-Fi schnell und fehlerfrei in Betrieb genommen werden. Die Ger\u00e4te lassen sich flexibel, unter Ber\u00fccksichtigung der Platzverh\u00e4ltnisse, montieren. Durchflussf\u00fchler, Ventil und Reglerbox k\u00f6nnen dabei getrennt angebracht werden. Dank der M\u00f6glichkeit, jederzeit zus\u00e4tzliche Funktionen aus der Cloud zu laden, bleibt das Intelligent Valve immer aktuell.<\/p>\n<p>Der Actuating DXR als Erg\u00e4nzung des erfolgreichen Desigo-Room-Automation-Portfolios vereint einen Raumregler und einen Klappenstellantrieb f\u00fcr variable Volumenstromanlagen (VVS) und Fan-Powered-Box-Anwendungen in einem Kompaktger\u00e4t. Durch Kombination der beiden Produkte werden Installationszeit und Kosten reduziert, da zwischen dem Regler und dem Klappenstellantrieb keine Verkabelung erforderlich ist und nur ein Ger\u00e4t zu montieren ist.<\/p>\n<p>In einem speziell dem Engineering gewidmeten Bereich des Messestands f\u00fchrt Building Technologies eine Reihe von Produkten, Anwendungen und Tools f\u00fcr die effiziente Projektierung, Inbetriebnahme, Berichterstellung und Wartung der hauseigenen Produkte und L\u00f6sungen vor. ABT Site ist das Engineering-Tool f\u00fcr die Geb\u00e4udeautomationssysteme von Siemens, w\u00e4hrend ABT Go als mobile Version f\u00fcr zus\u00e4tzliche Effizienz vor Ort sorgt.<\/p>\n<p>Neben den oben genannten Messe-Highlights pr\u00e4sentiert Building Technologies weitere Produktinnovationen in den Bereichen Geb\u00e4udemanagement, Raumautomation und Feldger\u00e4te. Building Information Modeling (BIM) und die Angebote f\u00fcr Planer und Architekten bilden einen weiteren Schwerpunkt des Messeauftritts.<\/p>\n<p><a href=\"\/\/www.siemens.ch\">www.siemens.ch<\/a><\/p>\n<p>&nbsp;<\/p>\n<p>&nbsp;<\/p>\n<p>&nbsp;<\/p>\n","protected":false},"excerpt":{"rendered":"<p>Die Siemens Produkte zur Geb\u00e4udesteuerung, multidisziplin\u00e4ren Geb\u00e4udemanagementsysteme und Softwareangebote aus dem breiten Angebot von Building Technologies lassen sich einfach an individuelle Anwendungen anpassen und bilden die Grundlage f\u00fcr digitalisierte Geb\u00e4ude. Als f\u00fchrendes Smart-Building-Unternehmen verwandelt Siemens Daten in praktisch umsetzbare Erkenntnisse und hilft Kunden so, besonders benutzerfreundliche und effiziente Geb\u00e4ude zu schaffen. Unter dem Motto \u00abPerfekte [&hellip;]<\/p>\n","protected":false},"author":5,"featured_media":9585,"comment_status":"open","ping_status":"open","sticky":false,"template":"","format":"standard","meta":{"_acf_changed":false,"_yoast_wpseo_focuskw":"Siemens","_yoast_wpseo_metadesc":"Siemens war an der ISH 2019, der internationalen Leitmesse f\u00fcr Geb\u00e4ude-, Energie- und Klimatechnik, wo smarte Innivationen pr\u00e4sentiert wurden.","articlekey":"","footnotes":""},"categories":[580],"tags":[882,1066,195,2132],"class_list":["post-2007","post","type-post","status-publish","format-standard","has-post-thumbnail","hentry","category-sustainability","tag-building-technologies","tag-energieeffizienz","tag-facility-management","tag-smart-technologies"],"acf":[],"yoast_head":"<!-- This site is optimized with the Yoast SEO plugin v27.4 - https:\/\/yoast.com\/product\/yoast-seo-wordpress\/ -->\n<title>Siemens pr\u00e4sentiert selbstoptimierendes Geb\u00e4ude - Organisator<\/title>\n<meta name=\"description\" content=\"Siemens war an der ISH 2019, der internationalen Leitmesse f\u00fcr Geb\u00e4ude-, Energie- und Klimatechnik, wo smarte Innivationen pr\u00e4sentiert wurden.\" \/>\n<meta name=\"robots\" content=\"index, follow, max-snippet:-1, max-image-preview:large, max-video-preview:-1\" \/>\n<link rel=\"canonical\" href=\"https:\/\/www.organisator.ch\/de\/sustainability\/2019-02-07\/siemens-praesentiert-selbstoptimierendes-gebaeude\/\" \/>\n<meta property=\"og:locale\" content=\"de_DE\" \/>\n<meta property=\"og:type\" content=\"article\" \/>\n<meta property=\"og:title\" content=\"Siemens pr\u00e4sentiert selbstoptimierendes Geb\u00e4ude - Organisator\" \/>\n<meta property=\"og:description\" content=\"Siemens war an der ISH 2019, der internationalen Leitmesse f\u00fcr Geb\u00e4ude-, Energie- und Klimatechnik, wo smarte Innivationen pr\u00e4sentiert wurden.\" \/>\n<meta property=\"og:url\" content=\"https:\/\/www.organisator.ch\/de\/sustainability\/2019-02-07\/siemens-praesentiert-selbstoptimierendes-gebaeude\/\" \/>\n<meta property=\"og:site_name\" content=\"Organisator\" \/>\n<meta property=\"article:publisher\" content=\"https:\/\/www.facebook.com\/OrganisatorFachmagazin\" \/>\n<meta property=\"article:published_time\" content=\"2019-02-07T09:39:12+00:00\" \/>\n<meta property=\"article:modified_time\" content=\"2022-02-09T10:06:18+00:00\" \/>\n<meta property=\"og:image\" content=\"https:\/\/www.organisator.ch\/wp-content\/uploads\/2019\/02\/1504.jpg\" \/>\n\t<meta property=\"og:image:width\" content=\"504\" \/>\n\t<meta property=\"og:image:height\" content=\"336\" \/>\n\t<meta property=\"og:image:type\" content=\"image\/jpeg\" \/>\n<meta name=\"author\" content=\"michael.merz\" \/>\n<meta name=\"twitter:card\" content=\"summary_large_image\" \/>\n<script type=\"application\/ld+json\" class=\"yoast-schema-graph\">{\"@context\":\"https:\\\/\\\/schema.org\",\"@graph\":[{\"@type\":\"Article\",\"@id\":\"https:\\\/\\\/www.organisator.ch\\\/sustainability\\\/2019-02-07\\\/siemens-praesentiert-selbstoptimierendes-gebaeude\\\/#article\",\"isPartOf\":{\"@id\":\"https:\\\/\\\/www.organisator.ch\\\/sustainability\\\/2019-02-07\\\/siemens-praesentiert-selbstoptimierendes-gebaeude\\\/\"},\"author\":{\"name\":\"michael.merz\",\"@id\":\"https:\\\/\\\/www.organisator.ch\\\/#\\\/schema\\\/person\\\/134708ca9321c57b0362cceb7948ffbd\"},\"headline\":\"Siemens pr\u00e4sentiert selbstoptimierendes Geb\u00e4ude\",\"datePublished\":\"2019-02-07T09:39:12+00:00\",\"dateModified\":\"2022-02-09T10:06:18+00:00\",\"mainEntityOfPage\":{\"@id\":\"https:\\\/\\\/www.organisator.ch\\\/sustainability\\\/2019-02-07\\\/siemens-praesentiert-selbstoptimierendes-gebaeude\\\/\"},\"wordCount\":398,\"commentCount\":0,\"publisher\":{\"@id\":\"https:\\\/\\\/www.organisator.ch\\\/#organization\"},\"image\":{\"@id\":\"https:\\\/\\\/www.organisator.ch\\\/sustainability\\\/2019-02-07\\\/siemens-praesentiert-selbstoptimierendes-gebaeude\\\/#primaryimage\"},\"thumbnailUrl\":\"https:\\\/\\\/www.organisator.ch\\\/wp-content\\\/uploads\\\/2019\\\/02\\\/1504.jpg\",\"keywords\":[\"Building Technologies\",\"Energieeffizienz\",\"Facility Management\",\"Smart Technologies\"],\"articleSection\":[\"SUSTAINABILITY\"],\"inLanguage\":\"de\"},{\"@type\":\"WebPage\",\"@id\":\"https:\\\/\\\/www.organisator.ch\\\/sustainability\\\/2019-02-07\\\/siemens-praesentiert-selbstoptimierendes-gebaeude\\\/\",\"url\":\"https:\\\/\\\/www.organisator.ch\\\/sustainability\\\/2019-02-07\\\/siemens-praesentiert-selbstoptimierendes-gebaeude\\\/\",\"name\":\"Siemens pr\u00e4sentiert selbstoptimierendes Geb\u00e4ude - Organisator\",\"isPartOf\":{\"@id\":\"https:\\\/\\\/www.organisator.ch\\\/#website\"},\"primaryImageOfPage\":{\"@id\":\"https:\\\/\\\/www.organisator.ch\\\/sustainability\\\/2019-02-07\\\/siemens-praesentiert-selbstoptimierendes-gebaeude\\\/#primaryimage\"},\"image\":{\"@id\":\"https:\\\/\\\/www.organisator.ch\\\/sustainability\\\/2019-02-07\\\/siemens-praesentiert-selbstoptimierendes-gebaeude\\\/#primaryimage\"},\"thumbnailUrl\":\"https:\\\/\\\/www.organisator.ch\\\/wp-content\\\/uploads\\\/2019\\\/02\\\/1504.jpg\",\"datePublished\":\"2019-02-07T09:39:12+00:00\",\"dateModified\":\"2022-02-09T10:06:18+00:00\",\"description\":\"Siemens war an der ISH 2019, der internationalen Leitmesse f\u00fcr Geb\u00e4ude-, Energie- und Klimatechnik, wo smarte Innivationen pr\u00e4sentiert wurden.\",\"breadcrumb\":{\"@id\":\"https:\\\/\\\/www.organisator.ch\\\/sustainability\\\/2019-02-07\\\/siemens-praesentiert-selbstoptimierendes-gebaeude\\\/#breadcrumb\"},\"inLanguage\":\"de\",\"potentialAction\":[{\"@type\":\"ReadAction\",\"target\":[\"https:\\\/\\\/www.organisator.ch\\\/sustainability\\\/2019-02-07\\\/siemens-praesentiert-selbstoptimierendes-gebaeude\\\/\"]}]},{\"@type\":\"ImageObject\",\"inLanguage\":\"de\",\"@id\":\"https:\\\/\\\/www.organisator.ch\\\/sustainability\\\/2019-02-07\\\/siemens-praesentiert-selbstoptimierendes-gebaeude\\\/#primaryimage\",\"url\":\"https:\\\/\\\/www.organisator.ch\\\/wp-content\\\/uploads\\\/2019\\\/02\\\/1504.jpg\",\"contentUrl\":\"https:\\\/\\\/www.organisator.ch\\\/wp-content\\\/uploads\\\/2019\\\/02\\\/1504.jpg\",\"width\":504,\"height\":336,\"caption\":\"Siemens pr\u00e4sentiert ein smartes Geb\u00e4ude f\u00fcr Produkt- und Geb\u00e4udemanagementsysteme, die \u00fcberall her an der Cloud bedient werden k\u00f6nnen. (Bild: Siemens)\"},{\"@type\":\"BreadcrumbList\",\"@id\":\"https:\\\/\\\/www.organisator.ch\\\/sustainability\\\/2019-02-07\\\/siemens-praesentiert-selbstoptimierendes-gebaeude\\\/#breadcrumb\",\"itemListElement\":[{\"@type\":\"ListItem\",\"position\":1,\"name\":\"Home\",\"item\":\"https:\\\/\\\/www.organisator.ch\\\/\"},{\"@type\":\"ListItem\",\"position\":2,\"name\":\"Siemens pr\u00e4sentiert selbstoptimierendes Geb\u00e4ude\"}]},{\"@type\":\"WebSite\",\"@id\":\"https:\\\/\\\/www.organisator.ch\\\/#website\",\"url\":\"https:\\\/\\\/www.organisator.ch\\\/\",\"name\":\"Organisator\",\"description\":\"Kompetent. Praxisnah. Der ORGANISATOR bereitet in 10 Ausgaben pro Jahr die wesentlichen Themen f\u00fcr F\u00fchrungskr\u00e4fte von KMU auf.\",\"publisher\":{\"@id\":\"https:\\\/\\\/www.organisator.ch\\\/#organization\"},\"potentialAction\":[{\"@type\":\"SearchAction\",\"target\":{\"@type\":\"EntryPoint\",\"urlTemplate\":\"https:\\\/\\\/www.organisator.ch\\\/?s={search_term_string}\"},\"query-input\":{\"@type\":\"PropertyValueSpecification\",\"valueRequired\":true,\"valueName\":\"search_term_string\"}}],\"inLanguage\":\"de\"},{\"@type\":\"Organization\",\"@id\":\"https:\\\/\\\/www.organisator.ch\\\/#organization\",\"name\":\"Organisator\",\"url\":\"https:\\\/\\\/www.organisator.ch\\\/\",\"logo\":{\"@type\":\"ImageObject\",\"inLanguage\":\"de\",\"@id\":\"https:\\\/\\\/www.organisator.ch\\\/#\\\/schema\\\/logo\\\/image\\\/\",\"url\":\"https:\\\/\\\/www.organisator.ch\\\/wp-content\\\/uploads\\\/2022\\\/01\\\/Logo_Organisator_Website.png\",\"contentUrl\":\"https:\\\/\\\/www.organisator.ch\\\/wp-content\\\/uploads\\\/2022\\\/01\\\/Logo_Organisator_Website.png\",\"width\":800,\"height\":77,\"caption\":\"Organisator\"},\"image\":{\"@id\":\"https:\\\/\\\/www.organisator.ch\\\/#\\\/schema\\\/logo\\\/image\\\/\"},\"sameAs\":[\"https:\\\/\\\/www.facebook.com\\\/OrganisatorFachmagazin\",\"https:\\\/\\\/www.linkedin.com\\\/showcase\\\/organisator-das-magazin-fr-kmu\",\"https:\\\/\\\/www.xing.com\\\/news\\\/pages\\\/organisator-ch-695\",\"https:\\\/\\\/www.youtube.com\\\/channel\\\/UCGP2Sq0iWaZwT3BdIAQFYpw\"]},{\"@type\":\"Person\",\"@id\":\"https:\\\/\\\/www.organisator.ch\\\/#\\\/schema\\\/person\\\/134708ca9321c57b0362cceb7948ffbd\",\"name\":\"michael.merz\",\"image\":{\"@type\":\"ImageObject\",\"inLanguage\":\"de\",\"@id\":\"https:\\\/\\\/secure.gravatar.com\\\/avatar\\\/?s=96&d=mm&r=g\",\"url\":\"https:\\\/\\\/secure.gravatar.com\\\/avatar\\\/?s=96&d=mm&r=g\",\"contentUrl\":\"https:\\\/\\\/secure.gravatar.com\\\/avatar\\\/?s=96&d=mm&r=g\",\"caption\":\"michael.merz\"},\"url\":\"https:\\\/\\\/www.organisator.ch\\\/de\\\/author\\\/michael-merz\\\/\"}]}<\/script>\n<!-- \/ Yoast SEO plugin. -->","yoast_head_json":{"title":"Siemens pr\u00e4sentiert selbstoptimierendes Geb\u00e4ude - Organisator","description":"Siemens war an der ISH 2019, der internationalen Leitmesse f\u00fcr Geb\u00e4ude-, Energie- und Klimatechnik, wo smarte Innivationen pr\u00e4sentiert wurden.","robots":{"index":"index","follow":"follow","max-snippet":"max-snippet:-1","max-image-preview":"max-image-preview:large","max-video-preview":"max-video-preview:-1"},"canonical":"https:\/\/www.organisator.ch\/de\/sustainability\/2019-02-07\/siemens-praesentiert-selbstoptimierendes-gebaeude\/","og_locale":"de_DE","og_type":"article","og_title":"Siemens pr\u00e4sentiert selbstoptimierendes Geb\u00e4ude - Organisator","og_description":"Siemens war an der ISH 2019, der internationalen Leitmesse f\u00fcr Geb\u00e4ude-, Energie- und Klimatechnik, wo smarte Innivationen pr\u00e4sentiert wurden.","og_url":"https:\/\/www.organisator.ch\/de\/sustainability\/2019-02-07\/siemens-praesentiert-selbstoptimierendes-gebaeude\/","og_site_name":"Organisator","article_publisher":"https:\/\/www.facebook.com\/OrganisatorFachmagazin","article_published_time":"2019-02-07T09:39:12+00:00","article_modified_time":"2022-02-09T10:06:18+00:00","og_image":[{"width":504,"height":336,"url":"https:\/\/www.organisator.ch\/wp-content\/uploads\/2019\/02\/1504.jpg","type":"image\/jpeg"}],"author":"michael.merz","twitter_card":"summary_large_image","schema":{"@context":"https:\/\/schema.org","@graph":[{"@type":"Article","@id":"https:\/\/www.organisator.ch\/sustainability\/2019-02-07\/siemens-praesentiert-selbstoptimierendes-gebaeude\/#article","isPartOf":{"@id":"https:\/\/www.organisator.ch\/sustainability\/2019-02-07\/siemens-praesentiert-selbstoptimierendes-gebaeude\/"},"author":{"name":"michael.merz","@id":"https:\/\/www.organisator.ch\/#\/schema\/person\/134708ca9321c57b0362cceb7948ffbd"},"headline":"Siemens pr\u00e4sentiert selbstoptimierendes Geb\u00e4ude","datePublished":"2019-02-07T09:39:12+00:00","dateModified":"2022-02-09T10:06:18+00:00","mainEntityOfPage":{"@id":"https:\/\/www.organisator.ch\/sustainability\/2019-02-07\/siemens-praesentiert-selbstoptimierendes-gebaeude\/"},"wordCount":398,"commentCount":0,"publisher":{"@id":"https:\/\/www.organisator.ch\/#organization"},"image":{"@id":"https:\/\/www.organisator.ch\/sustainability\/2019-02-07\/siemens-praesentiert-selbstoptimierendes-gebaeude\/#primaryimage"},"thumbnailUrl":"https:\/\/www.organisator.ch\/wp-content\/uploads\/2019\/02\/1504.jpg","keywords":["Building Technologies","Energieeffizienz","Facility Management","Smart Technologies"],"articleSection":["SUSTAINABILITY"],"inLanguage":"de"},{"@type":"WebPage","@id":"https:\/\/www.organisator.ch\/sustainability\/2019-02-07\/siemens-praesentiert-selbstoptimierendes-gebaeude\/","url":"https:\/\/www.organisator.ch\/sustainability\/2019-02-07\/siemens-praesentiert-selbstoptimierendes-gebaeude\/","name":"Siemens pr\u00e4sentiert selbstoptimierendes Geb\u00e4ude - Organisator","isPartOf":{"@id":"https:\/\/www.organisator.ch\/#website"},"primaryImageOfPage":{"@id":"https:\/\/www.organisator.ch\/sustainability\/2019-02-07\/siemens-praesentiert-selbstoptimierendes-gebaeude\/#primaryimage"},"image":{"@id":"https:\/\/www.organisator.ch\/sustainability\/2019-02-07\/siemens-praesentiert-selbstoptimierendes-gebaeude\/#primaryimage"},"thumbnailUrl":"https:\/\/www.organisator.ch\/wp-content\/uploads\/2019\/02\/1504.jpg","datePublished":"2019-02-07T09:39:12+00:00","dateModified":"2022-02-09T10:06:18+00:00","description":"Siemens war an der ISH 2019, der internationalen Leitmesse f\u00fcr Geb\u00e4ude-, Energie- und Klimatechnik, wo smarte Innivationen pr\u00e4sentiert wurden.","breadcrumb":{"@id":"https:\/\/www.organisator.ch\/sustainability\/2019-02-07\/siemens-praesentiert-selbstoptimierendes-gebaeude\/#breadcrumb"},"inLanguage":"de","potentialAction":[{"@type":"ReadAction","target":["https:\/\/www.organisator.ch\/sustainability\/2019-02-07\/siemens-praesentiert-selbstoptimierendes-gebaeude\/"]}]},{"@type":"ImageObject","inLanguage":"de","@id":"https:\/\/www.organisator.ch\/sustainability\/2019-02-07\/siemens-praesentiert-selbstoptimierendes-gebaeude\/#primaryimage","url":"https:\/\/www.organisator.ch\/wp-content\/uploads\/2019\/02\/1504.jpg","contentUrl":"https:\/\/www.organisator.ch\/wp-content\/uploads\/2019\/02\/1504.jpg","width":504,"height":336,"caption":"Siemens pr\u00e4sentiert ein smartes Geb\u00e4ude f\u00fcr Produkt- und Geb\u00e4udemanagementsysteme, die \u00fcberall her an der Cloud bedient werden k\u00f6nnen. (Bild: Siemens)"},{"@type":"BreadcrumbList","@id":"https:\/\/www.organisator.ch\/sustainability\/2019-02-07\/siemens-praesentiert-selbstoptimierendes-gebaeude\/#breadcrumb","itemListElement":[{"@type":"ListItem","position":1,"name":"Home","item":"https:\/\/www.organisator.ch\/"},{"@type":"ListItem","position":2,"name":"Siemens pr\u00e4sentiert selbstoptimierendes Geb\u00e4ude"}]},{"@type":"WebSite","@id":"https:\/\/www.organisator.ch\/#website","url":"https:\/\/www.organisator.ch\/","name":"Organisator","description":"Kompetent. Praxisnah. Der ORGANISATOR bereitet in 10 Ausgaben pro Jahr die wesentlichen Themen f\u00fcr F\u00fchrungskr\u00e4fte von KMU auf.","publisher":{"@id":"https:\/\/www.organisator.ch\/#organization"},"potentialAction":[{"@type":"SearchAction","target":{"@type":"EntryPoint","urlTemplate":"https:\/\/www.organisator.ch\/?s={search_term_string}"},"query-input":{"@type":"PropertyValueSpecification","valueRequired":true,"valueName":"search_term_string"}}],"inLanguage":"de"},{"@type":"Organization","@id":"https:\/\/www.organisator.ch\/#organization","name":"Organisator","url":"https:\/\/www.organisator.ch\/","logo":{"@type":"ImageObject","inLanguage":"de","@id":"https:\/\/www.organisator.ch\/#\/schema\/logo\/image\/","url":"https:\/\/www.organisator.ch\/wp-content\/uploads\/2022\/01\/Logo_Organisator_Website.png","contentUrl":"https:\/\/www.organisator.ch\/wp-content\/uploads\/2022\/01\/Logo_Organisator_Website.png","width":800,"height":77,"caption":"Organisator"},"image":{"@id":"https:\/\/www.organisator.ch\/#\/schema\/logo\/image\/"},"sameAs":["https:\/\/www.facebook.com\/OrganisatorFachmagazin","https:\/\/www.linkedin.com\/showcase\/organisator-das-magazin-fr-kmu","https:\/\/www.xing.com\/news\/pages\/organisator-ch-695","https:\/\/www.youtube.com\/channel\/UCGP2Sq0iWaZwT3BdIAQFYpw"]},{"@type":"Person","@id":"https:\/\/www.organisator.ch\/#\/schema\/person\/134708ca9321c57b0362cceb7948ffbd","name":"michael.merz","image":{"@type":"ImageObject","inLanguage":"de","@id":"https:\/\/secure.gravatar.com\/avatar\/?s=96&d=mm&r=g","url":"https:\/\/secure.gravatar.com\/avatar\/?s=96&d=mm&r=g","contentUrl":"https:\/\/secure.gravatar.com\/avatar\/?s=96&d=mm&r=g","caption":"michael.merz"},"url":"https:\/\/www.organisator.ch\/de\/author\/michael-merz\/"}]}},"_links":{"self":[{"href":"https:\/\/www.organisator.ch\/de\/wp-json\/wp\/v2\/posts\/2007","targetHints":{"allow":["GET"]}}],"collection":[{"href":"https:\/\/www.organisator.ch\/de\/wp-json\/wp\/v2\/posts"}],"about":[{"href":"https:\/\/www.organisator.ch\/de\/wp-json\/wp\/v2\/types\/post"}],"author":[{"embeddable":true,"href":"https:\/\/www.organisator.ch\/de\/wp-json\/wp\/v2\/users\/5"}],"replies":[{"embeddable":true,"href":"https:\/\/www.organisator.ch\/de\/wp-json\/wp\/v2\/comments?post=2007"}],"version-history":[{"count":1,"href":"https:\/\/www.organisator.ch\/de\/wp-json\/wp\/v2\/posts\/2007\/revisions"}],"predecessor-version":[{"id":10561,"href":"https:\/\/www.organisator.ch\/de\/wp-json\/wp\/v2\/posts\/2007\/revisions\/10561"}],"wp:featuredmedia":[{"embeddable":true,"href":"https:\/\/www.organisator.ch\/de\/wp-json\/wp\/v2\/media\/9585"}],"wp:attachment":[{"href":"https:\/\/www.organisator.ch\/de\/wp-json\/wp\/v2\/media?parent=2007"}],"wp:term":[{"taxonomy":"category","embeddable":true,"href":"https:\/\/www.organisator.ch\/de\/wp-json\/wp\/v2\/categories?post=2007"},{"taxonomy":"post_tag","embeddable":true,"href":"https:\/\/www.organisator.ch\/de\/wp-json\/wp\/v2\/tags?post=2007"}],"curies":[{"name":"wp","href":"https:\/\/api.w.org\/{rel}","templated":true}]}}