{"id":20076,"date":"2023-05-08T08:02:41","date_gmt":"2023-05-08T06:02:41","guid":{"rendered":"https:\/\/www.organisator.ch\/?p=20076"},"modified":"2023-05-23T13:20:18","modified_gmt":"2023-05-23T11:20:18","slug":"38-zuercher-logistik-kolloquium-erfolge-aus-der-praxis","status":"publish","type":"post","link":"https:\/\/www.organisator.ch\/de\/management\/2023-05-08\/38-zuercher-logistik-kolloquium-erfolge-aus-der-praxis\/","title":{"rendered":"38. Z\u00fcrcher Logistik-Kolloquium: Erfolge aus der Praxis"},"content":{"rendered":"<figure id=\"attachment_20080\" aria-describedby=\"caption-attachment-20080\" style=\"width: 680px\" class=\"wp-caption alignnone\"><img loading=\"lazy\" decoding=\"async\" class=\"size-full wp-image-20080\" src=\"https:\/\/www.organisator.ch\/wp-content\/uploads\/2023\/05\/38.-Zuercher-Logistik-Kolloquium-Erfolge-aus-der-Praxis_Organisator.jpg\" alt=\"\" width=\"680\" height=\"417\" srcset=\"https:\/\/www.organisator.ch\/wp-content\/uploads\/2023\/05\/38.-Zuercher-Logistik-Kolloquium-Erfolge-aus-der-Praxis_Organisator.jpg 680w, https:\/\/www.organisator.ch\/wp-content\/uploads\/2023\/05\/38.-Zuercher-Logistik-Kolloquium-Erfolge-aus-der-Praxis_Organisator-18x12.jpg 18w, https:\/\/www.organisator.ch\/wp-content\/uploads\/2023\/05\/38.-Zuercher-Logistik-Kolloquium-Erfolge-aus-der-Praxis_Organisator-375x230.jpg 375w, https:\/\/www.organisator.ch\/wp-content\/uploads\/2023\/05\/38.-Zuercher-Logistik-Kolloquium-Erfolge-aus-der-Praxis_Organisator-571x350.jpg 571w\" sizes=\"auto, (max-width: 680px) 100vw, 680px\" \/><figcaption id=\"caption-attachment-20080\" class=\"wp-caption-text\">Jedes Jahr im Fr\u00fchling findet das traditionelle Z\u00fcrcher Logistik-Kolloquium statt. Bei diesem Anlass stellen jeweils drei oder mehr Manager der Schweizer Wirtschaft ihre Leuchtturmprojekte vor. (Bild: Dr. Ac\u00e9l &amp; Partner)<\/figcaption><\/figure>\n<p>Das Z\u00fcrcher Logistik-Kolloquium im Dozentenfoyer der ETH Z\u00fcrich war wieder ein voller Erfolg. Rund 70 G\u00e4ste aus Industrie und Wirtschaft nutzten am Dienstag, 2. Mai 2023, die Gelegenheit f\u00fcr einen regen Gedankenaustausch im Verlauf der drei inspirierenden Referate.<\/p>\n<h3>Modernisiertes Logistikzentrum vorgestellt<\/h3>\n<p>Den Anfang machte Herr Dr. Jean Philippe Burkhalter, Leiter Operations (COO) und Mitglied der Gesch\u00e4ftsleitung der Elektro-Material AG in Z\u00fcrich, der unter dem Titel \u00abLogistikzentrum \u2013 Neue Massst\u00e4be\u00bb ihr modernisiertes Logistikzentrum vorstellte.<\/p>\n<p>Zu Beginn betonte Dr. Burkhalter die Unabdingbarkeit des nachhaltigen und verantwortungsvollen Handelns in der gesamten Wertsch\u00f6pfungskette jedes Unternehmens. Dies bildete die Basis bei der Entwicklung der eigenen L\u00f6sungskonzepte, bei der die EM eine sogenannte \u00abUrban Areas Strategy\u00bb anwandte. Das bedeutet, die Firma verf\u00fcgt \u00fcber kein Zentrallager, sondern \u00fcber neun Niederlassungen an f\u00fcr die Kundenn\u00e4he optimal platzierten Standorten. Zus\u00e4tzlich wird die Kundenbindung \u00fcber digitale Channels, pers\u00f6nliche Beratung in den EM-Shops sowie durch kundenzentrierte Dienstleistungen gefestigt.<\/p>\n<p>In diesem Zusammenhang stellte Dr. Burkhalter das \u00abmovEM\u00bb Projekt vor, bei dem in Zusammenarbeit mit der Dr. Ac\u00e9l &amp; Partner AG ein wegweisendes Logistikzentrum entwickelt wurde. Die Geb\u00e4udeplanung folgte dem Grundsatz \u00abShape Follows Function\u00bb, sodass fast alle Logistik-Aktivit\u00e4ten prozessorientiert im Erdgeschoss Platz finden. Die hohe Automatisierung steigert zus\u00e4tzlich die Effizienz in der Logistik. Die umgesetzte L\u00f6sung ist wegweisend f\u00fcr die Schweiz.<\/p>\n<h3>Auch Strom braucht Logistik<\/h3>\n<p>\u00abStromversorgung: Eine logistische Aufgabe?\u00bb stellte Herr Dr. Maurus Bachmann, Gesch\u00e4ftsf\u00fchrer Verein Smart Grid Schweiz (VSGS) und Swisseldex, als Frage seinem Vortrag voran. Obwohl die Stromversorgung selten so wahrgenommen wird, geh\u00f6rt sie zur High-End-Logistik. Was das Stromnetz heute an logistischer Leistung vollbringt, gilt f\u00fcr viele andere Unternehmungen als anzustrebendes Fernziel. Heute liegt seine Verf\u00fcgbarkeit bei 99.996 %.<\/p>\n<p>Die Herausforderung bei der Stromversorgung besteht vor allem in der \u00abKommissionierung\u00bb der Spannung und in der Unm\u00f6glichkeit, Strom zu \u00ablagern\u00bb. Das heisst, die Stromversorgung ben\u00f6tigt eine perfekt abgestimmte Logistik. In Echtzeit gesteuert, muss stets die richtige Menge und Spannung bereitstehen.<\/p>\n<p>Die Produktion muss also permanent \u00f6rtlich sowie zeitlich auf den Verbrauch abgestimmt werden. Dies ist eine komplexe Aufgabe: Welche Rahmenbedingungen gelten bei der Produktion, wie ver\u00e4ndert sich der Verbrauch, was leisten die Stromnetze, welche lokalen Nutzungsmodelle bestehen und wie ist mit der enormen Herausforderung der Saisonverl\u00e4ufe umzugehen?<\/p>\n<p>Dr. Bachmann unterstrich am Z\u00fcrcher Logistik-Kolloquium, dass f\u00fcr das Verteilnetz der Zukunft die Gesamtsicht \u00fcber die Stromversorgung von Produktion bis Verbrauch zentral ist. F\u00fcr diese Planung sind kurz-, mittel- und langfristige Konzepte notwendig. Aber auch beim Verbraucher muss sich insbesondere bzgl. E-Mobilit\u00e4t ein neues Bewusstsein und Anpassungsverm\u00f6gen etablieren.<\/p>\n<p>Zusammenfassend sieht Dr. Bachmann die gr\u00f6ssten Herausforderungen f\u00fcr die Logistik der Stromversorgung bei der saisonalen Speicherung, der Integration der Photovoltaik und im Mangel eines eindeutig gesetzten Fokus.<\/p>\n<h3>Entsorgungslogistik beim Grossprojekt \u00abStuttgart 21\u00bb<\/h3>\n<p>Abschliessend pr\u00e4sentierte Herr Dipl. Ing. Wolf-Dieter Tigges, Leiter Technik S-Bahn Frankfurt-Friedberg \/ Gateway-Gardens, DB Netz AG, das Grossprojekt der Deutschen Bahn mit Fokus auf die Entsorgungslogistik \u00abStuttgart 21: Herausforderungen an die Entsorgungs-Logistik\u00bb. Stuttgart 21 f\u00fcgt sich als Knotenpunkt ins Projekt \u00abStuttgart-Ulm\u00bb ein, welches auf den Ausbau des transeurop\u00e4ischen Verkehrsnetzes auf der zentralen West-Ost-Achse zur Optimierung des Personen- und G\u00fcterverkehrs abzielt.<\/p>\n<p>Das Riesenprojekt der Deutschen Bahn hat mit eher ungew\u00f6hnlichen logistischen Anforderungen zu tun. Beim Umbau des Stuttgarter Hauptbahnhofs in einen unterirdischen Durchgangsbahnhof, der um 90 Grad zur heutigen Lage gedreht werden soll, sind neue L\u00f6sungen nicht nur f\u00fcr die Entsorgung des anfallenden Ausbruchs notwendig. Aufgrund der aussergew\u00f6hnlichen Lage mitten in der Stadt m\u00fcssen auch Bel\u00e4stigungen durch L\u00e4rm, Ersch\u00fctterungen, Staub, Schmutz und Licht m\u00f6glichst reduziert werden. Neue L\u00f6sungen l\u00f6sen diese Herausforderungen. F\u00fcr Stuttgart 21 wurde ein neues Baustrassensystem eingerichtet, sodass der \u00f6ffentliche Strassenverkehr durch den Bau nicht beeintr\u00e4chtigt wird. Die Entsorgung kann zu 98% \u00fcber den Schienenverkehr oder LKWs stattfinden, der Ausbruch kann dank eines elektronischen Abfallnachweisverfahrens l\u00fcckenlos kontrolliert werden, neue Technologien werden gegen die Immissionsbelastung eingesetzt. Als besonderen Erfolg hob Herr Tigges die Entwicklung eines neuen intermodal einsetzbaren Transportbeh\u00e4lters hervor. Der zusammen mit Schmitz Cargobull entwickelte Spezialcontainer erm\u00f6glicht einen effizienten und sicheren Ablauf beim Sch\u00fcttgutumschlag.<\/p>\n<p><em>Quelle und weitere Informationen: <a href=\"http:\/\/www.acel.ch\">Dr. Ac\u00e9l &amp; Partner<\/a><\/em><\/p>\n","protected":false},"excerpt":{"rendered":"<p>Die Logistik stellt sich neuen Herausforderungen \u2013 auch in neuen Gebieten. Das zeigt das 38. Z\u00fcrcher Logistik-Kolloquium, durchgef\u00fchrt von Dr. Ac\u00e9l &#038; Partner AG in Zusammenarbeit mit der ETH Z\u00fcrich, Institut f\u00fcr Werkzeugmaschinen und Fertigung IWF mit seinen Leuchtturmprojekten \u00abBuilding the Future\u00bb. <\/p>\n","protected":false},"author":4,"featured_media":20080,"comment_status":"closed","ping_status":"closed","sticky":false,"template":"","format":"standard","meta":{"_acf_changed":false,"_yoast_wpseo_focuskw":"Z\u00fcrcher Logistik-Kolloquium","_yoast_wpseo_metadesc":"Die Logistik stellt sich neuen Herausforderungen \u2013 auch in neuen Gebieten. Das zeigte das 38. Z\u00fcrcher Logistik-Kolloquium am 2. Mai 2023.","articlekey":"","footnotes":""},"categories":[28],"tags":[193,328,358],"class_list":["post-20076","post","type-post","status-publish","format-standard","has-post-thumbnail","hentry","category-management","tag-fachkongressfachmesse","tag-logistik","tag-nachhaltige-wirtschaft"],"acf":[],"yoast_head":"<!-- This site is optimized with the Yoast SEO plugin v27.5 - https:\/\/yoast.com\/product\/yoast-seo-wordpress\/ -->\n<title>38. Z\u00fcrcher Logistik-Kolloquium: Erfolge aus der Praxis - Organisator<\/title>\n<meta name=\"description\" content=\"Die Logistik stellt sich neuen Herausforderungen \u2013 auch in neuen Gebieten. Das zeigte das 38. Z\u00fcrcher Logistik-Kolloquium am 2. Mai 2023.\" \/>\n<meta name=\"robots\" content=\"index, follow, max-snippet:-1, max-image-preview:large, max-video-preview:-1\" \/>\n<link rel=\"canonical\" href=\"https:\/\/www.organisator.ch\/de\/management\/2023-05-08\/38-zuercher-logistik-kolloquium-erfolge-aus-der-praxis\/\" \/>\n<meta property=\"og:locale\" content=\"de_DE\" \/>\n<meta property=\"og:type\" content=\"article\" \/>\n<meta property=\"og:title\" content=\"38. Z\u00fcrcher Logistik-Kolloquium: Erfolge aus der Praxis\" \/>\n<meta property=\"og:description\" content=\"Die Logistik stellt sich neuen Herausforderungen \u2013 auch in neuen Gebieten. Das zeigte das 38. Z\u00fcrcher Logistik-Kolloquium am 2. Mai 2023.\" \/>\n<meta property=\"og:url\" content=\"https:\/\/www.organisator.ch\/de\/management\/2023-05-08\/38-zuercher-logistik-kolloquium-erfolge-aus-der-praxis\/\" \/>\n<meta property=\"og:site_name\" content=\"Organisator\" \/>\n<meta property=\"article:publisher\" content=\"https:\/\/www.facebook.com\/OrganisatorFachmagazin\" \/>\n<meta property=\"article:published_time\" content=\"2023-05-08T06:02:41+00:00\" \/>\n<meta property=\"article:modified_time\" content=\"2023-05-23T11:20:18+00:00\" \/>\n<meta property=\"og:image\" content=\"https:\/\/www.organisator.ch\/wp-content\/uploads\/2023\/05\/38.-Zuercher-Logistik-Kolloquium-Erfolge-aus-der-Praxis_Organisator.jpg\" \/>\n\t<meta property=\"og:image:width\" content=\"680\" \/>\n\t<meta property=\"og:image:height\" content=\"417\" \/>\n\t<meta property=\"og:image:type\" content=\"image\/jpeg\" \/>\n<meta name=\"author\" content=\"thomas.berner\" \/>\n<meta name=\"twitter:card\" content=\"summary_large_image\" \/>\n<meta name=\"twitter:title\" content=\"38. Z\u00fcrcher #Logistik-Kolloquium: #Erfolge aus der Praxis\" \/>\n<meta name=\"twitter:description\" content=\"Die #Logistik stellt sich neuen Herausforderungen \u2013 auch in neuen Gebieten. Das zeigte das 38. Z\u00fcrcher #Logistik-Kolloquium am 2. Mai 2023.\" \/>\n<meta name=\"twitter:image\" content=\"https:\/\/www.organisator.ch\/wp-content\/uploads\/2023\/05\/38.-Zuercher-Logistik-Kolloquium-Erfolge-aus-der-Praxis_Organisator.jpg\" \/>\n<script type=\"application\/ld+json\" class=\"yoast-schema-graph\">{\"@context\":\"https:\\\/\\\/schema.org\",\"@graph\":[{\"@type\":\"Article\",\"@id\":\"https:\\\/\\\/www.organisator.ch\\\/management\\\/2023-05-08\\\/38-zuercher-logistik-kolloquium-erfolge-aus-der-praxis\\\/#article\",\"isPartOf\":{\"@id\":\"https:\\\/\\\/www.organisator.ch\\\/management\\\/2023-05-08\\\/38-zuercher-logistik-kolloquium-erfolge-aus-der-praxis\\\/\"},\"author\":{\"name\":\"thomas.berner\",\"@id\":\"https:\\\/\\\/www.organisator.ch\\\/#\\\/schema\\\/person\\\/6f650f90b2842cd4c0cc334b4e36f67e\"},\"headline\":\"38. Z\u00fcrcher Logistik-Kolloquium: Erfolge aus der Praxis\",\"datePublished\":\"2023-05-08T06:02:41+00:00\",\"dateModified\":\"2023-05-23T11:20:18+00:00\",\"mainEntityOfPage\":{\"@id\":\"https:\\\/\\\/www.organisator.ch\\\/management\\\/2023-05-08\\\/38-zuercher-logistik-kolloquium-erfolge-aus-der-praxis\\\/\"},\"wordCount\":740,\"publisher\":{\"@id\":\"https:\\\/\\\/www.organisator.ch\\\/#organization\"},\"image\":{\"@id\":\"https:\\\/\\\/www.organisator.ch\\\/management\\\/2023-05-08\\\/38-zuercher-logistik-kolloquium-erfolge-aus-der-praxis\\\/#primaryimage\"},\"thumbnailUrl\":\"https:\\\/\\\/www.organisator.ch\\\/wp-content\\\/uploads\\\/2023\\\/05\\\/38.-Zuercher-Logistik-Kolloquium-Erfolge-aus-der-Praxis_Organisator.jpg\",\"keywords\":[\"Fachkongress\\\/Fachmesse\",\"Logistik\",\"Nachhaltige Wirtschaft\"],\"articleSection\":[\"MANAGEMENT\"],\"inLanguage\":\"de\"},{\"@type\":\"WebPage\",\"@id\":\"https:\\\/\\\/www.organisator.ch\\\/management\\\/2023-05-08\\\/38-zuercher-logistik-kolloquium-erfolge-aus-der-praxis\\\/\",\"url\":\"https:\\\/\\\/www.organisator.ch\\\/management\\\/2023-05-08\\\/38-zuercher-logistik-kolloquium-erfolge-aus-der-praxis\\\/\",\"name\":\"38. Z\u00fcrcher Logistik-Kolloquium: Erfolge aus der Praxis - Organisator\",\"isPartOf\":{\"@id\":\"https:\\\/\\\/www.organisator.ch\\\/#website\"},\"primaryImageOfPage\":{\"@id\":\"https:\\\/\\\/www.organisator.ch\\\/management\\\/2023-05-08\\\/38-zuercher-logistik-kolloquium-erfolge-aus-der-praxis\\\/#primaryimage\"},\"image\":{\"@id\":\"https:\\\/\\\/www.organisator.ch\\\/management\\\/2023-05-08\\\/38-zuercher-logistik-kolloquium-erfolge-aus-der-praxis\\\/#primaryimage\"},\"thumbnailUrl\":\"https:\\\/\\\/www.organisator.ch\\\/wp-content\\\/uploads\\\/2023\\\/05\\\/38.-Zuercher-Logistik-Kolloquium-Erfolge-aus-der-Praxis_Organisator.jpg\",\"datePublished\":\"2023-05-08T06:02:41+00:00\",\"dateModified\":\"2023-05-23T11:20:18+00:00\",\"description\":\"Die Logistik stellt sich neuen Herausforderungen \u2013 auch in neuen Gebieten. Das zeigte das 38. Z\u00fcrcher Logistik-Kolloquium am 2. Mai 2023.\",\"breadcrumb\":{\"@id\":\"https:\\\/\\\/www.organisator.ch\\\/management\\\/2023-05-08\\\/38-zuercher-logistik-kolloquium-erfolge-aus-der-praxis\\\/#breadcrumb\"},\"inLanguage\":\"de\",\"potentialAction\":[{\"@type\":\"ReadAction\",\"target\":[\"https:\\\/\\\/www.organisator.ch\\\/management\\\/2023-05-08\\\/38-zuercher-logistik-kolloquium-erfolge-aus-der-praxis\\\/\"]}]},{\"@type\":\"ImageObject\",\"inLanguage\":\"de\",\"@id\":\"https:\\\/\\\/www.organisator.ch\\\/management\\\/2023-05-08\\\/38-zuercher-logistik-kolloquium-erfolge-aus-der-praxis\\\/#primaryimage\",\"url\":\"https:\\\/\\\/www.organisator.ch\\\/wp-content\\\/uploads\\\/2023\\\/05\\\/38.-Zuercher-Logistik-Kolloquium-Erfolge-aus-der-Praxis_Organisator.jpg\",\"contentUrl\":\"https:\\\/\\\/www.organisator.ch\\\/wp-content\\\/uploads\\\/2023\\\/05\\\/38.-Zuercher-Logistik-Kolloquium-Erfolge-aus-der-Praxis_Organisator.jpg\",\"width\":680,\"height\":417,\"caption\":\"Jedes Jahr im Fr\u00fchling findet das traditionelle Z\u00fcrcher Logistik-Kolloquium statt. Bei diesem Anlass stellen jeweils drei oder mehr Manager der Schweizer Wirtschaft ihre Leuchtturmprojekte vor.\"},{\"@type\":\"BreadcrumbList\",\"@id\":\"https:\\\/\\\/www.organisator.ch\\\/management\\\/2023-05-08\\\/38-zuercher-logistik-kolloquium-erfolge-aus-der-praxis\\\/#breadcrumb\",\"itemListElement\":[{\"@type\":\"ListItem\",\"position\":1,\"name\":\"Home\",\"item\":\"https:\\\/\\\/www.organisator.ch\\\/\"},{\"@type\":\"ListItem\",\"position\":2,\"name\":\"38. Z\u00fcrcher Logistik-Kolloquium: Erfolge aus der Praxis\"}]},{\"@type\":\"WebSite\",\"@id\":\"https:\\\/\\\/www.organisator.ch\\\/#website\",\"url\":\"https:\\\/\\\/www.organisator.ch\\\/\",\"name\":\"Organisator\",\"description\":\"Kompetent. Praxisnah. Der ORGANISATOR bereitet in 10 Ausgaben pro Jahr die wesentlichen Themen f\u00fcr F\u00fchrungskr\u00e4fte von KMU auf.\",\"publisher\":{\"@id\":\"https:\\\/\\\/www.organisator.ch\\\/#organization\"},\"potentialAction\":[{\"@type\":\"SearchAction\",\"target\":{\"@type\":\"EntryPoint\",\"urlTemplate\":\"https:\\\/\\\/www.organisator.ch\\\/?s={search_term_string}\"},\"query-input\":{\"@type\":\"PropertyValueSpecification\",\"valueRequired\":true,\"valueName\":\"search_term_string\"}}],\"inLanguage\":\"de\"},{\"@type\":\"Organization\",\"@id\":\"https:\\\/\\\/www.organisator.ch\\\/#organization\",\"name\":\"Organisator\",\"url\":\"https:\\\/\\\/www.organisator.ch\\\/\",\"logo\":{\"@type\":\"ImageObject\",\"inLanguage\":\"de\",\"@id\":\"https:\\\/\\\/www.organisator.ch\\\/#\\\/schema\\\/logo\\\/image\\\/\",\"url\":\"https:\\\/\\\/www.organisator.ch\\\/wp-content\\\/uploads\\\/2022\\\/01\\\/Logo_Organisator_Website.png\",\"contentUrl\":\"https:\\\/\\\/www.organisator.ch\\\/wp-content\\\/uploads\\\/2022\\\/01\\\/Logo_Organisator_Website.png\",\"width\":800,\"height\":77,\"caption\":\"Organisator\"},\"image\":{\"@id\":\"https:\\\/\\\/www.organisator.ch\\\/#\\\/schema\\\/logo\\\/image\\\/\"},\"sameAs\":[\"https:\\\/\\\/www.facebook.com\\\/OrganisatorFachmagazin\",\"https:\\\/\\\/www.linkedin.com\\\/showcase\\\/organisator-das-magazin-fr-kmu\",\"https:\\\/\\\/www.xing.com\\\/news\\\/pages\\\/organisator-ch-695\",\"https:\\\/\\\/www.youtube.com\\\/channel\\\/UCGP2Sq0iWaZwT3BdIAQFYpw\"]},{\"@type\":\"Person\",\"@id\":\"https:\\\/\\\/www.organisator.ch\\\/#\\\/schema\\\/person\\\/6f650f90b2842cd4c0cc334b4e36f67e\",\"name\":\"thomas.berner\",\"image\":{\"@type\":\"ImageObject\",\"inLanguage\":\"de\",\"@id\":\"https:\\\/\\\/secure.gravatar.com\\\/avatar\\\/ac5001d2a36cb6c6cd3e50789007ffca834b477b74a2144564522e944eabff61?s=96&d=mm&r=g\",\"url\":\"https:\\\/\\\/secure.gravatar.com\\\/avatar\\\/ac5001d2a36cb6c6cd3e50789007ffca834b477b74a2144564522e944eabff61?s=96&d=mm&r=g\",\"contentUrl\":\"https:\\\/\\\/secure.gravatar.com\\\/avatar\\\/ac5001d2a36cb6c6cd3e50789007ffca834b477b74a2144564522e944eabff61?s=96&d=mm&r=g\",\"caption\":\"thomas.berner\"},\"url\":\"https:\\\/\\\/www.organisator.ch\\\/de\\\/author\\\/thomas-berner\\\/\"}]}<\/script>\n<!-- \/ Yoast SEO plugin. -->","yoast_head_json":{"title":"38. Z\u00fcrcher Logistik-Kolloquium: Erfolge aus der Praxis - Organisator","description":"Die Logistik stellt sich neuen Herausforderungen \u2013 auch in neuen Gebieten. Das zeigte das 38. Z\u00fcrcher Logistik-Kolloquium am 2. Mai 2023.","robots":{"index":"index","follow":"follow","max-snippet":"max-snippet:-1","max-image-preview":"max-image-preview:large","max-video-preview":"max-video-preview:-1"},"canonical":"https:\/\/www.organisator.ch\/de\/management\/2023-05-08\/38-zuercher-logistik-kolloquium-erfolge-aus-der-praxis\/","og_locale":"de_DE","og_type":"article","og_title":"38. Z\u00fcrcher Logistik-Kolloquium: Erfolge aus der Praxis","og_description":"Die Logistik stellt sich neuen Herausforderungen \u2013 auch in neuen Gebieten. Das zeigte das 38. Z\u00fcrcher Logistik-Kolloquium am 2. Mai 2023.","og_url":"https:\/\/www.organisator.ch\/de\/management\/2023-05-08\/38-zuercher-logistik-kolloquium-erfolge-aus-der-praxis\/","og_site_name":"Organisator","article_publisher":"https:\/\/www.facebook.com\/OrganisatorFachmagazin","article_published_time":"2023-05-08T06:02:41+00:00","article_modified_time":"2023-05-23T11:20:18+00:00","og_image":[{"width":680,"height":417,"url":"https:\/\/www.organisator.ch\/wp-content\/uploads\/2023\/05\/38.-Zuercher-Logistik-Kolloquium-Erfolge-aus-der-Praxis_Organisator.jpg","type":"image\/jpeg"}],"author":"thomas.berner","twitter_card":"summary_large_image","twitter_title":"38. Z\u00fcrcher #Logistik-Kolloquium: #Erfolge aus der Praxis","twitter_description":"Die #Logistik stellt sich neuen Herausforderungen \u2013 auch in neuen Gebieten. Das zeigte das 38. Z\u00fcrcher #Logistik-Kolloquium am 2. Mai 2023.","twitter_image":"https:\/\/www.organisator.ch\/wp-content\/uploads\/2023\/05\/38.-Zuercher-Logistik-Kolloquium-Erfolge-aus-der-Praxis_Organisator.jpg","schema":{"@context":"https:\/\/schema.org","@graph":[{"@type":"Article","@id":"https:\/\/www.organisator.ch\/management\/2023-05-08\/38-zuercher-logistik-kolloquium-erfolge-aus-der-praxis\/#article","isPartOf":{"@id":"https:\/\/www.organisator.ch\/management\/2023-05-08\/38-zuercher-logistik-kolloquium-erfolge-aus-der-praxis\/"},"author":{"name":"thomas.berner","@id":"https:\/\/www.organisator.ch\/#\/schema\/person\/6f650f90b2842cd4c0cc334b4e36f67e"},"headline":"38. Z\u00fcrcher Logistik-Kolloquium: Erfolge aus der Praxis","datePublished":"2023-05-08T06:02:41+00:00","dateModified":"2023-05-23T11:20:18+00:00","mainEntityOfPage":{"@id":"https:\/\/www.organisator.ch\/management\/2023-05-08\/38-zuercher-logistik-kolloquium-erfolge-aus-der-praxis\/"},"wordCount":740,"publisher":{"@id":"https:\/\/www.organisator.ch\/#organization"},"image":{"@id":"https:\/\/www.organisator.ch\/management\/2023-05-08\/38-zuercher-logistik-kolloquium-erfolge-aus-der-praxis\/#primaryimage"},"thumbnailUrl":"https:\/\/www.organisator.ch\/wp-content\/uploads\/2023\/05\/38.-Zuercher-Logistik-Kolloquium-Erfolge-aus-der-Praxis_Organisator.jpg","keywords":["Fachkongress\/Fachmesse","Logistik","Nachhaltige Wirtschaft"],"articleSection":["MANAGEMENT"],"inLanguage":"de"},{"@type":"WebPage","@id":"https:\/\/www.organisator.ch\/management\/2023-05-08\/38-zuercher-logistik-kolloquium-erfolge-aus-der-praxis\/","url":"https:\/\/www.organisator.ch\/management\/2023-05-08\/38-zuercher-logistik-kolloquium-erfolge-aus-der-praxis\/","name":"38. Z\u00fcrcher Logistik-Kolloquium: Erfolge aus der Praxis - Organisator","isPartOf":{"@id":"https:\/\/www.organisator.ch\/#website"},"primaryImageOfPage":{"@id":"https:\/\/www.organisator.ch\/management\/2023-05-08\/38-zuercher-logistik-kolloquium-erfolge-aus-der-praxis\/#primaryimage"},"image":{"@id":"https:\/\/www.organisator.ch\/management\/2023-05-08\/38-zuercher-logistik-kolloquium-erfolge-aus-der-praxis\/#primaryimage"},"thumbnailUrl":"https:\/\/www.organisator.ch\/wp-content\/uploads\/2023\/05\/38.-Zuercher-Logistik-Kolloquium-Erfolge-aus-der-Praxis_Organisator.jpg","datePublished":"2023-05-08T06:02:41+00:00","dateModified":"2023-05-23T11:20:18+00:00","description":"Die Logistik stellt sich neuen Herausforderungen \u2013 auch in neuen Gebieten. Das zeigte das 38. Z\u00fcrcher Logistik-Kolloquium am 2. Mai 2023.","breadcrumb":{"@id":"https:\/\/www.organisator.ch\/management\/2023-05-08\/38-zuercher-logistik-kolloquium-erfolge-aus-der-praxis\/#breadcrumb"},"inLanguage":"de","potentialAction":[{"@type":"ReadAction","target":["https:\/\/www.organisator.ch\/management\/2023-05-08\/38-zuercher-logistik-kolloquium-erfolge-aus-der-praxis\/"]}]},{"@type":"ImageObject","inLanguage":"de","@id":"https:\/\/www.organisator.ch\/management\/2023-05-08\/38-zuercher-logistik-kolloquium-erfolge-aus-der-praxis\/#primaryimage","url":"https:\/\/www.organisator.ch\/wp-content\/uploads\/2023\/05\/38.-Zuercher-Logistik-Kolloquium-Erfolge-aus-der-Praxis_Organisator.jpg","contentUrl":"https:\/\/www.organisator.ch\/wp-content\/uploads\/2023\/05\/38.-Zuercher-Logistik-Kolloquium-Erfolge-aus-der-Praxis_Organisator.jpg","width":680,"height":417,"caption":"Jedes Jahr im Fr\u00fchling findet das traditionelle Z\u00fcrcher Logistik-Kolloquium statt. Bei diesem Anlass stellen jeweils drei oder mehr Manager der Schweizer Wirtschaft ihre Leuchtturmprojekte vor."},{"@type":"BreadcrumbList","@id":"https:\/\/www.organisator.ch\/management\/2023-05-08\/38-zuercher-logistik-kolloquium-erfolge-aus-der-praxis\/#breadcrumb","itemListElement":[{"@type":"ListItem","position":1,"name":"Home","item":"https:\/\/www.organisator.ch\/"},{"@type":"ListItem","position":2,"name":"38. Z\u00fcrcher Logistik-Kolloquium: Erfolge aus der Praxis"}]},{"@type":"WebSite","@id":"https:\/\/www.organisator.ch\/#website","url":"https:\/\/www.organisator.ch\/","name":"Organisator","description":"Kompetent. Praxisnah. Der ORGANISATOR bereitet in 10 Ausgaben pro Jahr die wesentlichen Themen f\u00fcr F\u00fchrungskr\u00e4fte von KMU auf.","publisher":{"@id":"https:\/\/www.organisator.ch\/#organization"},"potentialAction":[{"@type":"SearchAction","target":{"@type":"EntryPoint","urlTemplate":"https:\/\/www.organisator.ch\/?s={search_term_string}"},"query-input":{"@type":"PropertyValueSpecification","valueRequired":true,"valueName":"search_term_string"}}],"inLanguage":"de"},{"@type":"Organization","@id":"https:\/\/www.organisator.ch\/#organization","name":"Organisator","url":"https:\/\/www.organisator.ch\/","logo":{"@type":"ImageObject","inLanguage":"de","@id":"https:\/\/www.organisator.ch\/#\/schema\/logo\/image\/","url":"https:\/\/www.organisator.ch\/wp-content\/uploads\/2022\/01\/Logo_Organisator_Website.png","contentUrl":"https:\/\/www.organisator.ch\/wp-content\/uploads\/2022\/01\/Logo_Organisator_Website.png","width":800,"height":77,"caption":"Organisator"},"image":{"@id":"https:\/\/www.organisator.ch\/#\/schema\/logo\/image\/"},"sameAs":["https:\/\/www.facebook.com\/OrganisatorFachmagazin","https:\/\/www.linkedin.com\/showcase\/organisator-das-magazin-fr-kmu","https:\/\/www.xing.com\/news\/pages\/organisator-ch-695","https:\/\/www.youtube.com\/channel\/UCGP2Sq0iWaZwT3BdIAQFYpw"]},{"@type":"Person","@id":"https:\/\/www.organisator.ch\/#\/schema\/person\/6f650f90b2842cd4c0cc334b4e36f67e","name":"thomas.berner","image":{"@type":"ImageObject","inLanguage":"de","@id":"https:\/\/secure.gravatar.com\/avatar\/ac5001d2a36cb6c6cd3e50789007ffca834b477b74a2144564522e944eabff61?s=96&d=mm&r=g","url":"https:\/\/secure.gravatar.com\/avatar\/ac5001d2a36cb6c6cd3e50789007ffca834b477b74a2144564522e944eabff61?s=96&d=mm&r=g","contentUrl":"https:\/\/secure.gravatar.com\/avatar\/ac5001d2a36cb6c6cd3e50789007ffca834b477b74a2144564522e944eabff61?s=96&d=mm&r=g","caption":"thomas.berner"},"url":"https:\/\/www.organisator.ch\/de\/author\/thomas-berner\/"}]}},"_links":{"self":[{"href":"https:\/\/www.organisator.ch\/de\/wp-json\/wp\/v2\/posts\/20076","targetHints":{"allow":["GET"]}}],"collection":[{"href":"https:\/\/www.organisator.ch\/de\/wp-json\/wp\/v2\/posts"}],"about":[{"href":"https:\/\/www.organisator.ch\/de\/wp-json\/wp\/v2\/types\/post"}],"author":[{"embeddable":true,"href":"https:\/\/www.organisator.ch\/de\/wp-json\/wp\/v2\/users\/4"}],"replies":[{"embeddable":true,"href":"https:\/\/www.organisator.ch\/de\/wp-json\/wp\/v2\/comments?post=20076"}],"version-history":[{"count":1,"href":"https:\/\/www.organisator.ch\/de\/wp-json\/wp\/v2\/posts\/20076\/revisions"}],"predecessor-version":[{"id":20081,"href":"https:\/\/www.organisator.ch\/de\/wp-json\/wp\/v2\/posts\/20076\/revisions\/20081"}],"wp:featuredmedia":[{"embeddable":true,"href":"https:\/\/www.organisator.ch\/de\/wp-json\/wp\/v2\/media\/20080"}],"wp:attachment":[{"href":"https:\/\/www.organisator.ch\/de\/wp-json\/wp\/v2\/media?parent=20076"}],"wp:term":[{"taxonomy":"category","embeddable":true,"href":"https:\/\/www.organisator.ch\/de\/wp-json\/wp\/v2\/categories?post=20076"},{"taxonomy":"post_tag","embeddable":true,"href":"https:\/\/www.organisator.ch\/de\/wp-json\/wp\/v2\/tags?post=20076"}],"curies":[{"name":"wp","href":"https:\/\/api.w.org\/{rel}","templated":true}]}}