{"id":2008,"date":"2017-06-07T14:52:18","date_gmt":"2017-06-07T12:52:18","guid":{"rendered":"https:\/\/www.organisator.ch\/?p=2008"},"modified":"2017-06-07T14:52:18","modified_gmt":"2017-06-07T12:52:18","slug":"jeder-dritte-mitarbeiter-ist-auf-dem-absprung","status":"publish","type":"post","link":"https:\/\/www.organisator.ch\/de\/human-resources\/hrm\/2017-06-07\/jeder-dritte-mitarbeiter-ist-auf-dem-absprung\/","title":{"rendered":"Jeder dritte Mitarbeiter ist auf dem Absprung"},"content":{"rendered":"<figure id=\"attachment_2013\" aria-describedby=\"caption-attachment-2013\" style=\"width: 640px\" class=\"wp-caption alignnone\"><img loading=\"lazy\" decoding=\"async\" class=\"size-full wp-image-2013\" src=\"https:\/\/www.organisator.ch\/wp-content\/uploads\/2017\/06\/Jeder-dritte-Mitarbeiter-ist-auf-dem-Absprung-3_Organisator.jpg\" alt=\"\" width=\"640\" height=\"428\" srcset=\"https:\/\/www.organisator.ch\/wp-content\/uploads\/2017\/06\/Jeder-dritte-Mitarbeiter-ist-auf-dem-Absprung-3_Organisator.jpg 640w, https:\/\/www.organisator.ch\/wp-content\/uploads\/2017\/06\/Jeder-dritte-Mitarbeiter-ist-auf-dem-Absprung-3_Organisator-16x12.jpg 16w, https:\/\/www.organisator.ch\/wp-content\/uploads\/2017\/06\/Jeder-dritte-Mitarbeiter-ist-auf-dem-Absprung-3_Organisator-262x175.jpg 262w, https:\/\/www.organisator.ch\/wp-content\/uploads\/2017\/06\/Jeder-dritte-Mitarbeiter-ist-auf-dem-Absprung-3_Organisator-523x350.jpg 523w, https:\/\/www.organisator.ch\/wp-content\/uploads\/2017\/06\/Jeder-dritte-Mitarbeiter-ist-auf-dem-Absprung-3_Organisator-300x201.jpg 300w\" sizes=\"auto, (max-width: 640px) 100vw, 640px\" \/><figcaption id=\"caption-attachment-2013\" class=\"wp-caption-text\">Jeder dritte Mitarbeiter denkt an einen Absprung. (Bild: Fotolia.com)<\/figcaption><\/figure>\n<p align=\"LEFT\">34 Prozent der Arbeitnehmer planen, ihre aktuelle Stelle in den n\u00e4chsten zw\u00f6lf Monaten aufzugeben, obwohl sie eigentlich zufrieden sind. Grund hierf\u00fcr sind mangelnde langfristige Karrierechancen im Unternehmen (23 Prozent) bzw. die Aussicht auf bessere Optionen auf dem Arbeitsmarkt (11 Prozent). Weitere 3 Prozent sind sehr unzufrieden in ihrem derzeitigen Job und m\u00f6chten deshalb innerhalb der n\u00e4chsten sechs Monate k\u00fcndigen. Das sind Ergebnisse der Mercer \u201eGlobal Talent Trends Study\u201c 2017, f\u00fcr die mehr als 7500 Datens\u00e4tze von Managern, HR-Leitern und Mitarbeitern weltweit untersucht wurden. Die Studie zeigt ausserdem, dass das fehlende Vertrauen der Mitarbeiter in die Karriereplanung von vielen HR-Leitern offenbar nicht erkannt wird. So sind 70 Prozent der befragten HR-Manager mit ihrem Talent Management-Prozess zufrieden.<\/p>\n<figure id=\"attachment_2010\" aria-describedby=\"caption-attachment-2010\" style=\"width: 640px\" class=\"wp-caption alignnone\"><img loading=\"lazy\" decoding=\"async\" class=\"size-full wp-image-2010\" src=\"https:\/\/www.organisator.ch\/wp-content\/uploads\/2017\/06\/Jeder-dritte-Mitarbeiter-ist-auf-dem-Absprung-1_Organisator.jpg\" alt=\"\" width=\"640\" height=\"371\" srcset=\"https:\/\/www.organisator.ch\/wp-content\/uploads\/2017\/06\/Jeder-dritte-Mitarbeiter-ist-auf-dem-Absprung-1_Organisator.jpg 640w, https:\/\/www.organisator.ch\/wp-content\/uploads\/2017\/06\/Jeder-dritte-Mitarbeiter-ist-auf-dem-Absprung-1_Organisator-16x9.jpg 16w, https:\/\/www.organisator.ch\/wp-content\/uploads\/2017\/06\/Jeder-dritte-Mitarbeiter-ist-auf-dem-Absprung-1_Organisator-302x175.jpg 302w, https:\/\/www.organisator.ch\/wp-content\/uploads\/2017\/06\/Jeder-dritte-Mitarbeiter-ist-auf-dem-Absprung-1_Organisator-604x350.jpg 604w, https:\/\/www.organisator.ch\/wp-content\/uploads\/2017\/06\/Jeder-dritte-Mitarbeiter-ist-auf-dem-Absprung-1_Organisator-300x174.jpg 300w\" sizes=\"auto, (max-width: 640px) 100vw, 640px\" \/><figcaption id=\"caption-attachment-2010\" class=\"wp-caption-text\">Grafik 1: Aspekte, von denen Arbeitnehmer glauben, dass sie ihre Arbeitssituation<br \/>verbessern.<\/figcaption><\/figure>\n<p align=\"LEFT\"><strong>Flexibilit\u00e4t \u2013 gefordert, aber nicht ausreichend gegeben<\/strong><\/p>\n<p align=\"LEFT\">Auch bei anderen Themen klaffen die Vorstellungen von Mitarbeitern und Managern bzw. HR-Leitern auseinander. Mehr als die H\u00e4lfte der befragten Arbeitnehmer gibt an, dass sowohl ihr direkter Manager als auch ihre Kollegen flexibles Arbeiten unterst\u00fctzen (61 bzw. 64 Prozent). Allerdings berichtet jeder dritte Mitarbeiter, dass er in der Vergangenheit um flexible Arbeitsbedingungen gebeten habe, diese ihm aber nicht gew\u00e4hrt wurden. Jeder zweite Mitarbeiter (50 Prozent) hat ausserdem Bedenken, dass sich Arbeit in Teilzeit oder im Home Office negativ auf die eigenen Karrierem\u00f6glichkeiten auswirken. Und obwohl fast zwei Drittel (77 Prozent) der Vollzeitbesch\u00e4ftigten an neuartigen Anstellungsverh\u00e4ltnissen auf Kontingent- oder Vertragsbasis interessiert sind, zeigen bislang weder Business- noch HR-Manager eine entsprechende Offenheit. Sie sind der Meinung, dass die sogenannte \u201eGig Economy\u201c in den n\u00e4chsten zwei Jahren keinen grossen Einfluss auf ihre Gesch\u00e4ftst\u00e4tigkeit haben wird.<\/p>\n<p align=\"LEFT\">Laut Studie ist Ver\u00e4nderung generell aber ein grosses Thema f\u00fcr die Organisationen. So planen 93 Prozent der Unternehmen, ihre Organisation in den n\u00e4chsten zwei Jahren signifikant zu ver\u00e4ndern. Gleichzeitig sagen aber nur 4 Prozent der leitenden Manager, dass ihre Organisation diese Ver\u00e4nderungsprozesse systematisch und auf moderne Art und Weise vorantreibt. Tats\u00e4chlich haben HR-Leiter in Deutschland die Themen Organisation und Anpassung von Rollenprofilen nicht auf ihrer Priorit\u00e4tenliste 2017 (vgl. Grafik 2). \u201eIn einer Zeit, in der Digitalisierung, Robotik und k\u00fcnstliche Intelligenz traditionelle Gesch\u00e4ftsmodelle in Frage stellen und teilweise \u00fcber den Haufen werfen, verlassen sich Unternehmen mancherorts zu sehr auf neue Technologien, um die Wettbewerbsf\u00e4higkeit des Unternehmens zu sichern. Dabei wird der Faktor Mitarbeiter schnell \u00fcbersehen\u201c, so Dieter Kern, Partner und Leiter der People &amp; Organization Excellence Practice bei Mercer. \u201eWachstum basiert darauf, Mitarbeiter richtig zu motivieren und zu bef\u00e4higen. Unternehmen werden letztendlich von Mitarbeitern vorangebracht, die die n\u00f6tigen F\u00e4higkeiten haben und ausreichend M\u00f6glichkeiten bekommen, innovative L\u00f6sungen zu entwickeln.\u201c<\/p>\n<figure id=\"attachment_2011\" aria-describedby=\"caption-attachment-2011\" style=\"width: 640px\" class=\"wp-caption alignnone\"><img loading=\"lazy\" decoding=\"async\" class=\"size-full wp-image-2011\" src=\"https:\/\/www.organisator.ch\/wp-content\/uploads\/2017\/06\/Jeder-dritte-Mitarbeiter-ist-auf-dem-Absprung-2_Organisator.jpg\" alt=\"\" width=\"640\" height=\"317\" srcset=\"https:\/\/www.organisator.ch\/wp-content\/uploads\/2017\/06\/Jeder-dritte-Mitarbeiter-ist-auf-dem-Absprung-2_Organisator.jpg 640w, https:\/\/www.organisator.ch\/wp-content\/uploads\/2017\/06\/Jeder-dritte-Mitarbeiter-ist-auf-dem-Absprung-2_Organisator-16x8.jpg 16w, https:\/\/www.organisator.ch\/wp-content\/uploads\/2017\/06\/Jeder-dritte-Mitarbeiter-ist-auf-dem-Absprung-2_Organisator-353x175.jpg 353w, https:\/\/www.organisator.ch\/wp-content\/uploads\/2017\/06\/Jeder-dritte-Mitarbeiter-ist-auf-dem-Absprung-2_Organisator-300x149.jpg 300w\" sizes=\"auto, (max-width: 640px) 100vw, 640px\" \/><figcaption id=\"caption-attachment-2011\" class=\"wp-caption-text\">Grafik 2: Die Top-Priorit\u00e4ten der HR-Abteilungen 2017.<\/figcaption><\/figure>\n<p align=\"LEFT\"><strong>Nachholbedarf bei Digitalisierung von HR-Aufgaben<\/strong><\/p>\n<p align=\"LEFT\">Auch im Bereich Technologie hinken Personalabteilungen den Erwartungen des leitenden Managements und der Belegschaft hinterher. 61 Prozent der Manager glauben, dass neue Technologien am Arbeitsplatz, wie beispielsweise Robotik und Wearables, innerhalb der n\u00e4chsten zwei Jahre den gr\u00f6ssten Einfluss auf ihre Organisation haben werden. Doch weniger als die H\u00e4lfte der HR-Profis (49 Prozent) stimmt dem zu. Die digitalen F\u00e4higkeiten der Mitarbeiter sch\u00e4tzen die Organisationen gering ein. Nur etwa jedes dritte befragte Unternehmen (35 Prozent) gibt an, dass Mitarbeiter mehr als Standard-HR-Aufgaben (Urlaubsantr\u00e4ge etc.) digital abwickeln k\u00f6nnen.<\/p>\n<p align=\"LEFT\">\u201eDie Arbeitswelt und die Talentpools \u00e4ndern sich viel zu schnell, als dass man nur und dauerhaft an traditionellen Methoden festhalten k\u00f6nnte\u201c, kommentiert Kate Bravery, Global Leader des Bereichs Career bei Mercer. \u201eEinige Unternehmen beginnen zu Recht bereits heute, neue Ans\u00e4tze daf\u00fcr zu entwickeln, wie Mitarbeiter auf Wissen zugreifen, Technologien nutzen, f\u00fchren, kommunizieren und ihre pers\u00f6nliche Berufsbiografie gestalten k\u00f6nnen.\u201c<\/p>\n<p align=\"LEFT\"><strong>Gesundheit f\u00fcr Arbeitnehmer wichtiger als Wohlstand<\/strong><\/p>\n<p align=\"LEFT\">61 Prozent der Angestellten sagen, dass ihnen ihre Gesundheit wichtiger ist als ihr Wohlstand. L\u00e4sst man das Gehalt ausser Acht, ist f\u00fcr die weltweit befragten Arbeitnehmer bei der Wahl des Arbeitgebers Urlaub bzw. Freizeit der gr\u00f6sste Pluspunkt \u2013 in Form von Sabbaticals, zus\u00e4tzlichen Urlaubstagen oder weniger Arbeitsstunden f\u00fcr ein geringeres Gehalt. Benefits wie Fitnessstudios oder Erholungsr\u00e4ume am Arbeitsplatz sind den Mitarbeitern hingegen weniger wichtig.<\/p>\n<p align=\"LEFT\">Neben Flexibilisierung ist auch Individualisierung notwendig, um ein f\u00fcr die Mitarbeiter insgesamt zufriedenstellendes Arbeitsumfeld zu schaffen. Weniger als die H\u00e4lfte (49 Prozent) der Mitarbeiter sagt, dass ihr Unternehmen ihre individuellen Interessen und F\u00e4higkeiten kennt. 53 Prozent w\u00fcnschen sich jedoch genau dies.<\/p>\n<p align=\"LEFT\"><em>Quelle: <a href=\"http:\/\/www.mercer.ch\">Mercer<\/a><\/em><\/p>\n<p>&nbsp;<\/p>\n","protected":false},"excerpt":{"rendered":"<p>34 Prozent der Arbeitnehmer planen, ihre aktuelle Stelle in den n\u00e4chsten zw\u00f6lf Monaten aufzugeben, obwohl sie eigentlich zufrieden sind. Grund hierf\u00fcr sind mangelnde langfristige Karrierechancen im Unternehmen (23 Prozent) bzw. die Aussicht auf bessere Optionen auf dem Arbeitsmarkt (11 Prozent). Weitere 3 Prozent sind sehr unzufrieden in ihrem derzeitigen Job und m\u00f6chten deshalb innerhalb der [&hellip;]<\/p>\n","protected":false},"author":4,"featured_media":2013,"comment_status":"open","ping_status":"open","sticky":false,"template":"","format":"standard","meta":{"_acf_changed":false,"_yoast_wpseo_focuskw":"Mitarbeiter","_yoast_wpseo_metadesc":"34 Prozent der Arbeitnehmer planen, ihre aktuelle Stelle in den n\u00e4chsten zw\u00f6lf Monaten aufzugeben, obwohl sie eigentlich zufrieden sind.","articlekey":"","footnotes":""},"categories":[26],"tags":[51,254,294,459],"class_list":["post-2008","post","type-post","status-publish","format-standard","has-post-thumbnail","hentry","category-hrm","tag-arbeitsplatzgestaltung","tag-hrm","tag-karriere","tag-studie"],"acf":[],"yoast_head":"<!-- This site is optimized with the Yoast SEO plugin v27.4 - https:\/\/yoast.com\/product\/yoast-seo-wordpress\/ -->\n<title>Jeder dritte Mitarbeiter ist auf dem Absprung - Organisator<\/title>\n<meta name=\"description\" content=\"34 Prozent der Arbeitnehmer planen, ihre aktuelle Stelle in den n\u00e4chsten zw\u00f6lf Monaten aufzugeben, obwohl sie eigentlich zufrieden sind.\" \/>\n<meta name=\"robots\" content=\"index, follow, max-snippet:-1, max-image-preview:large, max-video-preview:-1\" \/>\n<link rel=\"canonical\" href=\"https:\/\/www.organisator.ch\/de\/human-resources\/hrm\/2017-06-07\/jeder-dritte-mitarbeiter-ist-auf-dem-absprung\/\" \/>\n<meta property=\"og:locale\" content=\"de_DE\" \/>\n<meta property=\"og:type\" content=\"article\" \/>\n<meta property=\"og:title\" content=\"Jeder dritte Mitarbeiter ist auf dem Absprung\" \/>\n<meta property=\"og:description\" content=\"Eine globale #Studie zeigt: 34 Prozent der #Arbeitnehmer planen, ihre aktuelle #Stelle in den n\u00e4chsten zw\u00f6lf Monaten aufzugeben, obwohl sie eigentlich zufrieden sind.\" \/>\n<meta property=\"og:url\" content=\"https:\/\/www.organisator.ch\/de\/human-resources\/hrm\/2017-06-07\/jeder-dritte-mitarbeiter-ist-auf-dem-absprung\/\" \/>\n<meta property=\"og:site_name\" content=\"Organisator\" \/>\n<meta property=\"article:publisher\" content=\"https:\/\/www.facebook.com\/OrganisatorFachmagazin\" \/>\n<meta property=\"article:published_time\" content=\"2017-06-07T12:52:18+00:00\" \/>\n<meta property=\"og:image\" content=\"https:\/\/www.organisator.ch\/wp-content\/uploads\/2017\/06\/Jeder-dritte-Mitarbeiter-ist-auf-dem-Absprung-3_Organisator.jpg\" \/>\n\t<meta property=\"og:image:width\" content=\"640\" \/>\n\t<meta property=\"og:image:height\" content=\"428\" \/>\n\t<meta property=\"og:image:type\" content=\"image\/jpeg\" \/>\n<meta name=\"author\" content=\"thomas.berner\" \/>\n<meta name=\"twitter:card\" content=\"summary_large_image\" \/>\n<meta name=\"twitter:title\" content=\"Jeder dritte #Mitarbeiter ist auf dem #Absprung\" \/>\n<meta name=\"twitter:description\" content=\"Eine globale #Studie zeigt: 34 Prozent der #Arbeitnehmer planen, ihre aktuelle #Stelle in den n\u00e4chsten zw\u00f6lf Monaten aufzugeben, obwohl sie eigentlich zufrieden sind.\" \/>\n<meta name=\"twitter:image\" content=\"https:\/\/www.organisator.ch\/wp-content\/uploads\/2017\/06\/Jeder-dritte-Mitarbeiter-ist-auf-dem-Absprung-3_Organisator.jpg\" \/>\n<script type=\"application\/ld+json\" class=\"yoast-schema-graph\">{\"@context\":\"https:\\\/\\\/schema.org\",\"@graph\":[{\"@type\":\"Article\",\"@id\":\"https:\\\/\\\/www.organisator.ch\\\/human-resources\\\/hrm\\\/2017-06-07\\\/jeder-dritte-mitarbeiter-ist-auf-dem-absprung\\\/#article\",\"isPartOf\":{\"@id\":\"https:\\\/\\\/www.organisator.ch\\\/human-resources\\\/hrm\\\/2017-06-07\\\/jeder-dritte-mitarbeiter-ist-auf-dem-absprung\\\/\"},\"author\":{\"name\":\"thomas.berner\",\"@id\":\"https:\\\/\\\/www.organisator.ch\\\/#\\\/schema\\\/person\\\/6f650f90b2842cd4c0cc334b4e36f67e\"},\"headline\":\"Jeder dritte Mitarbeiter ist auf dem Absprung\",\"datePublished\":\"2017-06-07T12:52:18+00:00\",\"mainEntityOfPage\":{\"@id\":\"https:\\\/\\\/www.organisator.ch\\\/human-resources\\\/hrm\\\/2017-06-07\\\/jeder-dritte-mitarbeiter-ist-auf-dem-absprung\\\/\"},\"wordCount\":761,\"commentCount\":0,\"publisher\":{\"@id\":\"https:\\\/\\\/www.organisator.ch\\\/#organization\"},\"image\":{\"@id\":\"https:\\\/\\\/www.organisator.ch\\\/human-resources\\\/hrm\\\/2017-06-07\\\/jeder-dritte-mitarbeiter-ist-auf-dem-absprung\\\/#primaryimage\"},\"thumbnailUrl\":\"https:\\\/\\\/www.organisator.ch\\\/wp-content\\\/uploads\\\/2017\\\/06\\\/Jeder-dritte-Mitarbeiter-ist-auf-dem-Absprung-3_Organisator.jpg\",\"keywords\":[\"Arbeitsplatzgestaltung\",\"HRM\",\"Karriere\",\"Studie\"],\"articleSection\":[\"HRM\"],\"inLanguage\":\"de\"},{\"@type\":\"WebPage\",\"@id\":\"https:\\\/\\\/www.organisator.ch\\\/human-resources\\\/hrm\\\/2017-06-07\\\/jeder-dritte-mitarbeiter-ist-auf-dem-absprung\\\/\",\"url\":\"https:\\\/\\\/www.organisator.ch\\\/human-resources\\\/hrm\\\/2017-06-07\\\/jeder-dritte-mitarbeiter-ist-auf-dem-absprung\\\/\",\"name\":\"Jeder dritte Mitarbeiter ist auf dem Absprung - Organisator\",\"isPartOf\":{\"@id\":\"https:\\\/\\\/www.organisator.ch\\\/#website\"},\"primaryImageOfPage\":{\"@id\":\"https:\\\/\\\/www.organisator.ch\\\/human-resources\\\/hrm\\\/2017-06-07\\\/jeder-dritte-mitarbeiter-ist-auf-dem-absprung\\\/#primaryimage\"},\"image\":{\"@id\":\"https:\\\/\\\/www.organisator.ch\\\/human-resources\\\/hrm\\\/2017-06-07\\\/jeder-dritte-mitarbeiter-ist-auf-dem-absprung\\\/#primaryimage\"},\"thumbnailUrl\":\"https:\\\/\\\/www.organisator.ch\\\/wp-content\\\/uploads\\\/2017\\\/06\\\/Jeder-dritte-Mitarbeiter-ist-auf-dem-Absprung-3_Organisator.jpg\",\"datePublished\":\"2017-06-07T12:52:18+00:00\",\"description\":\"34 Prozent der Arbeitnehmer planen, ihre aktuelle Stelle in den n\u00e4chsten zw\u00f6lf Monaten aufzugeben, obwohl sie eigentlich zufrieden sind.\",\"breadcrumb\":{\"@id\":\"https:\\\/\\\/www.organisator.ch\\\/human-resources\\\/hrm\\\/2017-06-07\\\/jeder-dritte-mitarbeiter-ist-auf-dem-absprung\\\/#breadcrumb\"},\"inLanguage\":\"de\",\"potentialAction\":[{\"@type\":\"ReadAction\",\"target\":[\"https:\\\/\\\/www.organisator.ch\\\/human-resources\\\/hrm\\\/2017-06-07\\\/jeder-dritte-mitarbeiter-ist-auf-dem-absprung\\\/\"]}]},{\"@type\":\"ImageObject\",\"inLanguage\":\"de\",\"@id\":\"https:\\\/\\\/www.organisator.ch\\\/human-resources\\\/hrm\\\/2017-06-07\\\/jeder-dritte-mitarbeiter-ist-auf-dem-absprung\\\/#primaryimage\",\"url\":\"https:\\\/\\\/www.organisator.ch\\\/wp-content\\\/uploads\\\/2017\\\/06\\\/Jeder-dritte-Mitarbeiter-ist-auf-dem-Absprung-3_Organisator.jpg\",\"contentUrl\":\"https:\\\/\\\/www.organisator.ch\\\/wp-content\\\/uploads\\\/2017\\\/06\\\/Jeder-dritte-Mitarbeiter-ist-auf-dem-Absprung-3_Organisator.jpg\",\"width\":640,\"height\":428,\"caption\":\"Jeder dritte Mitarbeiter denkt an einen Absprung. (Bild: Fotolia.com)\"},{\"@type\":\"BreadcrumbList\",\"@id\":\"https:\\\/\\\/www.organisator.ch\\\/human-resources\\\/hrm\\\/2017-06-07\\\/jeder-dritte-mitarbeiter-ist-auf-dem-absprung\\\/#breadcrumb\",\"itemListElement\":[{\"@type\":\"ListItem\",\"position\":1,\"name\":\"Home\",\"item\":\"https:\\\/\\\/www.organisator.ch\\\/\"},{\"@type\":\"ListItem\",\"position\":2,\"name\":\"Jeder dritte Mitarbeiter ist auf dem Absprung\"}]},{\"@type\":\"WebSite\",\"@id\":\"https:\\\/\\\/www.organisator.ch\\\/#website\",\"url\":\"https:\\\/\\\/www.organisator.ch\\\/\",\"name\":\"Organisator\",\"description\":\"Kompetent. Praxisnah. Der ORGANISATOR bereitet in 10 Ausgaben pro Jahr die wesentlichen Themen f\u00fcr F\u00fchrungskr\u00e4fte von KMU auf.\",\"publisher\":{\"@id\":\"https:\\\/\\\/www.organisator.ch\\\/#organization\"},\"potentialAction\":[{\"@type\":\"SearchAction\",\"target\":{\"@type\":\"EntryPoint\",\"urlTemplate\":\"https:\\\/\\\/www.organisator.ch\\\/?s={search_term_string}\"},\"query-input\":{\"@type\":\"PropertyValueSpecification\",\"valueRequired\":true,\"valueName\":\"search_term_string\"}}],\"inLanguage\":\"de\"},{\"@type\":\"Organization\",\"@id\":\"https:\\\/\\\/www.organisator.ch\\\/#organization\",\"name\":\"Organisator\",\"url\":\"https:\\\/\\\/www.organisator.ch\\\/\",\"logo\":{\"@type\":\"ImageObject\",\"inLanguage\":\"de\",\"@id\":\"https:\\\/\\\/www.organisator.ch\\\/#\\\/schema\\\/logo\\\/image\\\/\",\"url\":\"https:\\\/\\\/www.organisator.ch\\\/wp-content\\\/uploads\\\/2022\\\/01\\\/Logo_Organisator_Website.png\",\"contentUrl\":\"https:\\\/\\\/www.organisator.ch\\\/wp-content\\\/uploads\\\/2022\\\/01\\\/Logo_Organisator_Website.png\",\"width\":800,\"height\":77,\"caption\":\"Organisator\"},\"image\":{\"@id\":\"https:\\\/\\\/www.organisator.ch\\\/#\\\/schema\\\/logo\\\/image\\\/\"},\"sameAs\":[\"https:\\\/\\\/www.facebook.com\\\/OrganisatorFachmagazin\",\"https:\\\/\\\/www.linkedin.com\\\/showcase\\\/organisator-das-magazin-fr-kmu\",\"https:\\\/\\\/www.xing.com\\\/news\\\/pages\\\/organisator-ch-695\",\"https:\\\/\\\/www.youtube.com\\\/channel\\\/UCGP2Sq0iWaZwT3BdIAQFYpw\"]},{\"@type\":\"Person\",\"@id\":\"https:\\\/\\\/www.organisator.ch\\\/#\\\/schema\\\/person\\\/6f650f90b2842cd4c0cc334b4e36f67e\",\"name\":\"thomas.berner\",\"image\":{\"@type\":\"ImageObject\",\"inLanguage\":\"de\",\"@id\":\"https:\\\/\\\/secure.gravatar.com\\\/avatar\\\/ac5001d2a36cb6c6cd3e50789007ffca834b477b74a2144564522e944eabff61?s=96&d=mm&r=g\",\"url\":\"https:\\\/\\\/secure.gravatar.com\\\/avatar\\\/ac5001d2a36cb6c6cd3e50789007ffca834b477b74a2144564522e944eabff61?s=96&d=mm&r=g\",\"contentUrl\":\"https:\\\/\\\/secure.gravatar.com\\\/avatar\\\/ac5001d2a36cb6c6cd3e50789007ffca834b477b74a2144564522e944eabff61?s=96&d=mm&r=g\",\"caption\":\"thomas.berner\"},\"url\":\"https:\\\/\\\/www.organisator.ch\\\/de\\\/author\\\/thomas-berner\\\/\"}]}<\/script>\n<!-- \/ Yoast SEO plugin. -->","yoast_head_json":{"title":"Jeder dritte Mitarbeiter ist auf dem Absprung - Organisator","description":"34 Prozent der Arbeitnehmer planen, ihre aktuelle Stelle in den n\u00e4chsten zw\u00f6lf Monaten aufzugeben, obwohl sie eigentlich zufrieden sind.","robots":{"index":"index","follow":"follow","max-snippet":"max-snippet:-1","max-image-preview":"max-image-preview:large","max-video-preview":"max-video-preview:-1"},"canonical":"https:\/\/www.organisator.ch\/de\/human-resources\/hrm\/2017-06-07\/jeder-dritte-mitarbeiter-ist-auf-dem-absprung\/","og_locale":"de_DE","og_type":"article","og_title":"Jeder dritte Mitarbeiter ist auf dem Absprung","og_description":"Eine globale #Studie zeigt: 34 Prozent der #Arbeitnehmer planen, ihre aktuelle #Stelle in den n\u00e4chsten zw\u00f6lf Monaten aufzugeben, obwohl sie eigentlich zufrieden sind.","og_url":"https:\/\/www.organisator.ch\/de\/human-resources\/hrm\/2017-06-07\/jeder-dritte-mitarbeiter-ist-auf-dem-absprung\/","og_site_name":"Organisator","article_publisher":"https:\/\/www.facebook.com\/OrganisatorFachmagazin","article_published_time":"2017-06-07T12:52:18+00:00","og_image":[{"width":640,"height":428,"url":"https:\/\/www.organisator.ch\/wp-content\/uploads\/2017\/06\/Jeder-dritte-Mitarbeiter-ist-auf-dem-Absprung-3_Organisator.jpg","type":"image\/jpeg"}],"author":"thomas.berner","twitter_card":"summary_large_image","twitter_title":"Jeder dritte #Mitarbeiter ist auf dem #Absprung","twitter_description":"Eine globale #Studie zeigt: 34 Prozent der #Arbeitnehmer planen, ihre aktuelle #Stelle in den n\u00e4chsten zw\u00f6lf Monaten aufzugeben, obwohl sie eigentlich zufrieden sind.","twitter_image":"https:\/\/www.organisator.ch\/wp-content\/uploads\/2017\/06\/Jeder-dritte-Mitarbeiter-ist-auf-dem-Absprung-3_Organisator.jpg","schema":{"@context":"https:\/\/schema.org","@graph":[{"@type":"Article","@id":"https:\/\/www.organisator.ch\/human-resources\/hrm\/2017-06-07\/jeder-dritte-mitarbeiter-ist-auf-dem-absprung\/#article","isPartOf":{"@id":"https:\/\/www.organisator.ch\/human-resources\/hrm\/2017-06-07\/jeder-dritte-mitarbeiter-ist-auf-dem-absprung\/"},"author":{"name":"thomas.berner","@id":"https:\/\/www.organisator.ch\/#\/schema\/person\/6f650f90b2842cd4c0cc334b4e36f67e"},"headline":"Jeder dritte Mitarbeiter ist auf dem Absprung","datePublished":"2017-06-07T12:52:18+00:00","mainEntityOfPage":{"@id":"https:\/\/www.organisator.ch\/human-resources\/hrm\/2017-06-07\/jeder-dritte-mitarbeiter-ist-auf-dem-absprung\/"},"wordCount":761,"commentCount":0,"publisher":{"@id":"https:\/\/www.organisator.ch\/#organization"},"image":{"@id":"https:\/\/www.organisator.ch\/human-resources\/hrm\/2017-06-07\/jeder-dritte-mitarbeiter-ist-auf-dem-absprung\/#primaryimage"},"thumbnailUrl":"https:\/\/www.organisator.ch\/wp-content\/uploads\/2017\/06\/Jeder-dritte-Mitarbeiter-ist-auf-dem-Absprung-3_Organisator.jpg","keywords":["Arbeitsplatzgestaltung","HRM","Karriere","Studie"],"articleSection":["HRM"],"inLanguage":"de"},{"@type":"WebPage","@id":"https:\/\/www.organisator.ch\/human-resources\/hrm\/2017-06-07\/jeder-dritte-mitarbeiter-ist-auf-dem-absprung\/","url":"https:\/\/www.organisator.ch\/human-resources\/hrm\/2017-06-07\/jeder-dritte-mitarbeiter-ist-auf-dem-absprung\/","name":"Jeder dritte Mitarbeiter ist auf dem Absprung - Organisator","isPartOf":{"@id":"https:\/\/www.organisator.ch\/#website"},"primaryImageOfPage":{"@id":"https:\/\/www.organisator.ch\/human-resources\/hrm\/2017-06-07\/jeder-dritte-mitarbeiter-ist-auf-dem-absprung\/#primaryimage"},"image":{"@id":"https:\/\/www.organisator.ch\/human-resources\/hrm\/2017-06-07\/jeder-dritte-mitarbeiter-ist-auf-dem-absprung\/#primaryimage"},"thumbnailUrl":"https:\/\/www.organisator.ch\/wp-content\/uploads\/2017\/06\/Jeder-dritte-Mitarbeiter-ist-auf-dem-Absprung-3_Organisator.jpg","datePublished":"2017-06-07T12:52:18+00:00","description":"34 Prozent der Arbeitnehmer planen, ihre aktuelle Stelle in den n\u00e4chsten zw\u00f6lf Monaten aufzugeben, obwohl sie eigentlich zufrieden sind.","breadcrumb":{"@id":"https:\/\/www.organisator.ch\/human-resources\/hrm\/2017-06-07\/jeder-dritte-mitarbeiter-ist-auf-dem-absprung\/#breadcrumb"},"inLanguage":"de","potentialAction":[{"@type":"ReadAction","target":["https:\/\/www.organisator.ch\/human-resources\/hrm\/2017-06-07\/jeder-dritte-mitarbeiter-ist-auf-dem-absprung\/"]}]},{"@type":"ImageObject","inLanguage":"de","@id":"https:\/\/www.organisator.ch\/human-resources\/hrm\/2017-06-07\/jeder-dritte-mitarbeiter-ist-auf-dem-absprung\/#primaryimage","url":"https:\/\/www.organisator.ch\/wp-content\/uploads\/2017\/06\/Jeder-dritte-Mitarbeiter-ist-auf-dem-Absprung-3_Organisator.jpg","contentUrl":"https:\/\/www.organisator.ch\/wp-content\/uploads\/2017\/06\/Jeder-dritte-Mitarbeiter-ist-auf-dem-Absprung-3_Organisator.jpg","width":640,"height":428,"caption":"Jeder dritte Mitarbeiter denkt an einen Absprung. (Bild: Fotolia.com)"},{"@type":"BreadcrumbList","@id":"https:\/\/www.organisator.ch\/human-resources\/hrm\/2017-06-07\/jeder-dritte-mitarbeiter-ist-auf-dem-absprung\/#breadcrumb","itemListElement":[{"@type":"ListItem","position":1,"name":"Home","item":"https:\/\/www.organisator.ch\/"},{"@type":"ListItem","position":2,"name":"Jeder dritte Mitarbeiter ist auf dem Absprung"}]},{"@type":"WebSite","@id":"https:\/\/www.organisator.ch\/#website","url":"https:\/\/www.organisator.ch\/","name":"Organisator","description":"Kompetent. Praxisnah. Der ORGANISATOR bereitet in 10 Ausgaben pro Jahr die wesentlichen Themen f\u00fcr F\u00fchrungskr\u00e4fte von KMU auf.","publisher":{"@id":"https:\/\/www.organisator.ch\/#organization"},"potentialAction":[{"@type":"SearchAction","target":{"@type":"EntryPoint","urlTemplate":"https:\/\/www.organisator.ch\/?s={search_term_string}"},"query-input":{"@type":"PropertyValueSpecification","valueRequired":true,"valueName":"search_term_string"}}],"inLanguage":"de"},{"@type":"Organization","@id":"https:\/\/www.organisator.ch\/#organization","name":"Organisator","url":"https:\/\/www.organisator.ch\/","logo":{"@type":"ImageObject","inLanguage":"de","@id":"https:\/\/www.organisator.ch\/#\/schema\/logo\/image\/","url":"https:\/\/www.organisator.ch\/wp-content\/uploads\/2022\/01\/Logo_Organisator_Website.png","contentUrl":"https:\/\/www.organisator.ch\/wp-content\/uploads\/2022\/01\/Logo_Organisator_Website.png","width":800,"height":77,"caption":"Organisator"},"image":{"@id":"https:\/\/www.organisator.ch\/#\/schema\/logo\/image\/"},"sameAs":["https:\/\/www.facebook.com\/OrganisatorFachmagazin","https:\/\/www.linkedin.com\/showcase\/organisator-das-magazin-fr-kmu","https:\/\/www.xing.com\/news\/pages\/organisator-ch-695","https:\/\/www.youtube.com\/channel\/UCGP2Sq0iWaZwT3BdIAQFYpw"]},{"@type":"Person","@id":"https:\/\/www.organisator.ch\/#\/schema\/person\/6f650f90b2842cd4c0cc334b4e36f67e","name":"thomas.berner","image":{"@type":"ImageObject","inLanguage":"de","@id":"https:\/\/secure.gravatar.com\/avatar\/ac5001d2a36cb6c6cd3e50789007ffca834b477b74a2144564522e944eabff61?s=96&d=mm&r=g","url":"https:\/\/secure.gravatar.com\/avatar\/ac5001d2a36cb6c6cd3e50789007ffca834b477b74a2144564522e944eabff61?s=96&d=mm&r=g","contentUrl":"https:\/\/secure.gravatar.com\/avatar\/ac5001d2a36cb6c6cd3e50789007ffca834b477b74a2144564522e944eabff61?s=96&d=mm&r=g","caption":"thomas.berner"},"url":"https:\/\/www.organisator.ch\/de\/author\/thomas-berner\/"}]}},"_links":{"self":[{"href":"https:\/\/www.organisator.ch\/de\/wp-json\/wp\/v2\/posts\/2008","targetHints":{"allow":["GET"]}}],"collection":[{"href":"https:\/\/www.organisator.ch\/de\/wp-json\/wp\/v2\/posts"}],"about":[{"href":"https:\/\/www.organisator.ch\/de\/wp-json\/wp\/v2\/types\/post"}],"author":[{"embeddable":true,"href":"https:\/\/www.organisator.ch\/de\/wp-json\/wp\/v2\/users\/4"}],"replies":[{"embeddable":true,"href":"https:\/\/www.organisator.ch\/de\/wp-json\/wp\/v2\/comments?post=2008"}],"version-history":[{"count":0,"href":"https:\/\/www.organisator.ch\/de\/wp-json\/wp\/v2\/posts\/2008\/revisions"}],"wp:featuredmedia":[{"embeddable":true,"href":"https:\/\/www.organisator.ch\/de\/wp-json\/wp\/v2\/media\/2013"}],"wp:attachment":[{"href":"https:\/\/www.organisator.ch\/de\/wp-json\/wp\/v2\/media?parent=2008"}],"wp:term":[{"taxonomy":"category","embeddable":true,"href":"https:\/\/www.organisator.ch\/de\/wp-json\/wp\/v2\/categories?post=2008"},{"taxonomy":"post_tag","embeddable":true,"href":"https:\/\/www.organisator.ch\/de\/wp-json\/wp\/v2\/tags?post=2008"}],"curies":[{"name":"wp","href":"https:\/\/api.w.org\/{rel}","templated":true}]}}