{"id":20089,"date":"2023-05-08T17:18:58","date_gmt":"2023-05-08T15:18:58","guid":{"rendered":"https:\/\/www.werbewoche.ch\/?p=197277"},"modified":"2024-11-16T10:41:11","modified_gmt":"2024-11-16T09:41:11","slug":"ammarkt-verpackt-fuer-nahrin-die-kraft-aus-der-natur","status":"publish","type":"post","link":"https:\/\/www.organisator.ch\/de\/marketing\/2023-05-08\/ammarkt-verpackt-fuer-nahrin-die-kraft-aus-der-natur\/","title":{"rendered":"Ammarkt verpackt f\u00fcr Nahrin die Kraft aus der Natur"},"content":{"rendered":"<p><img class=\"aligncenter wp-image-197279 size-full\" src=\"https:\/\/www.werbewoche.ch\/wp-content\/uploads\/2023\/05\/Nahrin-PR-01.jpg\" alt=\"Nahrin Nahrungserg\u00e4nzungsmittel\" width=\"1200\" height=\"900\" \/><\/p>\r\n<p>Bereits seit 1974 stellt das Unternehmen Nahrin neben Gew\u00fcrzen, Bouillons und Saucen naturbasierte Nahrungserg\u00e4nzungsmittel NEM her. Das NEM-Sortiment wurde nun f\u00fcr den nationalen und internationalen Markt als eigenst\u00e4ndigen Sortimentsbereich in neuer Erscheinung aufgestellt.<\/p>\r\n<p>Die St.Galler Agentur Ammarkt setzte sich Herbst 2021 im Pitch um das Rebranding der Nahrungsmittelerg\u00e4nzungslinie durch. Danach machte sich das Team daran, die Nahrungsmittelerg\u00e4nzungs-Welt von Nahrin visuell neu zu erfinden: Die Kraft der Pflanzen, die uns die Natur schenkt, konzentriert und veredelt zu kraftvollen Nahrungserg\u00e4nzungsmitteln \u2013 all diese Wirkstoffe finden sich in den eleganten Dosen mit goldenen Verschl\u00fcssen und elegant gestalteten Etiketten wieder. Dabei war entscheidend, dass neben Nat\u00fcrlichkeit und Eigenst\u00e4ndigkeit auch die haptische Anmutung, Nachhaltigkeit zentrale Rollen spielen.<\/p>\r\n<p>F\u00fcr die neun Produktkategorien wurde eine Serie von Piktogrammen gestaltet, die jeweils Anwendungsbereich und Wirkungen der NEM symbolisch vereinen. Erg\u00e4nzend dazu kreierte der Z\u00fcrcher Illustrator Jeremy K\u00fcng 20 filigrane Illustrationen f\u00fcr die pflanzlichen N\u00e4hrstoffe der rund 50 Produkte. Die neuen Kapsel- und Drops-Dosen sind aus recyceltem PET, auf eine Umverpackung wird verzichtet.<\/p>\r\n<p><img class=\"aligncenter size-full wp-image-197280\" src=\"https:\/\/www.werbewoche.ch\/wp-content\/uploads\/2023\/05\/Nahrin-PR-02.jpg\" alt=\"\" width=\"1200\" height=\"538\" \/><\/p>\r\n<h3><strong>Kommunikation und Rollout in 20 L\u00e4ndern weltweit<\/strong><\/h3>\r\n<p>Begleitend realisierte Ammarkt ein kommunikatives Fundament, das die Produkte f\u00fcr die Vermarktung insbesondere im internationalen Umfeld klar und eingest\u00e4ndig positioniert. Neben dem eing\u00e4ngigen Claim \u00abMeine Extra Power aus der Natur\u00bb thematisieren kraftvolle Bilder Ernte und Verarbeitung der nat\u00fcrlichen Rohstoffe.<\/p>\r\n<p>Nach dem Schweiz-Rollout Anfang April sind die neuen Nahrungserg\u00e4nzungsmittel nach und nach in allen 20 Absatzl\u00e4ndern online oder durch den Direktvertrieb \u00fcber Berater zuhause, an Messen und M\u00e4rkten erh\u00e4ltlich.<\/p>\r\n<p><img class=\"aligncenter size-full wp-image-197278\" src=\"https:\/\/www.werbewoche.ch\/wp-content\/uploads\/2023\/05\/Nahrin-PR-03.jpg\" alt=\"\" width=\"1200\" height=\"900\" \/><\/p>\r\n<hr \/>\r\n<p><strong>Kunde: <\/strong>Nahrin.<strong> Konzeption und Realisation: <\/strong>Ammarkt.<strong> Illustrationen: <\/strong>Jeremy K\u00fcng.<\/p>","protected":false},"excerpt":{"rendered":"<p>Nebst seinem Sortiment f\u00fcr die K\u00fcche ist Nahrin auch seit vielen Jahren im Markt f\u00fcr Nahrungserg\u00e4nzungsmittel t\u00e4tig. Ein wachsender Markt, der sich weltweit dynamisch entwickelt \u2013 was eine visuelle Neuausrichtung des Produktesegments n\u00f6tig machte. Seit April sind nun die Produkte im von Ammarkt erarbeiteten Design erh\u00e4ltlich.<\/p>\n","protected":false},"author":8,"featured_media":0,"comment_status":"closed","ping_status":"closed","sticky":false,"template":"","format":"standard","meta":{"_acf_changed":false,"_yoast_wpseo_focuskw":"Nahrin Nahrungserg\u00e4nzungsmittel","_yoast_wpseo_metadesc":"Nahrin bringt naturbasierte Nahrungserg\u00e4nzungsmittel mit neuem Design und internationaler Vermarktung auf den Markt.","articlekey":"","footnotes":""},"categories":[29],"tags":[3770],"class_list":["post-20089","post","type-post","status-publish","format-standard","hentry","category-marketing","tag-ammarkt"],"acf":[],"yoast_head":"<!-- This site is optimized with the Yoast SEO plugin v27.4 - https:\/\/yoast.com\/product\/yoast-seo-wordpress\/ -->\n<title>Ammarkt verpackt f\u00fcr Nahrin die Kraft aus der Natur - Organisator<\/title>\n<meta name=\"description\" content=\"Nahrin bringt naturbasierte Nahrungserg\u00e4nzungsmittel mit neuem Design und internationaler Vermarktung auf den Markt.\" \/>\n<meta name=\"robots\" content=\"index, follow, max-snippet:-1, max-image-preview:large, max-video-preview:-1\" \/>\n<link rel=\"canonical\" href=\"https:\/\/www.organisator.ch\/de\/marketing\/2023-05-08\/ammarkt-verpackt-fuer-nahrin-die-kraft-aus-der-natur\/\" \/>\n<meta property=\"og:locale\" content=\"de_DE\" \/>\n<meta property=\"og:type\" content=\"article\" \/>\n<meta property=\"og:title\" content=\"Ammarkt verpackt f\u00fcr Nahrin die Kraft aus der Natur - Organisator\" \/>\n<meta property=\"og:description\" content=\"Nahrin bringt naturbasierte Nahrungserg\u00e4nzungsmittel mit neuem Design und internationaler Vermarktung auf den Markt.\" \/>\n<meta property=\"og:url\" content=\"https:\/\/www.organisator.ch\/de\/marketing\/2023-05-08\/ammarkt-verpackt-fuer-nahrin-die-kraft-aus-der-natur\/\" \/>\n<meta property=\"og:site_name\" content=\"Organisator\" \/>\n<meta property=\"article:publisher\" content=\"https:\/\/www.facebook.com\/OrganisatorFachmagazin\" \/>\n<meta property=\"article:published_time\" content=\"2023-05-08T15:18:58+00:00\" \/>\n<meta property=\"article:modified_time\" content=\"2024-11-16T09:41:11+00:00\" \/>\n<meta name=\"author\" content=\"galledia\" \/>\n<meta name=\"twitter:card\" content=\"summary_large_image\" \/>\n<meta name=\"twitter:creator\" content=\"@admin\" \/>\n<script type=\"application\/ld+json\" class=\"yoast-schema-graph\">{\"@context\":\"https:\\\/\\\/schema.org\",\"@graph\":[{\"@type\":\"Article\",\"@id\":\"https:\\\/\\\/www.organisator.ch\\\/marketing\\\/2023-05-08\\\/ammarkt-verpackt-fuer-nahrin-die-kraft-aus-der-natur\\\/#article\",\"isPartOf\":{\"@id\":\"https:\\\/\\\/www.organisator.ch\\\/marketing\\\/2023-05-08\\\/ammarkt-verpackt-fuer-nahrin-die-kraft-aus-der-natur\\\/\"},\"author\":{\"name\":\"galledia\",\"@id\":\"https:\\\/\\\/www.organisator.ch\\\/#\\\/schema\\\/person\\\/4e51799071cd2dd1232ac003643ef5f0\"},\"headline\":\"Ammarkt verpackt f\u00fcr Nahrin die Kraft aus der Natur\",\"datePublished\":\"2023-05-08T15:18:58+00:00\",\"dateModified\":\"2024-11-16T09:41:11+00:00\",\"mainEntityOfPage\":{\"@id\":\"https:\\\/\\\/www.organisator.ch\\\/marketing\\\/2023-05-08\\\/ammarkt-verpackt-fuer-nahrin-die-kraft-aus-der-natur\\\/\"},\"wordCount\":278,\"publisher\":{\"@id\":\"https:\\\/\\\/www.organisator.ch\\\/#organization\"},\"image\":{\"@id\":\"https:\\\/\\\/www.organisator.ch\\\/marketing\\\/2023-05-08\\\/ammarkt-verpackt-fuer-nahrin-die-kraft-aus-der-natur\\\/#primaryimage\"},\"thumbnailUrl\":\"https:\\\/\\\/www.werbewoche.ch\\\/wp-content\\\/uploads\\\/2023\\\/05\\\/Nahrin-PR-01.jpg\",\"keywords\":[\"Ammarkt\"],\"articleSection\":[\"MARKETING\"],\"inLanguage\":\"de\"},{\"@type\":\"WebPage\",\"@id\":\"https:\\\/\\\/www.organisator.ch\\\/marketing\\\/2023-05-08\\\/ammarkt-verpackt-fuer-nahrin-die-kraft-aus-der-natur\\\/\",\"url\":\"https:\\\/\\\/www.organisator.ch\\\/marketing\\\/2023-05-08\\\/ammarkt-verpackt-fuer-nahrin-die-kraft-aus-der-natur\\\/\",\"name\":\"Ammarkt verpackt f\u00fcr Nahrin die Kraft aus der Natur - Organisator\",\"isPartOf\":{\"@id\":\"https:\\\/\\\/www.organisator.ch\\\/#website\"},\"primaryImageOfPage\":{\"@id\":\"https:\\\/\\\/www.organisator.ch\\\/marketing\\\/2023-05-08\\\/ammarkt-verpackt-fuer-nahrin-die-kraft-aus-der-natur\\\/#primaryimage\"},\"image\":{\"@id\":\"https:\\\/\\\/www.organisator.ch\\\/marketing\\\/2023-05-08\\\/ammarkt-verpackt-fuer-nahrin-die-kraft-aus-der-natur\\\/#primaryimage\"},\"thumbnailUrl\":\"https:\\\/\\\/www.werbewoche.ch\\\/wp-content\\\/uploads\\\/2023\\\/05\\\/Nahrin-PR-01.jpg\",\"datePublished\":\"2023-05-08T15:18:58+00:00\",\"dateModified\":\"2024-11-16T09:41:11+00:00\",\"description\":\"Nahrin bringt naturbasierte Nahrungserg\u00e4nzungsmittel mit neuem Design und internationaler Vermarktung auf den Markt.\",\"breadcrumb\":{\"@id\":\"https:\\\/\\\/www.organisator.ch\\\/marketing\\\/2023-05-08\\\/ammarkt-verpackt-fuer-nahrin-die-kraft-aus-der-natur\\\/#breadcrumb\"},\"inLanguage\":\"de\",\"potentialAction\":[{\"@type\":\"ReadAction\",\"target\":[\"https:\\\/\\\/www.organisator.ch\\\/marketing\\\/2023-05-08\\\/ammarkt-verpackt-fuer-nahrin-die-kraft-aus-der-natur\\\/\"]}]},{\"@type\":\"ImageObject\",\"inLanguage\":\"de\",\"@id\":\"https:\\\/\\\/www.organisator.ch\\\/marketing\\\/2023-05-08\\\/ammarkt-verpackt-fuer-nahrin-die-kraft-aus-der-natur\\\/#primaryimage\",\"url\":\"https:\\\/\\\/www.werbewoche.ch\\\/wp-content\\\/uploads\\\/2023\\\/05\\\/Nahrin-PR-01.jpg\",\"contentUrl\":\"https:\\\/\\\/www.werbewoche.ch\\\/wp-content\\\/uploads\\\/2023\\\/05\\\/Nahrin-PR-01.jpg\"},{\"@type\":\"BreadcrumbList\",\"@id\":\"https:\\\/\\\/www.organisator.ch\\\/marketing\\\/2023-05-08\\\/ammarkt-verpackt-fuer-nahrin-die-kraft-aus-der-natur\\\/#breadcrumb\",\"itemListElement\":[{\"@type\":\"ListItem\",\"position\":1,\"name\":\"Home\",\"item\":\"https:\\\/\\\/www.organisator.ch\\\/\"},{\"@type\":\"ListItem\",\"position\":2,\"name\":\"Ammarkt verpackt f\u00fcr Nahrin die Kraft aus der Natur\"}]},{\"@type\":\"WebSite\",\"@id\":\"https:\\\/\\\/www.organisator.ch\\\/#website\",\"url\":\"https:\\\/\\\/www.organisator.ch\\\/\",\"name\":\"Organisator\",\"description\":\"Kompetent. Praxisnah. Der ORGANISATOR bereitet in 10 Ausgaben pro Jahr die wesentlichen Themen f\u00fcr F\u00fchrungskr\u00e4fte von KMU auf.\",\"publisher\":{\"@id\":\"https:\\\/\\\/www.organisator.ch\\\/#organization\"},\"potentialAction\":[{\"@type\":\"SearchAction\",\"target\":{\"@type\":\"EntryPoint\",\"urlTemplate\":\"https:\\\/\\\/www.organisator.ch\\\/?s={search_term_string}\"},\"query-input\":{\"@type\":\"PropertyValueSpecification\",\"valueRequired\":true,\"valueName\":\"search_term_string\"}}],\"inLanguage\":\"de\"},{\"@type\":\"Organization\",\"@id\":\"https:\\\/\\\/www.organisator.ch\\\/#organization\",\"name\":\"Organisator\",\"url\":\"https:\\\/\\\/www.organisator.ch\\\/\",\"logo\":{\"@type\":\"ImageObject\",\"inLanguage\":\"de\",\"@id\":\"https:\\\/\\\/www.organisator.ch\\\/#\\\/schema\\\/logo\\\/image\\\/\",\"url\":\"https:\\\/\\\/www.organisator.ch\\\/wp-content\\\/uploads\\\/2022\\\/01\\\/Logo_Organisator_Website.png\",\"contentUrl\":\"https:\\\/\\\/www.organisator.ch\\\/wp-content\\\/uploads\\\/2022\\\/01\\\/Logo_Organisator_Website.png\",\"width\":800,\"height\":77,\"caption\":\"Organisator\"},\"image\":{\"@id\":\"https:\\\/\\\/www.organisator.ch\\\/#\\\/schema\\\/logo\\\/image\\\/\"},\"sameAs\":[\"https:\\\/\\\/www.facebook.com\\\/OrganisatorFachmagazin\",\"https:\\\/\\\/www.linkedin.com\\\/showcase\\\/organisator-das-magazin-fr-kmu\",\"https:\\\/\\\/www.xing.com\\\/news\\\/pages\\\/organisator-ch-695\",\"https:\\\/\\\/www.youtube.com\\\/channel\\\/UCGP2Sq0iWaZwT3BdIAQFYpw\"]},{\"@type\":\"Person\",\"@id\":\"https:\\\/\\\/www.organisator.ch\\\/#\\\/schema\\\/person\\\/4e51799071cd2dd1232ac003643ef5f0\",\"name\":\"galledia\",\"image\":{\"@type\":\"ImageObject\",\"inLanguage\":\"de\",\"@id\":\"https:\\\/\\\/secure.gravatar.com\\\/avatar\\\/78a7f90c01fc2bfc875782a0d4922b37cde2cf184ce347b91316d23cd7f69a36?s=96&d=mm&r=g\",\"url\":\"https:\\\/\\\/secure.gravatar.com\\\/avatar\\\/78a7f90c01fc2bfc875782a0d4922b37cde2cf184ce347b91316d23cd7f69a36?s=96&d=mm&r=g\",\"contentUrl\":\"https:\\\/\\\/secure.gravatar.com\\\/avatar\\\/78a7f90c01fc2bfc875782a0d4922b37cde2cf184ce347b91316d23cd7f69a36?s=96&d=mm&r=g\",\"caption\":\"galledia\"},\"sameAs\":[\"https:\\\/\\\/x.com\\\/admin\"],\"url\":\"https:\\\/\\\/www.organisator.ch\\\/de\\\/author\\\/galledia\\\/\"}]}<\/script>\n<!-- \/ Yoast SEO plugin. -->","yoast_head_json":{"title":"Ammarkt verpackt f\u00fcr Nahrin die Kraft aus der Natur - Organisator","description":"Nahrin bringt naturbasierte Nahrungserg\u00e4nzungsmittel mit neuem Design und internationaler Vermarktung auf den Markt.","robots":{"index":"index","follow":"follow","max-snippet":"max-snippet:-1","max-image-preview":"max-image-preview:large","max-video-preview":"max-video-preview:-1"},"canonical":"https:\/\/www.organisator.ch\/de\/marketing\/2023-05-08\/ammarkt-verpackt-fuer-nahrin-die-kraft-aus-der-natur\/","og_locale":"de_DE","og_type":"article","og_title":"Ammarkt verpackt f\u00fcr Nahrin die Kraft aus der Natur - Organisator","og_description":"Nahrin bringt naturbasierte Nahrungserg\u00e4nzungsmittel mit neuem Design und internationaler Vermarktung auf den Markt.","og_url":"https:\/\/www.organisator.ch\/de\/marketing\/2023-05-08\/ammarkt-verpackt-fuer-nahrin-die-kraft-aus-der-natur\/","og_site_name":"Organisator","article_publisher":"https:\/\/www.facebook.com\/OrganisatorFachmagazin","article_published_time":"2023-05-08T15:18:58+00:00","article_modified_time":"2024-11-16T09:41:11+00:00","author":"galledia","twitter_card":"summary_large_image","twitter_creator":"@admin","schema":{"@context":"https:\/\/schema.org","@graph":[{"@type":"Article","@id":"https:\/\/www.organisator.ch\/marketing\/2023-05-08\/ammarkt-verpackt-fuer-nahrin-die-kraft-aus-der-natur\/#article","isPartOf":{"@id":"https:\/\/www.organisator.ch\/marketing\/2023-05-08\/ammarkt-verpackt-fuer-nahrin-die-kraft-aus-der-natur\/"},"author":{"name":"galledia","@id":"https:\/\/www.organisator.ch\/#\/schema\/person\/4e51799071cd2dd1232ac003643ef5f0"},"headline":"Ammarkt verpackt f\u00fcr Nahrin die Kraft aus der Natur","datePublished":"2023-05-08T15:18:58+00:00","dateModified":"2024-11-16T09:41:11+00:00","mainEntityOfPage":{"@id":"https:\/\/www.organisator.ch\/marketing\/2023-05-08\/ammarkt-verpackt-fuer-nahrin-die-kraft-aus-der-natur\/"},"wordCount":278,"publisher":{"@id":"https:\/\/www.organisator.ch\/#organization"},"image":{"@id":"https:\/\/www.organisator.ch\/marketing\/2023-05-08\/ammarkt-verpackt-fuer-nahrin-die-kraft-aus-der-natur\/#primaryimage"},"thumbnailUrl":"https:\/\/www.werbewoche.ch\/wp-content\/uploads\/2023\/05\/Nahrin-PR-01.jpg","keywords":["Ammarkt"],"articleSection":["MARKETING"],"inLanguage":"de"},{"@type":"WebPage","@id":"https:\/\/www.organisator.ch\/marketing\/2023-05-08\/ammarkt-verpackt-fuer-nahrin-die-kraft-aus-der-natur\/","url":"https:\/\/www.organisator.ch\/marketing\/2023-05-08\/ammarkt-verpackt-fuer-nahrin-die-kraft-aus-der-natur\/","name":"Ammarkt verpackt f\u00fcr Nahrin die Kraft aus der Natur - Organisator","isPartOf":{"@id":"https:\/\/www.organisator.ch\/#website"},"primaryImageOfPage":{"@id":"https:\/\/www.organisator.ch\/marketing\/2023-05-08\/ammarkt-verpackt-fuer-nahrin-die-kraft-aus-der-natur\/#primaryimage"},"image":{"@id":"https:\/\/www.organisator.ch\/marketing\/2023-05-08\/ammarkt-verpackt-fuer-nahrin-die-kraft-aus-der-natur\/#primaryimage"},"thumbnailUrl":"https:\/\/www.werbewoche.ch\/wp-content\/uploads\/2023\/05\/Nahrin-PR-01.jpg","datePublished":"2023-05-08T15:18:58+00:00","dateModified":"2024-11-16T09:41:11+00:00","description":"Nahrin bringt naturbasierte Nahrungserg\u00e4nzungsmittel mit neuem Design und internationaler Vermarktung auf den Markt.","breadcrumb":{"@id":"https:\/\/www.organisator.ch\/marketing\/2023-05-08\/ammarkt-verpackt-fuer-nahrin-die-kraft-aus-der-natur\/#breadcrumb"},"inLanguage":"de","potentialAction":[{"@type":"ReadAction","target":["https:\/\/www.organisator.ch\/marketing\/2023-05-08\/ammarkt-verpackt-fuer-nahrin-die-kraft-aus-der-natur\/"]}]},{"@type":"ImageObject","inLanguage":"de","@id":"https:\/\/www.organisator.ch\/marketing\/2023-05-08\/ammarkt-verpackt-fuer-nahrin-die-kraft-aus-der-natur\/#primaryimage","url":"https:\/\/www.werbewoche.ch\/wp-content\/uploads\/2023\/05\/Nahrin-PR-01.jpg","contentUrl":"https:\/\/www.werbewoche.ch\/wp-content\/uploads\/2023\/05\/Nahrin-PR-01.jpg"},{"@type":"BreadcrumbList","@id":"https:\/\/www.organisator.ch\/marketing\/2023-05-08\/ammarkt-verpackt-fuer-nahrin-die-kraft-aus-der-natur\/#breadcrumb","itemListElement":[{"@type":"ListItem","position":1,"name":"Home","item":"https:\/\/www.organisator.ch\/"},{"@type":"ListItem","position":2,"name":"Ammarkt verpackt f\u00fcr Nahrin die Kraft aus der Natur"}]},{"@type":"WebSite","@id":"https:\/\/www.organisator.ch\/#website","url":"https:\/\/www.organisator.ch\/","name":"Organisator","description":"Kompetent. Praxisnah. Der ORGANISATOR bereitet in 10 Ausgaben pro Jahr die wesentlichen Themen f\u00fcr F\u00fchrungskr\u00e4fte von KMU auf.","publisher":{"@id":"https:\/\/www.organisator.ch\/#organization"},"potentialAction":[{"@type":"SearchAction","target":{"@type":"EntryPoint","urlTemplate":"https:\/\/www.organisator.ch\/?s={search_term_string}"},"query-input":{"@type":"PropertyValueSpecification","valueRequired":true,"valueName":"search_term_string"}}],"inLanguage":"de"},{"@type":"Organization","@id":"https:\/\/www.organisator.ch\/#organization","name":"Organisator","url":"https:\/\/www.organisator.ch\/","logo":{"@type":"ImageObject","inLanguage":"de","@id":"https:\/\/www.organisator.ch\/#\/schema\/logo\/image\/","url":"https:\/\/www.organisator.ch\/wp-content\/uploads\/2022\/01\/Logo_Organisator_Website.png","contentUrl":"https:\/\/www.organisator.ch\/wp-content\/uploads\/2022\/01\/Logo_Organisator_Website.png","width":800,"height":77,"caption":"Organisator"},"image":{"@id":"https:\/\/www.organisator.ch\/#\/schema\/logo\/image\/"},"sameAs":["https:\/\/www.facebook.com\/OrganisatorFachmagazin","https:\/\/www.linkedin.com\/showcase\/organisator-das-magazin-fr-kmu","https:\/\/www.xing.com\/news\/pages\/organisator-ch-695","https:\/\/www.youtube.com\/channel\/UCGP2Sq0iWaZwT3BdIAQFYpw"]},{"@type":"Person","@id":"https:\/\/www.organisator.ch\/#\/schema\/person\/4e51799071cd2dd1232ac003643ef5f0","name":"galledia","image":{"@type":"ImageObject","inLanguage":"de","@id":"https:\/\/secure.gravatar.com\/avatar\/78a7f90c01fc2bfc875782a0d4922b37cde2cf184ce347b91316d23cd7f69a36?s=96&d=mm&r=g","url":"https:\/\/secure.gravatar.com\/avatar\/78a7f90c01fc2bfc875782a0d4922b37cde2cf184ce347b91316d23cd7f69a36?s=96&d=mm&r=g","contentUrl":"https:\/\/secure.gravatar.com\/avatar\/78a7f90c01fc2bfc875782a0d4922b37cde2cf184ce347b91316d23cd7f69a36?s=96&d=mm&r=g","caption":"galledia"},"sameAs":["https:\/\/x.com\/admin"],"url":"https:\/\/www.organisator.ch\/de\/author\/galledia\/"}]}},"_links":{"self":[{"href":"https:\/\/www.organisator.ch\/de\/wp-json\/wp\/v2\/posts\/20089","targetHints":{"allow":["GET"]}}],"collection":[{"href":"https:\/\/www.organisator.ch\/de\/wp-json\/wp\/v2\/posts"}],"about":[{"href":"https:\/\/www.organisator.ch\/de\/wp-json\/wp\/v2\/types\/post"}],"author":[{"embeddable":true,"href":"https:\/\/www.organisator.ch\/de\/wp-json\/wp\/v2\/users\/8"}],"replies":[{"embeddable":true,"href":"https:\/\/www.organisator.ch\/de\/wp-json\/wp\/v2\/comments?post=20089"}],"version-history":[{"count":4,"href":"https:\/\/www.organisator.ch\/de\/wp-json\/wp\/v2\/posts\/20089\/revisions"}],"predecessor-version":[{"id":33159,"href":"https:\/\/www.organisator.ch\/de\/wp-json\/wp\/v2\/posts\/20089\/revisions\/33159"}],"wp:attachment":[{"href":"https:\/\/www.organisator.ch\/de\/wp-json\/wp\/v2\/media?parent=20089"}],"wp:term":[{"taxonomy":"category","embeddable":true,"href":"https:\/\/www.organisator.ch\/de\/wp-json\/wp\/v2\/categories?post=20089"},{"taxonomy":"post_tag","embeddable":true,"href":"https:\/\/www.organisator.ch\/de\/wp-json\/wp\/v2\/tags?post=20089"}],"curies":[{"name":"wp","href":"https:\/\/api.w.org\/{rel}","templated":true}]}}