{"id":20099,"date":"2023-05-09T09:36:59","date_gmt":"2023-05-09T07:36:59","guid":{"rendered":"https:\/\/www.organisator.ch\/?p=20099"},"modified":"2023-05-09T09:36:59","modified_gmt":"2023-05-09T07:36:59","slug":"e-mobilitaet-schweiz-ist-gut-vorbereitet","status":"publish","type":"post","link":"https:\/\/www.organisator.ch\/de\/sustainability\/2023-05-09\/e-mobilitaet-schweiz-ist-gut-vorbereitet\/","title":{"rendered":"E-Mobilit\u00e4t: Schweiz ist gut vorbereitet"},"content":{"rendered":"<figure id=\"attachment_20100\" aria-describedby=\"caption-attachment-20100\" style=\"width: 680px\" class=\"wp-caption alignnone\"><img loading=\"lazy\" decoding=\"async\" class=\"size-full wp-image-20100\" src=\"https:\/\/www.organisator.ch\/wp-content\/uploads\/2023\/05\/E-Mobilitaet-Schweiz-ist-gut-vorbereitet-1_Organisator.jpg\" alt=\"\" width=\"680\" height=\"481\" srcset=\"https:\/\/www.organisator.ch\/wp-content\/uploads\/2023\/05\/E-Mobilitaet-Schweiz-ist-gut-vorbereitet-1_Organisator.jpg 680w, https:\/\/www.organisator.ch\/wp-content\/uploads\/2023\/05\/E-Mobilitaet-Schweiz-ist-gut-vorbereitet-1_Organisator-18x12.jpg 18w, https:\/\/www.organisator.ch\/wp-content\/uploads\/2023\/05\/E-Mobilitaet-Schweiz-ist-gut-vorbereitet-1_Organisator-375x265.jpg 375w, https:\/\/www.organisator.ch\/wp-content\/uploads\/2023\/05\/E-Mobilitaet-Schweiz-ist-gut-vorbereitet-1_Organisator-495x350.jpg 495w\" sizes=\"auto, (max-width: 680px) 100vw, 680px\" \/><figcaption id=\"caption-attachment-20100\" class=\"wp-caption-text\">Unter den europ\u00e4ischen L\u00e4ndern z\u00e4hlt die Schweiz beim Reifegrad des Marktes sogar zu den Top 15. (Grafik: LeasePlan)<\/figcaption><\/figure>\n<p>Der Car-as-a-Service-Anbieter LeasePlan untersucht regelm\u00e4ssig den Entwicklungsstand der E-Mobilit\u00e4t in Europa. Auch unser Land kann sich auf den Treiber Europa verlassen. Dies ist eine der Hauptschlussfolgerungen aus dem EV Readiness Index 2023 von LeasePlan, in dem umfassend analysiert wird, wie die 22 europ\u00e4ischen L\u00e4nder auf die elektrische Revolution bei der Mobilit\u00e4t ger\u00fcstet sind. Der Index basiert auf drei Faktoren: dem Reifegrad des EV-Markts, dem Reifegrad der EV-Infrastruktur und den Gesamtbetriebskosten (TCO) eines EV in jedem Land.<\/p>\n<p>\u00abDie Schweiz ist bereit f\u00fcr eine elektrische Zukunft. Die Nachfrage nach Elektrofahrzeugen ist hierzulande konstant hoch. Unter den europ\u00e4ischen L\u00e4ndern z\u00e4hlen wir beim Reifegrad des Marktes sogar zu den Top 15. Einzig bei der Infrastruktur und bei den Gesamtbetriebskosten haben wir noch starken Aufholbedarf. Die skandinavischen L\u00e4nder zeigen, dass die Nachfrage weiter gest\u00e4rkt werden kann, wenn eine einheitliche, staatliche Unterst\u00fctzung vorhanden ist. Daher braucht es st\u00e4rkere politische Massnahmen auf Bundesebene\u00bb, beurteilt Niklas Zetterlund die Schweiz im aktuellen EV Readiness Index 2023. In Bezug auf den Reifegrad des EV-Marktes konnte die Schweiz gegen\u00fcber\u00a0sogar einen Platz gut machen.<\/p>\n<figure id=\"attachment_20101\" aria-describedby=\"caption-attachment-20101\" style=\"width: 680px\" class=\"wp-caption alignnone\"><img loading=\"lazy\" decoding=\"async\" class=\"size-full wp-image-20101\" src=\"https:\/\/www.organisator.ch\/wp-content\/uploads\/2023\/05\/E-Mobilitaet-Schweiz-ist-gut-vorbereitet-2_Organisator.jpg\" alt=\"\" width=\"680\" height=\"453\" srcset=\"https:\/\/www.organisator.ch\/wp-content\/uploads\/2023\/05\/E-Mobilitaet-Schweiz-ist-gut-vorbereitet-2_Organisator.jpg 680w, https:\/\/www.organisator.ch\/wp-content\/uploads\/2023\/05\/E-Mobilitaet-Schweiz-ist-gut-vorbereitet-2_Organisator-18x12.jpg 18w, https:\/\/www.organisator.ch\/wp-content\/uploads\/2023\/05\/E-Mobilitaet-Schweiz-ist-gut-vorbereitet-2_Organisator-375x250.jpg 375w, https:\/\/www.organisator.ch\/wp-content\/uploads\/2023\/05\/E-Mobilitaet-Schweiz-ist-gut-vorbereitet-2_Organisator-525x350.jpg 525w\" sizes=\"auto, (max-width: 680px) 100vw, 680px\" \/><figcaption id=\"caption-attachment-20101\" class=\"wp-caption-text\">\u00abDie Schweiz ist bereit f\u00fcr eine elektrische Zukunft\u00bb &#8211; Niklas Zetterlund, Managing Director LeasePlan Schweiz. (Bild: LeasePlan)<\/figcaption><\/figure>\n<p>Die wichtigsten Erkenntnisse aus dem Index 2023 zeigen einen\u00a0Anstieg um 12\u00a0% (72 Punkte insgesamt) bei der EV-Bereitschaft in den untersuchten L\u00e4ndern, was eine allgemeine Verbesserung des EV-Reifegrads in ganz Europa hervorhebt. Insgesamt stieg der Reifegrad des Markts f\u00fcr E-Mobilit\u00e4t um 19 % (42 Punkte) in ganz Europa, was eine insgesamt verbesserte Durchdringung mit EV in den europ\u00e4ischen L\u00e4ndern widerspiegelt. Auch bei der Ladeinfrastruktur gab es erhebliche Verbesserungen. Hier stieg der Index um 43 Prozent (45 Punkte) in ganz Europa. Die lokalen und nationalen Regierungen sowie die EU-Regierung werden zuk\u00fcnftig aber weiter in die Ladeinfrastruktur investieren m\u00fcssen, damit diese mit der stark ansteigenden Nachfrage Schritt halten kann, so die Studie.<\/p>\n<p>Obwohl EV in den meisten L\u00e4ndern g\u00fcnstiger sind als ein vergleichbares Fahrzeug mit Verbrennungsmotor, war der TCO-Reifegrad bei den EV leicht r\u00fcckg\u00e4ngig (6 % bzw. 14 Punkte). Dies war haupts\u00e4chlich bedingt durch die steigenden Energiepreise 2022. Und: Die Schweiz weist zusammen mit Rum\u00e4nien &#8211; im Vergleich zu 2022 &#8211; den h\u00f6chsten Anstieg bei den EV-Laufzeiten auf. Im Allgemeinen ist die Laufzeit in allen L\u00e4ndern gestiegen oder gleich geblieben, mit Ausnahme von Italien.<\/p>\n<p><em>Quelle: <a href=\"https:\/\/www.leaseplan.com\/de-ch\/\">LeasePlan<\/a><\/em><\/p>\n","protected":false},"excerpt":{"rendered":"<p>Europa ist besser denn je auf den Wechsel hin zur E-Mobilit\u00e4t und Elektrofahrzeugen (EV) vorbereitet. Beim EV-Reifegrad zeigen sich auf dem ganzen Kontinent enorme Verbesserungen.  <\/p>\n","protected":false},"author":4,"featured_media":20101,"comment_status":"closed","ping_status":"closed","sticky":false,"template":"","format":"standard","meta":{"_acf_changed":false,"_yoast_wpseo_focuskw":"E-Mobilit\u00e4t","_yoast_wpseo_metadesc":"Europa ist besser denn je auf den Wechsel hin zur E-Mobilit\u00e4t und Elektrofahrzeugen (EV) vorbereitet. Die Schweiz h\u00e4lt gut mit.","articlekey":"","footnotes":""},"categories":[580],"tags":[1006,358,459],"class_list":["post-20099","post","type-post","status-publish","format-standard","has-post-thumbnail","hentry","category-sustainability","tag-e-mobilitaet","tag-nachhaltige-wirtschaft","tag-studie"],"acf":[],"yoast_head":"<!-- This site is optimized with the Yoast SEO plugin v27.5 - https:\/\/yoast.com\/product\/yoast-seo-wordpress\/ -->\n<title>E-Mobilit\u00e4t: Schweiz ist gut vorbereitet - Organisator<\/title>\n<meta name=\"description\" content=\"Europa ist besser denn je auf den Wechsel hin zur E-Mobilit\u00e4t und Elektrofahrzeugen (EV) vorbereitet. Die Schweiz h\u00e4lt gut mit.\" \/>\n<meta name=\"robots\" content=\"index, follow, max-snippet:-1, max-image-preview:large, max-video-preview:-1\" \/>\n<link rel=\"canonical\" href=\"https:\/\/www.organisator.ch\/de\/sustainability\/2023-05-09\/e-mobilitaet-schweiz-ist-gut-vorbereitet\/\" \/>\n<meta property=\"og:locale\" content=\"de_DE\" \/>\n<meta property=\"og:type\" content=\"article\" \/>\n<meta property=\"og:title\" content=\"E-Mobilit\u00e4t: Schweiz ist gut vorbereitet\" \/>\n<meta property=\"og:description\" content=\"Europa ist besser denn je auf den Wechsel hin zur E-Mobilit\u00e4t und Elektrofahrzeugen (EV) vorbereitet. Die Schweiz h\u00e4lt gut mit.\" \/>\n<meta property=\"og:url\" content=\"https:\/\/www.organisator.ch\/de\/sustainability\/2023-05-09\/e-mobilitaet-schweiz-ist-gut-vorbereitet\/\" \/>\n<meta property=\"og:site_name\" content=\"Organisator\" \/>\n<meta property=\"article:publisher\" content=\"https:\/\/www.facebook.com\/OrganisatorFachmagazin\" \/>\n<meta property=\"article:published_time\" content=\"2023-05-09T07:36:59+00:00\" \/>\n<meta property=\"og:image\" content=\"https:\/\/www.organisator.ch\/wp-content\/uploads\/2023\/05\/E-Mobilitaet-Schweiz-ist-gut-vorbereitet-2_Organisator.jpg\" \/>\n\t<meta property=\"og:image:width\" content=\"680\" \/>\n\t<meta property=\"og:image:height\" content=\"453\" \/>\n\t<meta property=\"og:image:type\" content=\"image\/jpeg\" \/>\n<meta name=\"author\" content=\"thomas.berner\" \/>\n<meta name=\"twitter:card\" content=\"summary_large_image\" \/>\n<meta name=\"twitter:title\" content=\"#E-Mobilit\u00e4t: Schweiz ist gut vorbereitet\" \/>\n<meta name=\"twitter:description\" content=\"Europa ist besser denn je auf den Wechsel hin zur #E-Mobilit\u00e4t und #Elektrofahrzeugen (EV) vorbereitet. Die #Schweiz h\u00e4lt gut mit.\" \/>\n<meta name=\"twitter:image\" content=\"https:\/\/www.organisator.ch\/wp-content\/uploads\/2023\/05\/E-Mobilitaet-Schweiz-ist-gut-vorbereitet-2_Organisator.jpg\" \/>\n<script type=\"application\/ld+json\" class=\"yoast-schema-graph\">{\"@context\":\"https:\\\/\\\/schema.org\",\"@graph\":[{\"@type\":\"Article\",\"@id\":\"https:\\\/\\\/www.organisator.ch\\\/sustainability\\\/2023-05-09\\\/e-mobilitaet-schweiz-ist-gut-vorbereitet\\\/#article\",\"isPartOf\":{\"@id\":\"https:\\\/\\\/www.organisator.ch\\\/sustainability\\\/2023-05-09\\\/e-mobilitaet-schweiz-ist-gut-vorbereitet\\\/\"},\"author\":{\"name\":\"thomas.berner\",\"@id\":\"https:\\\/\\\/www.organisator.ch\\\/#\\\/schema\\\/person\\\/6f650f90b2842cd4c0cc334b4e36f67e\"},\"headline\":\"E-Mobilit\u00e4t: Schweiz ist gut vorbereitet\",\"datePublished\":\"2023-05-09T07:36:59+00:00\",\"mainEntityOfPage\":{\"@id\":\"https:\\\/\\\/www.organisator.ch\\\/sustainability\\\/2023-05-09\\\/e-mobilitaet-schweiz-ist-gut-vorbereitet\\\/\"},\"wordCount\":428,\"publisher\":{\"@id\":\"https:\\\/\\\/www.organisator.ch\\\/#organization\"},\"image\":{\"@id\":\"https:\\\/\\\/www.organisator.ch\\\/sustainability\\\/2023-05-09\\\/e-mobilitaet-schweiz-ist-gut-vorbereitet\\\/#primaryimage\"},\"thumbnailUrl\":\"https:\\\/\\\/www.organisator.ch\\\/wp-content\\\/uploads\\\/2023\\\/05\\\/E-Mobilitaet-Schweiz-ist-gut-vorbereitet-2_Organisator.jpg\",\"keywords\":[\"E-Mobilit\u00e4t\",\"Nachhaltige Wirtschaft\",\"Studie\"],\"articleSection\":[\"SUSTAINABILITY\"],\"inLanguage\":\"de\"},{\"@type\":\"WebPage\",\"@id\":\"https:\\\/\\\/www.organisator.ch\\\/sustainability\\\/2023-05-09\\\/e-mobilitaet-schweiz-ist-gut-vorbereitet\\\/\",\"url\":\"https:\\\/\\\/www.organisator.ch\\\/sustainability\\\/2023-05-09\\\/e-mobilitaet-schweiz-ist-gut-vorbereitet\\\/\",\"name\":\"E-Mobilit\u00e4t: Schweiz ist gut vorbereitet - Organisator\",\"isPartOf\":{\"@id\":\"https:\\\/\\\/www.organisator.ch\\\/#website\"},\"primaryImageOfPage\":{\"@id\":\"https:\\\/\\\/www.organisator.ch\\\/sustainability\\\/2023-05-09\\\/e-mobilitaet-schweiz-ist-gut-vorbereitet\\\/#primaryimage\"},\"image\":{\"@id\":\"https:\\\/\\\/www.organisator.ch\\\/sustainability\\\/2023-05-09\\\/e-mobilitaet-schweiz-ist-gut-vorbereitet\\\/#primaryimage\"},\"thumbnailUrl\":\"https:\\\/\\\/www.organisator.ch\\\/wp-content\\\/uploads\\\/2023\\\/05\\\/E-Mobilitaet-Schweiz-ist-gut-vorbereitet-2_Organisator.jpg\",\"datePublished\":\"2023-05-09T07:36:59+00:00\",\"description\":\"Europa ist besser denn je auf den Wechsel hin zur E-Mobilit\u00e4t und Elektrofahrzeugen (EV) vorbereitet. Die Schweiz h\u00e4lt gut mit.\",\"breadcrumb\":{\"@id\":\"https:\\\/\\\/www.organisator.ch\\\/sustainability\\\/2023-05-09\\\/e-mobilitaet-schweiz-ist-gut-vorbereitet\\\/#breadcrumb\"},\"inLanguage\":\"de\",\"potentialAction\":[{\"@type\":\"ReadAction\",\"target\":[\"https:\\\/\\\/www.organisator.ch\\\/sustainability\\\/2023-05-09\\\/e-mobilitaet-schweiz-ist-gut-vorbereitet\\\/\"]}]},{\"@type\":\"ImageObject\",\"inLanguage\":\"de\",\"@id\":\"https:\\\/\\\/www.organisator.ch\\\/sustainability\\\/2023-05-09\\\/e-mobilitaet-schweiz-ist-gut-vorbereitet\\\/#primaryimage\",\"url\":\"https:\\\/\\\/www.organisator.ch\\\/wp-content\\\/uploads\\\/2023\\\/05\\\/E-Mobilitaet-Schweiz-ist-gut-vorbereitet-2_Organisator.jpg\",\"contentUrl\":\"https:\\\/\\\/www.organisator.ch\\\/wp-content\\\/uploads\\\/2023\\\/05\\\/E-Mobilitaet-Schweiz-ist-gut-vorbereitet-2_Organisator.jpg\",\"width\":680,\"height\":453,\"caption\":\"\u00abDie Schweiz ist bereit f\u00fcr eine elektrische Zukunft\u00bb - Niklas Zetterlund, Managing Director LeasePlan Schweiz. (Bild: LeasePlan)\"},{\"@type\":\"BreadcrumbList\",\"@id\":\"https:\\\/\\\/www.organisator.ch\\\/sustainability\\\/2023-05-09\\\/e-mobilitaet-schweiz-ist-gut-vorbereitet\\\/#breadcrumb\",\"itemListElement\":[{\"@type\":\"ListItem\",\"position\":1,\"name\":\"Home\",\"item\":\"https:\\\/\\\/www.organisator.ch\\\/\"},{\"@type\":\"ListItem\",\"position\":2,\"name\":\"E-Mobilit\u00e4t: Schweiz ist gut vorbereitet\"}]},{\"@type\":\"WebSite\",\"@id\":\"https:\\\/\\\/www.organisator.ch\\\/#website\",\"url\":\"https:\\\/\\\/www.organisator.ch\\\/\",\"name\":\"Organisator\",\"description\":\"Kompetent. Praxisnah. Der ORGANISATOR bereitet in 10 Ausgaben pro Jahr die wesentlichen Themen f\u00fcr F\u00fchrungskr\u00e4fte von KMU auf.\",\"publisher\":{\"@id\":\"https:\\\/\\\/www.organisator.ch\\\/#organization\"},\"potentialAction\":[{\"@type\":\"SearchAction\",\"target\":{\"@type\":\"EntryPoint\",\"urlTemplate\":\"https:\\\/\\\/www.organisator.ch\\\/?s={search_term_string}\"},\"query-input\":{\"@type\":\"PropertyValueSpecification\",\"valueRequired\":true,\"valueName\":\"search_term_string\"}}],\"inLanguage\":\"de\"},{\"@type\":\"Organization\",\"@id\":\"https:\\\/\\\/www.organisator.ch\\\/#organization\",\"name\":\"Organisator\",\"url\":\"https:\\\/\\\/www.organisator.ch\\\/\",\"logo\":{\"@type\":\"ImageObject\",\"inLanguage\":\"de\",\"@id\":\"https:\\\/\\\/www.organisator.ch\\\/#\\\/schema\\\/logo\\\/image\\\/\",\"url\":\"https:\\\/\\\/www.organisator.ch\\\/wp-content\\\/uploads\\\/2022\\\/01\\\/Logo_Organisator_Website.png\",\"contentUrl\":\"https:\\\/\\\/www.organisator.ch\\\/wp-content\\\/uploads\\\/2022\\\/01\\\/Logo_Organisator_Website.png\",\"width\":800,\"height\":77,\"caption\":\"Organisator\"},\"image\":{\"@id\":\"https:\\\/\\\/www.organisator.ch\\\/#\\\/schema\\\/logo\\\/image\\\/\"},\"sameAs\":[\"https:\\\/\\\/www.facebook.com\\\/OrganisatorFachmagazin\",\"https:\\\/\\\/www.linkedin.com\\\/showcase\\\/organisator-das-magazin-fr-kmu\",\"https:\\\/\\\/www.xing.com\\\/news\\\/pages\\\/organisator-ch-695\",\"https:\\\/\\\/www.youtube.com\\\/channel\\\/UCGP2Sq0iWaZwT3BdIAQFYpw\"]},{\"@type\":\"Person\",\"@id\":\"https:\\\/\\\/www.organisator.ch\\\/#\\\/schema\\\/person\\\/6f650f90b2842cd4c0cc334b4e36f67e\",\"name\":\"thomas.berner\",\"image\":{\"@type\":\"ImageObject\",\"inLanguage\":\"de\",\"@id\":\"https:\\\/\\\/secure.gravatar.com\\\/avatar\\\/ac5001d2a36cb6c6cd3e50789007ffca834b477b74a2144564522e944eabff61?s=96&d=mm&r=g\",\"url\":\"https:\\\/\\\/secure.gravatar.com\\\/avatar\\\/ac5001d2a36cb6c6cd3e50789007ffca834b477b74a2144564522e944eabff61?s=96&d=mm&r=g\",\"contentUrl\":\"https:\\\/\\\/secure.gravatar.com\\\/avatar\\\/ac5001d2a36cb6c6cd3e50789007ffca834b477b74a2144564522e944eabff61?s=96&d=mm&r=g\",\"caption\":\"thomas.berner\"},\"url\":\"https:\\\/\\\/www.organisator.ch\\\/de\\\/author\\\/thomas-berner\\\/\"}]}<\/script>\n<!-- \/ Yoast SEO plugin. -->","yoast_head_json":{"title":"E-Mobilit\u00e4t: Schweiz ist gut vorbereitet - Organisator","description":"Europa ist besser denn je auf den Wechsel hin zur E-Mobilit\u00e4t und Elektrofahrzeugen (EV) vorbereitet. Die Schweiz h\u00e4lt gut mit.","robots":{"index":"index","follow":"follow","max-snippet":"max-snippet:-1","max-image-preview":"max-image-preview:large","max-video-preview":"max-video-preview:-1"},"canonical":"https:\/\/www.organisator.ch\/de\/sustainability\/2023-05-09\/e-mobilitaet-schweiz-ist-gut-vorbereitet\/","og_locale":"de_DE","og_type":"article","og_title":"E-Mobilit\u00e4t: Schweiz ist gut vorbereitet","og_description":"Europa ist besser denn je auf den Wechsel hin zur E-Mobilit\u00e4t und Elektrofahrzeugen (EV) vorbereitet. Die Schweiz h\u00e4lt gut mit.","og_url":"https:\/\/www.organisator.ch\/de\/sustainability\/2023-05-09\/e-mobilitaet-schweiz-ist-gut-vorbereitet\/","og_site_name":"Organisator","article_publisher":"https:\/\/www.facebook.com\/OrganisatorFachmagazin","article_published_time":"2023-05-09T07:36:59+00:00","og_image":[{"width":680,"height":453,"url":"https:\/\/www.organisator.ch\/wp-content\/uploads\/2023\/05\/E-Mobilitaet-Schweiz-ist-gut-vorbereitet-2_Organisator.jpg","type":"image\/jpeg"}],"author":"thomas.berner","twitter_card":"summary_large_image","twitter_title":"#E-Mobilit\u00e4t: Schweiz ist gut vorbereitet","twitter_description":"Europa ist besser denn je auf den Wechsel hin zur #E-Mobilit\u00e4t und #Elektrofahrzeugen (EV) vorbereitet. Die #Schweiz h\u00e4lt gut mit.","twitter_image":"https:\/\/www.organisator.ch\/wp-content\/uploads\/2023\/05\/E-Mobilitaet-Schweiz-ist-gut-vorbereitet-2_Organisator.jpg","schema":{"@context":"https:\/\/schema.org","@graph":[{"@type":"Article","@id":"https:\/\/www.organisator.ch\/sustainability\/2023-05-09\/e-mobilitaet-schweiz-ist-gut-vorbereitet\/#article","isPartOf":{"@id":"https:\/\/www.organisator.ch\/sustainability\/2023-05-09\/e-mobilitaet-schweiz-ist-gut-vorbereitet\/"},"author":{"name":"thomas.berner","@id":"https:\/\/www.organisator.ch\/#\/schema\/person\/6f650f90b2842cd4c0cc334b4e36f67e"},"headline":"E-Mobilit\u00e4t: Schweiz ist gut vorbereitet","datePublished":"2023-05-09T07:36:59+00:00","mainEntityOfPage":{"@id":"https:\/\/www.organisator.ch\/sustainability\/2023-05-09\/e-mobilitaet-schweiz-ist-gut-vorbereitet\/"},"wordCount":428,"publisher":{"@id":"https:\/\/www.organisator.ch\/#organization"},"image":{"@id":"https:\/\/www.organisator.ch\/sustainability\/2023-05-09\/e-mobilitaet-schweiz-ist-gut-vorbereitet\/#primaryimage"},"thumbnailUrl":"https:\/\/www.organisator.ch\/wp-content\/uploads\/2023\/05\/E-Mobilitaet-Schweiz-ist-gut-vorbereitet-2_Organisator.jpg","keywords":["E-Mobilit\u00e4t","Nachhaltige Wirtschaft","Studie"],"articleSection":["SUSTAINABILITY"],"inLanguage":"de"},{"@type":"WebPage","@id":"https:\/\/www.organisator.ch\/sustainability\/2023-05-09\/e-mobilitaet-schweiz-ist-gut-vorbereitet\/","url":"https:\/\/www.organisator.ch\/sustainability\/2023-05-09\/e-mobilitaet-schweiz-ist-gut-vorbereitet\/","name":"E-Mobilit\u00e4t: Schweiz ist gut vorbereitet - Organisator","isPartOf":{"@id":"https:\/\/www.organisator.ch\/#website"},"primaryImageOfPage":{"@id":"https:\/\/www.organisator.ch\/sustainability\/2023-05-09\/e-mobilitaet-schweiz-ist-gut-vorbereitet\/#primaryimage"},"image":{"@id":"https:\/\/www.organisator.ch\/sustainability\/2023-05-09\/e-mobilitaet-schweiz-ist-gut-vorbereitet\/#primaryimage"},"thumbnailUrl":"https:\/\/www.organisator.ch\/wp-content\/uploads\/2023\/05\/E-Mobilitaet-Schweiz-ist-gut-vorbereitet-2_Organisator.jpg","datePublished":"2023-05-09T07:36:59+00:00","description":"Europa ist besser denn je auf den Wechsel hin zur E-Mobilit\u00e4t und Elektrofahrzeugen (EV) vorbereitet. Die Schweiz h\u00e4lt gut mit.","breadcrumb":{"@id":"https:\/\/www.organisator.ch\/sustainability\/2023-05-09\/e-mobilitaet-schweiz-ist-gut-vorbereitet\/#breadcrumb"},"inLanguage":"de","potentialAction":[{"@type":"ReadAction","target":["https:\/\/www.organisator.ch\/sustainability\/2023-05-09\/e-mobilitaet-schweiz-ist-gut-vorbereitet\/"]}]},{"@type":"ImageObject","inLanguage":"de","@id":"https:\/\/www.organisator.ch\/sustainability\/2023-05-09\/e-mobilitaet-schweiz-ist-gut-vorbereitet\/#primaryimage","url":"https:\/\/www.organisator.ch\/wp-content\/uploads\/2023\/05\/E-Mobilitaet-Schweiz-ist-gut-vorbereitet-2_Organisator.jpg","contentUrl":"https:\/\/www.organisator.ch\/wp-content\/uploads\/2023\/05\/E-Mobilitaet-Schweiz-ist-gut-vorbereitet-2_Organisator.jpg","width":680,"height":453,"caption":"\u00abDie Schweiz ist bereit f\u00fcr eine elektrische Zukunft\u00bb - Niklas Zetterlund, Managing Director LeasePlan Schweiz. (Bild: LeasePlan)"},{"@type":"BreadcrumbList","@id":"https:\/\/www.organisator.ch\/sustainability\/2023-05-09\/e-mobilitaet-schweiz-ist-gut-vorbereitet\/#breadcrumb","itemListElement":[{"@type":"ListItem","position":1,"name":"Home","item":"https:\/\/www.organisator.ch\/"},{"@type":"ListItem","position":2,"name":"E-Mobilit\u00e4t: Schweiz ist gut vorbereitet"}]},{"@type":"WebSite","@id":"https:\/\/www.organisator.ch\/#website","url":"https:\/\/www.organisator.ch\/","name":"Organisator","description":"Kompetent. Praxisnah. Der ORGANISATOR bereitet in 10 Ausgaben pro Jahr die wesentlichen Themen f\u00fcr F\u00fchrungskr\u00e4fte von KMU auf.","publisher":{"@id":"https:\/\/www.organisator.ch\/#organization"},"potentialAction":[{"@type":"SearchAction","target":{"@type":"EntryPoint","urlTemplate":"https:\/\/www.organisator.ch\/?s={search_term_string}"},"query-input":{"@type":"PropertyValueSpecification","valueRequired":true,"valueName":"search_term_string"}}],"inLanguage":"de"},{"@type":"Organization","@id":"https:\/\/www.organisator.ch\/#organization","name":"Organisator","url":"https:\/\/www.organisator.ch\/","logo":{"@type":"ImageObject","inLanguage":"de","@id":"https:\/\/www.organisator.ch\/#\/schema\/logo\/image\/","url":"https:\/\/www.organisator.ch\/wp-content\/uploads\/2022\/01\/Logo_Organisator_Website.png","contentUrl":"https:\/\/www.organisator.ch\/wp-content\/uploads\/2022\/01\/Logo_Organisator_Website.png","width":800,"height":77,"caption":"Organisator"},"image":{"@id":"https:\/\/www.organisator.ch\/#\/schema\/logo\/image\/"},"sameAs":["https:\/\/www.facebook.com\/OrganisatorFachmagazin","https:\/\/www.linkedin.com\/showcase\/organisator-das-magazin-fr-kmu","https:\/\/www.xing.com\/news\/pages\/organisator-ch-695","https:\/\/www.youtube.com\/channel\/UCGP2Sq0iWaZwT3BdIAQFYpw"]},{"@type":"Person","@id":"https:\/\/www.organisator.ch\/#\/schema\/person\/6f650f90b2842cd4c0cc334b4e36f67e","name":"thomas.berner","image":{"@type":"ImageObject","inLanguage":"de","@id":"https:\/\/secure.gravatar.com\/avatar\/ac5001d2a36cb6c6cd3e50789007ffca834b477b74a2144564522e944eabff61?s=96&d=mm&r=g","url":"https:\/\/secure.gravatar.com\/avatar\/ac5001d2a36cb6c6cd3e50789007ffca834b477b74a2144564522e944eabff61?s=96&d=mm&r=g","contentUrl":"https:\/\/secure.gravatar.com\/avatar\/ac5001d2a36cb6c6cd3e50789007ffca834b477b74a2144564522e944eabff61?s=96&d=mm&r=g","caption":"thomas.berner"},"url":"https:\/\/www.organisator.ch\/de\/author\/thomas-berner\/"}]}},"_links":{"self":[{"href":"https:\/\/www.organisator.ch\/de\/wp-json\/wp\/v2\/posts\/20099","targetHints":{"allow":["GET"]}}],"collection":[{"href":"https:\/\/www.organisator.ch\/de\/wp-json\/wp\/v2\/posts"}],"about":[{"href":"https:\/\/www.organisator.ch\/de\/wp-json\/wp\/v2\/types\/post"}],"author":[{"embeddable":true,"href":"https:\/\/www.organisator.ch\/de\/wp-json\/wp\/v2\/users\/4"}],"replies":[{"embeddable":true,"href":"https:\/\/www.organisator.ch\/de\/wp-json\/wp\/v2\/comments?post=20099"}],"version-history":[{"count":4,"href":"https:\/\/www.organisator.ch\/de\/wp-json\/wp\/v2\/posts\/20099\/revisions"}],"predecessor-version":[{"id":20136,"href":"https:\/\/www.organisator.ch\/de\/wp-json\/wp\/v2\/posts\/20099\/revisions\/20136"}],"wp:featuredmedia":[{"embeddable":true,"href":"https:\/\/www.organisator.ch\/de\/wp-json\/wp\/v2\/media\/20101"}],"wp:attachment":[{"href":"https:\/\/www.organisator.ch\/de\/wp-json\/wp\/v2\/media?parent=20099"}],"wp:term":[{"taxonomy":"category","embeddable":true,"href":"https:\/\/www.organisator.ch\/de\/wp-json\/wp\/v2\/categories?post=20099"},{"taxonomy":"post_tag","embeddable":true,"href":"https:\/\/www.organisator.ch\/de\/wp-json\/wp\/v2\/tags?post=20099"}],"curies":[{"name":"wp","href":"https:\/\/api.w.org\/{rel}","templated":true}]}}