{"id":20120,"date":"2023-05-10T15:44:30","date_gmt":"2023-05-10T13:44:30","guid":{"rendered":"https:\/\/www.organisator.ch\/?p=20120"},"modified":"2023-05-10T15:44:30","modified_gmt":"2023-05-10T13:44:30","slug":"pawi-gruppe-uebernimmt-printmax","status":"publish","type":"post","link":"https:\/\/www.organisator.ch\/de\/management\/2023-05-10\/pawi-gruppe-uebernimmt-printmax\/","title":{"rendered":"PAWI-Gruppe \u00fcbernimmt Printmax"},"content":{"rendered":"<figure id=\"attachment_20122\" aria-describedby=\"caption-attachment-20122\" style=\"width: 680px\" class=\"wp-caption alignnone\"><img loading=\"lazy\" decoding=\"async\" class=\"size-full wp-image-20122\" src=\"https:\/\/www.organisator.ch\/wp-content\/uploads\/2023\/05\/PAWI-Gruppe-uebernimmt-Printmax-1_Organisator.jpg\" alt=\"\" width=\"680\" height=\"528\" srcset=\"https:\/\/www.organisator.ch\/wp-content\/uploads\/2023\/05\/PAWI-Gruppe-uebernimmt-Printmax-1_Organisator.jpg 680w, https:\/\/www.organisator.ch\/wp-content\/uploads\/2023\/05\/PAWI-Gruppe-uebernimmt-Printmax-1_Organisator-15x12.jpg 15w, https:\/\/www.organisator.ch\/wp-content\/uploads\/2023\/05\/PAWI-Gruppe-uebernimmt-Printmax-1_Organisator-375x291.jpg 375w, https:\/\/www.organisator.ch\/wp-content\/uploads\/2023\/05\/PAWI-Gruppe-uebernimmt-Printmax-1_Organisator-451x350.jpg 451w\" sizes=\"auto, (max-width: 680px) 100vw, 680px\" \/><figcaption id=\"caption-attachment-20122\" class=\"wp-caption-text\">Die PAWI-Gruppe, hier das Firmengeb\u00e4ude in Winterthur &#8211; \u00fcbernimmt die polnische Verpackungsdruckerei Printmax. (Bild: PAWI)<\/figcaption><\/figure>\n<p>Seit \u00fcber 60 Jahren produziert PAWI hochwertige Verpackungen aus Karton und Papier f\u00fcr das Back- und S\u00fcsswarengewerbe. Zus\u00e4tzlich bietet das Familienunternehmen Verpackungen f\u00fcr den industriellen Food- und Non-Food-Bereich an. Mit Werken in Winterthur (Schweiz) und Singen (Deutschland) ist es in der Branche sehr gut etabliert. \u00abUnsere Strategie besteht darin, uns gezielt zu vergr\u00f6ssern und neue internationale M\u00e4rkte zu erschliessen. Durch die \u00dcbernahme der polnischen Printmax in Warschau erweitern wir unser Produktangebot auf attraktive Weise und vergr\u00f6ssern unser Kundenportfolio signifikant\u00bb, erl\u00e4utert Andreas Keller, Gesch\u00e4ftsf\u00fchrer der PAWI-Gruppe.<\/p>\n<p>Durch die \u00dcbernahme von Printmax in Warschau (Polen) erh\u00e4lt PAWI ein drittes Verpackungswerk, das rund 80 Mitarbeitende besch\u00e4ftigt und auf Hochveredelung von Faltschachteln im Offsetdruck sowie Heisspr\u00e4gung, Kaltfoliendruck und spezielle Laminagen spezialisiert ist. Dieses Segment bietet PAWI eine attraktive Erweiterung ihres Produktangebotes speziell f\u00fcr den wachsenden Non-Food-Markt. Die \u00dcbernahme von Printmax erweitert das europ\u00e4ische Kundenportfolio der Gruppe und st\u00e4rkt dadurch ihre Wettbewerbsposition erheblich. Die PAWI-Gruppe besch\u00e4ftigt nach der Akquisition rund 370 Mitarbeitende an drei Standorten. Andreas Keller: \u00abDie \u00dcbernahme des in Warschau ans\u00e4ssigen Verpackungswerkes Printmax erm\u00f6glicht es uns, unser Angebot an hochwertigen Verpackungsl\u00f6sungen durch hochveredelte Faltschachteln f\u00fcr die Bereiche Kosmetik, Near-Pharma und Luxusg\u00fcter aller Art zu erweitern.\u00bb<\/p>\n<figure id=\"attachment_20123\" aria-describedby=\"caption-attachment-20123\" style=\"width: 680px\" class=\"wp-caption alignnone\"><img loading=\"lazy\" decoding=\"async\" class=\"size-full wp-image-20123\" src=\"https:\/\/www.organisator.ch\/wp-content\/uploads\/2023\/05\/PAWI-Gruppe-uebernimmt-Printmax-2_Organisator.jpg\" alt=\"\" width=\"680\" height=\"509\" srcset=\"https:\/\/www.organisator.ch\/wp-content\/uploads\/2023\/05\/PAWI-Gruppe-uebernimmt-Printmax-2_Organisator.jpg 680w, https:\/\/www.organisator.ch\/wp-content\/uploads\/2023\/05\/PAWI-Gruppe-uebernimmt-Printmax-2_Organisator-16x12.jpg 16w, https:\/\/www.organisator.ch\/wp-content\/uploads\/2023\/05\/PAWI-Gruppe-uebernimmt-Printmax-2_Organisator-375x281.jpg 375w, https:\/\/www.organisator.ch\/wp-content\/uploads\/2023\/05\/PAWI-Gruppe-uebernimmt-Printmax-2_Organisator-468x350.jpg 468w\" sizes=\"auto, (max-width: 680px) 100vw, 680px\" \/><figcaption id=\"caption-attachment-20123\" class=\"wp-caption-text\">Geh\u00f6ren zum neuen Portfolio von PAWI: Verpackungen f\u00fcr den Near-Pharma-Bereich. (Bild: PAWI \/ Printmax)<\/figcaption><\/figure>\n<p>Seit jeher basiert die Strategie der PAWI-Gruppe auf einer strikten Ausrichtung auf die St\u00e4rken der einzelnen Werke. Diese konsequente Konzentrationsstrategie wird auch mit der \u00dcbernahme von Printmax weiterverfolgt: Es werden keine Auftr\u00e4ge von Winterthur und Singen nach Warschau verschoben, teilt das Unternehmen mit. Durch die konsequente Fokussierung sei PAWI in der Lage, ihren Kundinnen und Kunden ein umfassendes Angebot an innovativen Faltschachteln aus Karton durch das jeweilige Werk anzubieten, heisst es weiter.<\/p>\n<p><em>Quelle: <a href=\"http:\/\/www.pawi.com\">PAWI<\/a><\/em><\/p>\n","protected":false},"excerpt":{"rendered":"<p>Die PAWI-Gruppe \u00fcbernimmt das in Warschau (Polen) ans\u00e4ssige Verpackungswerk Printmax. Damit erweitert PAWI ihr Angebot an hochwertigen Verpackungsl\u00f6sungen aus Kar-ton und Papier f\u00fcr den Food- und Non-Food-Bereich um hochveredelte Faltschachteln f\u00fcr die Bereiche Kosmetik, Near-Pharma und Luxusg\u00fcter aller Art. <\/p>\n","protected":false},"author":4,"featured_media":20122,"comment_status":"closed","ping_status":"closed","sticky":false,"template":"","format":"standard","meta":{"_acf_changed":false,"_yoast_wpseo_focuskw":"PAWI-Gruppe","_yoast_wpseo_metadesc":"Die PAWI-Gruppe \u00fcbernimmt das in Warschau (Polen) ans\u00e4ssige Verpackungswerk Printmax und st\u00e4rkt ihre internationale Wettbewerbsposition.","articlekey":"","footnotes":""},"categories":[28],"tags":[35,492],"class_list":["post-20120","post","type-post","status-publish","format-standard","has-post-thumbnail","hentry","category-management","tag-akquisition","tag-unternehmen"],"acf":[],"yoast_head":"<!-- This site is optimized with the Yoast SEO plugin v27.5 - https:\/\/yoast.com\/product\/yoast-seo-wordpress\/ -->\n<title>PAWI-Gruppe \u00fcbernimmt Printmax - Organisator<\/title>\n<meta name=\"description\" content=\"Die PAWI-Gruppe \u00fcbernimmt das in Warschau (Polen) ans\u00e4ssige Verpackungswerk Printmax und st\u00e4rkt ihre internationale Wettbewerbsposition.\" \/>\n<meta name=\"robots\" content=\"index, follow, max-snippet:-1, max-image-preview:large, max-video-preview:-1\" \/>\n<link rel=\"canonical\" href=\"https:\/\/www.organisator.ch\/de\/management\/2023-05-10\/pawi-gruppe-uebernimmt-printmax\/\" \/>\n<meta property=\"og:locale\" content=\"de_DE\" \/>\n<meta property=\"og:type\" content=\"article\" \/>\n<meta property=\"og:title\" content=\"PAWI-Gruppe \u00fcbernimmt Printmax\" \/>\n<meta property=\"og:description\" content=\"Die PAWI-Gruppe \u00fcbernimmt das in Warschau (Polen) ans\u00e4ssige Verpackungswerk Printmax und st\u00e4rkt ihre internationale Wettbewerbsposition.\" \/>\n<meta property=\"og:url\" content=\"https:\/\/www.organisator.ch\/de\/management\/2023-05-10\/pawi-gruppe-uebernimmt-printmax\/\" \/>\n<meta property=\"og:site_name\" content=\"Organisator\" \/>\n<meta property=\"article:publisher\" content=\"https:\/\/www.facebook.com\/OrganisatorFachmagazin\" \/>\n<meta property=\"article:published_time\" content=\"2023-05-10T13:44:30+00:00\" \/>\n<meta property=\"og:image\" content=\"https:\/\/www.organisator.ch\/wp-content\/uploads\/2023\/05\/PAWI-Gruppe-uebernimmt-Printmax-1_Organisator.jpg\" \/>\n\t<meta property=\"og:image:width\" content=\"680\" \/>\n\t<meta property=\"og:image:height\" content=\"528\" \/>\n\t<meta property=\"og:image:type\" content=\"image\/jpeg\" \/>\n<meta name=\"author\" content=\"thomas.berner\" \/>\n<meta name=\"twitter:card\" content=\"summary_large_image\" \/>\n<meta name=\"twitter:title\" content=\"#PAWI-Gruppe \u00fcbernimmt #Printmax\" \/>\n<meta name=\"twitter:description\" content=\"Die #PAWI-Gruppe \u00fcbernimmt das in Warschau (Polen) ans\u00e4ssige #Verpackungswerk #Printmax und st\u00e4rkt ihre internationale #Wettbewerbsposition.\" \/>\n<meta name=\"twitter:image\" content=\"https:\/\/www.organisator.ch\/wp-content\/uploads\/2023\/05\/PAWI-Gruppe-uebernimmt-Printmax-1_Organisator.jpg\" \/>\n<script type=\"application\/ld+json\" class=\"yoast-schema-graph\">{\"@context\":\"https:\\\/\\\/schema.org\",\"@graph\":[{\"@type\":\"Article\",\"@id\":\"https:\\\/\\\/www.organisator.ch\\\/management\\\/2023-05-10\\\/pawi-gruppe-uebernimmt-printmax\\\/#article\",\"isPartOf\":{\"@id\":\"https:\\\/\\\/www.organisator.ch\\\/management\\\/2023-05-10\\\/pawi-gruppe-uebernimmt-printmax\\\/\"},\"author\":{\"name\":\"thomas.berner\",\"@id\":\"https:\\\/\\\/www.organisator.ch\\\/#\\\/schema\\\/person\\\/6f650f90b2842cd4c0cc334b4e36f67e\"},\"headline\":\"PAWI-Gruppe \u00fcbernimmt Printmax\",\"datePublished\":\"2023-05-10T13:44:30+00:00\",\"mainEntityOfPage\":{\"@id\":\"https:\\\/\\\/www.organisator.ch\\\/management\\\/2023-05-10\\\/pawi-gruppe-uebernimmt-printmax\\\/\"},\"wordCount\":335,\"publisher\":{\"@id\":\"https:\\\/\\\/www.organisator.ch\\\/#organization\"},\"image\":{\"@id\":\"https:\\\/\\\/www.organisator.ch\\\/management\\\/2023-05-10\\\/pawi-gruppe-uebernimmt-printmax\\\/#primaryimage\"},\"thumbnailUrl\":\"https:\\\/\\\/www.organisator.ch\\\/wp-content\\\/uploads\\\/2023\\\/05\\\/PAWI-Gruppe-uebernimmt-Printmax-1_Organisator.jpg\",\"keywords\":[\"Akquisition\",\"Unternehmen\"],\"articleSection\":[\"MANAGEMENT\"],\"inLanguage\":\"de\"},{\"@type\":\"WebPage\",\"@id\":\"https:\\\/\\\/www.organisator.ch\\\/management\\\/2023-05-10\\\/pawi-gruppe-uebernimmt-printmax\\\/\",\"url\":\"https:\\\/\\\/www.organisator.ch\\\/management\\\/2023-05-10\\\/pawi-gruppe-uebernimmt-printmax\\\/\",\"name\":\"PAWI-Gruppe \u00fcbernimmt Printmax - Organisator\",\"isPartOf\":{\"@id\":\"https:\\\/\\\/www.organisator.ch\\\/#website\"},\"primaryImageOfPage\":{\"@id\":\"https:\\\/\\\/www.organisator.ch\\\/management\\\/2023-05-10\\\/pawi-gruppe-uebernimmt-printmax\\\/#primaryimage\"},\"image\":{\"@id\":\"https:\\\/\\\/www.organisator.ch\\\/management\\\/2023-05-10\\\/pawi-gruppe-uebernimmt-printmax\\\/#primaryimage\"},\"thumbnailUrl\":\"https:\\\/\\\/www.organisator.ch\\\/wp-content\\\/uploads\\\/2023\\\/05\\\/PAWI-Gruppe-uebernimmt-Printmax-1_Organisator.jpg\",\"datePublished\":\"2023-05-10T13:44:30+00:00\",\"description\":\"Die PAWI-Gruppe \u00fcbernimmt das in Warschau (Polen) ans\u00e4ssige Verpackungswerk Printmax und st\u00e4rkt ihre internationale Wettbewerbsposition.\",\"breadcrumb\":{\"@id\":\"https:\\\/\\\/www.organisator.ch\\\/management\\\/2023-05-10\\\/pawi-gruppe-uebernimmt-printmax\\\/#breadcrumb\"},\"inLanguage\":\"de\",\"potentialAction\":[{\"@type\":\"ReadAction\",\"target\":[\"https:\\\/\\\/www.organisator.ch\\\/management\\\/2023-05-10\\\/pawi-gruppe-uebernimmt-printmax\\\/\"]}]},{\"@type\":\"ImageObject\",\"inLanguage\":\"de\",\"@id\":\"https:\\\/\\\/www.organisator.ch\\\/management\\\/2023-05-10\\\/pawi-gruppe-uebernimmt-printmax\\\/#primaryimage\",\"url\":\"https:\\\/\\\/www.organisator.ch\\\/wp-content\\\/uploads\\\/2023\\\/05\\\/PAWI-Gruppe-uebernimmt-Printmax-1_Organisator.jpg\",\"contentUrl\":\"https:\\\/\\\/www.organisator.ch\\\/wp-content\\\/uploads\\\/2023\\\/05\\\/PAWI-Gruppe-uebernimmt-Printmax-1_Organisator.jpg\",\"width\":680,\"height\":528,\"caption\":\"Die PAWI-Gruppe, hier das Firmengeb\u00e4ude in Winterthur - \u00fcbernimmt die polnische Verpackungsdruckerei Printmax. (Bild: PAWI)\"},{\"@type\":\"BreadcrumbList\",\"@id\":\"https:\\\/\\\/www.organisator.ch\\\/management\\\/2023-05-10\\\/pawi-gruppe-uebernimmt-printmax\\\/#breadcrumb\",\"itemListElement\":[{\"@type\":\"ListItem\",\"position\":1,\"name\":\"Home\",\"item\":\"https:\\\/\\\/www.organisator.ch\\\/\"},{\"@type\":\"ListItem\",\"position\":2,\"name\":\"PAWI-Gruppe \u00fcbernimmt Printmax\"}]},{\"@type\":\"WebSite\",\"@id\":\"https:\\\/\\\/www.organisator.ch\\\/#website\",\"url\":\"https:\\\/\\\/www.organisator.ch\\\/\",\"name\":\"Organisator\",\"description\":\"Kompetent. Praxisnah. Der ORGANISATOR bereitet in 10 Ausgaben pro Jahr die wesentlichen Themen f\u00fcr F\u00fchrungskr\u00e4fte von KMU auf.\",\"publisher\":{\"@id\":\"https:\\\/\\\/www.organisator.ch\\\/#organization\"},\"potentialAction\":[{\"@type\":\"SearchAction\",\"target\":{\"@type\":\"EntryPoint\",\"urlTemplate\":\"https:\\\/\\\/www.organisator.ch\\\/?s={search_term_string}\"},\"query-input\":{\"@type\":\"PropertyValueSpecification\",\"valueRequired\":true,\"valueName\":\"search_term_string\"}}],\"inLanguage\":\"de\"},{\"@type\":\"Organization\",\"@id\":\"https:\\\/\\\/www.organisator.ch\\\/#organization\",\"name\":\"Organisator\",\"url\":\"https:\\\/\\\/www.organisator.ch\\\/\",\"logo\":{\"@type\":\"ImageObject\",\"inLanguage\":\"de\",\"@id\":\"https:\\\/\\\/www.organisator.ch\\\/#\\\/schema\\\/logo\\\/image\\\/\",\"url\":\"https:\\\/\\\/www.organisator.ch\\\/wp-content\\\/uploads\\\/2022\\\/01\\\/Logo_Organisator_Website.png\",\"contentUrl\":\"https:\\\/\\\/www.organisator.ch\\\/wp-content\\\/uploads\\\/2022\\\/01\\\/Logo_Organisator_Website.png\",\"width\":800,\"height\":77,\"caption\":\"Organisator\"},\"image\":{\"@id\":\"https:\\\/\\\/www.organisator.ch\\\/#\\\/schema\\\/logo\\\/image\\\/\"},\"sameAs\":[\"https:\\\/\\\/www.facebook.com\\\/OrganisatorFachmagazin\",\"https:\\\/\\\/www.linkedin.com\\\/showcase\\\/organisator-das-magazin-fr-kmu\",\"https:\\\/\\\/www.xing.com\\\/news\\\/pages\\\/organisator-ch-695\",\"https:\\\/\\\/www.youtube.com\\\/channel\\\/UCGP2Sq0iWaZwT3BdIAQFYpw\"]},{\"@type\":\"Person\",\"@id\":\"https:\\\/\\\/www.organisator.ch\\\/#\\\/schema\\\/person\\\/6f650f90b2842cd4c0cc334b4e36f67e\",\"name\":\"thomas.berner\",\"image\":{\"@type\":\"ImageObject\",\"inLanguage\":\"de\",\"@id\":\"https:\\\/\\\/secure.gravatar.com\\\/avatar\\\/ac5001d2a36cb6c6cd3e50789007ffca834b477b74a2144564522e944eabff61?s=96&d=mm&r=g\",\"url\":\"https:\\\/\\\/secure.gravatar.com\\\/avatar\\\/ac5001d2a36cb6c6cd3e50789007ffca834b477b74a2144564522e944eabff61?s=96&d=mm&r=g\",\"contentUrl\":\"https:\\\/\\\/secure.gravatar.com\\\/avatar\\\/ac5001d2a36cb6c6cd3e50789007ffca834b477b74a2144564522e944eabff61?s=96&d=mm&r=g\",\"caption\":\"thomas.berner\"},\"url\":\"https:\\\/\\\/www.organisator.ch\\\/de\\\/author\\\/thomas-berner\\\/\"}]}<\/script>\n<!-- \/ Yoast SEO plugin. -->","yoast_head_json":{"title":"PAWI-Gruppe \u00fcbernimmt Printmax - Organisator","description":"Die PAWI-Gruppe \u00fcbernimmt das in Warschau (Polen) ans\u00e4ssige Verpackungswerk Printmax und st\u00e4rkt ihre internationale Wettbewerbsposition.","robots":{"index":"index","follow":"follow","max-snippet":"max-snippet:-1","max-image-preview":"max-image-preview:large","max-video-preview":"max-video-preview:-1"},"canonical":"https:\/\/www.organisator.ch\/de\/management\/2023-05-10\/pawi-gruppe-uebernimmt-printmax\/","og_locale":"de_DE","og_type":"article","og_title":"PAWI-Gruppe \u00fcbernimmt Printmax","og_description":"Die PAWI-Gruppe \u00fcbernimmt das in Warschau (Polen) ans\u00e4ssige Verpackungswerk Printmax und st\u00e4rkt ihre internationale Wettbewerbsposition.","og_url":"https:\/\/www.organisator.ch\/de\/management\/2023-05-10\/pawi-gruppe-uebernimmt-printmax\/","og_site_name":"Organisator","article_publisher":"https:\/\/www.facebook.com\/OrganisatorFachmagazin","article_published_time":"2023-05-10T13:44:30+00:00","og_image":[{"width":680,"height":528,"url":"https:\/\/www.organisator.ch\/wp-content\/uploads\/2023\/05\/PAWI-Gruppe-uebernimmt-Printmax-1_Organisator.jpg","type":"image\/jpeg"}],"author":"thomas.berner","twitter_card":"summary_large_image","twitter_title":"#PAWI-Gruppe \u00fcbernimmt #Printmax","twitter_description":"Die #PAWI-Gruppe \u00fcbernimmt das in Warschau (Polen) ans\u00e4ssige #Verpackungswerk #Printmax und st\u00e4rkt ihre internationale #Wettbewerbsposition.","twitter_image":"https:\/\/www.organisator.ch\/wp-content\/uploads\/2023\/05\/PAWI-Gruppe-uebernimmt-Printmax-1_Organisator.jpg","schema":{"@context":"https:\/\/schema.org","@graph":[{"@type":"Article","@id":"https:\/\/www.organisator.ch\/management\/2023-05-10\/pawi-gruppe-uebernimmt-printmax\/#article","isPartOf":{"@id":"https:\/\/www.organisator.ch\/management\/2023-05-10\/pawi-gruppe-uebernimmt-printmax\/"},"author":{"name":"thomas.berner","@id":"https:\/\/www.organisator.ch\/#\/schema\/person\/6f650f90b2842cd4c0cc334b4e36f67e"},"headline":"PAWI-Gruppe \u00fcbernimmt Printmax","datePublished":"2023-05-10T13:44:30+00:00","mainEntityOfPage":{"@id":"https:\/\/www.organisator.ch\/management\/2023-05-10\/pawi-gruppe-uebernimmt-printmax\/"},"wordCount":335,"publisher":{"@id":"https:\/\/www.organisator.ch\/#organization"},"image":{"@id":"https:\/\/www.organisator.ch\/management\/2023-05-10\/pawi-gruppe-uebernimmt-printmax\/#primaryimage"},"thumbnailUrl":"https:\/\/www.organisator.ch\/wp-content\/uploads\/2023\/05\/PAWI-Gruppe-uebernimmt-Printmax-1_Organisator.jpg","keywords":["Akquisition","Unternehmen"],"articleSection":["MANAGEMENT"],"inLanguage":"de"},{"@type":"WebPage","@id":"https:\/\/www.organisator.ch\/management\/2023-05-10\/pawi-gruppe-uebernimmt-printmax\/","url":"https:\/\/www.organisator.ch\/management\/2023-05-10\/pawi-gruppe-uebernimmt-printmax\/","name":"PAWI-Gruppe \u00fcbernimmt Printmax - Organisator","isPartOf":{"@id":"https:\/\/www.organisator.ch\/#website"},"primaryImageOfPage":{"@id":"https:\/\/www.organisator.ch\/management\/2023-05-10\/pawi-gruppe-uebernimmt-printmax\/#primaryimage"},"image":{"@id":"https:\/\/www.organisator.ch\/management\/2023-05-10\/pawi-gruppe-uebernimmt-printmax\/#primaryimage"},"thumbnailUrl":"https:\/\/www.organisator.ch\/wp-content\/uploads\/2023\/05\/PAWI-Gruppe-uebernimmt-Printmax-1_Organisator.jpg","datePublished":"2023-05-10T13:44:30+00:00","description":"Die PAWI-Gruppe \u00fcbernimmt das in Warschau (Polen) ans\u00e4ssige Verpackungswerk Printmax und st\u00e4rkt ihre internationale Wettbewerbsposition.","breadcrumb":{"@id":"https:\/\/www.organisator.ch\/management\/2023-05-10\/pawi-gruppe-uebernimmt-printmax\/#breadcrumb"},"inLanguage":"de","potentialAction":[{"@type":"ReadAction","target":["https:\/\/www.organisator.ch\/management\/2023-05-10\/pawi-gruppe-uebernimmt-printmax\/"]}]},{"@type":"ImageObject","inLanguage":"de","@id":"https:\/\/www.organisator.ch\/management\/2023-05-10\/pawi-gruppe-uebernimmt-printmax\/#primaryimage","url":"https:\/\/www.organisator.ch\/wp-content\/uploads\/2023\/05\/PAWI-Gruppe-uebernimmt-Printmax-1_Organisator.jpg","contentUrl":"https:\/\/www.organisator.ch\/wp-content\/uploads\/2023\/05\/PAWI-Gruppe-uebernimmt-Printmax-1_Organisator.jpg","width":680,"height":528,"caption":"Die PAWI-Gruppe, hier das Firmengeb\u00e4ude in Winterthur - \u00fcbernimmt die polnische Verpackungsdruckerei Printmax. (Bild: PAWI)"},{"@type":"BreadcrumbList","@id":"https:\/\/www.organisator.ch\/management\/2023-05-10\/pawi-gruppe-uebernimmt-printmax\/#breadcrumb","itemListElement":[{"@type":"ListItem","position":1,"name":"Home","item":"https:\/\/www.organisator.ch\/"},{"@type":"ListItem","position":2,"name":"PAWI-Gruppe \u00fcbernimmt Printmax"}]},{"@type":"WebSite","@id":"https:\/\/www.organisator.ch\/#website","url":"https:\/\/www.organisator.ch\/","name":"Organisator","description":"Kompetent. Praxisnah. Der ORGANISATOR bereitet in 10 Ausgaben pro Jahr die wesentlichen Themen f\u00fcr F\u00fchrungskr\u00e4fte von KMU auf.","publisher":{"@id":"https:\/\/www.organisator.ch\/#organization"},"potentialAction":[{"@type":"SearchAction","target":{"@type":"EntryPoint","urlTemplate":"https:\/\/www.organisator.ch\/?s={search_term_string}"},"query-input":{"@type":"PropertyValueSpecification","valueRequired":true,"valueName":"search_term_string"}}],"inLanguage":"de"},{"@type":"Organization","@id":"https:\/\/www.organisator.ch\/#organization","name":"Organisator","url":"https:\/\/www.organisator.ch\/","logo":{"@type":"ImageObject","inLanguage":"de","@id":"https:\/\/www.organisator.ch\/#\/schema\/logo\/image\/","url":"https:\/\/www.organisator.ch\/wp-content\/uploads\/2022\/01\/Logo_Organisator_Website.png","contentUrl":"https:\/\/www.organisator.ch\/wp-content\/uploads\/2022\/01\/Logo_Organisator_Website.png","width":800,"height":77,"caption":"Organisator"},"image":{"@id":"https:\/\/www.organisator.ch\/#\/schema\/logo\/image\/"},"sameAs":["https:\/\/www.facebook.com\/OrganisatorFachmagazin","https:\/\/www.linkedin.com\/showcase\/organisator-das-magazin-fr-kmu","https:\/\/www.xing.com\/news\/pages\/organisator-ch-695","https:\/\/www.youtube.com\/channel\/UCGP2Sq0iWaZwT3BdIAQFYpw"]},{"@type":"Person","@id":"https:\/\/www.organisator.ch\/#\/schema\/person\/6f650f90b2842cd4c0cc334b4e36f67e","name":"thomas.berner","image":{"@type":"ImageObject","inLanguage":"de","@id":"https:\/\/secure.gravatar.com\/avatar\/ac5001d2a36cb6c6cd3e50789007ffca834b477b74a2144564522e944eabff61?s=96&d=mm&r=g","url":"https:\/\/secure.gravatar.com\/avatar\/ac5001d2a36cb6c6cd3e50789007ffca834b477b74a2144564522e944eabff61?s=96&d=mm&r=g","contentUrl":"https:\/\/secure.gravatar.com\/avatar\/ac5001d2a36cb6c6cd3e50789007ffca834b477b74a2144564522e944eabff61?s=96&d=mm&r=g","caption":"thomas.berner"},"url":"https:\/\/www.organisator.ch\/de\/author\/thomas-berner\/"}]}},"_links":{"self":[{"href":"https:\/\/www.organisator.ch\/de\/wp-json\/wp\/v2\/posts\/20120","targetHints":{"allow":["GET"]}}],"collection":[{"href":"https:\/\/www.organisator.ch\/de\/wp-json\/wp\/v2\/posts"}],"about":[{"href":"https:\/\/www.organisator.ch\/de\/wp-json\/wp\/v2\/types\/post"}],"author":[{"embeddable":true,"href":"https:\/\/www.organisator.ch\/de\/wp-json\/wp\/v2\/users\/4"}],"replies":[{"embeddable":true,"href":"https:\/\/www.organisator.ch\/de\/wp-json\/wp\/v2\/comments?post=20120"}],"version-history":[{"count":1,"href":"https:\/\/www.organisator.ch\/de\/wp-json\/wp\/v2\/posts\/20120\/revisions"}],"predecessor-version":[{"id":20124,"href":"https:\/\/www.organisator.ch\/de\/wp-json\/wp\/v2\/posts\/20120\/revisions\/20124"}],"wp:featuredmedia":[{"embeddable":true,"href":"https:\/\/www.organisator.ch\/de\/wp-json\/wp\/v2\/media\/20122"}],"wp:attachment":[{"href":"https:\/\/www.organisator.ch\/de\/wp-json\/wp\/v2\/media?parent=20120"}],"wp:term":[{"taxonomy":"category","embeddable":true,"href":"https:\/\/www.organisator.ch\/de\/wp-json\/wp\/v2\/categories?post=20120"},{"taxonomy":"post_tag","embeddable":true,"href":"https:\/\/www.organisator.ch\/de\/wp-json\/wp\/v2\/tags?post=20120"}],"curies":[{"name":"wp","href":"https:\/\/api.w.org\/{rel}","templated":true}]}}