{"id":20138,"date":"2023-05-12T09:42:28","date_gmt":"2023-05-12T07:42:28","guid":{"rendered":"https:\/\/www.organisator.ch\/?p=20138"},"modified":"2023-05-23T13:19:57","modified_gmt":"2023-05-23T11:19:57","slug":"nachhaltigkeit-wo-steht-der-schweizer-mittelstand","status":"publish","type":"post","link":"https:\/\/www.organisator.ch\/de\/sustainability\/2023-05-12\/nachhaltigkeit-wo-steht-der-schweizer-mittelstand\/","title":{"rendered":"Nachhaltigkeit: Wo steht der Schweizer Mittelstand?"},"content":{"rendered":"<figure id=\"attachment_20142\" aria-describedby=\"caption-attachment-20142\" style=\"width: 680px\" class=\"wp-caption alignnone\"><img loading=\"lazy\" decoding=\"async\" class=\"size-full wp-image-20142\" src=\"https:\/\/www.organisator.ch\/wp-content\/uploads\/2023\/05\/Nachhaltigkeit-Wo-steht-der-Schweizer-Mittelstand_Organisator.jpg\" alt=\"\" width=\"680\" height=\"453\" srcset=\"https:\/\/www.organisator.ch\/wp-content\/uploads\/2023\/05\/Nachhaltigkeit-Wo-steht-der-Schweizer-Mittelstand_Organisator.jpg 680w, https:\/\/www.organisator.ch\/wp-content\/uploads\/2023\/05\/Nachhaltigkeit-Wo-steht-der-Schweizer-Mittelstand_Organisator-18x12.jpg 18w, https:\/\/www.organisator.ch\/wp-content\/uploads\/2023\/05\/Nachhaltigkeit-Wo-steht-der-Schweizer-Mittelstand_Organisator-375x250.jpg 375w, https:\/\/www.organisator.ch\/wp-content\/uploads\/2023\/05\/Nachhaltigkeit-Wo-steht-der-Schweizer-Mittelstand_Organisator-525x350.jpg 525w\" sizes=\"auto, (max-width: 680px) 100vw, 680px\" \/><figcaption id=\"caption-attachment-20142\" class=\"wp-caption-text\">Noch viele Leerstellen: Der Schweizer Mittelstand bzw. KMU tun sich mit Nachhaltigkeitsberichterstattung noch schwer. (Bild: Pixabay.com)<\/figcaption><\/figure>\n<p>Der Schweizer Mittelstand betrachtet Nachhaltigkeitsthemen als wichtig, aber nur wenige haben klare Strategien oder berichten dar\u00fcber. Dies ergab eine gemeinsam vom Wirtschaftspr\u00fcfungsunternehmen Mazars und der ZHAW herausgegebene Studie. Gem\u00e4ss dieser Untersuchung erfolge eine Berichterstattung zu Nachhaltigkeit erst bei rund 18% der befragten Unternehmen. Rund 26% der Unternehmen sind zurzeit an der Ausarbeitung eines Nachhaltigkeitsberichts, w\u00e4hrend rund 56% aktuell keine Nachhaltigkeitsberichterstattung planen, so die weiteren Ergebnisse. Fast alle befragten Unternehmen gehen davon aus, dass die Nachhaltigkeitsberichterstattung in Zukunft an Bedeutung gewinnt.<\/p>\n<h3>Schweizer Mittelstand mit Nachholbedarf in der Berichterstattung<\/h3>\n<p>Bei jenen 18% der befragten Unternehmen, die bereits heute einen Nachhaltigkeitsbericht auf j\u00e4hrlicher Basis erstellen, handelt es sich mehrheitlich um gr\u00f6ssere Unternehmen. 70% der Unternehmen, die einen Nachhaltigkeitsbericht erstellen, wenden dabei \u00fcberwiegend die<br \/>\nGlobal Reporting Initiative (GRI) Standards an. Unternehmen, die aktuell noch keinen Nachhaltigkeitsbericht erstellen oder auch keinen solchen planen, geben als Gr\u00fcnde an, dass Erfordernisse seitens der Anspruchsgruppen dazu fehlen w\u00fcrden und es an personellen Ressourcen mangle. Als gr\u00f6sste Herausforderungen im Rahmen der Umsetzung der Nachhaltigkeitsberichterstattung sehen die Unternehmen fehlendes oder ungen\u00fcgendes Knowhow sowie die schwierige Verf\u00fcgbarkeit des Datenmaterials.<\/p>\n<h3>Externe Unterst\u00fctzung notwendig<\/h3>\n<p>Die Methodik der vorliegenden Studie basiert auf einer Kombination aus quantitativen und qualitativen Befragungen. Befragt wurden 500 Unternehmen in der Schweiz. Zudem wurden zehn Interviews mit Fachexpertinnen und -experten gef\u00fchrt. In diesen pers\u00f6nlichen Interviews wurde deutlich, dass die Nachhaltigkeitsberichterstattung in Zukunft generell, aber insbesondere auch f\u00fcr Unternehmen, die aktuell von den entsprechenden nationalen und internationalen Regelungen nicht betroffen sind, weiter an Bedeutung zunehmen wird. Als Haupttreiber f\u00fcr die Erstellung eines Nachhaltigkeitsberichts wird der externe Druck seitens Kundinnen und Kunden und Abnehmern in einer Lieferkette, aber grunds\u00e4tzlich auch der Druck aus der \u00d6ffentlichkeit gesehen, heisst es dazu in der Studie. Als die gr\u00f6ssten Herausforderungen werden auch von den befragten Personen oft Themen wie das fehlende Fachwissen und die Verf\u00fcgbarkeit des notwendigen Datenmaterials wahrgenommen. Viele der Expertinnen und Experten sind aufgrund dieser Herausforderungen der Ansicht, dass die Unternehmen auf externe Unterst\u00fctzung angewiesen sind.<\/p>\n<p><em>Quellen: <a href=\"http:\/\/www.mazars.ch\">www.mazars.ch<\/a> \/ <a href=\"http:\/\/www.zhaw.ch\/ifi\">www.zhaw.ch\/ifi<\/a><\/em><\/p>\n","protected":false},"excerpt":{"rendered":"<p>Mazars und die Z\u00fcrcher Hochschule f\u00fcr Angewandte Wissenschaften (ZHAW) haben untersucht, wie der Schweizer Mittelstand den Trend zu mehr Transparenz in der Nachhaltigkeit umsetzt. Haben die Gesellschaften eine klare Nachhaltigkeitsstrategie, wird diese nach aussen kommuniziert und erfolgt dies nach einem Standard oder Regelwerk?<\/p>\n","protected":false},"author":4,"featured_media":20142,"comment_status":"closed","ping_status":"closed","sticky":false,"template":"","format":"standard","meta":{"_acf_changed":false,"_yoast_wpseo_focuskw":"Schweizer Mittelstand","_yoast_wpseo_metadesc":"Eine neue Studie hat untersucht, wie der Schweizer Mittelstand den Trend zu mehr Transparenz in der Nachhaltigkeit umsetzt.","articlekey":"","footnotes":""},"categories":[580],"tags":[335,358,1789,459],"class_list":["post-20138","post","type-post","status-publish","format-standard","has-post-thumbnail","hentry","category-sustainability","tag-management-und-unternehmensfuehrung","tag-nachhaltige-wirtschaft","tag-nachhaltigkeitsbericht","tag-studie"],"acf":[],"yoast_head":"<!-- This site is optimized with the Yoast SEO plugin v27.5 - https:\/\/yoast.com\/product\/yoast-seo-wordpress\/ -->\n<title>Nachhaltigkeit: Wo steht der Schweizer Mittelstand? - Organisator<\/title>\n<meta name=\"description\" content=\"Eine neue Studie hat untersucht, wie der Schweizer Mittelstand den Trend zu mehr Transparenz in der Nachhaltigkeit umsetzt.\" \/>\n<meta name=\"robots\" content=\"index, follow, max-snippet:-1, max-image-preview:large, max-video-preview:-1\" \/>\n<link rel=\"canonical\" href=\"https:\/\/www.organisator.ch\/de\/sustainability\/2023-05-12\/nachhaltigkeit-wo-steht-der-schweizer-mittelstand\/\" \/>\n<meta property=\"og:locale\" content=\"de_DE\" \/>\n<meta property=\"og:type\" content=\"article\" \/>\n<meta property=\"og:title\" content=\"Nachhaltigkeit: Wo steht der Schweizer Mittelstand?\" \/>\n<meta property=\"og:description\" content=\"Eine neue Studie hat untersucht, wie der Schweizer Mittelstand den Trend zu mehr Transparenz in der Nachhaltigkeit umsetzt.\" \/>\n<meta property=\"og:url\" content=\"https:\/\/www.organisator.ch\/de\/sustainability\/2023-05-12\/nachhaltigkeit-wo-steht-der-schweizer-mittelstand\/\" \/>\n<meta property=\"og:site_name\" content=\"Organisator\" \/>\n<meta property=\"article:publisher\" content=\"https:\/\/www.facebook.com\/OrganisatorFachmagazin\" \/>\n<meta property=\"article:published_time\" content=\"2023-05-12T07:42:28+00:00\" \/>\n<meta property=\"article:modified_time\" content=\"2023-05-23T11:19:57+00:00\" \/>\n<meta property=\"og:image\" content=\"https:\/\/www.organisator.ch\/wp-content\/uploads\/2023\/05\/Nachhaltigkeit-Wo-steht-der-Schweizer-Mittelstand_Organisator.jpg\" \/>\n\t<meta property=\"og:image:width\" content=\"680\" \/>\n\t<meta property=\"og:image:height\" content=\"453\" \/>\n\t<meta property=\"og:image:type\" content=\"image\/jpeg\" \/>\n<meta name=\"author\" content=\"thomas.berner\" \/>\n<meta name=\"twitter:card\" content=\"summary_large_image\" \/>\n<meta name=\"twitter:title\" content=\"#Nachhaltigkeit: Wo steht der Schweizer #Mittelstand?\" \/>\n<meta name=\"twitter:description\" content=\"Eine neue Studie hat untersucht, wie der Schweizer #Mittelstand den Trend zu mehr Transparenz in der #Nachhaltigkeit umsetzt.\" \/>\n<meta name=\"twitter:image\" content=\"https:\/\/www.organisator.ch\/wp-content\/uploads\/2023\/05\/Nachhaltigkeit-Wo-steht-der-Schweizer-Mittelstand_Organisator.jpg\" \/>\n<script type=\"application\/ld+json\" class=\"yoast-schema-graph\">{\"@context\":\"https:\\\/\\\/schema.org\",\"@graph\":[{\"@type\":\"Article\",\"@id\":\"https:\\\/\\\/www.organisator.ch\\\/sustainability\\\/2023-05-12\\\/nachhaltigkeit-wo-steht-der-schweizer-mittelstand\\\/#article\",\"isPartOf\":{\"@id\":\"https:\\\/\\\/www.organisator.ch\\\/sustainability\\\/2023-05-12\\\/nachhaltigkeit-wo-steht-der-schweizer-mittelstand\\\/\"},\"author\":{\"name\":\"thomas.berner\",\"@id\":\"https:\\\/\\\/www.organisator.ch\\\/#\\\/schema\\\/person\\\/6f650f90b2842cd4c0cc334b4e36f67e\"},\"headline\":\"Nachhaltigkeit: Wo steht der Schweizer Mittelstand?\",\"datePublished\":\"2023-05-12T07:42:28+00:00\",\"dateModified\":\"2023-05-23T11:19:57+00:00\",\"mainEntityOfPage\":{\"@id\":\"https:\\\/\\\/www.organisator.ch\\\/sustainability\\\/2023-05-12\\\/nachhaltigkeit-wo-steht-der-schweizer-mittelstand\\\/\"},\"wordCount\":374,\"publisher\":{\"@id\":\"https:\\\/\\\/www.organisator.ch\\\/#organization\"},\"image\":{\"@id\":\"https:\\\/\\\/www.organisator.ch\\\/sustainability\\\/2023-05-12\\\/nachhaltigkeit-wo-steht-der-schweizer-mittelstand\\\/#primaryimage\"},\"thumbnailUrl\":\"https:\\\/\\\/www.organisator.ch\\\/wp-content\\\/uploads\\\/2023\\\/05\\\/Nachhaltigkeit-Wo-steht-der-Schweizer-Mittelstand_Organisator.jpg\",\"keywords\":[\"Management und Unternehmensf\u00fchrung\",\"Nachhaltige Wirtschaft\",\"Nachhaltigkeitsbericht\",\"Studie\"],\"articleSection\":[\"SUSTAINABILITY\"],\"inLanguage\":\"de\"},{\"@type\":\"WebPage\",\"@id\":\"https:\\\/\\\/www.organisator.ch\\\/sustainability\\\/2023-05-12\\\/nachhaltigkeit-wo-steht-der-schweizer-mittelstand\\\/\",\"url\":\"https:\\\/\\\/www.organisator.ch\\\/sustainability\\\/2023-05-12\\\/nachhaltigkeit-wo-steht-der-schweizer-mittelstand\\\/\",\"name\":\"Nachhaltigkeit: Wo steht der Schweizer Mittelstand? - Organisator\",\"isPartOf\":{\"@id\":\"https:\\\/\\\/www.organisator.ch\\\/#website\"},\"primaryImageOfPage\":{\"@id\":\"https:\\\/\\\/www.organisator.ch\\\/sustainability\\\/2023-05-12\\\/nachhaltigkeit-wo-steht-der-schweizer-mittelstand\\\/#primaryimage\"},\"image\":{\"@id\":\"https:\\\/\\\/www.organisator.ch\\\/sustainability\\\/2023-05-12\\\/nachhaltigkeit-wo-steht-der-schweizer-mittelstand\\\/#primaryimage\"},\"thumbnailUrl\":\"https:\\\/\\\/www.organisator.ch\\\/wp-content\\\/uploads\\\/2023\\\/05\\\/Nachhaltigkeit-Wo-steht-der-Schweizer-Mittelstand_Organisator.jpg\",\"datePublished\":\"2023-05-12T07:42:28+00:00\",\"dateModified\":\"2023-05-23T11:19:57+00:00\",\"description\":\"Eine neue Studie hat untersucht, wie der Schweizer Mittelstand den Trend zu mehr Transparenz in der Nachhaltigkeit umsetzt.\",\"breadcrumb\":{\"@id\":\"https:\\\/\\\/www.organisator.ch\\\/sustainability\\\/2023-05-12\\\/nachhaltigkeit-wo-steht-der-schweizer-mittelstand\\\/#breadcrumb\"},\"inLanguage\":\"de\",\"potentialAction\":[{\"@type\":\"ReadAction\",\"target\":[\"https:\\\/\\\/www.organisator.ch\\\/sustainability\\\/2023-05-12\\\/nachhaltigkeit-wo-steht-der-schweizer-mittelstand\\\/\"]}]},{\"@type\":\"ImageObject\",\"inLanguage\":\"de\",\"@id\":\"https:\\\/\\\/www.organisator.ch\\\/sustainability\\\/2023-05-12\\\/nachhaltigkeit-wo-steht-der-schweizer-mittelstand\\\/#primaryimage\",\"url\":\"https:\\\/\\\/www.organisator.ch\\\/wp-content\\\/uploads\\\/2023\\\/05\\\/Nachhaltigkeit-Wo-steht-der-Schweizer-Mittelstand_Organisator.jpg\",\"contentUrl\":\"https:\\\/\\\/www.organisator.ch\\\/wp-content\\\/uploads\\\/2023\\\/05\\\/Nachhaltigkeit-Wo-steht-der-Schweizer-Mittelstand_Organisator.jpg\",\"width\":680,\"height\":453,\"caption\":\"Noch viele Leerstellen: Der Schweizer Mittelstand bzw. KMU tun sich mit Nachhaltigkeitsberichterstattung noch schwer. (Bild: Pixabay.com)\"},{\"@type\":\"BreadcrumbList\",\"@id\":\"https:\\\/\\\/www.organisator.ch\\\/sustainability\\\/2023-05-12\\\/nachhaltigkeit-wo-steht-der-schweizer-mittelstand\\\/#breadcrumb\",\"itemListElement\":[{\"@type\":\"ListItem\",\"position\":1,\"name\":\"Home\",\"item\":\"https:\\\/\\\/www.organisator.ch\\\/\"},{\"@type\":\"ListItem\",\"position\":2,\"name\":\"Nachhaltigkeit: Wo steht der Schweizer Mittelstand?\"}]},{\"@type\":\"WebSite\",\"@id\":\"https:\\\/\\\/www.organisator.ch\\\/#website\",\"url\":\"https:\\\/\\\/www.organisator.ch\\\/\",\"name\":\"Organisator\",\"description\":\"Kompetent. Praxisnah. Der ORGANISATOR bereitet in 10 Ausgaben pro Jahr die wesentlichen Themen f\u00fcr F\u00fchrungskr\u00e4fte von KMU auf.\",\"publisher\":{\"@id\":\"https:\\\/\\\/www.organisator.ch\\\/#organization\"},\"potentialAction\":[{\"@type\":\"SearchAction\",\"target\":{\"@type\":\"EntryPoint\",\"urlTemplate\":\"https:\\\/\\\/www.organisator.ch\\\/?s={search_term_string}\"},\"query-input\":{\"@type\":\"PropertyValueSpecification\",\"valueRequired\":true,\"valueName\":\"search_term_string\"}}],\"inLanguage\":\"de\"},{\"@type\":\"Organization\",\"@id\":\"https:\\\/\\\/www.organisator.ch\\\/#organization\",\"name\":\"Organisator\",\"url\":\"https:\\\/\\\/www.organisator.ch\\\/\",\"logo\":{\"@type\":\"ImageObject\",\"inLanguage\":\"de\",\"@id\":\"https:\\\/\\\/www.organisator.ch\\\/#\\\/schema\\\/logo\\\/image\\\/\",\"url\":\"https:\\\/\\\/www.organisator.ch\\\/wp-content\\\/uploads\\\/2022\\\/01\\\/Logo_Organisator_Website.png\",\"contentUrl\":\"https:\\\/\\\/www.organisator.ch\\\/wp-content\\\/uploads\\\/2022\\\/01\\\/Logo_Organisator_Website.png\",\"width\":800,\"height\":77,\"caption\":\"Organisator\"},\"image\":{\"@id\":\"https:\\\/\\\/www.organisator.ch\\\/#\\\/schema\\\/logo\\\/image\\\/\"},\"sameAs\":[\"https:\\\/\\\/www.facebook.com\\\/OrganisatorFachmagazin\",\"https:\\\/\\\/www.linkedin.com\\\/showcase\\\/organisator-das-magazin-fr-kmu\",\"https:\\\/\\\/www.xing.com\\\/news\\\/pages\\\/organisator-ch-695\",\"https:\\\/\\\/www.youtube.com\\\/channel\\\/UCGP2Sq0iWaZwT3BdIAQFYpw\"]},{\"@type\":\"Person\",\"@id\":\"https:\\\/\\\/www.organisator.ch\\\/#\\\/schema\\\/person\\\/6f650f90b2842cd4c0cc334b4e36f67e\",\"name\":\"thomas.berner\",\"image\":{\"@type\":\"ImageObject\",\"inLanguage\":\"de\",\"@id\":\"https:\\\/\\\/secure.gravatar.com\\\/avatar\\\/ac5001d2a36cb6c6cd3e50789007ffca834b477b74a2144564522e944eabff61?s=96&d=mm&r=g\",\"url\":\"https:\\\/\\\/secure.gravatar.com\\\/avatar\\\/ac5001d2a36cb6c6cd3e50789007ffca834b477b74a2144564522e944eabff61?s=96&d=mm&r=g\",\"contentUrl\":\"https:\\\/\\\/secure.gravatar.com\\\/avatar\\\/ac5001d2a36cb6c6cd3e50789007ffca834b477b74a2144564522e944eabff61?s=96&d=mm&r=g\",\"caption\":\"thomas.berner\"},\"url\":\"https:\\\/\\\/www.organisator.ch\\\/de\\\/author\\\/thomas-berner\\\/\"}]}<\/script>\n<!-- \/ Yoast SEO plugin. -->","yoast_head_json":{"title":"Nachhaltigkeit: Wo steht der Schweizer Mittelstand? - Organisator","description":"Eine neue Studie hat untersucht, wie der Schweizer Mittelstand den Trend zu mehr Transparenz in der Nachhaltigkeit umsetzt.","robots":{"index":"index","follow":"follow","max-snippet":"max-snippet:-1","max-image-preview":"max-image-preview:large","max-video-preview":"max-video-preview:-1"},"canonical":"https:\/\/www.organisator.ch\/de\/sustainability\/2023-05-12\/nachhaltigkeit-wo-steht-der-schweizer-mittelstand\/","og_locale":"de_DE","og_type":"article","og_title":"Nachhaltigkeit: Wo steht der Schweizer Mittelstand?","og_description":"Eine neue Studie hat untersucht, wie der Schweizer Mittelstand den Trend zu mehr Transparenz in der Nachhaltigkeit umsetzt.","og_url":"https:\/\/www.organisator.ch\/de\/sustainability\/2023-05-12\/nachhaltigkeit-wo-steht-der-schweizer-mittelstand\/","og_site_name":"Organisator","article_publisher":"https:\/\/www.facebook.com\/OrganisatorFachmagazin","article_published_time":"2023-05-12T07:42:28+00:00","article_modified_time":"2023-05-23T11:19:57+00:00","og_image":[{"width":680,"height":453,"url":"https:\/\/www.organisator.ch\/wp-content\/uploads\/2023\/05\/Nachhaltigkeit-Wo-steht-der-Schweizer-Mittelstand_Organisator.jpg","type":"image\/jpeg"}],"author":"thomas.berner","twitter_card":"summary_large_image","twitter_title":"#Nachhaltigkeit: Wo steht der Schweizer #Mittelstand?","twitter_description":"Eine neue Studie hat untersucht, wie der Schweizer #Mittelstand den Trend zu mehr Transparenz in der #Nachhaltigkeit umsetzt.","twitter_image":"https:\/\/www.organisator.ch\/wp-content\/uploads\/2023\/05\/Nachhaltigkeit-Wo-steht-der-Schweizer-Mittelstand_Organisator.jpg","schema":{"@context":"https:\/\/schema.org","@graph":[{"@type":"Article","@id":"https:\/\/www.organisator.ch\/sustainability\/2023-05-12\/nachhaltigkeit-wo-steht-der-schweizer-mittelstand\/#article","isPartOf":{"@id":"https:\/\/www.organisator.ch\/sustainability\/2023-05-12\/nachhaltigkeit-wo-steht-der-schweizer-mittelstand\/"},"author":{"name":"thomas.berner","@id":"https:\/\/www.organisator.ch\/#\/schema\/person\/6f650f90b2842cd4c0cc334b4e36f67e"},"headline":"Nachhaltigkeit: Wo steht der Schweizer Mittelstand?","datePublished":"2023-05-12T07:42:28+00:00","dateModified":"2023-05-23T11:19:57+00:00","mainEntityOfPage":{"@id":"https:\/\/www.organisator.ch\/sustainability\/2023-05-12\/nachhaltigkeit-wo-steht-der-schweizer-mittelstand\/"},"wordCount":374,"publisher":{"@id":"https:\/\/www.organisator.ch\/#organization"},"image":{"@id":"https:\/\/www.organisator.ch\/sustainability\/2023-05-12\/nachhaltigkeit-wo-steht-der-schweizer-mittelstand\/#primaryimage"},"thumbnailUrl":"https:\/\/www.organisator.ch\/wp-content\/uploads\/2023\/05\/Nachhaltigkeit-Wo-steht-der-Schweizer-Mittelstand_Organisator.jpg","keywords":["Management und Unternehmensf\u00fchrung","Nachhaltige Wirtschaft","Nachhaltigkeitsbericht","Studie"],"articleSection":["SUSTAINABILITY"],"inLanguage":"de"},{"@type":"WebPage","@id":"https:\/\/www.organisator.ch\/sustainability\/2023-05-12\/nachhaltigkeit-wo-steht-der-schweizer-mittelstand\/","url":"https:\/\/www.organisator.ch\/sustainability\/2023-05-12\/nachhaltigkeit-wo-steht-der-schweizer-mittelstand\/","name":"Nachhaltigkeit: Wo steht der Schweizer Mittelstand? - Organisator","isPartOf":{"@id":"https:\/\/www.organisator.ch\/#website"},"primaryImageOfPage":{"@id":"https:\/\/www.organisator.ch\/sustainability\/2023-05-12\/nachhaltigkeit-wo-steht-der-schweizer-mittelstand\/#primaryimage"},"image":{"@id":"https:\/\/www.organisator.ch\/sustainability\/2023-05-12\/nachhaltigkeit-wo-steht-der-schweizer-mittelstand\/#primaryimage"},"thumbnailUrl":"https:\/\/www.organisator.ch\/wp-content\/uploads\/2023\/05\/Nachhaltigkeit-Wo-steht-der-Schweizer-Mittelstand_Organisator.jpg","datePublished":"2023-05-12T07:42:28+00:00","dateModified":"2023-05-23T11:19:57+00:00","description":"Eine neue Studie hat untersucht, wie der Schweizer Mittelstand den Trend zu mehr Transparenz in der Nachhaltigkeit umsetzt.","breadcrumb":{"@id":"https:\/\/www.organisator.ch\/sustainability\/2023-05-12\/nachhaltigkeit-wo-steht-der-schweizer-mittelstand\/#breadcrumb"},"inLanguage":"de","potentialAction":[{"@type":"ReadAction","target":["https:\/\/www.organisator.ch\/sustainability\/2023-05-12\/nachhaltigkeit-wo-steht-der-schweizer-mittelstand\/"]}]},{"@type":"ImageObject","inLanguage":"de","@id":"https:\/\/www.organisator.ch\/sustainability\/2023-05-12\/nachhaltigkeit-wo-steht-der-schweizer-mittelstand\/#primaryimage","url":"https:\/\/www.organisator.ch\/wp-content\/uploads\/2023\/05\/Nachhaltigkeit-Wo-steht-der-Schweizer-Mittelstand_Organisator.jpg","contentUrl":"https:\/\/www.organisator.ch\/wp-content\/uploads\/2023\/05\/Nachhaltigkeit-Wo-steht-der-Schweizer-Mittelstand_Organisator.jpg","width":680,"height":453,"caption":"Noch viele Leerstellen: Der Schweizer Mittelstand bzw. KMU tun sich mit Nachhaltigkeitsberichterstattung noch schwer. (Bild: Pixabay.com)"},{"@type":"BreadcrumbList","@id":"https:\/\/www.organisator.ch\/sustainability\/2023-05-12\/nachhaltigkeit-wo-steht-der-schweizer-mittelstand\/#breadcrumb","itemListElement":[{"@type":"ListItem","position":1,"name":"Home","item":"https:\/\/www.organisator.ch\/"},{"@type":"ListItem","position":2,"name":"Nachhaltigkeit: Wo steht der Schweizer Mittelstand?"}]},{"@type":"WebSite","@id":"https:\/\/www.organisator.ch\/#website","url":"https:\/\/www.organisator.ch\/","name":"Organisator","description":"Kompetent. Praxisnah. Der ORGANISATOR bereitet in 10 Ausgaben pro Jahr die wesentlichen Themen f\u00fcr F\u00fchrungskr\u00e4fte von KMU auf.","publisher":{"@id":"https:\/\/www.organisator.ch\/#organization"},"potentialAction":[{"@type":"SearchAction","target":{"@type":"EntryPoint","urlTemplate":"https:\/\/www.organisator.ch\/?s={search_term_string}"},"query-input":{"@type":"PropertyValueSpecification","valueRequired":true,"valueName":"search_term_string"}}],"inLanguage":"de"},{"@type":"Organization","@id":"https:\/\/www.organisator.ch\/#organization","name":"Organisator","url":"https:\/\/www.organisator.ch\/","logo":{"@type":"ImageObject","inLanguage":"de","@id":"https:\/\/www.organisator.ch\/#\/schema\/logo\/image\/","url":"https:\/\/www.organisator.ch\/wp-content\/uploads\/2022\/01\/Logo_Organisator_Website.png","contentUrl":"https:\/\/www.organisator.ch\/wp-content\/uploads\/2022\/01\/Logo_Organisator_Website.png","width":800,"height":77,"caption":"Organisator"},"image":{"@id":"https:\/\/www.organisator.ch\/#\/schema\/logo\/image\/"},"sameAs":["https:\/\/www.facebook.com\/OrganisatorFachmagazin","https:\/\/www.linkedin.com\/showcase\/organisator-das-magazin-fr-kmu","https:\/\/www.xing.com\/news\/pages\/organisator-ch-695","https:\/\/www.youtube.com\/channel\/UCGP2Sq0iWaZwT3BdIAQFYpw"]},{"@type":"Person","@id":"https:\/\/www.organisator.ch\/#\/schema\/person\/6f650f90b2842cd4c0cc334b4e36f67e","name":"thomas.berner","image":{"@type":"ImageObject","inLanguage":"de","@id":"https:\/\/secure.gravatar.com\/avatar\/ac5001d2a36cb6c6cd3e50789007ffca834b477b74a2144564522e944eabff61?s=96&d=mm&r=g","url":"https:\/\/secure.gravatar.com\/avatar\/ac5001d2a36cb6c6cd3e50789007ffca834b477b74a2144564522e944eabff61?s=96&d=mm&r=g","contentUrl":"https:\/\/secure.gravatar.com\/avatar\/ac5001d2a36cb6c6cd3e50789007ffca834b477b74a2144564522e944eabff61?s=96&d=mm&r=g","caption":"thomas.berner"},"url":"https:\/\/www.organisator.ch\/de\/author\/thomas-berner\/"}]}},"_links":{"self":[{"href":"https:\/\/www.organisator.ch\/de\/wp-json\/wp\/v2\/posts\/20138","targetHints":{"allow":["GET"]}}],"collection":[{"href":"https:\/\/www.organisator.ch\/de\/wp-json\/wp\/v2\/posts"}],"about":[{"href":"https:\/\/www.organisator.ch\/de\/wp-json\/wp\/v2\/types\/post"}],"author":[{"embeddable":true,"href":"https:\/\/www.organisator.ch\/de\/wp-json\/wp\/v2\/users\/4"}],"replies":[{"embeddable":true,"href":"https:\/\/www.organisator.ch\/de\/wp-json\/wp\/v2\/comments?post=20138"}],"version-history":[{"count":4,"href":"https:\/\/www.organisator.ch\/de\/wp-json\/wp\/v2\/posts\/20138\/revisions"}],"predecessor-version":[{"id":20368,"href":"https:\/\/www.organisator.ch\/de\/wp-json\/wp\/v2\/posts\/20138\/revisions\/20368"}],"wp:featuredmedia":[{"embeddable":true,"href":"https:\/\/www.organisator.ch\/de\/wp-json\/wp\/v2\/media\/20142"}],"wp:attachment":[{"href":"https:\/\/www.organisator.ch\/de\/wp-json\/wp\/v2\/media?parent=20138"}],"wp:term":[{"taxonomy":"category","embeddable":true,"href":"https:\/\/www.organisator.ch\/de\/wp-json\/wp\/v2\/categories?post=20138"},{"taxonomy":"post_tag","embeddable":true,"href":"https:\/\/www.organisator.ch\/de\/wp-json\/wp\/v2\/tags?post=20138"}],"curies":[{"name":"wp","href":"https:\/\/api.w.org\/{rel}","templated":true}]}}