{"id":20165,"date":"2023-05-16T07:49:12","date_gmt":"2023-05-16T05:49:12","guid":{"rendered":"https:\/\/www.m-q.ch\/?p=17987"},"modified":"2024-11-16T08:41:56","modified_gmt":"2024-11-16T07:41:56","slug":"fachmesse-control-2023-stiess-auf-begeisterung","status":"publish","type":"post","link":"https:\/\/www.organisator.ch\/de\/operational-excellence\/2023-05-16\/fachmesse-control-2023-stiess-auf-begeisterung\/","title":{"rendered":"Fachmesse Control 2023 stiess auf Begeisterung"},"content":{"rendered":"<div class=\"uncode_text_column\">\r\n<figure id=\"attachment_17990\" class=\"wp-caption alignnone\" style=\"width: 680px\" aria-describedby=\"caption-attachment-17990\"><img class=\"alignnone wp-image-17990 size-full\" src=\"https:\/\/www.organisator.ch\/wp-content\/uploads\/2022\/11\/Organisator-Neues-Aktienrecht-Mehr-Flexibilitaet-bei-der-Unternehmensgruendung.jpg\" alt=\"Fachmesse Control\" width=\"1000\" height=\"680\" \/>\r\n<figcaption id=\"caption-attachment-17990\" class=\"wp-caption-text\">Pers\u00f6nlicher Fachaustausch stand an der Fachmesse Control 2023 im Mittelpunkt. (Bild:<br \/>\r\nP. E. SCHALL GmbH &amp; Co. KG \/ Control)<\/figcaption>\r\n<\/figure>\r\n<p>Projektleiter Fabian Kr\u00fcger vom Messeunternehmen P. E. Schall darf sich \u00fcber eine erfolgreiche Fachmesse Control 2023 freuen: \u201eDie Messewoche war ein grosser Erfolg. Wir haben vier volle Hallen mit eindrucksvollen L\u00f6sungen f\u00fcr die Qualit\u00e4tssicherung (QS) erlebt und viele wegweisende neue L\u00f6sungen gesehen. Es herrschte von der ersten Stunde an reger Betrieb und tolle Stimmung\u201c, so der Projektleiter. \u201e589 Aussteller aus 32 L\u00e4ndern zeigten auf 42.000 Quadratmeter Ausstellungsfl\u00e4che, dass die Qualit\u00e4tssicherung auf dem direkten Weg in die Zukunft ist.\u201c<\/p>\r\n<\/div>\r\n<div class=\"vc_custom_heading_wrap \">\r\n<div class=\"heading-text el-text\">\r\n<h3 class=\"h4\">Fachmesse Control 2023: Weltweit einmaliger Branchentreff der QS-Profis<\/h3>\r\n<\/div>\r\n<div class=\"clear\">Es sei deutlich feststellbar, wie die Bedeutung und Innovationskraft der QS in der Produktion steigt, so ein Fazit der Messeveranstalter. Den besonderen Stellenwert der Weltleitmesse Control f\u00fcr die Fertigungsbranche h\u00e4tten in diesem Jahr die Aussteller und Fachbesucher einmal mehr best\u00e4tigt. Der hohe Auslandsanteil bei den Ausstellern von 34,5 Prozent hat die hohe Internationalit\u00e4t dieses Branchenhighlights untermauert und den Status des weltweit exzellenten Businesstreffs rund um QS-Themen bewiesen. \u201eDie Control ist eine unserer Leitmessen in ganz Europa, was die Qualit\u00e4tssicherung anbelangt\u201c, best\u00e4tigt Stefan Hug von Faro Europe, verantwortlich f\u00fcr den Vertrieb in der DACH-Region. Die mobile 3D-Messtechnik des Unternehmens zur Produktvermessung stiess auf gro\u00dfes Interesse. Auch Dr. Harald Wuest, Co-Founder and CEO bei Visometry best\u00e4tigte \u201esehr viele interessante Kontakte und ein sehr hohes Interesse der Fachbesucher.\u201c In allen Hallen und an allen St\u00e4nden zeigte es sich auch in diesem Jahr, dass die Control als ideale Gelegenheit genutzt wird, um neueste Entwicklungen f\u00fcr die industrielle und nichtindustrielle Qualit\u00e4tssicherung und Qualit\u00e4tspr\u00fcfung ad\u00e4quat zu pr\u00e4sentieren \u2013 fachlich und technologisch auf Top-Niveau, praxisbezogen, anwenderorientiert und in angenehmer Arbeitsatmosph\u00e4re.<\/div>\r\n<\/div>\r\n<div class=\"vc_custom_heading_wrap \">\r\n<div class=\"heading-text el-text\">\r\n<h3 class=\"h4\">Automatisierung und Visualisierung deutlich gestiegen<\/h3>\r\n<\/div>\r\n<div class=\"clear\">\u201eIn allen Bereichen haben wir deutlich gestiegene und vor allem eindrucksvolle Visualisierungen erlebt\u201c, betont Projektleiter Kr\u00fcger. \u201eDank verbesserter Bildverarbeitungssysteme und neuer Analysesoftware erfolgt die Teile- und Objektpr\u00fcfung nach neuesten Standards. Zu den Hinguckern geh\u00f6rten auch viele Roboter, die Pr\u00fcfabl\u00e4ufe automatisiert unterst\u00fctzen. Von der K\u00fcnstlichen Intelligenz (KI) war noch nie so viel die Rede wie in diesem Jahr\u201c, stellte Kr\u00fcger fest, \u201eund ihr Nutzen f\u00fcr den praktischen Einsatz, etwa bei der Inspektion und Qualit\u00e4tspr\u00fcfung, konnte an vielen Stellen gezeigt und transparent gemacht werden.\u201c<\/div>\r\n<\/div>\r\n<div class=\"uncode_text_column\">\r\n<p>21310 Fachbesucher der Fachmesse Control 2023 erlebten die aktuellen Trend- und Treiberthemen der QS-Branche \u2013 Automatisierung, durchg\u00e4ngige Digitalisierung, moderne Software, Inline-Pr\u00fcfprozesse und KI-gest\u00fctzte Systeme \u2013 in direkter Anschauung und im praxisnahen Einsatz. Die Software der Messsysteme nimmt eine immer wichtigere Rolle ein, ebenso wie Web- und Cloud-Technologien. Ebenfalls ein gro\u00dfes Thema, das st\u00e4ndig weiterverfolgt wird, ist die Inline-Pr\u00fcftechnik. Sie spart Zeit und Ressourcen, bringt aber neue Herausforderungen mit sich. Das best\u00e4tigt auch Wolfgang Zeller, Gesch\u00e4ftsf\u00fchrer von Mitutoyo Deutschland: \u201eDie Messungen erfolgen zunehmend au\u00dferhalb des Labors, direkt in der Fertigung. Daher steigen die Anspr\u00fcche an die Messmaschinen.\u201c<\/p>\r\n<\/div>\r\n<div class=\"vc_custom_heading_wrap \">\r\n<div class=\"heading-text el-text\">\r\n<h3 class=\"h4\">Hervorragende Stimmung bei den Ausstellern<\/h3>\r\n<\/div>\r\n<div class=\"clear\">Die Control 2023 hat nicht nur die virtuelle Welt in der Produktion mit der realen Welt verbunden, sondern auch Anbieter mit Anwendern, Aussteller mit Fachbesuchern, Hersteller mit Kunden und Partnern. \u201eDie Control als Leitmesse war f\u00fcr uns auch in diesem Jahr ein voller Erfolg\u201c, best\u00e4tigte Kai Bartel, Leiter Messtechnik bei Klingelnberg. Ebenso erkl\u00e4rte Uwe J. Keller, Chief Marketing Officer bei Dr. Heinrich Schneider Messtechnik, die Control \u201eals Messe-Highlight des Jahres f\u00fcr uns\u201c. Auch Dr.-Ing. Ralf Christoph, Gesch\u00e4ftsf\u00fchrer Werth Messtechnik, zeigte sich mit der Control 2023 mehr als zufrieden. \u201eDie Messe ist ganz hervorragend!\u201c Ausdr\u00fccklich lobte er die Messeorganisation und betonte das rege Interesse der Fachbesucher. Er freue sich bereits jetzt auf die Control 2024 und auf die Weiterentwicklung dieses Trends.<\/div>\r\n<\/div>\r\n<div class=\"uncode_text_column\">\r\n<p>\u201eNicht umsonst geh\u00f6rt die Control als internationale Fachmesse mit Weltleitmessecharakter f\u00fcr viele Unternehmen zum wichtigsten Termin im Jahr\u201c, konstatiert Bettina Schall, Gesch\u00e4ftsf\u00fchrerin des Messeunternehmens P. E. Schall. \u201eDas einmalig rege Messegeschehen, das fulminante Interesse an den hochkar\u00e4tigen Rahmenveranstaltungen und die vielen zufriedenen Stimmen waren 2023 wieder einmal Beweis daf\u00fcr, dass sich hier die geb\u00fcndelte QS-Kompetenz trifft. Die Control trifft die Themen und Herausforderungen des Marktes auf den Punkt \u2013 Wirtschaftlichkeit, Qualit\u00e4t, Sicherheit, Ressourcenschonung, Effizienz und Zukunftsf\u00e4higkeit. Bei der Bew\u00e4ltigung dieser Aufgaben nimmt diese Fachmesse einen herausragenden Stellenwert ein. Dar\u00fcber freuen wir uns und danken allen Ausstellern, Besuchern und Teilnehmern sehr herzlich f\u00fcr ihr Engagement!\u201c<\/p>\r\n<h3>N\u00e4chste Control: 23. bis 26. April 2024<\/h3>\r\n<p>Nach der Control ist vor der Control: Die internationale QS-Branche hat den n\u00e4chsten Termin f\u00fcr den Expertenaustausch l\u00e4ngst im Kalender notiert. Viele Aussteller, national und international, haben bereits schon w\u00e4hrend der Control 2023 ihre Standfl\u00e4chen f\u00fcr 2024 wieder gebucht, um vom 23. bis 26. April 2024 bei der 36. Control, internationale Fachmesse f\u00fcr Qualit\u00e4tssicherung, die Weiterentwicklungen zukunftsweisender Konzepte in Stuttgart dem interessierten Publikum, auch zunehmend aus dem Ausland, vorzustellen.<\/p>\r\n<p><em>Weitere Informationen: <a href=\"http:\/\/www.control-messe.de\/\">www.control-messe.de<\/a><\/em><\/p>\r\n<\/div>\n<p class=\"syndicated-attribution\">Dieser Beitrag erschien urspr\u00fcnglich auf m-q.ch - <a href=\"https:\/\/www.m-q.ch\/de\/fachmesse-control-2023-stiess-auf-begeisterung\/\" target=\"_blank\">https:\/\/www.m-q.ch\/de\/fachmesse-control-2023-stiess-auf-begeisterung\/<\/a><\/p>","protected":false},"excerpt":{"rendered":"<p>Die 35. Control, internationale Fachmesse f\u00fcr Qualit\u00e4tssicherung, ist in Stuttgart mit grossem Erfolg \u00fcber die B\u00fchne gegangen. Vom 9. bis 12. Mai 2023 haben 589 Aussteller aus 32 L\u00e4ndern neueste Technologien aus den Bereichen Visiontechnologie, Bildverarbeitung, Sensorik sowie Mess- und Pr\u00fcftechnik pr\u00e4sentiert.<\/p>\n","protected":false},"author":8,"featured_media":0,"comment_status":"closed","ping_status":"closed","sticky":false,"template":"","format":"standard","meta":{"_acf_changed":false,"_yoast_wpseo_focuskw":"Fachmesse Control","_yoast_wpseo_metadesc":"Fachmesse Control 2023: Zukunftsweisende Qualit\u00e4tssicherung im Fokus. Innovationskraft und Internationalit\u00e4t pr\u00e4gen die Messe.","articlekey":"","footnotes":""},"categories":[582],"tags":[],"class_list":["post-20165","post","type-post","status-publish","format-standard","hentry","category-operational-excellence"],"acf":[],"yoast_head":"<!-- This site is optimized with the Yoast SEO plugin v27.5 - https:\/\/yoast.com\/product\/yoast-seo-wordpress\/ -->\n<title>Fachmesse Control 2023 stiess auf Begeisterung - Organisator<\/title>\n<meta name=\"description\" content=\"Fachmesse Control 2023: Zukunftsweisende Qualit\u00e4tssicherung im Fokus. Innovationskraft und Internationalit\u00e4t pr\u00e4gen die Messe.\" \/>\n<meta name=\"robots\" content=\"index, follow, max-snippet:-1, max-image-preview:large, max-video-preview:-1\" \/>\n<link rel=\"canonical\" href=\"https:\/\/www.organisator.ch\/de\/operational-excellence\/2023-05-16\/fachmesse-control-2023-stiess-auf-begeisterung\/\" \/>\n<meta property=\"og:locale\" content=\"de_DE\" \/>\n<meta property=\"og:type\" content=\"article\" \/>\n<meta property=\"og:title\" content=\"Fachmesse Control 2023 stiess auf Begeisterung - Organisator\" \/>\n<meta property=\"og:description\" content=\"Fachmesse Control 2023: Zukunftsweisende Qualit\u00e4tssicherung im Fokus. Innovationskraft und Internationalit\u00e4t pr\u00e4gen die Messe.\" \/>\n<meta property=\"og:url\" content=\"https:\/\/www.organisator.ch\/de\/operational-excellence\/2023-05-16\/fachmesse-control-2023-stiess-auf-begeisterung\/\" \/>\n<meta property=\"og:site_name\" content=\"Organisator\" \/>\n<meta property=\"article:publisher\" content=\"https:\/\/www.facebook.com\/OrganisatorFachmagazin\" \/>\n<meta property=\"article:published_time\" content=\"2023-05-16T05:49:12+00:00\" \/>\n<meta property=\"article:modified_time\" content=\"2024-11-16T07:41:56+00:00\" \/>\n<meta property=\"og:image\" content=\"https:\/\/www.organisator.ch\/wp-content\/uploads\/2022\/11\/Organisator-Neues-Aktienrecht-Mehr-Flexibilitaet-bei-der-Unternehmensgruendung.jpg\" \/>\n\t<meta property=\"og:image:width\" content=\"768\" \/>\n\t<meta property=\"og:image:height\" content=\"522\" \/>\n\t<meta property=\"og:image:type\" content=\"image\/jpeg\" \/>\n<meta name=\"author\" content=\"galledia\" \/>\n<meta name=\"twitter:card\" content=\"summary_large_image\" \/>\n<meta name=\"twitter:creator\" content=\"@admin\" \/>\n<script type=\"application\/ld+json\" class=\"yoast-schema-graph\">{\"@context\":\"https:\\\/\\\/schema.org\",\"@graph\":[{\"@type\":\"Article\",\"@id\":\"https:\\\/\\\/www.organisator.ch\\\/operational-excellence\\\/2023-05-16\\\/fachmesse-control-2023-stiess-auf-begeisterung\\\/#article\",\"isPartOf\":{\"@id\":\"https:\\\/\\\/www.organisator.ch\\\/operational-excellence\\\/2023-05-16\\\/fachmesse-control-2023-stiess-auf-begeisterung\\\/\"},\"author\":{\"name\":\"galledia\",\"@id\":\"https:\\\/\\\/www.organisator.ch\\\/#\\\/schema\\\/person\\\/4e51799071cd2dd1232ac003643ef5f0\"},\"headline\":\"Fachmesse Control 2023 stiess auf Begeisterung\",\"datePublished\":\"2023-05-16T05:49:12+00:00\",\"dateModified\":\"2024-11-16T07:41:56+00:00\",\"mainEntityOfPage\":{\"@id\":\"https:\\\/\\\/www.organisator.ch\\\/operational-excellence\\\/2023-05-16\\\/fachmesse-control-2023-stiess-auf-begeisterung\\\/\"},\"wordCount\":827,\"publisher\":{\"@id\":\"https:\\\/\\\/www.organisator.ch\\\/#organization\"},\"image\":{\"@id\":\"https:\\\/\\\/www.organisator.ch\\\/operational-excellence\\\/2023-05-16\\\/fachmesse-control-2023-stiess-auf-begeisterung\\\/#primaryimage\"},\"thumbnailUrl\":\"https:\\\/\\\/www.organisator.ch\\\/wp-content\\\/uploads\\\/2022\\\/11\\\/Organisator-Neues-Aktienrecht-Mehr-Flexibilitaet-bei-der-Unternehmensgruendung.jpg\",\"articleSection\":[\"OPERATIONAL EXCELLENCE\"],\"inLanguage\":\"de\"},{\"@type\":\"WebPage\",\"@id\":\"https:\\\/\\\/www.organisator.ch\\\/operational-excellence\\\/2023-05-16\\\/fachmesse-control-2023-stiess-auf-begeisterung\\\/\",\"url\":\"https:\\\/\\\/www.organisator.ch\\\/operational-excellence\\\/2023-05-16\\\/fachmesse-control-2023-stiess-auf-begeisterung\\\/\",\"name\":\"Fachmesse Control 2023 stiess auf Begeisterung - Organisator\",\"isPartOf\":{\"@id\":\"https:\\\/\\\/www.organisator.ch\\\/#website\"},\"primaryImageOfPage\":{\"@id\":\"https:\\\/\\\/www.organisator.ch\\\/operational-excellence\\\/2023-05-16\\\/fachmesse-control-2023-stiess-auf-begeisterung\\\/#primaryimage\"},\"image\":{\"@id\":\"https:\\\/\\\/www.organisator.ch\\\/operational-excellence\\\/2023-05-16\\\/fachmesse-control-2023-stiess-auf-begeisterung\\\/#primaryimage\"},\"thumbnailUrl\":\"https:\\\/\\\/www.organisator.ch\\\/wp-content\\\/uploads\\\/2022\\\/11\\\/Organisator-Neues-Aktienrecht-Mehr-Flexibilitaet-bei-der-Unternehmensgruendung.jpg\",\"datePublished\":\"2023-05-16T05:49:12+00:00\",\"dateModified\":\"2024-11-16T07:41:56+00:00\",\"description\":\"Fachmesse Control 2023: Zukunftsweisende Qualit\u00e4tssicherung im Fokus. Innovationskraft und Internationalit\u00e4t pr\u00e4gen die Messe.\",\"breadcrumb\":{\"@id\":\"https:\\\/\\\/www.organisator.ch\\\/operational-excellence\\\/2023-05-16\\\/fachmesse-control-2023-stiess-auf-begeisterung\\\/#breadcrumb\"},\"inLanguage\":\"de\",\"potentialAction\":[{\"@type\":\"ReadAction\",\"target\":[\"https:\\\/\\\/www.organisator.ch\\\/operational-excellence\\\/2023-05-16\\\/fachmesse-control-2023-stiess-auf-begeisterung\\\/\"]}]},{\"@type\":\"ImageObject\",\"inLanguage\":\"de\",\"@id\":\"https:\\\/\\\/www.organisator.ch\\\/operational-excellence\\\/2023-05-16\\\/fachmesse-control-2023-stiess-auf-begeisterung\\\/#primaryimage\",\"url\":\"https:\\\/\\\/www.organisator.ch\\\/wp-content\\\/uploads\\\/2022\\\/11\\\/Organisator-Neues-Aktienrecht-Mehr-Flexibilitaet-bei-der-Unternehmensgruendung.jpg\",\"contentUrl\":\"https:\\\/\\\/www.organisator.ch\\\/wp-content\\\/uploads\\\/2022\\\/11\\\/Organisator-Neues-Aktienrecht-Mehr-Flexibilitaet-bei-der-Unternehmensgruendung.jpg\"},{\"@type\":\"BreadcrumbList\",\"@id\":\"https:\\\/\\\/www.organisator.ch\\\/operational-excellence\\\/2023-05-16\\\/fachmesse-control-2023-stiess-auf-begeisterung\\\/#breadcrumb\",\"itemListElement\":[{\"@type\":\"ListItem\",\"position\":1,\"name\":\"Home\",\"item\":\"https:\\\/\\\/www.organisator.ch\\\/\"},{\"@type\":\"ListItem\",\"position\":2,\"name\":\"Fachmesse Control 2023 stiess auf Begeisterung\"}]},{\"@type\":\"WebSite\",\"@id\":\"https:\\\/\\\/www.organisator.ch\\\/#website\",\"url\":\"https:\\\/\\\/www.organisator.ch\\\/\",\"name\":\"Organisator\",\"description\":\"Kompetent. Praxisnah. Der ORGANISATOR bereitet in 10 Ausgaben pro Jahr die wesentlichen Themen f\u00fcr F\u00fchrungskr\u00e4fte von KMU auf.\",\"publisher\":{\"@id\":\"https:\\\/\\\/www.organisator.ch\\\/#organization\"},\"potentialAction\":[{\"@type\":\"SearchAction\",\"target\":{\"@type\":\"EntryPoint\",\"urlTemplate\":\"https:\\\/\\\/www.organisator.ch\\\/?s={search_term_string}\"},\"query-input\":{\"@type\":\"PropertyValueSpecification\",\"valueRequired\":true,\"valueName\":\"search_term_string\"}}],\"inLanguage\":\"de\"},{\"@type\":\"Organization\",\"@id\":\"https:\\\/\\\/www.organisator.ch\\\/#organization\",\"name\":\"Organisator\",\"url\":\"https:\\\/\\\/www.organisator.ch\\\/\",\"logo\":{\"@type\":\"ImageObject\",\"inLanguage\":\"de\",\"@id\":\"https:\\\/\\\/www.organisator.ch\\\/#\\\/schema\\\/logo\\\/image\\\/\",\"url\":\"https:\\\/\\\/www.organisator.ch\\\/wp-content\\\/uploads\\\/2022\\\/01\\\/Logo_Organisator_Website.png\",\"contentUrl\":\"https:\\\/\\\/www.organisator.ch\\\/wp-content\\\/uploads\\\/2022\\\/01\\\/Logo_Organisator_Website.png\",\"width\":800,\"height\":77,\"caption\":\"Organisator\"},\"image\":{\"@id\":\"https:\\\/\\\/www.organisator.ch\\\/#\\\/schema\\\/logo\\\/image\\\/\"},\"sameAs\":[\"https:\\\/\\\/www.facebook.com\\\/OrganisatorFachmagazin\",\"https:\\\/\\\/www.linkedin.com\\\/showcase\\\/organisator-das-magazin-fr-kmu\",\"https:\\\/\\\/www.xing.com\\\/news\\\/pages\\\/organisator-ch-695\",\"https:\\\/\\\/www.youtube.com\\\/channel\\\/UCGP2Sq0iWaZwT3BdIAQFYpw\"]},{\"@type\":\"Person\",\"@id\":\"https:\\\/\\\/www.organisator.ch\\\/#\\\/schema\\\/person\\\/4e51799071cd2dd1232ac003643ef5f0\",\"name\":\"galledia\",\"image\":{\"@type\":\"ImageObject\",\"inLanguage\":\"de\",\"@id\":\"https:\\\/\\\/secure.gravatar.com\\\/avatar\\\/78a7f90c01fc2bfc875782a0d4922b37cde2cf184ce347b91316d23cd7f69a36?s=96&d=mm&r=g\",\"url\":\"https:\\\/\\\/secure.gravatar.com\\\/avatar\\\/78a7f90c01fc2bfc875782a0d4922b37cde2cf184ce347b91316d23cd7f69a36?s=96&d=mm&r=g\",\"contentUrl\":\"https:\\\/\\\/secure.gravatar.com\\\/avatar\\\/78a7f90c01fc2bfc875782a0d4922b37cde2cf184ce347b91316d23cd7f69a36?s=96&d=mm&r=g\",\"caption\":\"galledia\"},\"sameAs\":[\"https:\\\/\\\/x.com\\\/admin\"],\"url\":\"https:\\\/\\\/www.organisator.ch\\\/de\\\/author\\\/galledia\\\/\"}]}<\/script>\n<!-- \/ Yoast SEO plugin. -->","yoast_head_json":{"title":"Fachmesse Control 2023 stiess auf Begeisterung - Organisator","description":"Fachmesse Control 2023: Zukunftsweisende Qualit\u00e4tssicherung im Fokus. Innovationskraft und Internationalit\u00e4t pr\u00e4gen die Messe.","robots":{"index":"index","follow":"follow","max-snippet":"max-snippet:-1","max-image-preview":"max-image-preview:large","max-video-preview":"max-video-preview:-1"},"canonical":"https:\/\/www.organisator.ch\/de\/operational-excellence\/2023-05-16\/fachmesse-control-2023-stiess-auf-begeisterung\/","og_locale":"de_DE","og_type":"article","og_title":"Fachmesse Control 2023 stiess auf Begeisterung - Organisator","og_description":"Fachmesse Control 2023: Zukunftsweisende Qualit\u00e4tssicherung im Fokus. Innovationskraft und Internationalit\u00e4t pr\u00e4gen die Messe.","og_url":"https:\/\/www.organisator.ch\/de\/operational-excellence\/2023-05-16\/fachmesse-control-2023-stiess-auf-begeisterung\/","og_site_name":"Organisator","article_publisher":"https:\/\/www.facebook.com\/OrganisatorFachmagazin","article_published_time":"2023-05-16T05:49:12+00:00","article_modified_time":"2024-11-16T07:41:56+00:00","og_image":[{"url":"https:\/\/www.organisator.ch\/wp-content\/uploads\/2022\/11\/Organisator-Neues-Aktienrecht-Mehr-Flexibilitaet-bei-der-Unternehmensgruendung.jpg","width":768,"height":522,"type":"image\/jpeg"}],"author":"galledia","twitter_card":"summary_large_image","twitter_creator":"@admin","schema":{"@context":"https:\/\/schema.org","@graph":[{"@type":"Article","@id":"https:\/\/www.organisator.ch\/operational-excellence\/2023-05-16\/fachmesse-control-2023-stiess-auf-begeisterung\/#article","isPartOf":{"@id":"https:\/\/www.organisator.ch\/operational-excellence\/2023-05-16\/fachmesse-control-2023-stiess-auf-begeisterung\/"},"author":{"name":"galledia","@id":"https:\/\/www.organisator.ch\/#\/schema\/person\/4e51799071cd2dd1232ac003643ef5f0"},"headline":"Fachmesse Control 2023 stiess auf Begeisterung","datePublished":"2023-05-16T05:49:12+00:00","dateModified":"2024-11-16T07:41:56+00:00","mainEntityOfPage":{"@id":"https:\/\/www.organisator.ch\/operational-excellence\/2023-05-16\/fachmesse-control-2023-stiess-auf-begeisterung\/"},"wordCount":827,"publisher":{"@id":"https:\/\/www.organisator.ch\/#organization"},"image":{"@id":"https:\/\/www.organisator.ch\/operational-excellence\/2023-05-16\/fachmesse-control-2023-stiess-auf-begeisterung\/#primaryimage"},"thumbnailUrl":"https:\/\/www.organisator.ch\/wp-content\/uploads\/2022\/11\/Organisator-Neues-Aktienrecht-Mehr-Flexibilitaet-bei-der-Unternehmensgruendung.jpg","articleSection":["OPERATIONAL EXCELLENCE"],"inLanguage":"de"},{"@type":"WebPage","@id":"https:\/\/www.organisator.ch\/operational-excellence\/2023-05-16\/fachmesse-control-2023-stiess-auf-begeisterung\/","url":"https:\/\/www.organisator.ch\/operational-excellence\/2023-05-16\/fachmesse-control-2023-stiess-auf-begeisterung\/","name":"Fachmesse Control 2023 stiess auf Begeisterung - Organisator","isPartOf":{"@id":"https:\/\/www.organisator.ch\/#website"},"primaryImageOfPage":{"@id":"https:\/\/www.organisator.ch\/operational-excellence\/2023-05-16\/fachmesse-control-2023-stiess-auf-begeisterung\/#primaryimage"},"image":{"@id":"https:\/\/www.organisator.ch\/operational-excellence\/2023-05-16\/fachmesse-control-2023-stiess-auf-begeisterung\/#primaryimage"},"thumbnailUrl":"https:\/\/www.organisator.ch\/wp-content\/uploads\/2022\/11\/Organisator-Neues-Aktienrecht-Mehr-Flexibilitaet-bei-der-Unternehmensgruendung.jpg","datePublished":"2023-05-16T05:49:12+00:00","dateModified":"2024-11-16T07:41:56+00:00","description":"Fachmesse Control 2023: Zukunftsweisende Qualit\u00e4tssicherung im Fokus. Innovationskraft und Internationalit\u00e4t pr\u00e4gen die Messe.","breadcrumb":{"@id":"https:\/\/www.organisator.ch\/operational-excellence\/2023-05-16\/fachmesse-control-2023-stiess-auf-begeisterung\/#breadcrumb"},"inLanguage":"de","potentialAction":[{"@type":"ReadAction","target":["https:\/\/www.organisator.ch\/operational-excellence\/2023-05-16\/fachmesse-control-2023-stiess-auf-begeisterung\/"]}]},{"@type":"ImageObject","inLanguage":"de","@id":"https:\/\/www.organisator.ch\/operational-excellence\/2023-05-16\/fachmesse-control-2023-stiess-auf-begeisterung\/#primaryimage","url":"https:\/\/www.organisator.ch\/wp-content\/uploads\/2022\/11\/Organisator-Neues-Aktienrecht-Mehr-Flexibilitaet-bei-der-Unternehmensgruendung.jpg","contentUrl":"https:\/\/www.organisator.ch\/wp-content\/uploads\/2022\/11\/Organisator-Neues-Aktienrecht-Mehr-Flexibilitaet-bei-der-Unternehmensgruendung.jpg"},{"@type":"BreadcrumbList","@id":"https:\/\/www.organisator.ch\/operational-excellence\/2023-05-16\/fachmesse-control-2023-stiess-auf-begeisterung\/#breadcrumb","itemListElement":[{"@type":"ListItem","position":1,"name":"Home","item":"https:\/\/www.organisator.ch\/"},{"@type":"ListItem","position":2,"name":"Fachmesse Control 2023 stiess auf Begeisterung"}]},{"@type":"WebSite","@id":"https:\/\/www.organisator.ch\/#website","url":"https:\/\/www.organisator.ch\/","name":"Organisator","description":"Kompetent. Praxisnah. Der ORGANISATOR bereitet in 10 Ausgaben pro Jahr die wesentlichen Themen f\u00fcr F\u00fchrungskr\u00e4fte von KMU auf.","publisher":{"@id":"https:\/\/www.organisator.ch\/#organization"},"potentialAction":[{"@type":"SearchAction","target":{"@type":"EntryPoint","urlTemplate":"https:\/\/www.organisator.ch\/?s={search_term_string}"},"query-input":{"@type":"PropertyValueSpecification","valueRequired":true,"valueName":"search_term_string"}}],"inLanguage":"de"},{"@type":"Organization","@id":"https:\/\/www.organisator.ch\/#organization","name":"Organisator","url":"https:\/\/www.organisator.ch\/","logo":{"@type":"ImageObject","inLanguage":"de","@id":"https:\/\/www.organisator.ch\/#\/schema\/logo\/image\/","url":"https:\/\/www.organisator.ch\/wp-content\/uploads\/2022\/01\/Logo_Organisator_Website.png","contentUrl":"https:\/\/www.organisator.ch\/wp-content\/uploads\/2022\/01\/Logo_Organisator_Website.png","width":800,"height":77,"caption":"Organisator"},"image":{"@id":"https:\/\/www.organisator.ch\/#\/schema\/logo\/image\/"},"sameAs":["https:\/\/www.facebook.com\/OrganisatorFachmagazin","https:\/\/www.linkedin.com\/showcase\/organisator-das-magazin-fr-kmu","https:\/\/www.xing.com\/news\/pages\/organisator-ch-695","https:\/\/www.youtube.com\/channel\/UCGP2Sq0iWaZwT3BdIAQFYpw"]},{"@type":"Person","@id":"https:\/\/www.organisator.ch\/#\/schema\/person\/4e51799071cd2dd1232ac003643ef5f0","name":"galledia","image":{"@type":"ImageObject","inLanguage":"de","@id":"https:\/\/secure.gravatar.com\/avatar\/78a7f90c01fc2bfc875782a0d4922b37cde2cf184ce347b91316d23cd7f69a36?s=96&d=mm&r=g","url":"https:\/\/secure.gravatar.com\/avatar\/78a7f90c01fc2bfc875782a0d4922b37cde2cf184ce347b91316d23cd7f69a36?s=96&d=mm&r=g","contentUrl":"https:\/\/secure.gravatar.com\/avatar\/78a7f90c01fc2bfc875782a0d4922b37cde2cf184ce347b91316d23cd7f69a36?s=96&d=mm&r=g","caption":"galledia"},"sameAs":["https:\/\/x.com\/admin"],"url":"https:\/\/www.organisator.ch\/de\/author\/galledia\/"}]}},"_links":{"self":[{"href":"https:\/\/www.organisator.ch\/de\/wp-json\/wp\/v2\/posts\/20165","targetHints":{"allow":["GET"]}}],"collection":[{"href":"https:\/\/www.organisator.ch\/de\/wp-json\/wp\/v2\/posts"}],"about":[{"href":"https:\/\/www.organisator.ch\/de\/wp-json\/wp\/v2\/types\/post"}],"author":[{"embeddable":true,"href":"https:\/\/www.organisator.ch\/de\/wp-json\/wp\/v2\/users\/8"}],"replies":[{"embeddable":true,"href":"https:\/\/www.organisator.ch\/de\/wp-json\/wp\/v2\/comments?post=20165"}],"version-history":[{"count":6,"href":"https:\/\/www.organisator.ch\/de\/wp-json\/wp\/v2\/posts\/20165\/revisions"}],"predecessor-version":[{"id":33145,"href":"https:\/\/www.organisator.ch\/de\/wp-json\/wp\/v2\/posts\/20165\/revisions\/33145"}],"wp:attachment":[{"href":"https:\/\/www.organisator.ch\/de\/wp-json\/wp\/v2\/media?parent=20165"}],"wp:term":[{"taxonomy":"category","embeddable":true,"href":"https:\/\/www.organisator.ch\/de\/wp-json\/wp\/v2\/categories?post=20165"},{"taxonomy":"post_tag","embeddable":true,"href":"https:\/\/www.organisator.ch\/de\/wp-json\/wp\/v2\/tags?post=20165"}],"curies":[{"name":"wp","href":"https:\/\/api.w.org\/{rel}","templated":true}]}}