{"id":202,"date":"2016-03-23T08:51:08","date_gmt":"2016-03-23T07:51:08","guid":{"rendered":"http:\/\/dev.organisator.ch\/?p=202"},"modified":"2016-03-23T08:51:08","modified_gmt":"2016-03-23T07:51:08","slug":"drei-projekte-fuer-den-swiss-ethics-award-2016-nominiert","status":"publish","type":"post","link":"https:\/\/www.organisator.ch\/de\/allgemein\/2016-03-23\/drei-projekte-fuer-den-swiss-ethics-award-2016-nominiert\/","title":{"rendered":"Drei Projekte f\u00fcr den Swiss Ethics Award 2016 nominiert"},"content":{"rendered":"<figure id=\"attachment_203\" aria-describedby=\"caption-attachment-203\" style=\"width: 680px\" class=\"wp-caption alignnone\"><img loading=\"lazy\" decoding=\"async\" class=\"size-medium wp-image-203\" src=\"https:\/\/organisator.ch\/wp-content\/uploads\/2016\/12\/Drei-Projekte-f\u00fcr-den-Swiss-Ethics-Award-2016-nominiert-organisator.jpg\" alt=\"\" width=\"680\" height=\"576\" \/><figcaption id=\"caption-attachment-203\" class=\"wp-caption-text\">Die Hauptreferenten am diesj\u00e4hrigen SWISS EXCELLENCE FORUM: Josef Radermacher; Roger de Weck und Nadja Lang.<\/figcaption><\/figure>\n<p>Die drei f\u00fcr den Swiss Ethics Award nominierten Unternehmen sind nun bestimmt, sie heissen:<\/p>\n<p>&#8211; Despite GmbH: Assessment f\u00fcr Vertrauenspositionen &#8211; AVP \u00a9<\/p>\n<p>&#8211; Die Sozialfirma AG: Nachhaltige Integration handicapierter Arbeitnehmer<\/p>\n<p>&#8211; Weleda AG: Ethische Beschaffung nat\u00fcrlicher Rohstoffe<\/p>\n<p><strong>Hohe Anforderungen<\/strong><\/p>\n<p>Nominiert werden Projekte, die die strengen Kriterien bez. des ethischen Nutzens erf\u00fcllen. Die hochkar\u00e4tige Jury, bestehend aus Ethikern sowie Vertretern aus der Wirtschaft, Wissenschaft, Theologie und Politik, k\u00fcrt aus den nominierten Projekten den Award Winner. Die Jury besteht aus:<\/p>\n<p>&#8211; Stephan Baer, Baer Ammann GmbH<\/p>\n<p>&#8211; Nationalr\u00e4tin Corina Eichenberger<\/p>\n<p>&#8211; Paola Ghillani, Paola Ghillani &amp; Friends Ltd.<\/p>\n<p>&#8211; Prof. Dr. Markus Huppenbauer, Ethik-Zentrum der Universit\u00e4t Z\u00fcrich<\/p>\n<p>&#8211; Prof. Dr. Hans Ruh, Wirtschafts- und Sozialethiker<\/p>\n<p>&#8211; Prof. Dr. Peter Schaber, Ethik-Zentrum der Universit\u00e4t Z\u00fcrich<\/p>\n<p>&#8211; Dr. Christoph Weber-Berg, Reformiert Landeskirche Aargau<\/p>\n<p><strong>Der Swiss Ethics Award<\/strong><\/p>\n<p>Seit 2005 zeichnet das SWISS EXCELLENCE FORUM mit dem Swiss Ethics Award herausragende ethische Leistungen in der Wirtschaft aus. Im Fokus stehen Leistungen von Organisationen, die in besonderer Weise Verantwortung \u00fcbernehmen und sich aktiv f\u00fcr eine nachhaltige Unternehmensf\u00fchrung engagieren.<\/p>\n<p><strong>Neues &#8222;Swiss Ethics Model&#8220;<\/strong><\/p>\n<p>Das &#8222;Swiss Ethics Model&#8220; wurde in Zusammenarbeit mit dem Ethik-Zentrum der Universit\u00e4t Z\u00fcrich entwickelt. Mit dem Modell steht ein F\u00fchrungsinstrument zur Verf\u00fcgung, mit dem die ethische Performance einer Organisation nachhaltig entwickelt werden kann. Das Modell dient der F\u00fchrung als Orientierung zur Umsetzung ihrer Ethikstrategie sowie zur Sensibilisierung der Mitarbeitenden und schliesst in einem zunehmend globalisierten Marktumfeld eine heikle L\u00fccke im Managementsystem.<\/p>\n<p>Diesj\u00e4hrige Keynotes:<\/p>\n<p>Nadja Lang, Gesch\u00e4ftsleiterin Max Havelaar-Stiftung (Schweiz); Roger de Weck, Generaldirektor SRG; Prof. Dr. Dr. Franz Josef Radermacher, Mathematiker und Wirtschaftswissenschaftler, Universit\u00e4t Ulm werden die KKL B\u00fchne betreten. Die Tagung wird moderiert von Nicole Brandes.<\/p>\n<p>&nbsp;<\/p>\n","protected":false},"excerpt":{"rendered":"<p>Die drei f\u00fcr den Swiss Ethics Award nominierten Unternehmen sind nun bestimmt, sie heissen: &#8211; Despite GmbH: Assessment f\u00fcr Vertrauenspositionen &#8211; AVP \u00a9 &#8211; Die Sozialfirma AG: Nachhaltige Integration handicapierter Arbeitnehmer &#8211; Weleda AG: Ethische Beschaffung nat\u00fcrlicher Rohstoffe Hohe Anforderungen Nominiert werden Projekte, die die strengen Kriterien bez. des ethischen Nutzens erf\u00fcllen. Die hochkar\u00e4tige Jury, [&hellip;]<\/p>\n","protected":false},"author":1,"featured_media":203,"comment_status":"open","ping_status":"open","sticky":false,"template":"","format":"standard","meta":{"_acf_changed":false,"_yoast_wpseo_focuskw":"Swiss Ethics Award","_yoast_wpseo_metadesc":"Am 20. April 2016 verleiht das SWISS EXCELLENCE FORUM im Rahmen der Schweizer Unternehmertagung im KKL Luzern zum siebten Mal den Swiss Ethics Award.","articlekey":"","footnotes":""},"categories":[1],"tags":[275,503,504],"class_list":["post-202","post","type-post","status-publish","format-standard","has-post-thumbnail","hentry","category-allgemein","tag-institutionen","tag-verbaende","tag-vereine"],"acf":[],"yoast_head":"<!-- This site is optimized with the Yoast SEO plugin v27.4 - https:\/\/yoast.com\/product\/yoast-seo-wordpress\/ -->\n<title>Drei Projekte f\u00fcr den Swiss Ethics Award 2016 nominiert - Organisator<\/title>\n<meta name=\"description\" content=\"Am 20. April 2016 verleiht das SWISS EXCELLENCE FORUM im Rahmen der Schweizer Unternehmertagung im KKL Luzern zum siebten Mal den Swiss Ethics Award.\" \/>\n<meta name=\"robots\" content=\"index, follow, max-snippet:-1, max-image-preview:large, max-video-preview:-1\" \/>\n<link rel=\"canonical\" href=\"https:\/\/www.organisator.ch\/de\/allgemein\/2016-03-23\/drei-projekte-fuer-den-swiss-ethics-award-2016-nominiert\/\" \/>\n<meta property=\"og:locale\" content=\"de_DE\" \/>\n<meta property=\"og:type\" content=\"article\" \/>\n<meta property=\"og:title\" content=\"Drei Projekte f\u00fcr den Swiss Ethics Award 2016 nominiert\" \/>\n<meta property=\"og:description\" content=\"Am 20. April 2016 verleiht das SWISS EXCELLENCE FORUM im Rahmen der Schweizer Unternehmertagung im KKL Luzern zum siebten Mal den Swiss Ethics Award. Drei Projekte sind f\u00fcr den diesj\u00e4hrigen Award nominiert.\" \/>\n<meta property=\"og:url\" content=\"https:\/\/www.organisator.ch\/de\/allgemein\/2016-03-23\/drei-projekte-fuer-den-swiss-ethics-award-2016-nominiert\/\" \/>\n<meta property=\"og:site_name\" content=\"Organisator\" \/>\n<meta property=\"article:publisher\" content=\"https:\/\/www.facebook.com\/OrganisatorFachmagazin\" \/>\n<meta property=\"article:published_time\" content=\"2016-03-23T07:51:08+00:00\" \/>\n<meta name=\"author\" content=\"admin\" \/>\n<meta name=\"twitter:card\" content=\"summary_large_image\" \/>\n<meta name=\"twitter:image\" content=\"https:\/\/www.organisator.ch\/wp-content\/uploads\/2016\/12\/Drei-Projekte-fuer-den-Swiss-Ethics-Award-2016-nominiert-organisator.jpg\" \/>\n<script type=\"application\/ld+json\" class=\"yoast-schema-graph\">{\"@context\":\"https:\\\/\\\/schema.org\",\"@graph\":[{\"@type\":\"Article\",\"@id\":\"https:\\\/\\\/www.organisator.ch\\\/en\\\/general\\\/2016-03-23\\\/drei-projekte-fuer-den-swiss-ethics-award-2016-nominiert\\\/#article\",\"isPartOf\":{\"@id\":\"https:\\\/\\\/www.organisator.ch\\\/en\\\/general\\\/2016-03-23\\\/drei-projekte-fuer-den-swiss-ethics-award-2016-nominiert\\\/\"},\"author\":{\"name\":\"admin\",\"@id\":\"https:\\\/\\\/www.organisator.ch\\\/#\\\/schema\\\/person\\\/aa2bace6c5c5aad60102004a50c4eb1c\"},\"headline\":\"Drei Projekte f\u00fcr den Swiss Ethics Award 2016 nominiert\",\"datePublished\":\"2016-03-23T07:51:08+00:00\",\"mainEntityOfPage\":{\"@id\":\"https:\\\/\\\/www.organisator.ch\\\/en\\\/general\\\/2016-03-23\\\/drei-projekte-fuer-den-swiss-ethics-award-2016-nominiert\\\/\"},\"wordCount\":328,\"commentCount\":0,\"publisher\":{\"@id\":\"https:\\\/\\\/www.organisator.ch\\\/#organization\"},\"image\":{\"@id\":\"https:\\\/\\\/www.organisator.ch\\\/en\\\/general\\\/2016-03-23\\\/drei-projekte-fuer-den-swiss-ethics-award-2016-nominiert\\\/#primaryimage\"},\"thumbnailUrl\":\"https:\\\/\\\/www.organisator.ch\\\/wp-content\\\/uploads\\\/2016\\\/12\\\/Drei-Projekte-fuer-den-Swiss-Ethics-Award-2016-nominiert-organisator.jpg\",\"keywords\":[\"Institutionen\",\"Verb\u00e4nde\",\"Vereine\"],\"inLanguage\":\"de\"},{\"@type\":\"WebPage\",\"@id\":\"https:\\\/\\\/www.organisator.ch\\\/en\\\/general\\\/2016-03-23\\\/drei-projekte-fuer-den-swiss-ethics-award-2016-nominiert\\\/\",\"url\":\"https:\\\/\\\/www.organisator.ch\\\/en\\\/general\\\/2016-03-23\\\/drei-projekte-fuer-den-swiss-ethics-award-2016-nominiert\\\/\",\"name\":\"Drei Projekte f\u00fcr den Swiss Ethics Award 2016 nominiert - Organisator\",\"isPartOf\":{\"@id\":\"https:\\\/\\\/www.organisator.ch\\\/#website\"},\"primaryImageOfPage\":{\"@id\":\"https:\\\/\\\/www.organisator.ch\\\/en\\\/general\\\/2016-03-23\\\/drei-projekte-fuer-den-swiss-ethics-award-2016-nominiert\\\/#primaryimage\"},\"image\":{\"@id\":\"https:\\\/\\\/www.organisator.ch\\\/en\\\/general\\\/2016-03-23\\\/drei-projekte-fuer-den-swiss-ethics-award-2016-nominiert\\\/#primaryimage\"},\"thumbnailUrl\":\"https:\\\/\\\/www.organisator.ch\\\/wp-content\\\/uploads\\\/2016\\\/12\\\/Drei-Projekte-fuer-den-Swiss-Ethics-Award-2016-nominiert-organisator.jpg\",\"datePublished\":\"2016-03-23T07:51:08+00:00\",\"description\":\"Am 20. April 2016 verleiht das SWISS EXCELLENCE FORUM im Rahmen der Schweizer Unternehmertagung im KKL Luzern zum siebten Mal den Swiss Ethics Award.\",\"breadcrumb\":{\"@id\":\"https:\\\/\\\/www.organisator.ch\\\/en\\\/general\\\/2016-03-23\\\/drei-projekte-fuer-den-swiss-ethics-award-2016-nominiert\\\/#breadcrumb\"},\"inLanguage\":\"de\",\"potentialAction\":[{\"@type\":\"ReadAction\",\"target\":[\"https:\\\/\\\/www.organisator.ch\\\/en\\\/general\\\/2016-03-23\\\/drei-projekte-fuer-den-swiss-ethics-award-2016-nominiert\\\/\"]}]},{\"@type\":\"ImageObject\",\"inLanguage\":\"de\",\"@id\":\"https:\\\/\\\/www.organisator.ch\\\/en\\\/general\\\/2016-03-23\\\/drei-projekte-fuer-den-swiss-ethics-award-2016-nominiert\\\/#primaryimage\",\"url\":\"https:\\\/\\\/www.organisator.ch\\\/wp-content\\\/uploads\\\/2016\\\/12\\\/Drei-Projekte-fuer-den-Swiss-Ethics-Award-2016-nominiert-organisator.jpg\",\"contentUrl\":\"https:\\\/\\\/www.organisator.ch\\\/wp-content\\\/uploads\\\/2016\\\/12\\\/Drei-Projekte-fuer-den-Swiss-Ethics-Award-2016-nominiert-organisator.jpg\",\"width\":712,\"height\":603,\"caption\":\"Die Hauptreferenten am diesj\u00e4hrigen SWISS EXCELLENCE FORUM: Josef Radermacher; Roger de Weck und Nadja Lang.\"},{\"@type\":\"BreadcrumbList\",\"@id\":\"https:\\\/\\\/www.organisator.ch\\\/en\\\/general\\\/2016-03-23\\\/drei-projekte-fuer-den-swiss-ethics-award-2016-nominiert\\\/#breadcrumb\",\"itemListElement\":[{\"@type\":\"ListItem\",\"position\":1,\"name\":\"Home\",\"item\":\"https:\\\/\\\/www.organisator.ch\\\/\"},{\"@type\":\"ListItem\",\"position\":2,\"name\":\"Drei Projekte f\u00fcr den Swiss Ethics Award 2016 nominiert\"}]},{\"@type\":\"WebSite\",\"@id\":\"https:\\\/\\\/www.organisator.ch\\\/#website\",\"url\":\"https:\\\/\\\/www.organisator.ch\\\/\",\"name\":\"Organisator\",\"description\":\"Kompetent. Praxisnah. Der ORGANISATOR bereitet in 10 Ausgaben pro Jahr die wesentlichen Themen f\u00fcr F\u00fchrungskr\u00e4fte von KMU auf.\",\"publisher\":{\"@id\":\"https:\\\/\\\/www.organisator.ch\\\/#organization\"},\"potentialAction\":[{\"@type\":\"SearchAction\",\"target\":{\"@type\":\"EntryPoint\",\"urlTemplate\":\"https:\\\/\\\/www.organisator.ch\\\/?s={search_term_string}\"},\"query-input\":{\"@type\":\"PropertyValueSpecification\",\"valueRequired\":true,\"valueName\":\"search_term_string\"}}],\"inLanguage\":\"de\"},{\"@type\":\"Organization\",\"@id\":\"https:\\\/\\\/www.organisator.ch\\\/#organization\",\"name\":\"Organisator\",\"url\":\"https:\\\/\\\/www.organisator.ch\\\/\",\"logo\":{\"@type\":\"ImageObject\",\"inLanguage\":\"de\",\"@id\":\"https:\\\/\\\/www.organisator.ch\\\/#\\\/schema\\\/logo\\\/image\\\/\",\"url\":\"https:\\\/\\\/www.organisator.ch\\\/wp-content\\\/uploads\\\/2022\\\/01\\\/Logo_Organisator_Website.png\",\"contentUrl\":\"https:\\\/\\\/www.organisator.ch\\\/wp-content\\\/uploads\\\/2022\\\/01\\\/Logo_Organisator_Website.png\",\"width\":800,\"height\":77,\"caption\":\"Organisator\"},\"image\":{\"@id\":\"https:\\\/\\\/www.organisator.ch\\\/#\\\/schema\\\/logo\\\/image\\\/\"},\"sameAs\":[\"https:\\\/\\\/www.facebook.com\\\/OrganisatorFachmagazin\",\"https:\\\/\\\/www.linkedin.com\\\/showcase\\\/organisator-das-magazin-fr-kmu\",\"https:\\\/\\\/www.xing.com\\\/news\\\/pages\\\/organisator-ch-695\",\"https:\\\/\\\/www.youtube.com\\\/channel\\\/UCGP2Sq0iWaZwT3BdIAQFYpw\"]},{\"@type\":\"Person\",\"@id\":\"https:\\\/\\\/www.organisator.ch\\\/#\\\/schema\\\/person\\\/aa2bace6c5c5aad60102004a50c4eb1c\",\"name\":\"admin\",\"image\":{\"@type\":\"ImageObject\",\"inLanguage\":\"de\",\"@id\":\"https:\\\/\\\/secure.gravatar.com\\\/avatar\\\/ae2f4d718e6c49043e314ce431e7e645d646302a24a5ef5a8bc8e3f5a032e319?s=96&d=mm&r=g\",\"url\":\"https:\\\/\\\/secure.gravatar.com\\\/avatar\\\/ae2f4d718e6c49043e314ce431e7e645d646302a24a5ef5a8bc8e3f5a032e319?s=96&d=mm&r=g\",\"contentUrl\":\"https:\\\/\\\/secure.gravatar.com\\\/avatar\\\/ae2f4d718e6c49043e314ce431e7e645d646302a24a5ef5a8bc8e3f5a032e319?s=96&d=mm&r=g\",\"caption\":\"admin\"},\"sameAs\":[\"https:\\\/\\\/www.organisator.ch\"],\"url\":\"https:\\\/\\\/www.organisator.ch\\\/de\\\/author\\\/admin\\\/\"}]}<\/script>\n<!-- \/ Yoast SEO plugin. -->","yoast_head_json":{"title":"Drei Projekte f\u00fcr den Swiss Ethics Award 2016 nominiert - Organisator","description":"Am 20. April 2016 verleiht das SWISS EXCELLENCE FORUM im Rahmen der Schweizer Unternehmertagung im KKL Luzern zum siebten Mal den Swiss Ethics Award.","robots":{"index":"index","follow":"follow","max-snippet":"max-snippet:-1","max-image-preview":"max-image-preview:large","max-video-preview":"max-video-preview:-1"},"canonical":"https:\/\/www.organisator.ch\/de\/allgemein\/2016-03-23\/drei-projekte-fuer-den-swiss-ethics-award-2016-nominiert\/","og_locale":"de_DE","og_type":"article","og_title":"Drei Projekte f\u00fcr den Swiss Ethics Award 2016 nominiert","og_description":"Am 20. April 2016 verleiht das SWISS EXCELLENCE FORUM im Rahmen der Schweizer Unternehmertagung im KKL Luzern zum siebten Mal den Swiss Ethics Award. Drei Projekte sind f\u00fcr den diesj\u00e4hrigen Award nominiert.","og_url":"https:\/\/www.organisator.ch\/de\/allgemein\/2016-03-23\/drei-projekte-fuer-den-swiss-ethics-award-2016-nominiert\/","og_site_name":"Organisator","article_publisher":"https:\/\/www.facebook.com\/OrganisatorFachmagazin","article_published_time":"2016-03-23T07:51:08+00:00","author":"admin","twitter_card":"summary_large_image","twitter_image":"https:\/\/www.organisator.ch\/wp-content\/uploads\/2016\/12\/Drei-Projekte-fuer-den-Swiss-Ethics-Award-2016-nominiert-organisator.jpg","schema":{"@context":"https:\/\/schema.org","@graph":[{"@type":"Article","@id":"https:\/\/www.organisator.ch\/en\/general\/2016-03-23\/drei-projekte-fuer-den-swiss-ethics-award-2016-nominiert\/#article","isPartOf":{"@id":"https:\/\/www.organisator.ch\/en\/general\/2016-03-23\/drei-projekte-fuer-den-swiss-ethics-award-2016-nominiert\/"},"author":{"name":"admin","@id":"https:\/\/www.organisator.ch\/#\/schema\/person\/aa2bace6c5c5aad60102004a50c4eb1c"},"headline":"Drei Projekte f\u00fcr den Swiss Ethics Award 2016 nominiert","datePublished":"2016-03-23T07:51:08+00:00","mainEntityOfPage":{"@id":"https:\/\/www.organisator.ch\/en\/general\/2016-03-23\/drei-projekte-fuer-den-swiss-ethics-award-2016-nominiert\/"},"wordCount":328,"commentCount":0,"publisher":{"@id":"https:\/\/www.organisator.ch\/#organization"},"image":{"@id":"https:\/\/www.organisator.ch\/en\/general\/2016-03-23\/drei-projekte-fuer-den-swiss-ethics-award-2016-nominiert\/#primaryimage"},"thumbnailUrl":"https:\/\/www.organisator.ch\/wp-content\/uploads\/2016\/12\/Drei-Projekte-fuer-den-Swiss-Ethics-Award-2016-nominiert-organisator.jpg","keywords":["Institutionen","Verb\u00e4nde","Vereine"],"inLanguage":"de"},{"@type":"WebPage","@id":"https:\/\/www.organisator.ch\/en\/general\/2016-03-23\/drei-projekte-fuer-den-swiss-ethics-award-2016-nominiert\/","url":"https:\/\/www.organisator.ch\/en\/general\/2016-03-23\/drei-projekte-fuer-den-swiss-ethics-award-2016-nominiert\/","name":"Drei Projekte f\u00fcr den Swiss Ethics Award 2016 nominiert - Organisator","isPartOf":{"@id":"https:\/\/www.organisator.ch\/#website"},"primaryImageOfPage":{"@id":"https:\/\/www.organisator.ch\/en\/general\/2016-03-23\/drei-projekte-fuer-den-swiss-ethics-award-2016-nominiert\/#primaryimage"},"image":{"@id":"https:\/\/www.organisator.ch\/en\/general\/2016-03-23\/drei-projekte-fuer-den-swiss-ethics-award-2016-nominiert\/#primaryimage"},"thumbnailUrl":"https:\/\/www.organisator.ch\/wp-content\/uploads\/2016\/12\/Drei-Projekte-fuer-den-Swiss-Ethics-Award-2016-nominiert-organisator.jpg","datePublished":"2016-03-23T07:51:08+00:00","description":"Am 20. April 2016 verleiht das SWISS EXCELLENCE FORUM im Rahmen der Schweizer Unternehmertagung im KKL Luzern zum siebten Mal den Swiss Ethics Award.","breadcrumb":{"@id":"https:\/\/www.organisator.ch\/en\/general\/2016-03-23\/drei-projekte-fuer-den-swiss-ethics-award-2016-nominiert\/#breadcrumb"},"inLanguage":"de","potentialAction":[{"@type":"ReadAction","target":["https:\/\/www.organisator.ch\/en\/general\/2016-03-23\/drei-projekte-fuer-den-swiss-ethics-award-2016-nominiert\/"]}]},{"@type":"ImageObject","inLanguage":"de","@id":"https:\/\/www.organisator.ch\/en\/general\/2016-03-23\/drei-projekte-fuer-den-swiss-ethics-award-2016-nominiert\/#primaryimage","url":"https:\/\/www.organisator.ch\/wp-content\/uploads\/2016\/12\/Drei-Projekte-fuer-den-Swiss-Ethics-Award-2016-nominiert-organisator.jpg","contentUrl":"https:\/\/www.organisator.ch\/wp-content\/uploads\/2016\/12\/Drei-Projekte-fuer-den-Swiss-Ethics-Award-2016-nominiert-organisator.jpg","width":712,"height":603,"caption":"Die Hauptreferenten am diesj\u00e4hrigen SWISS EXCELLENCE FORUM: Josef Radermacher; Roger de Weck und Nadja Lang."},{"@type":"BreadcrumbList","@id":"https:\/\/www.organisator.ch\/en\/general\/2016-03-23\/drei-projekte-fuer-den-swiss-ethics-award-2016-nominiert\/#breadcrumb","itemListElement":[{"@type":"ListItem","position":1,"name":"Home","item":"https:\/\/www.organisator.ch\/"},{"@type":"ListItem","position":2,"name":"Drei Projekte f\u00fcr den Swiss Ethics Award 2016 nominiert"}]},{"@type":"WebSite","@id":"https:\/\/www.organisator.ch\/#website","url":"https:\/\/www.organisator.ch\/","name":"Organisator","description":"Kompetent. Praxisnah. Der ORGANISATOR bereitet in 10 Ausgaben pro Jahr die wesentlichen Themen f\u00fcr F\u00fchrungskr\u00e4fte von KMU auf.","publisher":{"@id":"https:\/\/www.organisator.ch\/#organization"},"potentialAction":[{"@type":"SearchAction","target":{"@type":"EntryPoint","urlTemplate":"https:\/\/www.organisator.ch\/?s={search_term_string}"},"query-input":{"@type":"PropertyValueSpecification","valueRequired":true,"valueName":"search_term_string"}}],"inLanguage":"de"},{"@type":"Organization","@id":"https:\/\/www.organisator.ch\/#organization","name":"Organisator","url":"https:\/\/www.organisator.ch\/","logo":{"@type":"ImageObject","inLanguage":"de","@id":"https:\/\/www.organisator.ch\/#\/schema\/logo\/image\/","url":"https:\/\/www.organisator.ch\/wp-content\/uploads\/2022\/01\/Logo_Organisator_Website.png","contentUrl":"https:\/\/www.organisator.ch\/wp-content\/uploads\/2022\/01\/Logo_Organisator_Website.png","width":800,"height":77,"caption":"Organisator"},"image":{"@id":"https:\/\/www.organisator.ch\/#\/schema\/logo\/image\/"},"sameAs":["https:\/\/www.facebook.com\/OrganisatorFachmagazin","https:\/\/www.linkedin.com\/showcase\/organisator-das-magazin-fr-kmu","https:\/\/www.xing.com\/news\/pages\/organisator-ch-695","https:\/\/www.youtube.com\/channel\/UCGP2Sq0iWaZwT3BdIAQFYpw"]},{"@type":"Person","@id":"https:\/\/www.organisator.ch\/#\/schema\/person\/aa2bace6c5c5aad60102004a50c4eb1c","name":"admin","image":{"@type":"ImageObject","inLanguage":"de","@id":"https:\/\/secure.gravatar.com\/avatar\/ae2f4d718e6c49043e314ce431e7e645d646302a24a5ef5a8bc8e3f5a032e319?s=96&d=mm&r=g","url":"https:\/\/secure.gravatar.com\/avatar\/ae2f4d718e6c49043e314ce431e7e645d646302a24a5ef5a8bc8e3f5a032e319?s=96&d=mm&r=g","contentUrl":"https:\/\/secure.gravatar.com\/avatar\/ae2f4d718e6c49043e314ce431e7e645d646302a24a5ef5a8bc8e3f5a032e319?s=96&d=mm&r=g","caption":"admin"},"sameAs":["https:\/\/www.organisator.ch"],"url":"https:\/\/www.organisator.ch\/de\/author\/admin\/"}]}},"_links":{"self":[{"href":"https:\/\/www.organisator.ch\/de\/wp-json\/wp\/v2\/posts\/202","targetHints":{"allow":["GET"]}}],"collection":[{"href":"https:\/\/www.organisator.ch\/de\/wp-json\/wp\/v2\/posts"}],"about":[{"href":"https:\/\/www.organisator.ch\/de\/wp-json\/wp\/v2\/types\/post"}],"author":[{"embeddable":true,"href":"https:\/\/www.organisator.ch\/de\/wp-json\/wp\/v2\/users\/1"}],"replies":[{"embeddable":true,"href":"https:\/\/www.organisator.ch\/de\/wp-json\/wp\/v2\/comments?post=202"}],"version-history":[{"count":0,"href":"https:\/\/www.organisator.ch\/de\/wp-json\/wp\/v2\/posts\/202\/revisions"}],"wp:featuredmedia":[{"embeddable":true,"href":"https:\/\/www.organisator.ch\/de\/wp-json\/wp\/v2\/media\/203"}],"wp:attachment":[{"href":"https:\/\/www.organisator.ch\/de\/wp-json\/wp\/v2\/media?parent=202"}],"wp:term":[{"taxonomy":"category","embeddable":true,"href":"https:\/\/www.organisator.ch\/de\/wp-json\/wp\/v2\/categories?post=202"},{"taxonomy":"post_tag","embeddable":true,"href":"https:\/\/www.organisator.ch\/de\/wp-json\/wp\/v2\/tags?post=202"}],"curies":[{"name":"wp","href":"https:\/\/api.w.org\/{rel}","templated":true}]}}