{"id":20261,"date":"2023-06-05T20:03:39","date_gmt":"2023-06-05T18:03:39","guid":{"rendered":"https:\/\/www.organisator.ch\/de\/?p=20261"},"modified":"2023-05-30T10:17:33","modified_gmt":"2023-05-30T08:17:33","slug":"sanitized-damit-socken-nicht-stinken","status":"publish","type":"post","link":"https:\/\/www.organisator.ch\/de\/management\/2023-06-05\/sanitized-damit-socken-nicht-stinken\/","title":{"rendered":"Sanitized: Damit Socken nicht stinken \u2026"},"content":{"rendered":"<div class=\"swpm-post-not-logged-in-msg\">You need to be logged in to view this content. Bitte <a class=\"swpm-login-link\" href=\"https:\/\/www.organisator.ch\/login\/\">Log In<\/a>. Kein Mitglied? <a href=\"https:\/\/www.organisator.ch\/shop\/\">Werden Sie Mitglied bei uns<\/a><\/div>","protected":false},"excerpt":{"rendered":"<p>Eine Eigenschaft wird zur Marke: Sanitized, also &#xAB;keimfrei gemacht&#xBB;. Das Unternehmen dahinter, die Sanitized AG aus Burgdorf, &#xAB;importierte&#xBB; die Idee aus den USA in die Schweiz und eroberte von hier aus die Welt wieder zur&#xFC;ck. Der Gewinn des Prix SVC Espace Mittelland im M&#xE4;rz 2023 bedeutet eine Auszeichnung f&#xFC;r stetige Innovationskraft.<\/p>\n","protected":false},"author":1,"featured_media":20258,"comment_status":"closed","ping_status":"closed","sticky":false,"template":"","format":"standard","meta":{"_acf_changed":false,"_yoast_wpseo_focuskw":"Sanitized","_yoast_wpseo_metadesc":"Eine Eigenschaft wird zur Marke: Sanitized, also \"keimfrei gemacht\". Damit erobert die Sanitized AG aus Burgdorf die Welt.","articlekey":"39141","footnotes":""},"categories":[578,28],"tags":[66,196,283,391],"class_list":["post-20261","post","type-post","status-publish","format-standard","has-post-thumbnail","hentry","category-abo","category-management","tag-awards","tag-familienunternehmen","tag-interview","tag-prix-svc-espace-mittelland"],"acf":[],"yoast_head":"<!-- This site is optimized with the Yoast SEO plugin v27.4 - https:\/\/yoast.com\/product\/yoast-seo-wordpress\/ -->\n<title>Sanitized: Damit Socken nicht stinken \u2026 - Organisator<\/title>\n<meta name=\"description\" content=\"Eine Eigenschaft wird zur Marke: Sanitized, also &quot;keimfrei gemacht&quot;. Damit erobert die Sanitized AG aus Burgdorf die Welt.\" \/>\n<meta name=\"robots\" content=\"index, follow, max-snippet:-1, max-image-preview:large, max-video-preview:-1\" \/>\n<link rel=\"canonical\" href=\"https:\/\/www.organisator.ch\/de\/management\/2023-06-05\/sanitized-damit-socken-nicht-stinken\/\" \/>\n<meta property=\"og:locale\" content=\"de_DE\" \/>\n<meta property=\"og:type\" content=\"article\" \/>\n<meta property=\"og:title\" content=\"Sanitized: Damit Socken nicht stinken \u2026 - Organisator\" \/>\n<meta property=\"og:description\" content=\"Eine Eigenschaft wird zur Marke: Sanitized, also &quot;keimfrei gemacht&quot;. Damit erobert die Sanitized AG aus Burgdorf die Welt.\" \/>\n<meta property=\"og:url\" content=\"https:\/\/www.organisator.ch\/de\/management\/2023-06-05\/sanitized-damit-socken-nicht-stinken\/\" \/>\n<meta property=\"og:site_name\" content=\"Organisator\" \/>\n<meta property=\"article:publisher\" content=\"https:\/\/www.facebook.com\/OrganisatorFachmagazin\" \/>\n<meta property=\"article:published_time\" content=\"2023-06-05T18:03:39+00:00\" \/>\n<meta property=\"og:image\" content=\"https:\/\/www.organisator.ch\/wp-content\/uploads\/2023\/05\/Management_Auftakt_Bild1-Aufmacher_HIGH_organisator_47126-scaled.jpg\" \/>\n\t<meta property=\"og:image:width\" content=\"1042\" \/>\n\t<meta property=\"og:image:height\" content=\"1400\" \/>\n\t<meta property=\"og:image:type\" content=\"image\/jpeg\" \/>\n<meta name=\"author\" content=\"admin\" \/>\n<meta name=\"twitter:card\" content=\"summary_large_image\" \/>\n<script type=\"application\/ld+json\" class=\"yoast-schema-graph\">{\"@context\":\"https:\\\/\\\/schema.org\",\"@graph\":[{\"@type\":\"Article\",\"@id\":\"https:\\\/\\\/www.organisator.ch\\\/management\\\/2023-06-05\\\/sanitized-damit-socken-nicht-stinken\\\/#article\",\"isPartOf\":{\"@id\":\"https:\\\/\\\/www.organisator.ch\\\/management\\\/2023-06-05\\\/sanitized-damit-socken-nicht-stinken\\\/\"},\"author\":{\"name\":\"admin\",\"@id\":\"https:\\\/\\\/www.organisator.ch\\\/#\\\/schema\\\/person\\\/aa2bace6c5c5aad60102004a50c4eb1c\"},\"headline\":\"Sanitized: Damit Socken nicht stinken \u2026\",\"datePublished\":\"2023-06-05T18:03:39+00:00\",\"mainEntityOfPage\":{\"@id\":\"https:\\\/\\\/www.organisator.ch\\\/management\\\/2023-06-05\\\/sanitized-damit-socken-nicht-stinken\\\/\"},\"wordCount\":2902,\"publisher\":{\"@id\":\"https:\\\/\\\/www.organisator.ch\\\/#organization\"},\"image\":{\"@id\":\"https:\\\/\\\/www.organisator.ch\\\/management\\\/2023-06-05\\\/sanitized-damit-socken-nicht-stinken\\\/#primaryimage\"},\"thumbnailUrl\":\"https:\\\/\\\/www.organisator.ch\\\/wp-content\\\/uploads\\\/2023\\\/05\\\/Management_Auftakt_Bild1-Aufmacher_HIGH_organisator_47126-scaled.jpg\",\"keywords\":[\"Awards\",\"Familienunternehmen\",\"Interview\",\"Prix SVC Espace Mittelland\"],\"articleSection\":[\"ABO+\",\"MANAGEMENT\"],\"inLanguage\":\"de\"},{\"@type\":\"WebPage\",\"@id\":\"https:\\\/\\\/www.organisator.ch\\\/management\\\/2023-06-05\\\/sanitized-damit-socken-nicht-stinken\\\/\",\"url\":\"https:\\\/\\\/www.organisator.ch\\\/management\\\/2023-06-05\\\/sanitized-damit-socken-nicht-stinken\\\/\",\"name\":\"Sanitized: Damit Socken nicht stinken \u2026 - Organisator\",\"isPartOf\":{\"@id\":\"https:\\\/\\\/www.organisator.ch\\\/#website\"},\"primaryImageOfPage\":{\"@id\":\"https:\\\/\\\/www.organisator.ch\\\/management\\\/2023-06-05\\\/sanitized-damit-socken-nicht-stinken\\\/#primaryimage\"},\"image\":{\"@id\":\"https:\\\/\\\/www.organisator.ch\\\/management\\\/2023-06-05\\\/sanitized-damit-socken-nicht-stinken\\\/#primaryimage\"},\"thumbnailUrl\":\"https:\\\/\\\/www.organisator.ch\\\/wp-content\\\/uploads\\\/2023\\\/05\\\/Management_Auftakt_Bild1-Aufmacher_HIGH_organisator_47126-scaled.jpg\",\"datePublished\":\"2023-06-05T18:03:39+00:00\",\"description\":\"Eine Eigenschaft wird zur Marke: Sanitized, also \\\"keimfrei gemacht\\\". Damit erobert die Sanitized AG aus Burgdorf die Welt.\",\"breadcrumb\":{\"@id\":\"https:\\\/\\\/www.organisator.ch\\\/management\\\/2023-06-05\\\/sanitized-damit-socken-nicht-stinken\\\/#breadcrumb\"},\"inLanguage\":\"de\",\"potentialAction\":[{\"@type\":\"ReadAction\",\"target\":[\"https:\\\/\\\/www.organisator.ch\\\/management\\\/2023-06-05\\\/sanitized-damit-socken-nicht-stinken\\\/\"]}]},{\"@type\":\"ImageObject\",\"inLanguage\":\"de\",\"@id\":\"https:\\\/\\\/www.organisator.ch\\\/management\\\/2023-06-05\\\/sanitized-damit-socken-nicht-stinken\\\/#primaryimage\",\"url\":\"https:\\\/\\\/www.organisator.ch\\\/wp-content\\\/uploads\\\/2023\\\/05\\\/Management_Auftakt_Bild1-Aufmacher_HIGH_organisator_47126-scaled.jpg\",\"contentUrl\":\"https:\\\/\\\/www.organisator.ch\\\/wp-content\\\/uploads\\\/2023\\\/05\\\/Management_Auftakt_Bild1-Aufmacher_HIGH_organisator_47126-scaled.jpg\",\"width\":1042,\"height\":1400,\"caption\":\"Fotos: Raffi P.N. Falchi\"},{\"@type\":\"BreadcrumbList\",\"@id\":\"https:\\\/\\\/www.organisator.ch\\\/management\\\/2023-06-05\\\/sanitized-damit-socken-nicht-stinken\\\/#breadcrumb\",\"itemListElement\":[{\"@type\":\"ListItem\",\"position\":1,\"name\":\"Home\",\"item\":\"https:\\\/\\\/www.organisator.ch\\\/\"},{\"@type\":\"ListItem\",\"position\":2,\"name\":\"Sanitized: Damit Socken nicht stinken \u2026\"}]},{\"@type\":\"WebSite\",\"@id\":\"https:\\\/\\\/www.organisator.ch\\\/#website\",\"url\":\"https:\\\/\\\/www.organisator.ch\\\/\",\"name\":\"Organisator\",\"description\":\"Kompetent. Praxisnah. Der ORGANISATOR bereitet in 10 Ausgaben pro Jahr die wesentlichen Themen f\u00fcr F\u00fchrungskr\u00e4fte von KMU auf.\",\"publisher\":{\"@id\":\"https:\\\/\\\/www.organisator.ch\\\/#organization\"},\"potentialAction\":[{\"@type\":\"SearchAction\",\"target\":{\"@type\":\"EntryPoint\",\"urlTemplate\":\"https:\\\/\\\/www.organisator.ch\\\/?s={search_term_string}\"},\"query-input\":{\"@type\":\"PropertyValueSpecification\",\"valueRequired\":true,\"valueName\":\"search_term_string\"}}],\"inLanguage\":\"de\"},{\"@type\":\"Organization\",\"@id\":\"https:\\\/\\\/www.organisator.ch\\\/#organization\",\"name\":\"Organisator\",\"url\":\"https:\\\/\\\/www.organisator.ch\\\/\",\"logo\":{\"@type\":\"ImageObject\",\"inLanguage\":\"de\",\"@id\":\"https:\\\/\\\/www.organisator.ch\\\/#\\\/schema\\\/logo\\\/image\\\/\",\"url\":\"https:\\\/\\\/www.organisator.ch\\\/wp-content\\\/uploads\\\/2022\\\/01\\\/Logo_Organisator_Website.png\",\"contentUrl\":\"https:\\\/\\\/www.organisator.ch\\\/wp-content\\\/uploads\\\/2022\\\/01\\\/Logo_Organisator_Website.png\",\"width\":800,\"height\":77,\"caption\":\"Organisator\"},\"image\":{\"@id\":\"https:\\\/\\\/www.organisator.ch\\\/#\\\/schema\\\/logo\\\/image\\\/\"},\"sameAs\":[\"https:\\\/\\\/www.facebook.com\\\/OrganisatorFachmagazin\",\"https:\\\/\\\/www.linkedin.com\\\/showcase\\\/organisator-das-magazin-fr-kmu\",\"https:\\\/\\\/www.xing.com\\\/news\\\/pages\\\/organisator-ch-695\",\"https:\\\/\\\/www.youtube.com\\\/channel\\\/UCGP2Sq0iWaZwT3BdIAQFYpw\"]},{\"@type\":\"Person\",\"@id\":\"https:\\\/\\\/www.organisator.ch\\\/#\\\/schema\\\/person\\\/aa2bace6c5c5aad60102004a50c4eb1c\",\"name\":\"admin\",\"image\":{\"@type\":\"ImageObject\",\"inLanguage\":\"de\",\"@id\":\"https:\\\/\\\/secure.gravatar.com\\\/avatar\\\/ae2f4d718e6c49043e314ce431e7e645d646302a24a5ef5a8bc8e3f5a032e319?s=96&d=mm&r=g\",\"url\":\"https:\\\/\\\/secure.gravatar.com\\\/avatar\\\/ae2f4d718e6c49043e314ce431e7e645d646302a24a5ef5a8bc8e3f5a032e319?s=96&d=mm&r=g\",\"contentUrl\":\"https:\\\/\\\/secure.gravatar.com\\\/avatar\\\/ae2f4d718e6c49043e314ce431e7e645d646302a24a5ef5a8bc8e3f5a032e319?s=96&d=mm&r=g\",\"caption\":\"admin\"},\"sameAs\":[\"https:\\\/\\\/www.organisator.ch\"],\"url\":\"https:\\\/\\\/www.organisator.ch\\\/de\\\/author\\\/admin\\\/\"}]}<\/script>\n<!-- \/ Yoast SEO plugin. -->","yoast_head_json":{"title":"Sanitized: Damit Socken nicht stinken \u2026 - Organisator","description":"Eine Eigenschaft wird zur Marke: Sanitized, also \"keimfrei gemacht\". Damit erobert die Sanitized AG aus Burgdorf die Welt.","robots":{"index":"index","follow":"follow","max-snippet":"max-snippet:-1","max-image-preview":"max-image-preview:large","max-video-preview":"max-video-preview:-1"},"canonical":"https:\/\/www.organisator.ch\/de\/management\/2023-06-05\/sanitized-damit-socken-nicht-stinken\/","og_locale":"de_DE","og_type":"article","og_title":"Sanitized: Damit Socken nicht stinken \u2026 - Organisator","og_description":"Eine Eigenschaft wird zur Marke: Sanitized, also \"keimfrei gemacht\". Damit erobert die Sanitized AG aus Burgdorf die Welt.","og_url":"https:\/\/www.organisator.ch\/de\/management\/2023-06-05\/sanitized-damit-socken-nicht-stinken\/","og_site_name":"Organisator","article_publisher":"https:\/\/www.facebook.com\/OrganisatorFachmagazin","article_published_time":"2023-06-05T18:03:39+00:00","og_image":[{"width":1042,"height":1400,"url":"https:\/\/www.organisator.ch\/wp-content\/uploads\/2023\/05\/Management_Auftakt_Bild1-Aufmacher_HIGH_organisator_47126-scaled.jpg","type":"image\/jpeg"}],"author":"admin","twitter_card":"summary_large_image","schema":{"@context":"https:\/\/schema.org","@graph":[{"@type":"Article","@id":"https:\/\/www.organisator.ch\/management\/2023-06-05\/sanitized-damit-socken-nicht-stinken\/#article","isPartOf":{"@id":"https:\/\/www.organisator.ch\/management\/2023-06-05\/sanitized-damit-socken-nicht-stinken\/"},"author":{"name":"admin","@id":"https:\/\/www.organisator.ch\/#\/schema\/person\/aa2bace6c5c5aad60102004a50c4eb1c"},"headline":"Sanitized: Damit Socken nicht stinken \u2026","datePublished":"2023-06-05T18:03:39+00:00","mainEntityOfPage":{"@id":"https:\/\/www.organisator.ch\/management\/2023-06-05\/sanitized-damit-socken-nicht-stinken\/"},"wordCount":2902,"publisher":{"@id":"https:\/\/www.organisator.ch\/#organization"},"image":{"@id":"https:\/\/www.organisator.ch\/management\/2023-06-05\/sanitized-damit-socken-nicht-stinken\/#primaryimage"},"thumbnailUrl":"https:\/\/www.organisator.ch\/wp-content\/uploads\/2023\/05\/Management_Auftakt_Bild1-Aufmacher_HIGH_organisator_47126-scaled.jpg","keywords":["Awards","Familienunternehmen","Interview","Prix SVC Espace Mittelland"],"articleSection":["ABO+","MANAGEMENT"],"inLanguage":"de"},{"@type":"WebPage","@id":"https:\/\/www.organisator.ch\/management\/2023-06-05\/sanitized-damit-socken-nicht-stinken\/","url":"https:\/\/www.organisator.ch\/management\/2023-06-05\/sanitized-damit-socken-nicht-stinken\/","name":"Sanitized: Damit Socken nicht stinken \u2026 - Organisator","isPartOf":{"@id":"https:\/\/www.organisator.ch\/#website"},"primaryImageOfPage":{"@id":"https:\/\/www.organisator.ch\/management\/2023-06-05\/sanitized-damit-socken-nicht-stinken\/#primaryimage"},"image":{"@id":"https:\/\/www.organisator.ch\/management\/2023-06-05\/sanitized-damit-socken-nicht-stinken\/#primaryimage"},"thumbnailUrl":"https:\/\/www.organisator.ch\/wp-content\/uploads\/2023\/05\/Management_Auftakt_Bild1-Aufmacher_HIGH_organisator_47126-scaled.jpg","datePublished":"2023-06-05T18:03:39+00:00","description":"Eine Eigenschaft wird zur Marke: Sanitized, also \"keimfrei gemacht\". Damit erobert die Sanitized AG aus Burgdorf die Welt.","breadcrumb":{"@id":"https:\/\/www.organisator.ch\/management\/2023-06-05\/sanitized-damit-socken-nicht-stinken\/#breadcrumb"},"inLanguage":"de","potentialAction":[{"@type":"ReadAction","target":["https:\/\/www.organisator.ch\/management\/2023-06-05\/sanitized-damit-socken-nicht-stinken\/"]}]},{"@type":"ImageObject","inLanguage":"de","@id":"https:\/\/www.organisator.ch\/management\/2023-06-05\/sanitized-damit-socken-nicht-stinken\/#primaryimage","url":"https:\/\/www.organisator.ch\/wp-content\/uploads\/2023\/05\/Management_Auftakt_Bild1-Aufmacher_HIGH_organisator_47126-scaled.jpg","contentUrl":"https:\/\/www.organisator.ch\/wp-content\/uploads\/2023\/05\/Management_Auftakt_Bild1-Aufmacher_HIGH_organisator_47126-scaled.jpg","width":1042,"height":1400,"caption":"Fotos: Raffi P.N. Falchi"},{"@type":"BreadcrumbList","@id":"https:\/\/www.organisator.ch\/management\/2023-06-05\/sanitized-damit-socken-nicht-stinken\/#breadcrumb","itemListElement":[{"@type":"ListItem","position":1,"name":"Home","item":"https:\/\/www.organisator.ch\/"},{"@type":"ListItem","position":2,"name":"Sanitized: Damit Socken nicht stinken \u2026"}]},{"@type":"WebSite","@id":"https:\/\/www.organisator.ch\/#website","url":"https:\/\/www.organisator.ch\/","name":"Organisator","description":"Kompetent. Praxisnah. Der ORGANISATOR bereitet in 10 Ausgaben pro Jahr die wesentlichen Themen f\u00fcr F\u00fchrungskr\u00e4fte von KMU auf.","publisher":{"@id":"https:\/\/www.organisator.ch\/#organization"},"potentialAction":[{"@type":"SearchAction","target":{"@type":"EntryPoint","urlTemplate":"https:\/\/www.organisator.ch\/?s={search_term_string}"},"query-input":{"@type":"PropertyValueSpecification","valueRequired":true,"valueName":"search_term_string"}}],"inLanguage":"de"},{"@type":"Organization","@id":"https:\/\/www.organisator.ch\/#organization","name":"Organisator","url":"https:\/\/www.organisator.ch\/","logo":{"@type":"ImageObject","inLanguage":"de","@id":"https:\/\/www.organisator.ch\/#\/schema\/logo\/image\/","url":"https:\/\/www.organisator.ch\/wp-content\/uploads\/2022\/01\/Logo_Organisator_Website.png","contentUrl":"https:\/\/www.organisator.ch\/wp-content\/uploads\/2022\/01\/Logo_Organisator_Website.png","width":800,"height":77,"caption":"Organisator"},"image":{"@id":"https:\/\/www.organisator.ch\/#\/schema\/logo\/image\/"},"sameAs":["https:\/\/www.facebook.com\/OrganisatorFachmagazin","https:\/\/www.linkedin.com\/showcase\/organisator-das-magazin-fr-kmu","https:\/\/www.xing.com\/news\/pages\/organisator-ch-695","https:\/\/www.youtube.com\/channel\/UCGP2Sq0iWaZwT3BdIAQFYpw"]},{"@type":"Person","@id":"https:\/\/www.organisator.ch\/#\/schema\/person\/aa2bace6c5c5aad60102004a50c4eb1c","name":"admin","image":{"@type":"ImageObject","inLanguage":"de","@id":"https:\/\/secure.gravatar.com\/avatar\/ae2f4d718e6c49043e314ce431e7e645d646302a24a5ef5a8bc8e3f5a032e319?s=96&d=mm&r=g","url":"https:\/\/secure.gravatar.com\/avatar\/ae2f4d718e6c49043e314ce431e7e645d646302a24a5ef5a8bc8e3f5a032e319?s=96&d=mm&r=g","contentUrl":"https:\/\/secure.gravatar.com\/avatar\/ae2f4d718e6c49043e314ce431e7e645d646302a24a5ef5a8bc8e3f5a032e319?s=96&d=mm&r=g","caption":"admin"},"sameAs":["https:\/\/www.organisator.ch"],"url":"https:\/\/www.organisator.ch\/de\/author\/admin\/"}]}},"_links":{"self":[{"href":"https:\/\/www.organisator.ch\/de\/wp-json\/wp\/v2\/posts\/20261","targetHints":{"allow":["GET"]}}],"collection":[{"href":"https:\/\/www.organisator.ch\/de\/wp-json\/wp\/v2\/posts"}],"about":[{"href":"https:\/\/www.organisator.ch\/de\/wp-json\/wp\/v2\/types\/post"}],"author":[{"embeddable":true,"href":"https:\/\/www.organisator.ch\/de\/wp-json\/wp\/v2\/users\/1"}],"replies":[{"embeddable":true,"href":"https:\/\/www.organisator.ch\/de\/wp-json\/wp\/v2\/comments?post=20261"}],"version-history":[{"count":4,"href":"https:\/\/www.organisator.ch\/de\/wp-json\/wp\/v2\/posts\/20261\/revisions"}],"predecessor-version":[{"id":20497,"href":"https:\/\/www.organisator.ch\/de\/wp-json\/wp\/v2\/posts\/20261\/revisions\/20497"}],"wp:featuredmedia":[{"embeddable":true,"href":"https:\/\/www.organisator.ch\/de\/wp-json\/wp\/v2\/media\/20258"}],"wp:attachment":[{"href":"https:\/\/www.organisator.ch\/de\/wp-json\/wp\/v2\/media?parent=20261"}],"wp:term":[{"taxonomy":"category","embeddable":true,"href":"https:\/\/www.organisator.ch\/de\/wp-json\/wp\/v2\/categories?post=20261"},{"taxonomy":"post_tag","embeddable":true,"href":"https:\/\/www.organisator.ch\/de\/wp-json\/wp\/v2\/tags?post=20261"}],"curies":[{"name":"wp","href":"https:\/\/api.w.org\/{rel}","templated":true}]}}