{"id":2036,"date":"2017-06-09T09:04:37","date_gmt":"2017-06-09T07:04:37","guid":{"rendered":"https:\/\/www.organisator.ch\/?p=2036"},"modified":"2017-06-09T09:04:37","modified_gmt":"2017-06-09T07:04:37","slug":"hrm-ist-schluessel-fuer-die-zukunftsfaehigkeit-und-gehoert-in-die-geschaeftsleitung","status":"publish","type":"post","link":"https:\/\/www.organisator.ch\/de\/human-resources\/hrm\/2017-06-09\/hrm-ist-schluessel-fuer-die-zukunftsfaehigkeit-und-gehoert-in-die-geschaeftsleitung\/","title":{"rendered":"HRM ist Schl\u00fcssel f\u00fcr die Zukunftsf\u00e4higkeit &#8211; und geh\u00f6rt in die Gesch\u00e4ftsleitung"},"content":{"rendered":"<figure id=\"attachment_2038\" aria-describedby=\"caption-attachment-2038\" style=\"width: 640px\" class=\"wp-caption alignnone\"><img loading=\"lazy\" decoding=\"async\" class=\"size-full wp-image-2038\" src=\"https:\/\/www.organisator.ch\/wp-content\/uploads\/2017\/06\/HRM-ist-Schluessel-fuer-die-Zukunftsfaehigkeit-und-gehoert-in-die-Geschaeftsleitung-1_Organisator.jpg\" alt=\"\" width=\"640\" height=\"425\" srcset=\"https:\/\/www.organisator.ch\/wp-content\/uploads\/2017\/06\/HRM-ist-Schluessel-fuer-die-Zukunftsfaehigkeit-und-gehoert-in-die-Geschaeftsleitung-1_Organisator.jpg 640w, https:\/\/www.organisator.ch\/wp-content\/uploads\/2017\/06\/HRM-ist-Schluessel-fuer-die-Zukunftsfaehigkeit-und-gehoert-in-die-Geschaeftsleitung-1_Organisator-16x12.jpg 16w, https:\/\/www.organisator.ch\/wp-content\/uploads\/2017\/06\/HRM-ist-Schluessel-fuer-die-Zukunftsfaehigkeit-und-gehoert-in-die-Geschaeftsleitung-1_Organisator-264x175.jpg 264w, https:\/\/www.organisator.ch\/wp-content\/uploads\/2017\/06\/HRM-ist-Schluessel-fuer-die-Zukunftsfaehigkeit-und-gehoert-in-die-Geschaeftsleitung-1_Organisator-527x350.jpg 527w, https:\/\/www.organisator.ch\/wp-content\/uploads\/2017\/06\/HRM-ist-Schluessel-fuer-die-Zukunftsfaehigkeit-und-gehoert-in-die-Geschaeftsleitung-1_Organisator-300x199.jpg 300w\" sizes=\"auto, (max-width: 640px) 100vw, 640px\" \/><figcaption id=\"caption-attachment-2038\" class=\"wp-caption-text\">HRM als Schl\u00fcssel f\u00fcr die Zukunftsf\u00e4higkeit von Unternehmen: Hans C. Werner, Marcel Oertig, Moderator Thomas Wipf und Manuela Broz (v.l.n.r.)\u00a0in der Diskussion am Ostschweizer Personaltag vom 8. Juni 2017. (Foto: Thomas Berner)<\/figcaption><\/figure>\n<p>Knapp 300 \u201ePersonalerinnen und Personaler\u201c informierten sich am 13. Ostschweizer Personaltag \u00fcber neue Trends im HRM und deren Auswirkungen auf die Zukunftsf\u00e4higkeit von Unternehmen. Die Tagung er\u00f6ffnete die Pr\u00e4sidentin der Freien Erfa-Gruppe Personal Ostschweiz. Ins vielf\u00e4ltige Thema f\u00fchrte Abdullah Redzepi von der Fachhochschule St. Gallen und Mitglied des Programm-Beirates. Er stellte dabei einige Resultate einer j\u00fcngst durch die FHS durchgef\u00fchrte Studie vor und zeigte auf, dass\u00a0viele Aufgaben des\u00a0HRM in Wirklichkeit in den Zust\u00e4ndigkeitsbereich von Linienvorgesetzten fallen. In vielen Unternehmen bestehe hier eine Diskrepanz bei der Auffassung.<\/p>\n<p>Manuela Broz, Gr\u00fcnderin Human Ethik Label, zeigte als erste Referentin auf, wie wichtig eine optimale Unternehmenskultur sei. Sie erst f\u00f6rdere das Erreichen der wirtschaftlichen Ziele. Zum Marktleader, so Broz ebenfalls, k\u00f6nne man auch durch Menschlichkeit werden. Leider sei die Ethik im Umgang mit Menschen nach wie vor keine betriebswirtschaftliche Disziplin, bedauerte die Referentin. Immer noch\u00a0w\u00fcrden zudem Personalinstrumente und Methoden zu wenig nach dem Prinzip der Sinnhaftigkeit genutzt.<\/p>\n<p><strong>Flexibilit\u00e4t, Pers\u00f6nlichkeit, Sozialkompetenz<\/strong><\/p>\n<p>Den Reigen der Personalprofis er\u00f6ffnete Marcel Oertig, Partner und Gr\u00fcnder der Avenir Consulting AG, Z\u00fcrich. Er legte mit dem Begriff \u00abFlexible Workforce\u00bb den Fokus auf die Flexibilisierung des Personaleinsatzes und der Besch\u00e4ftigungsverh\u00e4ltnisse. Im Zeitalter der Digitalisierung werde das HRM zu einer Schl\u00fcsselkompetenz f\u00fcr die Zukunftsf\u00e4higkeit von Unternehmen.\u00a0Derweil vertrat\u00a0Hans C. Werner, oberster Personalchef bei der Swisscom, die Meinung, nur wer sein Business verstehe, werde auch als vertrauensw\u00fcrdiger Partner akzeptiert. Er pl\u00e4dierte f\u00fcr vertiefte Aus- und Weiterbildung und bef\u00fcrworte alles, was die Per-s\u00f6nlichkeit und Sozialkompetenz der Mitarbeitenden schule und reifen lasse. &#8222;HRM muss einen Platz am Tisch der Gesch\u00e4ftsleitung haben&#8220;, so ein weiteres Votum des Referenten. Aber auf der anderen Seite habe das HRM inzwischen zu viele &#8222;F\u00fchrungsaufgaben akquiriert&#8220;. Die Swisscom habe deshalb die Konsequenzen gezogen. So\u00a0seien etwa Trennungsgespr\u00e4che F\u00fchrungsaufgaben, die durch die Linie bew\u00e4ltigt werden m\u00fcssen und nicht prim\u00e4r durch das HRM.<\/p>\n<p><strong>K\u00fcnstliche Intelligenz \u00fcbernimmt Routine<\/strong><\/p>\n<p>Der kompetente und gewiefte Moderator Matthias Wipf begr\u00fcsste nach der Pause den obersten Personaler der Eidg. Zollverwaltung, Martin Weissleder, der am Beispiel des erfolgreichen Projektes \u201eBien vue\u201c aufzeigte, wie innovative HR-Prozesse besser interne Akzeptanz erhalten und erfolgreich umgesetzt werden. Indem das HRM Mehrwert schafft und Nutzen bringt werde es erst zum Spielgestalter, so Weissleder.<\/p>\n<figure id=\"attachment_2039\" aria-describedby=\"caption-attachment-2039\" style=\"width: 640px\" class=\"wp-caption alignnone\"><img loading=\"lazy\" decoding=\"async\" class=\"size-full wp-image-2039\" src=\"https:\/\/www.organisator.ch\/wp-content\/uploads\/2017\/06\/HRM-ist-Schluessel-fuer-die-Zukunftsfaehigkeit-und-gehoert-in-die-Geschaeftsleitung-2_Organisator.jpg\" alt=\"\" width=\"640\" height=\"403\" srcset=\"https:\/\/www.organisator.ch\/wp-content\/uploads\/2017\/06\/HRM-ist-Schluessel-fuer-die-Zukunftsfaehigkeit-und-gehoert-in-die-Geschaeftsleitung-2_Organisator.jpg 640w, https:\/\/www.organisator.ch\/wp-content\/uploads\/2017\/06\/HRM-ist-Schluessel-fuer-die-Zukunftsfaehigkeit-und-gehoert-in-die-Geschaeftsleitung-2_Organisator-16x10.jpg 16w, https:\/\/www.organisator.ch\/wp-content\/uploads\/2017\/06\/HRM-ist-Schluessel-fuer-die-Zukunftsfaehigkeit-und-gehoert-in-die-Geschaeftsleitung-2_Organisator-278x175.jpg 278w, https:\/\/www.organisator.ch\/wp-content\/uploads\/2017\/06\/HRM-ist-Schluessel-fuer-die-Zukunftsfaehigkeit-und-gehoert-in-die-Geschaeftsleitung-2_Organisator-556x350.jpg 556w, https:\/\/www.organisator.ch\/wp-content\/uploads\/2017\/06\/HRM-ist-Schluessel-fuer-die-Zukunftsfaehigkeit-und-gehoert-in-die-Geschaeftsleitung-2_Organisator-300x189.jpg 300w\" sizes=\"auto, (max-width: 640px) 100vw, 640px\" \/><figcaption id=\"caption-attachment-2039\" class=\"wp-caption-text\">Martin Weissleder (links) und Lars Thomsen (Mitte) sind \u00fcberzeugt, dass die Arbeit in Zukunft anders bewertet werden muss. (Foto: Thomas Berner)<\/figcaption><\/figure>\n<p>Den spannenden Abschluss machte, vor einer kompetenten Zusammenfassung von Rektor W\u00f6rwag von der Fachhochschule St. Gallen, der Zukunftsforscher Lars Thomsen. F\u00fcr den Themenkomplex \u201eArbeit\u201c seien es derzeit acht Megatrends, welche Ver\u00e4nderungen, Umbr\u00fcche und Paradigmenwechsel der n\u00e4chsten zehn Jahre treiben: die Digitalisierung, der Kampf um Talente, die neuen Werte und Beziehungen, das Teilen von Wissen, mehr Teams und Task-Forces, das Ende der 40-Stundenwoche und der Pr\u00e4senzzeit, ein deutlicherer Unterschied zwischen Management und F\u00fchrung sowie die Neudefinition der Arbeit. F\u00fcr Thomsen sind wir am Ende der letzten Phase des Industriezeitalters angekommen. Nun gelte es, auf politischer, gesellschaftlicher und auf der Ebene der neuen \u00d6konomie das Thema Arbeit von Grund auf neu zu definieren. &#8222;Arbeit wird neu bewertet werden m\u00fcssen&#8220;, so Thomsen. Er sprach davon, dass es in zehn Jahren wohl keine Kategorisierung mehr zwischen Arbeitgeber und Arbeitnehmer geben w\u00fcrde, sondern man eher von Wertegemeinschaften sprechen m\u00fcsse. Unternehmen w\u00fcrden in Zukunft mehr wie &#8222;Klubs&#8220; funktionieren, denen man beitrete, weil man deren gemeinsamen Werte teile. Deshalb sei es eine wichtige Aufgabe gerade auch des HRM, Werte zu schaffen. Umso mehr kann als Fazit der Tagung festgehalten werden, dass &#8211; vor dem Hintergrund der Zukunftsf\u00e4higkeit von Organisationen &#8211; das HRM noch mehr zu einem fixen Bestandteil der Gesch\u00e4ftsleitung werden muss.<\/p>\n<p><em>Weitere Informationen: <a href=\"http:\/\/www.personaltag.ch\">www.personaltag.ch<\/a><\/em><\/p>\n","protected":false},"excerpt":{"rendered":"<p>Knapp 300 \u201ePersonalerinnen und Personaler\u201c informierten sich am 13. Ostschweizer Personaltag \u00fcber neue Trends im HRM und deren Auswirkungen auf die Zukunftsf\u00e4higkeit von Unternehmen. Die Tagung er\u00f6ffnete die Pr\u00e4sidentin der Freien Erfa-Gruppe Personal Ostschweiz. Ins vielf\u00e4ltige Thema f\u00fchrte Abdullah Redzepi von der Fachhochschule St. Gallen und Mitglied des Programm-Beirates. Er stellte dabei einige Resultate einer [&hellip;]<\/p>\n","protected":false},"author":4,"featured_media":2038,"comment_status":"open","ping_status":"open","sticky":false,"template":"","format":"standard","meta":{"_acf_changed":false,"_yoast_wpseo_focuskw":"Zukunftsf\u00e4higkeit","_yoast_wpseo_metadesc":"Knapp 300 Teilnehmer informierten sich am 13. Ostschweizer Personaltag \u00fcber neue Trends im HRM und die Zukunftsf\u00e4higkeit von Unternehmen.","articlekey":"","footnotes":""},"categories":[26],"tags":[51,156,254,502],"class_list":["post-2036","post","type-post","status-publish","format-standard","has-post-thumbnail","hentry","category-hrm","tag-arbeitsplatzgestaltung","tag-digitalisierung","tag-hrm","tag-veranstaltungen"],"acf":[],"yoast_head":"<!-- This site is optimized with the Yoast SEO plugin v27.4 - https:\/\/yoast.com\/product\/yoast-seo-wordpress\/ -->\n<title>HRM ist Schl\u00fcssel f\u00fcr die Zukunftsf\u00e4higkeit - und geh\u00f6rt in die Gesch\u00e4ftsleitung - Organisator<\/title>\n<meta name=\"description\" content=\"Knapp 300 Teilnehmer informierten sich am 13. Ostschweizer Personaltag \u00fcber neue Trends im HRM und die Zukunftsf\u00e4higkeit von Unternehmen.\" \/>\n<meta name=\"robots\" content=\"index, follow, max-snippet:-1, max-image-preview:large, max-video-preview:-1\" \/>\n<link rel=\"canonical\" href=\"https:\/\/www.organisator.ch\/de\/human-resources\/hrm\/2017-06-09\/hrm-ist-schluessel-fuer-die-zukunftsfaehigkeit-und-gehoert-in-die-geschaeftsleitung\/\" \/>\n<meta property=\"og:locale\" content=\"de_DE\" \/>\n<meta property=\"og:type\" content=\"article\" \/>\n<meta property=\"og:title\" content=\"HRM ist Schl\u00fcssel f\u00fcr die Zukunftsf\u00e4higkeit - und geh\u00f6rt in die Gesch\u00e4ftsleitung\" \/>\n<meta property=\"og:description\" content=\"Knapp 300 \u201ePersonalerinnen und Personaler\u201c informierten sich am 13. Ostschweizer #Personaltag \u00fcber neue Trends im HRM und deren Auswirkungen auf die #Zukunftsf\u00e4higkeit von Unternehmen.\" \/>\n<meta property=\"og:url\" content=\"https:\/\/www.organisator.ch\/de\/human-resources\/hrm\/2017-06-09\/hrm-ist-schluessel-fuer-die-zukunftsfaehigkeit-und-gehoert-in-die-geschaeftsleitung\/\" \/>\n<meta property=\"og:site_name\" content=\"Organisator\" \/>\n<meta property=\"article:publisher\" content=\"https:\/\/www.facebook.com\/OrganisatorFachmagazin\" \/>\n<meta property=\"article:published_time\" content=\"2017-06-09T07:04:37+00:00\" \/>\n<meta property=\"og:image\" content=\"https:\/\/www.organisator.ch\/wp-content\/uploads\/2017\/06\/HRM-ist-Schluessel-fuer-die-Zukunftsfaehigkeit-und-gehoert-in-die-Geschaeftsleitung-1_Organisator.jpg\" \/>\n\t<meta property=\"og:image:width\" content=\"640\" \/>\n\t<meta property=\"og:image:height\" content=\"425\" \/>\n\t<meta property=\"og:image:type\" content=\"image\/jpeg\" \/>\n<meta name=\"author\" content=\"thomas.berner\" \/>\n<meta name=\"twitter:card\" content=\"summary_large_image\" \/>\n<meta name=\"twitter:title\" content=\"#HRM ist Schl\u00fcssel f\u00fcr die #Zukunftsf\u00e4higkeit - und geh\u00f6rt in die #Gesch\u00e4ftsleitung\" \/>\n<meta name=\"twitter:description\" content=\"Knapp 300 \u201ePersonalerinnen und Personaler\u201c informierten sich am 13. Ostschweizer #Personaltag \u00fcber neue Trends im HRM und deren Auswirkungen auf die #Zukunftsf\u00e4higkeit von Unternehmen.\" \/>\n<meta name=\"twitter:image\" content=\"https:\/\/www.organisator.ch\/wp-content\/uploads\/2017\/06\/HRM-ist-Schl\u00fcssel-f\u00fcr-die-Zukunftsf\u00e4higkeit-und-geh\u00f6rt-in-die-Gesch\u00e4ftsleitung-1_Organisator.jpg\" \/>\n<script type=\"application\/ld+json\" class=\"yoast-schema-graph\">{\"@context\":\"https:\\\/\\\/schema.org\",\"@graph\":[{\"@type\":\"Article\",\"@id\":\"https:\\\/\\\/www.organisator.ch\\\/human-resources\\\/hrm\\\/2017-06-09\\\/hrm-ist-schluessel-fuer-die-zukunftsfaehigkeit-und-gehoert-in-die-geschaeftsleitung\\\/#article\",\"isPartOf\":{\"@id\":\"https:\\\/\\\/www.organisator.ch\\\/human-resources\\\/hrm\\\/2017-06-09\\\/hrm-ist-schluessel-fuer-die-zukunftsfaehigkeit-und-gehoert-in-die-geschaeftsleitung\\\/\"},\"author\":{\"name\":\"thomas.berner\",\"@id\":\"https:\\\/\\\/www.organisator.ch\\\/#\\\/schema\\\/person\\\/6f650f90b2842cd4c0cc334b4e36f67e\"},\"headline\":\"HRM ist Schl\u00fcssel f\u00fcr die Zukunftsf\u00e4higkeit &#8211; und geh\u00f6rt in die Gesch\u00e4ftsleitung\",\"datePublished\":\"2017-06-09T07:04:37+00:00\",\"mainEntityOfPage\":{\"@id\":\"https:\\\/\\\/www.organisator.ch\\\/human-resources\\\/hrm\\\/2017-06-09\\\/hrm-ist-schluessel-fuer-die-zukunftsfaehigkeit-und-gehoert-in-die-geschaeftsleitung\\\/\"},\"wordCount\":708,\"commentCount\":0,\"publisher\":{\"@id\":\"https:\\\/\\\/www.organisator.ch\\\/#organization\"},\"image\":{\"@id\":\"https:\\\/\\\/www.organisator.ch\\\/human-resources\\\/hrm\\\/2017-06-09\\\/hrm-ist-schluessel-fuer-die-zukunftsfaehigkeit-und-gehoert-in-die-geschaeftsleitung\\\/#primaryimage\"},\"thumbnailUrl\":\"https:\\\/\\\/www.organisator.ch\\\/wp-content\\\/uploads\\\/2017\\\/06\\\/HRM-ist-Schluessel-fuer-die-Zukunftsfaehigkeit-und-gehoert-in-die-Geschaeftsleitung-1_Organisator.jpg\",\"keywords\":[\"Arbeitsplatzgestaltung\",\"Digitalisierung\",\"HRM\",\"Veranstaltungen\"],\"articleSection\":[\"HRM\"],\"inLanguage\":\"de\"},{\"@type\":\"WebPage\",\"@id\":\"https:\\\/\\\/www.organisator.ch\\\/human-resources\\\/hrm\\\/2017-06-09\\\/hrm-ist-schluessel-fuer-die-zukunftsfaehigkeit-und-gehoert-in-die-geschaeftsleitung\\\/\",\"url\":\"https:\\\/\\\/www.organisator.ch\\\/human-resources\\\/hrm\\\/2017-06-09\\\/hrm-ist-schluessel-fuer-die-zukunftsfaehigkeit-und-gehoert-in-die-geschaeftsleitung\\\/\",\"name\":\"HRM ist Schl\u00fcssel f\u00fcr die Zukunftsf\u00e4higkeit - und geh\u00f6rt in die Gesch\u00e4ftsleitung - Organisator\",\"isPartOf\":{\"@id\":\"https:\\\/\\\/www.organisator.ch\\\/#website\"},\"primaryImageOfPage\":{\"@id\":\"https:\\\/\\\/www.organisator.ch\\\/human-resources\\\/hrm\\\/2017-06-09\\\/hrm-ist-schluessel-fuer-die-zukunftsfaehigkeit-und-gehoert-in-die-geschaeftsleitung\\\/#primaryimage\"},\"image\":{\"@id\":\"https:\\\/\\\/www.organisator.ch\\\/human-resources\\\/hrm\\\/2017-06-09\\\/hrm-ist-schluessel-fuer-die-zukunftsfaehigkeit-und-gehoert-in-die-geschaeftsleitung\\\/#primaryimage\"},\"thumbnailUrl\":\"https:\\\/\\\/www.organisator.ch\\\/wp-content\\\/uploads\\\/2017\\\/06\\\/HRM-ist-Schluessel-fuer-die-Zukunftsfaehigkeit-und-gehoert-in-die-Geschaeftsleitung-1_Organisator.jpg\",\"datePublished\":\"2017-06-09T07:04:37+00:00\",\"description\":\"Knapp 300 Teilnehmer informierten sich am 13. Ostschweizer Personaltag \u00fcber neue Trends im HRM und die Zukunftsf\u00e4higkeit von Unternehmen.\",\"breadcrumb\":{\"@id\":\"https:\\\/\\\/www.organisator.ch\\\/human-resources\\\/hrm\\\/2017-06-09\\\/hrm-ist-schluessel-fuer-die-zukunftsfaehigkeit-und-gehoert-in-die-geschaeftsleitung\\\/#breadcrumb\"},\"inLanguage\":\"de\",\"potentialAction\":[{\"@type\":\"ReadAction\",\"target\":[\"https:\\\/\\\/www.organisator.ch\\\/human-resources\\\/hrm\\\/2017-06-09\\\/hrm-ist-schluessel-fuer-die-zukunftsfaehigkeit-und-gehoert-in-die-geschaeftsleitung\\\/\"]}]},{\"@type\":\"ImageObject\",\"inLanguage\":\"de\",\"@id\":\"https:\\\/\\\/www.organisator.ch\\\/human-resources\\\/hrm\\\/2017-06-09\\\/hrm-ist-schluessel-fuer-die-zukunftsfaehigkeit-und-gehoert-in-die-geschaeftsleitung\\\/#primaryimage\",\"url\":\"https:\\\/\\\/www.organisator.ch\\\/wp-content\\\/uploads\\\/2017\\\/06\\\/HRM-ist-Schluessel-fuer-die-Zukunftsfaehigkeit-und-gehoert-in-die-Geschaeftsleitung-1_Organisator.jpg\",\"contentUrl\":\"https:\\\/\\\/www.organisator.ch\\\/wp-content\\\/uploads\\\/2017\\\/06\\\/HRM-ist-Schluessel-fuer-die-Zukunftsfaehigkeit-und-gehoert-in-die-Geschaeftsleitung-1_Organisator.jpg\",\"width\":640,\"height\":425,\"caption\":\"HRM als Schl\u00fcssel f\u00fcr die Zukunftsf\u00e4higkeit von Unternehmen: Hans C. Werner, Marcel Oertig, Moderator Thomas Wipf und Manuela Broz in der Diskussion am Ostschweizer Personaltag vom 8. Juni 2017. (Foto: Thomas Berner)\"},{\"@type\":\"BreadcrumbList\",\"@id\":\"https:\\\/\\\/www.organisator.ch\\\/human-resources\\\/hrm\\\/2017-06-09\\\/hrm-ist-schluessel-fuer-die-zukunftsfaehigkeit-und-gehoert-in-die-geschaeftsleitung\\\/#breadcrumb\",\"itemListElement\":[{\"@type\":\"ListItem\",\"position\":1,\"name\":\"Home\",\"item\":\"https:\\\/\\\/www.organisator.ch\\\/\"},{\"@type\":\"ListItem\",\"position\":2,\"name\":\"HRM ist Schl\u00fcssel f\u00fcr die Zukunftsf\u00e4higkeit &#8211; und geh\u00f6rt in die Gesch\u00e4ftsleitung\"}]},{\"@type\":\"WebSite\",\"@id\":\"https:\\\/\\\/www.organisator.ch\\\/#website\",\"url\":\"https:\\\/\\\/www.organisator.ch\\\/\",\"name\":\"Organisator\",\"description\":\"Kompetent. Praxisnah. Der ORGANISATOR bereitet in 10 Ausgaben pro Jahr die wesentlichen Themen f\u00fcr F\u00fchrungskr\u00e4fte von KMU auf.\",\"publisher\":{\"@id\":\"https:\\\/\\\/www.organisator.ch\\\/#organization\"},\"potentialAction\":[{\"@type\":\"SearchAction\",\"target\":{\"@type\":\"EntryPoint\",\"urlTemplate\":\"https:\\\/\\\/www.organisator.ch\\\/?s={search_term_string}\"},\"query-input\":{\"@type\":\"PropertyValueSpecification\",\"valueRequired\":true,\"valueName\":\"search_term_string\"}}],\"inLanguage\":\"de\"},{\"@type\":\"Organization\",\"@id\":\"https:\\\/\\\/www.organisator.ch\\\/#organization\",\"name\":\"Organisator\",\"url\":\"https:\\\/\\\/www.organisator.ch\\\/\",\"logo\":{\"@type\":\"ImageObject\",\"inLanguage\":\"de\",\"@id\":\"https:\\\/\\\/www.organisator.ch\\\/#\\\/schema\\\/logo\\\/image\\\/\",\"url\":\"https:\\\/\\\/www.organisator.ch\\\/wp-content\\\/uploads\\\/2022\\\/01\\\/Logo_Organisator_Website.png\",\"contentUrl\":\"https:\\\/\\\/www.organisator.ch\\\/wp-content\\\/uploads\\\/2022\\\/01\\\/Logo_Organisator_Website.png\",\"width\":800,\"height\":77,\"caption\":\"Organisator\"},\"image\":{\"@id\":\"https:\\\/\\\/www.organisator.ch\\\/#\\\/schema\\\/logo\\\/image\\\/\"},\"sameAs\":[\"https:\\\/\\\/www.facebook.com\\\/OrganisatorFachmagazin\",\"https:\\\/\\\/www.linkedin.com\\\/showcase\\\/organisator-das-magazin-fr-kmu\",\"https:\\\/\\\/www.xing.com\\\/news\\\/pages\\\/organisator-ch-695\",\"https:\\\/\\\/www.youtube.com\\\/channel\\\/UCGP2Sq0iWaZwT3BdIAQFYpw\"]},{\"@type\":\"Person\",\"@id\":\"https:\\\/\\\/www.organisator.ch\\\/#\\\/schema\\\/person\\\/6f650f90b2842cd4c0cc334b4e36f67e\",\"name\":\"thomas.berner\",\"image\":{\"@type\":\"ImageObject\",\"inLanguage\":\"de\",\"@id\":\"https:\\\/\\\/secure.gravatar.com\\\/avatar\\\/ac5001d2a36cb6c6cd3e50789007ffca834b477b74a2144564522e944eabff61?s=96&d=mm&r=g\",\"url\":\"https:\\\/\\\/secure.gravatar.com\\\/avatar\\\/ac5001d2a36cb6c6cd3e50789007ffca834b477b74a2144564522e944eabff61?s=96&d=mm&r=g\",\"contentUrl\":\"https:\\\/\\\/secure.gravatar.com\\\/avatar\\\/ac5001d2a36cb6c6cd3e50789007ffca834b477b74a2144564522e944eabff61?s=96&d=mm&r=g\",\"caption\":\"thomas.berner\"},\"url\":\"https:\\\/\\\/www.organisator.ch\\\/de\\\/author\\\/thomas-berner\\\/\"}]}<\/script>\n<!-- \/ Yoast SEO plugin. -->","yoast_head_json":{"title":"HRM ist Schl\u00fcssel f\u00fcr die Zukunftsf\u00e4higkeit - und geh\u00f6rt in die Gesch\u00e4ftsleitung - Organisator","description":"Knapp 300 Teilnehmer informierten sich am 13. Ostschweizer Personaltag \u00fcber neue Trends im HRM und die Zukunftsf\u00e4higkeit von Unternehmen.","robots":{"index":"index","follow":"follow","max-snippet":"max-snippet:-1","max-image-preview":"max-image-preview:large","max-video-preview":"max-video-preview:-1"},"canonical":"https:\/\/www.organisator.ch\/de\/human-resources\/hrm\/2017-06-09\/hrm-ist-schluessel-fuer-die-zukunftsfaehigkeit-und-gehoert-in-die-geschaeftsleitung\/","og_locale":"de_DE","og_type":"article","og_title":"HRM ist Schl\u00fcssel f\u00fcr die Zukunftsf\u00e4higkeit - und geh\u00f6rt in die Gesch\u00e4ftsleitung","og_description":"Knapp 300 \u201ePersonalerinnen und Personaler\u201c informierten sich am 13. Ostschweizer #Personaltag \u00fcber neue Trends im HRM und deren Auswirkungen auf die #Zukunftsf\u00e4higkeit von Unternehmen.","og_url":"https:\/\/www.organisator.ch\/de\/human-resources\/hrm\/2017-06-09\/hrm-ist-schluessel-fuer-die-zukunftsfaehigkeit-und-gehoert-in-die-geschaeftsleitung\/","og_site_name":"Organisator","article_publisher":"https:\/\/www.facebook.com\/OrganisatorFachmagazin","article_published_time":"2017-06-09T07:04:37+00:00","og_image":[{"width":640,"height":425,"url":"https:\/\/www.organisator.ch\/wp-content\/uploads\/2017\/06\/HRM-ist-Schluessel-fuer-die-Zukunftsfaehigkeit-und-gehoert-in-die-Geschaeftsleitung-1_Organisator.jpg","type":"image\/jpeg"}],"author":"thomas.berner","twitter_card":"summary_large_image","twitter_title":"#HRM ist Schl\u00fcssel f\u00fcr die #Zukunftsf\u00e4higkeit - und geh\u00f6rt in die #Gesch\u00e4ftsleitung","twitter_description":"Knapp 300 \u201ePersonalerinnen und Personaler\u201c informierten sich am 13. Ostschweizer #Personaltag \u00fcber neue Trends im HRM und deren Auswirkungen auf die #Zukunftsf\u00e4higkeit von Unternehmen.","twitter_image":"https:\/\/www.organisator.ch\/wp-content\/uploads\/2017\/06\/HRM-ist-Schl\u00fcssel-f\u00fcr-die-Zukunftsf\u00e4higkeit-und-geh\u00f6rt-in-die-Gesch\u00e4ftsleitung-1_Organisator.jpg","schema":{"@context":"https:\/\/schema.org","@graph":[{"@type":"Article","@id":"https:\/\/www.organisator.ch\/human-resources\/hrm\/2017-06-09\/hrm-ist-schluessel-fuer-die-zukunftsfaehigkeit-und-gehoert-in-die-geschaeftsleitung\/#article","isPartOf":{"@id":"https:\/\/www.organisator.ch\/human-resources\/hrm\/2017-06-09\/hrm-ist-schluessel-fuer-die-zukunftsfaehigkeit-und-gehoert-in-die-geschaeftsleitung\/"},"author":{"name":"thomas.berner","@id":"https:\/\/www.organisator.ch\/#\/schema\/person\/6f650f90b2842cd4c0cc334b4e36f67e"},"headline":"HRM ist Schl\u00fcssel f\u00fcr die Zukunftsf\u00e4higkeit &#8211; und geh\u00f6rt in die Gesch\u00e4ftsleitung","datePublished":"2017-06-09T07:04:37+00:00","mainEntityOfPage":{"@id":"https:\/\/www.organisator.ch\/human-resources\/hrm\/2017-06-09\/hrm-ist-schluessel-fuer-die-zukunftsfaehigkeit-und-gehoert-in-die-geschaeftsleitung\/"},"wordCount":708,"commentCount":0,"publisher":{"@id":"https:\/\/www.organisator.ch\/#organization"},"image":{"@id":"https:\/\/www.organisator.ch\/human-resources\/hrm\/2017-06-09\/hrm-ist-schluessel-fuer-die-zukunftsfaehigkeit-und-gehoert-in-die-geschaeftsleitung\/#primaryimage"},"thumbnailUrl":"https:\/\/www.organisator.ch\/wp-content\/uploads\/2017\/06\/HRM-ist-Schluessel-fuer-die-Zukunftsfaehigkeit-und-gehoert-in-die-Geschaeftsleitung-1_Organisator.jpg","keywords":["Arbeitsplatzgestaltung","Digitalisierung","HRM","Veranstaltungen"],"articleSection":["HRM"],"inLanguage":"de"},{"@type":"WebPage","@id":"https:\/\/www.organisator.ch\/human-resources\/hrm\/2017-06-09\/hrm-ist-schluessel-fuer-die-zukunftsfaehigkeit-und-gehoert-in-die-geschaeftsleitung\/","url":"https:\/\/www.organisator.ch\/human-resources\/hrm\/2017-06-09\/hrm-ist-schluessel-fuer-die-zukunftsfaehigkeit-und-gehoert-in-die-geschaeftsleitung\/","name":"HRM ist Schl\u00fcssel f\u00fcr die Zukunftsf\u00e4higkeit - und geh\u00f6rt in die Gesch\u00e4ftsleitung - Organisator","isPartOf":{"@id":"https:\/\/www.organisator.ch\/#website"},"primaryImageOfPage":{"@id":"https:\/\/www.organisator.ch\/human-resources\/hrm\/2017-06-09\/hrm-ist-schluessel-fuer-die-zukunftsfaehigkeit-und-gehoert-in-die-geschaeftsleitung\/#primaryimage"},"image":{"@id":"https:\/\/www.organisator.ch\/human-resources\/hrm\/2017-06-09\/hrm-ist-schluessel-fuer-die-zukunftsfaehigkeit-und-gehoert-in-die-geschaeftsleitung\/#primaryimage"},"thumbnailUrl":"https:\/\/www.organisator.ch\/wp-content\/uploads\/2017\/06\/HRM-ist-Schluessel-fuer-die-Zukunftsfaehigkeit-und-gehoert-in-die-Geschaeftsleitung-1_Organisator.jpg","datePublished":"2017-06-09T07:04:37+00:00","description":"Knapp 300 Teilnehmer informierten sich am 13. Ostschweizer Personaltag \u00fcber neue Trends im HRM und die Zukunftsf\u00e4higkeit von Unternehmen.","breadcrumb":{"@id":"https:\/\/www.organisator.ch\/human-resources\/hrm\/2017-06-09\/hrm-ist-schluessel-fuer-die-zukunftsfaehigkeit-und-gehoert-in-die-geschaeftsleitung\/#breadcrumb"},"inLanguage":"de","potentialAction":[{"@type":"ReadAction","target":["https:\/\/www.organisator.ch\/human-resources\/hrm\/2017-06-09\/hrm-ist-schluessel-fuer-die-zukunftsfaehigkeit-und-gehoert-in-die-geschaeftsleitung\/"]}]},{"@type":"ImageObject","inLanguage":"de","@id":"https:\/\/www.organisator.ch\/human-resources\/hrm\/2017-06-09\/hrm-ist-schluessel-fuer-die-zukunftsfaehigkeit-und-gehoert-in-die-geschaeftsleitung\/#primaryimage","url":"https:\/\/www.organisator.ch\/wp-content\/uploads\/2017\/06\/HRM-ist-Schluessel-fuer-die-Zukunftsfaehigkeit-und-gehoert-in-die-Geschaeftsleitung-1_Organisator.jpg","contentUrl":"https:\/\/www.organisator.ch\/wp-content\/uploads\/2017\/06\/HRM-ist-Schluessel-fuer-die-Zukunftsfaehigkeit-und-gehoert-in-die-Geschaeftsleitung-1_Organisator.jpg","width":640,"height":425,"caption":"HRM als Schl\u00fcssel f\u00fcr die Zukunftsf\u00e4higkeit von Unternehmen: Hans C. Werner, Marcel Oertig, Moderator Thomas Wipf und Manuela Broz in der Diskussion am Ostschweizer Personaltag vom 8. Juni 2017. (Foto: Thomas Berner)"},{"@type":"BreadcrumbList","@id":"https:\/\/www.organisator.ch\/human-resources\/hrm\/2017-06-09\/hrm-ist-schluessel-fuer-die-zukunftsfaehigkeit-und-gehoert-in-die-geschaeftsleitung\/#breadcrumb","itemListElement":[{"@type":"ListItem","position":1,"name":"Home","item":"https:\/\/www.organisator.ch\/"},{"@type":"ListItem","position":2,"name":"HRM ist Schl\u00fcssel f\u00fcr die Zukunftsf\u00e4higkeit &#8211; und geh\u00f6rt in die Gesch\u00e4ftsleitung"}]},{"@type":"WebSite","@id":"https:\/\/www.organisator.ch\/#website","url":"https:\/\/www.organisator.ch\/","name":"Organisator","description":"Kompetent. Praxisnah. Der ORGANISATOR bereitet in 10 Ausgaben pro Jahr die wesentlichen Themen f\u00fcr F\u00fchrungskr\u00e4fte von KMU auf.","publisher":{"@id":"https:\/\/www.organisator.ch\/#organization"},"potentialAction":[{"@type":"SearchAction","target":{"@type":"EntryPoint","urlTemplate":"https:\/\/www.organisator.ch\/?s={search_term_string}"},"query-input":{"@type":"PropertyValueSpecification","valueRequired":true,"valueName":"search_term_string"}}],"inLanguage":"de"},{"@type":"Organization","@id":"https:\/\/www.organisator.ch\/#organization","name":"Organisator","url":"https:\/\/www.organisator.ch\/","logo":{"@type":"ImageObject","inLanguage":"de","@id":"https:\/\/www.organisator.ch\/#\/schema\/logo\/image\/","url":"https:\/\/www.organisator.ch\/wp-content\/uploads\/2022\/01\/Logo_Organisator_Website.png","contentUrl":"https:\/\/www.organisator.ch\/wp-content\/uploads\/2022\/01\/Logo_Organisator_Website.png","width":800,"height":77,"caption":"Organisator"},"image":{"@id":"https:\/\/www.organisator.ch\/#\/schema\/logo\/image\/"},"sameAs":["https:\/\/www.facebook.com\/OrganisatorFachmagazin","https:\/\/www.linkedin.com\/showcase\/organisator-das-magazin-fr-kmu","https:\/\/www.xing.com\/news\/pages\/organisator-ch-695","https:\/\/www.youtube.com\/channel\/UCGP2Sq0iWaZwT3BdIAQFYpw"]},{"@type":"Person","@id":"https:\/\/www.organisator.ch\/#\/schema\/person\/6f650f90b2842cd4c0cc334b4e36f67e","name":"thomas.berner","image":{"@type":"ImageObject","inLanguage":"de","@id":"https:\/\/secure.gravatar.com\/avatar\/ac5001d2a36cb6c6cd3e50789007ffca834b477b74a2144564522e944eabff61?s=96&d=mm&r=g","url":"https:\/\/secure.gravatar.com\/avatar\/ac5001d2a36cb6c6cd3e50789007ffca834b477b74a2144564522e944eabff61?s=96&d=mm&r=g","contentUrl":"https:\/\/secure.gravatar.com\/avatar\/ac5001d2a36cb6c6cd3e50789007ffca834b477b74a2144564522e944eabff61?s=96&d=mm&r=g","caption":"thomas.berner"},"url":"https:\/\/www.organisator.ch\/de\/author\/thomas-berner\/"}]}},"_links":{"self":[{"href":"https:\/\/www.organisator.ch\/de\/wp-json\/wp\/v2\/posts\/2036","targetHints":{"allow":["GET"]}}],"collection":[{"href":"https:\/\/www.organisator.ch\/de\/wp-json\/wp\/v2\/posts"}],"about":[{"href":"https:\/\/www.organisator.ch\/de\/wp-json\/wp\/v2\/types\/post"}],"author":[{"embeddable":true,"href":"https:\/\/www.organisator.ch\/de\/wp-json\/wp\/v2\/users\/4"}],"replies":[{"embeddable":true,"href":"https:\/\/www.organisator.ch\/de\/wp-json\/wp\/v2\/comments?post=2036"}],"version-history":[{"count":0,"href":"https:\/\/www.organisator.ch\/de\/wp-json\/wp\/v2\/posts\/2036\/revisions"}],"wp:featuredmedia":[{"embeddable":true,"href":"https:\/\/www.organisator.ch\/de\/wp-json\/wp\/v2\/media\/2038"}],"wp:attachment":[{"href":"https:\/\/www.organisator.ch\/de\/wp-json\/wp\/v2\/media?parent=2036"}],"wp:term":[{"taxonomy":"category","embeddable":true,"href":"https:\/\/www.organisator.ch\/de\/wp-json\/wp\/v2\/categories?post=2036"},{"taxonomy":"post_tag","embeddable":true,"href":"https:\/\/www.organisator.ch\/de\/wp-json\/wp\/v2\/tags?post=2036"}],"curies":[{"name":"wp","href":"https:\/\/api.w.org\/{rel}","templated":true}]}}