{"id":20363,"date":"2023-05-23T13:19:35","date_gmt":"2023-05-23T11:19:35","guid":{"rendered":"https:\/\/www.organisator.ch\/?p=20363"},"modified":"2023-05-26T07:53:41","modified_gmt":"2023-05-26T05:53:41","slug":"digitale-zweiklassengesellschaft-in-der-schweizer-industrie","status":"publish","type":"post","link":"https:\/\/www.organisator.ch\/de\/management\/2023-05-23\/digitale-zweiklassengesellschaft-in-der-schweizer-industrie\/","title":{"rendered":"Digitale Zweiklassengesellschaft in der Schweizer Industrie"},"content":{"rendered":"<figure id=\"attachment_20364\" aria-describedby=\"caption-attachment-20364\" style=\"width: 680px\" class=\"wp-caption alignnone\"><img loading=\"lazy\" decoding=\"async\" class=\"size-full wp-image-20364\" src=\"https:\/\/www.organisator.ch\/wp-content\/uploads\/2023\/05\/Digitale-Zweiklassengesellschaft-in-der-Schweizer-Industrie_Organisator.jpg\" alt=\"\" width=\"680\" height=\"615\" srcset=\"https:\/\/www.organisator.ch\/wp-content\/uploads\/2023\/05\/Digitale-Zweiklassengesellschaft-in-der-Schweizer-Industrie_Organisator.jpg 680w, https:\/\/www.organisator.ch\/wp-content\/uploads\/2023\/05\/Digitale-Zweiklassengesellschaft-in-der-Schweizer-Industrie_Organisator-13x12.jpg 13w, https:\/\/www.organisator.ch\/wp-content\/uploads\/2023\/05\/Digitale-Zweiklassengesellschaft-in-der-Schweizer-Industrie_Organisator-332x300.jpg 332w, https:\/\/www.organisator.ch\/wp-content\/uploads\/2023\/05\/Digitale-Zweiklassengesellschaft-in-der-Schweizer-Industrie_Organisator-387x350.jpg 387w\" sizes=\"auto, (max-width: 680px) 100vw, 680px\" \/><figcaption id=\"caption-attachment-20364\" class=\"wp-caption-text\">Noch ist nicht alles smart in der Schweizer Industrie: Digitale Gesch\u00e4ftsmodelle sind bisher in vielen Betrieben noch Fehlanzeige. (Bild: Unsplash.com)<\/figcaption><\/figure>\n<p>Smarte Fabriken mit intelligenten Maschinen, effizienten Prozessen, autonomen Transortfahrzeugen und Service-Robotern beherrschen seit Jahren die Diskussion um Industrie 4.0. F\u00fcr sechs von zehn Unternehmen steht deshalb die eigene Digitalisierung auch in diesem Jahr ganz oben auf der Agenda. \u201eWenn es an die konkrete Umsetzung geht, gibt es allerdings noch viel zu tun, um das volle Potenzial der Digitalisierung aussch\u00f6pfen zu k\u00f6nnen\u201c, sagt Urs Hirt, Co-Gesch\u00e4ftsf\u00fchrer der Staufen.Inova AG. \u201eViele Unternehmen tasten sich derzeit immer noch mit verschiedenen, nicht immer aufeinander abgestimmten Einzelprojekten an das Thema heran.\u201c Laut der Studie, f\u00fcr die das Beratungsunternehmen insgesamt 126 Industrieunternehmen in der Schweiz zu den Themenfeldern Digitalisierung, effiziente Wertsch\u00f6pfung, Nachhaltigkeit und resiliente Netzwerke befragt hat, zeichnet sich in der Industrie eine digitale Zweiklassengesellschaft ab.<\/p>\n<p><img loading=\"lazy\" decoding=\"async\" class=\"alignnone size-full wp-image-20365\" src=\"https:\/\/www.organisator.ch\/wp-content\/uploads\/2023\/05\/Digitale-Zweiklassengesellschaft-in-der-Schweizer-Industrie-1_Organisator.jpg\" alt=\"\" width=\"680\" height=\"383\" srcset=\"https:\/\/www.organisator.ch\/wp-content\/uploads\/2023\/05\/Digitale-Zweiklassengesellschaft-in-der-Schweizer-Industrie-1_Organisator.jpg 680w, https:\/\/www.organisator.ch\/wp-content\/uploads\/2023\/05\/Digitale-Zweiklassengesellschaft-in-der-Schweizer-Industrie-1_Organisator-18x10.jpg 18w, https:\/\/www.organisator.ch\/wp-content\/uploads\/2023\/05\/Digitale-Zweiklassengesellschaft-in-der-Schweizer-Industrie-1_Organisator-375x211.jpg 375w, https:\/\/www.organisator.ch\/wp-content\/uploads\/2023\/05\/Digitale-Zweiklassengesellschaft-in-der-Schweizer-Industrie-1_Organisator-621x350.jpg 621w\" sizes=\"auto, (max-width: 680px) 100vw, 680px\" \/><\/p>\n<h3>Viel Digitalisierungspotenzial in der Produktion und beim Supply Chain Network<\/h3>\n<p>Immerhin f\u00fchren 58 Prozent der Unternehmen trotz der angespannten wirtschaftlichen Lage ihre Digitalisierungsprojekte unver\u00e4ndert fort; 39 Prozent haben sogar neue Projekte gestartet. Die meisten (89 %) versprechen sich davon eine Effizienzsteigerung. Knapp drei Viertel (73 %) erwarten zudem mehr Transparenz in den Prozessen und bei mehr als der H\u00e4lfte der Unternehmen (60 %) soll die Digitalisierung helfen, Kosten zu senken. Am meisten Potenzial sieht die Branche in der der Supply Chain (65 %) und in der Logistik (55 %). \u201eOft ist es eine Frage der Herangehensweise. Alle Unternehmen wissen, dass sie digitalisieren m\u00fcssen. Viele wissen aber noch nicht, wie sie das Beste aus der Digitalisierung herausholen k\u00f6nnen und starten daher mit Projekten zur Effizienzsteigerung\u201c, so Hirt.<\/p>\n<p><img loading=\"lazy\" decoding=\"async\" class=\"alignnone size-full wp-image-20366\" src=\"https:\/\/www.organisator.ch\/wp-content\/uploads\/2023\/05\/Digitale-Zweiklassengesellschaft-in-der-Schweizer-Industrie-2_Organisator.jpg\" alt=\"\" width=\"680\" height=\"383\" srcset=\"https:\/\/www.organisator.ch\/wp-content\/uploads\/2023\/05\/Digitale-Zweiklassengesellschaft-in-der-Schweizer-Industrie-2_Organisator.jpg 680w, https:\/\/www.organisator.ch\/wp-content\/uploads\/2023\/05\/Digitale-Zweiklassengesellschaft-in-der-Schweizer-Industrie-2_Organisator-18x10.jpg 18w, https:\/\/www.organisator.ch\/wp-content\/uploads\/2023\/05\/Digitale-Zweiklassengesellschaft-in-der-Schweizer-Industrie-2_Organisator-375x211.jpg 375w, https:\/\/www.organisator.ch\/wp-content\/uploads\/2023\/05\/Digitale-Zweiklassengesellschaft-in-der-Schweizer-Industrie-2_Organisator-621x350.jpg 621w\" sizes=\"auto, (max-width: 680px) 100vw, 680px\" \/><\/p>\n<h3>Neue M\u00e4rkte durch alternative Gesch\u00e4ftsmodelle erobern<\/h3>\n<p>F\u00fcr den Staufen.Inova-Berater kann das aber nur der erste Schritt sein. \u201eDer enorme Nutzen der Digitalisierung liegt in der Entwicklung neuer Gesch\u00e4ftsmodelle. Die Vorreiter von Industrie 4.0 haben dies bereits bei der Implementierung der Technologie strategisch im Blick.\u201c Allerdings treibt nur knapp die H\u00e4lfte der Unternehmen die Digitalisierung strategisch voran. So bieten zwar fast drei Viertel der Unternehmen (74 %) Produkte und Dienstleistungen mit Industrie-4.0-Funktionalit\u00e4ten an, etwa im Bereich der vorausschauenden Wartung, aber nur drei Prozent haben bisher auch neue Gesch\u00e4ftsmodelle auf digitaler Basis entwickelt, unter anderem im Bereich der Intralogistik. \u201eEinzelne Digitalisierungsprojekte helfen insbesondere kleinen und mittleren Unternehmen, um etwa durch die aktuelle Krise zu kommen. Wer sich aber langfristig zukunftsf\u00e4hig aufstellen will, braucht alternative Gesch\u00e4ftsmodelle, um die Chancen neuer M\u00e4rkte nutzen zu k\u00f6nnen\u201c, sagt Urs Hirt.<\/p>\n<p><em>Quelle: <a href=\"http:\/\/www.staufen-inova.ch\">Staufen.Inova<\/a><\/em><\/p>\n","protected":false},"excerpt":{"rendered":"<p>In der Schweizer Industrie hat sich eine digitale Zweiklassengesellschaft etabliert: Laut der aktuellen Studie \u201eZukunft Industrie 2023\u201c von Staufen.Inova treibt nur knapp die H\u00e4lfte der befragten Unternehmen die Digitalisierung bisher aktiv voran. Der Rest verharrt derzeit noch in Einzelprojekten oder hat bislang noch keinen echten Zugang zu dem Thema gefunden.<\/p>\n","protected":false},"author":4,"featured_media":20364,"comment_status":"closed","ping_status":"closed","sticky":false,"template":"","format":"standard","meta":{"_acf_changed":false,"_yoast_wpseo_focuskw":"Zweiklassengesellschaft","_yoast_wpseo_metadesc":"In der Industrie etabliert sich eine digitale Zweiklassengesellschaft: Laut einer Studie treiben nur knapp 50 % die Digitalisierung voran.","articlekey":"","footnotes":""},"categories":[28],"tags":[156,267,335,459],"class_list":["post-20363","post","type-post","status-publish","format-standard","has-post-thumbnail","hentry","category-management","tag-digitalisierung","tag-industrie-4-0","tag-management-und-unternehmensfuehrung","tag-studie"],"acf":[],"yoast_head":"<!-- This site is optimized with the Yoast SEO plugin v27.4 - https:\/\/yoast.com\/product\/yoast-seo-wordpress\/ -->\n<title>Digitale Zweiklassengesellschaft in der Schweizer Industrie - Organisator<\/title>\n<meta name=\"description\" content=\"In der Industrie etabliert sich eine digitale Zweiklassengesellschaft: Laut einer Studie treiben nur knapp 50 % die Digitalisierung voran.\" \/>\n<meta name=\"robots\" content=\"index, follow, max-snippet:-1, max-image-preview:large, max-video-preview:-1\" \/>\n<link rel=\"canonical\" href=\"https:\/\/www.organisator.ch\/de\/management\/2023-05-23\/digitale-zweiklassengesellschaft-in-der-schweizer-industrie\/\" \/>\n<meta property=\"og:locale\" content=\"de_DE\" \/>\n<meta property=\"og:type\" content=\"article\" \/>\n<meta property=\"og:title\" content=\"Digitale Zweiklassengesellschaft in der Schweizer Industrie\" \/>\n<meta property=\"og:description\" content=\"In der Industrie etabliert sich eine digitale Zweiklassengesellschaft: Laut einer Studie treiben nur knapp 50 % die Digitalisierung voran.\" \/>\n<meta property=\"og:url\" content=\"https:\/\/www.organisator.ch\/de\/management\/2023-05-23\/digitale-zweiklassengesellschaft-in-der-schweizer-industrie\/\" \/>\n<meta property=\"og:site_name\" content=\"Organisator\" \/>\n<meta property=\"article:publisher\" content=\"https:\/\/www.facebook.com\/OrganisatorFachmagazin\" \/>\n<meta property=\"article:published_time\" content=\"2023-05-23T11:19:35+00:00\" \/>\n<meta property=\"article:modified_time\" content=\"2023-05-26T05:53:41+00:00\" \/>\n<meta property=\"og:image\" content=\"https:\/\/www.organisator.ch\/wp-content\/uploads\/2023\/05\/Digitale-Zweiklassengesellschaft-in-der-Schweizer-Industrie_Organisator.jpg\" \/>\n\t<meta property=\"og:image:width\" content=\"680\" \/>\n\t<meta property=\"og:image:height\" content=\"615\" \/>\n\t<meta property=\"og:image:type\" content=\"image\/jpeg\" \/>\n<meta name=\"author\" content=\"thomas.berner\" \/>\n<meta name=\"twitter:card\" content=\"summary_large_image\" \/>\n<meta name=\"twitter:title\" content=\"Digitale #Zweiklassengesellschaft in der Schweizer Industrie\" \/>\n<meta name=\"twitter:description\" content=\"In der Industrie etabliert sich eine digitale #Zweiklassengesellschaft: Laut einer Studie treiben nur knapp 50 % die #Digitalisierung voran.\" \/>\n<meta name=\"twitter:image\" content=\"https:\/\/www.organisator.ch\/wp-content\/uploads\/2023\/05\/Digitale-Zweiklassengesellschaft-in-der-Schweizer-Industrie_Organisator.jpg\" \/>\n<script type=\"application\/ld+json\" class=\"yoast-schema-graph\">{\"@context\":\"https:\\\/\\\/schema.org\",\"@graph\":[{\"@type\":\"Article\",\"@id\":\"https:\\\/\\\/www.organisator.ch\\\/management\\\/2023-05-23\\\/digitale-zweiklassengesellschaft-in-der-schweizer-industrie\\\/#article\",\"isPartOf\":{\"@id\":\"https:\\\/\\\/www.organisator.ch\\\/management\\\/2023-05-23\\\/digitale-zweiklassengesellschaft-in-der-schweizer-industrie\\\/\"},\"author\":{\"name\":\"thomas.berner\",\"@id\":\"https:\\\/\\\/www.organisator.ch\\\/#\\\/schema\\\/person\\\/6f650f90b2842cd4c0cc334b4e36f67e\"},\"headline\":\"Digitale Zweiklassengesellschaft in der Schweizer Industrie\",\"datePublished\":\"2023-05-23T11:19:35+00:00\",\"dateModified\":\"2023-05-26T05:53:41+00:00\",\"mainEntityOfPage\":{\"@id\":\"https:\\\/\\\/www.organisator.ch\\\/management\\\/2023-05-23\\\/digitale-zweiklassengesellschaft-in-der-schweizer-industrie\\\/\"},\"wordCount\":427,\"publisher\":{\"@id\":\"https:\\\/\\\/www.organisator.ch\\\/#organization\"},\"image\":{\"@id\":\"https:\\\/\\\/www.organisator.ch\\\/management\\\/2023-05-23\\\/digitale-zweiklassengesellschaft-in-der-schweizer-industrie\\\/#primaryimage\"},\"thumbnailUrl\":\"https:\\\/\\\/www.organisator.ch\\\/wp-content\\\/uploads\\\/2023\\\/05\\\/Digitale-Zweiklassengesellschaft-in-der-Schweizer-Industrie_Organisator.jpg\",\"keywords\":[\"Digitalisierung\",\"Industrie 4.0\",\"Management und Unternehmensf\u00fchrung\",\"Studie\"],\"articleSection\":[\"MANAGEMENT\"],\"inLanguage\":\"de\"},{\"@type\":\"WebPage\",\"@id\":\"https:\\\/\\\/www.organisator.ch\\\/management\\\/2023-05-23\\\/digitale-zweiklassengesellschaft-in-der-schweizer-industrie\\\/\",\"url\":\"https:\\\/\\\/www.organisator.ch\\\/management\\\/2023-05-23\\\/digitale-zweiklassengesellschaft-in-der-schweizer-industrie\\\/\",\"name\":\"Digitale Zweiklassengesellschaft in der Schweizer Industrie - Organisator\",\"isPartOf\":{\"@id\":\"https:\\\/\\\/www.organisator.ch\\\/#website\"},\"primaryImageOfPage\":{\"@id\":\"https:\\\/\\\/www.organisator.ch\\\/management\\\/2023-05-23\\\/digitale-zweiklassengesellschaft-in-der-schweizer-industrie\\\/#primaryimage\"},\"image\":{\"@id\":\"https:\\\/\\\/www.organisator.ch\\\/management\\\/2023-05-23\\\/digitale-zweiklassengesellschaft-in-der-schweizer-industrie\\\/#primaryimage\"},\"thumbnailUrl\":\"https:\\\/\\\/www.organisator.ch\\\/wp-content\\\/uploads\\\/2023\\\/05\\\/Digitale-Zweiklassengesellschaft-in-der-Schweizer-Industrie_Organisator.jpg\",\"datePublished\":\"2023-05-23T11:19:35+00:00\",\"dateModified\":\"2023-05-26T05:53:41+00:00\",\"description\":\"In der Industrie etabliert sich eine digitale Zweiklassengesellschaft: Laut einer Studie treiben nur knapp 50 % die Digitalisierung voran.\",\"breadcrumb\":{\"@id\":\"https:\\\/\\\/www.organisator.ch\\\/management\\\/2023-05-23\\\/digitale-zweiklassengesellschaft-in-der-schweizer-industrie\\\/#breadcrumb\"},\"inLanguage\":\"de\",\"potentialAction\":[{\"@type\":\"ReadAction\",\"target\":[\"https:\\\/\\\/www.organisator.ch\\\/management\\\/2023-05-23\\\/digitale-zweiklassengesellschaft-in-der-schweizer-industrie\\\/\"]}]},{\"@type\":\"ImageObject\",\"inLanguage\":\"de\",\"@id\":\"https:\\\/\\\/www.organisator.ch\\\/management\\\/2023-05-23\\\/digitale-zweiklassengesellschaft-in-der-schweizer-industrie\\\/#primaryimage\",\"url\":\"https:\\\/\\\/www.organisator.ch\\\/wp-content\\\/uploads\\\/2023\\\/05\\\/Digitale-Zweiklassengesellschaft-in-der-Schweizer-Industrie_Organisator.jpg\",\"contentUrl\":\"https:\\\/\\\/www.organisator.ch\\\/wp-content\\\/uploads\\\/2023\\\/05\\\/Digitale-Zweiklassengesellschaft-in-der-Schweizer-Industrie_Organisator.jpg\",\"width\":680,\"height\":615,\"caption\":\"Noch ist nicht alles smart in der Schweizer Industrie: Digitale Gesch\u00e4ftsmodelle sind bisher in vielen Betrieben noch Fehlanzeige. (Bild: Unsplash.com)\"},{\"@type\":\"BreadcrumbList\",\"@id\":\"https:\\\/\\\/www.organisator.ch\\\/management\\\/2023-05-23\\\/digitale-zweiklassengesellschaft-in-der-schweizer-industrie\\\/#breadcrumb\",\"itemListElement\":[{\"@type\":\"ListItem\",\"position\":1,\"name\":\"Home\",\"item\":\"https:\\\/\\\/www.organisator.ch\\\/\"},{\"@type\":\"ListItem\",\"position\":2,\"name\":\"Digitale Zweiklassengesellschaft in der Schweizer Industrie\"}]},{\"@type\":\"WebSite\",\"@id\":\"https:\\\/\\\/www.organisator.ch\\\/#website\",\"url\":\"https:\\\/\\\/www.organisator.ch\\\/\",\"name\":\"Organisator\",\"description\":\"Kompetent. Praxisnah. Der ORGANISATOR bereitet in 10 Ausgaben pro Jahr die wesentlichen Themen f\u00fcr F\u00fchrungskr\u00e4fte von KMU auf.\",\"publisher\":{\"@id\":\"https:\\\/\\\/www.organisator.ch\\\/#organization\"},\"potentialAction\":[{\"@type\":\"SearchAction\",\"target\":{\"@type\":\"EntryPoint\",\"urlTemplate\":\"https:\\\/\\\/www.organisator.ch\\\/?s={search_term_string}\"},\"query-input\":{\"@type\":\"PropertyValueSpecification\",\"valueRequired\":true,\"valueName\":\"search_term_string\"}}],\"inLanguage\":\"de\"},{\"@type\":\"Organization\",\"@id\":\"https:\\\/\\\/www.organisator.ch\\\/#organization\",\"name\":\"Organisator\",\"url\":\"https:\\\/\\\/www.organisator.ch\\\/\",\"logo\":{\"@type\":\"ImageObject\",\"inLanguage\":\"de\",\"@id\":\"https:\\\/\\\/www.organisator.ch\\\/#\\\/schema\\\/logo\\\/image\\\/\",\"url\":\"https:\\\/\\\/www.organisator.ch\\\/wp-content\\\/uploads\\\/2022\\\/01\\\/Logo_Organisator_Website.png\",\"contentUrl\":\"https:\\\/\\\/www.organisator.ch\\\/wp-content\\\/uploads\\\/2022\\\/01\\\/Logo_Organisator_Website.png\",\"width\":800,\"height\":77,\"caption\":\"Organisator\"},\"image\":{\"@id\":\"https:\\\/\\\/www.organisator.ch\\\/#\\\/schema\\\/logo\\\/image\\\/\"},\"sameAs\":[\"https:\\\/\\\/www.facebook.com\\\/OrganisatorFachmagazin\",\"https:\\\/\\\/www.linkedin.com\\\/showcase\\\/organisator-das-magazin-fr-kmu\",\"https:\\\/\\\/www.xing.com\\\/news\\\/pages\\\/organisator-ch-695\",\"https:\\\/\\\/www.youtube.com\\\/channel\\\/UCGP2Sq0iWaZwT3BdIAQFYpw\"]},{\"@type\":\"Person\",\"@id\":\"https:\\\/\\\/www.organisator.ch\\\/#\\\/schema\\\/person\\\/6f650f90b2842cd4c0cc334b4e36f67e\",\"name\":\"thomas.berner\",\"image\":{\"@type\":\"ImageObject\",\"inLanguage\":\"de\",\"@id\":\"https:\\\/\\\/secure.gravatar.com\\\/avatar\\\/ac5001d2a36cb6c6cd3e50789007ffca834b477b74a2144564522e944eabff61?s=96&d=mm&r=g\",\"url\":\"https:\\\/\\\/secure.gravatar.com\\\/avatar\\\/ac5001d2a36cb6c6cd3e50789007ffca834b477b74a2144564522e944eabff61?s=96&d=mm&r=g\",\"contentUrl\":\"https:\\\/\\\/secure.gravatar.com\\\/avatar\\\/ac5001d2a36cb6c6cd3e50789007ffca834b477b74a2144564522e944eabff61?s=96&d=mm&r=g\",\"caption\":\"thomas.berner\"},\"url\":\"https:\\\/\\\/www.organisator.ch\\\/de\\\/author\\\/thomas-berner\\\/\"}]}<\/script>\n<!-- \/ Yoast SEO plugin. -->","yoast_head_json":{"title":"Digitale Zweiklassengesellschaft in der Schweizer Industrie - Organisator","description":"In der Industrie etabliert sich eine digitale Zweiklassengesellschaft: Laut einer Studie treiben nur knapp 50 % die Digitalisierung voran.","robots":{"index":"index","follow":"follow","max-snippet":"max-snippet:-1","max-image-preview":"max-image-preview:large","max-video-preview":"max-video-preview:-1"},"canonical":"https:\/\/www.organisator.ch\/de\/management\/2023-05-23\/digitale-zweiklassengesellschaft-in-der-schweizer-industrie\/","og_locale":"de_DE","og_type":"article","og_title":"Digitale Zweiklassengesellschaft in der Schweizer Industrie","og_description":"In der Industrie etabliert sich eine digitale Zweiklassengesellschaft: Laut einer Studie treiben nur knapp 50 % die Digitalisierung voran.","og_url":"https:\/\/www.organisator.ch\/de\/management\/2023-05-23\/digitale-zweiklassengesellschaft-in-der-schweizer-industrie\/","og_site_name":"Organisator","article_publisher":"https:\/\/www.facebook.com\/OrganisatorFachmagazin","article_published_time":"2023-05-23T11:19:35+00:00","article_modified_time":"2023-05-26T05:53:41+00:00","og_image":[{"width":680,"height":615,"url":"https:\/\/www.organisator.ch\/wp-content\/uploads\/2023\/05\/Digitale-Zweiklassengesellschaft-in-der-Schweizer-Industrie_Organisator.jpg","type":"image\/jpeg"}],"author":"thomas.berner","twitter_card":"summary_large_image","twitter_title":"Digitale #Zweiklassengesellschaft in der Schweizer Industrie","twitter_description":"In der Industrie etabliert sich eine digitale #Zweiklassengesellschaft: Laut einer Studie treiben nur knapp 50 % die #Digitalisierung voran.","twitter_image":"https:\/\/www.organisator.ch\/wp-content\/uploads\/2023\/05\/Digitale-Zweiklassengesellschaft-in-der-Schweizer-Industrie_Organisator.jpg","schema":{"@context":"https:\/\/schema.org","@graph":[{"@type":"Article","@id":"https:\/\/www.organisator.ch\/management\/2023-05-23\/digitale-zweiklassengesellschaft-in-der-schweizer-industrie\/#article","isPartOf":{"@id":"https:\/\/www.organisator.ch\/management\/2023-05-23\/digitale-zweiklassengesellschaft-in-der-schweizer-industrie\/"},"author":{"name":"thomas.berner","@id":"https:\/\/www.organisator.ch\/#\/schema\/person\/6f650f90b2842cd4c0cc334b4e36f67e"},"headline":"Digitale Zweiklassengesellschaft in der Schweizer Industrie","datePublished":"2023-05-23T11:19:35+00:00","dateModified":"2023-05-26T05:53:41+00:00","mainEntityOfPage":{"@id":"https:\/\/www.organisator.ch\/management\/2023-05-23\/digitale-zweiklassengesellschaft-in-der-schweizer-industrie\/"},"wordCount":427,"publisher":{"@id":"https:\/\/www.organisator.ch\/#organization"},"image":{"@id":"https:\/\/www.organisator.ch\/management\/2023-05-23\/digitale-zweiklassengesellschaft-in-der-schweizer-industrie\/#primaryimage"},"thumbnailUrl":"https:\/\/www.organisator.ch\/wp-content\/uploads\/2023\/05\/Digitale-Zweiklassengesellschaft-in-der-Schweizer-Industrie_Organisator.jpg","keywords":["Digitalisierung","Industrie 4.0","Management und Unternehmensf\u00fchrung","Studie"],"articleSection":["MANAGEMENT"],"inLanguage":"de"},{"@type":"WebPage","@id":"https:\/\/www.organisator.ch\/management\/2023-05-23\/digitale-zweiklassengesellschaft-in-der-schweizer-industrie\/","url":"https:\/\/www.organisator.ch\/management\/2023-05-23\/digitale-zweiklassengesellschaft-in-der-schweizer-industrie\/","name":"Digitale Zweiklassengesellschaft in der Schweizer Industrie - Organisator","isPartOf":{"@id":"https:\/\/www.organisator.ch\/#website"},"primaryImageOfPage":{"@id":"https:\/\/www.organisator.ch\/management\/2023-05-23\/digitale-zweiklassengesellschaft-in-der-schweizer-industrie\/#primaryimage"},"image":{"@id":"https:\/\/www.organisator.ch\/management\/2023-05-23\/digitale-zweiklassengesellschaft-in-der-schweizer-industrie\/#primaryimage"},"thumbnailUrl":"https:\/\/www.organisator.ch\/wp-content\/uploads\/2023\/05\/Digitale-Zweiklassengesellschaft-in-der-Schweizer-Industrie_Organisator.jpg","datePublished":"2023-05-23T11:19:35+00:00","dateModified":"2023-05-26T05:53:41+00:00","description":"In der Industrie etabliert sich eine digitale Zweiklassengesellschaft: Laut einer Studie treiben nur knapp 50 % die Digitalisierung voran.","breadcrumb":{"@id":"https:\/\/www.organisator.ch\/management\/2023-05-23\/digitale-zweiklassengesellschaft-in-der-schweizer-industrie\/#breadcrumb"},"inLanguage":"de","potentialAction":[{"@type":"ReadAction","target":["https:\/\/www.organisator.ch\/management\/2023-05-23\/digitale-zweiklassengesellschaft-in-der-schweizer-industrie\/"]}]},{"@type":"ImageObject","inLanguage":"de","@id":"https:\/\/www.organisator.ch\/management\/2023-05-23\/digitale-zweiklassengesellschaft-in-der-schweizer-industrie\/#primaryimage","url":"https:\/\/www.organisator.ch\/wp-content\/uploads\/2023\/05\/Digitale-Zweiklassengesellschaft-in-der-Schweizer-Industrie_Organisator.jpg","contentUrl":"https:\/\/www.organisator.ch\/wp-content\/uploads\/2023\/05\/Digitale-Zweiklassengesellschaft-in-der-Schweizer-Industrie_Organisator.jpg","width":680,"height":615,"caption":"Noch ist nicht alles smart in der Schweizer Industrie: Digitale Gesch\u00e4ftsmodelle sind bisher in vielen Betrieben noch Fehlanzeige. (Bild: Unsplash.com)"},{"@type":"BreadcrumbList","@id":"https:\/\/www.organisator.ch\/management\/2023-05-23\/digitale-zweiklassengesellschaft-in-der-schweizer-industrie\/#breadcrumb","itemListElement":[{"@type":"ListItem","position":1,"name":"Home","item":"https:\/\/www.organisator.ch\/"},{"@type":"ListItem","position":2,"name":"Digitale Zweiklassengesellschaft in der Schweizer Industrie"}]},{"@type":"WebSite","@id":"https:\/\/www.organisator.ch\/#website","url":"https:\/\/www.organisator.ch\/","name":"Organisator","description":"Kompetent. Praxisnah. Der ORGANISATOR bereitet in 10 Ausgaben pro Jahr die wesentlichen Themen f\u00fcr F\u00fchrungskr\u00e4fte von KMU auf.","publisher":{"@id":"https:\/\/www.organisator.ch\/#organization"},"potentialAction":[{"@type":"SearchAction","target":{"@type":"EntryPoint","urlTemplate":"https:\/\/www.organisator.ch\/?s={search_term_string}"},"query-input":{"@type":"PropertyValueSpecification","valueRequired":true,"valueName":"search_term_string"}}],"inLanguage":"de"},{"@type":"Organization","@id":"https:\/\/www.organisator.ch\/#organization","name":"Organisator","url":"https:\/\/www.organisator.ch\/","logo":{"@type":"ImageObject","inLanguage":"de","@id":"https:\/\/www.organisator.ch\/#\/schema\/logo\/image\/","url":"https:\/\/www.organisator.ch\/wp-content\/uploads\/2022\/01\/Logo_Organisator_Website.png","contentUrl":"https:\/\/www.organisator.ch\/wp-content\/uploads\/2022\/01\/Logo_Organisator_Website.png","width":800,"height":77,"caption":"Organisator"},"image":{"@id":"https:\/\/www.organisator.ch\/#\/schema\/logo\/image\/"},"sameAs":["https:\/\/www.facebook.com\/OrganisatorFachmagazin","https:\/\/www.linkedin.com\/showcase\/organisator-das-magazin-fr-kmu","https:\/\/www.xing.com\/news\/pages\/organisator-ch-695","https:\/\/www.youtube.com\/channel\/UCGP2Sq0iWaZwT3BdIAQFYpw"]},{"@type":"Person","@id":"https:\/\/www.organisator.ch\/#\/schema\/person\/6f650f90b2842cd4c0cc334b4e36f67e","name":"thomas.berner","image":{"@type":"ImageObject","inLanguage":"de","@id":"https:\/\/secure.gravatar.com\/avatar\/ac5001d2a36cb6c6cd3e50789007ffca834b477b74a2144564522e944eabff61?s=96&d=mm&r=g","url":"https:\/\/secure.gravatar.com\/avatar\/ac5001d2a36cb6c6cd3e50789007ffca834b477b74a2144564522e944eabff61?s=96&d=mm&r=g","contentUrl":"https:\/\/secure.gravatar.com\/avatar\/ac5001d2a36cb6c6cd3e50789007ffca834b477b74a2144564522e944eabff61?s=96&d=mm&r=g","caption":"thomas.berner"},"url":"https:\/\/www.organisator.ch\/de\/author\/thomas-berner\/"}]}},"_links":{"self":[{"href":"https:\/\/www.organisator.ch\/de\/wp-json\/wp\/v2\/posts\/20363","targetHints":{"allow":["GET"]}}],"collection":[{"href":"https:\/\/www.organisator.ch\/de\/wp-json\/wp\/v2\/posts"}],"about":[{"href":"https:\/\/www.organisator.ch\/de\/wp-json\/wp\/v2\/types\/post"}],"author":[{"embeddable":true,"href":"https:\/\/www.organisator.ch\/de\/wp-json\/wp\/v2\/users\/4"}],"replies":[{"embeddable":true,"href":"https:\/\/www.organisator.ch\/de\/wp-json\/wp\/v2\/comments?post=20363"}],"version-history":[{"count":1,"href":"https:\/\/www.organisator.ch\/de\/wp-json\/wp\/v2\/posts\/20363\/revisions"}],"predecessor-version":[{"id":20367,"href":"https:\/\/www.organisator.ch\/de\/wp-json\/wp\/v2\/posts\/20363\/revisions\/20367"}],"wp:featuredmedia":[{"embeddable":true,"href":"https:\/\/www.organisator.ch\/de\/wp-json\/wp\/v2\/media\/20364"}],"wp:attachment":[{"href":"https:\/\/www.organisator.ch\/de\/wp-json\/wp\/v2\/media?parent=20363"}],"wp:term":[{"taxonomy":"category","embeddable":true,"href":"https:\/\/www.organisator.ch\/de\/wp-json\/wp\/v2\/categories?post=20363"},{"taxonomy":"post_tag","embeddable":true,"href":"https:\/\/www.organisator.ch\/de\/wp-json\/wp\/v2\/tags?post=20363"}],"curies":[{"name":"wp","href":"https:\/\/api.w.org\/{rel}","templated":true}]}}