{"id":20418,"date":"2023-05-26T08:48:33","date_gmt":"2023-05-26T06:48:33","guid":{"rendered":"https:\/\/www.organisator.ch\/?p=20418"},"modified":"2023-05-26T08:48:33","modified_gmt":"2023-05-26T06:48:33","slug":"gewinner-des-schweizer-ethikpreises-2023","status":"publish","type":"post","link":"https:\/\/www.organisator.ch\/de\/management\/2023-05-26\/gewinner-des-schweizer-ethikpreises-2023\/","title":{"rendered":"Gewinner des Schweizer Ethikpreises 2023"},"content":{"rendered":"<figure id=\"attachment_20450\" aria-describedby=\"caption-attachment-20450\" style=\"width: 680px\" class=\"wp-caption alignnone\"><img loading=\"lazy\" decoding=\"async\" class=\"size-full wp-image-20450\" src=\"https:\/\/www.organisator.ch\/wp-content\/uploads\/2023\/05\/Gewinner-des-Schweizer-Ethikpreises-2023_Organisator.jpg\" alt=\"\" width=\"680\" height=\"453\" srcset=\"https:\/\/www.organisator.ch\/wp-content\/uploads\/2023\/05\/Gewinner-des-Schweizer-Ethikpreises-2023_Organisator.jpg 680w, https:\/\/www.organisator.ch\/wp-content\/uploads\/2023\/05\/Gewinner-des-Schweizer-Ethikpreises-2023_Organisator-18x12.jpg 18w, https:\/\/www.organisator.ch\/wp-content\/uploads\/2023\/05\/Gewinner-des-Schweizer-Ethikpreises-2023_Organisator-375x250.jpg 375w, https:\/\/www.organisator.ch\/wp-content\/uploads\/2023\/05\/Gewinner-des-Schweizer-Ethikpreises-2023_Organisator-525x350.jpg 525w\" sizes=\"auto, (max-width: 680px) 100vw, 680px\" \/><figcaption id=\"caption-attachment-20450\" class=\"wp-caption-text\">Freuen sich \u00fcber den Gewinn des Schweizer Ethikpreises: Die Vertreter von La Petite \u00c9picerie in Bavois. (Bild: HEIG-VD)<\/figcaption><\/figure>\n<p>Die Verleihung des Schweizer Ethikpreises wird seit 2005 von Studierenden des Fachbereichs Betriebswirtschaftslehre der HEIG-VD, die mit \u00fcber 2000 Studierenden gr\u00f6sste Partnerinstitution der Fachhochschule Westschweiz (HESSO), organisiert. Seit seiner Gr\u00fcndung wurden 55 Organisationen unterschiedlicher Gr\u00f6sse und aus verschiedenen T\u00e4tigkeitsbereichen ausgezeichnet, 372 Ethik- und nachhaltige Entwicklungsprojekte gef\u00f6rdert und Tausende von Menschen \u00fcber die Universit\u00e4ten hinaus f\u00fcr die ethische Verantwortung von Einzelpersonen und Organisationen sensibilisiert. Der Preis ist Teil der nachhaltigen Positionierung der Lehre und der angewandten Forschung zur Weiterentwicklung der HEIG-VD.<\/p>\n<h3>Die drei Hauptpreistr\u00e4ger des Schweizer Ethikpreises 2023<\/h3>\n<p>Die Fachjury, bestehend aus Vertretern der Privatwirtschaft und Verb\u00e4nden, pr\u00e4mierte in diesem Jahr:<\/p>\n<ul>\n<li><a href=\"https:\/\/www.bepooler.com\/ch\/\"><strong>Bepooler aus\u00a0 Lugano<\/strong><\/a><strong>, \u201cdigitales Angebot im Dienste der Energiewende und sozialer Kontakte\u201d:<\/strong> Dieses Projekt befasst sich mit einer zentralen Frage unseres Lebensstils: die t\u00e4gliche Nutzung des Autos durch Pendler, die alleine unterwegs sind und dabei grosse Mengen an CO2 ausstossen. Es \u00fcberzeugte die Jury, weil es die Technologie in den Dienst der Energiewende stellt, indem es eine einfache und leicht zug\u00e4ngliche Anwendung f\u00fcr Einzelpersonen und f\u00fcr Unternehmen bietet. Durch die einfache Bildung von Fahrgemeinschaften tr\u00e4gt Bepooler nicht nur zur Reduzierung der CO2-Emissionen, sondern auch zu neuer Solidarit\u00e4t und sozialen Kontakten bei.<\/li>\n<li><strong><a href=\"https:\/\/www.infomaniak.com\/de\">Infomaniak in Genf und Winterthur<\/a>, \u201cKreislaufwirtschaft im grossen Massstab\u201d:<\/strong> Durch die Positionierung als \u201e ethische Cloud\u201c und als \u201e\u00f6kologischer Hosting-Anbieter\u201c stellt Infomaniak seit mehreren Jahren unter Beweis, dass es m\u00f6glich ist, digitales Wachstum und Verantwortung zu verbinden. Das neue Projekt von Infomaniak zielt darauf ab, ein Rechenzentrum zu errichten, das zu 100 % mit erneuerbaren Energien betrieben wird und dessen Abw\u00e4rme im Winter zum Heizen von 6.000 Haushalten und im Sommer f\u00fcr Heisswasser f\u00fcr mehrere zehntausend Haushalte verwendet wird. Der innovative Charakter dieses Projekts, das die Kriterien einer Kreislaufwirtschaft erf\u00fcllt, sowie die Bedeutung des Themas \u2013 der Energieverbrauch und die wachsenden CO2-Emissionen der vielen Rechenzentren unserer digitalen Gesellschaft \u2013 haben die Jury \u00fcberzeugt.<\/li>\n<li><strong><a href=\"https:\/\/lapetiteepicerie.ch\/\">La Petite \u00c9picerie in Bavois<\/a>, \u201ekurze Verbindung zwischen \u00d6kologie und Fairness\u201c:<\/strong> Dieses Projekt \u00fcberzeugte die Jury aufgrund der starken und einfachen Idee sowie der<br \/>\nVielfalt seiner positiven Wirkungen. Dieses \u201eintelligente\u201c \u00f6rtliche Lebensmittelgesch\u00e4ft erm\u00f6glicht einen direkten und transparenten Austausch. Insbesondere von Alumni der HEIG-VD gegr\u00fcndet, hilft er beim Wiederaufbau der sozialen Kontakte in den D\u00f6rfern, wo die letzten unrentabel gewordenen Gesch\u00e4fte geschlossen wurden. Durch das Angebot frischer und regionaler Produkte in Wohnortn\u00e4he f\u00f6rdert es kurze Wege und reduziert Autofahrten f\u00fcr Eink\u00e4ufe, somit den CO2-Aussto\u00df. Die Website ist benutzerfreundlich und einfach, und das Projekt, das bis 2025 in 60 franz\u00f6sischsprachigen D\u00f6rfern eingef\u00fchrt werden soll, hat seine wirtschaftliche Tragf\u00e4higkeit unter Beweis gestellt.<\/li>\n<\/ul>\n<h3>Der \u201eCoup de coeur\u201c als Sonderpreis der Studierenden<\/h3>\n<p>Seit 2021 wird im Rahmen des Festaktes jeweils auch der \u201eCoup de coeur\u201c der Studierenden verliehen. Dieses Jahr ging dieser an das <a href=\"https:\/\/www.lebotanik.ch\/\">Caf\u00e9-Restaurant Le Botanik<\/a> in Yverdon-les-Bains \u201eein ethisches Restaurant, das Gastronomie vom Lieferanten auf den Teller bringt\u201c. Das Caf\u00e9-Restaurant bietet lokale und saisonale K\u00fcche f\u00fcr alle Ern\u00e4hrungsformen in einem einladenden und farbenfrohen Ambiente. Die aus Studenten der HEIG-VD bestehende Jury wollte die soziale Verantwortung des Unternehmens, das besonderen Wert auf die Arbeitsbedingungen seiner Mitarbeiter legt, und die Grundlagen der nachhaltigen Entwicklung hervorheben, die streng eingehalten werden.<\/p>\n<p><em>Quelle und weitere Informationen: <a href=\"https:\/\/heig-vd.ch\/\">HEIG-VD<\/a><\/em><\/p>\n","protected":false},"excerpt":{"rendered":"<p>Die Hochschule f\u00fcr Technik und Management des Kantons Waadt (HEIG-VD) hat am 24. Mai 2023 die Gewinner der 18. Ausgabe des Schweizer Ethikpreises bekannt gegeben. Diese Auszeichnung w\u00fcrdigt Schweizer Unternehmen und Organisationen, die sich f\u00fcr soziale Verantwortung oder nachhaltige Entwicklungsprojekte engagieren.<\/p>\n","protected":false},"author":4,"featured_media":0,"comment_status":"closed","ping_status":"closed","sticky":false,"template":"","format":"standard","meta":{"_acf_changed":false,"_yoast_wpseo_focuskw":"Schweizer Ethikpreises","_yoast_wpseo_metadesc":"Die HEIG-VD hat am 24. Mai 2023 die Gewinnerinnen und Gewinner der 18. Ausgabe des Schweizer Ethikpreises bekannt gegeben.","articlekey":"","footnotes":""},"categories":[28],"tags":[66,183,192,334,492],"class_list":["post-20418","post","type-post","status-publish","format-standard","hentry","category-management","tag-awards","tag-ethik","tag-fachhochschulen","tag-management","tag-unternehmen"],"acf":[],"yoast_head":"<!-- This site is optimized with the Yoast SEO plugin v27.4 - https:\/\/yoast.com\/product\/yoast-seo-wordpress\/ -->\n<title>Gewinner des Schweizer Ethikpreises 2023 - Organisator<\/title>\n<meta name=\"description\" content=\"Die HEIG-VD hat am 24. Mai 2023 die Gewinnerinnen und Gewinner der 18. Ausgabe des Schweizer Ethikpreises bekannt gegeben.\" \/>\n<meta name=\"robots\" content=\"index, follow, max-snippet:-1, max-image-preview:large, max-video-preview:-1\" \/>\n<link rel=\"canonical\" href=\"https:\/\/www.organisator.ch\/de\/management\/2023-05-26\/gewinner-des-schweizer-ethikpreises-2023\/\" \/>\n<meta property=\"og:locale\" content=\"de_DE\" \/>\n<meta property=\"og:type\" content=\"article\" \/>\n<meta property=\"og:title\" content=\"Gewinner des Schweizer Ethikpreises 2023\" \/>\n<meta property=\"og:description\" content=\"Die HEIG-VD hat am 24. Mai 2023 die Gewinnerinnen und Gewinner der 18. Ausgabe des Schweizer Ethikpreises bekannt gegeben.\" \/>\n<meta property=\"og:url\" content=\"https:\/\/www.organisator.ch\/de\/management\/2023-05-26\/gewinner-des-schweizer-ethikpreises-2023\/\" \/>\n<meta property=\"og:site_name\" content=\"Organisator\" \/>\n<meta property=\"article:publisher\" content=\"https:\/\/www.facebook.com\/OrganisatorFachmagazin\" \/>\n<meta property=\"article:published_time\" content=\"2023-05-26T06:48:33+00:00\" \/>\n<meta property=\"og:image\" content=\"https:\/\/www.organisator.ch\/wp-content\/uploads\/2023\/05\/Gewinner-des-Schweizer-Ethikpreises-2023_Organisator.jpg\" \/>\n\t<meta property=\"og:image:width\" content=\"680\" \/>\n\t<meta property=\"og:image:height\" content=\"453\" \/>\n\t<meta property=\"og:image:type\" content=\"image\/jpeg\" \/>\n<meta name=\"author\" content=\"thomas.berner\" \/>\n<meta name=\"twitter:card\" content=\"summary_large_image\" \/>\n<meta name=\"twitter:title\" content=\"Gewinner des Schweizer #Ethikpreises 2023\" \/>\n<meta name=\"twitter:description\" content=\"Die #HEIG-VD hat am 24. Mai 2023 die Gewinnerinnen und Gewinner der 18. Ausgabe des Schweizer #Ethikpreises bekannt gegeben.\" \/>\n<meta name=\"twitter:image\" content=\"https:\/\/www.organisator.ch\/wp-content\/uploads\/2023\/05\/Gewinner-des-Schweizer-Ethikpreises-2023_Organisator.jpg\" \/>\n<script type=\"application\/ld+json\" class=\"yoast-schema-graph\">{\"@context\":\"https:\\\/\\\/schema.org\",\"@graph\":[{\"@type\":\"Article\",\"@id\":\"https:\\\/\\\/www.organisator.ch\\\/management\\\/2023-05-26\\\/gewinner-des-schweizer-ethikpreises-2023\\\/#article\",\"isPartOf\":{\"@id\":\"https:\\\/\\\/www.organisator.ch\\\/management\\\/2023-05-26\\\/gewinner-des-schweizer-ethikpreises-2023\\\/\"},\"author\":{\"name\":\"thomas.berner\",\"@id\":\"https:\\\/\\\/www.organisator.ch\\\/#\\\/schema\\\/person\\\/6f650f90b2842cd4c0cc334b4e36f67e\"},\"headline\":\"Gewinner des Schweizer Ethikpreises 2023\",\"datePublished\":\"2023-05-26T06:48:33+00:00\",\"mainEntityOfPage\":{\"@id\":\"https:\\\/\\\/www.organisator.ch\\\/management\\\/2023-05-26\\\/gewinner-des-schweizer-ethikpreises-2023\\\/\"},\"wordCount\":570,\"publisher\":{\"@id\":\"https:\\\/\\\/www.organisator.ch\\\/#organization\"},\"image\":{\"@id\":\"https:\\\/\\\/www.organisator.ch\\\/management\\\/2023-05-26\\\/gewinner-des-schweizer-ethikpreises-2023\\\/#primaryimage\"},\"thumbnailUrl\":\"https:\\\/\\\/www.organisator.ch\\\/wp-content\\\/uploads\\\/2023\\\/05\\\/Gewinner-des-Schweizer-Ethikpreises-2023_Organisator.jpg\",\"keywords\":[\"Awards\",\"Ethik\",\"Fachhochschulen\",\"Management\",\"Unternehmen\"],\"articleSection\":[\"MANAGEMENT\"],\"inLanguage\":\"de\"},{\"@type\":\"WebPage\",\"@id\":\"https:\\\/\\\/www.organisator.ch\\\/management\\\/2023-05-26\\\/gewinner-des-schweizer-ethikpreises-2023\\\/\",\"url\":\"https:\\\/\\\/www.organisator.ch\\\/management\\\/2023-05-26\\\/gewinner-des-schweizer-ethikpreises-2023\\\/\",\"name\":\"Gewinner des Schweizer Ethikpreises 2023 - Organisator\",\"isPartOf\":{\"@id\":\"https:\\\/\\\/www.organisator.ch\\\/#website\"},\"primaryImageOfPage\":{\"@id\":\"https:\\\/\\\/www.organisator.ch\\\/management\\\/2023-05-26\\\/gewinner-des-schweizer-ethikpreises-2023\\\/#primaryimage\"},\"image\":{\"@id\":\"https:\\\/\\\/www.organisator.ch\\\/management\\\/2023-05-26\\\/gewinner-des-schweizer-ethikpreises-2023\\\/#primaryimage\"},\"thumbnailUrl\":\"https:\\\/\\\/www.organisator.ch\\\/wp-content\\\/uploads\\\/2023\\\/05\\\/Gewinner-des-Schweizer-Ethikpreises-2023_Organisator.jpg\",\"datePublished\":\"2023-05-26T06:48:33+00:00\",\"description\":\"Die HEIG-VD hat am 24. Mai 2023 die Gewinnerinnen und Gewinner der 18. Ausgabe des Schweizer Ethikpreises bekannt gegeben.\",\"breadcrumb\":{\"@id\":\"https:\\\/\\\/www.organisator.ch\\\/management\\\/2023-05-26\\\/gewinner-des-schweizer-ethikpreises-2023\\\/#breadcrumb\"},\"inLanguage\":\"de\",\"potentialAction\":[{\"@type\":\"ReadAction\",\"target\":[\"https:\\\/\\\/www.organisator.ch\\\/management\\\/2023-05-26\\\/gewinner-des-schweizer-ethikpreises-2023\\\/\"]}]},{\"@type\":\"ImageObject\",\"inLanguage\":\"de\",\"@id\":\"https:\\\/\\\/www.organisator.ch\\\/management\\\/2023-05-26\\\/gewinner-des-schweizer-ethikpreises-2023\\\/#primaryimage\",\"url\":\"https:\\\/\\\/www.organisator.ch\\\/wp-content\\\/uploads\\\/2023\\\/05\\\/Gewinner-des-Schweizer-Ethikpreises-2023_Organisator.jpg\",\"contentUrl\":\"https:\\\/\\\/www.organisator.ch\\\/wp-content\\\/uploads\\\/2023\\\/05\\\/Gewinner-des-Schweizer-Ethikpreises-2023_Organisator.jpg\"},{\"@type\":\"BreadcrumbList\",\"@id\":\"https:\\\/\\\/www.organisator.ch\\\/management\\\/2023-05-26\\\/gewinner-des-schweizer-ethikpreises-2023\\\/#breadcrumb\",\"itemListElement\":[{\"@type\":\"ListItem\",\"position\":1,\"name\":\"Home\",\"item\":\"https:\\\/\\\/www.organisator.ch\\\/\"},{\"@type\":\"ListItem\",\"position\":2,\"name\":\"Gewinner des Schweizer Ethikpreises 2023\"}]},{\"@type\":\"WebSite\",\"@id\":\"https:\\\/\\\/www.organisator.ch\\\/#website\",\"url\":\"https:\\\/\\\/www.organisator.ch\\\/\",\"name\":\"Organisator\",\"description\":\"Kompetent. Praxisnah. Der ORGANISATOR bereitet in 10 Ausgaben pro Jahr die wesentlichen Themen f\u00fcr F\u00fchrungskr\u00e4fte von KMU auf.\",\"publisher\":{\"@id\":\"https:\\\/\\\/www.organisator.ch\\\/#organization\"},\"potentialAction\":[{\"@type\":\"SearchAction\",\"target\":{\"@type\":\"EntryPoint\",\"urlTemplate\":\"https:\\\/\\\/www.organisator.ch\\\/?s={search_term_string}\"},\"query-input\":{\"@type\":\"PropertyValueSpecification\",\"valueRequired\":true,\"valueName\":\"search_term_string\"}}],\"inLanguage\":\"de\"},{\"@type\":\"Organization\",\"@id\":\"https:\\\/\\\/www.organisator.ch\\\/#organization\",\"name\":\"Organisator\",\"url\":\"https:\\\/\\\/www.organisator.ch\\\/\",\"logo\":{\"@type\":\"ImageObject\",\"inLanguage\":\"de\",\"@id\":\"https:\\\/\\\/www.organisator.ch\\\/#\\\/schema\\\/logo\\\/image\\\/\",\"url\":\"https:\\\/\\\/www.organisator.ch\\\/wp-content\\\/uploads\\\/2022\\\/01\\\/Logo_Organisator_Website.png\",\"contentUrl\":\"https:\\\/\\\/www.organisator.ch\\\/wp-content\\\/uploads\\\/2022\\\/01\\\/Logo_Organisator_Website.png\",\"width\":800,\"height\":77,\"caption\":\"Organisator\"},\"image\":{\"@id\":\"https:\\\/\\\/www.organisator.ch\\\/#\\\/schema\\\/logo\\\/image\\\/\"},\"sameAs\":[\"https:\\\/\\\/www.facebook.com\\\/OrganisatorFachmagazin\",\"https:\\\/\\\/www.linkedin.com\\\/showcase\\\/organisator-das-magazin-fr-kmu\",\"https:\\\/\\\/www.xing.com\\\/news\\\/pages\\\/organisator-ch-695\",\"https:\\\/\\\/www.youtube.com\\\/channel\\\/UCGP2Sq0iWaZwT3BdIAQFYpw\"]},{\"@type\":\"Person\",\"@id\":\"https:\\\/\\\/www.organisator.ch\\\/#\\\/schema\\\/person\\\/6f650f90b2842cd4c0cc334b4e36f67e\",\"name\":\"thomas.berner\",\"image\":{\"@type\":\"ImageObject\",\"inLanguage\":\"de\",\"@id\":\"https:\\\/\\\/secure.gravatar.com\\\/avatar\\\/ac5001d2a36cb6c6cd3e50789007ffca834b477b74a2144564522e944eabff61?s=96&d=mm&r=g\",\"url\":\"https:\\\/\\\/secure.gravatar.com\\\/avatar\\\/ac5001d2a36cb6c6cd3e50789007ffca834b477b74a2144564522e944eabff61?s=96&d=mm&r=g\",\"contentUrl\":\"https:\\\/\\\/secure.gravatar.com\\\/avatar\\\/ac5001d2a36cb6c6cd3e50789007ffca834b477b74a2144564522e944eabff61?s=96&d=mm&r=g\",\"caption\":\"thomas.berner\"},\"url\":\"https:\\\/\\\/www.organisator.ch\\\/de\\\/author\\\/thomas-berner\\\/\"}]}<\/script>\n<!-- \/ Yoast SEO plugin. -->","yoast_head_json":{"title":"Gewinner des Schweizer Ethikpreises 2023 - Organisator","description":"Die HEIG-VD hat am 24. Mai 2023 die Gewinnerinnen und Gewinner der 18. Ausgabe des Schweizer Ethikpreises bekannt gegeben.","robots":{"index":"index","follow":"follow","max-snippet":"max-snippet:-1","max-image-preview":"max-image-preview:large","max-video-preview":"max-video-preview:-1"},"canonical":"https:\/\/www.organisator.ch\/de\/management\/2023-05-26\/gewinner-des-schweizer-ethikpreises-2023\/","og_locale":"de_DE","og_type":"article","og_title":"Gewinner des Schweizer Ethikpreises 2023","og_description":"Die HEIG-VD hat am 24. Mai 2023 die Gewinnerinnen und Gewinner der 18. Ausgabe des Schweizer Ethikpreises bekannt gegeben.","og_url":"https:\/\/www.organisator.ch\/de\/management\/2023-05-26\/gewinner-des-schweizer-ethikpreises-2023\/","og_site_name":"Organisator","article_publisher":"https:\/\/www.facebook.com\/OrganisatorFachmagazin","article_published_time":"2023-05-26T06:48:33+00:00","og_image":[{"width":680,"height":453,"url":"https:\/\/www.organisator.ch\/wp-content\/uploads\/2023\/05\/Gewinner-des-Schweizer-Ethikpreises-2023_Organisator.jpg","type":"image\/jpeg"}],"author":"thomas.berner","twitter_card":"summary_large_image","twitter_title":"Gewinner des Schweizer #Ethikpreises 2023","twitter_description":"Die #HEIG-VD hat am 24. Mai 2023 die Gewinnerinnen und Gewinner der 18. Ausgabe des Schweizer #Ethikpreises bekannt gegeben.","twitter_image":"https:\/\/www.organisator.ch\/wp-content\/uploads\/2023\/05\/Gewinner-des-Schweizer-Ethikpreises-2023_Organisator.jpg","schema":{"@context":"https:\/\/schema.org","@graph":[{"@type":"Article","@id":"https:\/\/www.organisator.ch\/management\/2023-05-26\/gewinner-des-schweizer-ethikpreises-2023\/#article","isPartOf":{"@id":"https:\/\/www.organisator.ch\/management\/2023-05-26\/gewinner-des-schweizer-ethikpreises-2023\/"},"author":{"name":"thomas.berner","@id":"https:\/\/www.organisator.ch\/#\/schema\/person\/6f650f90b2842cd4c0cc334b4e36f67e"},"headline":"Gewinner des Schweizer Ethikpreises 2023","datePublished":"2023-05-26T06:48:33+00:00","mainEntityOfPage":{"@id":"https:\/\/www.organisator.ch\/management\/2023-05-26\/gewinner-des-schweizer-ethikpreises-2023\/"},"wordCount":570,"publisher":{"@id":"https:\/\/www.organisator.ch\/#organization"},"image":{"@id":"https:\/\/www.organisator.ch\/management\/2023-05-26\/gewinner-des-schweizer-ethikpreises-2023\/#primaryimage"},"thumbnailUrl":"https:\/\/www.organisator.ch\/wp-content\/uploads\/2023\/05\/Gewinner-des-Schweizer-Ethikpreises-2023_Organisator.jpg","keywords":["Awards","Ethik","Fachhochschulen","Management","Unternehmen"],"articleSection":["MANAGEMENT"],"inLanguage":"de"},{"@type":"WebPage","@id":"https:\/\/www.organisator.ch\/management\/2023-05-26\/gewinner-des-schweizer-ethikpreises-2023\/","url":"https:\/\/www.organisator.ch\/management\/2023-05-26\/gewinner-des-schweizer-ethikpreises-2023\/","name":"Gewinner des Schweizer Ethikpreises 2023 - Organisator","isPartOf":{"@id":"https:\/\/www.organisator.ch\/#website"},"primaryImageOfPage":{"@id":"https:\/\/www.organisator.ch\/management\/2023-05-26\/gewinner-des-schweizer-ethikpreises-2023\/#primaryimage"},"image":{"@id":"https:\/\/www.organisator.ch\/management\/2023-05-26\/gewinner-des-schweizer-ethikpreises-2023\/#primaryimage"},"thumbnailUrl":"https:\/\/www.organisator.ch\/wp-content\/uploads\/2023\/05\/Gewinner-des-Schweizer-Ethikpreises-2023_Organisator.jpg","datePublished":"2023-05-26T06:48:33+00:00","description":"Die HEIG-VD hat am 24. Mai 2023 die Gewinnerinnen und Gewinner der 18. Ausgabe des Schweizer Ethikpreises bekannt gegeben.","breadcrumb":{"@id":"https:\/\/www.organisator.ch\/management\/2023-05-26\/gewinner-des-schweizer-ethikpreises-2023\/#breadcrumb"},"inLanguage":"de","potentialAction":[{"@type":"ReadAction","target":["https:\/\/www.organisator.ch\/management\/2023-05-26\/gewinner-des-schweizer-ethikpreises-2023\/"]}]},{"@type":"ImageObject","inLanguage":"de","@id":"https:\/\/www.organisator.ch\/management\/2023-05-26\/gewinner-des-schweizer-ethikpreises-2023\/#primaryimage","url":"https:\/\/www.organisator.ch\/wp-content\/uploads\/2023\/05\/Gewinner-des-Schweizer-Ethikpreises-2023_Organisator.jpg","contentUrl":"https:\/\/www.organisator.ch\/wp-content\/uploads\/2023\/05\/Gewinner-des-Schweizer-Ethikpreises-2023_Organisator.jpg"},{"@type":"BreadcrumbList","@id":"https:\/\/www.organisator.ch\/management\/2023-05-26\/gewinner-des-schweizer-ethikpreises-2023\/#breadcrumb","itemListElement":[{"@type":"ListItem","position":1,"name":"Home","item":"https:\/\/www.organisator.ch\/"},{"@type":"ListItem","position":2,"name":"Gewinner des Schweizer Ethikpreises 2023"}]},{"@type":"WebSite","@id":"https:\/\/www.organisator.ch\/#website","url":"https:\/\/www.organisator.ch\/","name":"Organisator","description":"Kompetent. Praxisnah. Der ORGANISATOR bereitet in 10 Ausgaben pro Jahr die wesentlichen Themen f\u00fcr F\u00fchrungskr\u00e4fte von KMU auf.","publisher":{"@id":"https:\/\/www.organisator.ch\/#organization"},"potentialAction":[{"@type":"SearchAction","target":{"@type":"EntryPoint","urlTemplate":"https:\/\/www.organisator.ch\/?s={search_term_string}"},"query-input":{"@type":"PropertyValueSpecification","valueRequired":true,"valueName":"search_term_string"}}],"inLanguage":"de"},{"@type":"Organization","@id":"https:\/\/www.organisator.ch\/#organization","name":"Organisator","url":"https:\/\/www.organisator.ch\/","logo":{"@type":"ImageObject","inLanguage":"de","@id":"https:\/\/www.organisator.ch\/#\/schema\/logo\/image\/","url":"https:\/\/www.organisator.ch\/wp-content\/uploads\/2022\/01\/Logo_Organisator_Website.png","contentUrl":"https:\/\/www.organisator.ch\/wp-content\/uploads\/2022\/01\/Logo_Organisator_Website.png","width":800,"height":77,"caption":"Organisator"},"image":{"@id":"https:\/\/www.organisator.ch\/#\/schema\/logo\/image\/"},"sameAs":["https:\/\/www.facebook.com\/OrganisatorFachmagazin","https:\/\/www.linkedin.com\/showcase\/organisator-das-magazin-fr-kmu","https:\/\/www.xing.com\/news\/pages\/organisator-ch-695","https:\/\/www.youtube.com\/channel\/UCGP2Sq0iWaZwT3BdIAQFYpw"]},{"@type":"Person","@id":"https:\/\/www.organisator.ch\/#\/schema\/person\/6f650f90b2842cd4c0cc334b4e36f67e","name":"thomas.berner","image":{"@type":"ImageObject","inLanguage":"de","@id":"https:\/\/secure.gravatar.com\/avatar\/ac5001d2a36cb6c6cd3e50789007ffca834b477b74a2144564522e944eabff61?s=96&d=mm&r=g","url":"https:\/\/secure.gravatar.com\/avatar\/ac5001d2a36cb6c6cd3e50789007ffca834b477b74a2144564522e944eabff61?s=96&d=mm&r=g","contentUrl":"https:\/\/secure.gravatar.com\/avatar\/ac5001d2a36cb6c6cd3e50789007ffca834b477b74a2144564522e944eabff61?s=96&d=mm&r=g","caption":"thomas.berner"},"url":"https:\/\/www.organisator.ch\/de\/author\/thomas-berner\/"}]}},"_links":{"self":[{"href":"https:\/\/www.organisator.ch\/de\/wp-json\/wp\/v2\/posts\/20418","targetHints":{"allow":["GET"]}}],"collection":[{"href":"https:\/\/www.organisator.ch\/de\/wp-json\/wp\/v2\/posts"}],"about":[{"href":"https:\/\/www.organisator.ch\/de\/wp-json\/wp\/v2\/types\/post"}],"author":[{"embeddable":true,"href":"https:\/\/www.organisator.ch\/de\/wp-json\/wp\/v2\/users\/4"}],"replies":[{"embeddable":true,"href":"https:\/\/www.organisator.ch\/de\/wp-json\/wp\/v2\/comments?post=20418"}],"version-history":[{"count":2,"href":"https:\/\/www.organisator.ch\/de\/wp-json\/wp\/v2\/posts\/20418\/revisions"}],"predecessor-version":[{"id":20451,"href":"https:\/\/www.organisator.ch\/de\/wp-json\/wp\/v2\/posts\/20418\/revisions\/20451"}],"wp:attachment":[{"href":"https:\/\/www.organisator.ch\/de\/wp-json\/wp\/v2\/media?parent=20418"}],"wp:term":[{"taxonomy":"category","embeddable":true,"href":"https:\/\/www.organisator.ch\/de\/wp-json\/wp\/v2\/categories?post=20418"},{"taxonomy":"post_tag","embeddable":true,"href":"https:\/\/www.organisator.ch\/de\/wp-json\/wp\/v2\/tags?post=20418"}],"curies":[{"name":"wp","href":"https:\/\/api.w.org\/{rel}","templated":true}]}}