{"id":20616,"date":"2023-06-07T09:14:31","date_gmt":"2023-06-07T07:14:31","guid":{"rendered":"https:\/\/www.organisator.ch\/?p=20616"},"modified":"2023-06-07T09:14:31","modified_gmt":"2023-06-07T07:14:31","slug":"menuandmore-veroeffentlicht-fuenften-nachhaltigkeitsbericht","status":"publish","type":"post","link":"https:\/\/www.organisator.ch\/de\/sustainability\/2023-06-07\/menuandmore-veroeffentlicht-fuenften-nachhaltigkeitsbericht\/","title":{"rendered":"menuandmore ver\u00f6ffentlicht f\u00fcnften Nachhaltigkeitsbericht"},"content":{"rendered":"<figure id=\"attachment_20617\" aria-describedby=\"caption-attachment-20617\" style=\"width: 680px\" class=\"wp-caption alignnone\"><img loading=\"lazy\" decoding=\"async\" class=\"size-full wp-image-20617\" src=\"https:\/\/www.organisator.ch\/wp-content\/uploads\/2023\/06\/menuandmore-veroeffentlicht-fuenften-Nachhaltigkeitsbericht_Organisator.jpg\" alt=\"\" width=\"680\" height=\"962\" srcset=\"https:\/\/www.organisator.ch\/wp-content\/uploads\/2023\/06\/menuandmore-veroeffentlicht-fuenften-Nachhaltigkeitsbericht_Organisator.jpg 680w, https:\/\/www.organisator.ch\/wp-content\/uploads\/2023\/06\/menuandmore-veroeffentlicht-fuenften-Nachhaltigkeitsbericht_Organisator-8x12.jpg 8w, https:\/\/www.organisator.ch\/wp-content\/uploads\/2023\/06\/menuandmore-veroeffentlicht-fuenften-Nachhaltigkeitsbericht_Organisator-212x300.jpg 212w, https:\/\/www.organisator.ch\/wp-content\/uploads\/2023\/06\/menuandmore-veroeffentlicht-fuenften-Nachhaltigkeitsbericht_Organisator-247x350.jpg 247w, https:\/\/www.organisator.ch\/wp-content\/uploads\/2023\/06\/menuandmore-veroeffentlicht-fuenften-Nachhaltigkeitsbericht_Organisator-565x800.jpg 565w\" sizes=\"auto, (max-width: 680px) 100vw, 680px\" \/><figcaption id=\"caption-attachment-20617\" class=\"wp-caption-text\">Titelbild des f\u00fcnften Nachhaltigkeitsberichts von menuandmore. (Bild: zVg)<\/figcaption><\/figure>\n<p>Gesund, abwechs\u00adlungs\u00adreich und fein: Die Mahl\u00adzei\u00adten von menu\u00adand\u00admo\u00adre sorgen t\u00e4g\u00adlich f\u00fcr eine aus\u00adge\u00adwo\u00adge\u00adne Ern\u00e4h\u00adrung f\u00fcr Kinder und Jugend\u00adli\u00adche, die Betreu\u00adungs\u00adan\u00adge\u00adbo\u00adte von Schu\u00adlen oder Kitas besu\u00adchen. So lautet das Kundenversprechen der Anbieterin von Kinder- und Jugendverpflegung. In den vergangenen Jahren hat das Unternehmen viel Herzblut in die Weiterentwicklung und den Ausbau seiner Marktf\u00fchrungsposition investiert. Der f\u00fcnfte Nachhaltigkeitsbericht bietet nun einen \u00dcberblick \u00fcber konkrete Aktivit\u00e4ten und Projekte mit dem Fokus auf Partnerschaften. Und auch sonst werden ausserordentliche Leistungen dokumentiert: So ist menuandmore seit 2022 vollst\u00e4ndig glutamatfrei, die Nachfrage nach vegetarischen Men\u00fcs hat im Berichtszeitraum von 38 % (2020) auf 46 % (2022) zugenommen und 47 % der importierten Produkte verf\u00fcgen \u00fcber ein glaubw\u00fcrdiges Nachhaltigkeitslabel.<\/p>\n<h3>F\u00fcnfter Nachhaltigkeitsbericht mit durchzogener Gesamtbilanz<\/h3>\n<p>Im f\u00fcnften Nachhaltigkeitsbericht stecken viele Stunden Arbeit und ein mehrmonatiger Strategieprozess, wie das Unternehmen schreibt. Kernst\u00fcck des Berichts ist eine fundierte Wesentlichkeitsanalyse. Bei der durchgef\u00fchrten Analyse kam der Ansatz der \u00abdoppelten Materialit\u00e4t\u00bb zum Einsatz, um die f\u00fcr das Unternehmen relevanten Nachhaltigkeitsthemen zu bestimmen. Zu potenziell wesentlichen Themen liess menuandmore einerseits die Auswirkungen der Aktivit\u00e4ten auf Wirtschaft, Gesellschaft und Umwelt beurteilen und analysierte andererseits die Einwirkungen auf den langfristigen Gesch\u00e4ftserfolg. Auch wenn trotz der anspruchsvollen vergangenen Jahre wieder zahlreiche Fortschritte und Projekte umgesetzt werden konnten, entspricht die Gesamtbilanz \u00fcber die Zielerreichung der Nachhaltigkeitsperiode 2020 bis 2022 nicht dem, was sich menuandmore urspr\u00fcnglich vorgenommen hatte \u2013 aus verschiedenen Gr\u00fcnden.<\/p>\n<h3>Globale Ereignisse beeinflussen Unternehmensziele<\/h3>\n<p>Die vergangene Nachhaltigkeitsperiode sei eine herausfordernde Zeit gewesen, teilt menuandmore mit. Einerseits war sie gepr\u00e4gt von der Corona-Pandemie ab 2020 und ihren daraus resultierenden Langzeitfolgen, welche auch menuandmore vor neue, unvorhergesehene Herausforderungen stellte. Und andererseits f\u00fchrte der Krieg in der Ukraine ab 2022 zu zus\u00e4tzlichen Herausforderungen bez\u00fcglich Verf\u00fcgbarkeit und Kosten f\u00fcr Lebensmittel und Energie. Durch die bundesr\u00e4tlich \u00e4usserst kurzfristig angek\u00fcndigten Schulschliessungen vom 13. auf den 16. M\u00e4rz 2020 mussten f\u00fcr bereits zubereitete Mahlzeiten schnellstm\u00f6glich Abnehmerinnen und Abnehmer gefunden werden, um Food Waste zu vermeiden. Tausende Mahlzeiten wurden an Organisationen wie Caritas, AOZ, Schweizer Tafel und die Autonome Schule Z\u00fcrich gespendet. Mit dem Initianten der Aktion \u00abEssen f\u00fcr Alle\u00bb, dem ehemaligen Fl\u00fcchtling Amine Diare Conde, entstand daraufhin eine befruchtende und herzliche Partnerschaft.<\/p>\n<h3>Partnerschaften: \u00abEs ist der Austausch, der uns weiterbringt\u00bb<\/h3>\n<p>Die Corona-Pandemie habe noch einmal deutlich gezeigt, wie wichtig es ist, zusammenzustehen und sich solidarisch f\u00fcr eine zukunftsf\u00e4hige Welt zu engagieren, heisst es weiter. \u00abEs ist der ehrliche Austausch, der uns alle weiterbringt. Und es sind die gemeinsamen Initiativen, die uns befl\u00fcgeln und Dinge m\u00f6glich machen, von denen wir alleine nur tr\u00e4umen k\u00f6nnen\u00bb, erkl\u00e4rt Gesch\u00e4ftsf\u00fchrer Markus Daniel. Die Aktion \u00abEssen f\u00fcr Alle\u00bb, sei &#8211; wie erw\u00e4hnt &#8211; ein gutes Beispiel daf\u00fcr. menuandmore unterst\u00fctzte die Aktion w\u00e4hrend mehrerer Wochen mit 1&#8217;000 Mahlzeiten zu einem symbolischen Preis.<\/p>\n<p>Auch sonst hat menuandmore bestehende Partnerschaften gepflegt und Neues initiiert \u2013 mit der ZHAW, der Stiftung SOS-Kinderdorf Schweiz, Caritas oder im Bereich der Digitalisierung mit ProCloud. Partnerschaften, die auf gleichen Wertesystemen basieren, machen gem\u00e4ss Bericht den entscheidenden Unterschied f\u00fcr einen gemeinsamen Beitrag an einen zukunftsf\u00e4higen Planeten.<\/p>\n<h3>Nachhaltiges Wirtschaften ist die Zukunft<\/h3>\n<p>Mit der Einf\u00fchrung von Tagesschulen werden immer mehr Kinder in der Schweiz familienerg\u00e4nzend betreut. Parallel dazu steigen die Nachfrage und der Bedarf an gesunder, nachhaltiger Verpflegung. Mit dem seit vielen Jahren konsequenten Fokus auf Nachhaltigkeit sowie den Erkenntnissen aus den vergangenen Gesch\u00e4ftsjahren blickt das KMU positiv in eine Zukunft des nachhaltigen Wirtschaftens. Nach Jahren intensiver Suche wechselt menuandmore im 2025 vom langj\u00e4hrigen Produktionsstandort am Sihlquai in Z\u00fcrich an den neuen Standort im ECOPARK TIVOLI in Spreitenbach. Er ist nach Auffassung des Unternehmens momentan die beste Adresse f\u00fcr verantwortungsbewusste Unternehmen im Raum Z\u00fcrich. Konkret heisst das f\u00fcr menuandmore: Die Verpflegungsanbieterin k\u00f6nne sich in \u00f6kologischer Hinsicht noch einmal in vielen Bereichen verbessern, bei denen sie am jetzigen Standort an ihre Grenzen gestossen ist.<\/p>\n<p><a href=\"https:\/\/www.menuandmore.ch\/\"><em>Weitere Informationen<\/em><\/a><\/p>\n","protected":false},"excerpt":{"rendered":"<p>Glutamatfrei, konsequente Senkung des CO2-Fussabdrucks pro Men\u00fc und stetige Umstellung auf nachhaltige Produkte: Das alles steht im f\u00fcnften Nachhaltigkeitsbericht von menuandmore, der Verpflegungspartnerin f\u00fcr Mittagstische von Schulen und Krippen. <\/p>\n","protected":false},"author":4,"featured_media":20617,"comment_status":"closed","ping_status":"closed","sticky":false,"template":"","format":"standard","meta":{"_acf_changed":false,"_yoast_wpseo_focuskw":"menuandmore","_yoast_wpseo_metadesc":"Glutamatfrei, konsequente Senkung des CO2-Fussabdrucks pro Menu: Das zeigt der neue Nachhaltigkeitsbericht von menuandmore,","articlekey":"","footnotes":""},"categories":[580],"tags":[358,1789,492],"class_list":["post-20616","post","type-post","status-publish","format-standard","has-post-thumbnail","hentry","category-sustainability","tag-nachhaltige-wirtschaft","tag-nachhaltigkeitsbericht","tag-unternehmen"],"acf":[],"yoast_head":"<!-- This site is optimized with the Yoast SEO plugin v27.5 - https:\/\/yoast.com\/product\/yoast-seo-wordpress\/ -->\n<title>menuandmore ver\u00f6ffentlicht f\u00fcnften Nachhaltigkeitsbericht - Organisator<\/title>\n<meta name=\"description\" content=\"Glutamatfrei, konsequente Senkung des CO2-Fussabdrucks pro Menu: Das zeigt der neue Nachhaltigkeitsbericht von menuandmore,\" \/>\n<meta name=\"robots\" content=\"index, follow, max-snippet:-1, max-image-preview:large, max-video-preview:-1\" \/>\n<link rel=\"canonical\" href=\"https:\/\/www.organisator.ch\/de\/sustainability\/2023-06-07\/menuandmore-veroeffentlicht-fuenften-nachhaltigkeitsbericht\/\" \/>\n<meta property=\"og:locale\" content=\"de_DE\" \/>\n<meta property=\"og:type\" content=\"article\" \/>\n<meta property=\"og:title\" content=\"menuandmore ver\u00f6ffentlicht f\u00fcnften Nachhaltigkeitsbericht\" \/>\n<meta property=\"og:description\" content=\"Glutamatfrei, konsequente Senkung des CO2-Fussabdrucks pro Menu: Das zeigt der neue Nachhaltigkeitsbericht von menuandmore,\" \/>\n<meta property=\"og:url\" content=\"https:\/\/www.organisator.ch\/de\/sustainability\/2023-06-07\/menuandmore-veroeffentlicht-fuenften-nachhaltigkeitsbericht\/\" \/>\n<meta property=\"og:site_name\" content=\"Organisator\" \/>\n<meta property=\"article:publisher\" content=\"https:\/\/www.facebook.com\/OrganisatorFachmagazin\" \/>\n<meta property=\"article:published_time\" content=\"2023-06-07T07:14:31+00:00\" \/>\n<meta property=\"og:image\" content=\"https:\/\/www.organisator.ch\/wp-content\/uploads\/2023\/06\/menuandmore-veroeffentlicht-fuenften-Nachhaltigkeitsbericht_Organisator.jpg\" \/>\n\t<meta property=\"og:image:width\" content=\"680\" \/>\n\t<meta property=\"og:image:height\" content=\"962\" \/>\n\t<meta property=\"og:image:type\" content=\"image\/jpeg\" \/>\n<meta name=\"author\" content=\"thomas.berner\" \/>\n<meta name=\"twitter:card\" content=\"summary_large_image\" \/>\n<meta name=\"twitter:title\" content=\"#menuandmore ver\u00f6ffentlicht f\u00fcnften #Nachhaltigkeitsbericht\" \/>\n<meta name=\"twitter:description\" content=\"#Glutamatfrei, konsequente Senkung des CO2-Fussabdrucks pro Menu: Das zeigt der neue #Nachhaltigkeitsbericht von #menuandmore,\" \/>\n<meta name=\"twitter:image\" content=\"https:\/\/www.organisator.ch\/wp-content\/uploads\/2023\/06\/menuandmore-veroeffentlicht-fuenften-Nachhaltigkeitsbericht_Organisator.jpg\" \/>\n<script type=\"application\/ld+json\" class=\"yoast-schema-graph\">{\"@context\":\"https:\\\/\\\/schema.org\",\"@graph\":[{\"@type\":\"Article\",\"@id\":\"https:\\\/\\\/www.organisator.ch\\\/sustainability\\\/2023-06-07\\\/menuandmore-veroeffentlicht-fuenften-nachhaltigkeitsbericht\\\/#article\",\"isPartOf\":{\"@id\":\"https:\\\/\\\/www.organisator.ch\\\/sustainability\\\/2023-06-07\\\/menuandmore-veroeffentlicht-fuenften-nachhaltigkeitsbericht\\\/\"},\"author\":{\"name\":\"thomas.berner\",\"@id\":\"https:\\\/\\\/www.organisator.ch\\\/#\\\/schema\\\/person\\\/6f650f90b2842cd4c0cc334b4e36f67e\"},\"headline\":\"menuandmore ver\u00f6ffentlicht f\u00fcnften Nachhaltigkeitsbericht\",\"datePublished\":\"2023-06-07T07:14:31+00:00\",\"mainEntityOfPage\":{\"@id\":\"https:\\\/\\\/www.organisator.ch\\\/sustainability\\\/2023-06-07\\\/menuandmore-veroeffentlicht-fuenften-nachhaltigkeitsbericht\\\/\"},\"wordCount\":701,\"publisher\":{\"@id\":\"https:\\\/\\\/www.organisator.ch\\\/#organization\"},\"image\":{\"@id\":\"https:\\\/\\\/www.organisator.ch\\\/sustainability\\\/2023-06-07\\\/menuandmore-veroeffentlicht-fuenften-nachhaltigkeitsbericht\\\/#primaryimage\"},\"thumbnailUrl\":\"https:\\\/\\\/www.organisator.ch\\\/wp-content\\\/uploads\\\/2023\\\/06\\\/menuandmore-veroeffentlicht-fuenften-Nachhaltigkeitsbericht_Organisator.jpg\",\"keywords\":[\"Nachhaltige Wirtschaft\",\"Nachhaltigkeitsbericht\",\"Unternehmen\"],\"articleSection\":[\"SUSTAINABILITY\"],\"inLanguage\":\"de\"},{\"@type\":\"WebPage\",\"@id\":\"https:\\\/\\\/www.organisator.ch\\\/sustainability\\\/2023-06-07\\\/menuandmore-veroeffentlicht-fuenften-nachhaltigkeitsbericht\\\/\",\"url\":\"https:\\\/\\\/www.organisator.ch\\\/sustainability\\\/2023-06-07\\\/menuandmore-veroeffentlicht-fuenften-nachhaltigkeitsbericht\\\/\",\"name\":\"menuandmore ver\u00f6ffentlicht f\u00fcnften Nachhaltigkeitsbericht - Organisator\",\"isPartOf\":{\"@id\":\"https:\\\/\\\/www.organisator.ch\\\/#website\"},\"primaryImageOfPage\":{\"@id\":\"https:\\\/\\\/www.organisator.ch\\\/sustainability\\\/2023-06-07\\\/menuandmore-veroeffentlicht-fuenften-nachhaltigkeitsbericht\\\/#primaryimage\"},\"image\":{\"@id\":\"https:\\\/\\\/www.organisator.ch\\\/sustainability\\\/2023-06-07\\\/menuandmore-veroeffentlicht-fuenften-nachhaltigkeitsbericht\\\/#primaryimage\"},\"thumbnailUrl\":\"https:\\\/\\\/www.organisator.ch\\\/wp-content\\\/uploads\\\/2023\\\/06\\\/menuandmore-veroeffentlicht-fuenften-Nachhaltigkeitsbericht_Organisator.jpg\",\"datePublished\":\"2023-06-07T07:14:31+00:00\",\"description\":\"Glutamatfrei, konsequente Senkung des CO2-Fussabdrucks pro Menu: Das zeigt der neue Nachhaltigkeitsbericht von menuandmore,\",\"breadcrumb\":{\"@id\":\"https:\\\/\\\/www.organisator.ch\\\/sustainability\\\/2023-06-07\\\/menuandmore-veroeffentlicht-fuenften-nachhaltigkeitsbericht\\\/#breadcrumb\"},\"inLanguage\":\"de\",\"potentialAction\":[{\"@type\":\"ReadAction\",\"target\":[\"https:\\\/\\\/www.organisator.ch\\\/sustainability\\\/2023-06-07\\\/menuandmore-veroeffentlicht-fuenften-nachhaltigkeitsbericht\\\/\"]}]},{\"@type\":\"ImageObject\",\"inLanguage\":\"de\",\"@id\":\"https:\\\/\\\/www.organisator.ch\\\/sustainability\\\/2023-06-07\\\/menuandmore-veroeffentlicht-fuenften-nachhaltigkeitsbericht\\\/#primaryimage\",\"url\":\"https:\\\/\\\/www.organisator.ch\\\/wp-content\\\/uploads\\\/2023\\\/06\\\/menuandmore-veroeffentlicht-fuenften-Nachhaltigkeitsbericht_Organisator.jpg\",\"contentUrl\":\"https:\\\/\\\/www.organisator.ch\\\/wp-content\\\/uploads\\\/2023\\\/06\\\/menuandmore-veroeffentlicht-fuenften-Nachhaltigkeitsbericht_Organisator.jpg\",\"width\":680,\"height\":962,\"caption\":\"Titelbild des f\u00fcnften Nachhaltigkeitsberichts von menuandmore. (Bild: zVg)\"},{\"@type\":\"BreadcrumbList\",\"@id\":\"https:\\\/\\\/www.organisator.ch\\\/sustainability\\\/2023-06-07\\\/menuandmore-veroeffentlicht-fuenften-nachhaltigkeitsbericht\\\/#breadcrumb\",\"itemListElement\":[{\"@type\":\"ListItem\",\"position\":1,\"name\":\"Home\",\"item\":\"https:\\\/\\\/www.organisator.ch\\\/\"},{\"@type\":\"ListItem\",\"position\":2,\"name\":\"menuandmore ver\u00f6ffentlicht f\u00fcnften Nachhaltigkeitsbericht\"}]},{\"@type\":\"WebSite\",\"@id\":\"https:\\\/\\\/www.organisator.ch\\\/#website\",\"url\":\"https:\\\/\\\/www.organisator.ch\\\/\",\"name\":\"Organisator\",\"description\":\"Kompetent. Praxisnah. Der ORGANISATOR bereitet in 10 Ausgaben pro Jahr die wesentlichen Themen f\u00fcr F\u00fchrungskr\u00e4fte von KMU auf.\",\"publisher\":{\"@id\":\"https:\\\/\\\/www.organisator.ch\\\/#organization\"},\"potentialAction\":[{\"@type\":\"SearchAction\",\"target\":{\"@type\":\"EntryPoint\",\"urlTemplate\":\"https:\\\/\\\/www.organisator.ch\\\/?s={search_term_string}\"},\"query-input\":{\"@type\":\"PropertyValueSpecification\",\"valueRequired\":true,\"valueName\":\"search_term_string\"}}],\"inLanguage\":\"de\"},{\"@type\":\"Organization\",\"@id\":\"https:\\\/\\\/www.organisator.ch\\\/#organization\",\"name\":\"Organisator\",\"url\":\"https:\\\/\\\/www.organisator.ch\\\/\",\"logo\":{\"@type\":\"ImageObject\",\"inLanguage\":\"de\",\"@id\":\"https:\\\/\\\/www.organisator.ch\\\/#\\\/schema\\\/logo\\\/image\\\/\",\"url\":\"https:\\\/\\\/www.organisator.ch\\\/wp-content\\\/uploads\\\/2022\\\/01\\\/Logo_Organisator_Website.png\",\"contentUrl\":\"https:\\\/\\\/www.organisator.ch\\\/wp-content\\\/uploads\\\/2022\\\/01\\\/Logo_Organisator_Website.png\",\"width\":800,\"height\":77,\"caption\":\"Organisator\"},\"image\":{\"@id\":\"https:\\\/\\\/www.organisator.ch\\\/#\\\/schema\\\/logo\\\/image\\\/\"},\"sameAs\":[\"https:\\\/\\\/www.facebook.com\\\/OrganisatorFachmagazin\",\"https:\\\/\\\/www.linkedin.com\\\/showcase\\\/organisator-das-magazin-fr-kmu\",\"https:\\\/\\\/www.xing.com\\\/news\\\/pages\\\/organisator-ch-695\",\"https:\\\/\\\/www.youtube.com\\\/channel\\\/UCGP2Sq0iWaZwT3BdIAQFYpw\"]},{\"@type\":\"Person\",\"@id\":\"https:\\\/\\\/www.organisator.ch\\\/#\\\/schema\\\/person\\\/6f650f90b2842cd4c0cc334b4e36f67e\",\"name\":\"thomas.berner\",\"image\":{\"@type\":\"ImageObject\",\"inLanguage\":\"de\",\"@id\":\"https:\\\/\\\/secure.gravatar.com\\\/avatar\\\/ac5001d2a36cb6c6cd3e50789007ffca834b477b74a2144564522e944eabff61?s=96&d=mm&r=g\",\"url\":\"https:\\\/\\\/secure.gravatar.com\\\/avatar\\\/ac5001d2a36cb6c6cd3e50789007ffca834b477b74a2144564522e944eabff61?s=96&d=mm&r=g\",\"contentUrl\":\"https:\\\/\\\/secure.gravatar.com\\\/avatar\\\/ac5001d2a36cb6c6cd3e50789007ffca834b477b74a2144564522e944eabff61?s=96&d=mm&r=g\",\"caption\":\"thomas.berner\"},\"url\":\"https:\\\/\\\/www.organisator.ch\\\/de\\\/author\\\/thomas-berner\\\/\"}]}<\/script>\n<!-- \/ Yoast SEO plugin. -->","yoast_head_json":{"title":"menuandmore ver\u00f6ffentlicht f\u00fcnften Nachhaltigkeitsbericht - Organisator","description":"Glutamatfrei, konsequente Senkung des CO2-Fussabdrucks pro Menu: Das zeigt der neue Nachhaltigkeitsbericht von menuandmore,","robots":{"index":"index","follow":"follow","max-snippet":"max-snippet:-1","max-image-preview":"max-image-preview:large","max-video-preview":"max-video-preview:-1"},"canonical":"https:\/\/www.organisator.ch\/de\/sustainability\/2023-06-07\/menuandmore-veroeffentlicht-fuenften-nachhaltigkeitsbericht\/","og_locale":"de_DE","og_type":"article","og_title":"menuandmore ver\u00f6ffentlicht f\u00fcnften Nachhaltigkeitsbericht","og_description":"Glutamatfrei, konsequente Senkung des CO2-Fussabdrucks pro Menu: Das zeigt der neue Nachhaltigkeitsbericht von menuandmore,","og_url":"https:\/\/www.organisator.ch\/de\/sustainability\/2023-06-07\/menuandmore-veroeffentlicht-fuenften-nachhaltigkeitsbericht\/","og_site_name":"Organisator","article_publisher":"https:\/\/www.facebook.com\/OrganisatorFachmagazin","article_published_time":"2023-06-07T07:14:31+00:00","og_image":[{"width":680,"height":962,"url":"https:\/\/www.organisator.ch\/wp-content\/uploads\/2023\/06\/menuandmore-veroeffentlicht-fuenften-Nachhaltigkeitsbericht_Organisator.jpg","type":"image\/jpeg"}],"author":"thomas.berner","twitter_card":"summary_large_image","twitter_title":"#menuandmore ver\u00f6ffentlicht f\u00fcnften #Nachhaltigkeitsbericht","twitter_description":"#Glutamatfrei, konsequente Senkung des CO2-Fussabdrucks pro Menu: Das zeigt der neue #Nachhaltigkeitsbericht von #menuandmore,","twitter_image":"https:\/\/www.organisator.ch\/wp-content\/uploads\/2023\/06\/menuandmore-veroeffentlicht-fuenften-Nachhaltigkeitsbericht_Organisator.jpg","schema":{"@context":"https:\/\/schema.org","@graph":[{"@type":"Article","@id":"https:\/\/www.organisator.ch\/sustainability\/2023-06-07\/menuandmore-veroeffentlicht-fuenften-nachhaltigkeitsbericht\/#article","isPartOf":{"@id":"https:\/\/www.organisator.ch\/sustainability\/2023-06-07\/menuandmore-veroeffentlicht-fuenften-nachhaltigkeitsbericht\/"},"author":{"name":"thomas.berner","@id":"https:\/\/www.organisator.ch\/#\/schema\/person\/6f650f90b2842cd4c0cc334b4e36f67e"},"headline":"menuandmore ver\u00f6ffentlicht f\u00fcnften Nachhaltigkeitsbericht","datePublished":"2023-06-07T07:14:31+00:00","mainEntityOfPage":{"@id":"https:\/\/www.organisator.ch\/sustainability\/2023-06-07\/menuandmore-veroeffentlicht-fuenften-nachhaltigkeitsbericht\/"},"wordCount":701,"publisher":{"@id":"https:\/\/www.organisator.ch\/#organization"},"image":{"@id":"https:\/\/www.organisator.ch\/sustainability\/2023-06-07\/menuandmore-veroeffentlicht-fuenften-nachhaltigkeitsbericht\/#primaryimage"},"thumbnailUrl":"https:\/\/www.organisator.ch\/wp-content\/uploads\/2023\/06\/menuandmore-veroeffentlicht-fuenften-Nachhaltigkeitsbericht_Organisator.jpg","keywords":["Nachhaltige Wirtschaft","Nachhaltigkeitsbericht","Unternehmen"],"articleSection":["SUSTAINABILITY"],"inLanguage":"de"},{"@type":"WebPage","@id":"https:\/\/www.organisator.ch\/sustainability\/2023-06-07\/menuandmore-veroeffentlicht-fuenften-nachhaltigkeitsbericht\/","url":"https:\/\/www.organisator.ch\/sustainability\/2023-06-07\/menuandmore-veroeffentlicht-fuenften-nachhaltigkeitsbericht\/","name":"menuandmore ver\u00f6ffentlicht f\u00fcnften Nachhaltigkeitsbericht - Organisator","isPartOf":{"@id":"https:\/\/www.organisator.ch\/#website"},"primaryImageOfPage":{"@id":"https:\/\/www.organisator.ch\/sustainability\/2023-06-07\/menuandmore-veroeffentlicht-fuenften-nachhaltigkeitsbericht\/#primaryimage"},"image":{"@id":"https:\/\/www.organisator.ch\/sustainability\/2023-06-07\/menuandmore-veroeffentlicht-fuenften-nachhaltigkeitsbericht\/#primaryimage"},"thumbnailUrl":"https:\/\/www.organisator.ch\/wp-content\/uploads\/2023\/06\/menuandmore-veroeffentlicht-fuenften-Nachhaltigkeitsbericht_Organisator.jpg","datePublished":"2023-06-07T07:14:31+00:00","description":"Glutamatfrei, konsequente Senkung des CO2-Fussabdrucks pro Menu: Das zeigt der neue Nachhaltigkeitsbericht von menuandmore,","breadcrumb":{"@id":"https:\/\/www.organisator.ch\/sustainability\/2023-06-07\/menuandmore-veroeffentlicht-fuenften-nachhaltigkeitsbericht\/#breadcrumb"},"inLanguage":"de","potentialAction":[{"@type":"ReadAction","target":["https:\/\/www.organisator.ch\/sustainability\/2023-06-07\/menuandmore-veroeffentlicht-fuenften-nachhaltigkeitsbericht\/"]}]},{"@type":"ImageObject","inLanguage":"de","@id":"https:\/\/www.organisator.ch\/sustainability\/2023-06-07\/menuandmore-veroeffentlicht-fuenften-nachhaltigkeitsbericht\/#primaryimage","url":"https:\/\/www.organisator.ch\/wp-content\/uploads\/2023\/06\/menuandmore-veroeffentlicht-fuenften-Nachhaltigkeitsbericht_Organisator.jpg","contentUrl":"https:\/\/www.organisator.ch\/wp-content\/uploads\/2023\/06\/menuandmore-veroeffentlicht-fuenften-Nachhaltigkeitsbericht_Organisator.jpg","width":680,"height":962,"caption":"Titelbild des f\u00fcnften Nachhaltigkeitsberichts von menuandmore. (Bild: zVg)"},{"@type":"BreadcrumbList","@id":"https:\/\/www.organisator.ch\/sustainability\/2023-06-07\/menuandmore-veroeffentlicht-fuenften-nachhaltigkeitsbericht\/#breadcrumb","itemListElement":[{"@type":"ListItem","position":1,"name":"Home","item":"https:\/\/www.organisator.ch\/"},{"@type":"ListItem","position":2,"name":"menuandmore ver\u00f6ffentlicht f\u00fcnften Nachhaltigkeitsbericht"}]},{"@type":"WebSite","@id":"https:\/\/www.organisator.ch\/#website","url":"https:\/\/www.organisator.ch\/","name":"Organisator","description":"Kompetent. Praxisnah. Der ORGANISATOR bereitet in 10 Ausgaben pro Jahr die wesentlichen Themen f\u00fcr F\u00fchrungskr\u00e4fte von KMU auf.","publisher":{"@id":"https:\/\/www.organisator.ch\/#organization"},"potentialAction":[{"@type":"SearchAction","target":{"@type":"EntryPoint","urlTemplate":"https:\/\/www.organisator.ch\/?s={search_term_string}"},"query-input":{"@type":"PropertyValueSpecification","valueRequired":true,"valueName":"search_term_string"}}],"inLanguage":"de"},{"@type":"Organization","@id":"https:\/\/www.organisator.ch\/#organization","name":"Organisator","url":"https:\/\/www.organisator.ch\/","logo":{"@type":"ImageObject","inLanguage":"de","@id":"https:\/\/www.organisator.ch\/#\/schema\/logo\/image\/","url":"https:\/\/www.organisator.ch\/wp-content\/uploads\/2022\/01\/Logo_Organisator_Website.png","contentUrl":"https:\/\/www.organisator.ch\/wp-content\/uploads\/2022\/01\/Logo_Organisator_Website.png","width":800,"height":77,"caption":"Organisator"},"image":{"@id":"https:\/\/www.organisator.ch\/#\/schema\/logo\/image\/"},"sameAs":["https:\/\/www.facebook.com\/OrganisatorFachmagazin","https:\/\/www.linkedin.com\/showcase\/organisator-das-magazin-fr-kmu","https:\/\/www.xing.com\/news\/pages\/organisator-ch-695","https:\/\/www.youtube.com\/channel\/UCGP2Sq0iWaZwT3BdIAQFYpw"]},{"@type":"Person","@id":"https:\/\/www.organisator.ch\/#\/schema\/person\/6f650f90b2842cd4c0cc334b4e36f67e","name":"thomas.berner","image":{"@type":"ImageObject","inLanguage":"de","@id":"https:\/\/secure.gravatar.com\/avatar\/ac5001d2a36cb6c6cd3e50789007ffca834b477b74a2144564522e944eabff61?s=96&d=mm&r=g","url":"https:\/\/secure.gravatar.com\/avatar\/ac5001d2a36cb6c6cd3e50789007ffca834b477b74a2144564522e944eabff61?s=96&d=mm&r=g","contentUrl":"https:\/\/secure.gravatar.com\/avatar\/ac5001d2a36cb6c6cd3e50789007ffca834b477b74a2144564522e944eabff61?s=96&d=mm&r=g","caption":"thomas.berner"},"url":"https:\/\/www.organisator.ch\/de\/author\/thomas-berner\/"}]}},"_links":{"self":[{"href":"https:\/\/www.organisator.ch\/de\/wp-json\/wp\/v2\/posts\/20616","targetHints":{"allow":["GET"]}}],"collection":[{"href":"https:\/\/www.organisator.ch\/de\/wp-json\/wp\/v2\/posts"}],"about":[{"href":"https:\/\/www.organisator.ch\/de\/wp-json\/wp\/v2\/types\/post"}],"author":[{"embeddable":true,"href":"https:\/\/www.organisator.ch\/de\/wp-json\/wp\/v2\/users\/4"}],"replies":[{"embeddable":true,"href":"https:\/\/www.organisator.ch\/de\/wp-json\/wp\/v2\/comments?post=20616"}],"version-history":[{"count":3,"href":"https:\/\/www.organisator.ch\/de\/wp-json\/wp\/v2\/posts\/20616\/revisions"}],"predecessor-version":[{"id":20737,"href":"https:\/\/www.organisator.ch\/de\/wp-json\/wp\/v2\/posts\/20616\/revisions\/20737"}],"wp:featuredmedia":[{"embeddable":true,"href":"https:\/\/www.organisator.ch\/de\/wp-json\/wp\/v2\/media\/20617"}],"wp:attachment":[{"href":"https:\/\/www.organisator.ch\/de\/wp-json\/wp\/v2\/media?parent=20616"}],"wp:term":[{"taxonomy":"category","embeddable":true,"href":"https:\/\/www.organisator.ch\/de\/wp-json\/wp\/v2\/categories?post=20616"},{"taxonomy":"post_tag","embeddable":true,"href":"https:\/\/www.organisator.ch\/de\/wp-json\/wp\/v2\/tags?post=20616"}],"curies":[{"name":"wp","href":"https:\/\/api.w.org\/{rel}","templated":true}]}}