{"id":20657,"date":"2023-06-12T08:13:32","date_gmt":"2023-06-12T06:13:32","guid":{"rendered":"https:\/\/www.organisator.ch\/?p=20657"},"modified":"2023-06-12T08:44:30","modified_gmt":"2023-06-12T06:44:30","slug":"25-swiss-economic-forum-2023-abgeschlossen","status":"publish","type":"post","link":"https:\/\/www.organisator.ch\/de\/management\/2023-06-12\/25-swiss-economic-forum-2023-abgeschlossen\/","title":{"rendered":"25. Swiss Economic Forum 2023 abgeschlossen"},"content":{"rendered":"<figure id=\"attachment_20658\" aria-describedby=\"caption-attachment-20658\" style=\"width: 680px\" class=\"wp-caption alignnone\"><img loading=\"lazy\" decoding=\"async\" class=\"wp-image-20658 size-full\" src=\"https:\/\/www.organisator.ch\/wp-content\/uploads\/2023\/06\/25.-Swiss-Economic-Forum-2023-abgeschlossen_Organisator.jpg\" alt=\"\" width=\"680\" height=\"453\" srcset=\"https:\/\/www.organisator.ch\/wp-content\/uploads\/2023\/06\/25.-Swiss-Economic-Forum-2023-abgeschlossen_Organisator.jpg 680w, https:\/\/www.organisator.ch\/wp-content\/uploads\/2023\/06\/25.-Swiss-Economic-Forum-2023-abgeschlossen_Organisator-18x12.jpg 18w, https:\/\/www.organisator.ch\/wp-content\/uploads\/2023\/06\/25.-Swiss-Economic-Forum-2023-abgeschlossen_Organisator-375x250.jpg 375w, https:\/\/www.organisator.ch\/wp-content\/uploads\/2023\/06\/25.-Swiss-Economic-Forum-2023-abgeschlossen_Organisator-525x350.jpg 525w\" sizes=\"auto, (max-width: 680px) 100vw, 680px\" \/><figcaption id=\"caption-attachment-20658\" class=\"wp-caption-text\">Am Swiss Economic Forum 2023 wurde wiederum die SEF.Awards vergeben. Das Unternehmen Boostbar gewann in der Kategorie &#8222;Produktion\/Gewerbe&#8220; den ersten Preis. (Bild: SEF 2023)<\/figcaption><\/figure>\n<p>Am 8. und 9. Juni konnte das 25. Swiss Economic Forum (SEF) in Interlaken mit rund 70 Referierenden aus dem In- und Ausland und 1350 Teilnehmenden erfolgreich durchgef\u00fchrt werden. Corine Blesi, Gesch\u00e4ftsf\u00fchrerin des SEF, \u00e4usserte sich sehr zufrieden mit der Jubil\u00e4umsausgabe des SEF: \u00abUnternehmen haben die F\u00e4higkeiten sich als Unternehmen immer wieder den neuen Umst\u00e4nden anzupassen und die Werte Selbstverantwortung, Unternehmertum, Leitungsprinzip und Bescheidenheit sind Faktoren, dank denen die Schweizer Wirtschaft heute zur Weltspitze geh\u00f6rt. Das SEF setzte sich immer zum Ziel, das Bewusstsein f\u00fcr diese Werte zu st\u00e4rken.\u00bb<\/p>\n<h3>Politik und k\u00fcnstliche Intelligenz am Swiss Economic Forum 2023<\/h3>\n<p>Er\u00f6ffnet wurde das Jubil\u00e4ums-SEF durch Bundespr\u00e4sident Alain Berset. Er pl\u00e4dierte in seinem Er\u00f6ffnungsreferat daf\u00fcr, dass das Vertrauen<br \/>\nzwischen Wirtschaft, Politik und Gesellschaft in der Schweiz unbedingt wieder gefestigt werden m\u00fcsse. Die Zusammenarbeit sei die gr\u00f6sste St\u00e4rke unseres Landes. Sie bringe stabile Institutionen hervor, welche unsere zentralen Werte wie Fairness, Austausch und Freiheit f\u00f6rdern und die Schweiz zu einem hocherfolgreichen Land machen w\u00fcrden.<\/p>\n<p>Neben Politik stand auch das Thema k\u00fcnstliche Intelligenz im Fokus der Konferenz. So sagte Garry Kasparov, der sich 1997 als erster amtierender Schachweltmeister dem IBM Supercomputer Deep Blue geschlagen geben musste, dass die KI uns in sehr vielen Gebieten unterst\u00fctzen kann und wird. Aber letztlich wird immer noch jedes Problem von Menschen gel\u00f6st. Maschinen k\u00f6nnen es einfach schneller und mit weniger Fehlern, wenn man ihnen zeigt, wie es geht. Der Baselbieter Informatiker Urs H\u00f6lzle, seinerzeit der erst achte Mitarbeiter von Google und inzwischen Senior Vice President f\u00fcr die technische Infrastruktur ebendort, warnte vor zu viel Euphorie.\u00a0Der momentane Stand der k\u00fcnstlichen Intelligenz, gerade in Bezug auf vermeintlich revolution\u00e4re Sprach-Softwares wie ChatGPT, werde \u00fcberbewertet, sagte er am SEF. Er verglich sie mit einem Taschenrechner, der zwar schwierige Aufgaben in Sekundenschnelle l\u00f6sen kann, die Mathematik aber nicht revolutioniert hatte.<\/p>\n<h3>\u00dcber Konjunktur und den Finanzplatz Schweiz<\/h3>\n<p>Der Schweizer Wirtschaft geht es immer noch vergleichsweise gut, so fassten Nationalbankpr\u00e4sident Thomas Jordan und Pierre-Olivier Gourinchas vom Internationalen W\u00e4hrungsfonds IWF <a href=\"https:\/\/www.organisator.ch\/de\/management\/2023-06-09\/sef-23-die-kmu-elite-in-interlaken\/\">am ersten Veranstaltungstag<\/a> die Situation zusammen. Die Inflation in der Schweiz solle auf jeden Fall unter zwei Prozent gehalten und Preisstabilit\u00e4t sichergestellt werden. Es gelte den Schweizer Markt vor der internationalen Inflation zu sch\u00fctzen.<\/p>\n<p>Ebenfalls einen Auftritt hatte Sergio P. Ermotti, CEO der Grossbank UBS. Er sprach \u00fcber die Zukunft der Bank und jene des Finanzplatzes Schweiz. 61 % der SEF-Teilnehmenden finden die \u00dcbernahme der Credit Suisse durch die UBS sei die richtige L\u00f6sung unter den aktuellen Umst\u00e4nden. Dies freute Sergio P. Ermotti sichtlich, und er erg\u00e4nzte, dass die \u00dcbernahme ein sehr wichtiger Moment f\u00fcr die UBS, aber auch f\u00fcr den Finanzplatz Schweiz und f\u00fcr die Schweiz selbst sei. Das Management sp\u00fcre diese Verantwortung und die n\u00e4chsten Monate w\u00fcrden holprig werden, sie seien aber sehr fokussiert. Man d\u00fcrfe sich bei der Neuorganisation nicht von Nostalgie und Gef\u00fchlen leiten lassen, sondern es gelte sich auf die Fakten zu st\u00fctzen.<\/p>\n<h3>Herausforderung Familienunternehmen<\/h3>\n<p>Auch Familienunternehmen haben in der Schweiz mit dem Fachkr\u00e4ftemangel zu k\u00e4mpfen. Dies unterstrichen Rudi Bindella sen. und Rudi Bindella jun. bei ihrem gemeinsamen Auftritt. Berufsstolz sei zentral und sie sind sicher, den sch\u00f6nsten Beruf der Welt auszu\u00fcben. Den grunds\u00e4tzlichen Trend zur Teilzeitarbeit sieht Rudi sr. kritisch. Auf die Frage wie im Familienunternehmen die Nachfolge gut geregelt w\u00fcrde, sind sich die beiden einig: Fachkompetenz sei wichtig bei der Auswahl einer Nachfolge, aber noch viel wichtiger sei das Menschliche und die Leidenschaft.<\/p>\n<p>Noch wenig um Nachfolge k\u00fcmmern m\u00fcssen sich Startups. Bei ihnen geht es eher um die Frage, wie man zu einem Unicorn werden kann. Young Sohn, Managing Partner bei Walden Catalyst und ehemaliger Pr\u00e4sident und CSO von Samsung Electronics erachtet eine enge Anbindung der Startup-Szene an die besten Hochschulen als entscheidend, damit gute Unternehmen entstehen. Weiter sagte der Investor aus dem Silicon Valley, m\u00fcsse man aufpassen, in welchen L\u00e4ndern man noch investiere, in China zum Beispiel sollte man sich stark zur\u00fcckhalten. Chips seien n\u00e4mlich zu einer Art neuen W\u00e4hrung f\u00fcr intellektuelle Macht geworden \u2013 und dieser Markt werde im Moment von S\u00fcdostasien absolut dominiert<\/p>\n<h3>Swiss Economic Award 2023<\/h3>\n<p>Den Swiss Economic Award, der im Rahmen der Konferenz verliehen wurde, haben gewonnen:<\/p>\n<ul>\n<li>In der Kategorie \u00abDienstleistung\u00bb: Neho, das derzeit dabei ist, das Immobilienmaklergesch\u00e4ft aufzur\u00fctteln, indem es einen revolution\u00e4ren Service f\u00fcr den Kauf und Verkauf von Immobilien anbietet.<\/li>\n<li>Kategorie \u00abProduktion\/Gewerbe\u00bb: Boostbar AG, Betreiberin von komplett digitalisierten Snack-Automaten. Die L\u00f6sung von Boostbar verwandelt jeden Automaten in einen kleinen E-Commerce-Shop, dank einer einzigen Benutzeroberfl\u00e4che zur Digitalisierung jeder Verkaufsstelle.<\/li>\n<li>Kategorie \u00abDeeptech\/Life Science\u00bb: Daphne Technology SA, die sich auf die L\u00f6sung des Treibhausgasproblems in Branchen, die nur schwer zu dekarbonisieren sind, konzentriert.<\/li>\n<\/ul>\n<p>Die Gewinner erhalten jeweils ein Preisgeld von 25\u2019000 Franken, ein fundiertes Expertenfeedback sowie einen vereinfachten Zugang zur Wachstumsinitiative <a href=\"https:\/\/sef-growth.ch\/\">SEF.Growth<\/a>. Gewiss wird man einige der Award-Gewinner auch in Zukunft wieder an einem Swiss Economic Forum antreffen. Die n\u00e4chste Gelegenheit ist 2024, n\u00e4mlich vom 6. bis 7. Juni 2024 wiederum in Interlaken.<\/p>\n<p><em>Quelle und weitere Informationen: <a href=\"https:\/\/www.swisseconomic.ch\/\">www.swisseconomic.ch<\/a><\/em><\/p>\n","protected":false},"excerpt":{"rendered":"<p>Das 25. Swiss Economic Forum endete am 9. Juni 2023 mit der Verleihung des SEF.Award. Die drei Gewinner sind Neho, Boostbar AG und Daphne Technology SA. W\u00e4hrend der zwei Konferenztagen diskutierten 1350 F\u00fchrungskr\u00e4fte in Interlaken unter dem Motto \u00abMake it happen.\u00bb \u00fcber den Umgang mit politischen und wirtschaftlichen Herausforderungen.<\/p>\n","protected":false},"author":4,"featured_media":20658,"comment_status":"closed","ping_status":"closed","sticky":false,"template":"","format":"standard","meta":{"_acf_changed":false,"_yoast_wpseo_focuskw":"Swiss Economic Forum 2023","_yoast_wpseo_metadesc":"Das Swiss Economic Forum 2023 endete am 9. Juni 2023 in Interlaken mit der Verleihung des SEF.Award. Drei Startups wurden pr\u00e4miert.","articlekey":"","footnotes":""},"categories":[28],"tags":[66,193,335,451,2255],"class_list":["post-20657","post","type-post","status-publish","format-standard","has-post-thumbnail","hentry","category-management","tag-awards","tag-fachkongressfachmesse","tag-management-und-unternehmensfuehrung","tag-startups","tag-swiss-economic-forum"],"acf":[],"yoast_head":"<!-- This site is optimized with the Yoast SEO plugin v27.5 - https:\/\/yoast.com\/product\/yoast-seo-wordpress\/ -->\n<title>25. Swiss Economic Forum 2023 abgeschlossen - Organisator<\/title>\n<meta name=\"description\" content=\"Das Swiss Economic Forum 2023 endete am 9. Juni 2023 in Interlaken mit der Verleihung des SEF.Award. Drei Startups wurden pr\u00e4miert.\" \/>\n<meta name=\"robots\" content=\"index, follow, max-snippet:-1, max-image-preview:large, max-video-preview:-1\" \/>\n<link rel=\"canonical\" href=\"https:\/\/www.organisator.ch\/de\/management\/2023-06-12\/25-swiss-economic-forum-2023-abgeschlossen\/\" \/>\n<meta property=\"og:locale\" content=\"de_DE\" \/>\n<meta property=\"og:type\" content=\"article\" \/>\n<meta property=\"og:title\" content=\"25. Swiss Economic Forum 2023 abgeschlossen\" \/>\n<meta property=\"og:description\" content=\"Das Swiss Economic Forum 2023 endete am 9. Juni 2023 in Interlaken mit der Verleihung des SEF.Award. Drei Startups wurden pr\u00e4miert.\" \/>\n<meta property=\"og:url\" content=\"https:\/\/www.organisator.ch\/de\/management\/2023-06-12\/25-swiss-economic-forum-2023-abgeschlossen\/\" \/>\n<meta property=\"og:site_name\" content=\"Organisator\" \/>\n<meta property=\"article:publisher\" content=\"https:\/\/www.facebook.com\/OrganisatorFachmagazin\" \/>\n<meta property=\"article:published_time\" content=\"2023-06-12T06:13:32+00:00\" \/>\n<meta property=\"article:modified_time\" content=\"2023-06-12T06:44:30+00:00\" \/>\n<meta property=\"og:image\" content=\"https:\/\/www.organisator.ch\/wp-content\/uploads\/2023\/06\/25.-Swiss-Economic-Forum-2023-abgeschlossen_Organisator.jpg\" \/>\n\t<meta property=\"og:image:width\" content=\"680\" \/>\n\t<meta property=\"og:image:height\" content=\"453\" \/>\n\t<meta property=\"og:image:type\" content=\"image\/jpeg\" \/>\n<meta name=\"author\" content=\"thomas.berner\" \/>\n<meta name=\"twitter:card\" content=\"summary_large_image\" \/>\n<meta name=\"twitter:title\" content=\"25. Swiss Economic Forum 2023 #SEF.23 abgeschlossen\" \/>\n<meta name=\"twitter:description\" content=\"Das Swiss Economic Forum 2023 #SEF.23 endete am 9. Juni 2023 in Interlaken mit der Verleihung des #SEF.Award. Drei Startups wurden pr\u00e4miert.\" \/>\n<meta name=\"twitter:image\" content=\"https:\/\/www.organisator.ch\/wp-content\/uploads\/2023\/06\/25.-Swiss-Economic-Forum-2023-abgeschlossen_Organisator.jpg\" \/>\n<script type=\"application\/ld+json\" class=\"yoast-schema-graph\">{\"@context\":\"https:\\\/\\\/schema.org\",\"@graph\":[{\"@type\":\"Article\",\"@id\":\"https:\\\/\\\/www.organisator.ch\\\/management\\\/2023-06-12\\\/25-swiss-economic-forum-2023-abgeschlossen\\\/#article\",\"isPartOf\":{\"@id\":\"https:\\\/\\\/www.organisator.ch\\\/management\\\/2023-06-12\\\/25-swiss-economic-forum-2023-abgeschlossen\\\/\"},\"author\":{\"name\":\"thomas.berner\",\"@id\":\"https:\\\/\\\/www.organisator.ch\\\/#\\\/schema\\\/person\\\/6f650f90b2842cd4c0cc334b4e36f67e\"},\"headline\":\"25. Swiss Economic Forum 2023 abgeschlossen\",\"datePublished\":\"2023-06-12T06:13:32+00:00\",\"dateModified\":\"2023-06-12T06:44:30+00:00\",\"mainEntityOfPage\":{\"@id\":\"https:\\\/\\\/www.organisator.ch\\\/management\\\/2023-06-12\\\/25-swiss-economic-forum-2023-abgeschlossen\\\/\"},\"wordCount\":899,\"publisher\":{\"@id\":\"https:\\\/\\\/www.organisator.ch\\\/#organization\"},\"image\":{\"@id\":\"https:\\\/\\\/www.organisator.ch\\\/management\\\/2023-06-12\\\/25-swiss-economic-forum-2023-abgeschlossen\\\/#primaryimage\"},\"thumbnailUrl\":\"https:\\\/\\\/www.organisator.ch\\\/wp-content\\\/uploads\\\/2023\\\/06\\\/25.-Swiss-Economic-Forum-2023-abgeschlossen_Organisator.jpg\",\"keywords\":[\"Awards\",\"Fachkongress\\\/Fachmesse\",\"Management und Unternehmensf\u00fchrung\",\"Startups\",\"Swiss Economic Forum\"],\"articleSection\":[\"MANAGEMENT\"],\"inLanguage\":\"de\"},{\"@type\":\"WebPage\",\"@id\":\"https:\\\/\\\/www.organisator.ch\\\/management\\\/2023-06-12\\\/25-swiss-economic-forum-2023-abgeschlossen\\\/\",\"url\":\"https:\\\/\\\/www.organisator.ch\\\/management\\\/2023-06-12\\\/25-swiss-economic-forum-2023-abgeschlossen\\\/\",\"name\":\"25. Swiss Economic Forum 2023 abgeschlossen - Organisator\",\"isPartOf\":{\"@id\":\"https:\\\/\\\/www.organisator.ch\\\/#website\"},\"primaryImageOfPage\":{\"@id\":\"https:\\\/\\\/www.organisator.ch\\\/management\\\/2023-06-12\\\/25-swiss-economic-forum-2023-abgeschlossen\\\/#primaryimage\"},\"image\":{\"@id\":\"https:\\\/\\\/www.organisator.ch\\\/management\\\/2023-06-12\\\/25-swiss-economic-forum-2023-abgeschlossen\\\/#primaryimage\"},\"thumbnailUrl\":\"https:\\\/\\\/www.organisator.ch\\\/wp-content\\\/uploads\\\/2023\\\/06\\\/25.-Swiss-Economic-Forum-2023-abgeschlossen_Organisator.jpg\",\"datePublished\":\"2023-06-12T06:13:32+00:00\",\"dateModified\":\"2023-06-12T06:44:30+00:00\",\"description\":\"Das Swiss Economic Forum 2023 endete am 9. Juni 2023 in Interlaken mit der Verleihung des SEF.Award. Drei Startups wurden pr\u00e4miert.\",\"breadcrumb\":{\"@id\":\"https:\\\/\\\/www.organisator.ch\\\/management\\\/2023-06-12\\\/25-swiss-economic-forum-2023-abgeschlossen\\\/#breadcrumb\"},\"inLanguage\":\"de\",\"potentialAction\":[{\"@type\":\"ReadAction\",\"target\":[\"https:\\\/\\\/www.organisator.ch\\\/management\\\/2023-06-12\\\/25-swiss-economic-forum-2023-abgeschlossen\\\/\"]}]},{\"@type\":\"ImageObject\",\"inLanguage\":\"de\",\"@id\":\"https:\\\/\\\/www.organisator.ch\\\/management\\\/2023-06-12\\\/25-swiss-economic-forum-2023-abgeschlossen\\\/#primaryimage\",\"url\":\"https:\\\/\\\/www.organisator.ch\\\/wp-content\\\/uploads\\\/2023\\\/06\\\/25.-Swiss-Economic-Forum-2023-abgeschlossen_Organisator.jpg\",\"contentUrl\":\"https:\\\/\\\/www.organisator.ch\\\/wp-content\\\/uploads\\\/2023\\\/06\\\/25.-Swiss-Economic-Forum-2023-abgeschlossen_Organisator.jpg\",\"width\":680,\"height\":453,\"caption\":\"Am Swiss Economic Forum 2023 wurde wiederum die SEF.Awards vergeben. Das Unternehmen Boostbar gewann in der Kategorie \\\"Dienstleistung\\\/Gewerbe\\\" den ersten Preis. (Bild: SEF 2023)\"},{\"@type\":\"BreadcrumbList\",\"@id\":\"https:\\\/\\\/www.organisator.ch\\\/management\\\/2023-06-12\\\/25-swiss-economic-forum-2023-abgeschlossen\\\/#breadcrumb\",\"itemListElement\":[{\"@type\":\"ListItem\",\"position\":1,\"name\":\"Home\",\"item\":\"https:\\\/\\\/www.organisator.ch\\\/\"},{\"@type\":\"ListItem\",\"position\":2,\"name\":\"25. Swiss Economic Forum 2023 abgeschlossen\"}]},{\"@type\":\"WebSite\",\"@id\":\"https:\\\/\\\/www.organisator.ch\\\/#website\",\"url\":\"https:\\\/\\\/www.organisator.ch\\\/\",\"name\":\"Organisator\",\"description\":\"Kompetent. Praxisnah. Der ORGANISATOR bereitet in 10 Ausgaben pro Jahr die wesentlichen Themen f\u00fcr F\u00fchrungskr\u00e4fte von KMU auf.\",\"publisher\":{\"@id\":\"https:\\\/\\\/www.organisator.ch\\\/#organization\"},\"potentialAction\":[{\"@type\":\"SearchAction\",\"target\":{\"@type\":\"EntryPoint\",\"urlTemplate\":\"https:\\\/\\\/www.organisator.ch\\\/?s={search_term_string}\"},\"query-input\":{\"@type\":\"PropertyValueSpecification\",\"valueRequired\":true,\"valueName\":\"search_term_string\"}}],\"inLanguage\":\"de\"},{\"@type\":\"Organization\",\"@id\":\"https:\\\/\\\/www.organisator.ch\\\/#organization\",\"name\":\"Organisator\",\"url\":\"https:\\\/\\\/www.organisator.ch\\\/\",\"logo\":{\"@type\":\"ImageObject\",\"inLanguage\":\"de\",\"@id\":\"https:\\\/\\\/www.organisator.ch\\\/#\\\/schema\\\/logo\\\/image\\\/\",\"url\":\"https:\\\/\\\/www.organisator.ch\\\/wp-content\\\/uploads\\\/2022\\\/01\\\/Logo_Organisator_Website.png\",\"contentUrl\":\"https:\\\/\\\/www.organisator.ch\\\/wp-content\\\/uploads\\\/2022\\\/01\\\/Logo_Organisator_Website.png\",\"width\":800,\"height\":77,\"caption\":\"Organisator\"},\"image\":{\"@id\":\"https:\\\/\\\/www.organisator.ch\\\/#\\\/schema\\\/logo\\\/image\\\/\"},\"sameAs\":[\"https:\\\/\\\/www.facebook.com\\\/OrganisatorFachmagazin\",\"https:\\\/\\\/www.linkedin.com\\\/showcase\\\/organisator-das-magazin-fr-kmu\",\"https:\\\/\\\/www.xing.com\\\/news\\\/pages\\\/organisator-ch-695\",\"https:\\\/\\\/www.youtube.com\\\/channel\\\/UCGP2Sq0iWaZwT3BdIAQFYpw\"]},{\"@type\":\"Person\",\"@id\":\"https:\\\/\\\/www.organisator.ch\\\/#\\\/schema\\\/person\\\/6f650f90b2842cd4c0cc334b4e36f67e\",\"name\":\"thomas.berner\",\"image\":{\"@type\":\"ImageObject\",\"inLanguage\":\"de\",\"@id\":\"https:\\\/\\\/secure.gravatar.com\\\/avatar\\\/ac5001d2a36cb6c6cd3e50789007ffca834b477b74a2144564522e944eabff61?s=96&d=mm&r=g\",\"url\":\"https:\\\/\\\/secure.gravatar.com\\\/avatar\\\/ac5001d2a36cb6c6cd3e50789007ffca834b477b74a2144564522e944eabff61?s=96&d=mm&r=g\",\"contentUrl\":\"https:\\\/\\\/secure.gravatar.com\\\/avatar\\\/ac5001d2a36cb6c6cd3e50789007ffca834b477b74a2144564522e944eabff61?s=96&d=mm&r=g\",\"caption\":\"thomas.berner\"},\"url\":\"https:\\\/\\\/www.organisator.ch\\\/de\\\/author\\\/thomas-berner\\\/\"}]}<\/script>\n<!-- \/ Yoast SEO plugin. -->","yoast_head_json":{"title":"25. Swiss Economic Forum 2023 abgeschlossen - Organisator","description":"Das Swiss Economic Forum 2023 endete am 9. Juni 2023 in Interlaken mit der Verleihung des SEF.Award. Drei Startups wurden pr\u00e4miert.","robots":{"index":"index","follow":"follow","max-snippet":"max-snippet:-1","max-image-preview":"max-image-preview:large","max-video-preview":"max-video-preview:-1"},"canonical":"https:\/\/www.organisator.ch\/de\/management\/2023-06-12\/25-swiss-economic-forum-2023-abgeschlossen\/","og_locale":"de_DE","og_type":"article","og_title":"25. Swiss Economic Forum 2023 abgeschlossen","og_description":"Das Swiss Economic Forum 2023 endete am 9. Juni 2023 in Interlaken mit der Verleihung des SEF.Award. Drei Startups wurden pr\u00e4miert.","og_url":"https:\/\/www.organisator.ch\/de\/management\/2023-06-12\/25-swiss-economic-forum-2023-abgeschlossen\/","og_site_name":"Organisator","article_publisher":"https:\/\/www.facebook.com\/OrganisatorFachmagazin","article_published_time":"2023-06-12T06:13:32+00:00","article_modified_time":"2023-06-12T06:44:30+00:00","og_image":[{"width":680,"height":453,"url":"https:\/\/www.organisator.ch\/wp-content\/uploads\/2023\/06\/25.-Swiss-Economic-Forum-2023-abgeschlossen_Organisator.jpg","type":"image\/jpeg"}],"author":"thomas.berner","twitter_card":"summary_large_image","twitter_title":"25. Swiss Economic Forum 2023 #SEF.23 abgeschlossen","twitter_description":"Das Swiss Economic Forum 2023 #SEF.23 endete am 9. Juni 2023 in Interlaken mit der Verleihung des #SEF.Award. Drei Startups wurden pr\u00e4miert.","twitter_image":"https:\/\/www.organisator.ch\/wp-content\/uploads\/2023\/06\/25.-Swiss-Economic-Forum-2023-abgeschlossen_Organisator.jpg","schema":{"@context":"https:\/\/schema.org","@graph":[{"@type":"Article","@id":"https:\/\/www.organisator.ch\/management\/2023-06-12\/25-swiss-economic-forum-2023-abgeschlossen\/#article","isPartOf":{"@id":"https:\/\/www.organisator.ch\/management\/2023-06-12\/25-swiss-economic-forum-2023-abgeschlossen\/"},"author":{"name":"thomas.berner","@id":"https:\/\/www.organisator.ch\/#\/schema\/person\/6f650f90b2842cd4c0cc334b4e36f67e"},"headline":"25. Swiss Economic Forum 2023 abgeschlossen","datePublished":"2023-06-12T06:13:32+00:00","dateModified":"2023-06-12T06:44:30+00:00","mainEntityOfPage":{"@id":"https:\/\/www.organisator.ch\/management\/2023-06-12\/25-swiss-economic-forum-2023-abgeschlossen\/"},"wordCount":899,"publisher":{"@id":"https:\/\/www.organisator.ch\/#organization"},"image":{"@id":"https:\/\/www.organisator.ch\/management\/2023-06-12\/25-swiss-economic-forum-2023-abgeschlossen\/#primaryimage"},"thumbnailUrl":"https:\/\/www.organisator.ch\/wp-content\/uploads\/2023\/06\/25.-Swiss-Economic-Forum-2023-abgeschlossen_Organisator.jpg","keywords":["Awards","Fachkongress\/Fachmesse","Management und Unternehmensf\u00fchrung","Startups","Swiss Economic Forum"],"articleSection":["MANAGEMENT"],"inLanguage":"de"},{"@type":"WebPage","@id":"https:\/\/www.organisator.ch\/management\/2023-06-12\/25-swiss-economic-forum-2023-abgeschlossen\/","url":"https:\/\/www.organisator.ch\/management\/2023-06-12\/25-swiss-economic-forum-2023-abgeschlossen\/","name":"25. Swiss Economic Forum 2023 abgeschlossen - Organisator","isPartOf":{"@id":"https:\/\/www.organisator.ch\/#website"},"primaryImageOfPage":{"@id":"https:\/\/www.organisator.ch\/management\/2023-06-12\/25-swiss-economic-forum-2023-abgeschlossen\/#primaryimage"},"image":{"@id":"https:\/\/www.organisator.ch\/management\/2023-06-12\/25-swiss-economic-forum-2023-abgeschlossen\/#primaryimage"},"thumbnailUrl":"https:\/\/www.organisator.ch\/wp-content\/uploads\/2023\/06\/25.-Swiss-Economic-Forum-2023-abgeschlossen_Organisator.jpg","datePublished":"2023-06-12T06:13:32+00:00","dateModified":"2023-06-12T06:44:30+00:00","description":"Das Swiss Economic Forum 2023 endete am 9. Juni 2023 in Interlaken mit der Verleihung des SEF.Award. Drei Startups wurden pr\u00e4miert.","breadcrumb":{"@id":"https:\/\/www.organisator.ch\/management\/2023-06-12\/25-swiss-economic-forum-2023-abgeschlossen\/#breadcrumb"},"inLanguage":"de","potentialAction":[{"@type":"ReadAction","target":["https:\/\/www.organisator.ch\/management\/2023-06-12\/25-swiss-economic-forum-2023-abgeschlossen\/"]}]},{"@type":"ImageObject","inLanguage":"de","@id":"https:\/\/www.organisator.ch\/management\/2023-06-12\/25-swiss-economic-forum-2023-abgeschlossen\/#primaryimage","url":"https:\/\/www.organisator.ch\/wp-content\/uploads\/2023\/06\/25.-Swiss-Economic-Forum-2023-abgeschlossen_Organisator.jpg","contentUrl":"https:\/\/www.organisator.ch\/wp-content\/uploads\/2023\/06\/25.-Swiss-Economic-Forum-2023-abgeschlossen_Organisator.jpg","width":680,"height":453,"caption":"Am Swiss Economic Forum 2023 wurde wiederum die SEF.Awards vergeben. Das Unternehmen Boostbar gewann in der Kategorie \"Dienstleistung\/Gewerbe\" den ersten Preis. (Bild: SEF 2023)"},{"@type":"BreadcrumbList","@id":"https:\/\/www.organisator.ch\/management\/2023-06-12\/25-swiss-economic-forum-2023-abgeschlossen\/#breadcrumb","itemListElement":[{"@type":"ListItem","position":1,"name":"Home","item":"https:\/\/www.organisator.ch\/"},{"@type":"ListItem","position":2,"name":"25. Swiss Economic Forum 2023 abgeschlossen"}]},{"@type":"WebSite","@id":"https:\/\/www.organisator.ch\/#website","url":"https:\/\/www.organisator.ch\/","name":"Organisator","description":"Kompetent. Praxisnah. Der ORGANISATOR bereitet in 10 Ausgaben pro Jahr die wesentlichen Themen f\u00fcr F\u00fchrungskr\u00e4fte von KMU auf.","publisher":{"@id":"https:\/\/www.organisator.ch\/#organization"},"potentialAction":[{"@type":"SearchAction","target":{"@type":"EntryPoint","urlTemplate":"https:\/\/www.organisator.ch\/?s={search_term_string}"},"query-input":{"@type":"PropertyValueSpecification","valueRequired":true,"valueName":"search_term_string"}}],"inLanguage":"de"},{"@type":"Organization","@id":"https:\/\/www.organisator.ch\/#organization","name":"Organisator","url":"https:\/\/www.organisator.ch\/","logo":{"@type":"ImageObject","inLanguage":"de","@id":"https:\/\/www.organisator.ch\/#\/schema\/logo\/image\/","url":"https:\/\/www.organisator.ch\/wp-content\/uploads\/2022\/01\/Logo_Organisator_Website.png","contentUrl":"https:\/\/www.organisator.ch\/wp-content\/uploads\/2022\/01\/Logo_Organisator_Website.png","width":800,"height":77,"caption":"Organisator"},"image":{"@id":"https:\/\/www.organisator.ch\/#\/schema\/logo\/image\/"},"sameAs":["https:\/\/www.facebook.com\/OrganisatorFachmagazin","https:\/\/www.linkedin.com\/showcase\/organisator-das-magazin-fr-kmu","https:\/\/www.xing.com\/news\/pages\/organisator-ch-695","https:\/\/www.youtube.com\/channel\/UCGP2Sq0iWaZwT3BdIAQFYpw"]},{"@type":"Person","@id":"https:\/\/www.organisator.ch\/#\/schema\/person\/6f650f90b2842cd4c0cc334b4e36f67e","name":"thomas.berner","image":{"@type":"ImageObject","inLanguage":"de","@id":"https:\/\/secure.gravatar.com\/avatar\/ac5001d2a36cb6c6cd3e50789007ffca834b477b74a2144564522e944eabff61?s=96&d=mm&r=g","url":"https:\/\/secure.gravatar.com\/avatar\/ac5001d2a36cb6c6cd3e50789007ffca834b477b74a2144564522e944eabff61?s=96&d=mm&r=g","contentUrl":"https:\/\/secure.gravatar.com\/avatar\/ac5001d2a36cb6c6cd3e50789007ffca834b477b74a2144564522e944eabff61?s=96&d=mm&r=g","caption":"thomas.berner"},"url":"https:\/\/www.organisator.ch\/de\/author\/thomas-berner\/"}]}},"_links":{"self":[{"href":"https:\/\/www.organisator.ch\/de\/wp-json\/wp\/v2\/posts\/20657","targetHints":{"allow":["GET"]}}],"collection":[{"href":"https:\/\/www.organisator.ch\/de\/wp-json\/wp\/v2\/posts"}],"about":[{"href":"https:\/\/www.organisator.ch\/de\/wp-json\/wp\/v2\/types\/post"}],"author":[{"embeddable":true,"href":"https:\/\/www.organisator.ch\/de\/wp-json\/wp\/v2\/users\/4"}],"replies":[{"embeddable":true,"href":"https:\/\/www.organisator.ch\/de\/wp-json\/wp\/v2\/comments?post=20657"}],"version-history":[{"count":3,"href":"https:\/\/www.organisator.ch\/de\/wp-json\/wp\/v2\/posts\/20657\/revisions"}],"predecessor-version":[{"id":20661,"href":"https:\/\/www.organisator.ch\/de\/wp-json\/wp\/v2\/posts\/20657\/revisions\/20661"}],"wp:featuredmedia":[{"embeddable":true,"href":"https:\/\/www.organisator.ch\/de\/wp-json\/wp\/v2\/media\/20658"}],"wp:attachment":[{"href":"https:\/\/www.organisator.ch\/de\/wp-json\/wp\/v2\/media?parent=20657"}],"wp:term":[{"taxonomy":"category","embeddable":true,"href":"https:\/\/www.organisator.ch\/de\/wp-json\/wp\/v2\/categories?post=20657"},{"taxonomy":"post_tag","embeddable":true,"href":"https:\/\/www.organisator.ch\/de\/wp-json\/wp\/v2\/tags?post=20657"}],"curies":[{"name":"wp","href":"https:\/\/api.w.org\/{rel}","templated":true}]}}