{"id":20677,"date":"2023-06-13T07:26:59","date_gmt":"2023-06-13T05:26:59","guid":{"rendered":"https:\/\/www.organisator.ch\/?p=20677"},"modified":"2023-06-13T07:26:59","modified_gmt":"2023-06-13T05:26:59","slug":"purpose-driven-leadership-hwz-bietet-neuen-cas-an","status":"publish","type":"post","link":"https:\/\/www.organisator.ch\/de\/weiterbildung\/2023-06-13\/purpose-driven-leadership-hwz-bietet-neuen-cas-an\/","title":{"rendered":"Purpose Driven Leadership: HWZ bietet neuen CAS an"},"content":{"rendered":"<figure id=\"attachment_20678\" aria-describedby=\"caption-attachment-20678\" style=\"width: 680px\" class=\"wp-caption alignnone\"><img loading=\"lazy\" decoding=\"async\" class=\"size-full wp-image-20678\" src=\"https:\/\/www.organisator.ch\/wp-content\/uploads\/2023\/06\/Purpose-Driven-Leadership-HWZ-bietet-neuen-CAS-an_Organisator.jpg\" alt=\"\" width=\"680\" height=\"338\" srcset=\"https:\/\/www.organisator.ch\/wp-content\/uploads\/2023\/06\/Purpose-Driven-Leadership-HWZ-bietet-neuen-CAS-an_Organisator.jpg 680w, https:\/\/www.organisator.ch\/wp-content\/uploads\/2023\/06\/Purpose-Driven-Leadership-HWZ-bietet-neuen-CAS-an_Organisator-18x9.jpg 18w, https:\/\/www.organisator.ch\/wp-content\/uploads\/2023\/06\/Purpose-Driven-Leadership-HWZ-bietet-neuen-CAS-an_Organisator-375x186.jpg 375w\" sizes=\"auto, (max-width: 680px) 100vw, 680px\" \/><figcaption id=\"caption-attachment-20678\" class=\"wp-caption-text\">Nadine Zasadzin und Peter Statz leiten gemeinsam den neuen CAS zu Purpose Driven Leadership. (Bilder: HWZ)<\/figcaption><\/figure>\n<p>Purpose Driven Leadership ist eine F\u00fchrungsmethode, die auf einer klaren Vision basiert und einen h\u00f6heren Zweck im Fokus hat. Gesch\u00e4ftsentscheidungen werden dabei an Grundprinzipien und menschlichen Werten ausgerichtet. Es geht darum, Mitarbeitende zu motivieren und zu inspirieren, sodass sie ihr volles Potenzial entfalten k\u00f6nnen. Durch die Vermittlung disruptiver Denkans\u00e4tze, wie sie namentlich aus dem Daoismus stammen, erhalten die Teilnehmenden neuartige Perspektiven und Werkzeuge, um ihre aktuelle F\u00fchrungsarbeit und Arbeitskultur zu bereichern und f\u00fcr die Zukunft fit zu machen. Eine intensive Selbstreflektion und die eigene Horizonterweiterung \u00fcber gef\u00fchrte Meditationen, Schamanismus und Coaching schaffen die Grundlagen f\u00fcr Purpose Driven Leadership.<\/p>\n<p>\u00abIch m\u00f6chte die Teilnehmenden dazu inspirieren, ihre intrinsische Motivation in wichtige Entscheidungen miteinzubeziehen und Fragen der Sinnstiftung zuzulassen. Dabei geht es um eine erlebbare Horizonterweiterung, die spirituelle mit wissenschaftlichen Teilen verbindet und dabei neue Denk- und Handlungsperspektiven er\u00f6ffnet\u00bb, sagt Studiengangsleiterin Nadine Zasadzin. \u00abDer neue CAS Purpose Driven Leadership an der HWZ, den ich als Studiengangsleiter betreue, ist eine vertiefte Fortsetzung des CAS Next Generation Leadership HWZ, bei dem eigene Wertvorstellungen und individuelle Motivatoren in das praxisorientierte Handeln auf der F\u00fchrungsebene einfliessen sollen. Mehr Klarsicht, Resilienz und Authentizit\u00e4t, gerade auch in Krisenzeiten, sind hierbei das Ziel\u00bb, sagt Peter Statz.<\/p>\n<p>In einer sich schnell ver\u00e4ndernden Gesch\u00e4ftswelt ist es von entscheidender Bedeutung, dass F\u00fchrungskr\u00e4fte \u00fcber ein starkes F\u00fchrungsverst\u00e4ndnis verf\u00fcgen und sich selbst wie auch ihre Teams auf inspirierende und sinnvolle Weise leiten k\u00f6nnen. Mit diesem CAS werden F\u00fchrungskr\u00e4fte bef\u00e4higt, neue Denkans\u00e4tze zu nutzen und ihr F\u00fchrungspotenzial voll auszusch\u00f6pfen. Der Studiengang bietet eine einzigartige Gelegenheit, neue und ungewohnte Ans\u00e4tze praxisnah kennenzulernen und sie in die eigene F\u00fchrungsarbeit zu integrieren.<\/p>\n<p>Nadine Zasadzin und Peter Statz, Experten im Bereich Leadership und Personalentwicklung an der HWZ, bestreiten diesen CAS in f\u00fcnf Modulen gemeinsam als Studiengangsleitung.<\/p>\n<p><em>Interessierte k\u00f6nnen sich ab sofort f\u00fcr den CAS Purpose Driven Leadership HWZ, der im November 2023 startet, anmelden. <a href=\"https:\/\/fh-hwz.ch\/bildungsangebot\/weiterbildung\/cas-das\/cas-purpose-driven-leadership-hwz\">Mehr Informationen<\/a><\/em><\/p>\n","protected":false},"excerpt":{"rendered":"<p>Die HWZ Hochschule f\u00fcr Wirtschaft Z\u00fcrich lanciert den schweizweit ersten CAS zu Purpose Driven Leadership, der wissenschaftliche Fakten mit spirituellen Aspekten verbindet. Mit diesem Studiengang m\u00f6chte die HWZ aktuellen F\u00fchrungskr\u00e4ften ein neues F\u00fchrungsverst\u00e4ndnis vermitteln, das auf den Grundprinzipien von Transparenz, Authentizit\u00e4t, Inspiration und sinnhafter F\u00fchrung basiert. <\/p>\n","protected":false},"author":4,"featured_media":20678,"comment_status":"closed","ping_status":"closed","sticky":false,"template":"","format":"standard","meta":{"_acf_changed":false,"_yoast_wpseo_focuskw":"Purpose Driven Leadership","_yoast_wpseo_metadesc":"Die HWZ Hochschule f\u00fcr Wirtschaft Z\u00fcrich lanciert den schweizweit ersten CAS zu Purpose Driven Leadership.","articlekey":"","footnotes":""},"categories":[30],"tags":[62,3587,192,335],"class_list":["post-20677","post","type-post","status-publish","format-standard","has-post-thumbnail","hentry","category-weiterbildung","tag-aus-weiterbildung","tag-cas","tag-fachhochschulen","tag-management-und-unternehmensfuehrung"],"acf":[],"yoast_head":"<!-- This site is optimized with the Yoast SEO plugin v27.5 - https:\/\/yoast.com\/product\/yoast-seo-wordpress\/ -->\n<title>Purpose Driven Leadership: HWZ bietet neuen CAS an - Organisator<\/title>\n<meta name=\"description\" content=\"Die HWZ Hochschule f\u00fcr Wirtschaft Z\u00fcrich lanciert den schweizweit ersten CAS zu Purpose Driven Leadership.\" \/>\n<meta name=\"robots\" content=\"index, follow, max-snippet:-1, max-image-preview:large, max-video-preview:-1\" \/>\n<link rel=\"canonical\" href=\"https:\/\/www.organisator.ch\/de\/weiterbildung\/2023-06-13\/purpose-driven-leadership-hwz-bietet-neuen-cas-an\/\" \/>\n<meta property=\"og:locale\" content=\"de_DE\" \/>\n<meta property=\"og:type\" content=\"article\" \/>\n<meta property=\"og:title\" content=\"Purpose Driven Leadership: HWZ bietet neuen CAS an\" \/>\n<meta property=\"og:description\" content=\"Die HWZ Hochschule f\u00fcr Wirtschaft Z\u00fcrich lanciert den schweizweit ersten CAS zu Purpose Driven Leadership.\" \/>\n<meta property=\"og:url\" content=\"https:\/\/www.organisator.ch\/de\/weiterbildung\/2023-06-13\/purpose-driven-leadership-hwz-bietet-neuen-cas-an\/\" \/>\n<meta property=\"og:site_name\" content=\"Organisator\" \/>\n<meta property=\"article:publisher\" content=\"https:\/\/www.facebook.com\/OrganisatorFachmagazin\" \/>\n<meta property=\"article:published_time\" content=\"2023-06-13T05:26:59+00:00\" \/>\n<meta property=\"og:image\" content=\"https:\/\/www.organisator.ch\/wp-content\/uploads\/2023\/06\/Purpose-Driven-Leadership-HWZ-bietet-neuen-CAS-an_Organisator.jpg\" \/>\n\t<meta property=\"og:image:width\" content=\"680\" \/>\n\t<meta property=\"og:image:height\" content=\"338\" \/>\n\t<meta property=\"og:image:type\" content=\"image\/jpeg\" \/>\n<meta name=\"author\" content=\"thomas.berner\" \/>\n<meta name=\"twitter:card\" content=\"summary_large_image\" \/>\n<meta name=\"twitter:title\" content=\"Purpose Driven Leadership: #HWZ bietet neuen #CAS an\" \/>\n<meta name=\"twitter:description\" content=\"Die #HWZ Hochschule f\u00fcr Wirtschaft Z\u00fcrich lanciert den schweizweit ersten #CAS zu Purpose Driven Leadership.\" \/>\n<meta name=\"twitter:image\" content=\"https:\/\/www.organisator.ch\/wp-content\/uploads\/2023\/06\/Purpose-Driven-Leadership-HWZ-bietet-neuen-CAS-an_Organisator.jpg\" \/>\n<script type=\"application\/ld+json\" class=\"yoast-schema-graph\">{\"@context\":\"https:\\\/\\\/schema.org\",\"@graph\":[{\"@type\":\"Article\",\"@id\":\"https:\\\/\\\/www.organisator.ch\\\/weiterbildung\\\/2023-06-13\\\/purpose-driven-leadership-hwz-bietet-neuen-cas-an\\\/#article\",\"isPartOf\":{\"@id\":\"https:\\\/\\\/www.organisator.ch\\\/weiterbildung\\\/2023-06-13\\\/purpose-driven-leadership-hwz-bietet-neuen-cas-an\\\/\"},\"author\":{\"name\":\"thomas.berner\",\"@id\":\"https:\\\/\\\/www.organisator.ch\\\/#\\\/schema\\\/person\\\/6f650f90b2842cd4c0cc334b4e36f67e\"},\"headline\":\"Purpose Driven Leadership: HWZ bietet neuen CAS an\",\"datePublished\":\"2023-06-13T05:26:59+00:00\",\"mainEntityOfPage\":{\"@id\":\"https:\\\/\\\/www.organisator.ch\\\/weiterbildung\\\/2023-06-13\\\/purpose-driven-leadership-hwz-bietet-neuen-cas-an\\\/\"},\"wordCount\":368,\"publisher\":{\"@id\":\"https:\\\/\\\/www.organisator.ch\\\/#organization\"},\"image\":{\"@id\":\"https:\\\/\\\/www.organisator.ch\\\/weiterbildung\\\/2023-06-13\\\/purpose-driven-leadership-hwz-bietet-neuen-cas-an\\\/#primaryimage\"},\"thumbnailUrl\":\"https:\\\/\\\/www.organisator.ch\\\/wp-content\\\/uploads\\\/2023\\\/06\\\/Purpose-Driven-Leadership-HWZ-bietet-neuen-CAS-an_Organisator.jpg\",\"keywords\":[\"Aus-\\\/Weiterbildung\",\"CAS\",\"Fachhochschulen\",\"Management und Unternehmensf\u00fchrung\"],\"articleSection\":[\"WEITERBILDUNG\"],\"inLanguage\":\"de\"},{\"@type\":\"WebPage\",\"@id\":\"https:\\\/\\\/www.organisator.ch\\\/weiterbildung\\\/2023-06-13\\\/purpose-driven-leadership-hwz-bietet-neuen-cas-an\\\/\",\"url\":\"https:\\\/\\\/www.organisator.ch\\\/weiterbildung\\\/2023-06-13\\\/purpose-driven-leadership-hwz-bietet-neuen-cas-an\\\/\",\"name\":\"Purpose Driven Leadership: HWZ bietet neuen CAS an - Organisator\",\"isPartOf\":{\"@id\":\"https:\\\/\\\/www.organisator.ch\\\/#website\"},\"primaryImageOfPage\":{\"@id\":\"https:\\\/\\\/www.organisator.ch\\\/weiterbildung\\\/2023-06-13\\\/purpose-driven-leadership-hwz-bietet-neuen-cas-an\\\/#primaryimage\"},\"image\":{\"@id\":\"https:\\\/\\\/www.organisator.ch\\\/weiterbildung\\\/2023-06-13\\\/purpose-driven-leadership-hwz-bietet-neuen-cas-an\\\/#primaryimage\"},\"thumbnailUrl\":\"https:\\\/\\\/www.organisator.ch\\\/wp-content\\\/uploads\\\/2023\\\/06\\\/Purpose-Driven-Leadership-HWZ-bietet-neuen-CAS-an_Organisator.jpg\",\"datePublished\":\"2023-06-13T05:26:59+00:00\",\"description\":\"Die HWZ Hochschule f\u00fcr Wirtschaft Z\u00fcrich lanciert den schweizweit ersten CAS zu Purpose Driven Leadership.\",\"breadcrumb\":{\"@id\":\"https:\\\/\\\/www.organisator.ch\\\/weiterbildung\\\/2023-06-13\\\/purpose-driven-leadership-hwz-bietet-neuen-cas-an\\\/#breadcrumb\"},\"inLanguage\":\"de\",\"potentialAction\":[{\"@type\":\"ReadAction\",\"target\":[\"https:\\\/\\\/www.organisator.ch\\\/weiterbildung\\\/2023-06-13\\\/purpose-driven-leadership-hwz-bietet-neuen-cas-an\\\/\"]}]},{\"@type\":\"ImageObject\",\"inLanguage\":\"de\",\"@id\":\"https:\\\/\\\/www.organisator.ch\\\/weiterbildung\\\/2023-06-13\\\/purpose-driven-leadership-hwz-bietet-neuen-cas-an\\\/#primaryimage\",\"url\":\"https:\\\/\\\/www.organisator.ch\\\/wp-content\\\/uploads\\\/2023\\\/06\\\/Purpose-Driven-Leadership-HWZ-bietet-neuen-CAS-an_Organisator.jpg\",\"contentUrl\":\"https:\\\/\\\/www.organisator.ch\\\/wp-content\\\/uploads\\\/2023\\\/06\\\/Purpose-Driven-Leadership-HWZ-bietet-neuen-CAS-an_Organisator.jpg\",\"width\":680,\"height\":338,\"caption\":\"Nadine Zasadzin und Peter Statz leiten gemeinsam den neuen CAS zu Purpose Driven Leadership. (Bilder: HWZ)\"},{\"@type\":\"BreadcrumbList\",\"@id\":\"https:\\\/\\\/www.organisator.ch\\\/weiterbildung\\\/2023-06-13\\\/purpose-driven-leadership-hwz-bietet-neuen-cas-an\\\/#breadcrumb\",\"itemListElement\":[{\"@type\":\"ListItem\",\"position\":1,\"name\":\"Home\",\"item\":\"https:\\\/\\\/www.organisator.ch\\\/\"},{\"@type\":\"ListItem\",\"position\":2,\"name\":\"Purpose Driven Leadership: HWZ bietet neuen CAS an\"}]},{\"@type\":\"WebSite\",\"@id\":\"https:\\\/\\\/www.organisator.ch\\\/#website\",\"url\":\"https:\\\/\\\/www.organisator.ch\\\/\",\"name\":\"Organisator\",\"description\":\"Kompetent. Praxisnah. Der ORGANISATOR bereitet in 10 Ausgaben pro Jahr die wesentlichen Themen f\u00fcr F\u00fchrungskr\u00e4fte von KMU auf.\",\"publisher\":{\"@id\":\"https:\\\/\\\/www.organisator.ch\\\/#organization\"},\"potentialAction\":[{\"@type\":\"SearchAction\",\"target\":{\"@type\":\"EntryPoint\",\"urlTemplate\":\"https:\\\/\\\/www.organisator.ch\\\/?s={search_term_string}\"},\"query-input\":{\"@type\":\"PropertyValueSpecification\",\"valueRequired\":true,\"valueName\":\"search_term_string\"}}],\"inLanguage\":\"de\"},{\"@type\":\"Organization\",\"@id\":\"https:\\\/\\\/www.organisator.ch\\\/#organization\",\"name\":\"Organisator\",\"url\":\"https:\\\/\\\/www.organisator.ch\\\/\",\"logo\":{\"@type\":\"ImageObject\",\"inLanguage\":\"de\",\"@id\":\"https:\\\/\\\/www.organisator.ch\\\/#\\\/schema\\\/logo\\\/image\\\/\",\"url\":\"https:\\\/\\\/www.organisator.ch\\\/wp-content\\\/uploads\\\/2022\\\/01\\\/Logo_Organisator_Website.png\",\"contentUrl\":\"https:\\\/\\\/www.organisator.ch\\\/wp-content\\\/uploads\\\/2022\\\/01\\\/Logo_Organisator_Website.png\",\"width\":800,\"height\":77,\"caption\":\"Organisator\"},\"image\":{\"@id\":\"https:\\\/\\\/www.organisator.ch\\\/#\\\/schema\\\/logo\\\/image\\\/\"},\"sameAs\":[\"https:\\\/\\\/www.facebook.com\\\/OrganisatorFachmagazin\",\"https:\\\/\\\/www.linkedin.com\\\/showcase\\\/organisator-das-magazin-fr-kmu\",\"https:\\\/\\\/www.xing.com\\\/news\\\/pages\\\/organisator-ch-695\",\"https:\\\/\\\/www.youtube.com\\\/channel\\\/UCGP2Sq0iWaZwT3BdIAQFYpw\"]},{\"@type\":\"Person\",\"@id\":\"https:\\\/\\\/www.organisator.ch\\\/#\\\/schema\\\/person\\\/6f650f90b2842cd4c0cc334b4e36f67e\",\"name\":\"thomas.berner\",\"image\":{\"@type\":\"ImageObject\",\"inLanguage\":\"de\",\"@id\":\"https:\\\/\\\/secure.gravatar.com\\\/avatar\\\/ac5001d2a36cb6c6cd3e50789007ffca834b477b74a2144564522e944eabff61?s=96&d=mm&r=g\",\"url\":\"https:\\\/\\\/secure.gravatar.com\\\/avatar\\\/ac5001d2a36cb6c6cd3e50789007ffca834b477b74a2144564522e944eabff61?s=96&d=mm&r=g\",\"contentUrl\":\"https:\\\/\\\/secure.gravatar.com\\\/avatar\\\/ac5001d2a36cb6c6cd3e50789007ffca834b477b74a2144564522e944eabff61?s=96&d=mm&r=g\",\"caption\":\"thomas.berner\"},\"url\":\"https:\\\/\\\/www.organisator.ch\\\/de\\\/author\\\/thomas-berner\\\/\"}]}<\/script>\n<!-- \/ Yoast SEO plugin. -->","yoast_head_json":{"title":"Purpose Driven Leadership: HWZ bietet neuen CAS an - Organisator","description":"Die HWZ Hochschule f\u00fcr Wirtschaft Z\u00fcrich lanciert den schweizweit ersten CAS zu Purpose Driven Leadership.","robots":{"index":"index","follow":"follow","max-snippet":"max-snippet:-1","max-image-preview":"max-image-preview:large","max-video-preview":"max-video-preview:-1"},"canonical":"https:\/\/www.organisator.ch\/de\/weiterbildung\/2023-06-13\/purpose-driven-leadership-hwz-bietet-neuen-cas-an\/","og_locale":"de_DE","og_type":"article","og_title":"Purpose Driven Leadership: HWZ bietet neuen CAS an","og_description":"Die HWZ Hochschule f\u00fcr Wirtschaft Z\u00fcrich lanciert den schweizweit ersten CAS zu Purpose Driven Leadership.","og_url":"https:\/\/www.organisator.ch\/de\/weiterbildung\/2023-06-13\/purpose-driven-leadership-hwz-bietet-neuen-cas-an\/","og_site_name":"Organisator","article_publisher":"https:\/\/www.facebook.com\/OrganisatorFachmagazin","article_published_time":"2023-06-13T05:26:59+00:00","og_image":[{"width":680,"height":338,"url":"https:\/\/www.organisator.ch\/wp-content\/uploads\/2023\/06\/Purpose-Driven-Leadership-HWZ-bietet-neuen-CAS-an_Organisator.jpg","type":"image\/jpeg"}],"author":"thomas.berner","twitter_card":"summary_large_image","twitter_title":"Purpose Driven Leadership: #HWZ bietet neuen #CAS an","twitter_description":"Die #HWZ Hochschule f\u00fcr Wirtschaft Z\u00fcrich lanciert den schweizweit ersten #CAS zu Purpose Driven Leadership.","twitter_image":"https:\/\/www.organisator.ch\/wp-content\/uploads\/2023\/06\/Purpose-Driven-Leadership-HWZ-bietet-neuen-CAS-an_Organisator.jpg","schema":{"@context":"https:\/\/schema.org","@graph":[{"@type":"Article","@id":"https:\/\/www.organisator.ch\/weiterbildung\/2023-06-13\/purpose-driven-leadership-hwz-bietet-neuen-cas-an\/#article","isPartOf":{"@id":"https:\/\/www.organisator.ch\/weiterbildung\/2023-06-13\/purpose-driven-leadership-hwz-bietet-neuen-cas-an\/"},"author":{"name":"thomas.berner","@id":"https:\/\/www.organisator.ch\/#\/schema\/person\/6f650f90b2842cd4c0cc334b4e36f67e"},"headline":"Purpose Driven Leadership: HWZ bietet neuen CAS an","datePublished":"2023-06-13T05:26:59+00:00","mainEntityOfPage":{"@id":"https:\/\/www.organisator.ch\/weiterbildung\/2023-06-13\/purpose-driven-leadership-hwz-bietet-neuen-cas-an\/"},"wordCount":368,"publisher":{"@id":"https:\/\/www.organisator.ch\/#organization"},"image":{"@id":"https:\/\/www.organisator.ch\/weiterbildung\/2023-06-13\/purpose-driven-leadership-hwz-bietet-neuen-cas-an\/#primaryimage"},"thumbnailUrl":"https:\/\/www.organisator.ch\/wp-content\/uploads\/2023\/06\/Purpose-Driven-Leadership-HWZ-bietet-neuen-CAS-an_Organisator.jpg","keywords":["Aus-\/Weiterbildung","CAS","Fachhochschulen","Management und Unternehmensf\u00fchrung"],"articleSection":["WEITERBILDUNG"],"inLanguage":"de"},{"@type":"WebPage","@id":"https:\/\/www.organisator.ch\/weiterbildung\/2023-06-13\/purpose-driven-leadership-hwz-bietet-neuen-cas-an\/","url":"https:\/\/www.organisator.ch\/weiterbildung\/2023-06-13\/purpose-driven-leadership-hwz-bietet-neuen-cas-an\/","name":"Purpose Driven Leadership: HWZ bietet neuen CAS an - Organisator","isPartOf":{"@id":"https:\/\/www.organisator.ch\/#website"},"primaryImageOfPage":{"@id":"https:\/\/www.organisator.ch\/weiterbildung\/2023-06-13\/purpose-driven-leadership-hwz-bietet-neuen-cas-an\/#primaryimage"},"image":{"@id":"https:\/\/www.organisator.ch\/weiterbildung\/2023-06-13\/purpose-driven-leadership-hwz-bietet-neuen-cas-an\/#primaryimage"},"thumbnailUrl":"https:\/\/www.organisator.ch\/wp-content\/uploads\/2023\/06\/Purpose-Driven-Leadership-HWZ-bietet-neuen-CAS-an_Organisator.jpg","datePublished":"2023-06-13T05:26:59+00:00","description":"Die HWZ Hochschule f\u00fcr Wirtschaft Z\u00fcrich lanciert den schweizweit ersten CAS zu Purpose Driven Leadership.","breadcrumb":{"@id":"https:\/\/www.organisator.ch\/weiterbildung\/2023-06-13\/purpose-driven-leadership-hwz-bietet-neuen-cas-an\/#breadcrumb"},"inLanguage":"de","potentialAction":[{"@type":"ReadAction","target":["https:\/\/www.organisator.ch\/weiterbildung\/2023-06-13\/purpose-driven-leadership-hwz-bietet-neuen-cas-an\/"]}]},{"@type":"ImageObject","inLanguage":"de","@id":"https:\/\/www.organisator.ch\/weiterbildung\/2023-06-13\/purpose-driven-leadership-hwz-bietet-neuen-cas-an\/#primaryimage","url":"https:\/\/www.organisator.ch\/wp-content\/uploads\/2023\/06\/Purpose-Driven-Leadership-HWZ-bietet-neuen-CAS-an_Organisator.jpg","contentUrl":"https:\/\/www.organisator.ch\/wp-content\/uploads\/2023\/06\/Purpose-Driven-Leadership-HWZ-bietet-neuen-CAS-an_Organisator.jpg","width":680,"height":338,"caption":"Nadine Zasadzin und Peter Statz leiten gemeinsam den neuen CAS zu Purpose Driven Leadership. (Bilder: HWZ)"},{"@type":"BreadcrumbList","@id":"https:\/\/www.organisator.ch\/weiterbildung\/2023-06-13\/purpose-driven-leadership-hwz-bietet-neuen-cas-an\/#breadcrumb","itemListElement":[{"@type":"ListItem","position":1,"name":"Home","item":"https:\/\/www.organisator.ch\/"},{"@type":"ListItem","position":2,"name":"Purpose Driven Leadership: HWZ bietet neuen CAS an"}]},{"@type":"WebSite","@id":"https:\/\/www.organisator.ch\/#website","url":"https:\/\/www.organisator.ch\/","name":"Organisator","description":"Kompetent. Praxisnah. Der ORGANISATOR bereitet in 10 Ausgaben pro Jahr die wesentlichen Themen f\u00fcr F\u00fchrungskr\u00e4fte von KMU auf.","publisher":{"@id":"https:\/\/www.organisator.ch\/#organization"},"potentialAction":[{"@type":"SearchAction","target":{"@type":"EntryPoint","urlTemplate":"https:\/\/www.organisator.ch\/?s={search_term_string}"},"query-input":{"@type":"PropertyValueSpecification","valueRequired":true,"valueName":"search_term_string"}}],"inLanguage":"de"},{"@type":"Organization","@id":"https:\/\/www.organisator.ch\/#organization","name":"Organisator","url":"https:\/\/www.organisator.ch\/","logo":{"@type":"ImageObject","inLanguage":"de","@id":"https:\/\/www.organisator.ch\/#\/schema\/logo\/image\/","url":"https:\/\/www.organisator.ch\/wp-content\/uploads\/2022\/01\/Logo_Organisator_Website.png","contentUrl":"https:\/\/www.organisator.ch\/wp-content\/uploads\/2022\/01\/Logo_Organisator_Website.png","width":800,"height":77,"caption":"Organisator"},"image":{"@id":"https:\/\/www.organisator.ch\/#\/schema\/logo\/image\/"},"sameAs":["https:\/\/www.facebook.com\/OrganisatorFachmagazin","https:\/\/www.linkedin.com\/showcase\/organisator-das-magazin-fr-kmu","https:\/\/www.xing.com\/news\/pages\/organisator-ch-695","https:\/\/www.youtube.com\/channel\/UCGP2Sq0iWaZwT3BdIAQFYpw"]},{"@type":"Person","@id":"https:\/\/www.organisator.ch\/#\/schema\/person\/6f650f90b2842cd4c0cc334b4e36f67e","name":"thomas.berner","image":{"@type":"ImageObject","inLanguage":"de","@id":"https:\/\/secure.gravatar.com\/avatar\/ac5001d2a36cb6c6cd3e50789007ffca834b477b74a2144564522e944eabff61?s=96&d=mm&r=g","url":"https:\/\/secure.gravatar.com\/avatar\/ac5001d2a36cb6c6cd3e50789007ffca834b477b74a2144564522e944eabff61?s=96&d=mm&r=g","contentUrl":"https:\/\/secure.gravatar.com\/avatar\/ac5001d2a36cb6c6cd3e50789007ffca834b477b74a2144564522e944eabff61?s=96&d=mm&r=g","caption":"thomas.berner"},"url":"https:\/\/www.organisator.ch\/de\/author\/thomas-berner\/"}]}},"_links":{"self":[{"href":"https:\/\/www.organisator.ch\/de\/wp-json\/wp\/v2\/posts\/20677","targetHints":{"allow":["GET"]}}],"collection":[{"href":"https:\/\/www.organisator.ch\/de\/wp-json\/wp\/v2\/posts"}],"about":[{"href":"https:\/\/www.organisator.ch\/de\/wp-json\/wp\/v2\/types\/post"}],"author":[{"embeddable":true,"href":"https:\/\/www.organisator.ch\/de\/wp-json\/wp\/v2\/users\/4"}],"replies":[{"embeddable":true,"href":"https:\/\/www.organisator.ch\/de\/wp-json\/wp\/v2\/comments?post=20677"}],"version-history":[{"count":1,"href":"https:\/\/www.organisator.ch\/de\/wp-json\/wp\/v2\/posts\/20677\/revisions"}],"predecessor-version":[{"id":20679,"href":"https:\/\/www.organisator.ch\/de\/wp-json\/wp\/v2\/posts\/20677\/revisions\/20679"}],"wp:featuredmedia":[{"embeddable":true,"href":"https:\/\/www.organisator.ch\/de\/wp-json\/wp\/v2\/media\/20678"}],"wp:attachment":[{"href":"https:\/\/www.organisator.ch\/de\/wp-json\/wp\/v2\/media?parent=20677"}],"wp:term":[{"taxonomy":"category","embeddable":true,"href":"https:\/\/www.organisator.ch\/de\/wp-json\/wp\/v2\/categories?post=20677"},{"taxonomy":"post_tag","embeddable":true,"href":"https:\/\/www.organisator.ch\/de\/wp-json\/wp\/v2\/tags?post=20677"}],"curies":[{"name":"wp","href":"https:\/\/api.w.org\/{rel}","templated":true}]}}