{"id":20685,"date":"2023-06-13T11:02:38","date_gmt":"2023-06-13T09:02:38","guid":{"rendered":"https:\/\/www.organisator.ch\/?p=20685"},"modified":"2023-06-15T11:02:19","modified_gmt":"2023-06-15T09:02:19","slug":"erhebung-zeigt-lohngleichheit-ist-vielerorts-realitaet","status":"publish","type":"post","link":"https:\/\/www.organisator.ch\/de\/human-resources\/2023-06-13\/erhebung-zeigt-lohngleichheit-ist-vielerorts-realitaet\/","title":{"rendered":"Erhebung zeigt: Lohngleichheit ist vielerorts Realit\u00e4t"},"content":{"rendered":"<figure id=\"attachment_20686\" aria-describedby=\"caption-attachment-20686\" style=\"width: 680px\" class=\"wp-caption alignnone\"><img loading=\"lazy\" decoding=\"async\" class=\"size-full wp-image-20686\" src=\"https:\/\/www.organisator.ch\/wp-content\/uploads\/2023\/06\/Erhebung-zeigt-Lohngleichheit-ist-vielerorts-Realitaet_Organisator.jpg\" alt=\"\" width=\"680\" height=\"460\" srcset=\"https:\/\/www.organisator.ch\/wp-content\/uploads\/2023\/06\/Erhebung-zeigt-Lohngleichheit-ist-vielerorts-Realitaet_Organisator.jpg 680w, https:\/\/www.organisator.ch\/wp-content\/uploads\/2023\/06\/Erhebung-zeigt-Lohngleichheit-ist-vielerorts-Realitaet_Organisator-18x12.jpg 18w, https:\/\/www.organisator.ch\/wp-content\/uploads\/2023\/06\/Erhebung-zeigt-Lohngleichheit-ist-vielerorts-Realitaet_Organisator-375x254.jpg 375w, https:\/\/www.organisator.ch\/wp-content\/uploads\/2023\/06\/Erhebung-zeigt-Lohngleichheit-ist-vielerorts-Realitaet_Organisator-517x350.jpg 517w\" sizes=\"auto, (max-width: 680px) 100vw, 680px\" \/><figcaption id=\"caption-attachment-20686\" class=\"wp-caption-text\">Die Lohngleichheit ist in vielen Unternehmen gew\u00e4hrleistet, wie eine neue Erhebung zeigt. (Bild: Pixabay.com)<\/figcaption><\/figure>\n<p>Einen Tag vor dem sog. &#8222;Feministischen Streik 2023&#8220;, der am 14. Juni mit landesweiten Aktionen auf eine nach wie vor vorhandene Ungleichstellung zwischen den Geschlechtern hinweisen soll, zeigt die aktuelle Lohngleichheitserhebung, dass zumindest bei den Geh\u00e4ltern nicht mehr pauschal von einer Diskriminierung von Frauen gesprochen werden kann. Das Competence Centre for Diversity and Inclusion (CCDI) der Universit\u00e4t St. Gallen hat n\u00e4mlich im Auftrag des Schweizerischen Arbeitgeberverbandes (SAV) eine Umfrage bei Unternehmen mit 100 und mehr Mitarbeitenden durchgef\u00fchrt. Dabei konnten die Ergebnisse der betrieblichen Lohngleichheitsanalysen von insgesamt 615 Unternehmen mit rund 550&#8217;000 Mitarbeitenden zusammengetragen werden. Mit der Erhebung werden rund 10 Prozent der Unternehmen, die eine Lohngleichheitsanalyse durchf\u00fchren mussten, abgedeckt. Die Auswertung des CCDI hat sich auf jene Unternehmen fokussiert, welche Logib, das Lohngleichheitsinstrument des Bundes, verwenden. Diese Methode wurde von 461 der befragten Unternehmen angewandt. Aber auch bei jenen Unternehmen, die nicht Logib f\u00fcr die Lohngleichheitsanalyse verwenden, zeige sich, dass die Vorgaben des Bundes weitgehend eingehalten w\u00fcrden. Gem\u00e4ss der Auswertung weisen 89 Prozent der Unternehmen, die nicht Logib verwendet haben, keinen Geschlechtereffekt auf.<\/p>\n<h3><strong>Unerkl\u00e4rte Lohndifferenz von 3,3 Prozent<\/strong><\/h3>\n<p>Unter Ber\u00fccksichtigung der berufsspezifischen und pers\u00f6nlichen Merkmale zeigt die Datensammlung eine durchschnittliche unerkl\u00e4rte Lohndifferenz von 3,3 Prozent. Von jenen 461 Unternehmen, die Logib verwendeten, halten 458 Unternehmen die Vorgaben des Gleichstellungsgesetzes ein \u2013 dies entspricht einem Wert von 99,3 Prozent. Nur 3 Unternehmen haben die vom Bund festgelegte Toleranzschwelle von 5 Prozent \u00fcberschritten.<\/p>\n<p>Die Erhebung zeigt also, dass die Vorgaben des Bundes sowohl \u00fcber die Branchen als auch \u00fcber die Regionen hinweg in den allermeisten F\u00e4llen eingehalten werden. Zwar gibt es Unterschiede, diese bewegen sich jedoch in einem sehr engen Band und innerhalb der Toleranzschwelle. Indes gilt es zu relativieren: Die Erhebung deckt nur einen Bruchteil aller Unternehmen ab, nicht erfasst sind zudem auch Arbeitnehmende in der \u00f6ffentlichen Verwaltung, also bei Bund, Kantonen und Gemeinden.<\/p>\n<h3><strong>Arbeitgeber halten sich an ihre Pflichten<\/strong><\/h3>\n<p>Auch wenn die Erhebung nur Unternehmen aus dem privaten Sektor ber\u00fccksichtigt, sehen sich die Arbeitgeber durch diese positiven Resultate in mehrerlei Hinsicht best\u00e4tigt. Die Erhebung beweise, dass die Zahlen zur unerkl\u00e4rten Lohndifferenz, welche die Gewerkschaftsseite in der politischen Debatte verwenden, \u00fcberrissen sind, so der Schweizerische Arbeitgeberverband. Gleichzeitig zeige sich, dass die betriebliche Realit\u00e4t in Sachen Lohngleichheit deutlich positiver aussieht, als es die Zahlen der Schweizerischen Lohnstrukturerhebung LSE des Bundesamtes f\u00fcr Statistik erahnen lassen. Der SAV erwartet, dass diese positiven Zahlen aus der betrieblichen Realit\u00e4t auch in die politische Debatte einfliessen. \u201cDie Unternehmen haben in den letzten Jahren grosse Anstrengungen unternommen, um Lohndiskriminierung aufgrund des Geschlechts zu verhindern\u201d, erkl\u00e4rt SAV-Pr\u00e4sident Valentin Vogt.<\/p>\n<h3>Weiter an der Lohngleichheit arbeiten<\/h3>\n<p>Gleichwohl r\u00e4umen auch die Arbeitgeber ein, dass weitere Anstrengungen angezeigt seien, um die Lohndifferenzen zwischen den Geschlechtern weiter zu verringern. Dabei gelte es bei den Ursachen anzusetzen, so der SAV in seiner Stellungnahme zu den Ergebnissen der Auswertung. Dazu geh\u00f6re im Wesentlichen, dass Frauen im Vergleich zu den M\u00e4nnern deutlich h\u00e4ufiger Erwerbsunterbr\u00fcche aufweisen. In Anbetracht dessen gelte es Rahmenbedingen zu schaffen, die es Frauen erm\u00f6glichen, auf gleiche Weise wie die M\u00e4nner am Erwerbsleben teilzunehmen \u2013 die Vereinbarkeit von Privatem und Beruf sei hierbei wichtig. \u201cWenn zudem Frauen vermehrt auch in bisher von M\u00e4nnern dominierten Berufen vordringen, um dort eine berufliche Karriere anzustreben, werden sich die Lohnunterschiede in den n\u00e4chsten Jahren weiter verringern\u201d, erkl\u00e4rt Daniella L\u00fctzelschwab, Leiterin Ressort Arbeitsmarkt des SAV.<\/p>\n<p><em>Quelle und weitere Informationen: <a href=\"https:\/\/www.arbeitgeber.ch\/\">Schweizerischer Arbeitgeberverband<\/a><\/em><\/p>\n<p>&nbsp;<\/p>\n<blockquote><p><strong>Erkl\u00e4rbare und unerkl\u00e4rbare Lohndifferenz<\/strong><br \/>\nBestehen Lohndifferenzen zwischen den Geschlechtern, heisst dies nicht, dass eine Diskriminierung vorliegt. So f\u00fchren berufsspezifische und pers\u00f6nliche Merkmale, zu einem Unterschied bei den L\u00f6hnen. Dieser sogenannte erkl\u00e4rbare Lohnunterschied ber\u00fccksichtigt Merkmale wie die Hierarchiestufe, die Ausbildung oder die potenzielle Berufserfahrung. Wenn nach Abzug dieser zugelassenen, erkl\u00e4rbaren Kriterien noch eine Lohndifferenz \u00fcbrigbleibt, spricht man von der unerkl\u00e4rbaren Lohndifferenz. Eine unerkl\u00e4rbare Lohndifferenz l\u00e4sst nicht automatisch auf eine Lohndiskriminierung schliessen, weil es noch weitere lohnrelevante Kriterien gibt, die nicht ber\u00fccksichtigt werden.<\/p>\n<p><strong>Schweizerische Lohnstrukturerhebung (LSE) und betriebliche Lohnanalysen<\/strong><br \/>\nDie LSE des Bundesamtes f\u00fcr Statistik wird als nationale Analyse von Lohnunterschieden zwischen Frauen und M\u00e4nnern gef\u00fchrt. Hier werden Arbeitnehmende mit \u00e4hnlichen Merkmalen \u00fcber alle Unternehmen hinweg verglichen. Demgegen\u00fcber werden die Arbeitnehmenden bei der betrieblichen Lohngleichheitsanalyse nur mit Arbeitnehmenden im selben Betrieb und mit \u00e4hnlichen Merkmalen verglichen. Dadurch wird die unternehmensinterne Analyse nicht durch allf\u00e4llige Unterschiede der Lohnniveaus zwischen den Unternehmen beeinflusst. Die Unterschiede in der Methodik f\u00fchren zu unterschiedlichen Ergebnissen, die nicht direkt miteinander vergleichbar sind. Die unternehmensinternen Lohngleichheitsanalysen geben somit ein deutlich besseres Abbild zur betrieblichen Realit\u00e4t.<\/p><\/blockquote>\n","protected":false},"excerpt":{"rendered":"<p>Eine vom Schweizerischen Arbeitgeberverband in Auftrag gegebene Erhebung der Universit\u00e4t St. Gallen zeigt, dass 99,3 Prozent der ausgewerteten Unternehmen das Gleichstellungsgesetz einhalten. Gleichwohl sind weitere Anstrengungen angezeigt, um die Lohndifferenzen zwischen den Geschlechtern weiter zu verringern.<\/p>\n","protected":false},"author":4,"featured_media":20686,"comment_status":"closed","ping_status":"closed","sticky":false,"template":"","format":"standard","meta":{"_acf_changed":false,"_yoast_wpseo_focuskw":"Lohngleichheit","_yoast_wpseo_metadesc":"Eine Erhebung zeigt, dass 99,3 Prozent der befragten Unternehmen das Schweizer Gleichstellungsgesetz und die Lohngleichheit einhalten.","articlekey":"","footnotes":""},"categories":[579],"tags":[47,330,503,531],"class_list":["post-20685","post","type-post","status-publish","format-standard","has-post-thumbnail","hentry","category-human-resources","tag-arbeitsmarkt","tag-lohngleichheit","tag-verbaende","tag-wirtschaftspolitik"],"acf":[],"yoast_head":"<!-- This site is optimized with the Yoast SEO plugin v27.5 - https:\/\/yoast.com\/product\/yoast-seo-wordpress\/ -->\n<title>Erhebung zeigt: Lohngleichheit ist vielerorts Realit\u00e4t - Organisator<\/title>\n<meta name=\"description\" content=\"Eine Erhebung zeigt, dass 99,3 Prozent der befragten Unternehmen das Schweizer Gleichstellungsgesetz und die Lohngleichheit einhalten.\" \/>\n<meta name=\"robots\" content=\"index, follow, max-snippet:-1, max-image-preview:large, max-video-preview:-1\" \/>\n<link rel=\"canonical\" href=\"https:\/\/www.organisator.ch\/de\/human-resources\/2023-06-13\/erhebung-zeigt-lohngleichheit-ist-vielerorts-realitaet\/\" \/>\n<meta property=\"og:locale\" content=\"de_DE\" \/>\n<meta property=\"og:type\" content=\"article\" \/>\n<meta property=\"og:title\" content=\"Erhebung zeigt: Lohngleichheit ist vielerorts Realit\u00e4t\" \/>\n<meta property=\"og:description\" content=\"Eine Erhebung zeigt, dass 99,3 Prozent der befragten Unternehmen das Schweizer Gleichstellungsgesetz und die Lohngleichheit einhalten.\" \/>\n<meta property=\"og:url\" content=\"https:\/\/www.organisator.ch\/de\/human-resources\/2023-06-13\/erhebung-zeigt-lohngleichheit-ist-vielerorts-realitaet\/\" \/>\n<meta property=\"og:site_name\" content=\"Organisator\" \/>\n<meta property=\"article:publisher\" content=\"https:\/\/www.facebook.com\/OrganisatorFachmagazin\" \/>\n<meta property=\"article:published_time\" content=\"2023-06-13T09:02:38+00:00\" \/>\n<meta property=\"article:modified_time\" content=\"2023-06-15T09:02:19+00:00\" \/>\n<meta property=\"og:image\" content=\"https:\/\/www.organisator.ch\/wp-content\/uploads\/2023\/06\/Erhebung-zeigt-Lohngleichheit-ist-vielerorts-Realitaet_Organisator.jpg\" \/>\n\t<meta property=\"og:image:width\" content=\"680\" \/>\n\t<meta property=\"og:image:height\" content=\"460\" \/>\n\t<meta property=\"og:image:type\" content=\"image\/jpeg\" \/>\n<meta name=\"author\" content=\"thomas.berner\" \/>\n<meta name=\"twitter:card\" content=\"summary_large_image\" \/>\n<meta name=\"twitter:title\" content=\"#Erhebung zeigt: #Lohngleichheit ist vielerorts Realit\u00e4t\" \/>\n<meta name=\"twitter:description\" content=\"Eine Erhebung zeigt, dass 99,3 Prozent der befragten Unternehmen das Schweizer #Gleichstellungsgesetz und die #Lohngleichheit einhalten.\" \/>\n<meta name=\"twitter:image\" content=\"https:\/\/www.organisator.ch\/wp-content\/uploads\/2023\/06\/Erhebung-zeigt-Lohngleichheit-ist-vielerorts-Realitaet_Organisator.jpg\" \/>\n<script type=\"application\/ld+json\" class=\"yoast-schema-graph\">{\"@context\":\"https:\\\/\\\/schema.org\",\"@graph\":[{\"@type\":\"Article\",\"@id\":\"https:\\\/\\\/www.organisator.ch\\\/human-resources\\\/2023-06-13\\\/erhebung-zeigt-lohngleichheit-ist-vielerorts-realitaet\\\/#article\",\"isPartOf\":{\"@id\":\"https:\\\/\\\/www.organisator.ch\\\/human-resources\\\/2023-06-13\\\/erhebung-zeigt-lohngleichheit-ist-vielerorts-realitaet\\\/\"},\"author\":{\"name\":\"thomas.berner\",\"@id\":\"https:\\\/\\\/www.organisator.ch\\\/#\\\/schema\\\/person\\\/6f650f90b2842cd4c0cc334b4e36f67e\"},\"headline\":\"Erhebung zeigt: Lohngleichheit ist vielerorts Realit\u00e4t\",\"datePublished\":\"2023-06-13T09:02:38+00:00\",\"dateModified\":\"2023-06-15T09:02:19+00:00\",\"mainEntityOfPage\":{\"@id\":\"https:\\\/\\\/www.organisator.ch\\\/human-resources\\\/2023-06-13\\\/erhebung-zeigt-lohngleichheit-ist-vielerorts-realitaet\\\/\"},\"wordCount\":792,\"publisher\":{\"@id\":\"https:\\\/\\\/www.organisator.ch\\\/#organization\"},\"image\":{\"@id\":\"https:\\\/\\\/www.organisator.ch\\\/human-resources\\\/2023-06-13\\\/erhebung-zeigt-lohngleichheit-ist-vielerorts-realitaet\\\/#primaryimage\"},\"thumbnailUrl\":\"https:\\\/\\\/www.organisator.ch\\\/wp-content\\\/uploads\\\/2023\\\/06\\\/Erhebung-zeigt-Lohngleichheit-ist-vielerorts-Realitaet_Organisator.jpg\",\"keywords\":[\"Arbeitsmarkt\",\"Lohngleichheit\",\"Verb\u00e4nde\",\"Wirtschaftspolitik\"],\"articleSection\":[\"HUMAN RESOURCES\"],\"inLanguage\":\"de\"},{\"@type\":\"WebPage\",\"@id\":\"https:\\\/\\\/www.organisator.ch\\\/human-resources\\\/2023-06-13\\\/erhebung-zeigt-lohngleichheit-ist-vielerorts-realitaet\\\/\",\"url\":\"https:\\\/\\\/www.organisator.ch\\\/human-resources\\\/2023-06-13\\\/erhebung-zeigt-lohngleichheit-ist-vielerorts-realitaet\\\/\",\"name\":\"Erhebung zeigt: Lohngleichheit ist vielerorts Realit\u00e4t - Organisator\",\"isPartOf\":{\"@id\":\"https:\\\/\\\/www.organisator.ch\\\/#website\"},\"primaryImageOfPage\":{\"@id\":\"https:\\\/\\\/www.organisator.ch\\\/human-resources\\\/2023-06-13\\\/erhebung-zeigt-lohngleichheit-ist-vielerorts-realitaet\\\/#primaryimage\"},\"image\":{\"@id\":\"https:\\\/\\\/www.organisator.ch\\\/human-resources\\\/2023-06-13\\\/erhebung-zeigt-lohngleichheit-ist-vielerorts-realitaet\\\/#primaryimage\"},\"thumbnailUrl\":\"https:\\\/\\\/www.organisator.ch\\\/wp-content\\\/uploads\\\/2023\\\/06\\\/Erhebung-zeigt-Lohngleichheit-ist-vielerorts-Realitaet_Organisator.jpg\",\"datePublished\":\"2023-06-13T09:02:38+00:00\",\"dateModified\":\"2023-06-15T09:02:19+00:00\",\"description\":\"Eine Erhebung zeigt, dass 99,3 Prozent der befragten Unternehmen das Schweizer Gleichstellungsgesetz und die Lohngleichheit einhalten.\",\"breadcrumb\":{\"@id\":\"https:\\\/\\\/www.organisator.ch\\\/human-resources\\\/2023-06-13\\\/erhebung-zeigt-lohngleichheit-ist-vielerorts-realitaet\\\/#breadcrumb\"},\"inLanguage\":\"de\",\"potentialAction\":[{\"@type\":\"ReadAction\",\"target\":[\"https:\\\/\\\/www.organisator.ch\\\/human-resources\\\/2023-06-13\\\/erhebung-zeigt-lohngleichheit-ist-vielerorts-realitaet\\\/\"]}]},{\"@type\":\"ImageObject\",\"inLanguage\":\"de\",\"@id\":\"https:\\\/\\\/www.organisator.ch\\\/human-resources\\\/2023-06-13\\\/erhebung-zeigt-lohngleichheit-ist-vielerorts-realitaet\\\/#primaryimage\",\"url\":\"https:\\\/\\\/www.organisator.ch\\\/wp-content\\\/uploads\\\/2023\\\/06\\\/Erhebung-zeigt-Lohngleichheit-ist-vielerorts-Realitaet_Organisator.jpg\",\"contentUrl\":\"https:\\\/\\\/www.organisator.ch\\\/wp-content\\\/uploads\\\/2023\\\/06\\\/Erhebung-zeigt-Lohngleichheit-ist-vielerorts-Realitaet_Organisator.jpg\",\"width\":680,\"height\":460,\"caption\":\"Die Lohngleichheit ist in vielen Unternehmen gew\u00e4hrleistet, wie eine neue Erhebung zeigt. (Bild: Pixabay.com)\"},{\"@type\":\"BreadcrumbList\",\"@id\":\"https:\\\/\\\/www.organisator.ch\\\/human-resources\\\/2023-06-13\\\/erhebung-zeigt-lohngleichheit-ist-vielerorts-realitaet\\\/#breadcrumb\",\"itemListElement\":[{\"@type\":\"ListItem\",\"position\":1,\"name\":\"Home\",\"item\":\"https:\\\/\\\/www.organisator.ch\\\/\"},{\"@type\":\"ListItem\",\"position\":2,\"name\":\"Erhebung zeigt: Lohngleichheit ist vielerorts Realit\u00e4t\"}]},{\"@type\":\"WebSite\",\"@id\":\"https:\\\/\\\/www.organisator.ch\\\/#website\",\"url\":\"https:\\\/\\\/www.organisator.ch\\\/\",\"name\":\"Organisator\",\"description\":\"Kompetent. Praxisnah. Der ORGANISATOR bereitet in 10 Ausgaben pro Jahr die wesentlichen Themen f\u00fcr F\u00fchrungskr\u00e4fte von KMU auf.\",\"publisher\":{\"@id\":\"https:\\\/\\\/www.organisator.ch\\\/#organization\"},\"potentialAction\":[{\"@type\":\"SearchAction\",\"target\":{\"@type\":\"EntryPoint\",\"urlTemplate\":\"https:\\\/\\\/www.organisator.ch\\\/?s={search_term_string}\"},\"query-input\":{\"@type\":\"PropertyValueSpecification\",\"valueRequired\":true,\"valueName\":\"search_term_string\"}}],\"inLanguage\":\"de\"},{\"@type\":\"Organization\",\"@id\":\"https:\\\/\\\/www.organisator.ch\\\/#organization\",\"name\":\"Organisator\",\"url\":\"https:\\\/\\\/www.organisator.ch\\\/\",\"logo\":{\"@type\":\"ImageObject\",\"inLanguage\":\"de\",\"@id\":\"https:\\\/\\\/www.organisator.ch\\\/#\\\/schema\\\/logo\\\/image\\\/\",\"url\":\"https:\\\/\\\/www.organisator.ch\\\/wp-content\\\/uploads\\\/2022\\\/01\\\/Logo_Organisator_Website.png\",\"contentUrl\":\"https:\\\/\\\/www.organisator.ch\\\/wp-content\\\/uploads\\\/2022\\\/01\\\/Logo_Organisator_Website.png\",\"width\":800,\"height\":77,\"caption\":\"Organisator\"},\"image\":{\"@id\":\"https:\\\/\\\/www.organisator.ch\\\/#\\\/schema\\\/logo\\\/image\\\/\"},\"sameAs\":[\"https:\\\/\\\/www.facebook.com\\\/OrganisatorFachmagazin\",\"https:\\\/\\\/www.linkedin.com\\\/showcase\\\/organisator-das-magazin-fr-kmu\",\"https:\\\/\\\/www.xing.com\\\/news\\\/pages\\\/organisator-ch-695\",\"https:\\\/\\\/www.youtube.com\\\/channel\\\/UCGP2Sq0iWaZwT3BdIAQFYpw\"]},{\"@type\":\"Person\",\"@id\":\"https:\\\/\\\/www.organisator.ch\\\/#\\\/schema\\\/person\\\/6f650f90b2842cd4c0cc334b4e36f67e\",\"name\":\"thomas.berner\",\"image\":{\"@type\":\"ImageObject\",\"inLanguage\":\"de\",\"@id\":\"https:\\\/\\\/secure.gravatar.com\\\/avatar\\\/ac5001d2a36cb6c6cd3e50789007ffca834b477b74a2144564522e944eabff61?s=96&d=mm&r=g\",\"url\":\"https:\\\/\\\/secure.gravatar.com\\\/avatar\\\/ac5001d2a36cb6c6cd3e50789007ffca834b477b74a2144564522e944eabff61?s=96&d=mm&r=g\",\"contentUrl\":\"https:\\\/\\\/secure.gravatar.com\\\/avatar\\\/ac5001d2a36cb6c6cd3e50789007ffca834b477b74a2144564522e944eabff61?s=96&d=mm&r=g\",\"caption\":\"thomas.berner\"},\"url\":\"https:\\\/\\\/www.organisator.ch\\\/de\\\/author\\\/thomas-berner\\\/\"}]}<\/script>\n<!-- \/ Yoast SEO plugin. -->","yoast_head_json":{"title":"Erhebung zeigt: Lohngleichheit ist vielerorts Realit\u00e4t - Organisator","description":"Eine Erhebung zeigt, dass 99,3 Prozent der befragten Unternehmen das Schweizer Gleichstellungsgesetz und die Lohngleichheit einhalten.","robots":{"index":"index","follow":"follow","max-snippet":"max-snippet:-1","max-image-preview":"max-image-preview:large","max-video-preview":"max-video-preview:-1"},"canonical":"https:\/\/www.organisator.ch\/de\/human-resources\/2023-06-13\/erhebung-zeigt-lohngleichheit-ist-vielerorts-realitaet\/","og_locale":"de_DE","og_type":"article","og_title":"Erhebung zeigt: Lohngleichheit ist vielerorts Realit\u00e4t","og_description":"Eine Erhebung zeigt, dass 99,3 Prozent der befragten Unternehmen das Schweizer Gleichstellungsgesetz und die Lohngleichheit einhalten.","og_url":"https:\/\/www.organisator.ch\/de\/human-resources\/2023-06-13\/erhebung-zeigt-lohngleichheit-ist-vielerorts-realitaet\/","og_site_name":"Organisator","article_publisher":"https:\/\/www.facebook.com\/OrganisatorFachmagazin","article_published_time":"2023-06-13T09:02:38+00:00","article_modified_time":"2023-06-15T09:02:19+00:00","og_image":[{"width":680,"height":460,"url":"https:\/\/www.organisator.ch\/wp-content\/uploads\/2023\/06\/Erhebung-zeigt-Lohngleichheit-ist-vielerorts-Realitaet_Organisator.jpg","type":"image\/jpeg"}],"author":"thomas.berner","twitter_card":"summary_large_image","twitter_title":"#Erhebung zeigt: #Lohngleichheit ist vielerorts Realit\u00e4t","twitter_description":"Eine Erhebung zeigt, dass 99,3 Prozent der befragten Unternehmen das Schweizer #Gleichstellungsgesetz und die #Lohngleichheit einhalten.","twitter_image":"https:\/\/www.organisator.ch\/wp-content\/uploads\/2023\/06\/Erhebung-zeigt-Lohngleichheit-ist-vielerorts-Realitaet_Organisator.jpg","schema":{"@context":"https:\/\/schema.org","@graph":[{"@type":"Article","@id":"https:\/\/www.organisator.ch\/human-resources\/2023-06-13\/erhebung-zeigt-lohngleichheit-ist-vielerorts-realitaet\/#article","isPartOf":{"@id":"https:\/\/www.organisator.ch\/human-resources\/2023-06-13\/erhebung-zeigt-lohngleichheit-ist-vielerorts-realitaet\/"},"author":{"name":"thomas.berner","@id":"https:\/\/www.organisator.ch\/#\/schema\/person\/6f650f90b2842cd4c0cc334b4e36f67e"},"headline":"Erhebung zeigt: Lohngleichheit ist vielerorts Realit\u00e4t","datePublished":"2023-06-13T09:02:38+00:00","dateModified":"2023-06-15T09:02:19+00:00","mainEntityOfPage":{"@id":"https:\/\/www.organisator.ch\/human-resources\/2023-06-13\/erhebung-zeigt-lohngleichheit-ist-vielerorts-realitaet\/"},"wordCount":792,"publisher":{"@id":"https:\/\/www.organisator.ch\/#organization"},"image":{"@id":"https:\/\/www.organisator.ch\/human-resources\/2023-06-13\/erhebung-zeigt-lohngleichheit-ist-vielerorts-realitaet\/#primaryimage"},"thumbnailUrl":"https:\/\/www.organisator.ch\/wp-content\/uploads\/2023\/06\/Erhebung-zeigt-Lohngleichheit-ist-vielerorts-Realitaet_Organisator.jpg","keywords":["Arbeitsmarkt","Lohngleichheit","Verb\u00e4nde","Wirtschaftspolitik"],"articleSection":["HUMAN RESOURCES"],"inLanguage":"de"},{"@type":"WebPage","@id":"https:\/\/www.organisator.ch\/human-resources\/2023-06-13\/erhebung-zeigt-lohngleichheit-ist-vielerorts-realitaet\/","url":"https:\/\/www.organisator.ch\/human-resources\/2023-06-13\/erhebung-zeigt-lohngleichheit-ist-vielerorts-realitaet\/","name":"Erhebung zeigt: Lohngleichheit ist vielerorts Realit\u00e4t - Organisator","isPartOf":{"@id":"https:\/\/www.organisator.ch\/#website"},"primaryImageOfPage":{"@id":"https:\/\/www.organisator.ch\/human-resources\/2023-06-13\/erhebung-zeigt-lohngleichheit-ist-vielerorts-realitaet\/#primaryimage"},"image":{"@id":"https:\/\/www.organisator.ch\/human-resources\/2023-06-13\/erhebung-zeigt-lohngleichheit-ist-vielerorts-realitaet\/#primaryimage"},"thumbnailUrl":"https:\/\/www.organisator.ch\/wp-content\/uploads\/2023\/06\/Erhebung-zeigt-Lohngleichheit-ist-vielerorts-Realitaet_Organisator.jpg","datePublished":"2023-06-13T09:02:38+00:00","dateModified":"2023-06-15T09:02:19+00:00","description":"Eine Erhebung zeigt, dass 99,3 Prozent der befragten Unternehmen das Schweizer Gleichstellungsgesetz und die Lohngleichheit einhalten.","breadcrumb":{"@id":"https:\/\/www.organisator.ch\/human-resources\/2023-06-13\/erhebung-zeigt-lohngleichheit-ist-vielerorts-realitaet\/#breadcrumb"},"inLanguage":"de","potentialAction":[{"@type":"ReadAction","target":["https:\/\/www.organisator.ch\/human-resources\/2023-06-13\/erhebung-zeigt-lohngleichheit-ist-vielerorts-realitaet\/"]}]},{"@type":"ImageObject","inLanguage":"de","@id":"https:\/\/www.organisator.ch\/human-resources\/2023-06-13\/erhebung-zeigt-lohngleichheit-ist-vielerorts-realitaet\/#primaryimage","url":"https:\/\/www.organisator.ch\/wp-content\/uploads\/2023\/06\/Erhebung-zeigt-Lohngleichheit-ist-vielerorts-Realitaet_Organisator.jpg","contentUrl":"https:\/\/www.organisator.ch\/wp-content\/uploads\/2023\/06\/Erhebung-zeigt-Lohngleichheit-ist-vielerorts-Realitaet_Organisator.jpg","width":680,"height":460,"caption":"Die Lohngleichheit ist in vielen Unternehmen gew\u00e4hrleistet, wie eine neue Erhebung zeigt. (Bild: Pixabay.com)"},{"@type":"BreadcrumbList","@id":"https:\/\/www.organisator.ch\/human-resources\/2023-06-13\/erhebung-zeigt-lohngleichheit-ist-vielerorts-realitaet\/#breadcrumb","itemListElement":[{"@type":"ListItem","position":1,"name":"Home","item":"https:\/\/www.organisator.ch\/"},{"@type":"ListItem","position":2,"name":"Erhebung zeigt: Lohngleichheit ist vielerorts Realit\u00e4t"}]},{"@type":"WebSite","@id":"https:\/\/www.organisator.ch\/#website","url":"https:\/\/www.organisator.ch\/","name":"Organisator","description":"Kompetent. Praxisnah. Der ORGANISATOR bereitet in 10 Ausgaben pro Jahr die wesentlichen Themen f\u00fcr F\u00fchrungskr\u00e4fte von KMU auf.","publisher":{"@id":"https:\/\/www.organisator.ch\/#organization"},"potentialAction":[{"@type":"SearchAction","target":{"@type":"EntryPoint","urlTemplate":"https:\/\/www.organisator.ch\/?s={search_term_string}"},"query-input":{"@type":"PropertyValueSpecification","valueRequired":true,"valueName":"search_term_string"}}],"inLanguage":"de"},{"@type":"Organization","@id":"https:\/\/www.organisator.ch\/#organization","name":"Organisator","url":"https:\/\/www.organisator.ch\/","logo":{"@type":"ImageObject","inLanguage":"de","@id":"https:\/\/www.organisator.ch\/#\/schema\/logo\/image\/","url":"https:\/\/www.organisator.ch\/wp-content\/uploads\/2022\/01\/Logo_Organisator_Website.png","contentUrl":"https:\/\/www.organisator.ch\/wp-content\/uploads\/2022\/01\/Logo_Organisator_Website.png","width":800,"height":77,"caption":"Organisator"},"image":{"@id":"https:\/\/www.organisator.ch\/#\/schema\/logo\/image\/"},"sameAs":["https:\/\/www.facebook.com\/OrganisatorFachmagazin","https:\/\/www.linkedin.com\/showcase\/organisator-das-magazin-fr-kmu","https:\/\/www.xing.com\/news\/pages\/organisator-ch-695","https:\/\/www.youtube.com\/channel\/UCGP2Sq0iWaZwT3BdIAQFYpw"]},{"@type":"Person","@id":"https:\/\/www.organisator.ch\/#\/schema\/person\/6f650f90b2842cd4c0cc334b4e36f67e","name":"thomas.berner","image":{"@type":"ImageObject","inLanguage":"de","@id":"https:\/\/secure.gravatar.com\/avatar\/ac5001d2a36cb6c6cd3e50789007ffca834b477b74a2144564522e944eabff61?s=96&d=mm&r=g","url":"https:\/\/secure.gravatar.com\/avatar\/ac5001d2a36cb6c6cd3e50789007ffca834b477b74a2144564522e944eabff61?s=96&d=mm&r=g","contentUrl":"https:\/\/secure.gravatar.com\/avatar\/ac5001d2a36cb6c6cd3e50789007ffca834b477b74a2144564522e944eabff61?s=96&d=mm&r=g","caption":"thomas.berner"},"url":"https:\/\/www.organisator.ch\/de\/author\/thomas-berner\/"}]}},"_links":{"self":[{"href":"https:\/\/www.organisator.ch\/de\/wp-json\/wp\/v2\/posts\/20685","targetHints":{"allow":["GET"]}}],"collection":[{"href":"https:\/\/www.organisator.ch\/de\/wp-json\/wp\/v2\/posts"}],"about":[{"href":"https:\/\/www.organisator.ch\/de\/wp-json\/wp\/v2\/types\/post"}],"author":[{"embeddable":true,"href":"https:\/\/www.organisator.ch\/de\/wp-json\/wp\/v2\/users\/4"}],"replies":[{"embeddable":true,"href":"https:\/\/www.organisator.ch\/de\/wp-json\/wp\/v2\/comments?post=20685"}],"version-history":[{"count":3,"href":"https:\/\/www.organisator.ch\/de\/wp-json\/wp\/v2\/posts\/20685\/revisions"}],"predecessor-version":[{"id":20689,"href":"https:\/\/www.organisator.ch\/de\/wp-json\/wp\/v2\/posts\/20685\/revisions\/20689"}],"wp:featuredmedia":[{"embeddable":true,"href":"https:\/\/www.organisator.ch\/de\/wp-json\/wp\/v2\/media\/20686"}],"wp:attachment":[{"href":"https:\/\/www.organisator.ch\/de\/wp-json\/wp\/v2\/media?parent=20685"}],"wp:term":[{"taxonomy":"category","embeddable":true,"href":"https:\/\/www.organisator.ch\/de\/wp-json\/wp\/v2\/categories?post=20685"},{"taxonomy":"post_tag","embeddable":true,"href":"https:\/\/www.organisator.ch\/de\/wp-json\/wp\/v2\/tags?post=20685"}],"curies":[{"name":"wp","href":"https:\/\/api.w.org\/{rel}","templated":true}]}}