{"id":20708,"date":"2023-06-14T10:12:42","date_gmt":"2023-06-14T08:12:42","guid":{"rendered":"https:\/\/www.werbewoche.ch\/?p=198923"},"modified":"2023-06-15T11:06:01","modified_gmt":"2023-06-15T09:06:01","slug":"photovoltaik-rivella-produziert-strom-jetzt-selbst","status":"publish","type":"post","link":"https:\/\/www.organisator.ch\/de\/sustainability\/2023-06-14\/photovoltaik-rivella-produziert-strom-jetzt-selbst\/","title":{"rendered":"Photovoltaik: Rivella produziert Strom jetzt selbst"},"content":{"rendered":"<img class=\"alignnone size-full wp-image-198925\" src=\"https:\/\/www.werbewoche.ch\/wp-content\/uploads\/2023\/06\/Rivella.jpg\" sizes=\"(max-width: 1299px) 100vw, 1299px\" srcset=\"https:\/\/www.werbewoche.ch\/wp-content\/uploads\/2023\/06\/Rivella.jpg 1299w, https:\/\/www.werbewoche.ch\/wp-content\/uploads\/2023\/06\/Rivella-600x398.jpg 600w, https:\/\/www.werbewoche.ch\/wp-content\/uploads\/2023\/06\/Rivella-1024x680.jpg 1024w, https:\/\/www.werbewoche.ch\/wp-content\/uploads\/2023\/06\/Rivella-768x510.jpg 768w, https:\/\/www.werbewoche.ch\/wp-content\/uploads\/2023\/06\/Rivella-18x12.jpg 18w, https:\/\/www.werbewoche.ch\/wp-content\/uploads\/2023\/06\/Rivella-264x175.jpg 264w, https:\/\/www.werbewoche.ch\/wp-content\/uploads\/2023\/06\/Rivella-527x350.jpg 527w, https:\/\/www.werbewoche.ch\/wp-content\/uploads\/2023\/06\/Rivella-1000x664.jpg 1000w\" alt=\"\" width=\"1299\" height=\"862\" \/>Die Schweizer Lovebrand Rivella setzt auf nachhaltige Energiegewinnung: An ihrem Sitz in Rothrist hat die Getr\u00e4nkeherstellerin ihre erste Photovoltaik-Anlage in Betrieb genommen. Die Anlage auf den D\u00e4chern der Produktion und des Lagers ist mehr als 3\u2019500 Quadratmeter gross und besteht aus 1\u2019700 Paneelen mit sieben Wechselrichtern.\r\n<h3>Ambitionierte Ziele<\/h3>\r\nDamit kann die Rivella Group in Zukunft pro Jahr rund 700\u2019000 Kilowattstunden umweltfreundlichen Solarstrom produzieren. Dies entspricht dem durchschnittlichen Verbrauch von 150 Einfamilienh\u00e4usern. Das Familienunternehmen hat sich ambitionierte Ziele gesetzt: Sie will ihren CO2-Fussabdruck bis 2030 halbieren und sp\u00e4testens 2050 auf netto null sein. \u00abUns ist es wichtig, dass wir die Ziele mit eigenen Massnahmen entlang unserer Wertsch\u00f6pfungskette erreichen\u00bb, erkl\u00e4rt Samuel Fl\u00fcckiger, Leiter Technologie und Innovation der Rivella Group. \u00abDie neue Solaranlage ist ein weiterer wichtiger Meilenstein auf diesem Weg.\u00bb\r\n\r\nMit der Photovoltaik-Anlage kann die Unternehmung aktuell rund zehn Prozent ihres Energiebedarfs selbst abdecken. Ein weiterer Ausbau wird gepr\u00fcft. Bis die M\u00f6glichkeiten ausgesch\u00f6pft sind, deckt Rivella den restlichen Bedarf weiterhin mit nachhaltiger Wasserkraft aus der Region.","protected":false},"excerpt":{"rendered":"<p>Mit ihrer neuen Photovoltaik-Anlage auf dem Dach kann die Rivella Group etwa 700&#8217;000 Kilowattstunden umweltfreundlichen Solarstrom produzieren, das sind zehn Prozent ihres Energiebedarfs.<\/p>\n","protected":false},"author":8,"featured_media":0,"comment_status":"closed","ping_status":"closed","sticky":false,"template":"","format":"standard","meta":{"_acf_changed":false,"_yoast_wpseo_focuskw":"Photovoltaik","_yoast_wpseo_metadesc":"","articlekey":"","footnotes":""},"categories":[580],"tags":[339,358,1908,492],"class_list":["post-20708","post","type-post","status-publish","format-standard","hentry","category-sustainability","tag-marketing","tag-nachhaltige-wirtschaft","tag-photovoltaik","tag-unternehmen"],"acf":[],"yoast_head":"<!-- This site is optimized with the Yoast SEO plugin v27.5 - https:\/\/yoast.com\/product\/yoast-seo-wordpress\/ -->\n<title>Photovoltaik: Rivella produziert Strom jetzt selbst - Organisator<\/title>\n<meta name=\"robots\" content=\"index, follow, max-snippet:-1, max-image-preview:large, max-video-preview:-1\" \/>\n<link rel=\"canonical\" href=\"https:\/\/www.organisator.ch\/de\/sustainability\/2023-06-14\/photovoltaik-rivella-produziert-strom-jetzt-selbst\/\" \/>\n<meta property=\"og:locale\" content=\"de_DE\" \/>\n<meta property=\"og:type\" content=\"article\" \/>\n<meta property=\"og:title\" content=\"Photovoltaik: Rivella produziert Strom jetzt selbst - Organisator\" \/>\n<meta property=\"og:description\" content=\"Mit ihrer neuen Photovoltaik-Anlage auf dem Dach kann die Rivella Group etwa 700&#039;000 Kilowattstunden umweltfreundlichen Solarstrom produzieren, das sind zehn Prozent ihres Energiebedarfs.\" \/>\n<meta property=\"og:url\" content=\"https:\/\/www.organisator.ch\/de\/sustainability\/2023-06-14\/photovoltaik-rivella-produziert-strom-jetzt-selbst\/\" \/>\n<meta property=\"og:site_name\" content=\"Organisator\" \/>\n<meta property=\"article:publisher\" content=\"https:\/\/www.facebook.com\/OrganisatorFachmagazin\" \/>\n<meta property=\"article:published_time\" content=\"2023-06-14T08:12:42+00:00\" \/>\n<meta property=\"article:modified_time\" content=\"2023-06-15T09:06:01+00:00\" \/>\n<meta property=\"og:image\" content=\"https:\/\/www.werbewoche.ch\/wp-content\/uploads\/2023\/06\/Rivella.jpg\" \/>\n<meta name=\"author\" content=\"galledia\" \/>\n<meta name=\"twitter:card\" content=\"summary_large_image\" \/>\n<meta name=\"twitter:creator\" content=\"@admin\" \/>\n<script type=\"application\/ld+json\" class=\"yoast-schema-graph\">{\"@context\":\"https:\\\/\\\/schema.org\",\"@graph\":[{\"@type\":\"Article\",\"@id\":\"https:\\\/\\\/www.organisator.ch\\\/sustainability\\\/2023-06-14\\\/photovoltaik-rivella-produziert-strom-jetzt-selbst\\\/#article\",\"isPartOf\":{\"@id\":\"https:\\\/\\\/www.organisator.ch\\\/sustainability\\\/2023-06-14\\\/photovoltaik-rivella-produziert-strom-jetzt-selbst\\\/\"},\"author\":{\"name\":\"galledia\",\"@id\":\"https:\\\/\\\/www.organisator.ch\\\/#\\\/schema\\\/person\\\/4e51799071cd2dd1232ac003643ef5f0\"},\"headline\":\"Photovoltaik: Rivella produziert Strom jetzt selbst\",\"datePublished\":\"2023-06-14T08:12:42+00:00\",\"dateModified\":\"2023-06-15T09:06:01+00:00\",\"mainEntityOfPage\":{\"@id\":\"https:\\\/\\\/www.organisator.ch\\\/sustainability\\\/2023-06-14\\\/photovoltaik-rivella-produziert-strom-jetzt-selbst\\\/\"},\"wordCount\":175,\"publisher\":{\"@id\":\"https:\\\/\\\/www.organisator.ch\\\/#organization\"},\"image\":{\"@id\":\"https:\\\/\\\/www.organisator.ch\\\/sustainability\\\/2023-06-14\\\/photovoltaik-rivella-produziert-strom-jetzt-selbst\\\/#primaryimage\"},\"thumbnailUrl\":\"https:\\\/\\\/www.werbewoche.ch\\\/wp-content\\\/uploads\\\/2023\\\/06\\\/Rivella.jpg\",\"keywords\":[\"Marketing\",\"Nachhaltige Wirtschaft\",\"Photovoltaik\",\"Unternehmen\"],\"articleSection\":[\"SUSTAINABILITY\"],\"inLanguage\":\"de\"},{\"@type\":\"WebPage\",\"@id\":\"https:\\\/\\\/www.organisator.ch\\\/sustainability\\\/2023-06-14\\\/photovoltaik-rivella-produziert-strom-jetzt-selbst\\\/\",\"url\":\"https:\\\/\\\/www.organisator.ch\\\/sustainability\\\/2023-06-14\\\/photovoltaik-rivella-produziert-strom-jetzt-selbst\\\/\",\"name\":\"Photovoltaik: Rivella produziert Strom jetzt selbst - Organisator\",\"isPartOf\":{\"@id\":\"https:\\\/\\\/www.organisator.ch\\\/#website\"},\"primaryImageOfPage\":{\"@id\":\"https:\\\/\\\/www.organisator.ch\\\/sustainability\\\/2023-06-14\\\/photovoltaik-rivella-produziert-strom-jetzt-selbst\\\/#primaryimage\"},\"image\":{\"@id\":\"https:\\\/\\\/www.organisator.ch\\\/sustainability\\\/2023-06-14\\\/photovoltaik-rivella-produziert-strom-jetzt-selbst\\\/#primaryimage\"},\"thumbnailUrl\":\"https:\\\/\\\/www.werbewoche.ch\\\/wp-content\\\/uploads\\\/2023\\\/06\\\/Rivella.jpg\",\"datePublished\":\"2023-06-14T08:12:42+00:00\",\"dateModified\":\"2023-06-15T09:06:01+00:00\",\"breadcrumb\":{\"@id\":\"https:\\\/\\\/www.organisator.ch\\\/sustainability\\\/2023-06-14\\\/photovoltaik-rivella-produziert-strom-jetzt-selbst\\\/#breadcrumb\"},\"inLanguage\":\"de\",\"potentialAction\":[{\"@type\":\"ReadAction\",\"target\":[\"https:\\\/\\\/www.organisator.ch\\\/sustainability\\\/2023-06-14\\\/photovoltaik-rivella-produziert-strom-jetzt-selbst\\\/\"]}]},{\"@type\":\"ImageObject\",\"inLanguage\":\"de\",\"@id\":\"https:\\\/\\\/www.organisator.ch\\\/sustainability\\\/2023-06-14\\\/photovoltaik-rivella-produziert-strom-jetzt-selbst\\\/#primaryimage\",\"url\":\"https:\\\/\\\/www.werbewoche.ch\\\/wp-content\\\/uploads\\\/2023\\\/06\\\/Rivella.jpg\",\"contentUrl\":\"https:\\\/\\\/www.werbewoche.ch\\\/wp-content\\\/uploads\\\/2023\\\/06\\\/Rivella.jpg\"},{\"@type\":\"BreadcrumbList\",\"@id\":\"https:\\\/\\\/www.organisator.ch\\\/sustainability\\\/2023-06-14\\\/photovoltaik-rivella-produziert-strom-jetzt-selbst\\\/#breadcrumb\",\"itemListElement\":[{\"@type\":\"ListItem\",\"position\":1,\"name\":\"Home\",\"item\":\"https:\\\/\\\/www.organisator.ch\\\/\"},{\"@type\":\"ListItem\",\"position\":2,\"name\":\"Photovoltaik: Rivella produziert Strom jetzt selbst\"}]},{\"@type\":\"WebSite\",\"@id\":\"https:\\\/\\\/www.organisator.ch\\\/#website\",\"url\":\"https:\\\/\\\/www.organisator.ch\\\/\",\"name\":\"Organisator\",\"description\":\"Kompetent. Praxisnah. Der ORGANISATOR bereitet in 10 Ausgaben pro Jahr die wesentlichen Themen f\u00fcr F\u00fchrungskr\u00e4fte von KMU auf.\",\"publisher\":{\"@id\":\"https:\\\/\\\/www.organisator.ch\\\/#organization\"},\"potentialAction\":[{\"@type\":\"SearchAction\",\"target\":{\"@type\":\"EntryPoint\",\"urlTemplate\":\"https:\\\/\\\/www.organisator.ch\\\/?s={search_term_string}\"},\"query-input\":{\"@type\":\"PropertyValueSpecification\",\"valueRequired\":true,\"valueName\":\"search_term_string\"}}],\"inLanguage\":\"de\"},{\"@type\":\"Organization\",\"@id\":\"https:\\\/\\\/www.organisator.ch\\\/#organization\",\"name\":\"Organisator\",\"url\":\"https:\\\/\\\/www.organisator.ch\\\/\",\"logo\":{\"@type\":\"ImageObject\",\"inLanguage\":\"de\",\"@id\":\"https:\\\/\\\/www.organisator.ch\\\/#\\\/schema\\\/logo\\\/image\\\/\",\"url\":\"https:\\\/\\\/www.organisator.ch\\\/wp-content\\\/uploads\\\/2022\\\/01\\\/Logo_Organisator_Website.png\",\"contentUrl\":\"https:\\\/\\\/www.organisator.ch\\\/wp-content\\\/uploads\\\/2022\\\/01\\\/Logo_Organisator_Website.png\",\"width\":800,\"height\":77,\"caption\":\"Organisator\"},\"image\":{\"@id\":\"https:\\\/\\\/www.organisator.ch\\\/#\\\/schema\\\/logo\\\/image\\\/\"},\"sameAs\":[\"https:\\\/\\\/www.facebook.com\\\/OrganisatorFachmagazin\",\"https:\\\/\\\/www.linkedin.com\\\/showcase\\\/organisator-das-magazin-fr-kmu\",\"https:\\\/\\\/www.xing.com\\\/news\\\/pages\\\/organisator-ch-695\",\"https:\\\/\\\/www.youtube.com\\\/channel\\\/UCGP2Sq0iWaZwT3BdIAQFYpw\"]},{\"@type\":\"Person\",\"@id\":\"https:\\\/\\\/www.organisator.ch\\\/#\\\/schema\\\/person\\\/4e51799071cd2dd1232ac003643ef5f0\",\"name\":\"galledia\",\"image\":{\"@type\":\"ImageObject\",\"inLanguage\":\"de\",\"@id\":\"https:\\\/\\\/secure.gravatar.com\\\/avatar\\\/78a7f90c01fc2bfc875782a0d4922b37cde2cf184ce347b91316d23cd7f69a36?s=96&d=mm&r=g\",\"url\":\"https:\\\/\\\/secure.gravatar.com\\\/avatar\\\/78a7f90c01fc2bfc875782a0d4922b37cde2cf184ce347b91316d23cd7f69a36?s=96&d=mm&r=g\",\"contentUrl\":\"https:\\\/\\\/secure.gravatar.com\\\/avatar\\\/78a7f90c01fc2bfc875782a0d4922b37cde2cf184ce347b91316d23cd7f69a36?s=96&d=mm&r=g\",\"caption\":\"galledia\"},\"sameAs\":[\"https:\\\/\\\/x.com\\\/admin\"],\"url\":\"https:\\\/\\\/www.organisator.ch\\\/de\\\/author\\\/galledia\\\/\"}]}<\/script>\n<!-- \/ Yoast SEO plugin. -->","yoast_head_json":{"title":"Photovoltaik: Rivella produziert Strom jetzt selbst - Organisator","robots":{"index":"index","follow":"follow","max-snippet":"max-snippet:-1","max-image-preview":"max-image-preview:large","max-video-preview":"max-video-preview:-1"},"canonical":"https:\/\/www.organisator.ch\/de\/sustainability\/2023-06-14\/photovoltaik-rivella-produziert-strom-jetzt-selbst\/","og_locale":"de_DE","og_type":"article","og_title":"Photovoltaik: Rivella produziert Strom jetzt selbst - Organisator","og_description":"Mit ihrer neuen Photovoltaik-Anlage auf dem Dach kann die Rivella Group etwa 700'000 Kilowattstunden umweltfreundlichen Solarstrom produzieren, das sind zehn Prozent ihres Energiebedarfs.","og_url":"https:\/\/www.organisator.ch\/de\/sustainability\/2023-06-14\/photovoltaik-rivella-produziert-strom-jetzt-selbst\/","og_site_name":"Organisator","article_publisher":"https:\/\/www.facebook.com\/OrganisatorFachmagazin","article_published_time":"2023-06-14T08:12:42+00:00","article_modified_time":"2023-06-15T09:06:01+00:00","og_image":[{"url":"https:\/\/www.werbewoche.ch\/wp-content\/uploads\/2023\/06\/Rivella.jpg","type":"","width":"","height":""}],"author":"galledia","twitter_card":"summary_large_image","twitter_creator":"@admin","schema":{"@context":"https:\/\/schema.org","@graph":[{"@type":"Article","@id":"https:\/\/www.organisator.ch\/sustainability\/2023-06-14\/photovoltaik-rivella-produziert-strom-jetzt-selbst\/#article","isPartOf":{"@id":"https:\/\/www.organisator.ch\/sustainability\/2023-06-14\/photovoltaik-rivella-produziert-strom-jetzt-selbst\/"},"author":{"name":"galledia","@id":"https:\/\/www.organisator.ch\/#\/schema\/person\/4e51799071cd2dd1232ac003643ef5f0"},"headline":"Photovoltaik: Rivella produziert Strom jetzt selbst","datePublished":"2023-06-14T08:12:42+00:00","dateModified":"2023-06-15T09:06:01+00:00","mainEntityOfPage":{"@id":"https:\/\/www.organisator.ch\/sustainability\/2023-06-14\/photovoltaik-rivella-produziert-strom-jetzt-selbst\/"},"wordCount":175,"publisher":{"@id":"https:\/\/www.organisator.ch\/#organization"},"image":{"@id":"https:\/\/www.organisator.ch\/sustainability\/2023-06-14\/photovoltaik-rivella-produziert-strom-jetzt-selbst\/#primaryimage"},"thumbnailUrl":"https:\/\/www.werbewoche.ch\/wp-content\/uploads\/2023\/06\/Rivella.jpg","keywords":["Marketing","Nachhaltige Wirtschaft","Photovoltaik","Unternehmen"],"articleSection":["SUSTAINABILITY"],"inLanguage":"de"},{"@type":"WebPage","@id":"https:\/\/www.organisator.ch\/sustainability\/2023-06-14\/photovoltaik-rivella-produziert-strom-jetzt-selbst\/","url":"https:\/\/www.organisator.ch\/sustainability\/2023-06-14\/photovoltaik-rivella-produziert-strom-jetzt-selbst\/","name":"Photovoltaik: Rivella produziert Strom jetzt selbst - Organisator","isPartOf":{"@id":"https:\/\/www.organisator.ch\/#website"},"primaryImageOfPage":{"@id":"https:\/\/www.organisator.ch\/sustainability\/2023-06-14\/photovoltaik-rivella-produziert-strom-jetzt-selbst\/#primaryimage"},"image":{"@id":"https:\/\/www.organisator.ch\/sustainability\/2023-06-14\/photovoltaik-rivella-produziert-strom-jetzt-selbst\/#primaryimage"},"thumbnailUrl":"https:\/\/www.werbewoche.ch\/wp-content\/uploads\/2023\/06\/Rivella.jpg","datePublished":"2023-06-14T08:12:42+00:00","dateModified":"2023-06-15T09:06:01+00:00","breadcrumb":{"@id":"https:\/\/www.organisator.ch\/sustainability\/2023-06-14\/photovoltaik-rivella-produziert-strom-jetzt-selbst\/#breadcrumb"},"inLanguage":"de","potentialAction":[{"@type":"ReadAction","target":["https:\/\/www.organisator.ch\/sustainability\/2023-06-14\/photovoltaik-rivella-produziert-strom-jetzt-selbst\/"]}]},{"@type":"ImageObject","inLanguage":"de","@id":"https:\/\/www.organisator.ch\/sustainability\/2023-06-14\/photovoltaik-rivella-produziert-strom-jetzt-selbst\/#primaryimage","url":"https:\/\/www.werbewoche.ch\/wp-content\/uploads\/2023\/06\/Rivella.jpg","contentUrl":"https:\/\/www.werbewoche.ch\/wp-content\/uploads\/2023\/06\/Rivella.jpg"},{"@type":"BreadcrumbList","@id":"https:\/\/www.organisator.ch\/sustainability\/2023-06-14\/photovoltaik-rivella-produziert-strom-jetzt-selbst\/#breadcrumb","itemListElement":[{"@type":"ListItem","position":1,"name":"Home","item":"https:\/\/www.organisator.ch\/"},{"@type":"ListItem","position":2,"name":"Photovoltaik: Rivella produziert Strom jetzt selbst"}]},{"@type":"WebSite","@id":"https:\/\/www.organisator.ch\/#website","url":"https:\/\/www.organisator.ch\/","name":"Organisator","description":"Kompetent. Praxisnah. Der ORGANISATOR bereitet in 10 Ausgaben pro Jahr die wesentlichen Themen f\u00fcr F\u00fchrungskr\u00e4fte von KMU auf.","publisher":{"@id":"https:\/\/www.organisator.ch\/#organization"},"potentialAction":[{"@type":"SearchAction","target":{"@type":"EntryPoint","urlTemplate":"https:\/\/www.organisator.ch\/?s={search_term_string}"},"query-input":{"@type":"PropertyValueSpecification","valueRequired":true,"valueName":"search_term_string"}}],"inLanguage":"de"},{"@type":"Organization","@id":"https:\/\/www.organisator.ch\/#organization","name":"Organisator","url":"https:\/\/www.organisator.ch\/","logo":{"@type":"ImageObject","inLanguage":"de","@id":"https:\/\/www.organisator.ch\/#\/schema\/logo\/image\/","url":"https:\/\/www.organisator.ch\/wp-content\/uploads\/2022\/01\/Logo_Organisator_Website.png","contentUrl":"https:\/\/www.organisator.ch\/wp-content\/uploads\/2022\/01\/Logo_Organisator_Website.png","width":800,"height":77,"caption":"Organisator"},"image":{"@id":"https:\/\/www.organisator.ch\/#\/schema\/logo\/image\/"},"sameAs":["https:\/\/www.facebook.com\/OrganisatorFachmagazin","https:\/\/www.linkedin.com\/showcase\/organisator-das-magazin-fr-kmu","https:\/\/www.xing.com\/news\/pages\/organisator-ch-695","https:\/\/www.youtube.com\/channel\/UCGP2Sq0iWaZwT3BdIAQFYpw"]},{"@type":"Person","@id":"https:\/\/www.organisator.ch\/#\/schema\/person\/4e51799071cd2dd1232ac003643ef5f0","name":"galledia","image":{"@type":"ImageObject","inLanguage":"de","@id":"https:\/\/secure.gravatar.com\/avatar\/78a7f90c01fc2bfc875782a0d4922b37cde2cf184ce347b91316d23cd7f69a36?s=96&d=mm&r=g","url":"https:\/\/secure.gravatar.com\/avatar\/78a7f90c01fc2bfc875782a0d4922b37cde2cf184ce347b91316d23cd7f69a36?s=96&d=mm&r=g","contentUrl":"https:\/\/secure.gravatar.com\/avatar\/78a7f90c01fc2bfc875782a0d4922b37cde2cf184ce347b91316d23cd7f69a36?s=96&d=mm&r=g","caption":"galledia"},"sameAs":["https:\/\/x.com\/admin"],"url":"https:\/\/www.organisator.ch\/de\/author\/galledia\/"}]}},"_links":{"self":[{"href":"https:\/\/www.organisator.ch\/de\/wp-json\/wp\/v2\/posts\/20708","targetHints":{"allow":["GET"]}}],"collection":[{"href":"https:\/\/www.organisator.ch\/de\/wp-json\/wp\/v2\/posts"}],"about":[{"href":"https:\/\/www.organisator.ch\/de\/wp-json\/wp\/v2\/types\/post"}],"author":[{"embeddable":true,"href":"https:\/\/www.organisator.ch\/de\/wp-json\/wp\/v2\/users\/8"}],"replies":[{"embeddable":true,"href":"https:\/\/www.organisator.ch\/de\/wp-json\/wp\/v2\/comments?post=20708"}],"version-history":[{"count":4,"href":"https:\/\/www.organisator.ch\/de\/wp-json\/wp\/v2\/posts\/20708\/revisions"}],"predecessor-version":[{"id":20725,"href":"https:\/\/www.organisator.ch\/de\/wp-json\/wp\/v2\/posts\/20708\/revisions\/20725"}],"wp:attachment":[{"href":"https:\/\/www.organisator.ch\/de\/wp-json\/wp\/v2\/media?parent=20708"}],"wp:term":[{"taxonomy":"category","embeddable":true,"href":"https:\/\/www.organisator.ch\/de\/wp-json\/wp\/v2\/categories?post=20708"},{"taxonomy":"post_tag","embeddable":true,"href":"https:\/\/www.organisator.ch\/de\/wp-json\/wp\/v2\/tags?post=20708"}],"curies":[{"name":"wp","href":"https:\/\/api.w.org\/{rel}","templated":true}]}}