{"id":20733,"date":"2023-06-15T14:03:51","date_gmt":"2023-06-15T12:03:51","guid":{"rendered":"https:\/\/www.m-q.ch\/?p=18184"},"modified":"2024-11-15T13:49:49","modified_gmt":"2024-11-15T12:49:49","slug":"cyber-risiken-als-groesstes-haftungsrisiko-fuer-manager","status":"publish","type":"post","link":"https:\/\/www.organisator.ch\/de\/operational-excellence\/2023-06-15\/cyber-risiken-als-groesstes-haftungsrisiko-fuer-manager\/","title":{"rendered":"Cyber-Risiken als gr\u00f6sstes Haftungsrisiko f\u00fcr Manager"},"content":{"rendered":"<figure id=\"attachment_18186\" class=\"wp-caption alignnone\" style=\"width: 680px\" aria-describedby=\"caption-attachment-18186\"><img class=\"alignnone wp-image-18186 size-full\" src=\"https:\/\/www.m-q.ch\/wp-content\/uploads\/2023\/06\/Cyber-Risiken-als-groesstes-Haftungsrisiko-fuer-Manager_MQ.jpg\" alt=\"Cyber-Haftungsrisiken\" width=\"680\" height=\"453\" \/>\r\n<figcaption id=\"caption-attachment-18186\" class=\"wp-caption-text\">Haftungsrisiko: Sieben Top-Risiken machen den Managern besonders Sorgen. (Bild: Pixabay.com)<\/figcaption>\r\n<\/figure>\r\n<p>Manager in Deutschland, \u00d6sterreich und der Schweiz (DACH) nehmen Cyber-Risiken als bedeutendste Haftungsrisiken wahr. Dies geht aus dem j\u00e4hrlichen \u201eDirectors\u2018 and Officers\u2018 (D&amp;O) Liability Survey\u201c der Unternehmensberatung WTW und der internationalen Anwaltssoziet\u00e4t Clyde &amp; Co hervor, f\u00fcr den 610 Vorst\u00e4nde, Gesch\u00e4ftsf\u00fchrer und Risikomanager aus 40 L\u00e4ndern zu ihren gr\u00f6ssten Haftungsrisiken befragt wurden.<\/p>\r\n<h3>Cyber-Erpressung als Top-Haftungsrisiko<\/h3>\r\n<p>Die Top-3-Pl\u00e4tze in der DACH-Region belegen Cyber-Erpressung, -Attacken und Datenverlust (Abb. 1). Dies deckt sich mit der weltweiten Einsch\u00e4tzung der Manager. \u201eWir erkennen deutlich die Unsicherheiten und hohen Volatilit\u00e4ten, denen die Unternehmen derzeit ausgesetzt sind. Sie sind umgeben von andauernden Krisen und m\u00fcssen gleichzeitig ihre Gesch\u00e4ftst\u00e4tigkeit aufrechterhalten. \u201eRisikomanagement bekommt daher noch mehr strategische Relevanz und unterst\u00fctzt die Firmen in dieser Zeit besonders\u201c, sagt Kilian R. Manz, Head of Corporate Risk &amp; Broking Schweiz bei WTW in der Schweiz.<\/p>\r\n<table>\r\n<tbody>\r\n<tr>\r\n<td width=\"47\">\r\n<p><strong>#<\/strong><\/p>\r\n<\/td>\r\n<td width=\"312\">\r\n<p><strong>\u00a0<\/strong><\/p>\r\n<\/td>\r\n<td width=\"123\">\r\n<p><strong>DACH-Region<\/strong><\/p>\r\n<\/td>\r\n<td width=\"123\">\r\n<p><strong>Weltweit<\/strong><\/p>\r\n<\/td>\r\n<\/tr>\r\n<tr>\r\n<td width=\"47\">\r\n<p>1<\/p>\r\n<\/td>\r\n<td width=\"312\">\r\n<p>Cyber-Erpressung<\/p>\r\n<\/td>\r\n<td width=\"123\">\r\n<p>67%<\/p>\r\n<\/td>\r\n<td width=\"123\">\r\n<p>57%<\/p>\r\n<\/td>\r\n<\/tr>\r\n<tr>\r\n<td width=\"47\">\r\n<p>2<\/p>\r\n<\/td>\r\n<td width=\"312\">\r\n<p>Cyber-Attacken<\/p>\r\n<\/td>\r\n<td width=\"123\">\r\n<p>67%<\/p>\r\n<\/td>\r\n<td width=\"123\">\r\n<p>62%<\/p>\r\n<\/td>\r\n<\/tr>\r\n<tr>\r\n<td width=\"47\">\r\n<p>3<\/p>\r\n<\/td>\r\n<td width=\"312\">\r\n<p>Datenverlust<\/p>\r\n<\/td>\r\n<td width=\"123\">\r\n<p>52%<\/p>\r\n<\/td>\r\n<td width=\"123\">\r\n<p>62%<\/p>\r\n<\/td>\r\n<\/tr>\r\n<tr>\r\n<td width=\"47\">\r\n<p>4<\/p>\r\n<\/td>\r\n<td width=\"312\">\r\n<p>Klimawandel<\/p>\r\n<\/td>\r\n<td width=\"123\">\r\n<p>52%<\/p>\r\n<\/td>\r\n<td width=\"123\">\r\n<p>42%<\/p>\r\n<\/td>\r\n<\/tr>\r\n<tr>\r\n<td width=\"47\">\r\n<p>5<\/p>\r\n<\/td>\r\n<td width=\"312\">\r\n<p>Bestechung und Korruption<\/p>\r\n<\/td>\r\n<td width=\"123\">\r\n<p>45%<\/p>\r\n<\/td>\r\n<td width=\"123\">\r\n<p>47%<\/p>\r\n<\/td>\r\n<\/tr>\r\n<tr>\r\n<td width=\"47\">\r\n<p>6<\/p>\r\n<\/td>\r\n<td width=\"312\">\r\n<p>Umweltverschmutzung<\/p>\r\n<\/td>\r\n<td width=\"123\">\r\n<p>45%<\/p>\r\n<\/td>\r\n<td width=\"123\">\r\n<p>37%<\/p>\r\n<\/td>\r\n<\/tr>\r\n<tr>\r\n<td width=\"47\">\r\n<p>7<\/p>\r\n<\/td>\r\n<td width=\"312\">\r\n<p>Kartellgesetz\/-richtlinien<\/p>\r\n<\/td>\r\n<td width=\"123\">\r\n<p>42%<\/p>\r\n<\/td>\r\n<td width=\"123\">\r\n<p>37%<\/p>\r\n<\/td>\r\n<\/tr>\r\n<\/tbody>\r\n<\/table>\r\n<p><em>Abb. 1: Wie gross sind die folgenden Risiken f\u00fcr die F\u00fchrungskr\u00e4fte Ihrer Organisation? (Prozentanteil der Befragten, die mit \u201esehr\u201c oder \u201eextrem bedeutend\u201c geantwortet haben.)<\/em><\/p>\r\n<h3><strong>Cyber- und Wirtschaftsrisiken bedrohen Gesch\u00e4ftst\u00e4tigkeit<\/strong><\/h3>\r\n<p>Gefragt nach den gr\u00f6ssten Risiken f\u00fcr ihr Gesamtunternehmen, sch\u00e4tzen DACH-Manager ebenfalls Cyber-Gefahren als gr\u00f6sstes Haftungsrisiko ein: 67 Prozent der befragten Personen sehen darin eine Bedrohung f\u00fcr ihre Gesch\u00e4ftst\u00e4tigkeit. Es folgen \u00f6konomische Risiken wie der enge Arbeitsmarkt sowie Inflation und Rezession (64 Prozent), gleichauf mit regulatorischen H\u00fcrden (siehe Abb. 2 im Kasten).<\/p>\r\n<p>In den weltweiten Antworten dominieren dagegen die \u00f6konomischen Risiken. \u201eInnerhalb dieser Risiken f\u00fchlen sich Unternehmen weltweit von Inflation, Rezession und Fachkr\u00e4ftemangel am st\u00e4rksten bedroht\u201c, sagt Manz. Das Arbeitsmarkt-Risiko, also die schwierige Anwerbung und Bindung von Arbeitskr\u00e4ften, wird im DACH-Raum mit 74 Prozent beziffert.<\/p>\r\n<h3><strong>Cyber: Risiko durch Erpressung steigt<\/strong><\/h3>\r\n<p>Bedrohungen durch Cyber-Attacken und Datenverlust nehmen seit Jahren an Relevanz zu und finden sich seit 2018 in der Liste der Top-Risiken f\u00fcr Manager wieder \u2013 ungeachtet der Unternehmensgr\u00f6sse. Seit 2022 ist das Thema Cyber-Erpressung vermehrt ins Blickfeld der Manager geraten. \u201eDie Forderungen bei Cyber-Erpressungen k\u00f6nnen je nach Sensibilit\u00e4t und Datenkategorie signifikant sein, weshalb Angreifer sich auf entsprechend attraktive Ziele fokussieren\u201c, sagt Leotrim Jasiqi, Head of FINEX Switzerland bei WTW. \u201eDer technologische Vorsprung der Kriminellen sorgt f\u00fcr eine wechselnde Dynamik des Risikos. Das Risikomanagement muss dementsprechend kontinuierlich \u00fcberpr\u00fcft und falls notwendig angepasst werden. Zwar ist das Haftungsrisiko durch gut ausgestaltete und aufeinander abgestimmte Cyber- und D&amp;O-Policen gedeckt \u2013 Versicherer k\u00f6nnen diese Deckung jedoch einschr\u00e4nken, wenn Unternehmen keine geeigneten IT-Sicherheitsmassnamen vorweisen k\u00f6nnen.\u201c<\/p>\r\n<h3><strong>Haftungsrisiko Klima: Stellenwert geringer als erwartet<\/strong><\/h3>\r\n<p>Klimawandel und Umweltverschmutzung als D&amp;O-Haftpflichtrisiken sind in DACH etwas h\u00f6her eingeordnet als weltweit \u2013 aber f\u00fcr fast die H\u00e4lfte der befragten Manager spielen sie eine untergeordnete Rolle. Lediglich f\u00fcr Manager von Organisationen mit einem Umsatz ab f\u00fcnf Milliarden Dollar z\u00e4hlt der Klimawandel zu den Top-7-Risiken. \u201eJe nach Unternehmensgr\u00f6sse ver\u00e4ndert sich die Beurteilung der kritischen, ernstzunehmenden Bedrohungen\u201c, so Jasiqi. \u201eGrosse, b\u00f6rsennotierte Konzerne haben bestimmte Offenlegungspflichten, die die Gefahr einer Klage im Zusammenhang mit ESG erh\u00f6hen k\u00f6nnen. F\u00fcr die kleineren Unternehmen ist das Insolvenzrisiko deutlich st\u00e4rker pr\u00e4sent. Sch\u00e4den im Zusammenhang mit Insolvenzen stellen ein erh\u00f6htes D&amp;O-Risiko dar.\u201c Der D&amp;O Survey belegt dies: 51 Prozent der Firmen mit einem Umsatz von weniger als 50 Millionen Dollar bewerteten das Risiko von Insolvenz oder finanziellen Notlagen als sehr oder extrem signifikant.<\/p>\r\n<p>Jasiqi weiter: \u201eEs gibt immer wieder Beispiele von Unternehmen, welche sich von einem Cyberangriff nicht erholen konnten. Bei ESG-Risiken ist diese Tendenz (noch) nicht ersichtlich. Dennoch l\u00e4sst sich sagen, dass je gr\u00f6sser das Unternehmen, desto h\u00f6her f\u00e4llt in der Regel der \u00f6kologische Fussabdruck aus. Auch die internationale Ausrichtung kann bei der Beurteilung der sozialen und regulatorischen Verantwortung entscheidend sein. \u201c<\/p>\r\n<p>\u201eDatenbasierte Grundlagen unterst\u00fctzen dabei, zeitrelevante Entscheide zu treffen und Standards zu definieren. Dies ist umso wichtiger, da wir damit rechnen m\u00fcssen, dass Haftungsrisiken in Zukunft weiter zunehmen werden\u201c, sagt Manz. \u201eDas Cyber-Risiko ist f\u00fcr viele Marktteilnehmer kaum beherrschbar und kann nur durch st\u00e4rkere Sicherheitsmassnahmen begrenzt werden. Unternehmen sollten gerade vor diesem Hintergrund im Rahmen ihres Risikomanagementprozesses die Absicherung dieser Haftungsrisiken dezidiert auf den Pr\u00fcfstand stellen.\u201c<\/p>\r\n<p><em>Quelle: <a href=\"http:\/\/www.wtwco.com\/\">WTW<\/a><\/em><\/p>\r\n<blockquote>\r\n<h3>\u00dcbersichten weitere Risiken<\/h3>\r\n<p><strong>Risiken f\u00fcr Gesch\u00e4ftsbetrieb<\/strong><\/p>\r\n<table width=\"636\">\r\n<thead>\r\n<tr>\r\n<td>\r\n<table>\r\n<tbody>\r\n<tr>\r\n<td width=\"367\">\r\n<p><strong>\u00a0<\/strong><\/p>\r\n<\/td>\r\n<td width=\"132\">\r\n<p><strong>DACH-Region<\/strong><\/p>\r\n<\/td>\r\n<td width=\"134\">\r\n<p><strong>Gesamthaft<\/strong><\/p>\r\n<\/td>\r\n<\/tr>\r\n<tr>\r\n<td width=\"367\">\r\n<p>Cyber-Risiken<\/p>\r\n<\/td>\r\n<td width=\"132\">\r\n<p>67%<\/p>\r\n<\/td>\r\n<td width=\"134\">\r\n<p>62%<\/p>\r\n<\/td>\r\n<\/tr>\r\n<tr>\r\n<td width=\"367\">\r\n<p>Regulatorische\/legislative \u00c4nderungen<\/p>\r\n<\/td>\r\n<td width=\"132\">\r\n<p>64%<\/p>\r\n<\/td>\r\n<td width=\"134\">\r\n<p>61%<\/p>\r\n<\/td>\r\n<\/tr>\r\n<tr>\r\n<td width=\"367\">\r\n<p>\u00d6konomische Risiken<\/p>\r\n<\/td>\r\n<td width=\"132\">\r\n<p>64%<\/p>\r\n<\/td>\r\n<td width=\"134\">\r\n<p>63%<\/p>\r\n<\/td>\r\n<\/tr>\r\n<tr>\r\n<td width=\"367\">\r\n<p>Klimawandel<\/p>\r\n<\/td>\r\n<td width=\"132\">\r\n<p>50%<\/p>\r\n<\/td>\r\n<td width=\"134\">\r\n<p>39%<\/p>\r\n<\/td>\r\n<\/tr>\r\n<tr>\r\n<td width=\"367\">\r\n<p>Covid-19 und Lockdown-Massnahmen<\/p>\r\n<\/td>\r\n<td width=\"132\">\r\n<p>48%<\/p>\r\n<\/td>\r\n<td width=\"134\">\r\n<p>42%<\/p>\r\n<\/td>\r\n<\/tr>\r\n<tr>\r\n<td width=\"367\">\r\n<p>Technologische Fortschritte<\/p>\r\n<p>(k\u00fcnstliche Intelligenz und maschinelles Lernen)<\/p>\r\n<\/td>\r\n<td width=\"132\">\r\n<p>48%<\/p>\r\n<\/td>\r\n<td width=\"134\">\r\n<p>42%<\/p>\r\n<\/td>\r\n<\/tr>\r\n<tr>\r\n<td width=\"367\">\r\n<p>Geopolitische Risiken<\/p>\r\n<\/td>\r\n<td width=\"132\">\r\n<p>42%<\/p>\r\n<\/td>\r\n<td width=\"134\">\r\n<p>46%<\/p>\r\n<\/td>\r\n<\/tr>\r\n<tr>\r\n<td width=\"367\">\r\n<p>Vielfalt, Gleichstellung und Inklusion<\/p>\r\n<\/td>\r\n<td width=\"132\">\r\n<p>18%<\/p>\r\n<\/td>\r\n<td width=\"134\">\r\n<p>31%<\/p>\r\n<\/td>\r\n<\/tr>\r\n<tr>\r\n<td width=\"367\">\r\n<p>Brexit<\/p>\r\n<\/td>\r\n<td width=\"132\">\r\n<p>0%<\/p>\r\n<\/td>\r\n<td width=\"134\">\r\n<p>11%<\/p>\r\n<\/td>\r\n<\/tr>\r\n<\/tbody>\r\n<\/table>\r\n<p><em>Abb. 2: Welche Risiken bedrohen den Gesch\u00e4ftsbetrieb Ihres Unternehmens am st\u00e4rksten? (Prozentanteil der Befragten, die mit \u201esehr\u201c oder \u201eextrem bedeutend\u201c geantwortet haben.)<\/em><\/p>\r\n<\/td>\r\n<\/tr>\r\n<\/thead>\r\n<\/table>\r\n<\/blockquote>\n<p class=\"syndicated-attribution\">Dieser Beitrag erschien urspr\u00fcnglich auf m-q.ch - <a href=\"https:\/\/www.m-q.ch\/de\/cyber-risiken-als-groesstes-haftungsrisiko-fuer-manager\/\" target=\"_blank\">https:\/\/www.m-q.ch\/de\/cyber-risiken-als-groesstes-haftungsrisiko-fuer-manager\/<\/a><\/p>","protected":false},"excerpt":{"rendered":"<p>Geht es um die gr\u00f6ssten Haftungsrisiken f\u00fcr F\u00fchrungskr\u00e4fte, werden Cyber-Erpressung, -Attacken und Datenverlust als erstes genannt. Wie der \u201eDirectors&#8216; and Officers&#8216; Liability Survey\u201c von WTW zeigt, sind ausserdem Klimawandel, Korruption, Umweltverschmutzung sowie Regulierungen eine Bedrohung f\u00fcr die Gesch\u00e4ftsf\u00fchrung.<\/p>\n","protected":false},"author":8,"featured_media":0,"comment_status":"closed","ping_status":"closed","sticky":false,"template":"","format":"standard","meta":{"_acf_changed":false,"_yoast_wpseo_focuskw":"Cyber-Haftungsrisiken","_yoast_wpseo_metadesc":"Manager der DACH-Region sehen Cyber-Erpressung und Attacken als bedeutendste Haftungsrisiken in 2023.","articlekey":"","footnotes":""},"categories":[582],"tags":[3819],"class_list":["post-20733","post","type-post","status-publish","format-standard","hentry","category-operational-excellence","tag-haftungsrisiko"],"acf":[],"yoast_head":"<!-- This site is optimized with the Yoast SEO plugin v27.5 - https:\/\/yoast.com\/product\/yoast-seo-wordpress\/ -->\n<title>Cyber-Risiken als gr\u00f6sstes Haftungsrisiko f\u00fcr Manager - Organisator<\/title>\n<meta name=\"description\" content=\"Manager der DACH-Region sehen Cyber-Erpressung und Attacken als bedeutendste Haftungsrisiken in 2023.\" \/>\n<meta name=\"robots\" content=\"index, follow, max-snippet:-1, max-image-preview:large, max-video-preview:-1\" \/>\n<link rel=\"canonical\" href=\"https:\/\/www.organisator.ch\/de\/operational-excellence\/2023-06-15\/cyber-risiken-als-groesstes-haftungsrisiko-fuer-manager\/\" \/>\n<meta property=\"og:locale\" content=\"de_DE\" \/>\n<meta property=\"og:type\" content=\"article\" \/>\n<meta property=\"og:title\" content=\"Cyber-Risiken als gr\u00f6sstes Haftungsrisiko f\u00fcr Manager - Organisator\" \/>\n<meta property=\"og:description\" content=\"Manager der DACH-Region sehen Cyber-Erpressung und Attacken als bedeutendste Haftungsrisiken in 2023.\" \/>\n<meta property=\"og:url\" content=\"https:\/\/www.organisator.ch\/de\/operational-excellence\/2023-06-15\/cyber-risiken-als-groesstes-haftungsrisiko-fuer-manager\/\" \/>\n<meta property=\"og:site_name\" content=\"Organisator\" \/>\n<meta property=\"article:publisher\" content=\"https:\/\/www.facebook.com\/OrganisatorFachmagazin\" \/>\n<meta property=\"article:published_time\" content=\"2023-06-15T12:03:51+00:00\" \/>\n<meta property=\"article:modified_time\" content=\"2024-11-15T12:49:49+00:00\" \/>\n<meta name=\"author\" content=\"galledia\" \/>\n<meta name=\"twitter:card\" content=\"summary_large_image\" \/>\n<meta name=\"twitter:creator\" content=\"@admin\" \/>\n<script type=\"application\/ld+json\" class=\"yoast-schema-graph\">{\"@context\":\"https:\\\/\\\/schema.org\",\"@graph\":[{\"@type\":\"Article\",\"@id\":\"https:\\\/\\\/www.organisator.ch\\\/operational-excellence\\\/2023-06-15\\\/cyber-risiken-als-groesstes-haftungsrisiko-fuer-manager\\\/#article\",\"isPartOf\":{\"@id\":\"https:\\\/\\\/www.organisator.ch\\\/operational-excellence\\\/2023-06-15\\\/cyber-risiken-als-groesstes-haftungsrisiko-fuer-manager\\\/\"},\"author\":{\"name\":\"galledia\",\"@id\":\"https:\\\/\\\/www.organisator.ch\\\/#\\\/schema\\\/person\\\/4e51799071cd2dd1232ac003643ef5f0\"},\"headline\":\"Cyber-Risiken als gr\u00f6sstes Haftungsrisiko f\u00fcr Manager\",\"datePublished\":\"2023-06-15T12:03:51+00:00\",\"dateModified\":\"2024-11-15T12:49:49+00:00\",\"mainEntityOfPage\":{\"@id\":\"https:\\\/\\\/www.organisator.ch\\\/operational-excellence\\\/2023-06-15\\\/cyber-risiken-als-groesstes-haftungsrisiko-fuer-manager\\\/\"},\"wordCount\":791,\"publisher\":{\"@id\":\"https:\\\/\\\/www.organisator.ch\\\/#organization\"},\"image\":{\"@id\":\"https:\\\/\\\/www.organisator.ch\\\/operational-excellence\\\/2023-06-15\\\/cyber-risiken-als-groesstes-haftungsrisiko-fuer-manager\\\/#primaryimage\"},\"thumbnailUrl\":\"https:\\\/\\\/www.m-q.ch\\\/wp-content\\\/uploads\\\/2023\\\/06\\\/Cyber-Risiken-als-groesstes-Haftungsrisiko-fuer-Manager_MQ.jpg\",\"keywords\":[\"Haftungsrisiko\"],\"articleSection\":[\"OPERATIONAL EXCELLENCE\"],\"inLanguage\":\"de\"},{\"@type\":\"WebPage\",\"@id\":\"https:\\\/\\\/www.organisator.ch\\\/operational-excellence\\\/2023-06-15\\\/cyber-risiken-als-groesstes-haftungsrisiko-fuer-manager\\\/\",\"url\":\"https:\\\/\\\/www.organisator.ch\\\/operational-excellence\\\/2023-06-15\\\/cyber-risiken-als-groesstes-haftungsrisiko-fuer-manager\\\/\",\"name\":\"Cyber-Risiken als gr\u00f6sstes Haftungsrisiko f\u00fcr Manager - Organisator\",\"isPartOf\":{\"@id\":\"https:\\\/\\\/www.organisator.ch\\\/#website\"},\"primaryImageOfPage\":{\"@id\":\"https:\\\/\\\/www.organisator.ch\\\/operational-excellence\\\/2023-06-15\\\/cyber-risiken-als-groesstes-haftungsrisiko-fuer-manager\\\/#primaryimage\"},\"image\":{\"@id\":\"https:\\\/\\\/www.organisator.ch\\\/operational-excellence\\\/2023-06-15\\\/cyber-risiken-als-groesstes-haftungsrisiko-fuer-manager\\\/#primaryimage\"},\"thumbnailUrl\":\"https:\\\/\\\/www.m-q.ch\\\/wp-content\\\/uploads\\\/2023\\\/06\\\/Cyber-Risiken-als-groesstes-Haftungsrisiko-fuer-Manager_MQ.jpg\",\"datePublished\":\"2023-06-15T12:03:51+00:00\",\"dateModified\":\"2024-11-15T12:49:49+00:00\",\"description\":\"Manager der DACH-Region sehen Cyber-Erpressung und Attacken als bedeutendste Haftungsrisiken in 2023.\",\"breadcrumb\":{\"@id\":\"https:\\\/\\\/www.organisator.ch\\\/operational-excellence\\\/2023-06-15\\\/cyber-risiken-als-groesstes-haftungsrisiko-fuer-manager\\\/#breadcrumb\"},\"inLanguage\":\"de\",\"potentialAction\":[{\"@type\":\"ReadAction\",\"target\":[\"https:\\\/\\\/www.organisator.ch\\\/operational-excellence\\\/2023-06-15\\\/cyber-risiken-als-groesstes-haftungsrisiko-fuer-manager\\\/\"]}]},{\"@type\":\"ImageObject\",\"inLanguage\":\"de\",\"@id\":\"https:\\\/\\\/www.organisator.ch\\\/operational-excellence\\\/2023-06-15\\\/cyber-risiken-als-groesstes-haftungsrisiko-fuer-manager\\\/#primaryimage\",\"url\":\"https:\\\/\\\/www.m-q.ch\\\/wp-content\\\/uploads\\\/2023\\\/06\\\/Cyber-Risiken-als-groesstes-Haftungsrisiko-fuer-Manager_MQ.jpg\",\"contentUrl\":\"https:\\\/\\\/www.m-q.ch\\\/wp-content\\\/uploads\\\/2023\\\/06\\\/Cyber-Risiken-als-groesstes-Haftungsrisiko-fuer-Manager_MQ.jpg\"},{\"@type\":\"BreadcrumbList\",\"@id\":\"https:\\\/\\\/www.organisator.ch\\\/operational-excellence\\\/2023-06-15\\\/cyber-risiken-als-groesstes-haftungsrisiko-fuer-manager\\\/#breadcrumb\",\"itemListElement\":[{\"@type\":\"ListItem\",\"position\":1,\"name\":\"Home\",\"item\":\"https:\\\/\\\/www.organisator.ch\\\/\"},{\"@type\":\"ListItem\",\"position\":2,\"name\":\"Cyber-Risiken als gr\u00f6sstes Haftungsrisiko f\u00fcr Manager\"}]},{\"@type\":\"WebSite\",\"@id\":\"https:\\\/\\\/www.organisator.ch\\\/#website\",\"url\":\"https:\\\/\\\/www.organisator.ch\\\/\",\"name\":\"Organisator\",\"description\":\"Kompetent. Praxisnah. Der ORGANISATOR bereitet in 10 Ausgaben pro Jahr die wesentlichen Themen f\u00fcr F\u00fchrungskr\u00e4fte von KMU auf.\",\"publisher\":{\"@id\":\"https:\\\/\\\/www.organisator.ch\\\/#organization\"},\"potentialAction\":[{\"@type\":\"SearchAction\",\"target\":{\"@type\":\"EntryPoint\",\"urlTemplate\":\"https:\\\/\\\/www.organisator.ch\\\/?s={search_term_string}\"},\"query-input\":{\"@type\":\"PropertyValueSpecification\",\"valueRequired\":true,\"valueName\":\"search_term_string\"}}],\"inLanguage\":\"de\"},{\"@type\":\"Organization\",\"@id\":\"https:\\\/\\\/www.organisator.ch\\\/#organization\",\"name\":\"Organisator\",\"url\":\"https:\\\/\\\/www.organisator.ch\\\/\",\"logo\":{\"@type\":\"ImageObject\",\"inLanguage\":\"de\",\"@id\":\"https:\\\/\\\/www.organisator.ch\\\/#\\\/schema\\\/logo\\\/image\\\/\",\"url\":\"https:\\\/\\\/www.organisator.ch\\\/wp-content\\\/uploads\\\/2022\\\/01\\\/Logo_Organisator_Website.png\",\"contentUrl\":\"https:\\\/\\\/www.organisator.ch\\\/wp-content\\\/uploads\\\/2022\\\/01\\\/Logo_Organisator_Website.png\",\"width\":800,\"height\":77,\"caption\":\"Organisator\"},\"image\":{\"@id\":\"https:\\\/\\\/www.organisator.ch\\\/#\\\/schema\\\/logo\\\/image\\\/\"},\"sameAs\":[\"https:\\\/\\\/www.facebook.com\\\/OrganisatorFachmagazin\",\"https:\\\/\\\/www.linkedin.com\\\/showcase\\\/organisator-das-magazin-fr-kmu\",\"https:\\\/\\\/www.xing.com\\\/news\\\/pages\\\/organisator-ch-695\",\"https:\\\/\\\/www.youtube.com\\\/channel\\\/UCGP2Sq0iWaZwT3BdIAQFYpw\"]},{\"@type\":\"Person\",\"@id\":\"https:\\\/\\\/www.organisator.ch\\\/#\\\/schema\\\/person\\\/4e51799071cd2dd1232ac003643ef5f0\",\"name\":\"galledia\",\"image\":{\"@type\":\"ImageObject\",\"inLanguage\":\"de\",\"@id\":\"https:\\\/\\\/secure.gravatar.com\\\/avatar\\\/78a7f90c01fc2bfc875782a0d4922b37cde2cf184ce347b91316d23cd7f69a36?s=96&d=mm&r=g\",\"url\":\"https:\\\/\\\/secure.gravatar.com\\\/avatar\\\/78a7f90c01fc2bfc875782a0d4922b37cde2cf184ce347b91316d23cd7f69a36?s=96&d=mm&r=g\",\"contentUrl\":\"https:\\\/\\\/secure.gravatar.com\\\/avatar\\\/78a7f90c01fc2bfc875782a0d4922b37cde2cf184ce347b91316d23cd7f69a36?s=96&d=mm&r=g\",\"caption\":\"galledia\"},\"sameAs\":[\"https:\\\/\\\/x.com\\\/admin\"],\"url\":\"https:\\\/\\\/www.organisator.ch\\\/de\\\/author\\\/galledia\\\/\"}]}<\/script>\n<!-- \/ Yoast SEO plugin. -->","yoast_head_json":{"title":"Cyber-Risiken als gr\u00f6sstes Haftungsrisiko f\u00fcr Manager - Organisator","description":"Manager der DACH-Region sehen Cyber-Erpressung und Attacken als bedeutendste Haftungsrisiken in 2023.","robots":{"index":"index","follow":"follow","max-snippet":"max-snippet:-1","max-image-preview":"max-image-preview:large","max-video-preview":"max-video-preview:-1"},"canonical":"https:\/\/www.organisator.ch\/de\/operational-excellence\/2023-06-15\/cyber-risiken-als-groesstes-haftungsrisiko-fuer-manager\/","og_locale":"de_DE","og_type":"article","og_title":"Cyber-Risiken als gr\u00f6sstes Haftungsrisiko f\u00fcr Manager - Organisator","og_description":"Manager der DACH-Region sehen Cyber-Erpressung und Attacken als bedeutendste Haftungsrisiken in 2023.","og_url":"https:\/\/www.organisator.ch\/de\/operational-excellence\/2023-06-15\/cyber-risiken-als-groesstes-haftungsrisiko-fuer-manager\/","og_site_name":"Organisator","article_publisher":"https:\/\/www.facebook.com\/OrganisatorFachmagazin","article_published_time":"2023-06-15T12:03:51+00:00","article_modified_time":"2024-11-15T12:49:49+00:00","author":"galledia","twitter_card":"summary_large_image","twitter_creator":"@admin","schema":{"@context":"https:\/\/schema.org","@graph":[{"@type":"Article","@id":"https:\/\/www.organisator.ch\/operational-excellence\/2023-06-15\/cyber-risiken-als-groesstes-haftungsrisiko-fuer-manager\/#article","isPartOf":{"@id":"https:\/\/www.organisator.ch\/operational-excellence\/2023-06-15\/cyber-risiken-als-groesstes-haftungsrisiko-fuer-manager\/"},"author":{"name":"galledia","@id":"https:\/\/www.organisator.ch\/#\/schema\/person\/4e51799071cd2dd1232ac003643ef5f0"},"headline":"Cyber-Risiken als gr\u00f6sstes Haftungsrisiko f\u00fcr Manager","datePublished":"2023-06-15T12:03:51+00:00","dateModified":"2024-11-15T12:49:49+00:00","mainEntityOfPage":{"@id":"https:\/\/www.organisator.ch\/operational-excellence\/2023-06-15\/cyber-risiken-als-groesstes-haftungsrisiko-fuer-manager\/"},"wordCount":791,"publisher":{"@id":"https:\/\/www.organisator.ch\/#organization"},"image":{"@id":"https:\/\/www.organisator.ch\/operational-excellence\/2023-06-15\/cyber-risiken-als-groesstes-haftungsrisiko-fuer-manager\/#primaryimage"},"thumbnailUrl":"https:\/\/www.m-q.ch\/wp-content\/uploads\/2023\/06\/Cyber-Risiken-als-groesstes-Haftungsrisiko-fuer-Manager_MQ.jpg","keywords":["Haftungsrisiko"],"articleSection":["OPERATIONAL EXCELLENCE"],"inLanguage":"de"},{"@type":"WebPage","@id":"https:\/\/www.organisator.ch\/operational-excellence\/2023-06-15\/cyber-risiken-als-groesstes-haftungsrisiko-fuer-manager\/","url":"https:\/\/www.organisator.ch\/operational-excellence\/2023-06-15\/cyber-risiken-als-groesstes-haftungsrisiko-fuer-manager\/","name":"Cyber-Risiken als gr\u00f6sstes Haftungsrisiko f\u00fcr Manager - Organisator","isPartOf":{"@id":"https:\/\/www.organisator.ch\/#website"},"primaryImageOfPage":{"@id":"https:\/\/www.organisator.ch\/operational-excellence\/2023-06-15\/cyber-risiken-als-groesstes-haftungsrisiko-fuer-manager\/#primaryimage"},"image":{"@id":"https:\/\/www.organisator.ch\/operational-excellence\/2023-06-15\/cyber-risiken-als-groesstes-haftungsrisiko-fuer-manager\/#primaryimage"},"thumbnailUrl":"https:\/\/www.m-q.ch\/wp-content\/uploads\/2023\/06\/Cyber-Risiken-als-groesstes-Haftungsrisiko-fuer-Manager_MQ.jpg","datePublished":"2023-06-15T12:03:51+00:00","dateModified":"2024-11-15T12:49:49+00:00","description":"Manager der DACH-Region sehen Cyber-Erpressung und Attacken als bedeutendste Haftungsrisiken in 2023.","breadcrumb":{"@id":"https:\/\/www.organisator.ch\/operational-excellence\/2023-06-15\/cyber-risiken-als-groesstes-haftungsrisiko-fuer-manager\/#breadcrumb"},"inLanguage":"de","potentialAction":[{"@type":"ReadAction","target":["https:\/\/www.organisator.ch\/operational-excellence\/2023-06-15\/cyber-risiken-als-groesstes-haftungsrisiko-fuer-manager\/"]}]},{"@type":"ImageObject","inLanguage":"de","@id":"https:\/\/www.organisator.ch\/operational-excellence\/2023-06-15\/cyber-risiken-als-groesstes-haftungsrisiko-fuer-manager\/#primaryimage","url":"https:\/\/www.m-q.ch\/wp-content\/uploads\/2023\/06\/Cyber-Risiken-als-groesstes-Haftungsrisiko-fuer-Manager_MQ.jpg","contentUrl":"https:\/\/www.m-q.ch\/wp-content\/uploads\/2023\/06\/Cyber-Risiken-als-groesstes-Haftungsrisiko-fuer-Manager_MQ.jpg"},{"@type":"BreadcrumbList","@id":"https:\/\/www.organisator.ch\/operational-excellence\/2023-06-15\/cyber-risiken-als-groesstes-haftungsrisiko-fuer-manager\/#breadcrumb","itemListElement":[{"@type":"ListItem","position":1,"name":"Home","item":"https:\/\/www.organisator.ch\/"},{"@type":"ListItem","position":2,"name":"Cyber-Risiken als gr\u00f6sstes Haftungsrisiko f\u00fcr Manager"}]},{"@type":"WebSite","@id":"https:\/\/www.organisator.ch\/#website","url":"https:\/\/www.organisator.ch\/","name":"Organisator","description":"Kompetent. Praxisnah. Der ORGANISATOR bereitet in 10 Ausgaben pro Jahr die wesentlichen Themen f\u00fcr F\u00fchrungskr\u00e4fte von KMU auf.","publisher":{"@id":"https:\/\/www.organisator.ch\/#organization"},"potentialAction":[{"@type":"SearchAction","target":{"@type":"EntryPoint","urlTemplate":"https:\/\/www.organisator.ch\/?s={search_term_string}"},"query-input":{"@type":"PropertyValueSpecification","valueRequired":true,"valueName":"search_term_string"}}],"inLanguage":"de"},{"@type":"Organization","@id":"https:\/\/www.organisator.ch\/#organization","name":"Organisator","url":"https:\/\/www.organisator.ch\/","logo":{"@type":"ImageObject","inLanguage":"de","@id":"https:\/\/www.organisator.ch\/#\/schema\/logo\/image\/","url":"https:\/\/www.organisator.ch\/wp-content\/uploads\/2022\/01\/Logo_Organisator_Website.png","contentUrl":"https:\/\/www.organisator.ch\/wp-content\/uploads\/2022\/01\/Logo_Organisator_Website.png","width":800,"height":77,"caption":"Organisator"},"image":{"@id":"https:\/\/www.organisator.ch\/#\/schema\/logo\/image\/"},"sameAs":["https:\/\/www.facebook.com\/OrganisatorFachmagazin","https:\/\/www.linkedin.com\/showcase\/organisator-das-magazin-fr-kmu","https:\/\/www.xing.com\/news\/pages\/organisator-ch-695","https:\/\/www.youtube.com\/channel\/UCGP2Sq0iWaZwT3BdIAQFYpw"]},{"@type":"Person","@id":"https:\/\/www.organisator.ch\/#\/schema\/person\/4e51799071cd2dd1232ac003643ef5f0","name":"galledia","image":{"@type":"ImageObject","inLanguage":"de","@id":"https:\/\/secure.gravatar.com\/avatar\/78a7f90c01fc2bfc875782a0d4922b37cde2cf184ce347b91316d23cd7f69a36?s=96&d=mm&r=g","url":"https:\/\/secure.gravatar.com\/avatar\/78a7f90c01fc2bfc875782a0d4922b37cde2cf184ce347b91316d23cd7f69a36?s=96&d=mm&r=g","contentUrl":"https:\/\/secure.gravatar.com\/avatar\/78a7f90c01fc2bfc875782a0d4922b37cde2cf184ce347b91316d23cd7f69a36?s=96&d=mm&r=g","caption":"galledia"},"sameAs":["https:\/\/x.com\/admin"],"url":"https:\/\/www.organisator.ch\/de\/author\/galledia\/"}]}},"_links":{"self":[{"href":"https:\/\/www.organisator.ch\/de\/wp-json\/wp\/v2\/posts\/20733","targetHints":{"allow":["GET"]}}],"collection":[{"href":"https:\/\/www.organisator.ch\/de\/wp-json\/wp\/v2\/posts"}],"about":[{"href":"https:\/\/www.organisator.ch\/de\/wp-json\/wp\/v2\/types\/post"}],"author":[{"embeddable":true,"href":"https:\/\/www.organisator.ch\/de\/wp-json\/wp\/v2\/users\/8"}],"replies":[{"embeddable":true,"href":"https:\/\/www.organisator.ch\/de\/wp-json\/wp\/v2\/comments?post=20733"}],"version-history":[{"count":3,"href":"https:\/\/www.organisator.ch\/de\/wp-json\/wp\/v2\/posts\/20733\/revisions"}],"predecessor-version":[{"id":33085,"href":"https:\/\/www.organisator.ch\/de\/wp-json\/wp\/v2\/posts\/20733\/revisions\/33085"}],"wp:attachment":[{"href":"https:\/\/www.organisator.ch\/de\/wp-json\/wp\/v2\/media?parent=20733"}],"wp:term":[{"taxonomy":"category","embeddable":true,"href":"https:\/\/www.organisator.ch\/de\/wp-json\/wp\/v2\/categories?post=20733"},{"taxonomy":"post_tag","embeddable":true,"href":"https:\/\/www.organisator.ch\/de\/wp-json\/wp\/v2\/tags?post=20733"}],"curies":[{"name":"wp","href":"https:\/\/api.w.org\/{rel}","templated":true}]}}