{"id":20782,"date":"2023-06-21T09:25:46","date_gmt":"2023-06-21T07:25:46","guid":{"rendered":"https:\/\/www.organisator.ch\/?p=20782"},"modified":"2023-06-21T09:25:46","modified_gmt":"2023-06-21T07:25:46","slug":"neues-fachforum-smart-digital-business-fuer-schweizer-kmu","status":"publish","type":"post","link":"https:\/\/www.organisator.ch\/de\/management\/2023-06-21\/neues-fachforum-smart-digital-business-fuer-schweizer-kmu\/","title":{"rendered":"Neues Fachforum &#8211; Smart Digital Business f\u00fcr Schweizer KMU"},"content":{"rendered":"<figure id=\"attachment_20783\" aria-describedby=\"caption-attachment-20783\" style=\"width: 680px\" class=\"wp-caption alignnone\"><img loading=\"lazy\" decoding=\"async\" class=\"size-full wp-image-20783\" src=\"https:\/\/www.organisator.ch\/wp-content\/uploads\/2023\/06\/Neues-Fachforum-Smart-Digital-Business-fuer-Schweizer-KMU_Organisator.jpg\" alt=\"\" width=\"680\" height=\"340\" srcset=\"https:\/\/www.organisator.ch\/wp-content\/uploads\/2023\/06\/Neues-Fachforum-Smart-Digital-Business-fuer-Schweizer-KMU_Organisator.jpg 680w, https:\/\/www.organisator.ch\/wp-content\/uploads\/2023\/06\/Neues-Fachforum-Smart-Digital-Business-fuer-Schweizer-KMU_Organisator-18x9.jpg 18w, https:\/\/www.organisator.ch\/wp-content\/uploads\/2023\/06\/Neues-Fachforum-Smart-Digital-Business-fuer-Schweizer-KMU_Organisator-375x188.jpg 375w\" sizes=\"auto, (max-width: 680px) 100vw, 680px\" \/><figcaption id=\"caption-attachment-20783\" class=\"wp-caption-text\">Das ONE Fachforum wird am 31. August 2023 Know-how, Inspiration und Networking f\u00fcr KMU bieten. (Bild: zVg \/ topsoft)<\/figcaption><\/figure>\n<p>Die Digitale Transformation und Digitalisierung sind zwei wesentliche Aspekte, die jedes Unternehmen \u2013 unabh\u00e4ngig von Gr\u00f6sse und Branche \u2013 betreffen. Um erfolgreich am Markt zu bestehen, ist es von entscheidender Bedeutung, sich aktiv mit der zuk\u00fcnftigen Entwicklung des eigenen Unternehmens auseinanderzusetzen.<\/p>\n<p>Mit der Premiere des ONE Fachforums findet am 31. August 2023 in Holzh\u00e4usern \/ Rotkreuz ZG eine Veranstaltung statt, die speziell auf den digitalen Erfolg von KMUs ausgerichtet ist. Organisiert wird der Anlass von <a href=\"http:\/\/www.topsoft.ch\">topsoft<\/a>, der unabh\u00e4ngigen Schweizer Plattform f\u00fcr Business IT, sowie dem Berater-Netzwerk <a href=\"http:\/\/www.digitalrat.ch\">Digitalrat<\/a>. Die topsoft f\u00fchrte jahrelang die gleichnamige Fachmesse f\u00fcr Business Software durch. In letzter Zeit war aber auch sie trotz jeweils erfolgreicher Durchf\u00fchrung mit tendenziell sinkenden Besucherzahlen konfrontiert. Cyrill Schmid und sein Team machten sich deshalb Gedanken \u00fcber ein neues Veranstaltungskonzept.<\/p>\n<p>Nun wird es Ende August also soweit sein. In einer aussergew\u00f6hnlichen Atmosph\u00e4re werden die Teilnehmenden in praxisnahe und aufschlussreiche Vortr\u00e4ge zum Thema Digitalisierung und Digitale Transformation eintauchen. Die Referate zeigen auf, wie sich mit modernen IT-L\u00f6sungen mehr Erfolg erzielen l\u00e4sst. Im Rahmen der Veranstaltung werden konkrete Fallbeispiele aus diversen Branchen pr\u00e4sentiert. So geht es zum Beispiel um gelungenes E-Commerce mit Amazon, die Digitale Transformation in einer Schweizer Stadt oder den Einsatz von Virtual Reality in der Rehabilitation. In der Keynote erz\u00e4hlt Daniel Fiechter, CIO der Stobag AG, von einer Cyberattacke und deren Auswirkungen.<\/p>\n<p>Das ONE Fachforum will aber nicht nur erstklassige Vortr\u00e4ge und spannende Einblicke bieten, sondern auch eine einzigartige Networking-Plattform sein. Im Austausch mit Gleichgesinnten werden Erfahrungen geteilt und Best Practices entdeckt. Die Teilnehmer haben die M\u00f6glichkeit, wertvolle Kontakte zu kn\u00fcpfen, langfristige Partnerschaften aufzubauen und von einem starken Netzwerk zu profitieren, das auch \u00fcber die Veranstaltung hinaus neue Potenziale er\u00f6ffnet.\u00a0\u00abMit der Premiere des Fachforums bieten wir eine massgeschneiderte Veranstaltung, die sich gezielt auf den digitalen Erfolg von KMUs konzentriert. In einer inspirierenden Atmosph\u00e4re tauchen die Teilnehmenden in konkrete Fallbeispiele ein. Das Fachforum bietet zudem eine einzigartige Networking-Plattform, um wertvolle Kontakte zu kn\u00fcpfen und langfristige Partnerschaften aufzubauen.\u00bb, so Cyrill Schmid, Co-Veranstalter des ONE Fachforums.<\/p>\n<p>Die Veranstaltung beginnt um 13:30 Uhr und endet um 18:30 Uhr. Im Anschluss haben die Teilnehmenden die M\u00f6glichkeit, beim gemeinsamen Abendessen in entspannter Atmosph\u00e4re weiter zu Netzwerken und den Tag ausklingen zu lassen. Die Teilnahmegeb\u00fchr betr\u00e4gt f\u00fcr Fr\u00fchbuchende CHF 95 pro Person, danach regul\u00e4r CHF 145.<\/p>\n<p><em>Programm und weitere Informationen gibt es stets aktuell auf <a href=\"https:\/\/one-fachforum.ch\/\">www.one-fachforum.ch<\/a><\/em><\/p>\n","protected":false},"excerpt":{"rendered":"<p>Die Digitale Transformation und Digitalisierung betreffen jedes Unternehmen. Das ONE Fachforum am 31. August 2023 in Holzh\u00e4usern\/Rotkreuz ZG konzentriert sich speziell auf den digitalen Erfolg von KMUs. Inspirierende Vortr\u00e4ge, konkrete Fallbeispiele und eine einzigartige Networking-Plattform vermitteln so in aussergew\u00f6hnlicher Atmosph\u00e4re digitales Praxiswissen aus erster Hand.<\/p>\n","protected":false},"author":4,"featured_media":20783,"comment_status":"closed","ping_status":"closed","sticky":false,"template":"","format":"standard","meta":{"_acf_changed":false,"_yoast_wpseo_focuskw":"Fachforum","_yoast_wpseo_metadesc":"Das ONE Fachforum am 31. August 2023 in Holzh\u00e4usern\/Rotkreuz ZG konzentriert sich speziell auf den digitalen Erfolg von KMUs.","articlekey":"","footnotes":""},"categories":[28],"tags":[193,286,3824,502],"class_list":["post-20782","post","type-post","status-publish","format-standard","has-post-thumbnail","hentry","category-management","tag-fachkongressfachmesse","tag-it","tag-networking","tag-veranstaltungen"],"acf":[],"yoast_head":"<!-- This site is optimized with the Yoast SEO plugin v27.5 - https:\/\/yoast.com\/product\/yoast-seo-wordpress\/ -->\n<title>Neues Fachforum - Smart Digital Business f\u00fcr Schweizer KMU - Organisator<\/title>\n<meta name=\"description\" content=\"Das ONE Fachforum am 31. August 2023 in Holzh\u00e4usern\/Rotkreuz ZG konzentriert sich speziell auf den digitalen Erfolg von KMUs.\" \/>\n<meta name=\"robots\" content=\"index, follow, max-snippet:-1, max-image-preview:large, max-video-preview:-1\" \/>\n<link rel=\"canonical\" href=\"https:\/\/www.organisator.ch\/de\/management\/2023-06-21\/neues-fachforum-smart-digital-business-fuer-schweizer-kmu\/\" \/>\n<meta property=\"og:locale\" content=\"de_DE\" \/>\n<meta property=\"og:type\" content=\"article\" \/>\n<meta property=\"og:title\" content=\"Neues Fachforum - Smart Digital Business f\u00fcr Schweizer KMU\" \/>\n<meta property=\"og:description\" content=\"Das ONE Fachforum am 31. August 2023 in Holzh\u00e4usern\/Rotkreuz ZG konzentriert sich speziell auf den digitalen Erfolg von KMUs.\" \/>\n<meta property=\"og:url\" content=\"https:\/\/www.organisator.ch\/de\/management\/2023-06-21\/neues-fachforum-smart-digital-business-fuer-schweizer-kmu\/\" \/>\n<meta property=\"og:site_name\" content=\"Organisator\" \/>\n<meta property=\"article:publisher\" content=\"https:\/\/www.facebook.com\/OrganisatorFachmagazin\" \/>\n<meta property=\"article:published_time\" content=\"2023-06-21T07:25:46+00:00\" \/>\n<meta property=\"og:image\" content=\"https:\/\/www.organisator.ch\/wp-content\/uploads\/2023\/06\/Neues-Fachforum-Smart-Digital-Business-fuer-Schweizer-KMU_Organisator.jpg\" \/>\n\t<meta property=\"og:image:width\" content=\"680\" \/>\n\t<meta property=\"og:image:height\" content=\"340\" \/>\n\t<meta property=\"og:image:type\" content=\"image\/jpeg\" \/>\n<meta name=\"author\" content=\"thomas.berner\" \/>\n<meta name=\"twitter:card\" content=\"summary_large_image\" \/>\n<meta name=\"twitter:title\" content=\"Neues #Fachforum - Smart Digital Business f\u00fcr Schweizer KMU\" \/>\n<meta name=\"twitter:description\" content=\"Das #ONE #Fachforum am 31. August 2023 in #Holzh\u00e4usern\/Rotkreuz ZG konzentriert sich speziell auf den digitalen Erfolg von KMUs.\" \/>\n<meta name=\"twitter:image\" content=\"https:\/\/www.organisator.ch\/wp-content\/uploads\/2023\/06\/Neues-Fachforum-Smart-Digital-Business-fuer-Schweizer-KMU_Organisator.jpg\" \/>\n<script type=\"application\/ld+json\" class=\"yoast-schema-graph\">{\"@context\":\"https:\\\/\\\/schema.org\",\"@graph\":[{\"@type\":\"Article\",\"@id\":\"https:\\\/\\\/www.organisator.ch\\\/management\\\/2023-06-21\\\/neues-fachforum-smart-digital-business-fuer-schweizer-kmu\\\/#article\",\"isPartOf\":{\"@id\":\"https:\\\/\\\/www.organisator.ch\\\/management\\\/2023-06-21\\\/neues-fachforum-smart-digital-business-fuer-schweizer-kmu\\\/\"},\"author\":{\"name\":\"thomas.berner\",\"@id\":\"https:\\\/\\\/www.organisator.ch\\\/#\\\/schema\\\/person\\\/6f650f90b2842cd4c0cc334b4e36f67e\"},\"headline\":\"Neues Fachforum &#8211; Smart Digital Business f\u00fcr Schweizer KMU\",\"datePublished\":\"2023-06-21T07:25:46+00:00\",\"mainEntityOfPage\":{\"@id\":\"https:\\\/\\\/www.organisator.ch\\\/management\\\/2023-06-21\\\/neues-fachforum-smart-digital-business-fuer-schweizer-kmu\\\/\"},\"wordCount\":444,\"publisher\":{\"@id\":\"https:\\\/\\\/www.organisator.ch\\\/#organization\"},\"image\":{\"@id\":\"https:\\\/\\\/www.organisator.ch\\\/management\\\/2023-06-21\\\/neues-fachforum-smart-digital-business-fuer-schweizer-kmu\\\/#primaryimage\"},\"thumbnailUrl\":\"https:\\\/\\\/www.organisator.ch\\\/wp-content\\\/uploads\\\/2023\\\/06\\\/Neues-Fachforum-Smart-Digital-Business-fuer-Schweizer-KMU_Organisator.jpg\",\"keywords\":[\"Fachkongress\\\/Fachmesse\",\"IT\",\"Networking\",\"Veranstaltungen\"],\"articleSection\":[\"MANAGEMENT\"],\"inLanguage\":\"de\"},{\"@type\":\"WebPage\",\"@id\":\"https:\\\/\\\/www.organisator.ch\\\/management\\\/2023-06-21\\\/neues-fachforum-smart-digital-business-fuer-schweizer-kmu\\\/\",\"url\":\"https:\\\/\\\/www.organisator.ch\\\/management\\\/2023-06-21\\\/neues-fachforum-smart-digital-business-fuer-schweizer-kmu\\\/\",\"name\":\"Neues Fachforum - Smart Digital Business f\u00fcr Schweizer KMU - Organisator\",\"isPartOf\":{\"@id\":\"https:\\\/\\\/www.organisator.ch\\\/#website\"},\"primaryImageOfPage\":{\"@id\":\"https:\\\/\\\/www.organisator.ch\\\/management\\\/2023-06-21\\\/neues-fachforum-smart-digital-business-fuer-schweizer-kmu\\\/#primaryimage\"},\"image\":{\"@id\":\"https:\\\/\\\/www.organisator.ch\\\/management\\\/2023-06-21\\\/neues-fachforum-smart-digital-business-fuer-schweizer-kmu\\\/#primaryimage\"},\"thumbnailUrl\":\"https:\\\/\\\/www.organisator.ch\\\/wp-content\\\/uploads\\\/2023\\\/06\\\/Neues-Fachforum-Smart-Digital-Business-fuer-Schweizer-KMU_Organisator.jpg\",\"datePublished\":\"2023-06-21T07:25:46+00:00\",\"description\":\"Das ONE Fachforum am 31. August 2023 in Holzh\u00e4usern\\\/Rotkreuz ZG konzentriert sich speziell auf den digitalen Erfolg von KMUs.\",\"breadcrumb\":{\"@id\":\"https:\\\/\\\/www.organisator.ch\\\/management\\\/2023-06-21\\\/neues-fachforum-smart-digital-business-fuer-schweizer-kmu\\\/#breadcrumb\"},\"inLanguage\":\"de\",\"potentialAction\":[{\"@type\":\"ReadAction\",\"target\":[\"https:\\\/\\\/www.organisator.ch\\\/management\\\/2023-06-21\\\/neues-fachforum-smart-digital-business-fuer-schweizer-kmu\\\/\"]}]},{\"@type\":\"ImageObject\",\"inLanguage\":\"de\",\"@id\":\"https:\\\/\\\/www.organisator.ch\\\/management\\\/2023-06-21\\\/neues-fachforum-smart-digital-business-fuer-schweizer-kmu\\\/#primaryimage\",\"url\":\"https:\\\/\\\/www.organisator.ch\\\/wp-content\\\/uploads\\\/2023\\\/06\\\/Neues-Fachforum-Smart-Digital-Business-fuer-Schweizer-KMU_Organisator.jpg\",\"contentUrl\":\"https:\\\/\\\/www.organisator.ch\\\/wp-content\\\/uploads\\\/2023\\\/06\\\/Neues-Fachforum-Smart-Digital-Business-fuer-Schweizer-KMU_Organisator.jpg\",\"width\":680,\"height\":340,\"caption\":\"Das ONE Fachforum wird am 31. August 2023 Know-how, Inspiration und Networking f\u00fcr KMU bieten. (Bild: zVg \\\/ topsoft)\"},{\"@type\":\"BreadcrumbList\",\"@id\":\"https:\\\/\\\/www.organisator.ch\\\/management\\\/2023-06-21\\\/neues-fachforum-smart-digital-business-fuer-schweizer-kmu\\\/#breadcrumb\",\"itemListElement\":[{\"@type\":\"ListItem\",\"position\":1,\"name\":\"Home\",\"item\":\"https:\\\/\\\/www.organisator.ch\\\/\"},{\"@type\":\"ListItem\",\"position\":2,\"name\":\"Neues Fachforum &#8211; Smart Digital Business f\u00fcr Schweizer KMU\"}]},{\"@type\":\"WebSite\",\"@id\":\"https:\\\/\\\/www.organisator.ch\\\/#website\",\"url\":\"https:\\\/\\\/www.organisator.ch\\\/\",\"name\":\"Organisator\",\"description\":\"Kompetent. Praxisnah. Der ORGANISATOR bereitet in 10 Ausgaben pro Jahr die wesentlichen Themen f\u00fcr F\u00fchrungskr\u00e4fte von KMU auf.\",\"publisher\":{\"@id\":\"https:\\\/\\\/www.organisator.ch\\\/#organization\"},\"potentialAction\":[{\"@type\":\"SearchAction\",\"target\":{\"@type\":\"EntryPoint\",\"urlTemplate\":\"https:\\\/\\\/www.organisator.ch\\\/?s={search_term_string}\"},\"query-input\":{\"@type\":\"PropertyValueSpecification\",\"valueRequired\":true,\"valueName\":\"search_term_string\"}}],\"inLanguage\":\"de\"},{\"@type\":\"Organization\",\"@id\":\"https:\\\/\\\/www.organisator.ch\\\/#organization\",\"name\":\"Organisator\",\"url\":\"https:\\\/\\\/www.organisator.ch\\\/\",\"logo\":{\"@type\":\"ImageObject\",\"inLanguage\":\"de\",\"@id\":\"https:\\\/\\\/www.organisator.ch\\\/#\\\/schema\\\/logo\\\/image\\\/\",\"url\":\"https:\\\/\\\/www.organisator.ch\\\/wp-content\\\/uploads\\\/2022\\\/01\\\/Logo_Organisator_Website.png\",\"contentUrl\":\"https:\\\/\\\/www.organisator.ch\\\/wp-content\\\/uploads\\\/2022\\\/01\\\/Logo_Organisator_Website.png\",\"width\":800,\"height\":77,\"caption\":\"Organisator\"},\"image\":{\"@id\":\"https:\\\/\\\/www.organisator.ch\\\/#\\\/schema\\\/logo\\\/image\\\/\"},\"sameAs\":[\"https:\\\/\\\/www.facebook.com\\\/OrganisatorFachmagazin\",\"https:\\\/\\\/www.linkedin.com\\\/showcase\\\/organisator-das-magazin-fr-kmu\",\"https:\\\/\\\/www.xing.com\\\/news\\\/pages\\\/organisator-ch-695\",\"https:\\\/\\\/www.youtube.com\\\/channel\\\/UCGP2Sq0iWaZwT3BdIAQFYpw\"]},{\"@type\":\"Person\",\"@id\":\"https:\\\/\\\/www.organisator.ch\\\/#\\\/schema\\\/person\\\/6f650f90b2842cd4c0cc334b4e36f67e\",\"name\":\"thomas.berner\",\"image\":{\"@type\":\"ImageObject\",\"inLanguage\":\"de\",\"@id\":\"https:\\\/\\\/secure.gravatar.com\\\/avatar\\\/ac5001d2a36cb6c6cd3e50789007ffca834b477b74a2144564522e944eabff61?s=96&d=mm&r=g\",\"url\":\"https:\\\/\\\/secure.gravatar.com\\\/avatar\\\/ac5001d2a36cb6c6cd3e50789007ffca834b477b74a2144564522e944eabff61?s=96&d=mm&r=g\",\"contentUrl\":\"https:\\\/\\\/secure.gravatar.com\\\/avatar\\\/ac5001d2a36cb6c6cd3e50789007ffca834b477b74a2144564522e944eabff61?s=96&d=mm&r=g\",\"caption\":\"thomas.berner\"},\"url\":\"https:\\\/\\\/www.organisator.ch\\\/de\\\/author\\\/thomas-berner\\\/\"}]}<\/script>\n<!-- \/ Yoast SEO plugin. -->","yoast_head_json":{"title":"Neues Fachforum - Smart Digital Business f\u00fcr Schweizer KMU - Organisator","description":"Das ONE Fachforum am 31. August 2023 in Holzh\u00e4usern\/Rotkreuz ZG konzentriert sich speziell auf den digitalen Erfolg von KMUs.","robots":{"index":"index","follow":"follow","max-snippet":"max-snippet:-1","max-image-preview":"max-image-preview:large","max-video-preview":"max-video-preview:-1"},"canonical":"https:\/\/www.organisator.ch\/de\/management\/2023-06-21\/neues-fachforum-smart-digital-business-fuer-schweizer-kmu\/","og_locale":"de_DE","og_type":"article","og_title":"Neues Fachforum - Smart Digital Business f\u00fcr Schweizer KMU","og_description":"Das ONE Fachforum am 31. August 2023 in Holzh\u00e4usern\/Rotkreuz ZG konzentriert sich speziell auf den digitalen Erfolg von KMUs.","og_url":"https:\/\/www.organisator.ch\/de\/management\/2023-06-21\/neues-fachforum-smart-digital-business-fuer-schweizer-kmu\/","og_site_name":"Organisator","article_publisher":"https:\/\/www.facebook.com\/OrganisatorFachmagazin","article_published_time":"2023-06-21T07:25:46+00:00","og_image":[{"width":680,"height":340,"url":"https:\/\/www.organisator.ch\/wp-content\/uploads\/2023\/06\/Neues-Fachforum-Smart-Digital-Business-fuer-Schweizer-KMU_Organisator.jpg","type":"image\/jpeg"}],"author":"thomas.berner","twitter_card":"summary_large_image","twitter_title":"Neues #Fachforum - Smart Digital Business f\u00fcr Schweizer KMU","twitter_description":"Das #ONE #Fachforum am 31. August 2023 in #Holzh\u00e4usern\/Rotkreuz ZG konzentriert sich speziell auf den digitalen Erfolg von KMUs.","twitter_image":"https:\/\/www.organisator.ch\/wp-content\/uploads\/2023\/06\/Neues-Fachforum-Smart-Digital-Business-fuer-Schweizer-KMU_Organisator.jpg","schema":{"@context":"https:\/\/schema.org","@graph":[{"@type":"Article","@id":"https:\/\/www.organisator.ch\/management\/2023-06-21\/neues-fachforum-smart-digital-business-fuer-schweizer-kmu\/#article","isPartOf":{"@id":"https:\/\/www.organisator.ch\/management\/2023-06-21\/neues-fachforum-smart-digital-business-fuer-schweizer-kmu\/"},"author":{"name":"thomas.berner","@id":"https:\/\/www.organisator.ch\/#\/schema\/person\/6f650f90b2842cd4c0cc334b4e36f67e"},"headline":"Neues Fachforum &#8211; Smart Digital Business f\u00fcr Schweizer KMU","datePublished":"2023-06-21T07:25:46+00:00","mainEntityOfPage":{"@id":"https:\/\/www.organisator.ch\/management\/2023-06-21\/neues-fachforum-smart-digital-business-fuer-schweizer-kmu\/"},"wordCount":444,"publisher":{"@id":"https:\/\/www.organisator.ch\/#organization"},"image":{"@id":"https:\/\/www.organisator.ch\/management\/2023-06-21\/neues-fachforum-smart-digital-business-fuer-schweizer-kmu\/#primaryimage"},"thumbnailUrl":"https:\/\/www.organisator.ch\/wp-content\/uploads\/2023\/06\/Neues-Fachforum-Smart-Digital-Business-fuer-Schweizer-KMU_Organisator.jpg","keywords":["Fachkongress\/Fachmesse","IT","Networking","Veranstaltungen"],"articleSection":["MANAGEMENT"],"inLanguage":"de"},{"@type":"WebPage","@id":"https:\/\/www.organisator.ch\/management\/2023-06-21\/neues-fachforum-smart-digital-business-fuer-schweizer-kmu\/","url":"https:\/\/www.organisator.ch\/management\/2023-06-21\/neues-fachforum-smart-digital-business-fuer-schweizer-kmu\/","name":"Neues Fachforum - Smart Digital Business f\u00fcr Schweizer KMU - Organisator","isPartOf":{"@id":"https:\/\/www.organisator.ch\/#website"},"primaryImageOfPage":{"@id":"https:\/\/www.organisator.ch\/management\/2023-06-21\/neues-fachforum-smart-digital-business-fuer-schweizer-kmu\/#primaryimage"},"image":{"@id":"https:\/\/www.organisator.ch\/management\/2023-06-21\/neues-fachforum-smart-digital-business-fuer-schweizer-kmu\/#primaryimage"},"thumbnailUrl":"https:\/\/www.organisator.ch\/wp-content\/uploads\/2023\/06\/Neues-Fachforum-Smart-Digital-Business-fuer-Schweizer-KMU_Organisator.jpg","datePublished":"2023-06-21T07:25:46+00:00","description":"Das ONE Fachforum am 31. August 2023 in Holzh\u00e4usern\/Rotkreuz ZG konzentriert sich speziell auf den digitalen Erfolg von KMUs.","breadcrumb":{"@id":"https:\/\/www.organisator.ch\/management\/2023-06-21\/neues-fachforum-smart-digital-business-fuer-schweizer-kmu\/#breadcrumb"},"inLanguage":"de","potentialAction":[{"@type":"ReadAction","target":["https:\/\/www.organisator.ch\/management\/2023-06-21\/neues-fachforum-smart-digital-business-fuer-schweizer-kmu\/"]}]},{"@type":"ImageObject","inLanguage":"de","@id":"https:\/\/www.organisator.ch\/management\/2023-06-21\/neues-fachforum-smart-digital-business-fuer-schweizer-kmu\/#primaryimage","url":"https:\/\/www.organisator.ch\/wp-content\/uploads\/2023\/06\/Neues-Fachforum-Smart-Digital-Business-fuer-Schweizer-KMU_Organisator.jpg","contentUrl":"https:\/\/www.organisator.ch\/wp-content\/uploads\/2023\/06\/Neues-Fachforum-Smart-Digital-Business-fuer-Schweizer-KMU_Organisator.jpg","width":680,"height":340,"caption":"Das ONE Fachforum wird am 31. August 2023 Know-how, Inspiration und Networking f\u00fcr KMU bieten. (Bild: zVg \/ topsoft)"},{"@type":"BreadcrumbList","@id":"https:\/\/www.organisator.ch\/management\/2023-06-21\/neues-fachforum-smart-digital-business-fuer-schweizer-kmu\/#breadcrumb","itemListElement":[{"@type":"ListItem","position":1,"name":"Home","item":"https:\/\/www.organisator.ch\/"},{"@type":"ListItem","position":2,"name":"Neues Fachforum &#8211; Smart Digital Business f\u00fcr Schweizer KMU"}]},{"@type":"WebSite","@id":"https:\/\/www.organisator.ch\/#website","url":"https:\/\/www.organisator.ch\/","name":"Organisator","description":"Kompetent. Praxisnah. Der ORGANISATOR bereitet in 10 Ausgaben pro Jahr die wesentlichen Themen f\u00fcr F\u00fchrungskr\u00e4fte von KMU auf.","publisher":{"@id":"https:\/\/www.organisator.ch\/#organization"},"potentialAction":[{"@type":"SearchAction","target":{"@type":"EntryPoint","urlTemplate":"https:\/\/www.organisator.ch\/?s={search_term_string}"},"query-input":{"@type":"PropertyValueSpecification","valueRequired":true,"valueName":"search_term_string"}}],"inLanguage":"de"},{"@type":"Organization","@id":"https:\/\/www.organisator.ch\/#organization","name":"Organisator","url":"https:\/\/www.organisator.ch\/","logo":{"@type":"ImageObject","inLanguage":"de","@id":"https:\/\/www.organisator.ch\/#\/schema\/logo\/image\/","url":"https:\/\/www.organisator.ch\/wp-content\/uploads\/2022\/01\/Logo_Organisator_Website.png","contentUrl":"https:\/\/www.organisator.ch\/wp-content\/uploads\/2022\/01\/Logo_Organisator_Website.png","width":800,"height":77,"caption":"Organisator"},"image":{"@id":"https:\/\/www.organisator.ch\/#\/schema\/logo\/image\/"},"sameAs":["https:\/\/www.facebook.com\/OrganisatorFachmagazin","https:\/\/www.linkedin.com\/showcase\/organisator-das-magazin-fr-kmu","https:\/\/www.xing.com\/news\/pages\/organisator-ch-695","https:\/\/www.youtube.com\/channel\/UCGP2Sq0iWaZwT3BdIAQFYpw"]},{"@type":"Person","@id":"https:\/\/www.organisator.ch\/#\/schema\/person\/6f650f90b2842cd4c0cc334b4e36f67e","name":"thomas.berner","image":{"@type":"ImageObject","inLanguage":"de","@id":"https:\/\/secure.gravatar.com\/avatar\/ac5001d2a36cb6c6cd3e50789007ffca834b477b74a2144564522e944eabff61?s=96&d=mm&r=g","url":"https:\/\/secure.gravatar.com\/avatar\/ac5001d2a36cb6c6cd3e50789007ffca834b477b74a2144564522e944eabff61?s=96&d=mm&r=g","contentUrl":"https:\/\/secure.gravatar.com\/avatar\/ac5001d2a36cb6c6cd3e50789007ffca834b477b74a2144564522e944eabff61?s=96&d=mm&r=g","caption":"thomas.berner"},"url":"https:\/\/www.organisator.ch\/de\/author\/thomas-berner\/"}]}},"_links":{"self":[{"href":"https:\/\/www.organisator.ch\/de\/wp-json\/wp\/v2\/posts\/20782","targetHints":{"allow":["GET"]}}],"collection":[{"href":"https:\/\/www.organisator.ch\/de\/wp-json\/wp\/v2\/posts"}],"about":[{"href":"https:\/\/www.organisator.ch\/de\/wp-json\/wp\/v2\/types\/post"}],"author":[{"embeddable":true,"href":"https:\/\/www.organisator.ch\/de\/wp-json\/wp\/v2\/users\/4"}],"replies":[{"embeddable":true,"href":"https:\/\/www.organisator.ch\/de\/wp-json\/wp\/v2\/comments?post=20782"}],"version-history":[{"count":1,"href":"https:\/\/www.organisator.ch\/de\/wp-json\/wp\/v2\/posts\/20782\/revisions"}],"predecessor-version":[{"id":20784,"href":"https:\/\/www.organisator.ch\/de\/wp-json\/wp\/v2\/posts\/20782\/revisions\/20784"}],"wp:featuredmedia":[{"embeddable":true,"href":"https:\/\/www.organisator.ch\/de\/wp-json\/wp\/v2\/media\/20783"}],"wp:attachment":[{"href":"https:\/\/www.organisator.ch\/de\/wp-json\/wp\/v2\/media?parent=20782"}],"wp:term":[{"taxonomy":"category","embeddable":true,"href":"https:\/\/www.organisator.ch\/de\/wp-json\/wp\/v2\/categories?post=20782"},{"taxonomy":"post_tag","embeddable":true,"href":"https:\/\/www.organisator.ch\/de\/wp-json\/wp\/v2\/tags?post=20782"}],"curies":[{"name":"wp","href":"https:\/\/api.w.org\/{rel}","templated":true}]}}