{"id":20804,"date":"2023-06-22T13:08:36","date_gmt":"2023-06-22T11:08:36","guid":{"rendered":"https:\/\/www.organisator.ch\/?p=20804"},"modified":"2023-06-22T13:08:36","modified_gmt":"2023-06-22T11:08:36","slug":"revidiertes-schweizer-datenschutzgesetz-kein-grund-zur-panik","status":"publish","type":"post","link":"https:\/\/www.organisator.ch\/de\/operational-excellence\/2023-06-22\/revidiertes-schweizer-datenschutzgesetz-kein-grund-zur-panik\/","title":{"rendered":"Revidiertes Schweizer Datenschutzgesetz: Kein Grund zur Panik"},"content":{"rendered":"<figure id=\"attachment_20805\" aria-describedby=\"caption-attachment-20805\" style=\"width: 680px\" class=\"wp-caption alignnone\"><img loading=\"lazy\" decoding=\"async\" class=\"size-full wp-image-20805\" src=\"https:\/\/www.organisator.ch\/wp-content\/uploads\/2023\/06\/Revidiertes-Schweizer-Datenschutzgesetz-Kein-Grund-zur-Panik_Organisator.jpg\" alt=\"\" width=\"680\" height=\"463\" srcset=\"https:\/\/www.organisator.ch\/wp-content\/uploads\/2023\/06\/Revidiertes-Schweizer-Datenschutzgesetz-Kein-Grund-zur-Panik_Organisator.jpg 680w, https:\/\/www.organisator.ch\/wp-content\/uploads\/2023\/06\/Revidiertes-Schweizer-Datenschutzgesetz-Kein-Grund-zur-Panik_Organisator-18x12.jpg 18w, https:\/\/www.organisator.ch\/wp-content\/uploads\/2023\/06\/Revidiertes-Schweizer-Datenschutzgesetz-Kein-Grund-zur-Panik_Organisator-375x255.jpg 375w, https:\/\/www.organisator.ch\/wp-content\/uploads\/2023\/06\/Revidiertes-Schweizer-Datenschutzgesetz-Kein-Grund-zur-Panik_Organisator-514x350.jpg 514w\" sizes=\"auto, (max-width: 680px) 100vw, 680px\" \/><figcaption id=\"caption-attachment-20805\" class=\"wp-caption-text\">Basierend auf seinen langj\u00e4hrigen Erfahrungen im Bereich Kundenbeziehungsmanagement erarbeitete sich J\u00fcrgen Litz seinen Status als Experte f\u00fcr CRM-, CXM- sowie CXP-Systeme. Zudem setzt er sich in diesem Zusammenhang besonders im Hinblick auf die EU-DSGVO und das Schweizer revDSG nationen\u00fcbergreifend f\u00fcr ein positives Verst\u00e4ndnis von Datenschutz und Datenchancen ein. (Bild: cobra)<\/figcaption><\/figure>\n<p>Am 1. September 2023 tritt das revidierte Datenschutzgesetz (revDSG) in Kraft. Damit n\u00e4hert sich die Schweiz dem Datenschutzniveau der Europ\u00e4ischen Union an \u2013 Stichwort EU-DSGVO \u2013, bleibt dabei aber noch individuell. Ohne Umsetzungsfrist greift es schon bald und bei Verst\u00f6ssen drohen empfindliche Strafen von bis zu 250.000 Franken. Der Anwendungsbereich umfasst Datenschutzverhalte, die sich in der Schweiz auswirken, auch wenn sie im Ausland veranlasst werden\u2018. Somit kommt es nicht auf den Ort der Datenverarbeitung an, sondern auf die Schweizer Ausrichtung. Was m\u00fcssen Unternehmen jetzt also unbedingt beachten?<\/p>\n<h3>CRM und Datenschutz: Passt das zusammen?<\/h3>\n<p>Mit Blick auf die Zeit seit Einf\u00fchrung der EU-DSGVO l\u00e4sst sich klar festhalten: Die Verbindung der Welten von CRM und Datenschutz war nie so eng wie aktuell. Es hat ein Umdenken im Umgang mit personenbezogenen Daten stattgefunden, das auch dazu gef\u00fchrt hat, dass die Schweiz nun mit einem \u00e4hnlichen Konstrukt ins Rennen geht. Unternehmen sollten daher \u2013 falls noch nicht geschehen \u2013 umgehend mit notwendigen Umstrukturierungen beginnen. Dazu z\u00e4hlen zum einen interne Prozesse, zum anderen aber auch die Etablierung einer CRM-Software. Wichtig: Hinsichtlich des Datenschutzgesetzes gilt es nicht nur die entsprechenden technischen und organisatorischen Massnahmen zu treffen, sondern alle Prozesse so zu automatisieren, dass Fehler ausbleiben. Unternehmen entgehen so den angesprochenen Strafzahlungen und generieren dar\u00fcber hinaus einen Wettbewerbsvorteil.<\/p>\n<h3>Der Zeit hinterher?<\/h3>\n<p>Nat\u00fcrlich kann es sein, dass Betriebe die Umsetzung des revDSG bisher auf die lange Bank geschoben haben. Langsam r\u00fcckt der Stichtag n\u00e4her und gerade CRM-Systeme schaffen Abhilfe: Allerdings muss zum einen das CRM-System \u00fcber Datenschutz-Funktionen verf\u00fcgen und zum anderen m\u00fcssen diese eingerichtet werden. CRM-L\u00f6sungen von cobra etwa wurden umfangreich erweitert, so dass alle Einstellungsm\u00f6glichkeiten vorhanden sind, um gesetzeskonform arbeiten zu k\u00f6nnen. Ausserdem sind die cobra L\u00f6sungen ab der Version 2023 revDSG zertifiziert. Etablierte Arbeitsweisen f\u00fchrt eine solche L\u00f6sung so automatisiert und datenschutzkonform aus. Was zun\u00e4chst wie digitale Transformation in Herkulesaufgaben- Dimension aussieht, gelingt auch jetzt noch rechtzeitig. Mit einem Partner wie cobra entwickelt sich datenschutzkonformes Arbeiten in Windeseile zum wichtigen, wertsch\u00f6pfenden Faktor. Allzu lange sollten die Aufschieber mit der Umsetzung allerdings nicht mehr warten, damit sie den Start nicht verschlafen.<\/p>\n<h3>Auf Augenh\u00f6he bleiben<\/h3>\n<p>Seit 2018, also der Einf\u00fchrung der EU-DSGVO, fiel die Schweiz juristisch in die Kategorie eines Drittlandes. Da Unternehmen aus der Europ\u00e4ischen Union auch bei ausl\u00e4ndischen Gesch\u00e4ftspartnern auf die korrekte Verarbeitung der personenbezogenen Daten achten m\u00fcssen, waren solche Beziehungen ausschliesslich durch einen Angemessenheitsbeschluss m\u00f6glich. Auf rein rechtlicher Ebene gingen die Anspr\u00fcche an den Datenschutz seit der DSGVO immer weiter auseinander. Damit die wirtschaftlichen Positionen der Schweizer nicht weiter in Gefahr schweben, bedurfte es entsprechenden Handelns in Form des revidierten DSG. Wenig verwundert es deswegen, dass sich das Papier sehr an dem aus der EU orientiert \u2013 mit noch st\u00e4rkerem Fokus auf den Datenexport ins Ausland. Von den Unternehmen fordert es bei Umstellung und Einhaltung vor allem eines: Kooperationsbereitschaft. Umfassende Pflichten gilt es zu ber\u00fccksichtigen, um sich weiterhin auf Augenh\u00f6he zu bewegen. Mit der Offenheit f\u00fcr die richtige CRM-L\u00f6sung nehmen Betriebe viel Schwung aus der revDSG-Einf\u00fchrung mit.<\/p>\n<p><em><strong>Autor:<\/strong><br \/>\nSeit 2009 ist J\u00fcrgen Litz Gesch\u00e4ftsf\u00fchrer des Herstellers f\u00fcr Kundenbeziehungsmanagement-Software <a href=\"http:\/\/www.cobra.de\">cobra computer\u2019s brainware GmbH<\/a> mit Sitz in Konstanz (D) sowie seit 2021 auch der <a href=\"https:\/\/www.cobraag.ch\/\">cobra computer&#8217;s brainware AG<\/a> in T\u00e4gerwilen (CH).<\/em><\/p>\n","protected":false},"excerpt":{"rendered":"<p>J\u00fcrgen Litz, Gesch\u00e4ftsf\u00fchrer des CRM-Software-Herstellers cobra computer\u2019s brainware AG in T\u00e4gerwilen, weiss, wie Unternehmen das baldige Inkrafttreten des revidierten Schweizer Datenschutzgesetzes (DSG) richtig angehen. Er empfiehlt umgehend mit notwendigen Umstrukturierungen zu beginnen, etwa beim CRM-System.<\/p>\n","protected":false},"author":4,"featured_media":20805,"comment_status":"closed","ping_status":"closed","sticky":false,"template":"","format":"standard","meta":{"_acf_changed":false,"_yoast_wpseo_focuskw":"Datenschutzgesetz","_yoast_wpseo_metadesc":"Schweizer Datenschutzgesetz: J\u00fcrgen Litz empfiehlt umgehend mit notwendigen Umstrukturierungen zu beginnen, etwa beim CRM-System.","articlekey":"","footnotes":""},"categories":[582],"tags":[136,146,3020,287],"class_list":["post-20804","post","type-post","status-publish","format-standard","has-post-thumbnail","hentry","category-operational-excellence","tag-crm","tag-datenschutz","tag-datenschutzgesetz-schweiz","tag-itbusiness-software"],"acf":[],"yoast_head":"<!-- This site is optimized with the Yoast SEO plugin v27.5 - https:\/\/yoast.com\/product\/yoast-seo-wordpress\/ -->\n<title>Revidiertes Schweizer Datenschutzgesetz: Kein Grund zur Panik - Organisator<\/title>\n<meta name=\"description\" content=\"Schweizer Datenschutzgesetz: J\u00fcrgen Litz empfiehlt umgehend mit notwendigen Umstrukturierungen zu beginnen, etwa beim CRM-System.\" \/>\n<meta name=\"robots\" content=\"index, follow, max-snippet:-1, max-image-preview:large, max-video-preview:-1\" \/>\n<link rel=\"canonical\" href=\"https:\/\/www.organisator.ch\/de\/operational-excellence\/2023-06-22\/revidiertes-schweizer-datenschutzgesetz-kein-grund-zur-panik\/\" \/>\n<meta property=\"og:locale\" content=\"de_DE\" \/>\n<meta property=\"og:type\" content=\"article\" \/>\n<meta property=\"og:title\" content=\"Revidiertes Schweizer Datenschutzgesetz: Kein Grund zur Panik\" \/>\n<meta property=\"og:description\" content=\"Schweizer Datenschutzgesetz: J\u00fcrgen Litz empfiehlt umgehend mit notwendigen Umstrukturierungen zu beginnen, etwa beim CRM-System.\" \/>\n<meta property=\"og:url\" content=\"https:\/\/www.organisator.ch\/de\/operational-excellence\/2023-06-22\/revidiertes-schweizer-datenschutzgesetz-kein-grund-zur-panik\/\" \/>\n<meta property=\"og:site_name\" content=\"Organisator\" \/>\n<meta property=\"article:publisher\" content=\"https:\/\/www.facebook.com\/OrganisatorFachmagazin\" \/>\n<meta property=\"article:published_time\" content=\"2023-06-22T11:08:36+00:00\" \/>\n<meta property=\"og:image\" content=\"https:\/\/www.organisator.ch\/wp-content\/uploads\/2023\/06\/Revidiertes-Schweizer-Datenschutzgesetz-Kein-Grund-zur-Panik_Organisator.jpg\" \/>\n\t<meta property=\"og:image:width\" content=\"680\" \/>\n\t<meta property=\"og:image:height\" content=\"463\" \/>\n\t<meta property=\"og:image:type\" content=\"image\/jpeg\" \/>\n<meta name=\"author\" content=\"thomas.berner\" \/>\n<meta name=\"twitter:card\" content=\"summary_large_image\" \/>\n<meta name=\"twitter:title\" content=\"Revidiertes Schweizer #Datenschutzgesetz: Kein Grund zur Panik\" \/>\n<meta name=\"twitter:description\" content=\"Schweizer #Datenschutzgesetz: J\u00fcrgen #Litz empfiehlt umgehend mit notwendigen Umstrukturierungen zu beginnen, etwa beim #CRM-System.\" \/>\n<meta name=\"twitter:image\" content=\"https:\/\/www.organisator.ch\/wp-content\/uploads\/2023\/06\/Revidiertes-Schweizer-Datenschutzgesetz-Kein-Grund-zur-Panik_Organisator.jpg\" \/>\n<script type=\"application\/ld+json\" class=\"yoast-schema-graph\">{\"@context\":\"https:\\\/\\\/schema.org\",\"@graph\":[{\"@type\":\"Article\",\"@id\":\"https:\\\/\\\/www.organisator.ch\\\/operational-excellence\\\/2023-06-22\\\/revidiertes-schweizer-datenschutzgesetz-kein-grund-zur-panik\\\/#article\",\"isPartOf\":{\"@id\":\"https:\\\/\\\/www.organisator.ch\\\/operational-excellence\\\/2023-06-22\\\/revidiertes-schweizer-datenschutzgesetz-kein-grund-zur-panik\\\/\"},\"author\":{\"name\":\"thomas.berner\",\"@id\":\"https:\\\/\\\/www.organisator.ch\\\/#\\\/schema\\\/person\\\/6f650f90b2842cd4c0cc334b4e36f67e\"},\"headline\":\"Revidiertes Schweizer Datenschutzgesetz: Kein Grund zur Panik\",\"datePublished\":\"2023-06-22T11:08:36+00:00\",\"mainEntityOfPage\":{\"@id\":\"https:\\\/\\\/www.organisator.ch\\\/operational-excellence\\\/2023-06-22\\\/revidiertes-schweizer-datenschutzgesetz-kein-grund-zur-panik\\\/\"},\"wordCount\":625,\"publisher\":{\"@id\":\"https:\\\/\\\/www.organisator.ch\\\/#organization\"},\"image\":{\"@id\":\"https:\\\/\\\/www.organisator.ch\\\/operational-excellence\\\/2023-06-22\\\/revidiertes-schweizer-datenschutzgesetz-kein-grund-zur-panik\\\/#primaryimage\"},\"thumbnailUrl\":\"https:\\\/\\\/www.organisator.ch\\\/wp-content\\\/uploads\\\/2023\\\/06\\\/Revidiertes-Schweizer-Datenschutzgesetz-Kein-Grund-zur-Panik_Organisator.jpg\",\"keywords\":[\"CRM\",\"Datenschutz\",\"Datenschutzgesetz Schweiz\",\"IT\u2009&amp;\u2009Business Software\"],\"articleSection\":[\"OPERATIONAL EXCELLENCE\"],\"inLanguage\":\"de\"},{\"@type\":\"WebPage\",\"@id\":\"https:\\\/\\\/www.organisator.ch\\\/operational-excellence\\\/2023-06-22\\\/revidiertes-schweizer-datenschutzgesetz-kein-grund-zur-panik\\\/\",\"url\":\"https:\\\/\\\/www.organisator.ch\\\/operational-excellence\\\/2023-06-22\\\/revidiertes-schweizer-datenschutzgesetz-kein-grund-zur-panik\\\/\",\"name\":\"Revidiertes Schweizer Datenschutzgesetz: Kein Grund zur Panik - Organisator\",\"isPartOf\":{\"@id\":\"https:\\\/\\\/www.organisator.ch\\\/#website\"},\"primaryImageOfPage\":{\"@id\":\"https:\\\/\\\/www.organisator.ch\\\/operational-excellence\\\/2023-06-22\\\/revidiertes-schweizer-datenschutzgesetz-kein-grund-zur-panik\\\/#primaryimage\"},\"image\":{\"@id\":\"https:\\\/\\\/www.organisator.ch\\\/operational-excellence\\\/2023-06-22\\\/revidiertes-schweizer-datenschutzgesetz-kein-grund-zur-panik\\\/#primaryimage\"},\"thumbnailUrl\":\"https:\\\/\\\/www.organisator.ch\\\/wp-content\\\/uploads\\\/2023\\\/06\\\/Revidiertes-Schweizer-Datenschutzgesetz-Kein-Grund-zur-Panik_Organisator.jpg\",\"datePublished\":\"2023-06-22T11:08:36+00:00\",\"description\":\"Schweizer Datenschutzgesetz: J\u00fcrgen Litz empfiehlt umgehend mit notwendigen Umstrukturierungen zu beginnen, etwa beim CRM-System.\",\"breadcrumb\":{\"@id\":\"https:\\\/\\\/www.organisator.ch\\\/operational-excellence\\\/2023-06-22\\\/revidiertes-schweizer-datenschutzgesetz-kein-grund-zur-panik\\\/#breadcrumb\"},\"inLanguage\":\"de\",\"potentialAction\":[{\"@type\":\"ReadAction\",\"target\":[\"https:\\\/\\\/www.organisator.ch\\\/operational-excellence\\\/2023-06-22\\\/revidiertes-schweizer-datenschutzgesetz-kein-grund-zur-panik\\\/\"]}]},{\"@type\":\"ImageObject\",\"inLanguage\":\"de\",\"@id\":\"https:\\\/\\\/www.organisator.ch\\\/operational-excellence\\\/2023-06-22\\\/revidiertes-schweizer-datenschutzgesetz-kein-grund-zur-panik\\\/#primaryimage\",\"url\":\"https:\\\/\\\/www.organisator.ch\\\/wp-content\\\/uploads\\\/2023\\\/06\\\/Revidiertes-Schweizer-Datenschutzgesetz-Kein-Grund-zur-Panik_Organisator.jpg\",\"contentUrl\":\"https:\\\/\\\/www.organisator.ch\\\/wp-content\\\/uploads\\\/2023\\\/06\\\/Revidiertes-Schweizer-Datenschutzgesetz-Kein-Grund-zur-Panik_Organisator.jpg\",\"width\":680,\"height\":463,\"caption\":\"Basierend auf seinen langj\u00e4hrigen Erfahrungen im Bereich Kundenbeziehungsmanagement erarbeitete sich J\u00fcrgen Litz seinen Status als Experte f\u00fcr CRM-, CXM- sowie CXP-Systeme. Zudem setzt er sich in diesem Zusammenhang besonders im Hinblick auf die EU-DSGVO und das Schweizer revDSG nationen\u00fcbergreifend f\u00fcr ein positives Verst\u00e4ndnis von Datenschutz und Datenchancen ein. (Bild: cobra)\"},{\"@type\":\"BreadcrumbList\",\"@id\":\"https:\\\/\\\/www.organisator.ch\\\/operational-excellence\\\/2023-06-22\\\/revidiertes-schweizer-datenschutzgesetz-kein-grund-zur-panik\\\/#breadcrumb\",\"itemListElement\":[{\"@type\":\"ListItem\",\"position\":1,\"name\":\"Home\",\"item\":\"https:\\\/\\\/www.organisator.ch\\\/\"},{\"@type\":\"ListItem\",\"position\":2,\"name\":\"Revidiertes Schweizer Datenschutzgesetz: Kein Grund zur Panik\"}]},{\"@type\":\"WebSite\",\"@id\":\"https:\\\/\\\/www.organisator.ch\\\/#website\",\"url\":\"https:\\\/\\\/www.organisator.ch\\\/\",\"name\":\"Organisator\",\"description\":\"Kompetent. Praxisnah. Der ORGANISATOR bereitet in 10 Ausgaben pro Jahr die wesentlichen Themen f\u00fcr F\u00fchrungskr\u00e4fte von KMU auf.\",\"publisher\":{\"@id\":\"https:\\\/\\\/www.organisator.ch\\\/#organization\"},\"potentialAction\":[{\"@type\":\"SearchAction\",\"target\":{\"@type\":\"EntryPoint\",\"urlTemplate\":\"https:\\\/\\\/www.organisator.ch\\\/?s={search_term_string}\"},\"query-input\":{\"@type\":\"PropertyValueSpecification\",\"valueRequired\":true,\"valueName\":\"search_term_string\"}}],\"inLanguage\":\"de\"},{\"@type\":\"Organization\",\"@id\":\"https:\\\/\\\/www.organisator.ch\\\/#organization\",\"name\":\"Organisator\",\"url\":\"https:\\\/\\\/www.organisator.ch\\\/\",\"logo\":{\"@type\":\"ImageObject\",\"inLanguage\":\"de\",\"@id\":\"https:\\\/\\\/www.organisator.ch\\\/#\\\/schema\\\/logo\\\/image\\\/\",\"url\":\"https:\\\/\\\/www.organisator.ch\\\/wp-content\\\/uploads\\\/2022\\\/01\\\/Logo_Organisator_Website.png\",\"contentUrl\":\"https:\\\/\\\/www.organisator.ch\\\/wp-content\\\/uploads\\\/2022\\\/01\\\/Logo_Organisator_Website.png\",\"width\":800,\"height\":77,\"caption\":\"Organisator\"},\"image\":{\"@id\":\"https:\\\/\\\/www.organisator.ch\\\/#\\\/schema\\\/logo\\\/image\\\/\"},\"sameAs\":[\"https:\\\/\\\/www.facebook.com\\\/OrganisatorFachmagazin\",\"https:\\\/\\\/www.linkedin.com\\\/showcase\\\/organisator-das-magazin-fr-kmu\",\"https:\\\/\\\/www.xing.com\\\/news\\\/pages\\\/organisator-ch-695\",\"https:\\\/\\\/www.youtube.com\\\/channel\\\/UCGP2Sq0iWaZwT3BdIAQFYpw\"]},{\"@type\":\"Person\",\"@id\":\"https:\\\/\\\/www.organisator.ch\\\/#\\\/schema\\\/person\\\/6f650f90b2842cd4c0cc334b4e36f67e\",\"name\":\"thomas.berner\",\"image\":{\"@type\":\"ImageObject\",\"inLanguage\":\"de\",\"@id\":\"https:\\\/\\\/secure.gravatar.com\\\/avatar\\\/ac5001d2a36cb6c6cd3e50789007ffca834b477b74a2144564522e944eabff61?s=96&d=mm&r=g\",\"url\":\"https:\\\/\\\/secure.gravatar.com\\\/avatar\\\/ac5001d2a36cb6c6cd3e50789007ffca834b477b74a2144564522e944eabff61?s=96&d=mm&r=g\",\"contentUrl\":\"https:\\\/\\\/secure.gravatar.com\\\/avatar\\\/ac5001d2a36cb6c6cd3e50789007ffca834b477b74a2144564522e944eabff61?s=96&d=mm&r=g\",\"caption\":\"thomas.berner\"},\"url\":\"https:\\\/\\\/www.organisator.ch\\\/de\\\/author\\\/thomas-berner\\\/\"}]}<\/script>\n<!-- \/ Yoast SEO plugin. -->","yoast_head_json":{"title":"Revidiertes Schweizer Datenschutzgesetz: Kein Grund zur Panik - Organisator","description":"Schweizer Datenschutzgesetz: J\u00fcrgen Litz empfiehlt umgehend mit notwendigen Umstrukturierungen zu beginnen, etwa beim CRM-System.","robots":{"index":"index","follow":"follow","max-snippet":"max-snippet:-1","max-image-preview":"max-image-preview:large","max-video-preview":"max-video-preview:-1"},"canonical":"https:\/\/www.organisator.ch\/de\/operational-excellence\/2023-06-22\/revidiertes-schweizer-datenschutzgesetz-kein-grund-zur-panik\/","og_locale":"de_DE","og_type":"article","og_title":"Revidiertes Schweizer Datenschutzgesetz: Kein Grund zur Panik","og_description":"Schweizer Datenschutzgesetz: J\u00fcrgen Litz empfiehlt umgehend mit notwendigen Umstrukturierungen zu beginnen, etwa beim CRM-System.","og_url":"https:\/\/www.organisator.ch\/de\/operational-excellence\/2023-06-22\/revidiertes-schweizer-datenschutzgesetz-kein-grund-zur-panik\/","og_site_name":"Organisator","article_publisher":"https:\/\/www.facebook.com\/OrganisatorFachmagazin","article_published_time":"2023-06-22T11:08:36+00:00","og_image":[{"width":680,"height":463,"url":"https:\/\/www.organisator.ch\/wp-content\/uploads\/2023\/06\/Revidiertes-Schweizer-Datenschutzgesetz-Kein-Grund-zur-Panik_Organisator.jpg","type":"image\/jpeg"}],"author":"thomas.berner","twitter_card":"summary_large_image","twitter_title":"Revidiertes Schweizer #Datenschutzgesetz: Kein Grund zur Panik","twitter_description":"Schweizer #Datenschutzgesetz: J\u00fcrgen #Litz empfiehlt umgehend mit notwendigen Umstrukturierungen zu beginnen, etwa beim #CRM-System.","twitter_image":"https:\/\/www.organisator.ch\/wp-content\/uploads\/2023\/06\/Revidiertes-Schweizer-Datenschutzgesetz-Kein-Grund-zur-Panik_Organisator.jpg","schema":{"@context":"https:\/\/schema.org","@graph":[{"@type":"Article","@id":"https:\/\/www.organisator.ch\/operational-excellence\/2023-06-22\/revidiertes-schweizer-datenschutzgesetz-kein-grund-zur-panik\/#article","isPartOf":{"@id":"https:\/\/www.organisator.ch\/operational-excellence\/2023-06-22\/revidiertes-schweizer-datenschutzgesetz-kein-grund-zur-panik\/"},"author":{"name":"thomas.berner","@id":"https:\/\/www.organisator.ch\/#\/schema\/person\/6f650f90b2842cd4c0cc334b4e36f67e"},"headline":"Revidiertes Schweizer Datenschutzgesetz: Kein Grund zur Panik","datePublished":"2023-06-22T11:08:36+00:00","mainEntityOfPage":{"@id":"https:\/\/www.organisator.ch\/operational-excellence\/2023-06-22\/revidiertes-schweizer-datenschutzgesetz-kein-grund-zur-panik\/"},"wordCount":625,"publisher":{"@id":"https:\/\/www.organisator.ch\/#organization"},"image":{"@id":"https:\/\/www.organisator.ch\/operational-excellence\/2023-06-22\/revidiertes-schweizer-datenschutzgesetz-kein-grund-zur-panik\/#primaryimage"},"thumbnailUrl":"https:\/\/www.organisator.ch\/wp-content\/uploads\/2023\/06\/Revidiertes-Schweizer-Datenschutzgesetz-Kein-Grund-zur-Panik_Organisator.jpg","keywords":["CRM","Datenschutz","Datenschutzgesetz Schweiz","IT\u2009&amp;\u2009Business Software"],"articleSection":["OPERATIONAL EXCELLENCE"],"inLanguage":"de"},{"@type":"WebPage","@id":"https:\/\/www.organisator.ch\/operational-excellence\/2023-06-22\/revidiertes-schweizer-datenschutzgesetz-kein-grund-zur-panik\/","url":"https:\/\/www.organisator.ch\/operational-excellence\/2023-06-22\/revidiertes-schweizer-datenschutzgesetz-kein-grund-zur-panik\/","name":"Revidiertes Schweizer Datenschutzgesetz: Kein Grund zur Panik - Organisator","isPartOf":{"@id":"https:\/\/www.organisator.ch\/#website"},"primaryImageOfPage":{"@id":"https:\/\/www.organisator.ch\/operational-excellence\/2023-06-22\/revidiertes-schweizer-datenschutzgesetz-kein-grund-zur-panik\/#primaryimage"},"image":{"@id":"https:\/\/www.organisator.ch\/operational-excellence\/2023-06-22\/revidiertes-schweizer-datenschutzgesetz-kein-grund-zur-panik\/#primaryimage"},"thumbnailUrl":"https:\/\/www.organisator.ch\/wp-content\/uploads\/2023\/06\/Revidiertes-Schweizer-Datenschutzgesetz-Kein-Grund-zur-Panik_Organisator.jpg","datePublished":"2023-06-22T11:08:36+00:00","description":"Schweizer Datenschutzgesetz: J\u00fcrgen Litz empfiehlt umgehend mit notwendigen Umstrukturierungen zu beginnen, etwa beim CRM-System.","breadcrumb":{"@id":"https:\/\/www.organisator.ch\/operational-excellence\/2023-06-22\/revidiertes-schweizer-datenschutzgesetz-kein-grund-zur-panik\/#breadcrumb"},"inLanguage":"de","potentialAction":[{"@type":"ReadAction","target":["https:\/\/www.organisator.ch\/operational-excellence\/2023-06-22\/revidiertes-schweizer-datenschutzgesetz-kein-grund-zur-panik\/"]}]},{"@type":"ImageObject","inLanguage":"de","@id":"https:\/\/www.organisator.ch\/operational-excellence\/2023-06-22\/revidiertes-schweizer-datenschutzgesetz-kein-grund-zur-panik\/#primaryimage","url":"https:\/\/www.organisator.ch\/wp-content\/uploads\/2023\/06\/Revidiertes-Schweizer-Datenschutzgesetz-Kein-Grund-zur-Panik_Organisator.jpg","contentUrl":"https:\/\/www.organisator.ch\/wp-content\/uploads\/2023\/06\/Revidiertes-Schweizer-Datenschutzgesetz-Kein-Grund-zur-Panik_Organisator.jpg","width":680,"height":463,"caption":"Basierend auf seinen langj\u00e4hrigen Erfahrungen im Bereich Kundenbeziehungsmanagement erarbeitete sich J\u00fcrgen Litz seinen Status als Experte f\u00fcr CRM-, CXM- sowie CXP-Systeme. Zudem setzt er sich in diesem Zusammenhang besonders im Hinblick auf die EU-DSGVO und das Schweizer revDSG nationen\u00fcbergreifend f\u00fcr ein positives Verst\u00e4ndnis von Datenschutz und Datenchancen ein. (Bild: cobra)"},{"@type":"BreadcrumbList","@id":"https:\/\/www.organisator.ch\/operational-excellence\/2023-06-22\/revidiertes-schweizer-datenschutzgesetz-kein-grund-zur-panik\/#breadcrumb","itemListElement":[{"@type":"ListItem","position":1,"name":"Home","item":"https:\/\/www.organisator.ch\/"},{"@type":"ListItem","position":2,"name":"Revidiertes Schweizer Datenschutzgesetz: Kein Grund zur Panik"}]},{"@type":"WebSite","@id":"https:\/\/www.organisator.ch\/#website","url":"https:\/\/www.organisator.ch\/","name":"Organisator","description":"Kompetent. Praxisnah. Der ORGANISATOR bereitet in 10 Ausgaben pro Jahr die wesentlichen Themen f\u00fcr F\u00fchrungskr\u00e4fte von KMU auf.","publisher":{"@id":"https:\/\/www.organisator.ch\/#organization"},"potentialAction":[{"@type":"SearchAction","target":{"@type":"EntryPoint","urlTemplate":"https:\/\/www.organisator.ch\/?s={search_term_string}"},"query-input":{"@type":"PropertyValueSpecification","valueRequired":true,"valueName":"search_term_string"}}],"inLanguage":"de"},{"@type":"Organization","@id":"https:\/\/www.organisator.ch\/#organization","name":"Organisator","url":"https:\/\/www.organisator.ch\/","logo":{"@type":"ImageObject","inLanguage":"de","@id":"https:\/\/www.organisator.ch\/#\/schema\/logo\/image\/","url":"https:\/\/www.organisator.ch\/wp-content\/uploads\/2022\/01\/Logo_Organisator_Website.png","contentUrl":"https:\/\/www.organisator.ch\/wp-content\/uploads\/2022\/01\/Logo_Organisator_Website.png","width":800,"height":77,"caption":"Organisator"},"image":{"@id":"https:\/\/www.organisator.ch\/#\/schema\/logo\/image\/"},"sameAs":["https:\/\/www.facebook.com\/OrganisatorFachmagazin","https:\/\/www.linkedin.com\/showcase\/organisator-das-magazin-fr-kmu","https:\/\/www.xing.com\/news\/pages\/organisator-ch-695","https:\/\/www.youtube.com\/channel\/UCGP2Sq0iWaZwT3BdIAQFYpw"]},{"@type":"Person","@id":"https:\/\/www.organisator.ch\/#\/schema\/person\/6f650f90b2842cd4c0cc334b4e36f67e","name":"thomas.berner","image":{"@type":"ImageObject","inLanguage":"de","@id":"https:\/\/secure.gravatar.com\/avatar\/ac5001d2a36cb6c6cd3e50789007ffca834b477b74a2144564522e944eabff61?s=96&d=mm&r=g","url":"https:\/\/secure.gravatar.com\/avatar\/ac5001d2a36cb6c6cd3e50789007ffca834b477b74a2144564522e944eabff61?s=96&d=mm&r=g","contentUrl":"https:\/\/secure.gravatar.com\/avatar\/ac5001d2a36cb6c6cd3e50789007ffca834b477b74a2144564522e944eabff61?s=96&d=mm&r=g","caption":"thomas.berner"},"url":"https:\/\/www.organisator.ch\/de\/author\/thomas-berner\/"}]}},"_links":{"self":[{"href":"https:\/\/www.organisator.ch\/de\/wp-json\/wp\/v2\/posts\/20804","targetHints":{"allow":["GET"]}}],"collection":[{"href":"https:\/\/www.organisator.ch\/de\/wp-json\/wp\/v2\/posts"}],"about":[{"href":"https:\/\/www.organisator.ch\/de\/wp-json\/wp\/v2\/types\/post"}],"author":[{"embeddable":true,"href":"https:\/\/www.organisator.ch\/de\/wp-json\/wp\/v2\/users\/4"}],"replies":[{"embeddable":true,"href":"https:\/\/www.organisator.ch\/de\/wp-json\/wp\/v2\/comments?post=20804"}],"version-history":[{"count":1,"href":"https:\/\/www.organisator.ch\/de\/wp-json\/wp\/v2\/posts\/20804\/revisions"}],"predecessor-version":[{"id":20806,"href":"https:\/\/www.organisator.ch\/de\/wp-json\/wp\/v2\/posts\/20804\/revisions\/20806"}],"wp:featuredmedia":[{"embeddable":true,"href":"https:\/\/www.organisator.ch\/de\/wp-json\/wp\/v2\/media\/20805"}],"wp:attachment":[{"href":"https:\/\/www.organisator.ch\/de\/wp-json\/wp\/v2\/media?parent=20804"}],"wp:term":[{"taxonomy":"category","embeddable":true,"href":"https:\/\/www.organisator.ch\/de\/wp-json\/wp\/v2\/categories?post=20804"},{"taxonomy":"post_tag","embeddable":true,"href":"https:\/\/www.organisator.ch\/de\/wp-json\/wp\/v2\/tags?post=20804"}],"curies":[{"name":"wp","href":"https:\/\/api.w.org\/{rel}","templated":true}]}}