{"id":2081,"date":"2017-06-20T08:01:57","date_gmt":"2017-06-20T06:01:57","guid":{"rendered":"https:\/\/www.organisator.ch\/?p=2081"},"modified":"2017-06-20T08:01:57","modified_gmt":"2017-06-20T06:01:57","slug":"startup-wettbewerb-venture-2017-die-gewinner","status":"publish","type":"post","link":"https:\/\/www.organisator.ch\/de\/allgemein\/2017-06-20\/startup-wettbewerb-venture-2017-die-gewinner\/","title":{"rendered":"Startup-Wettbewerb >>venture>> 2017: Die Gewinner"},"content":{"rendered":"<figure id=\"attachment_2083\" aria-describedby=\"caption-attachment-2083\" style=\"width: 640px\" class=\"wp-caption alignnone\"><img loading=\"lazy\" decoding=\"async\" class=\"size-full wp-image-2083\" src=\"https:\/\/www.organisator.ch\/wp-content\/uploads\/2017\/06\/Startup-Wettbewerb-venture-2017-Die-Gewinner-1_Organisator.jpg\" alt=\"\" width=\"640\" height=\"427\" srcset=\"https:\/\/www.organisator.ch\/wp-content\/uploads\/2017\/06\/Startup-Wettbewerb-venture-2017-Die-Gewinner-1_Organisator.jpg 640w, https:\/\/www.organisator.ch\/wp-content\/uploads\/2017\/06\/Startup-Wettbewerb-venture-2017-Die-Gewinner-1_Organisator-16x12.jpg 16w, https:\/\/www.organisator.ch\/wp-content\/uploads\/2017\/06\/Startup-Wettbewerb-venture-2017-Die-Gewinner-1_Organisator-262x175.jpg 262w, https:\/\/www.organisator.ch\/wp-content\/uploads\/2017\/06\/Startup-Wettbewerb-venture-2017-Die-Gewinner-1_Organisator-525x350.jpg 525w, https:\/\/www.organisator.ch\/wp-content\/uploads\/2017\/06\/Startup-Wettbewerb-venture-2017-Die-Gewinner-1_Organisator-300x200.jpg 300w\" sizes=\"auto, (max-width: 640px) 100vw, 640px\" \/><figcaption id=\"caption-attachment-2083\" class=\"wp-caption-text\">Lumigbo gewinnt am Startup-Wettbewerb &gt;&gt;venture&gt;&gt; den ersten Preis f\u00fcr den besten Gesch\u00e4ftsplan. Im Bild: Andreas Schmocker (Mitte) und Bundesrat Johann Schneider-Ammann. (Foto: &gt;&gt;venture&gt;&gt;)<\/figcaption><\/figure>\n<p>&gt;&gt;venture&gt;&gt; wird von der ETH Z\u00fcrich, McKinsey &amp; Company Schweiz, der Knecht Holding, der Kommission f\u00fcr Technologie und Innovation des Bundes und der EPFL organisiert. Zudem unterst\u00fctzen 31 namhafte\u00a0Schweizer Unternehmen, Institutionen und Medienpartner den Startup-Wettbewerb. In der diesj\u00e4hrigen\u00a0&gt;&gt;venture&gt;&gt; Ausgabe nahmen\u00a0325 Personen\u00a0in 203 Teams teil: 95 reichten ihre Gesch\u00e4ftsideen und 108 ihre Gesch\u00e4ftspl\u00e4ne ein. Die Top-Teams haben sich mit Themen aus den Bereichen Medizintechnik, Biotechnologie, Pharmakologie, Luft-\/Raumfahrt, Geologie und Informationstechnologie auseinandergesetzt.<\/p>\n<p><strong>Die Gewinner<\/strong><\/p>\n<p>Die Jury und das\u00a0Advisory Board hat aus den eingereichten Gesch\u00e4ftspl\u00e4nen und Gesch\u00e4ftsideen Lumigbo als besten Gesch\u00e4ftsplan und ReflectUS als beste Gesch\u00e4ftsidee auserkoren. TWIICE hat den SRF\/RTS Publikumspreis gewonnen.<\/p>\n<p><em>1. Platz &#8211; bester Gesch\u00e4ftsplan: Lumigbo (ETH Z\u00fcrich\/EPFL, Lausanne)<\/em><\/p>\n<p>Das Problem bestehender Implantatl\u00f6sungen ist, dass sich der Aush\u00e4rtungsprozess des F\u00fcllmaterials nicht kontrollieren l\u00e4sst. Lumigbo hat ein Material entwickelt, das sich mittels Licht h\u00e4rten l\u00e4sst. Durch den Einsatz des Materials lassen sich Implantate (z.B. bei zahnmedizinischen Eingriffen) direkt im K\u00f6rper Schritt f\u00fcr Schritt aufbauen und aush\u00e4rten.<\/p>\n<p><em>1. Platz- beste Gesch\u00e4ftsidee: ReflectUS (ETH Z\u00fcrich)<\/em><\/p>\n<p>Die Brustkrebsdiagnostik bedeutet meist eine betr\u00e4chtliche Belastung f\u00fcr die Patientinnen: Mammographie setzt sie R\u00f6ntgenstrahlung aus, und das Zusammendr\u00fccken der Brust w\u00e4hrend der Untersuchung ist meist schmerzhaft. ReflectUS entwickelt ein Untersuchungsger\u00e4t, das auf Ultraschalltechnologie basiert. Es erlaubt die strahlenfreie Diagnose und erm\u00f6glicht eine angenehmere Untersuchung.<\/p>\n<figure id=\"attachment_2084\" aria-describedby=\"caption-attachment-2084\" style=\"width: 640px\" class=\"wp-caption alignnone\"><img loading=\"lazy\" decoding=\"async\" class=\"size-full wp-image-2084\" src=\"https:\/\/www.organisator.ch\/wp-content\/uploads\/2017\/06\/Startup-Wettbewerb-venture-2017-Die-Gewinner-2_Organisator.jpg\" alt=\"\" width=\"640\" height=\"427\" srcset=\"https:\/\/www.organisator.ch\/wp-content\/uploads\/2017\/06\/Startup-Wettbewerb-venture-2017-Die-Gewinner-2_Organisator.jpg 640w, https:\/\/www.organisator.ch\/wp-content\/uploads\/2017\/06\/Startup-Wettbewerb-venture-2017-Die-Gewinner-2_Organisator-16x12.jpg 16w, https:\/\/www.organisator.ch\/wp-content\/uploads\/2017\/06\/Startup-Wettbewerb-venture-2017-Die-Gewinner-2_Organisator-262x175.jpg 262w, https:\/\/www.organisator.ch\/wp-content\/uploads\/2017\/06\/Startup-Wettbewerb-venture-2017-Die-Gewinner-2_Organisator-525x350.jpg 525w, https:\/\/www.organisator.ch\/wp-content\/uploads\/2017\/06\/Startup-Wettbewerb-venture-2017-Die-Gewinner-2_Organisator-300x200.jpg 300w\" sizes=\"auto, (max-width: 640px) 100vw, 640px\" \/><figcaption id=\"caption-attachment-2084\" class=\"wp-caption-text\">ReflectUS erhielt am Startup-Wettbewerb den ersten Preis f\u00fcr die beste Gesch\u00e4ftsidee. (Bild: &gt;&gt;venture&gt;&gt;)<\/figcaption><\/figure>\n<p><em>Publikumspreis: TWIICE (EPFL, Lausanne) <\/em><\/p>\n<p>TWIICE entwickelt ein modulares Exoskelett, das es Paraplegikern erm\u00f6glicht, die Unabh\u00e4ngigkeit in ihren t\u00e4glichen Aktivit\u00e4ten wiedererlangen. Patienten k\u00f6nnen mit dem Exoskelett wieder stehen, gehen und treppensteigen. Im Gegensatz zu den bestehenen Exoskelett-L\u00f6sungen l\u00e4sst sich das modular aufgebaute Exoskelett von TWIICE spezifisch an die Bed\u00fcrfnisse der Patienten anpassen.<\/p>\n<p><strong>Nicht nur Preisgeld<\/strong><\/p>\n<p>Bei der Preisverleihung von &gt;&gt;venture&gt;&gt; gehe es um weit mehr als das Preisgeld von insgesamt 170&#8217;000 CHF, teilen die Organisatoren mit: \u201eSeit 20 Jahren verbessern wir die Erfolgschancen von angehenden Unternehmern durch die Vermittlung von Wissen, Coaching und die Erweiterung ihres Netzwerkes\u201c, erkl\u00e4rt Dr. Thomas Knecht, ehemaliger Direktor von McKinsey &amp; Company Schweiz und Gr\u00fcnder des Wettbewerbs. \u201eAm Tag der Preisverleihung erhalten alle Teilnehmer zudem die M\u00f6glichkeit, Investoren in 1:1-Meetings kennenzulernen, und die besten Teams pr\u00e4sentieren sich vor interessierten Investorengruppen&#8220;, erg\u00e4nzt er. Die Qualit\u00e4t der f\u00fcr den Startup-Wettbewerb eingereichten Projekte sei sehr hoch, so Dr. Thomas Knecht weiter. Die besten Teams aus den vielen guten Projekten auszuw\u00e4hlen sei f\u00fcr die Juroren eine grosse Herausforderung gewesen.<\/p>\n<p><strong>Die weiteren Preistr\u00e4ger<\/strong><\/p>\n<p><em>2.-5. Platz Gesch\u00e4ftsplan &gt;&gt;venture&gt;&gt; 2017 <\/em><\/p>\n<p>2. Platz Haelixa (ETH Z\u00fcrich):\u00a0Markierungsstoffe f\u00fcr die Industrie, die auf DNA basieren und weder giftig noch radioaktiv sind.<br \/>\n3. Platz Rainbow Biosystem (Eawag, Z\u00fcrich):\u00a0\u00a0Auf Fischzellen basierendes Biosensoren-System, welches Toxizit\u00e4t im Wasser bestimmen kann.<br \/>\n4. Platz Vibwife (Switzerland Innovation Park, Biel\/Bienne):\u00a0Mobilisierungsmatratze, welche\u00a0f\u00fcr eine korrekte K\u00f6rperposition bei der Geburt sorgt.<br \/>\n5. Platz ASTROCAST (EPFL, Lausanne): Baut mit technischer Unterst\u00fctzung der ESA (European Space Agency) ein Netzwerk aus Nanosateliten auf.<\/p>\n<p><em>2. bis 5. Platz Gesch\u00e4ftsidee &gt;&gt;venture&gt;&gt; 2017 <\/em><\/p>\n<p>2. Platz Struckd (ZhdK, Z\u00fcrich): Struckd schliesst die L\u00fccke zwischen den beiden Trends Gamification (z.B. f\u00fcr Werbeinhalte) und nutzergenerierten Spieleinhalten.<br \/>\n3. Platz PeakProfiling (Z\u00fcrich\/Berlin, ohne Hochschulangabe): Entwickelte\u00a0einen Algorithmus, der die Diagnose von Depressionen anhand von Stimmmustern erm\u00f6glicht.<br \/>\n4. Platz TWIICE (EPFL, Lausanne): TWIICE entwickelt ein modulares Exoskelett, das es Paraplegikern erm\u00f6glicht, die Unabh\u00e4ngigkeit in ihren t\u00e4glichen Aktivit\u00e4ten wiedererlangen.<br \/>\n5. Platz Komp-Act (EPFL, Lausanne): Entwickelt leichte und innovative elektrische (anstelle von hydraulischen) Stellantriebe (Aktuatoren) f\u00fcr den Luft- und Raumfahrtmarkt.<\/p>\n<p><a href=\"https:\/\/www.venture.ch\/\"><em>Mehr zu &gt;&gt;venture&gt;&gt;<\/em><\/a><\/p>\n","protected":false},"excerpt":{"rendered":"<p>&gt;&gt;venture&gt;&gt; wird von der ETH Z\u00fcrich, McKinsey &amp; Company Schweiz, der Knecht Holding, der Kommission f\u00fcr Technologie und Innovation des Bundes und der EPFL organisiert. Zudem unterst\u00fctzen 31 namhafte\u00a0Schweizer Unternehmen, Institutionen und Medienpartner den Startup-Wettbewerb. In der diesj\u00e4hrigen\u00a0&gt;&gt;venture&gt;&gt; Ausgabe nahmen\u00a0325 Personen\u00a0in 203 Teams teil: 95 reichten ihre Gesch\u00e4ftsideen und 108 ihre Gesch\u00e4ftspl\u00e4ne ein. Die Top-Teams [&hellip;]<\/p>\n","protected":false},"author":4,"featured_media":2083,"comment_status":"open","ping_status":"open","sticky":false,"template":"","format":"standard","meta":{"_acf_changed":false,"_yoast_wpseo_focuskw":"Startup-Wettbewerb","_yoast_wpseo_metadesc":">>venture>>, der bedeutendste Startup-Wettbewerb der Schweiz, pr\u00e4mierte am 19. Juni die diesj\u00e4hrigen Gewinnerinnen und Gewinner.","articlekey":"","footnotes":""},"categories":[1],"tags":[451,492,508,533],"class_list":["post-2081","post","type-post","status-publish","format-standard","has-post-thumbnail","hentry","category-allgemein","tag-startups","tag-unternehmen","tag-vermischtes","tag-wissenschaft"],"acf":[],"yoast_head":"<!-- This site is optimized with the Yoast SEO plugin v27.4 - https:\/\/yoast.com\/product\/yoast-seo-wordpress\/ -->\n<title>Startup-Wettbewerb &gt;&gt;venture&gt;&gt; 2017: Die Gewinner - Organisator<\/title>\n<meta name=\"description\" content=\"&gt;&gt;venture&gt;&gt;, der bedeutendste Startup-Wettbewerb der Schweiz, pr\u00e4mierte am 19. Juni die diesj\u00e4hrigen Gewinnerinnen und Gewinner.\" \/>\n<meta name=\"robots\" content=\"index, follow, max-snippet:-1, max-image-preview:large, max-video-preview:-1\" \/>\n<link rel=\"canonical\" href=\"https:\/\/www.organisator.ch\/de\/allgemein\/2017-06-20\/startup-wettbewerb-venture-2017-die-gewinner\/\" \/>\n<meta property=\"og:locale\" content=\"de_DE\" \/>\n<meta property=\"og:type\" content=\"article\" \/>\n<meta property=\"og:title\" content=\"Startup-Wettbewerb &gt;&gt;venture&gt;&gt; 2017: Die Gewinner\" \/>\n<meta property=\"og:description\" content=\"#&gt;&gt;venture&gt;&gt;, der bedeutendste #Startup-Wettbewerb der Schweiz, pr\u00e4mierte am 19. Juni die diesj\u00e4hrigen Gewinnerinnen und Gewinner und feierte sein 20-j\u00e4hriges Bestehen.\" \/>\n<meta property=\"og:url\" content=\"https:\/\/www.organisator.ch\/de\/allgemein\/2017-06-20\/startup-wettbewerb-venture-2017-die-gewinner\/\" \/>\n<meta property=\"og:site_name\" content=\"Organisator\" \/>\n<meta property=\"article:publisher\" content=\"https:\/\/www.facebook.com\/OrganisatorFachmagazin\" \/>\n<meta property=\"article:published_time\" content=\"2017-06-20T06:01:57+00:00\" \/>\n<meta property=\"og:image\" content=\"https:\/\/www.organisator.ch\/wp-content\/uploads\/2017\/06\/Startup-Wettbewerb-venture-2017-Die-Gewinner-1_Organisator.jpg\" \/>\n\t<meta property=\"og:image:width\" content=\"640\" \/>\n\t<meta property=\"og:image:height\" content=\"427\" \/>\n\t<meta property=\"og:image:type\" content=\"image\/jpeg\" \/>\n<meta name=\"author\" content=\"thomas.berner\" \/>\n<meta name=\"twitter:card\" content=\"summary_large_image\" \/>\n<meta name=\"twitter:title\" content=\"#Startup-Wettbewerb &gt;&gt;venture&gt;&gt; 2017: Die Gewinner\" \/>\n<meta name=\"twitter:description\" content=\"#&gt;&gt;venture&gt;&gt;, der bedeutendste #Startup-Wettbewerb der Schweiz, pr\u00e4mierte am 19. Juni die diesj\u00e4hrigen Gewinnerinnen und Gewinner und feierte sein 20-j\u00e4hriges Bestehen.\" \/>\n<meta name=\"twitter:image\" content=\"https:\/\/www.organisator.ch\/wp-content\/uploads\/2017\/06\/Startup-Wettbewerb-venture-2017-Die-Gewinner-1_Organisator.jpg\" \/>\n<script type=\"application\/ld+json\" class=\"yoast-schema-graph\">{\"@context\":\"https:\\\/\\\/schema.org\",\"@graph\":[{\"@type\":\"Article\",\"@id\":\"https:\\\/\\\/www.organisator.ch\\\/de\\\/allgemein\\\/2017-06-20\\\/startup-wettbewerb-venture-2017-die-gewinner\\\/#article\",\"isPartOf\":{\"@id\":\"https:\\\/\\\/www.organisator.ch\\\/de\\\/allgemein\\\/2017-06-20\\\/startup-wettbewerb-venture-2017-die-gewinner\\\/\"},\"author\":{\"name\":\"thomas.berner\",\"@id\":\"https:\\\/\\\/www.organisator.ch\\\/#\\\/schema\\\/person\\\/6f650f90b2842cd4c0cc334b4e36f67e\"},\"headline\":\"Startup-Wettbewerb >>venture>> 2017: Die Gewinner\",\"datePublished\":\"2017-06-20T06:01:57+00:00\",\"mainEntityOfPage\":{\"@id\":\"https:\\\/\\\/www.organisator.ch\\\/de\\\/allgemein\\\/2017-06-20\\\/startup-wettbewerb-venture-2017-die-gewinner\\\/\"},\"wordCount\":697,\"commentCount\":2,\"publisher\":{\"@id\":\"https:\\\/\\\/www.organisator.ch\\\/#organization\"},\"image\":{\"@id\":\"https:\\\/\\\/www.organisator.ch\\\/de\\\/allgemein\\\/2017-06-20\\\/startup-wettbewerb-venture-2017-die-gewinner\\\/#primaryimage\"},\"thumbnailUrl\":\"https:\\\/\\\/www.organisator.ch\\\/wp-content\\\/uploads\\\/2017\\\/06\\\/Startup-Wettbewerb-venture-2017-Die-Gewinner-1_Organisator.jpg\",\"keywords\":[\"Startups\",\"Unternehmen\",\"Vermischtes\",\"Wissenschaft\"],\"inLanguage\":\"de\"},{\"@type\":\"WebPage\",\"@id\":\"https:\\\/\\\/www.organisator.ch\\\/de\\\/allgemein\\\/2017-06-20\\\/startup-wettbewerb-venture-2017-die-gewinner\\\/\",\"url\":\"https:\\\/\\\/www.organisator.ch\\\/de\\\/allgemein\\\/2017-06-20\\\/startup-wettbewerb-venture-2017-die-gewinner\\\/\",\"name\":\"Startup-Wettbewerb >>venture>> 2017: Die Gewinner - Organisator\",\"isPartOf\":{\"@id\":\"https:\\\/\\\/www.organisator.ch\\\/#website\"},\"primaryImageOfPage\":{\"@id\":\"https:\\\/\\\/www.organisator.ch\\\/de\\\/allgemein\\\/2017-06-20\\\/startup-wettbewerb-venture-2017-die-gewinner\\\/#primaryimage\"},\"image\":{\"@id\":\"https:\\\/\\\/www.organisator.ch\\\/de\\\/allgemein\\\/2017-06-20\\\/startup-wettbewerb-venture-2017-die-gewinner\\\/#primaryimage\"},\"thumbnailUrl\":\"https:\\\/\\\/www.organisator.ch\\\/wp-content\\\/uploads\\\/2017\\\/06\\\/Startup-Wettbewerb-venture-2017-Die-Gewinner-1_Organisator.jpg\",\"datePublished\":\"2017-06-20T06:01:57+00:00\",\"description\":\">>venture>>, der bedeutendste Startup-Wettbewerb der Schweiz, pr\u00e4mierte am 19. Juni die diesj\u00e4hrigen Gewinnerinnen und Gewinner.\",\"breadcrumb\":{\"@id\":\"https:\\\/\\\/www.organisator.ch\\\/de\\\/allgemein\\\/2017-06-20\\\/startup-wettbewerb-venture-2017-die-gewinner\\\/#breadcrumb\"},\"inLanguage\":\"de\",\"potentialAction\":[{\"@type\":\"ReadAction\",\"target\":[\"https:\\\/\\\/www.organisator.ch\\\/de\\\/allgemein\\\/2017-06-20\\\/startup-wettbewerb-venture-2017-die-gewinner\\\/\"]}]},{\"@type\":\"ImageObject\",\"inLanguage\":\"de\",\"@id\":\"https:\\\/\\\/www.organisator.ch\\\/de\\\/allgemein\\\/2017-06-20\\\/startup-wettbewerb-venture-2017-die-gewinner\\\/#primaryimage\",\"url\":\"https:\\\/\\\/www.organisator.ch\\\/wp-content\\\/uploads\\\/2017\\\/06\\\/Startup-Wettbewerb-venture-2017-Die-Gewinner-1_Organisator.jpg\",\"contentUrl\":\"https:\\\/\\\/www.organisator.ch\\\/wp-content\\\/uploads\\\/2017\\\/06\\\/Startup-Wettbewerb-venture-2017-Die-Gewinner-1_Organisator.jpg\",\"width\":640,\"height\":427,\"caption\":\"Lumigbo gewinnt am Startup-Wettbewerb >>venture>> den ersten Preis f\u00fcr den besten Gesch\u00e4ftsplan. Im Bild: Andreas Schmocker (Mitte) und Bundesrat Johann Schneider-Ammann. (Foto: >>venture>>)\"},{\"@type\":\"BreadcrumbList\",\"@id\":\"https:\\\/\\\/www.organisator.ch\\\/de\\\/allgemein\\\/2017-06-20\\\/startup-wettbewerb-venture-2017-die-gewinner\\\/#breadcrumb\",\"itemListElement\":[{\"@type\":\"ListItem\",\"position\":1,\"name\":\"Home\",\"item\":\"https:\\\/\\\/www.organisator.ch\\\/\"},{\"@type\":\"ListItem\",\"position\":2,\"name\":\"Startup-Wettbewerb >>venture>> 2017: Die Gewinner\"}]},{\"@type\":\"WebSite\",\"@id\":\"https:\\\/\\\/www.organisator.ch\\\/#website\",\"url\":\"https:\\\/\\\/www.organisator.ch\\\/\",\"name\":\"Organisator\",\"description\":\"Kompetent. Praxisnah. Der ORGANISATOR bereitet in 10 Ausgaben pro Jahr die wesentlichen Themen f\u00fcr F\u00fchrungskr\u00e4fte von KMU auf.\",\"publisher\":{\"@id\":\"https:\\\/\\\/www.organisator.ch\\\/#organization\"},\"potentialAction\":[{\"@type\":\"SearchAction\",\"target\":{\"@type\":\"EntryPoint\",\"urlTemplate\":\"https:\\\/\\\/www.organisator.ch\\\/?s={search_term_string}\"},\"query-input\":{\"@type\":\"PropertyValueSpecification\",\"valueRequired\":true,\"valueName\":\"search_term_string\"}}],\"inLanguage\":\"de\"},{\"@type\":\"Organization\",\"@id\":\"https:\\\/\\\/www.organisator.ch\\\/#organization\",\"name\":\"Organisator\",\"url\":\"https:\\\/\\\/www.organisator.ch\\\/\",\"logo\":{\"@type\":\"ImageObject\",\"inLanguage\":\"de\",\"@id\":\"https:\\\/\\\/www.organisator.ch\\\/#\\\/schema\\\/logo\\\/image\\\/\",\"url\":\"https:\\\/\\\/www.organisator.ch\\\/wp-content\\\/uploads\\\/2022\\\/01\\\/Logo_Organisator_Website.png\",\"contentUrl\":\"https:\\\/\\\/www.organisator.ch\\\/wp-content\\\/uploads\\\/2022\\\/01\\\/Logo_Organisator_Website.png\",\"width\":800,\"height\":77,\"caption\":\"Organisator\"},\"image\":{\"@id\":\"https:\\\/\\\/www.organisator.ch\\\/#\\\/schema\\\/logo\\\/image\\\/\"},\"sameAs\":[\"https:\\\/\\\/www.facebook.com\\\/OrganisatorFachmagazin\",\"https:\\\/\\\/www.linkedin.com\\\/showcase\\\/organisator-das-magazin-fr-kmu\",\"https:\\\/\\\/www.xing.com\\\/news\\\/pages\\\/organisator-ch-695\",\"https:\\\/\\\/www.youtube.com\\\/channel\\\/UCGP2Sq0iWaZwT3BdIAQFYpw\"]},{\"@type\":\"Person\",\"@id\":\"https:\\\/\\\/www.organisator.ch\\\/#\\\/schema\\\/person\\\/6f650f90b2842cd4c0cc334b4e36f67e\",\"name\":\"thomas.berner\",\"image\":{\"@type\":\"ImageObject\",\"inLanguage\":\"de\",\"@id\":\"https:\\\/\\\/secure.gravatar.com\\\/avatar\\\/ac5001d2a36cb6c6cd3e50789007ffca834b477b74a2144564522e944eabff61?s=96&d=mm&r=g\",\"url\":\"https:\\\/\\\/secure.gravatar.com\\\/avatar\\\/ac5001d2a36cb6c6cd3e50789007ffca834b477b74a2144564522e944eabff61?s=96&d=mm&r=g\",\"contentUrl\":\"https:\\\/\\\/secure.gravatar.com\\\/avatar\\\/ac5001d2a36cb6c6cd3e50789007ffca834b477b74a2144564522e944eabff61?s=96&d=mm&r=g\",\"caption\":\"thomas.berner\"},\"url\":\"https:\\\/\\\/www.organisator.ch\\\/de\\\/author\\\/thomas-berner\\\/\"}]}<\/script>\n<!-- \/ Yoast SEO plugin. -->","yoast_head_json":{"title":"Startup-Wettbewerb >>venture>> 2017: Die Gewinner - Organisator","description":">>venture>>, der bedeutendste Startup-Wettbewerb der Schweiz, pr\u00e4mierte am 19. Juni die diesj\u00e4hrigen Gewinnerinnen und Gewinner.","robots":{"index":"index","follow":"follow","max-snippet":"max-snippet:-1","max-image-preview":"max-image-preview:large","max-video-preview":"max-video-preview:-1"},"canonical":"https:\/\/www.organisator.ch\/de\/allgemein\/2017-06-20\/startup-wettbewerb-venture-2017-die-gewinner\/","og_locale":"de_DE","og_type":"article","og_title":"Startup-Wettbewerb >>venture>> 2017: Die Gewinner","og_description":"#>>venture>>, der bedeutendste #Startup-Wettbewerb der Schweiz, pr\u00e4mierte am 19. Juni die diesj\u00e4hrigen Gewinnerinnen und Gewinner und feierte sein 20-j\u00e4hriges Bestehen.","og_url":"https:\/\/www.organisator.ch\/de\/allgemein\/2017-06-20\/startup-wettbewerb-venture-2017-die-gewinner\/","og_site_name":"Organisator","article_publisher":"https:\/\/www.facebook.com\/OrganisatorFachmagazin","article_published_time":"2017-06-20T06:01:57+00:00","og_image":[{"width":640,"height":427,"url":"https:\/\/www.organisator.ch\/wp-content\/uploads\/2017\/06\/Startup-Wettbewerb-venture-2017-Die-Gewinner-1_Organisator.jpg","type":"image\/jpeg"}],"author":"thomas.berner","twitter_card":"summary_large_image","twitter_title":"#Startup-Wettbewerb >>venture>> 2017: Die Gewinner","twitter_description":"#>>venture>>, der bedeutendste #Startup-Wettbewerb der Schweiz, pr\u00e4mierte am 19. Juni die diesj\u00e4hrigen Gewinnerinnen und Gewinner und feierte sein 20-j\u00e4hriges Bestehen.","twitter_image":"https:\/\/www.organisator.ch\/wp-content\/uploads\/2017\/06\/Startup-Wettbewerb-venture-2017-Die-Gewinner-1_Organisator.jpg","schema":{"@context":"https:\/\/schema.org","@graph":[{"@type":"Article","@id":"https:\/\/www.organisator.ch\/de\/allgemein\/2017-06-20\/startup-wettbewerb-venture-2017-die-gewinner\/#article","isPartOf":{"@id":"https:\/\/www.organisator.ch\/de\/allgemein\/2017-06-20\/startup-wettbewerb-venture-2017-die-gewinner\/"},"author":{"name":"thomas.berner","@id":"https:\/\/www.organisator.ch\/#\/schema\/person\/6f650f90b2842cd4c0cc334b4e36f67e"},"headline":"Startup-Wettbewerb >>venture>> 2017: Die Gewinner","datePublished":"2017-06-20T06:01:57+00:00","mainEntityOfPage":{"@id":"https:\/\/www.organisator.ch\/de\/allgemein\/2017-06-20\/startup-wettbewerb-venture-2017-die-gewinner\/"},"wordCount":697,"commentCount":2,"publisher":{"@id":"https:\/\/www.organisator.ch\/#organization"},"image":{"@id":"https:\/\/www.organisator.ch\/de\/allgemein\/2017-06-20\/startup-wettbewerb-venture-2017-die-gewinner\/#primaryimage"},"thumbnailUrl":"https:\/\/www.organisator.ch\/wp-content\/uploads\/2017\/06\/Startup-Wettbewerb-venture-2017-Die-Gewinner-1_Organisator.jpg","keywords":["Startups","Unternehmen","Vermischtes","Wissenschaft"],"inLanguage":"de"},{"@type":"WebPage","@id":"https:\/\/www.organisator.ch\/de\/allgemein\/2017-06-20\/startup-wettbewerb-venture-2017-die-gewinner\/","url":"https:\/\/www.organisator.ch\/de\/allgemein\/2017-06-20\/startup-wettbewerb-venture-2017-die-gewinner\/","name":"Startup-Wettbewerb >>venture>> 2017: Die Gewinner - Organisator","isPartOf":{"@id":"https:\/\/www.organisator.ch\/#website"},"primaryImageOfPage":{"@id":"https:\/\/www.organisator.ch\/de\/allgemein\/2017-06-20\/startup-wettbewerb-venture-2017-die-gewinner\/#primaryimage"},"image":{"@id":"https:\/\/www.organisator.ch\/de\/allgemein\/2017-06-20\/startup-wettbewerb-venture-2017-die-gewinner\/#primaryimage"},"thumbnailUrl":"https:\/\/www.organisator.ch\/wp-content\/uploads\/2017\/06\/Startup-Wettbewerb-venture-2017-Die-Gewinner-1_Organisator.jpg","datePublished":"2017-06-20T06:01:57+00:00","description":">>venture>>, der bedeutendste Startup-Wettbewerb der Schweiz, pr\u00e4mierte am 19. Juni die diesj\u00e4hrigen Gewinnerinnen und Gewinner.","breadcrumb":{"@id":"https:\/\/www.organisator.ch\/de\/allgemein\/2017-06-20\/startup-wettbewerb-venture-2017-die-gewinner\/#breadcrumb"},"inLanguage":"de","potentialAction":[{"@type":"ReadAction","target":["https:\/\/www.organisator.ch\/de\/allgemein\/2017-06-20\/startup-wettbewerb-venture-2017-die-gewinner\/"]}]},{"@type":"ImageObject","inLanguage":"de","@id":"https:\/\/www.organisator.ch\/de\/allgemein\/2017-06-20\/startup-wettbewerb-venture-2017-die-gewinner\/#primaryimage","url":"https:\/\/www.organisator.ch\/wp-content\/uploads\/2017\/06\/Startup-Wettbewerb-venture-2017-Die-Gewinner-1_Organisator.jpg","contentUrl":"https:\/\/www.organisator.ch\/wp-content\/uploads\/2017\/06\/Startup-Wettbewerb-venture-2017-Die-Gewinner-1_Organisator.jpg","width":640,"height":427,"caption":"Lumigbo gewinnt am Startup-Wettbewerb >>venture>> den ersten Preis f\u00fcr den besten Gesch\u00e4ftsplan. Im Bild: Andreas Schmocker (Mitte) und Bundesrat Johann Schneider-Ammann. (Foto: >>venture>>)"},{"@type":"BreadcrumbList","@id":"https:\/\/www.organisator.ch\/de\/allgemein\/2017-06-20\/startup-wettbewerb-venture-2017-die-gewinner\/#breadcrumb","itemListElement":[{"@type":"ListItem","position":1,"name":"Home","item":"https:\/\/www.organisator.ch\/"},{"@type":"ListItem","position":2,"name":"Startup-Wettbewerb >>venture>> 2017: Die Gewinner"}]},{"@type":"WebSite","@id":"https:\/\/www.organisator.ch\/#website","url":"https:\/\/www.organisator.ch\/","name":"Organisator","description":"Kompetent. Praxisnah. Der ORGANISATOR bereitet in 10 Ausgaben pro Jahr die wesentlichen Themen f\u00fcr F\u00fchrungskr\u00e4fte von KMU auf.","publisher":{"@id":"https:\/\/www.organisator.ch\/#organization"},"potentialAction":[{"@type":"SearchAction","target":{"@type":"EntryPoint","urlTemplate":"https:\/\/www.organisator.ch\/?s={search_term_string}"},"query-input":{"@type":"PropertyValueSpecification","valueRequired":true,"valueName":"search_term_string"}}],"inLanguage":"de"},{"@type":"Organization","@id":"https:\/\/www.organisator.ch\/#organization","name":"Organisator","url":"https:\/\/www.organisator.ch\/","logo":{"@type":"ImageObject","inLanguage":"de","@id":"https:\/\/www.organisator.ch\/#\/schema\/logo\/image\/","url":"https:\/\/www.organisator.ch\/wp-content\/uploads\/2022\/01\/Logo_Organisator_Website.png","contentUrl":"https:\/\/www.organisator.ch\/wp-content\/uploads\/2022\/01\/Logo_Organisator_Website.png","width":800,"height":77,"caption":"Organisator"},"image":{"@id":"https:\/\/www.organisator.ch\/#\/schema\/logo\/image\/"},"sameAs":["https:\/\/www.facebook.com\/OrganisatorFachmagazin","https:\/\/www.linkedin.com\/showcase\/organisator-das-magazin-fr-kmu","https:\/\/www.xing.com\/news\/pages\/organisator-ch-695","https:\/\/www.youtube.com\/channel\/UCGP2Sq0iWaZwT3BdIAQFYpw"]},{"@type":"Person","@id":"https:\/\/www.organisator.ch\/#\/schema\/person\/6f650f90b2842cd4c0cc334b4e36f67e","name":"thomas.berner","image":{"@type":"ImageObject","inLanguage":"de","@id":"https:\/\/secure.gravatar.com\/avatar\/ac5001d2a36cb6c6cd3e50789007ffca834b477b74a2144564522e944eabff61?s=96&d=mm&r=g","url":"https:\/\/secure.gravatar.com\/avatar\/ac5001d2a36cb6c6cd3e50789007ffca834b477b74a2144564522e944eabff61?s=96&d=mm&r=g","contentUrl":"https:\/\/secure.gravatar.com\/avatar\/ac5001d2a36cb6c6cd3e50789007ffca834b477b74a2144564522e944eabff61?s=96&d=mm&r=g","caption":"thomas.berner"},"url":"https:\/\/www.organisator.ch\/de\/author\/thomas-berner\/"}]}},"_links":{"self":[{"href":"https:\/\/www.organisator.ch\/de\/wp-json\/wp\/v2\/posts\/2081","targetHints":{"allow":["GET"]}}],"collection":[{"href":"https:\/\/www.organisator.ch\/de\/wp-json\/wp\/v2\/posts"}],"about":[{"href":"https:\/\/www.organisator.ch\/de\/wp-json\/wp\/v2\/types\/post"}],"author":[{"embeddable":true,"href":"https:\/\/www.organisator.ch\/de\/wp-json\/wp\/v2\/users\/4"}],"replies":[{"embeddable":true,"href":"https:\/\/www.organisator.ch\/de\/wp-json\/wp\/v2\/comments?post=2081"}],"version-history":[{"count":0,"href":"https:\/\/www.organisator.ch\/de\/wp-json\/wp\/v2\/posts\/2081\/revisions"}],"wp:featuredmedia":[{"embeddable":true,"href":"https:\/\/www.organisator.ch\/de\/wp-json\/wp\/v2\/media\/2083"}],"wp:attachment":[{"href":"https:\/\/www.organisator.ch\/de\/wp-json\/wp\/v2\/media?parent=2081"}],"wp:term":[{"taxonomy":"category","embeddable":true,"href":"https:\/\/www.organisator.ch\/de\/wp-json\/wp\/v2\/categories?post=2081"},{"taxonomy":"post_tag","embeddable":true,"href":"https:\/\/www.organisator.ch\/de\/wp-json\/wp\/v2\/tags?post=2081"}],"curies":[{"name":"wp","href":"https:\/\/api.w.org\/{rel}","templated":true}]}}