{"id":20835,"date":"2023-06-23T13:42:11","date_gmt":"2023-06-23T11:42:11","guid":{"rendered":"https:\/\/www.organisator.ch\/?p=20835"},"modified":"2023-06-23T13:42:11","modified_gmt":"2023-06-23T11:42:11","slug":"swisscom-uebernimmt-axept-und-verstaerkt-erp-angebot-fuer-kmu","status":"publish","type":"post","link":"https:\/\/www.organisator.ch\/de\/management\/it\/2023-06-23\/swisscom-uebernimmt-axept-und-verstaerkt-erp-angebot-fuer-kmu\/","title":{"rendered":"Swisscom \u00fcbernimmt Axept und verst\u00e4rkt ERP-Angebot f\u00fcr KMU"},"content":{"rendered":"<figure id=\"attachment_20836\" aria-describedby=\"caption-attachment-20836\" style=\"width: 680px\" class=\"wp-caption alignnone\"><img loading=\"lazy\" decoding=\"async\" class=\"size-full wp-image-20836\" src=\"https:\/\/www.organisator.ch\/wp-content\/uploads\/2023\/06\/Swisscom-uebernimmt-Axept-und-verstaerkt-ERP-Angebot-fuer-KMU_Organisator.jpg\" alt=\"\" width=\"680\" height=\"451\" srcset=\"https:\/\/www.organisator.ch\/wp-content\/uploads\/2023\/06\/Swisscom-uebernimmt-Axept-und-verstaerkt-ERP-Angebot-fuer-KMU_Organisator.jpg 680w, https:\/\/www.organisator.ch\/wp-content\/uploads\/2023\/06\/Swisscom-uebernimmt-Axept-und-verstaerkt-ERP-Angebot-fuer-KMU_Organisator-18x12.jpg 18w, https:\/\/www.organisator.ch\/wp-content\/uploads\/2023\/06\/Swisscom-uebernimmt-Axept-und-verstaerkt-ERP-Angebot-fuer-KMU_Organisator-375x249.jpg 375w, https:\/\/www.organisator.ch\/wp-content\/uploads\/2023\/06\/Swisscom-uebernimmt-Axept-und-verstaerkt-ERP-Angebot-fuer-KMU_Organisator-528x350.jpg 528w\" sizes=\"auto, (max-width: 680px) 100vw, 680px\" \/><figcaption id=\"caption-attachment-20836\" class=\"wp-caption-text\">Business Software f\u00fcr KMU: Die Swisscom baut mit der \u00dcbernahme von Axept ihr ERP-Angebot aus. (Symbolbild; Unsplash.com)<\/figcaption><\/figure>\n<p>Swisscom will als \u00abInnovator of Trust\u00bb die Zukunft der Schweizer Wirtschaft in einer immer st\u00e4rker digitalisierten und vernetzen Welt mitgestalten. Mit dem Zukauf des Abacus Integrators Axept Business Software AG, baut Swisscom das L\u00f6sungsangebot im Bereich Business Applications im KMU-Umfeld weiter aus. Damit st\u00e4rkt Swisscom insbesondere den Bereich ERP-Dienstleistungen in der Deutschschweiz, in welchem sie bereits heute als Anbieterin von SAP Services f\u00fcr Grosskunden unterwegs ist. Laut Patrick Minder, Head Platforms &amp; Applications von Swisscom, sei die Akquisition von Axept \u00abein wichtiger Schritt, um Schweizer KMU noch umfassender in deren IT &amp; Business Transformation unterst\u00fctzen zu k\u00f6nnen\u00bb.<\/p>\n<p>Axept ist als Gold Partner einer der f\u00fchrenden Integrations- und Betriebspartner f\u00fcr die sehr erfolgreiche Schweizer ERP-L\u00f6sung Abacus und z\u00e4hlt rund 1\u2019500 kleine und mittelgrosse Unternehmen verschiedenster Branchen zu seinen Kunden. Zus\u00e4tzlich besitzt Axept \u00fcber ausgewiesene Kompetenz in der Implementierung von Business Intelligence- und Datamanagement-L\u00f6sungen und verf\u00fcgt mit PROVIS \u00fcber eine eigene Baumanagementl\u00f6sung. Axept besch\u00e4ftigt rund 180 Mitarbeitende an den Standorten Z\u00fcrich, Basel, Bern und St. Gallen und wird nach Vollzug der \u00dcbernahme ein Tochterunternehmen von Swisscom. Das Unternehmen wird unter der bisherigen Gesch\u00e4ftsleitung mit CEO Raphael Kohler weiterhin als eigenst\u00e4ndige Marke mit seinem ERP-Angebot am Markt pr\u00e4sent sein. Er ist \u00fcberzeugt, dass dieser Schritt f\u00fcr beide Parteien Synergien freisetzen und die langfristige Positionierung von Axept am Markt weiter st\u00e4rken werde.<\/p>\n<p>Das Closing hat am 19. Juni 2023 stattgefunden. Zu den finanziellen Details der Transaktion haben die Parteien Stillschweigen vereinbart.<\/p>\n<p><em>Quelle: <a href=\"http:\/\/www.swisscom.ch\">Swisscom<\/a>. Weitere Informationen: <a href=\"http:\/\/www.axept.ch\">Axept Business Software AG<\/a><\/em><\/p>\n","protected":false},"excerpt":{"rendered":"<p>Swisscom \u00fcbernimmt Axept Business Software AG, einen Integrations- und Betriebspartner f\u00fcr die Schweizer ERP-Software Abacus. Damit st\u00e4rkt Swisscom nach eigenen Angaben ihre Kompetenz im Bereich Core Business Applications und unterst\u00fctzt als umfassende Digitalisierungspartnerin die Wettbewerbsf\u00e4higkeit von Schweizer KMU.<\/p>\n","protected":false},"author":4,"featured_media":20836,"comment_status":"closed","ping_status":"closed","sticky":false,"template":"","format":"standard","meta":{"_acf_changed":false,"_yoast_wpseo_focuskw":"ERP-Angebot","_yoast_wpseo_metadesc":"Mit der \u00dcbernahme des Abacus-Systemintegrators Axept Business Software AG erweitert Swisscom das ERP-Angebot f\u00fcr KMU.","articlekey":"","footnotes":""},"categories":[27],"tags":[35,287,2962,492],"class_list":["post-20835","post","type-post","status-publish","format-standard","has-post-thumbnail","hentry","category-it","tag-akquisition","tag-itbusiness-software","tag-swisscom","tag-unternehmen"],"acf":[],"yoast_head":"<!-- This site is optimized with the Yoast SEO plugin v27.5 - https:\/\/yoast.com\/product\/yoast-seo-wordpress\/ -->\n<title>Swisscom \u00fcbernimmt Axept und verst\u00e4rkt ERP-Angebot f\u00fcr KMU - Organisator<\/title>\n<meta name=\"description\" content=\"Mit der \u00dcbernahme des Abacus-Systemintegrators Axept Business Software AG erweitert Swisscom das ERP-Angebot f\u00fcr KMU.\" \/>\n<meta name=\"robots\" content=\"index, follow, max-snippet:-1, max-image-preview:large, max-video-preview:-1\" \/>\n<link rel=\"canonical\" href=\"https:\/\/www.organisator.ch\/de\/management\/it\/2023-06-23\/swisscom-uebernimmt-axept-und-verstaerkt-erp-angebot-fuer-kmu\/\" \/>\n<meta property=\"og:locale\" content=\"de_DE\" \/>\n<meta property=\"og:type\" content=\"article\" \/>\n<meta property=\"og:title\" content=\"Swisscom \u00fcbernimmt Axept und verst\u00e4rkt ERP-Angebot f\u00fcr KMU\" \/>\n<meta property=\"og:description\" content=\"Mit der \u00dcbernahme des Abacus-Systemintegrators Axept Business Software AG erweitert Swisscom das ERP-Angebot f\u00fcr KMU.\" \/>\n<meta property=\"og:url\" content=\"https:\/\/www.organisator.ch\/de\/management\/it\/2023-06-23\/swisscom-uebernimmt-axept-und-verstaerkt-erp-angebot-fuer-kmu\/\" \/>\n<meta property=\"og:site_name\" content=\"Organisator\" \/>\n<meta property=\"article:publisher\" content=\"https:\/\/www.facebook.com\/OrganisatorFachmagazin\" \/>\n<meta property=\"article:published_time\" content=\"2023-06-23T11:42:11+00:00\" \/>\n<meta property=\"og:image\" content=\"https:\/\/www.organisator.ch\/wp-content\/uploads\/2023\/06\/Swisscom-uebernimmt-Axept-und-verstaerkt-ERP-Angebot-fuer-KMU_Organisator.jpg\" \/>\n\t<meta property=\"og:image:width\" content=\"680\" \/>\n\t<meta property=\"og:image:height\" content=\"451\" \/>\n\t<meta property=\"og:image:type\" content=\"image\/jpeg\" \/>\n<meta name=\"author\" content=\"thomas.berner\" \/>\n<meta name=\"twitter:card\" content=\"summary_large_image\" \/>\n<meta name=\"twitter:title\" content=\"#Swisscom \u00fcbernimmt #Axept und verst\u00e4rkt #ERP-Angebot f\u00fcr KMU\" \/>\n<meta name=\"twitter:description\" content=\"Mit der \u00dcbernahme des #Abacus-Systemintegrators #Axept Business Software AG erweitert #Swisscom das #ERP-Angebot f\u00fcr KMU.\" \/>\n<meta name=\"twitter:image\" content=\"https:\/\/www.organisator.ch\/wp-content\/uploads\/2023\/06\/Swisscom-uebernimmt-Axept-und-verstaerkt-ERP-Angebot-fuer-KMU_Organisator.jpg\" \/>\n<script type=\"application\/ld+json\" class=\"yoast-schema-graph\">{\"@context\":\"https:\\\/\\\/schema.org\",\"@graph\":[{\"@type\":\"Article\",\"@id\":\"https:\\\/\\\/www.organisator.ch\\\/management\\\/it\\\/2023-06-23\\\/swisscom-uebernimmt-axept-und-verstaerkt-erp-angebot-fuer-kmu\\\/#article\",\"isPartOf\":{\"@id\":\"https:\\\/\\\/www.organisator.ch\\\/management\\\/it\\\/2023-06-23\\\/swisscom-uebernimmt-axept-und-verstaerkt-erp-angebot-fuer-kmu\\\/\"},\"author\":{\"name\":\"thomas.berner\",\"@id\":\"https:\\\/\\\/www.organisator.ch\\\/#\\\/schema\\\/person\\\/6f650f90b2842cd4c0cc334b4e36f67e\"},\"headline\":\"Swisscom \u00fcbernimmt Axept und verst\u00e4rkt ERP-Angebot f\u00fcr KMU\",\"datePublished\":\"2023-06-23T11:42:11+00:00\",\"mainEntityOfPage\":{\"@id\":\"https:\\\/\\\/www.organisator.ch\\\/management\\\/it\\\/2023-06-23\\\/swisscom-uebernimmt-axept-und-verstaerkt-erp-angebot-fuer-kmu\\\/\"},\"wordCount\":298,\"publisher\":{\"@id\":\"https:\\\/\\\/www.organisator.ch\\\/#organization\"},\"image\":{\"@id\":\"https:\\\/\\\/www.organisator.ch\\\/management\\\/it\\\/2023-06-23\\\/swisscom-uebernimmt-axept-und-verstaerkt-erp-angebot-fuer-kmu\\\/#primaryimage\"},\"thumbnailUrl\":\"https:\\\/\\\/www.organisator.ch\\\/wp-content\\\/uploads\\\/2023\\\/06\\\/Swisscom-uebernimmt-Axept-und-verstaerkt-ERP-Angebot-fuer-KMU_Organisator.jpg\",\"keywords\":[\"Akquisition\",\"IT\u2009&amp;\u2009Business Software\",\"Swisscom\",\"Unternehmen\"],\"articleSection\":[\"IT\"],\"inLanguage\":\"de\"},{\"@type\":\"WebPage\",\"@id\":\"https:\\\/\\\/www.organisator.ch\\\/management\\\/it\\\/2023-06-23\\\/swisscom-uebernimmt-axept-und-verstaerkt-erp-angebot-fuer-kmu\\\/\",\"url\":\"https:\\\/\\\/www.organisator.ch\\\/management\\\/it\\\/2023-06-23\\\/swisscom-uebernimmt-axept-und-verstaerkt-erp-angebot-fuer-kmu\\\/\",\"name\":\"Swisscom \u00fcbernimmt Axept und verst\u00e4rkt ERP-Angebot f\u00fcr KMU - Organisator\",\"isPartOf\":{\"@id\":\"https:\\\/\\\/www.organisator.ch\\\/#website\"},\"primaryImageOfPage\":{\"@id\":\"https:\\\/\\\/www.organisator.ch\\\/management\\\/it\\\/2023-06-23\\\/swisscom-uebernimmt-axept-und-verstaerkt-erp-angebot-fuer-kmu\\\/#primaryimage\"},\"image\":{\"@id\":\"https:\\\/\\\/www.organisator.ch\\\/management\\\/it\\\/2023-06-23\\\/swisscom-uebernimmt-axept-und-verstaerkt-erp-angebot-fuer-kmu\\\/#primaryimage\"},\"thumbnailUrl\":\"https:\\\/\\\/www.organisator.ch\\\/wp-content\\\/uploads\\\/2023\\\/06\\\/Swisscom-uebernimmt-Axept-und-verstaerkt-ERP-Angebot-fuer-KMU_Organisator.jpg\",\"datePublished\":\"2023-06-23T11:42:11+00:00\",\"description\":\"Mit der \u00dcbernahme des Abacus-Systemintegrators Axept Business Software AG erweitert Swisscom das ERP-Angebot f\u00fcr KMU.\",\"breadcrumb\":{\"@id\":\"https:\\\/\\\/www.organisator.ch\\\/management\\\/it\\\/2023-06-23\\\/swisscom-uebernimmt-axept-und-verstaerkt-erp-angebot-fuer-kmu\\\/#breadcrumb\"},\"inLanguage\":\"de\",\"potentialAction\":[{\"@type\":\"ReadAction\",\"target\":[\"https:\\\/\\\/www.organisator.ch\\\/management\\\/it\\\/2023-06-23\\\/swisscom-uebernimmt-axept-und-verstaerkt-erp-angebot-fuer-kmu\\\/\"]}]},{\"@type\":\"ImageObject\",\"inLanguage\":\"de\",\"@id\":\"https:\\\/\\\/www.organisator.ch\\\/management\\\/it\\\/2023-06-23\\\/swisscom-uebernimmt-axept-und-verstaerkt-erp-angebot-fuer-kmu\\\/#primaryimage\",\"url\":\"https:\\\/\\\/www.organisator.ch\\\/wp-content\\\/uploads\\\/2023\\\/06\\\/Swisscom-uebernimmt-Axept-und-verstaerkt-ERP-Angebot-fuer-KMU_Organisator.jpg\",\"contentUrl\":\"https:\\\/\\\/www.organisator.ch\\\/wp-content\\\/uploads\\\/2023\\\/06\\\/Swisscom-uebernimmt-Axept-und-verstaerkt-ERP-Angebot-fuer-KMU_Organisator.jpg\",\"width\":680,\"height\":451,\"caption\":\"Business Software f\u00fcr KMU: Die Swisscom baut mit der \u00dcbernahme von Axept ihre ERP-Dienstleistungskompetenz aus. (Symbolbild; Unsplash.com)\"},{\"@type\":\"BreadcrumbList\",\"@id\":\"https:\\\/\\\/www.organisator.ch\\\/management\\\/it\\\/2023-06-23\\\/swisscom-uebernimmt-axept-und-verstaerkt-erp-angebot-fuer-kmu\\\/#breadcrumb\",\"itemListElement\":[{\"@type\":\"ListItem\",\"position\":1,\"name\":\"Home\",\"item\":\"https:\\\/\\\/www.organisator.ch\\\/\"},{\"@type\":\"ListItem\",\"position\":2,\"name\":\"Swisscom \u00fcbernimmt Axept und verst\u00e4rkt ERP-Angebot f\u00fcr KMU\"}]},{\"@type\":\"WebSite\",\"@id\":\"https:\\\/\\\/www.organisator.ch\\\/#website\",\"url\":\"https:\\\/\\\/www.organisator.ch\\\/\",\"name\":\"Organisator\",\"description\":\"Kompetent. Praxisnah. Der ORGANISATOR bereitet in 10 Ausgaben pro Jahr die wesentlichen Themen f\u00fcr F\u00fchrungskr\u00e4fte von KMU auf.\",\"publisher\":{\"@id\":\"https:\\\/\\\/www.organisator.ch\\\/#organization\"},\"potentialAction\":[{\"@type\":\"SearchAction\",\"target\":{\"@type\":\"EntryPoint\",\"urlTemplate\":\"https:\\\/\\\/www.organisator.ch\\\/?s={search_term_string}\"},\"query-input\":{\"@type\":\"PropertyValueSpecification\",\"valueRequired\":true,\"valueName\":\"search_term_string\"}}],\"inLanguage\":\"de\"},{\"@type\":\"Organization\",\"@id\":\"https:\\\/\\\/www.organisator.ch\\\/#organization\",\"name\":\"Organisator\",\"url\":\"https:\\\/\\\/www.organisator.ch\\\/\",\"logo\":{\"@type\":\"ImageObject\",\"inLanguage\":\"de\",\"@id\":\"https:\\\/\\\/www.organisator.ch\\\/#\\\/schema\\\/logo\\\/image\\\/\",\"url\":\"https:\\\/\\\/www.organisator.ch\\\/wp-content\\\/uploads\\\/2022\\\/01\\\/Logo_Organisator_Website.png\",\"contentUrl\":\"https:\\\/\\\/www.organisator.ch\\\/wp-content\\\/uploads\\\/2022\\\/01\\\/Logo_Organisator_Website.png\",\"width\":800,\"height\":77,\"caption\":\"Organisator\"},\"image\":{\"@id\":\"https:\\\/\\\/www.organisator.ch\\\/#\\\/schema\\\/logo\\\/image\\\/\"},\"sameAs\":[\"https:\\\/\\\/www.facebook.com\\\/OrganisatorFachmagazin\",\"https:\\\/\\\/www.linkedin.com\\\/showcase\\\/organisator-das-magazin-fr-kmu\",\"https:\\\/\\\/www.xing.com\\\/news\\\/pages\\\/organisator-ch-695\",\"https:\\\/\\\/www.youtube.com\\\/channel\\\/UCGP2Sq0iWaZwT3BdIAQFYpw\"]},{\"@type\":\"Person\",\"@id\":\"https:\\\/\\\/www.organisator.ch\\\/#\\\/schema\\\/person\\\/6f650f90b2842cd4c0cc334b4e36f67e\",\"name\":\"thomas.berner\",\"image\":{\"@type\":\"ImageObject\",\"inLanguage\":\"de\",\"@id\":\"https:\\\/\\\/secure.gravatar.com\\\/avatar\\\/ac5001d2a36cb6c6cd3e50789007ffca834b477b74a2144564522e944eabff61?s=96&d=mm&r=g\",\"url\":\"https:\\\/\\\/secure.gravatar.com\\\/avatar\\\/ac5001d2a36cb6c6cd3e50789007ffca834b477b74a2144564522e944eabff61?s=96&d=mm&r=g\",\"contentUrl\":\"https:\\\/\\\/secure.gravatar.com\\\/avatar\\\/ac5001d2a36cb6c6cd3e50789007ffca834b477b74a2144564522e944eabff61?s=96&d=mm&r=g\",\"caption\":\"thomas.berner\"},\"url\":\"https:\\\/\\\/www.organisator.ch\\\/de\\\/author\\\/thomas-berner\\\/\"}]}<\/script>\n<!-- \/ Yoast SEO plugin. -->","yoast_head_json":{"title":"Swisscom \u00fcbernimmt Axept und verst\u00e4rkt ERP-Angebot f\u00fcr KMU - Organisator","description":"Mit der \u00dcbernahme des Abacus-Systemintegrators Axept Business Software AG erweitert Swisscom das ERP-Angebot f\u00fcr KMU.","robots":{"index":"index","follow":"follow","max-snippet":"max-snippet:-1","max-image-preview":"max-image-preview:large","max-video-preview":"max-video-preview:-1"},"canonical":"https:\/\/www.organisator.ch\/de\/management\/it\/2023-06-23\/swisscom-uebernimmt-axept-und-verstaerkt-erp-angebot-fuer-kmu\/","og_locale":"de_DE","og_type":"article","og_title":"Swisscom \u00fcbernimmt Axept und verst\u00e4rkt ERP-Angebot f\u00fcr KMU","og_description":"Mit der \u00dcbernahme des Abacus-Systemintegrators Axept Business Software AG erweitert Swisscom das ERP-Angebot f\u00fcr KMU.","og_url":"https:\/\/www.organisator.ch\/de\/management\/it\/2023-06-23\/swisscom-uebernimmt-axept-und-verstaerkt-erp-angebot-fuer-kmu\/","og_site_name":"Organisator","article_publisher":"https:\/\/www.facebook.com\/OrganisatorFachmagazin","article_published_time":"2023-06-23T11:42:11+00:00","og_image":[{"width":680,"height":451,"url":"https:\/\/www.organisator.ch\/wp-content\/uploads\/2023\/06\/Swisscom-uebernimmt-Axept-und-verstaerkt-ERP-Angebot-fuer-KMU_Organisator.jpg","type":"image\/jpeg"}],"author":"thomas.berner","twitter_card":"summary_large_image","twitter_title":"#Swisscom \u00fcbernimmt #Axept und verst\u00e4rkt #ERP-Angebot f\u00fcr KMU","twitter_description":"Mit der \u00dcbernahme des #Abacus-Systemintegrators #Axept Business Software AG erweitert #Swisscom das #ERP-Angebot f\u00fcr KMU.","twitter_image":"https:\/\/www.organisator.ch\/wp-content\/uploads\/2023\/06\/Swisscom-uebernimmt-Axept-und-verstaerkt-ERP-Angebot-fuer-KMU_Organisator.jpg","schema":{"@context":"https:\/\/schema.org","@graph":[{"@type":"Article","@id":"https:\/\/www.organisator.ch\/management\/it\/2023-06-23\/swisscom-uebernimmt-axept-und-verstaerkt-erp-angebot-fuer-kmu\/#article","isPartOf":{"@id":"https:\/\/www.organisator.ch\/management\/it\/2023-06-23\/swisscom-uebernimmt-axept-und-verstaerkt-erp-angebot-fuer-kmu\/"},"author":{"name":"thomas.berner","@id":"https:\/\/www.organisator.ch\/#\/schema\/person\/6f650f90b2842cd4c0cc334b4e36f67e"},"headline":"Swisscom \u00fcbernimmt Axept und verst\u00e4rkt ERP-Angebot f\u00fcr KMU","datePublished":"2023-06-23T11:42:11+00:00","mainEntityOfPage":{"@id":"https:\/\/www.organisator.ch\/management\/it\/2023-06-23\/swisscom-uebernimmt-axept-und-verstaerkt-erp-angebot-fuer-kmu\/"},"wordCount":298,"publisher":{"@id":"https:\/\/www.organisator.ch\/#organization"},"image":{"@id":"https:\/\/www.organisator.ch\/management\/it\/2023-06-23\/swisscom-uebernimmt-axept-und-verstaerkt-erp-angebot-fuer-kmu\/#primaryimage"},"thumbnailUrl":"https:\/\/www.organisator.ch\/wp-content\/uploads\/2023\/06\/Swisscom-uebernimmt-Axept-und-verstaerkt-ERP-Angebot-fuer-KMU_Organisator.jpg","keywords":["Akquisition","IT\u2009&amp;\u2009Business Software","Swisscom","Unternehmen"],"articleSection":["IT"],"inLanguage":"de"},{"@type":"WebPage","@id":"https:\/\/www.organisator.ch\/management\/it\/2023-06-23\/swisscom-uebernimmt-axept-und-verstaerkt-erp-angebot-fuer-kmu\/","url":"https:\/\/www.organisator.ch\/management\/it\/2023-06-23\/swisscom-uebernimmt-axept-und-verstaerkt-erp-angebot-fuer-kmu\/","name":"Swisscom \u00fcbernimmt Axept und verst\u00e4rkt ERP-Angebot f\u00fcr KMU - Organisator","isPartOf":{"@id":"https:\/\/www.organisator.ch\/#website"},"primaryImageOfPage":{"@id":"https:\/\/www.organisator.ch\/management\/it\/2023-06-23\/swisscom-uebernimmt-axept-und-verstaerkt-erp-angebot-fuer-kmu\/#primaryimage"},"image":{"@id":"https:\/\/www.organisator.ch\/management\/it\/2023-06-23\/swisscom-uebernimmt-axept-und-verstaerkt-erp-angebot-fuer-kmu\/#primaryimage"},"thumbnailUrl":"https:\/\/www.organisator.ch\/wp-content\/uploads\/2023\/06\/Swisscom-uebernimmt-Axept-und-verstaerkt-ERP-Angebot-fuer-KMU_Organisator.jpg","datePublished":"2023-06-23T11:42:11+00:00","description":"Mit der \u00dcbernahme des Abacus-Systemintegrators Axept Business Software AG erweitert Swisscom das ERP-Angebot f\u00fcr KMU.","breadcrumb":{"@id":"https:\/\/www.organisator.ch\/management\/it\/2023-06-23\/swisscom-uebernimmt-axept-und-verstaerkt-erp-angebot-fuer-kmu\/#breadcrumb"},"inLanguage":"de","potentialAction":[{"@type":"ReadAction","target":["https:\/\/www.organisator.ch\/management\/it\/2023-06-23\/swisscom-uebernimmt-axept-und-verstaerkt-erp-angebot-fuer-kmu\/"]}]},{"@type":"ImageObject","inLanguage":"de","@id":"https:\/\/www.organisator.ch\/management\/it\/2023-06-23\/swisscom-uebernimmt-axept-und-verstaerkt-erp-angebot-fuer-kmu\/#primaryimage","url":"https:\/\/www.organisator.ch\/wp-content\/uploads\/2023\/06\/Swisscom-uebernimmt-Axept-und-verstaerkt-ERP-Angebot-fuer-KMU_Organisator.jpg","contentUrl":"https:\/\/www.organisator.ch\/wp-content\/uploads\/2023\/06\/Swisscom-uebernimmt-Axept-und-verstaerkt-ERP-Angebot-fuer-KMU_Organisator.jpg","width":680,"height":451,"caption":"Business Software f\u00fcr KMU: Die Swisscom baut mit der \u00dcbernahme von Axept ihre ERP-Dienstleistungskompetenz aus. (Symbolbild; Unsplash.com)"},{"@type":"BreadcrumbList","@id":"https:\/\/www.organisator.ch\/management\/it\/2023-06-23\/swisscom-uebernimmt-axept-und-verstaerkt-erp-angebot-fuer-kmu\/#breadcrumb","itemListElement":[{"@type":"ListItem","position":1,"name":"Home","item":"https:\/\/www.organisator.ch\/"},{"@type":"ListItem","position":2,"name":"Swisscom \u00fcbernimmt Axept und verst\u00e4rkt ERP-Angebot f\u00fcr KMU"}]},{"@type":"WebSite","@id":"https:\/\/www.organisator.ch\/#website","url":"https:\/\/www.organisator.ch\/","name":"Organisator","description":"Kompetent. Praxisnah. Der ORGANISATOR bereitet in 10 Ausgaben pro Jahr die wesentlichen Themen f\u00fcr F\u00fchrungskr\u00e4fte von KMU auf.","publisher":{"@id":"https:\/\/www.organisator.ch\/#organization"},"potentialAction":[{"@type":"SearchAction","target":{"@type":"EntryPoint","urlTemplate":"https:\/\/www.organisator.ch\/?s={search_term_string}"},"query-input":{"@type":"PropertyValueSpecification","valueRequired":true,"valueName":"search_term_string"}}],"inLanguage":"de"},{"@type":"Organization","@id":"https:\/\/www.organisator.ch\/#organization","name":"Organisator","url":"https:\/\/www.organisator.ch\/","logo":{"@type":"ImageObject","inLanguage":"de","@id":"https:\/\/www.organisator.ch\/#\/schema\/logo\/image\/","url":"https:\/\/www.organisator.ch\/wp-content\/uploads\/2022\/01\/Logo_Organisator_Website.png","contentUrl":"https:\/\/www.organisator.ch\/wp-content\/uploads\/2022\/01\/Logo_Organisator_Website.png","width":800,"height":77,"caption":"Organisator"},"image":{"@id":"https:\/\/www.organisator.ch\/#\/schema\/logo\/image\/"},"sameAs":["https:\/\/www.facebook.com\/OrganisatorFachmagazin","https:\/\/www.linkedin.com\/showcase\/organisator-das-magazin-fr-kmu","https:\/\/www.xing.com\/news\/pages\/organisator-ch-695","https:\/\/www.youtube.com\/channel\/UCGP2Sq0iWaZwT3BdIAQFYpw"]},{"@type":"Person","@id":"https:\/\/www.organisator.ch\/#\/schema\/person\/6f650f90b2842cd4c0cc334b4e36f67e","name":"thomas.berner","image":{"@type":"ImageObject","inLanguage":"de","@id":"https:\/\/secure.gravatar.com\/avatar\/ac5001d2a36cb6c6cd3e50789007ffca834b477b74a2144564522e944eabff61?s=96&d=mm&r=g","url":"https:\/\/secure.gravatar.com\/avatar\/ac5001d2a36cb6c6cd3e50789007ffca834b477b74a2144564522e944eabff61?s=96&d=mm&r=g","contentUrl":"https:\/\/secure.gravatar.com\/avatar\/ac5001d2a36cb6c6cd3e50789007ffca834b477b74a2144564522e944eabff61?s=96&d=mm&r=g","caption":"thomas.berner"},"url":"https:\/\/www.organisator.ch\/de\/author\/thomas-berner\/"}]}},"_links":{"self":[{"href":"https:\/\/www.organisator.ch\/de\/wp-json\/wp\/v2\/posts\/20835","targetHints":{"allow":["GET"]}}],"collection":[{"href":"https:\/\/www.organisator.ch\/de\/wp-json\/wp\/v2\/posts"}],"about":[{"href":"https:\/\/www.organisator.ch\/de\/wp-json\/wp\/v2\/types\/post"}],"author":[{"embeddable":true,"href":"https:\/\/www.organisator.ch\/de\/wp-json\/wp\/v2\/users\/4"}],"replies":[{"embeddable":true,"href":"https:\/\/www.organisator.ch\/de\/wp-json\/wp\/v2\/comments?post=20835"}],"version-history":[{"count":1,"href":"https:\/\/www.organisator.ch\/de\/wp-json\/wp\/v2\/posts\/20835\/revisions"}],"predecessor-version":[{"id":20837,"href":"https:\/\/www.organisator.ch\/de\/wp-json\/wp\/v2\/posts\/20835\/revisions\/20837"}],"wp:featuredmedia":[{"embeddable":true,"href":"https:\/\/www.organisator.ch\/de\/wp-json\/wp\/v2\/media\/20836"}],"wp:attachment":[{"href":"https:\/\/www.organisator.ch\/de\/wp-json\/wp\/v2\/media?parent=20835"}],"wp:term":[{"taxonomy":"category","embeddable":true,"href":"https:\/\/www.organisator.ch\/de\/wp-json\/wp\/v2\/categories?post=20835"},{"taxonomy":"post_tag","embeddable":true,"href":"https:\/\/www.organisator.ch\/de\/wp-json\/wp\/v2\/tags?post=20835"}],"curies":[{"name":"wp","href":"https:\/\/api.w.org\/{rel}","templated":true}]}}