{"id":20854,"date":"2023-06-27T08:50:30","date_gmt":"2023-06-27T06:50:30","guid":{"rendered":"https:\/\/www.organisator.ch\/?p=20854"},"modified":"2023-08-08T10:55:08","modified_gmt":"2023-08-08T08:55:08","slug":"moeglichkeiten-fuer-teilzeitarbeit-in-typischen-maennerberufen-immer-noch-beschraenkt","status":"publish","type":"post","link":"https:\/\/www.organisator.ch\/de\/human-resources\/2023-06-27\/moeglichkeiten-fuer-teilzeitarbeit-in-typischen-maennerberufen-immer-noch-beschraenkt\/","title":{"rendered":"M\u00f6glichkeiten f\u00fcr Teilzeitarbeit in typischen M\u00e4nnerberufen immer noch beschr\u00e4nkt"},"content":{"rendered":"<figure id=\"attachment_20855\" aria-describedby=\"caption-attachment-20855\" style=\"width: 680px\" class=\"wp-caption alignnone\"><img loading=\"lazy\" decoding=\"async\" class=\"size-full wp-image-20855\" src=\"https:\/\/www.organisator.ch\/wp-content\/uploads\/2023\/06\/Moeglichkeiten-fuer-Teilzeitarbeit-in-typischen-Maennerberufen-immer-noch-beschraenkt-1_Organisator.jpg\" alt=\"\" width=\"680\" height=\"453\" srcset=\"https:\/\/www.organisator.ch\/wp-content\/uploads\/2023\/06\/Moeglichkeiten-fuer-Teilzeitarbeit-in-typischen-Maennerberufen-immer-noch-beschraenkt-1_Organisator.jpg 680w, https:\/\/www.organisator.ch\/wp-content\/uploads\/2023\/06\/Moeglichkeiten-fuer-Teilzeitarbeit-in-typischen-Maennerberufen-immer-noch-beschraenkt-1_Organisator-18x12.jpg 18w, https:\/\/www.organisator.ch\/wp-content\/uploads\/2023\/06\/Moeglichkeiten-fuer-Teilzeitarbeit-in-typischen-Maennerberufen-immer-noch-beschraenkt-1_Organisator-375x250.jpg 375w, https:\/\/www.organisator.ch\/wp-content\/uploads\/2023\/06\/Moeglichkeiten-fuer-Teilzeitarbeit-in-typischen-Maennerberufen-immer-noch-beschraenkt-1_Organisator-525x350.jpg 525w\" sizes=\"auto, (max-width: 680px) 100vw, 680px\" \/><figcaption id=\"caption-attachment-20855\" class=\"wp-caption-text\">Eine neue Studie zeigt, dass es Teilzeitarbeit in sog. &#8222;typischen M\u00e4nnerberufen&#8220;, etwa im Handwerk, noch schwer hat. (Bild: Shutterstock \/ AXA Schweiz)<\/figcaption><\/figure>\n<p>Aufgrund des demografischen Wandels befindet sich der Arbeitsmarkt im Umbruch: Erstmals werden mehr Arbeitnehmerinnen und Arbeitnehmer pensioniert, als neue in den Arbeitsmarkt eintreten \u2013 die Arbeitgebenden sind mit einem zunehmend ausgetrockneten Arbeitsmarkt konfrontiert. Der Umbruch im Arbeitsmarkt betrifft jedoch nicht nur die Zahl der Arbeitskr\u00e4fte, sondern auch deren Erwartungen und Anforderungen. Gerade weil sich aufgrund des Arbeitskr\u00e4ftemangels die Kr\u00e4fteverh\u00e4ltnisse zugunsten der Arbeitnehmerschaft verschieben, gewinnen deren Bed\u00fcrfnisse an Bedeutung.<\/p>\n<p>Ein wichtiger und viel diskutierter Trend ist dabei die Teilzeitarbeit. Grunds\u00e4tzlich sind Schweizer KMU der Teilzeitarbeit gegen\u00fcber positiv eingestellt. Das zeigen die Ergebnisse der aktuellen KMU-Arbeitsmarktstudie, welche die AXA in diesem Jahr zum zweiten Mal mit dem Forschungsinstitut Sotomo durchgef\u00fchrt hat: Nur rund eines von zehn Unternehmen sieht keinen Nutzen in einem 80-Prozent-Pensum gegen\u00fcber einer Vollzeitanstellung. In Zeiten des Fachkr\u00e4ftemangels stellt sich zwar aus volkswirtschaftlicher Sicht zunehmend die Frage, ob sich die Schweizer Wirtschaft Teilzeitarbeit \u00fcberhaupt leisten kann \u2013 Fakt ist aber, dass das Wunschpensum der Schweizerinnen und Schweizer \u00fcber alle Altersgruppen hinweg im Teilzeitbereich liegt.<\/p>\n<h3>Hohe Untergrenze in Bezug auf Mindestpensum bei kleinen KMU<\/h3>\n<p>Das Problem: Teilzeit ist nicht gleich Teilzeit. \u00abIn der Debatte um Teilzeitarbeit wird oft generalisiert von Teilzeitarbeit im Allgemeinen gesprochen. Konkret macht es aber einen grossen Unterschied, ob mit Teilzeitarbeit ein 40- oder ein 80-Prozent-Pensum gemeint ist\u00bb, erkl\u00e4rt Michael Hermann, Leiter Sotomo. F\u00fcr die KMU-Arbeitsmarktstudie der AXA Schweiz wurden die Unternehmen deshalb gefragt, wie hoch das Arbeitspensum sein muss, damit Mitarbeitende ihre Aufgaben und Verpflichtungen vollumf\u00e4nglich erf\u00fcllen k\u00f6nnen. Die Studienergebnisse zeigen: Die Untergrenze liegt bei kleinen KMU mit 5 bis 9 Mitarbeitenden bei einem mittleren 80-Prozent-Pensum und damit deutlich h\u00f6her als bei mittleren und grossen KMU, bei denen auch ein mittleres 60-Prozent-Pensum ausreicht.<\/p>\n<figure id=\"attachment_20856\" aria-describedby=\"caption-attachment-20856\" style=\"width: 680px\" class=\"wp-caption alignnone\"><img loading=\"lazy\" decoding=\"async\" class=\"size-full wp-image-20856\" src=\"https:\/\/www.organisator.ch\/wp-content\/uploads\/2023\/06\/Moeglichkeiten-fuer-Teilzeitarbeit-in-typischen-Maennerberufen-immer-noch-beschraenkt-2_Organisator.jpg\" alt=\"\" width=\"680\" height=\"333\" srcset=\"https:\/\/www.organisator.ch\/wp-content\/uploads\/2023\/06\/Moeglichkeiten-fuer-Teilzeitarbeit-in-typischen-Maennerberufen-immer-noch-beschraenkt-2_Organisator.jpg 680w, https:\/\/www.organisator.ch\/wp-content\/uploads\/2023\/06\/Moeglichkeiten-fuer-Teilzeitarbeit-in-typischen-Maennerberufen-immer-noch-beschraenkt-2_Organisator-18x9.jpg 18w, https:\/\/www.organisator.ch\/wp-content\/uploads\/2023\/06\/Moeglichkeiten-fuer-Teilzeitarbeit-in-typischen-Maennerberufen-immer-noch-beschraenkt-2_Organisator-375x184.jpg 375w\" sizes=\"auto, (max-width: 680px) 100vw, 680px\" \/><figcaption id=\"caption-attachment-20856\" class=\"wp-caption-text\">Massnahmen zur Reduktion des Geschlechterungleichgewichts. (Grafik: AXA Schweiz)<\/figcaption><\/figure>\n<p>Am tiefsten ist das Mindestpensum mit 50 Prozent in Branchen mit einem hohen Frauenanteil wie dem Detailhandel, dem Erziehungswesen sowie dem Gesundheits- und Sozialwesen. \u00abDie anhaltende Rollenverteilung der Haushalts- und Erziehungsarbeit f\u00fchrt dazu, dass Teilzeitarbeit in typischen Frauenberufen verbreitet und institutionalisiert ist, w\u00e4hrend die M\u00f6glichkeiten zur Teilzeitarbeit in typischen M\u00e4nnerberufen nach wie vor beschr\u00e4nkt sind. Man kann sich also fragen, wie sehr die M\u00f6glichkeit zur Teilzeitarbeit mit der T\u00e4tigkeit an sich zu tun hat und wie sehr mit den anhaltenden Rollenbildern\u00bb, so Hermann.<\/p>\n<h3>Einfluss gesellschaftlicher Vorstellungen nicht zu untersch\u00e4tzen<\/h3>\n<p>43 Prozent der befragten KMU begr\u00fcndeten das bei ihnen vorherrschende Mindestpensum mit einem erh\u00f6hten Koordinations- und Planungsaufwand, der bei einem tieferen Pensum anfallen w\u00fcrde. An zweiter Stelle nannten die Befragten die Erwartung der Kundschaft an die Pr\u00e4senzzeit der Mitarbeitenden (41 %). Nur ein gutes Drittel (35 %) begr\u00fcndet das Mindestpensum damit, dass die Arbeit an sich eine gewisse Pr\u00e4senzzeit erfordere. W\u00e4hrend der erh\u00f6hte Koordinations- und Planungsaufwand bei niedrigprozentigen Pensen auf der Hand liegt, haben durch die Kundschaft erforderte Pr\u00e4senzzeiten viel mit gesellschaftlichen Vorstellungen zu tun. Bei Unternehmen und Branchen mit einem hohen Mindestpensum stellt sich also ebenfalls die Frage, ob dies durch die Arbeit selbst bedingt ist, oder durch gesellschaftliche Vorstellungen \u00fcber die Art und Weise der Aus\u00fcbung eines bestimmten Berufs.<\/p>\n<figure id=\"attachment_20858\" aria-describedby=\"caption-attachment-20858\" style=\"width: 680px\" class=\"wp-caption alignnone\"><img loading=\"lazy\" decoding=\"async\" class=\"size-full wp-image-20858\" src=\"https:\/\/www.organisator.ch\/wp-content\/uploads\/2023\/06\/Moeglichkeiten-fuer-Teilzeitarbeit-in-typischen-Maennerberufen-immer-noch-beschraenkt-3_Organisator.jpg\" alt=\"\" width=\"680\" height=\"311\" srcset=\"https:\/\/www.organisator.ch\/wp-content\/uploads\/2023\/06\/Moeglichkeiten-fuer-Teilzeitarbeit-in-typischen-Maennerberufen-immer-noch-beschraenkt-3_Organisator.jpg 680w, https:\/\/www.organisator.ch\/wp-content\/uploads\/2023\/06\/Moeglichkeiten-fuer-Teilzeitarbeit-in-typischen-Maennerberufen-immer-noch-beschraenkt-3_Organisator-18x8.jpg 18w, https:\/\/www.organisator.ch\/wp-content\/uploads\/2023\/06\/Moeglichkeiten-fuer-Teilzeitarbeit-in-typischen-Maennerberufen-immer-noch-beschraenkt-3_Organisator-375x172.jpg 375w\" sizes=\"auto, (max-width: 680px) 100vw, 680px\" \/><figcaption id=\"caption-attachment-20858\" class=\"wp-caption-text\">Verst\u00e4ndnis der Viertagewoche. (Grafik: AXA Schweiz)<\/figcaption><\/figure>\n<h3>Viertagewoche erh\u00e4lt Gegenwind<\/h3>\n<p>Das Arbeiten in einem 80-Prozent-Pensum wird heute also weitgehend akzeptiert. Im Vergleich zur Vorjahresbefragung ist jedoch die Skepsis gegen eine gesetzliche Viertagewoche gestiegen: W\u00e4hrend 2022 noch 39 Prozent der Befragten die Einf\u00fchrung einer allgemeinen Viertagewoche positiv beurteilten, ist der Anteil 2023 auf unter einen Drittel (31 %) gesunken. \u00abDer R\u00fcckgang der Zustimmung d\u00fcrfte damit zu tun haben, dass die Viertagewoche im vergangenen Jahr zum medialen Thema geworden ist. Die Debatte hat offensichtlich die Skepsis unter den KMU gen\u00e4hrt\u00bb, so die Einsch\u00e4tzung von Michael Hermann.<\/p>\n<p>Die Studienergebnisse zeigen dar\u00fcber hinaus, dass bei Schweizer KMU sehr unterschiedliche Vorstellungen dar\u00fcber herrschen, was die Einf\u00fchrung der Viertagewoche \u00fcberhaupt bedeutet. Nur eine Minderheit der Befragten, n\u00e4mlich 39 Prozent, versteht darunter die Reduktion der Arbeitszeit bei gleichbleibendem Lohn (Modell Lohnausgleich). 32 Prozent der Befragten gehen davon aus, dass eine Viertagewoche bedeutet, dass die gleiche Stundenzahl wie heute in vier statt in f\u00fcnf Tagen geleistet wird (Modell Arbeitszeitverlagerung). Weitere 30 Prozent gehen zwar von einer Reduktion der Stundenzahl pro Woche aus, jedoch bei gleichzeitiger Reduktion des Lohns (Modell Arbeitszeitausgleich).<\/p>\n<p>Bei jenem Teil der Befragten, der gegen\u00fcber der Viertagewoche positiv eingestellt ist, deckt sich die Vorstellung davon h\u00e4ufiger mit dem Lohnausgleichsmodell als bei den Skeptikern. 55 Prozent von ihnen, die sich f\u00fcr eine Viertagewoche aussprechen, verstehen darunter eine Reduktion der Arbeitszeit bei gleichbleibendem Lohn. Insgesamt sprechen sich allerdings nur 17 Prozent f\u00fcr eine Viertagewoche mit gleichbleibendem Lohn aus. \u00ab\u00ab80-Prozent-Anstellungen sind heute breit akzeptiert. Auf eine gesetzliche Viertagewoche und erst noch mit Lohnausgleich, wollen sich hingegen die wenigsten KMU einlassen\u00bb, so Michael Hermann.<\/p>\n<h3>Nur eine Minderheit setzt konkrete Massnahmen zur Frauenf\u00f6rderung um<\/h3>\n<p>Eine vieldiskutierte Strategie im Umgang mit dem Arbeitskr\u00e4ftemangel ist eine h\u00f6here Erwerbsbeteiligung der Frauen. Denn meist sind es nach wie vor die Frauen, welche einen gr\u00f6sseren Teil der Haus- und Erziehungsarbeit \u00fcbernehmen und deshalb ihr Pensum reduzieren. Die Schweizer Wirtschaft w\u00e4re aber darauf angewiesen, dass Frauen in h\u00f6heren Pensen arbeiten.<\/p>\n<p>Die Studienergebnisse zeigen, dass zwar 70 Prozent der befragten Unternehmen mit bestehender Geschlechterungleichheit versuchen, dem entgegenzuwirken. Nur wenige KMU ergreifen jedoch gezielte Massnahmen: \u00a0Am meisten verbreitet sind flexible Arbeitszeiten (36 %) und die Erm\u00f6glichung von Teilzeitarbeit und Jobsharing (29 %). Diese beiden zentralen Massnahmen zur besseren Vereinbarkeit von famili\u00e4ren und beruflichen Verpflichtungen werden also nur von rund einem Drittel der KMU ergriffen, selbst wenn sie Defizite bei der Geschlechtergleichheit erkennen. Noch seltener sind gezielte Massnahmen wie die Ber\u00fccksichtigung des Geschlechts bei der Rekrutierung (18 %) oder gezielte F\u00f6rderprogramme (10 %).<\/p>\n<p>Zwar erleichtern diese Massnahmen den Arbeitnehmenden, famili\u00e4re und berufliche Verpflichtungen unter einen Hut zu bringen und erh\u00f6hen so die Erwerbst\u00e4tigenquote weiblicher Arbeitskr\u00e4fte. Durch den Fokus auf niedrige Teilzeitpensen f\u00f6rdern sie allerdings gleichzeitig eine insgesamt tiefere Erwerbsbeteiligung der Frauen. \u00abGerade die letzten beiden Massnahmen k\u00f6nnten einen wichtigen Beitrag dazu leisten, dass Frauen nicht nur h\u00e4ufiger angestellt werden, sondern auch vermehrt Karriere machen und zu h\u00f6heren Pensen arbeiten\u00bb, sagt Michael Hermann.<\/p>\n<p><em>Quelle: <a href=\"http:\/\/www.axa.ch\">AXA Schweiz<\/a><\/em><\/p>\n","protected":false},"excerpt":{"rendered":"<p>KMU bef\u00fcrworten Teilzeitarbeit, das erforderliche Mindestpensum liegt jedoch bei vielen Unternehmen bei 80 Prozent. Das erschwert gerade Frauen den Wiedereinstieg ins Berufsleben. Und auch die Viertagewoche erh\u00e4lt zunehmend Gegenwind \u2013 unter anderem, weil die KMU komplett unterschiedliche Vorstellungen von deren Ausgestaltung haben.<\/p>\n","protected":false},"author":4,"featured_media":20855,"comment_status":"closed","ping_status":"closed","sticky":false,"template":"","format":"standard","meta":{"_acf_changed":false,"_yoast_wpseo_focuskw":"Teilzeitarbeit","_yoast_wpseo_metadesc":"KMU bef\u00fcrworten Teilzeitarbeit, das erforderliche Mindestpensum liegt aber bei vielen Unternehmen bei 80 Prozent.","articlekey":"","footnotes":""},"categories":[579],"tags":[254,459,476],"class_list":["post-20854","post","type-post","status-publish","format-standard","has-post-thumbnail","hentry","category-human-resources","tag-hrm","tag-studie","tag-teilzeitarbeit"],"acf":[],"yoast_head":"<!-- This site is optimized with the Yoast SEO plugin v27.5 - https:\/\/yoast.com\/product\/yoast-seo-wordpress\/ -->\n<title>M\u00f6glichkeiten f\u00fcr Teilzeitarbeit in typischen M\u00e4nnerberufen immer noch beschr\u00e4nkt - Organisator<\/title>\n<meta name=\"description\" content=\"KMU bef\u00fcrworten Teilzeitarbeit, das erforderliche Mindestpensum liegt aber bei vielen Unternehmen bei 80 Prozent.\" \/>\n<meta name=\"robots\" content=\"index, follow, max-snippet:-1, max-image-preview:large, max-video-preview:-1\" \/>\n<link rel=\"canonical\" href=\"https:\/\/www.organisator.ch\/de\/human-resources\/2023-06-27\/moeglichkeiten-fuer-teilzeitarbeit-in-typischen-maennerberufen-immer-noch-beschraenkt\/\" \/>\n<meta property=\"og:locale\" content=\"de_DE\" \/>\n<meta property=\"og:type\" content=\"article\" \/>\n<meta property=\"og:title\" content=\"M\u00f6glichkeiten f\u00fcr Teilzeitarbeit in typischen M\u00e4nnerberufen immer noch beschr\u00e4nkt\" \/>\n<meta property=\"og:description\" content=\"KMU bef\u00fcrworten Teilzeitarbeit, das erforderliche Mindestpensum liegt aber bei vielen Unternehmen bei 80 Prozent.\" \/>\n<meta property=\"og:url\" content=\"https:\/\/www.organisator.ch\/de\/human-resources\/2023-06-27\/moeglichkeiten-fuer-teilzeitarbeit-in-typischen-maennerberufen-immer-noch-beschraenkt\/\" \/>\n<meta property=\"og:site_name\" content=\"Organisator\" \/>\n<meta property=\"article:publisher\" content=\"https:\/\/www.facebook.com\/OrganisatorFachmagazin\" \/>\n<meta property=\"article:published_time\" content=\"2023-06-27T06:50:30+00:00\" \/>\n<meta property=\"article:modified_time\" content=\"2023-08-08T08:55:08+00:00\" \/>\n<meta property=\"og:image\" content=\"https:\/\/www.organisator.ch\/wp-content\/uploads\/2023\/06\/Moeglichkeiten-fuer-Teilzeitarbeit-in-typischen-Maennerberufen-immer-noch-beschraenkt-1_Organisator.jpg\" \/>\n\t<meta property=\"og:image:width\" content=\"680\" \/>\n\t<meta property=\"og:image:height\" content=\"453\" \/>\n\t<meta property=\"og:image:type\" content=\"image\/jpeg\" \/>\n<meta name=\"author\" content=\"thomas.berner\" \/>\n<meta name=\"twitter:card\" content=\"summary_large_image\" \/>\n<meta name=\"twitter:title\" content=\"M\u00f6glichkeiten f\u00fcr #Teilzeitarbeit in typischen #M\u00e4nnerberufen immer noch beschr\u00e4nkt\" \/>\n<meta name=\"twitter:description\" content=\"KMU bef\u00fcrworten #Teilzeitarbeit, das erforderliche #Mindestpensum liegt aber bei vielen Unternehmen bei 80 Prozent.\" \/>\n<meta name=\"twitter:image\" content=\"https:\/\/www.organisator.ch\/wp-content\/uploads\/2023\/06\/Moeglichkeiten-fuer-Teilzeitarbeit-in-typischen-Maennerberufen-immer-noch-beschraenkt-1_Organisator.jpg\" \/>\n<script type=\"application\/ld+json\" class=\"yoast-schema-graph\">{\"@context\":\"https:\\\/\\\/schema.org\",\"@graph\":[{\"@type\":\"Article\",\"@id\":\"https:\\\/\\\/www.organisator.ch\\\/human-resources\\\/2023-06-27\\\/moeglichkeiten-fuer-teilzeitarbeit-in-typischen-maennerberufen-immer-noch-beschraenkt\\\/#article\",\"isPartOf\":{\"@id\":\"https:\\\/\\\/www.organisator.ch\\\/human-resources\\\/2023-06-27\\\/moeglichkeiten-fuer-teilzeitarbeit-in-typischen-maennerberufen-immer-noch-beschraenkt\\\/\"},\"author\":{\"name\":\"thomas.berner\",\"@id\":\"https:\\\/\\\/www.organisator.ch\\\/#\\\/schema\\\/person\\\/6f650f90b2842cd4c0cc334b4e36f67e\"},\"headline\":\"M\u00f6glichkeiten f\u00fcr Teilzeitarbeit in typischen M\u00e4nnerberufen immer noch beschr\u00e4nkt\",\"datePublished\":\"2023-06-27T06:50:30+00:00\",\"dateModified\":\"2023-08-08T08:55:08+00:00\",\"mainEntityOfPage\":{\"@id\":\"https:\\\/\\\/www.organisator.ch\\\/human-resources\\\/2023-06-27\\\/moeglichkeiten-fuer-teilzeitarbeit-in-typischen-maennerberufen-immer-noch-beschraenkt\\\/\"},\"wordCount\":1074,\"publisher\":{\"@id\":\"https:\\\/\\\/www.organisator.ch\\\/#organization\"},\"image\":{\"@id\":\"https:\\\/\\\/www.organisator.ch\\\/human-resources\\\/2023-06-27\\\/moeglichkeiten-fuer-teilzeitarbeit-in-typischen-maennerberufen-immer-noch-beschraenkt\\\/#primaryimage\"},\"thumbnailUrl\":\"https:\\\/\\\/www.organisator.ch\\\/wp-content\\\/uploads\\\/2023\\\/06\\\/Moeglichkeiten-fuer-Teilzeitarbeit-in-typischen-Maennerberufen-immer-noch-beschraenkt-1_Organisator.jpg\",\"keywords\":[\"HRM\",\"Studie\",\"Teilzeitarbeit\"],\"articleSection\":[\"HUMAN RESOURCES\"],\"inLanguage\":\"de\"},{\"@type\":\"WebPage\",\"@id\":\"https:\\\/\\\/www.organisator.ch\\\/human-resources\\\/2023-06-27\\\/moeglichkeiten-fuer-teilzeitarbeit-in-typischen-maennerberufen-immer-noch-beschraenkt\\\/\",\"url\":\"https:\\\/\\\/www.organisator.ch\\\/human-resources\\\/2023-06-27\\\/moeglichkeiten-fuer-teilzeitarbeit-in-typischen-maennerberufen-immer-noch-beschraenkt\\\/\",\"name\":\"M\u00f6glichkeiten f\u00fcr Teilzeitarbeit in typischen M\u00e4nnerberufen immer noch beschr\u00e4nkt - Organisator\",\"isPartOf\":{\"@id\":\"https:\\\/\\\/www.organisator.ch\\\/#website\"},\"primaryImageOfPage\":{\"@id\":\"https:\\\/\\\/www.organisator.ch\\\/human-resources\\\/2023-06-27\\\/moeglichkeiten-fuer-teilzeitarbeit-in-typischen-maennerberufen-immer-noch-beschraenkt\\\/#primaryimage\"},\"image\":{\"@id\":\"https:\\\/\\\/www.organisator.ch\\\/human-resources\\\/2023-06-27\\\/moeglichkeiten-fuer-teilzeitarbeit-in-typischen-maennerberufen-immer-noch-beschraenkt\\\/#primaryimage\"},\"thumbnailUrl\":\"https:\\\/\\\/www.organisator.ch\\\/wp-content\\\/uploads\\\/2023\\\/06\\\/Moeglichkeiten-fuer-Teilzeitarbeit-in-typischen-Maennerberufen-immer-noch-beschraenkt-1_Organisator.jpg\",\"datePublished\":\"2023-06-27T06:50:30+00:00\",\"dateModified\":\"2023-08-08T08:55:08+00:00\",\"description\":\"KMU bef\u00fcrworten Teilzeitarbeit, das erforderliche Mindestpensum liegt aber bei vielen Unternehmen bei 80 Prozent.\",\"breadcrumb\":{\"@id\":\"https:\\\/\\\/www.organisator.ch\\\/human-resources\\\/2023-06-27\\\/moeglichkeiten-fuer-teilzeitarbeit-in-typischen-maennerberufen-immer-noch-beschraenkt\\\/#breadcrumb\"},\"inLanguage\":\"de\",\"potentialAction\":[{\"@type\":\"ReadAction\",\"target\":[\"https:\\\/\\\/www.organisator.ch\\\/human-resources\\\/2023-06-27\\\/moeglichkeiten-fuer-teilzeitarbeit-in-typischen-maennerberufen-immer-noch-beschraenkt\\\/\"]}]},{\"@type\":\"ImageObject\",\"inLanguage\":\"de\",\"@id\":\"https:\\\/\\\/www.organisator.ch\\\/human-resources\\\/2023-06-27\\\/moeglichkeiten-fuer-teilzeitarbeit-in-typischen-maennerberufen-immer-noch-beschraenkt\\\/#primaryimage\",\"url\":\"https:\\\/\\\/www.organisator.ch\\\/wp-content\\\/uploads\\\/2023\\\/06\\\/Moeglichkeiten-fuer-Teilzeitarbeit-in-typischen-Maennerberufen-immer-noch-beschraenkt-1_Organisator.jpg\",\"contentUrl\":\"https:\\\/\\\/www.organisator.ch\\\/wp-content\\\/uploads\\\/2023\\\/06\\\/Moeglichkeiten-fuer-Teilzeitarbeit-in-typischen-Maennerberufen-immer-noch-beschraenkt-1_Organisator.jpg\",\"width\":680,\"height\":453,\"caption\":\"Eine neue Studie zeigt, dass es Teilzeitarbeit in sog. \\\"typischen M\u00e4nnerberufen\\\", etwa im Handwerk, noch schwer hat. (Bild: Shutterstock \\\/ AXA Schweiz)\"},{\"@type\":\"BreadcrumbList\",\"@id\":\"https:\\\/\\\/www.organisator.ch\\\/human-resources\\\/2023-06-27\\\/moeglichkeiten-fuer-teilzeitarbeit-in-typischen-maennerberufen-immer-noch-beschraenkt\\\/#breadcrumb\",\"itemListElement\":[{\"@type\":\"ListItem\",\"position\":1,\"name\":\"Home\",\"item\":\"https:\\\/\\\/www.organisator.ch\\\/\"},{\"@type\":\"ListItem\",\"position\":2,\"name\":\"M\u00f6glichkeiten f\u00fcr Teilzeitarbeit in typischen M\u00e4nnerberufen immer noch beschr\u00e4nkt\"}]},{\"@type\":\"WebSite\",\"@id\":\"https:\\\/\\\/www.organisator.ch\\\/#website\",\"url\":\"https:\\\/\\\/www.organisator.ch\\\/\",\"name\":\"Organisator\",\"description\":\"Kompetent. Praxisnah. Der ORGANISATOR bereitet in 10 Ausgaben pro Jahr die wesentlichen Themen f\u00fcr F\u00fchrungskr\u00e4fte von KMU auf.\",\"publisher\":{\"@id\":\"https:\\\/\\\/www.organisator.ch\\\/#organization\"},\"potentialAction\":[{\"@type\":\"SearchAction\",\"target\":{\"@type\":\"EntryPoint\",\"urlTemplate\":\"https:\\\/\\\/www.organisator.ch\\\/?s={search_term_string}\"},\"query-input\":{\"@type\":\"PropertyValueSpecification\",\"valueRequired\":true,\"valueName\":\"search_term_string\"}}],\"inLanguage\":\"de\"},{\"@type\":\"Organization\",\"@id\":\"https:\\\/\\\/www.organisator.ch\\\/#organization\",\"name\":\"Organisator\",\"url\":\"https:\\\/\\\/www.organisator.ch\\\/\",\"logo\":{\"@type\":\"ImageObject\",\"inLanguage\":\"de\",\"@id\":\"https:\\\/\\\/www.organisator.ch\\\/#\\\/schema\\\/logo\\\/image\\\/\",\"url\":\"https:\\\/\\\/www.organisator.ch\\\/wp-content\\\/uploads\\\/2022\\\/01\\\/Logo_Organisator_Website.png\",\"contentUrl\":\"https:\\\/\\\/www.organisator.ch\\\/wp-content\\\/uploads\\\/2022\\\/01\\\/Logo_Organisator_Website.png\",\"width\":800,\"height\":77,\"caption\":\"Organisator\"},\"image\":{\"@id\":\"https:\\\/\\\/www.organisator.ch\\\/#\\\/schema\\\/logo\\\/image\\\/\"},\"sameAs\":[\"https:\\\/\\\/www.facebook.com\\\/OrganisatorFachmagazin\",\"https:\\\/\\\/www.linkedin.com\\\/showcase\\\/organisator-das-magazin-fr-kmu\",\"https:\\\/\\\/www.xing.com\\\/news\\\/pages\\\/organisator-ch-695\",\"https:\\\/\\\/www.youtube.com\\\/channel\\\/UCGP2Sq0iWaZwT3BdIAQFYpw\"]},{\"@type\":\"Person\",\"@id\":\"https:\\\/\\\/www.organisator.ch\\\/#\\\/schema\\\/person\\\/6f650f90b2842cd4c0cc334b4e36f67e\",\"name\":\"thomas.berner\",\"image\":{\"@type\":\"ImageObject\",\"inLanguage\":\"de\",\"@id\":\"https:\\\/\\\/secure.gravatar.com\\\/avatar\\\/ac5001d2a36cb6c6cd3e50789007ffca834b477b74a2144564522e944eabff61?s=96&d=mm&r=g\",\"url\":\"https:\\\/\\\/secure.gravatar.com\\\/avatar\\\/ac5001d2a36cb6c6cd3e50789007ffca834b477b74a2144564522e944eabff61?s=96&d=mm&r=g\",\"contentUrl\":\"https:\\\/\\\/secure.gravatar.com\\\/avatar\\\/ac5001d2a36cb6c6cd3e50789007ffca834b477b74a2144564522e944eabff61?s=96&d=mm&r=g\",\"caption\":\"thomas.berner\"},\"url\":\"https:\\\/\\\/www.organisator.ch\\\/de\\\/author\\\/thomas-berner\\\/\"}]}<\/script>\n<!-- \/ Yoast SEO plugin. -->","yoast_head_json":{"title":"M\u00f6glichkeiten f\u00fcr Teilzeitarbeit in typischen M\u00e4nnerberufen immer noch beschr\u00e4nkt - Organisator","description":"KMU bef\u00fcrworten Teilzeitarbeit, das erforderliche Mindestpensum liegt aber bei vielen Unternehmen bei 80 Prozent.","robots":{"index":"index","follow":"follow","max-snippet":"max-snippet:-1","max-image-preview":"max-image-preview:large","max-video-preview":"max-video-preview:-1"},"canonical":"https:\/\/www.organisator.ch\/de\/human-resources\/2023-06-27\/moeglichkeiten-fuer-teilzeitarbeit-in-typischen-maennerberufen-immer-noch-beschraenkt\/","og_locale":"de_DE","og_type":"article","og_title":"M\u00f6glichkeiten f\u00fcr Teilzeitarbeit in typischen M\u00e4nnerberufen immer noch beschr\u00e4nkt","og_description":"KMU bef\u00fcrworten Teilzeitarbeit, das erforderliche Mindestpensum liegt aber bei vielen Unternehmen bei 80 Prozent.","og_url":"https:\/\/www.organisator.ch\/de\/human-resources\/2023-06-27\/moeglichkeiten-fuer-teilzeitarbeit-in-typischen-maennerberufen-immer-noch-beschraenkt\/","og_site_name":"Organisator","article_publisher":"https:\/\/www.facebook.com\/OrganisatorFachmagazin","article_published_time":"2023-06-27T06:50:30+00:00","article_modified_time":"2023-08-08T08:55:08+00:00","og_image":[{"width":680,"height":453,"url":"https:\/\/www.organisator.ch\/wp-content\/uploads\/2023\/06\/Moeglichkeiten-fuer-Teilzeitarbeit-in-typischen-Maennerberufen-immer-noch-beschraenkt-1_Organisator.jpg","type":"image\/jpeg"}],"author":"thomas.berner","twitter_card":"summary_large_image","twitter_title":"M\u00f6glichkeiten f\u00fcr #Teilzeitarbeit in typischen #M\u00e4nnerberufen immer noch beschr\u00e4nkt","twitter_description":"KMU bef\u00fcrworten #Teilzeitarbeit, das erforderliche #Mindestpensum liegt aber bei vielen Unternehmen bei 80 Prozent.","twitter_image":"https:\/\/www.organisator.ch\/wp-content\/uploads\/2023\/06\/Moeglichkeiten-fuer-Teilzeitarbeit-in-typischen-Maennerberufen-immer-noch-beschraenkt-1_Organisator.jpg","schema":{"@context":"https:\/\/schema.org","@graph":[{"@type":"Article","@id":"https:\/\/www.organisator.ch\/human-resources\/2023-06-27\/moeglichkeiten-fuer-teilzeitarbeit-in-typischen-maennerberufen-immer-noch-beschraenkt\/#article","isPartOf":{"@id":"https:\/\/www.organisator.ch\/human-resources\/2023-06-27\/moeglichkeiten-fuer-teilzeitarbeit-in-typischen-maennerberufen-immer-noch-beschraenkt\/"},"author":{"name":"thomas.berner","@id":"https:\/\/www.organisator.ch\/#\/schema\/person\/6f650f90b2842cd4c0cc334b4e36f67e"},"headline":"M\u00f6glichkeiten f\u00fcr Teilzeitarbeit in typischen M\u00e4nnerberufen immer noch beschr\u00e4nkt","datePublished":"2023-06-27T06:50:30+00:00","dateModified":"2023-08-08T08:55:08+00:00","mainEntityOfPage":{"@id":"https:\/\/www.organisator.ch\/human-resources\/2023-06-27\/moeglichkeiten-fuer-teilzeitarbeit-in-typischen-maennerberufen-immer-noch-beschraenkt\/"},"wordCount":1074,"publisher":{"@id":"https:\/\/www.organisator.ch\/#organization"},"image":{"@id":"https:\/\/www.organisator.ch\/human-resources\/2023-06-27\/moeglichkeiten-fuer-teilzeitarbeit-in-typischen-maennerberufen-immer-noch-beschraenkt\/#primaryimage"},"thumbnailUrl":"https:\/\/www.organisator.ch\/wp-content\/uploads\/2023\/06\/Moeglichkeiten-fuer-Teilzeitarbeit-in-typischen-Maennerberufen-immer-noch-beschraenkt-1_Organisator.jpg","keywords":["HRM","Studie","Teilzeitarbeit"],"articleSection":["HUMAN RESOURCES"],"inLanguage":"de"},{"@type":"WebPage","@id":"https:\/\/www.organisator.ch\/human-resources\/2023-06-27\/moeglichkeiten-fuer-teilzeitarbeit-in-typischen-maennerberufen-immer-noch-beschraenkt\/","url":"https:\/\/www.organisator.ch\/human-resources\/2023-06-27\/moeglichkeiten-fuer-teilzeitarbeit-in-typischen-maennerberufen-immer-noch-beschraenkt\/","name":"M\u00f6glichkeiten f\u00fcr Teilzeitarbeit in typischen M\u00e4nnerberufen immer noch beschr\u00e4nkt - Organisator","isPartOf":{"@id":"https:\/\/www.organisator.ch\/#website"},"primaryImageOfPage":{"@id":"https:\/\/www.organisator.ch\/human-resources\/2023-06-27\/moeglichkeiten-fuer-teilzeitarbeit-in-typischen-maennerberufen-immer-noch-beschraenkt\/#primaryimage"},"image":{"@id":"https:\/\/www.organisator.ch\/human-resources\/2023-06-27\/moeglichkeiten-fuer-teilzeitarbeit-in-typischen-maennerberufen-immer-noch-beschraenkt\/#primaryimage"},"thumbnailUrl":"https:\/\/www.organisator.ch\/wp-content\/uploads\/2023\/06\/Moeglichkeiten-fuer-Teilzeitarbeit-in-typischen-Maennerberufen-immer-noch-beschraenkt-1_Organisator.jpg","datePublished":"2023-06-27T06:50:30+00:00","dateModified":"2023-08-08T08:55:08+00:00","description":"KMU bef\u00fcrworten Teilzeitarbeit, das erforderliche Mindestpensum liegt aber bei vielen Unternehmen bei 80 Prozent.","breadcrumb":{"@id":"https:\/\/www.organisator.ch\/human-resources\/2023-06-27\/moeglichkeiten-fuer-teilzeitarbeit-in-typischen-maennerberufen-immer-noch-beschraenkt\/#breadcrumb"},"inLanguage":"de","potentialAction":[{"@type":"ReadAction","target":["https:\/\/www.organisator.ch\/human-resources\/2023-06-27\/moeglichkeiten-fuer-teilzeitarbeit-in-typischen-maennerberufen-immer-noch-beschraenkt\/"]}]},{"@type":"ImageObject","inLanguage":"de","@id":"https:\/\/www.organisator.ch\/human-resources\/2023-06-27\/moeglichkeiten-fuer-teilzeitarbeit-in-typischen-maennerberufen-immer-noch-beschraenkt\/#primaryimage","url":"https:\/\/www.organisator.ch\/wp-content\/uploads\/2023\/06\/Moeglichkeiten-fuer-Teilzeitarbeit-in-typischen-Maennerberufen-immer-noch-beschraenkt-1_Organisator.jpg","contentUrl":"https:\/\/www.organisator.ch\/wp-content\/uploads\/2023\/06\/Moeglichkeiten-fuer-Teilzeitarbeit-in-typischen-Maennerberufen-immer-noch-beschraenkt-1_Organisator.jpg","width":680,"height":453,"caption":"Eine neue Studie zeigt, dass es Teilzeitarbeit in sog. \"typischen M\u00e4nnerberufen\", etwa im Handwerk, noch schwer hat. (Bild: Shutterstock \/ AXA Schweiz)"},{"@type":"BreadcrumbList","@id":"https:\/\/www.organisator.ch\/human-resources\/2023-06-27\/moeglichkeiten-fuer-teilzeitarbeit-in-typischen-maennerberufen-immer-noch-beschraenkt\/#breadcrumb","itemListElement":[{"@type":"ListItem","position":1,"name":"Home","item":"https:\/\/www.organisator.ch\/"},{"@type":"ListItem","position":2,"name":"M\u00f6glichkeiten f\u00fcr Teilzeitarbeit in typischen M\u00e4nnerberufen immer noch beschr\u00e4nkt"}]},{"@type":"WebSite","@id":"https:\/\/www.organisator.ch\/#website","url":"https:\/\/www.organisator.ch\/","name":"Organisator","description":"Kompetent. Praxisnah. Der ORGANISATOR bereitet in 10 Ausgaben pro Jahr die wesentlichen Themen f\u00fcr F\u00fchrungskr\u00e4fte von KMU auf.","publisher":{"@id":"https:\/\/www.organisator.ch\/#organization"},"potentialAction":[{"@type":"SearchAction","target":{"@type":"EntryPoint","urlTemplate":"https:\/\/www.organisator.ch\/?s={search_term_string}"},"query-input":{"@type":"PropertyValueSpecification","valueRequired":true,"valueName":"search_term_string"}}],"inLanguage":"de"},{"@type":"Organization","@id":"https:\/\/www.organisator.ch\/#organization","name":"Organisator","url":"https:\/\/www.organisator.ch\/","logo":{"@type":"ImageObject","inLanguage":"de","@id":"https:\/\/www.organisator.ch\/#\/schema\/logo\/image\/","url":"https:\/\/www.organisator.ch\/wp-content\/uploads\/2022\/01\/Logo_Organisator_Website.png","contentUrl":"https:\/\/www.organisator.ch\/wp-content\/uploads\/2022\/01\/Logo_Organisator_Website.png","width":800,"height":77,"caption":"Organisator"},"image":{"@id":"https:\/\/www.organisator.ch\/#\/schema\/logo\/image\/"},"sameAs":["https:\/\/www.facebook.com\/OrganisatorFachmagazin","https:\/\/www.linkedin.com\/showcase\/organisator-das-magazin-fr-kmu","https:\/\/www.xing.com\/news\/pages\/organisator-ch-695","https:\/\/www.youtube.com\/channel\/UCGP2Sq0iWaZwT3BdIAQFYpw"]},{"@type":"Person","@id":"https:\/\/www.organisator.ch\/#\/schema\/person\/6f650f90b2842cd4c0cc334b4e36f67e","name":"thomas.berner","image":{"@type":"ImageObject","inLanguage":"de","@id":"https:\/\/secure.gravatar.com\/avatar\/ac5001d2a36cb6c6cd3e50789007ffca834b477b74a2144564522e944eabff61?s=96&d=mm&r=g","url":"https:\/\/secure.gravatar.com\/avatar\/ac5001d2a36cb6c6cd3e50789007ffca834b477b74a2144564522e944eabff61?s=96&d=mm&r=g","contentUrl":"https:\/\/secure.gravatar.com\/avatar\/ac5001d2a36cb6c6cd3e50789007ffca834b477b74a2144564522e944eabff61?s=96&d=mm&r=g","caption":"thomas.berner"},"url":"https:\/\/www.organisator.ch\/de\/author\/thomas-berner\/"}]}},"_links":{"self":[{"href":"https:\/\/www.organisator.ch\/de\/wp-json\/wp\/v2\/posts\/20854","targetHints":{"allow":["GET"]}}],"collection":[{"href":"https:\/\/www.organisator.ch\/de\/wp-json\/wp\/v2\/posts"}],"about":[{"href":"https:\/\/www.organisator.ch\/de\/wp-json\/wp\/v2\/types\/post"}],"author":[{"embeddable":true,"href":"https:\/\/www.organisator.ch\/de\/wp-json\/wp\/v2\/users\/4"}],"replies":[{"embeddable":true,"href":"https:\/\/www.organisator.ch\/de\/wp-json\/wp\/v2\/comments?post=20854"}],"version-history":[{"count":1,"href":"https:\/\/www.organisator.ch\/de\/wp-json\/wp\/v2\/posts\/20854\/revisions"}],"predecessor-version":[{"id":20859,"href":"https:\/\/www.organisator.ch\/de\/wp-json\/wp\/v2\/posts\/20854\/revisions\/20859"}],"wp:featuredmedia":[{"embeddable":true,"href":"https:\/\/www.organisator.ch\/de\/wp-json\/wp\/v2\/media\/20855"}],"wp:attachment":[{"href":"https:\/\/www.organisator.ch\/de\/wp-json\/wp\/v2\/media?parent=20854"}],"wp:term":[{"taxonomy":"category","embeddable":true,"href":"https:\/\/www.organisator.ch\/de\/wp-json\/wp\/v2\/categories?post=20854"},{"taxonomy":"post_tag","embeddable":true,"href":"https:\/\/www.organisator.ch\/de\/wp-json\/wp\/v2\/tags?post=20854"}],"curies":[{"name":"wp","href":"https:\/\/api.w.org\/{rel}","templated":true}]}}