{"id":20920,"date":"2023-07-04T08:24:59","date_gmt":"2023-07-04T06:24:59","guid":{"rendered":"https:\/\/www.organisator.ch\/?p=20920"},"modified":"2023-07-04T08:24:59","modified_gmt":"2023-07-04T06:24:59","slug":"sbv-studie-fehlen-qualifizierte-handwerker-koennen-bauprojekte-nicht-realisiert-werden","status":"publish","type":"post","link":"https:\/\/www.organisator.ch\/de\/human-resources\/2023-07-04\/sbv-studie-fehlen-qualifizierte-handwerker-koennen-bauprojekte-nicht-realisiert-werden\/","title":{"rendered":"SBV-Studie: &#8222;Fehlen qualifizierte Handwerker, k\u00f6nnen Bauprojekte nicht realisiert werden&#8220;"},"content":{"rendered":"<figure id=\"attachment_20921\" aria-describedby=\"caption-attachment-20921\" style=\"width: 680px\" class=\"wp-caption alignnone\"><img loading=\"lazy\" decoding=\"async\" class=\"size-full wp-image-20921\" src=\"https:\/\/www.organisator.ch\/wp-content\/uploads\/2023\/07\/SBV-Fehlen-qualifizierte-Handwerker-koennen-Bauprojekte-nicht-realisiert-werden_Organisator.jpg\" alt=\"\" width=\"680\" height=\"453\" srcset=\"https:\/\/www.organisator.ch\/wp-content\/uploads\/2023\/07\/SBV-Fehlen-qualifizierte-Handwerker-koennen-Bauprojekte-nicht-realisiert-werden_Organisator.jpg 680w, https:\/\/www.organisator.ch\/wp-content\/uploads\/2023\/07\/SBV-Fehlen-qualifizierte-Handwerker-koennen-Bauprojekte-nicht-realisiert-werden_Organisator-18x12.jpg 18w, https:\/\/www.organisator.ch\/wp-content\/uploads\/2023\/07\/SBV-Fehlen-qualifizierte-Handwerker-koennen-Bauprojekte-nicht-realisiert-werden_Organisator-375x250.jpg 375w, https:\/\/www.organisator.ch\/wp-content\/uploads\/2023\/07\/SBV-Fehlen-qualifizierte-Handwerker-koennen-Bauprojekte-nicht-realisiert-werden_Organisator-525x350.jpg 525w\" sizes=\"auto, (max-width: 680px) 100vw, 680px\" \/><figcaption id=\"caption-attachment-20921\" class=\"wp-caption-text\">Gian-Luca Lardi, Pr\u00e4sident des Schweizerischen Baumeisterverbands, erl\u00e4uterte die Ergebnisse der SBV-Studie zum Fachkr\u00e4ftemangel. (Bild: SBV)<\/figcaption><\/figure>\n<p>Der Fachkr\u00e4ftemangel wird auch die Baubranche in den kommenden Jahren stark besch\u00e4ftigen. Zentralpr\u00e4sident Gian-Luca Lardi pr\u00e4sentierte am Tag der Bauwirtschaft vom Freitag, 30. Juni 2023, die Ergebnisse einer neuen Studie des Schweizerischen Baumeisterverbands SBV.\u00a0&#8222;Unserer Branche geht es nach drei Jahren Dauerkrise gut&#8220;, begr\u00fcsste Zentralpr\u00e4sident Gian-Luca Lardi die \u00fcber 550 G\u00e4ste. &#8222;Die Baumeister haben gelernt, mit den Auswirkungen des Ukraine-Krieges umzugehen, ebenso wie sie es zuvor mit den Preissteigerungen und Lieferengp\u00e4ssen in Folge der Corona-Pandemie getan haben.&#8220; Und die Zukunftsaussichten sind gem\u00e4ss Lardi mittel- bis langfristig ebenfalls recht positiv. Die Baut\u00e4tigkeit d\u00fcrfte weiter wachsen, &#8222;wenn auch etwas langsamer&#8220;. W\u00e4hrend f\u00fcr den Wohnungsbau bis 2040 ein starkes Wachstum prognostiziert wird, sind im Wirtschaftsbau, im \u00f6ffentlichen Hochbau sowie im \u00f6ffentlichen Tiefbau ein mildes Wachstum bis hin zu einer Stagnation zu erwarten. Gleichzeitig d\u00fcrfen sich die Baumeister darauf freuen, dass die Preise f\u00fcr Baumaterial allm\u00e4hlich wieder sinken.<\/p>\n<h3>SBV-Studie zeigt: Fachkr\u00e4ftemangel gef\u00e4hrdet Arbeitspl\u00e4tze<\/h3>\n<p>Der Fokus des diesj\u00e4hrigen Netzwerk-Events lag auf dem Fachkr\u00e4ftemangel und mit welchem Massnahmenmix dieser bek\u00e4mpft werden kann. Die Suche nach geeigneten Mitarbeitenden auf allen Ebenen stellt heute viele Gewerbetreibende vor grosse Herausforderungen, auch die Baumeister. Und es ist davon auszugehen, dass sich die Situation noch versch\u00e4rfen wird. Mit weitreichenden Konsequenzen. &#8222;Ohne gen\u00fcgend qualifizierte Handwerker k\u00f6nnen wichtige Bauprojekte in unserem Land nicht mehr realisiert werden&#8220;, erkl\u00e4rte Lardi. Um ein solches Szenario zu verhindern, erteilte der Schweizerische Baumeisterverband dem Kompetenzzentrum Demografik den Auftrag f\u00fcr eine &#8222;Studie zur langfristigen Entwicklung der Konjunktur und Fachkr\u00e4fte im Bauhauptgewerbe&#8220;. Nun sind die Studienergebnisse \u00f6ffentlich: W\u00e4hrend der Bedarf an Fachleuten im Bauhauptgewerbe weiter ansteigt, sinkt das Angebot. Bis 2040 d\u00fcrfte der Fachkr\u00e4ftemangel in den wichtigsten Berufen im Bauhauptgewerbe &#8211; gemessen am Bauvolumen &#8211; 16 Prozent erreichen. Ohne Gegenmassnahmen w\u00fcrden allein bei den Maurern und Maurerinnen rund 30 Prozent der ben\u00f6tigten Mitarbeitenden, also etwa 2500 Fachkr\u00e4fte, fehlen. Das wirkt sich auf den Umsatz aus: Sollten keine Massnahmen ergriffen werden, w\u00fcrden dem Bauhauptgewerbe durch die fehlenden Fachkr\u00e4fte j\u00e4hrlich bis zu 800 Millionen Franken entgehen, \u00fcber die n\u00e4chsten 20 Jahre. gesamthaft und preisbereinigt 13 Milliarden Franken.<\/p>\n<h3>Digitalisierung und Personalrekrutierung als Hoffnungstr\u00e4ger<\/h3>\n<p>Die Studie zeigt mehrere L\u00f6sungen gegen den Fachkr\u00e4ftemangel auf. &#8222;Wenn wir den Umsatz pro Kopf j\u00e4hrlich um 0.5 Prozent steigern, k\u00f6nnen wir 50 Prozent des Fachkr\u00e4ftemangels wettmachen&#8220;, beruhigte Gian-Luca Lardi aber. Diese Produktivit\u00e4tssteigerung soll haupts\u00e4chlich mit Hilfe der Digitalisierung und durch Innovationen erfolgen. Zugleich m\u00fcsse die Branche alles daran setzen, &#8222;mehr Lernende auszubilden, die Fachkr\u00e4fte l\u00e4nger im Beruf zu halten und letztlich auch mehr Quereinsteiger zu rekrutieren&#8220;. Auf diese Weise k\u00f6nnte die andere H\u00e4lfte der Fachkr\u00e4ftel\u00fccke geschlossen werden. Die Studie zeigt hier mehrere Stellschrauben auf. Bei Bauf\u00fchrern und Bauf\u00fchrerinnen, bei denen sich der Mangel weniger prek\u00e4r entwickeln wird als in anderen Bauberufen, spielen Quereinsteiger und Quereinsteigerinnen schon heute eine wichtige Rolle. Mit gezielter Karriere- und Nachwuchsplanung und -begleitung kann der Bestand auf den Kaderfunktionen gesteigert werden. Bei der Lehrlingsausbildung ist es sehr wichtig, die jungen Leute zu motivieren, ihre Maurerlehre erfolgreich zum Abschluss zu bringen und auch langfristig im Bauhauptgewerbe zu bleiben. Entscheidend sei nicht nur die F\u00fchrung und Betriebskultur, sondern vor allem auch die vielen tollen, &#8222;coolen&#8220; Bauprojekte, welche die jungen Menschen aktiv mitgestalten k\u00f6nnen. Dann sehen sie, dass ihre Arbeit Sinn bietet und nachhaltige Werte schafft. Lardi beendete sein Votum mit einem Appell an alle Projektbeteiligten, also Bauherren, Planer, Spezialisten, Bauunternehmen und politische Entscheidungstr\u00e4ger gleichermassen: &#8222;Wir werden unseren zuk\u00fcnftigen Geb\u00e4udepark und unsere Infrastrukturen nur dann realisieren k\u00f6nnen, wenn wir in echter Partnerschaft und auf Augenh\u00f6he zusammenarbeiten.&#8220;<\/p>\n<h3>Hochkar\u00e4tiges Podium<\/h3>\n<p>Durch den Tag der Bauwirtschaft f\u00fchrte Moderatorin Melanie Winiger. Nach einer Videobotschaft von Bundesrat Guy Parmelin hiess Staatsrat Norman Gobbi die Teilnehmenden in seinem Heimatkanton Tessin willkommen. Nach den Referaten mehrerer G\u00e4ste aus Wirtschaft und Politik, leitete Winiger eine hochkar\u00e4tig besetzte Podiumsdiskussion zum Fachkr\u00e4ftemangel mit Gian-Luca Lardi, Zentralpr\u00e4sident des Schweizerischen Baumeisterverbands, Peter Kn\u00e4bel, Vorstandsmitglied des deutschen Fussballvereins FC Schalke 04, Valentina Kumpusch, Vizedirektorin des Bundesamts f\u00fcr Strassen ASTRA, Andreas Zindel, CEO des Bauunternehmens Zindel United, und Matthias M\u00f6lleney, Leiter des Centers for HRM &amp; Leadership an der HWZ Hochschule f\u00fcr Wirtschaft Z\u00fcrich.<\/p>\n<p>Abschliessend durfte SBV-Direktor Bernhard Salzmann einige Lernende f\u00fcr ihre aussergew\u00f6hnlichen Leistungen ehren.<\/p>\n<p><em>Quelle und weitere Informationen: <a href=\"https:\/\/baumeister.swiss\/\">SBV<\/a><\/em><\/p>\n","protected":false},"excerpt":{"rendered":"<p>Der Tag der Bauwirtschaft, der traditionelle Netzwerk-Event des Schweizerischen Baumeisterverbandes SBV, fand am am 30. Juni 2023 in Lugano statt. \u00dcber 550 Vertreterinnen und Vertreter aus Bauwirtschaft und Politik wohnten dem Anlass im Kulturzentrum LAC Lugano Arte e Cultura bei. Schwerpunktthema war der Fachkr\u00e4ftemangel.<\/p>\n","protected":false},"author":4,"featured_media":20921,"comment_status":"closed","ping_status":"closed","sticky":false,"template":"","format":"standard","meta":{"_acf_changed":false,"_yoast_wpseo_focuskw":"SBV-Studie","_yoast_wpseo_metadesc":"Der Tag der Bauwirtschaft vom 30. Juni 2023 in Lugano wurde die neue SBV-Studie vorgestellt, die vor den Folgen des Fachkr\u00e4ftemangels warnt.","articlekey":"","footnotes":""},"categories":[579],"tags":[194,254,503],"class_list":["post-20920","post","type-post","status-publish","format-standard","has-post-thumbnail","hentry","category-human-resources","tag-fachkraeftemangel","tag-hrm","tag-verbaende"],"acf":[],"yoast_head":"<!-- This site is optimized with the Yoast SEO plugin v27.5 - https:\/\/yoast.com\/product\/yoast-seo-wordpress\/ -->\n<title>SBV-Studie: &quot;Fehlen qualifizierte Handwerker, k\u00f6nnen Bauprojekte nicht realisiert werden&quot; - Organisator<\/title>\n<meta name=\"description\" content=\"Der Tag der Bauwirtschaft vom 30. Juni 2023 in Lugano wurde die neue SBV-Studie vorgestellt, die vor den Folgen des Fachkr\u00e4ftemangels warnt.\" \/>\n<meta name=\"robots\" content=\"index, follow, max-snippet:-1, max-image-preview:large, max-video-preview:-1\" \/>\n<link rel=\"canonical\" href=\"https:\/\/www.organisator.ch\/de\/human-resources\/2023-07-04\/sbv-studie-fehlen-qualifizierte-handwerker-koennen-bauprojekte-nicht-realisiert-werden\/\" \/>\n<meta property=\"og:locale\" content=\"de_DE\" \/>\n<meta property=\"og:type\" content=\"article\" \/>\n<meta property=\"og:title\" content=\"SBV-Studie: &quot;Fehlen qualifizierte Handwerker, k\u00f6nnen Bauprojekte nicht realisiert werden&quot;\" \/>\n<meta property=\"og:description\" content=\"Der Tag der Bauwirtschaft vom 30. Juni 2023 in Lugano wurde die neue SBV-Studie vorgestellt, die vor den Folgen des Fachkr\u00e4ftemangels warnt.\" \/>\n<meta property=\"og:url\" content=\"https:\/\/www.organisator.ch\/de\/human-resources\/2023-07-04\/sbv-studie-fehlen-qualifizierte-handwerker-koennen-bauprojekte-nicht-realisiert-werden\/\" \/>\n<meta property=\"og:site_name\" content=\"Organisator\" \/>\n<meta property=\"article:publisher\" content=\"https:\/\/www.facebook.com\/OrganisatorFachmagazin\" \/>\n<meta property=\"article:published_time\" content=\"2023-07-04T06:24:59+00:00\" \/>\n<meta property=\"og:image\" content=\"https:\/\/www.organisator.ch\/wp-content\/uploads\/2023\/07\/SBV-Fehlen-qualifizierte-Handwerker-koennen-Bauprojekte-nicht-realisiert-werden_Organisator.jpg\" \/>\n\t<meta property=\"og:image:width\" content=\"680\" \/>\n\t<meta property=\"og:image:height\" content=\"453\" \/>\n\t<meta property=\"og:image:type\" content=\"image\/jpeg\" \/>\n<meta name=\"author\" content=\"thomas.berner\" \/>\n<meta name=\"twitter:card\" content=\"summary_large_image\" \/>\n<meta name=\"twitter:title\" content=\"#SBV-Studie: &quot;Fehlen qualifizierte #Handwerker, k\u00f6nnen #Bauprojekte nicht realisiert werden&quot;\" \/>\n<meta name=\"twitter:description\" content=\"Der Tag der #Bauwirtschaft vom 30. Juni 2023 in Lugano wurde die neue #SBV-Studie vorgestellt, die vor den Folgen des Fachkr\u00e4ftemangels warnt.\" \/>\n<meta name=\"twitter:image\" content=\"https:\/\/www.organisator.ch\/wp-content\/uploads\/2023\/07\/SBV-Fehlen-qualifizierte-Handwerker-koennen-Bauprojekte-nicht-realisiert-werden_Organisator.jpg\" \/>\n<script type=\"application\/ld+json\" class=\"yoast-schema-graph\">{\"@context\":\"https:\\\/\\\/schema.org\",\"@graph\":[{\"@type\":\"Article\",\"@id\":\"https:\\\/\\\/www.organisator.ch\\\/human-resources\\\/2023-07-04\\\/sbv-studie-fehlen-qualifizierte-handwerker-koennen-bauprojekte-nicht-realisiert-werden\\\/#article\",\"isPartOf\":{\"@id\":\"https:\\\/\\\/www.organisator.ch\\\/human-resources\\\/2023-07-04\\\/sbv-studie-fehlen-qualifizierte-handwerker-koennen-bauprojekte-nicht-realisiert-werden\\\/\"},\"author\":{\"name\":\"thomas.berner\",\"@id\":\"https:\\\/\\\/www.organisator.ch\\\/#\\\/schema\\\/person\\\/6f650f90b2842cd4c0cc334b4e36f67e\"},\"headline\":\"SBV-Studie: &#8222;Fehlen qualifizierte Handwerker, k\u00f6nnen Bauprojekte nicht realisiert werden&#8220;\",\"datePublished\":\"2023-07-04T06:24:59+00:00\",\"mainEntityOfPage\":{\"@id\":\"https:\\\/\\\/www.organisator.ch\\\/human-resources\\\/2023-07-04\\\/sbv-studie-fehlen-qualifizierte-handwerker-koennen-bauprojekte-nicht-realisiert-werden\\\/\"},\"wordCount\":776,\"publisher\":{\"@id\":\"https:\\\/\\\/www.organisator.ch\\\/#organization\"},\"image\":{\"@id\":\"https:\\\/\\\/www.organisator.ch\\\/human-resources\\\/2023-07-04\\\/sbv-studie-fehlen-qualifizierte-handwerker-koennen-bauprojekte-nicht-realisiert-werden\\\/#primaryimage\"},\"thumbnailUrl\":\"https:\\\/\\\/www.organisator.ch\\\/wp-content\\\/uploads\\\/2023\\\/07\\\/SBV-Fehlen-qualifizierte-Handwerker-koennen-Bauprojekte-nicht-realisiert-werden_Organisator.jpg\",\"keywords\":[\"Fachkr\u00e4ftemangel\",\"HRM\",\"Verb\u00e4nde\"],\"articleSection\":[\"HUMAN RESOURCES\"],\"inLanguage\":\"de\"},{\"@type\":\"WebPage\",\"@id\":\"https:\\\/\\\/www.organisator.ch\\\/human-resources\\\/2023-07-04\\\/sbv-studie-fehlen-qualifizierte-handwerker-koennen-bauprojekte-nicht-realisiert-werden\\\/\",\"url\":\"https:\\\/\\\/www.organisator.ch\\\/human-resources\\\/2023-07-04\\\/sbv-studie-fehlen-qualifizierte-handwerker-koennen-bauprojekte-nicht-realisiert-werden\\\/\",\"name\":\"SBV-Studie: \\\"Fehlen qualifizierte Handwerker, k\u00f6nnen Bauprojekte nicht realisiert werden\\\" - Organisator\",\"isPartOf\":{\"@id\":\"https:\\\/\\\/www.organisator.ch\\\/#website\"},\"primaryImageOfPage\":{\"@id\":\"https:\\\/\\\/www.organisator.ch\\\/human-resources\\\/2023-07-04\\\/sbv-studie-fehlen-qualifizierte-handwerker-koennen-bauprojekte-nicht-realisiert-werden\\\/#primaryimage\"},\"image\":{\"@id\":\"https:\\\/\\\/www.organisator.ch\\\/human-resources\\\/2023-07-04\\\/sbv-studie-fehlen-qualifizierte-handwerker-koennen-bauprojekte-nicht-realisiert-werden\\\/#primaryimage\"},\"thumbnailUrl\":\"https:\\\/\\\/www.organisator.ch\\\/wp-content\\\/uploads\\\/2023\\\/07\\\/SBV-Fehlen-qualifizierte-Handwerker-koennen-Bauprojekte-nicht-realisiert-werden_Organisator.jpg\",\"datePublished\":\"2023-07-04T06:24:59+00:00\",\"description\":\"Der Tag der Bauwirtschaft vom 30. Juni 2023 in Lugano wurde die neue SBV-Studie vorgestellt, die vor den Folgen des Fachkr\u00e4ftemangels warnt.\",\"breadcrumb\":{\"@id\":\"https:\\\/\\\/www.organisator.ch\\\/human-resources\\\/2023-07-04\\\/sbv-studie-fehlen-qualifizierte-handwerker-koennen-bauprojekte-nicht-realisiert-werden\\\/#breadcrumb\"},\"inLanguage\":\"de\",\"potentialAction\":[{\"@type\":\"ReadAction\",\"target\":[\"https:\\\/\\\/www.organisator.ch\\\/human-resources\\\/2023-07-04\\\/sbv-studie-fehlen-qualifizierte-handwerker-koennen-bauprojekte-nicht-realisiert-werden\\\/\"]}]},{\"@type\":\"ImageObject\",\"inLanguage\":\"de\",\"@id\":\"https:\\\/\\\/www.organisator.ch\\\/human-resources\\\/2023-07-04\\\/sbv-studie-fehlen-qualifizierte-handwerker-koennen-bauprojekte-nicht-realisiert-werden\\\/#primaryimage\",\"url\":\"https:\\\/\\\/www.organisator.ch\\\/wp-content\\\/uploads\\\/2023\\\/07\\\/SBV-Fehlen-qualifizierte-Handwerker-koennen-Bauprojekte-nicht-realisiert-werden_Organisator.jpg\",\"contentUrl\":\"https:\\\/\\\/www.organisator.ch\\\/wp-content\\\/uploads\\\/2023\\\/07\\\/SBV-Fehlen-qualifizierte-Handwerker-koennen-Bauprojekte-nicht-realisiert-werden_Organisator.jpg\",\"width\":680,\"height\":453,\"caption\":\"Gian-Luca Lardi, Pr\u00e4sident des Schweizerischen Baumeisterverbands, erl\u00e4uterte die Ergebnisse der SBV-Studie zum Fachkr\u00e4ftemangel. (Bild: SBV)\"},{\"@type\":\"BreadcrumbList\",\"@id\":\"https:\\\/\\\/www.organisator.ch\\\/human-resources\\\/2023-07-04\\\/sbv-studie-fehlen-qualifizierte-handwerker-koennen-bauprojekte-nicht-realisiert-werden\\\/#breadcrumb\",\"itemListElement\":[{\"@type\":\"ListItem\",\"position\":1,\"name\":\"Home\",\"item\":\"https:\\\/\\\/www.organisator.ch\\\/\"},{\"@type\":\"ListItem\",\"position\":2,\"name\":\"SBV-Studie: &#8222;Fehlen qualifizierte Handwerker, k\u00f6nnen Bauprojekte nicht realisiert werden&#8220;\"}]},{\"@type\":\"WebSite\",\"@id\":\"https:\\\/\\\/www.organisator.ch\\\/#website\",\"url\":\"https:\\\/\\\/www.organisator.ch\\\/\",\"name\":\"Organisator\",\"description\":\"Kompetent. Praxisnah. Der ORGANISATOR bereitet in 10 Ausgaben pro Jahr die wesentlichen Themen f\u00fcr F\u00fchrungskr\u00e4fte von KMU auf.\",\"publisher\":{\"@id\":\"https:\\\/\\\/www.organisator.ch\\\/#organization\"},\"potentialAction\":[{\"@type\":\"SearchAction\",\"target\":{\"@type\":\"EntryPoint\",\"urlTemplate\":\"https:\\\/\\\/www.organisator.ch\\\/?s={search_term_string}\"},\"query-input\":{\"@type\":\"PropertyValueSpecification\",\"valueRequired\":true,\"valueName\":\"search_term_string\"}}],\"inLanguage\":\"de\"},{\"@type\":\"Organization\",\"@id\":\"https:\\\/\\\/www.organisator.ch\\\/#organization\",\"name\":\"Organisator\",\"url\":\"https:\\\/\\\/www.organisator.ch\\\/\",\"logo\":{\"@type\":\"ImageObject\",\"inLanguage\":\"de\",\"@id\":\"https:\\\/\\\/www.organisator.ch\\\/#\\\/schema\\\/logo\\\/image\\\/\",\"url\":\"https:\\\/\\\/www.organisator.ch\\\/wp-content\\\/uploads\\\/2022\\\/01\\\/Logo_Organisator_Website.png\",\"contentUrl\":\"https:\\\/\\\/www.organisator.ch\\\/wp-content\\\/uploads\\\/2022\\\/01\\\/Logo_Organisator_Website.png\",\"width\":800,\"height\":77,\"caption\":\"Organisator\"},\"image\":{\"@id\":\"https:\\\/\\\/www.organisator.ch\\\/#\\\/schema\\\/logo\\\/image\\\/\"},\"sameAs\":[\"https:\\\/\\\/www.facebook.com\\\/OrganisatorFachmagazin\",\"https:\\\/\\\/www.linkedin.com\\\/showcase\\\/organisator-das-magazin-fr-kmu\",\"https:\\\/\\\/www.xing.com\\\/news\\\/pages\\\/organisator-ch-695\",\"https:\\\/\\\/www.youtube.com\\\/channel\\\/UCGP2Sq0iWaZwT3BdIAQFYpw\"]},{\"@type\":\"Person\",\"@id\":\"https:\\\/\\\/www.organisator.ch\\\/#\\\/schema\\\/person\\\/6f650f90b2842cd4c0cc334b4e36f67e\",\"name\":\"thomas.berner\",\"image\":{\"@type\":\"ImageObject\",\"inLanguage\":\"de\",\"@id\":\"https:\\\/\\\/secure.gravatar.com\\\/avatar\\\/ac5001d2a36cb6c6cd3e50789007ffca834b477b74a2144564522e944eabff61?s=96&d=mm&r=g\",\"url\":\"https:\\\/\\\/secure.gravatar.com\\\/avatar\\\/ac5001d2a36cb6c6cd3e50789007ffca834b477b74a2144564522e944eabff61?s=96&d=mm&r=g\",\"contentUrl\":\"https:\\\/\\\/secure.gravatar.com\\\/avatar\\\/ac5001d2a36cb6c6cd3e50789007ffca834b477b74a2144564522e944eabff61?s=96&d=mm&r=g\",\"caption\":\"thomas.berner\"},\"url\":\"https:\\\/\\\/www.organisator.ch\\\/de\\\/author\\\/thomas-berner\\\/\"}]}<\/script>\n<!-- \/ Yoast SEO plugin. -->","yoast_head_json":{"title":"SBV-Studie: \"Fehlen qualifizierte Handwerker, k\u00f6nnen Bauprojekte nicht realisiert werden\" - Organisator","description":"Der Tag der Bauwirtschaft vom 30. Juni 2023 in Lugano wurde die neue SBV-Studie vorgestellt, die vor den Folgen des Fachkr\u00e4ftemangels warnt.","robots":{"index":"index","follow":"follow","max-snippet":"max-snippet:-1","max-image-preview":"max-image-preview:large","max-video-preview":"max-video-preview:-1"},"canonical":"https:\/\/www.organisator.ch\/de\/human-resources\/2023-07-04\/sbv-studie-fehlen-qualifizierte-handwerker-koennen-bauprojekte-nicht-realisiert-werden\/","og_locale":"de_DE","og_type":"article","og_title":"SBV-Studie: \"Fehlen qualifizierte Handwerker, k\u00f6nnen Bauprojekte nicht realisiert werden\"","og_description":"Der Tag der Bauwirtschaft vom 30. Juni 2023 in Lugano wurde die neue SBV-Studie vorgestellt, die vor den Folgen des Fachkr\u00e4ftemangels warnt.","og_url":"https:\/\/www.organisator.ch\/de\/human-resources\/2023-07-04\/sbv-studie-fehlen-qualifizierte-handwerker-koennen-bauprojekte-nicht-realisiert-werden\/","og_site_name":"Organisator","article_publisher":"https:\/\/www.facebook.com\/OrganisatorFachmagazin","article_published_time":"2023-07-04T06:24:59+00:00","og_image":[{"width":680,"height":453,"url":"https:\/\/www.organisator.ch\/wp-content\/uploads\/2023\/07\/SBV-Fehlen-qualifizierte-Handwerker-koennen-Bauprojekte-nicht-realisiert-werden_Organisator.jpg","type":"image\/jpeg"}],"author":"thomas.berner","twitter_card":"summary_large_image","twitter_title":"#SBV-Studie: \"Fehlen qualifizierte #Handwerker, k\u00f6nnen #Bauprojekte nicht realisiert werden\"","twitter_description":"Der Tag der #Bauwirtschaft vom 30. Juni 2023 in Lugano wurde die neue #SBV-Studie vorgestellt, die vor den Folgen des Fachkr\u00e4ftemangels warnt.","twitter_image":"https:\/\/www.organisator.ch\/wp-content\/uploads\/2023\/07\/SBV-Fehlen-qualifizierte-Handwerker-koennen-Bauprojekte-nicht-realisiert-werden_Organisator.jpg","schema":{"@context":"https:\/\/schema.org","@graph":[{"@type":"Article","@id":"https:\/\/www.organisator.ch\/human-resources\/2023-07-04\/sbv-studie-fehlen-qualifizierte-handwerker-koennen-bauprojekte-nicht-realisiert-werden\/#article","isPartOf":{"@id":"https:\/\/www.organisator.ch\/human-resources\/2023-07-04\/sbv-studie-fehlen-qualifizierte-handwerker-koennen-bauprojekte-nicht-realisiert-werden\/"},"author":{"name":"thomas.berner","@id":"https:\/\/www.organisator.ch\/#\/schema\/person\/6f650f90b2842cd4c0cc334b4e36f67e"},"headline":"SBV-Studie: &#8222;Fehlen qualifizierte Handwerker, k\u00f6nnen Bauprojekte nicht realisiert werden&#8220;","datePublished":"2023-07-04T06:24:59+00:00","mainEntityOfPage":{"@id":"https:\/\/www.organisator.ch\/human-resources\/2023-07-04\/sbv-studie-fehlen-qualifizierte-handwerker-koennen-bauprojekte-nicht-realisiert-werden\/"},"wordCount":776,"publisher":{"@id":"https:\/\/www.organisator.ch\/#organization"},"image":{"@id":"https:\/\/www.organisator.ch\/human-resources\/2023-07-04\/sbv-studie-fehlen-qualifizierte-handwerker-koennen-bauprojekte-nicht-realisiert-werden\/#primaryimage"},"thumbnailUrl":"https:\/\/www.organisator.ch\/wp-content\/uploads\/2023\/07\/SBV-Fehlen-qualifizierte-Handwerker-koennen-Bauprojekte-nicht-realisiert-werden_Organisator.jpg","keywords":["Fachkr\u00e4ftemangel","HRM","Verb\u00e4nde"],"articleSection":["HUMAN RESOURCES"],"inLanguage":"de"},{"@type":"WebPage","@id":"https:\/\/www.organisator.ch\/human-resources\/2023-07-04\/sbv-studie-fehlen-qualifizierte-handwerker-koennen-bauprojekte-nicht-realisiert-werden\/","url":"https:\/\/www.organisator.ch\/human-resources\/2023-07-04\/sbv-studie-fehlen-qualifizierte-handwerker-koennen-bauprojekte-nicht-realisiert-werden\/","name":"SBV-Studie: \"Fehlen qualifizierte Handwerker, k\u00f6nnen Bauprojekte nicht realisiert werden\" - Organisator","isPartOf":{"@id":"https:\/\/www.organisator.ch\/#website"},"primaryImageOfPage":{"@id":"https:\/\/www.organisator.ch\/human-resources\/2023-07-04\/sbv-studie-fehlen-qualifizierte-handwerker-koennen-bauprojekte-nicht-realisiert-werden\/#primaryimage"},"image":{"@id":"https:\/\/www.organisator.ch\/human-resources\/2023-07-04\/sbv-studie-fehlen-qualifizierte-handwerker-koennen-bauprojekte-nicht-realisiert-werden\/#primaryimage"},"thumbnailUrl":"https:\/\/www.organisator.ch\/wp-content\/uploads\/2023\/07\/SBV-Fehlen-qualifizierte-Handwerker-koennen-Bauprojekte-nicht-realisiert-werden_Organisator.jpg","datePublished":"2023-07-04T06:24:59+00:00","description":"Der Tag der Bauwirtschaft vom 30. Juni 2023 in Lugano wurde die neue SBV-Studie vorgestellt, die vor den Folgen des Fachkr\u00e4ftemangels warnt.","breadcrumb":{"@id":"https:\/\/www.organisator.ch\/human-resources\/2023-07-04\/sbv-studie-fehlen-qualifizierte-handwerker-koennen-bauprojekte-nicht-realisiert-werden\/#breadcrumb"},"inLanguage":"de","potentialAction":[{"@type":"ReadAction","target":["https:\/\/www.organisator.ch\/human-resources\/2023-07-04\/sbv-studie-fehlen-qualifizierte-handwerker-koennen-bauprojekte-nicht-realisiert-werden\/"]}]},{"@type":"ImageObject","inLanguage":"de","@id":"https:\/\/www.organisator.ch\/human-resources\/2023-07-04\/sbv-studie-fehlen-qualifizierte-handwerker-koennen-bauprojekte-nicht-realisiert-werden\/#primaryimage","url":"https:\/\/www.organisator.ch\/wp-content\/uploads\/2023\/07\/SBV-Fehlen-qualifizierte-Handwerker-koennen-Bauprojekte-nicht-realisiert-werden_Organisator.jpg","contentUrl":"https:\/\/www.organisator.ch\/wp-content\/uploads\/2023\/07\/SBV-Fehlen-qualifizierte-Handwerker-koennen-Bauprojekte-nicht-realisiert-werden_Organisator.jpg","width":680,"height":453,"caption":"Gian-Luca Lardi, Pr\u00e4sident des Schweizerischen Baumeisterverbands, erl\u00e4uterte die Ergebnisse der SBV-Studie zum Fachkr\u00e4ftemangel. (Bild: SBV)"},{"@type":"BreadcrumbList","@id":"https:\/\/www.organisator.ch\/human-resources\/2023-07-04\/sbv-studie-fehlen-qualifizierte-handwerker-koennen-bauprojekte-nicht-realisiert-werden\/#breadcrumb","itemListElement":[{"@type":"ListItem","position":1,"name":"Home","item":"https:\/\/www.organisator.ch\/"},{"@type":"ListItem","position":2,"name":"SBV-Studie: &#8222;Fehlen qualifizierte Handwerker, k\u00f6nnen Bauprojekte nicht realisiert werden&#8220;"}]},{"@type":"WebSite","@id":"https:\/\/www.organisator.ch\/#website","url":"https:\/\/www.organisator.ch\/","name":"Organisator","description":"Kompetent. Praxisnah. Der ORGANISATOR bereitet in 10 Ausgaben pro Jahr die wesentlichen Themen f\u00fcr F\u00fchrungskr\u00e4fte von KMU auf.","publisher":{"@id":"https:\/\/www.organisator.ch\/#organization"},"potentialAction":[{"@type":"SearchAction","target":{"@type":"EntryPoint","urlTemplate":"https:\/\/www.organisator.ch\/?s={search_term_string}"},"query-input":{"@type":"PropertyValueSpecification","valueRequired":true,"valueName":"search_term_string"}}],"inLanguage":"de"},{"@type":"Organization","@id":"https:\/\/www.organisator.ch\/#organization","name":"Organisator","url":"https:\/\/www.organisator.ch\/","logo":{"@type":"ImageObject","inLanguage":"de","@id":"https:\/\/www.organisator.ch\/#\/schema\/logo\/image\/","url":"https:\/\/www.organisator.ch\/wp-content\/uploads\/2022\/01\/Logo_Organisator_Website.png","contentUrl":"https:\/\/www.organisator.ch\/wp-content\/uploads\/2022\/01\/Logo_Organisator_Website.png","width":800,"height":77,"caption":"Organisator"},"image":{"@id":"https:\/\/www.organisator.ch\/#\/schema\/logo\/image\/"},"sameAs":["https:\/\/www.facebook.com\/OrganisatorFachmagazin","https:\/\/www.linkedin.com\/showcase\/organisator-das-magazin-fr-kmu","https:\/\/www.xing.com\/news\/pages\/organisator-ch-695","https:\/\/www.youtube.com\/channel\/UCGP2Sq0iWaZwT3BdIAQFYpw"]},{"@type":"Person","@id":"https:\/\/www.organisator.ch\/#\/schema\/person\/6f650f90b2842cd4c0cc334b4e36f67e","name":"thomas.berner","image":{"@type":"ImageObject","inLanguage":"de","@id":"https:\/\/secure.gravatar.com\/avatar\/ac5001d2a36cb6c6cd3e50789007ffca834b477b74a2144564522e944eabff61?s=96&d=mm&r=g","url":"https:\/\/secure.gravatar.com\/avatar\/ac5001d2a36cb6c6cd3e50789007ffca834b477b74a2144564522e944eabff61?s=96&d=mm&r=g","contentUrl":"https:\/\/secure.gravatar.com\/avatar\/ac5001d2a36cb6c6cd3e50789007ffca834b477b74a2144564522e944eabff61?s=96&d=mm&r=g","caption":"thomas.berner"},"url":"https:\/\/www.organisator.ch\/de\/author\/thomas-berner\/"}]}},"_links":{"self":[{"href":"https:\/\/www.organisator.ch\/de\/wp-json\/wp\/v2\/posts\/20920","targetHints":{"allow":["GET"]}}],"collection":[{"href":"https:\/\/www.organisator.ch\/de\/wp-json\/wp\/v2\/posts"}],"about":[{"href":"https:\/\/www.organisator.ch\/de\/wp-json\/wp\/v2\/types\/post"}],"author":[{"embeddable":true,"href":"https:\/\/www.organisator.ch\/de\/wp-json\/wp\/v2\/users\/4"}],"replies":[{"embeddable":true,"href":"https:\/\/www.organisator.ch\/de\/wp-json\/wp\/v2\/comments?post=20920"}],"version-history":[{"count":1,"href":"https:\/\/www.organisator.ch\/de\/wp-json\/wp\/v2\/posts\/20920\/revisions"}],"predecessor-version":[{"id":20922,"href":"https:\/\/www.organisator.ch\/de\/wp-json\/wp\/v2\/posts\/20920\/revisions\/20922"}],"wp:featuredmedia":[{"embeddable":true,"href":"https:\/\/www.organisator.ch\/de\/wp-json\/wp\/v2\/media\/20921"}],"wp:attachment":[{"href":"https:\/\/www.organisator.ch\/de\/wp-json\/wp\/v2\/media?parent=20920"}],"wp:term":[{"taxonomy":"category","embeddable":true,"href":"https:\/\/www.organisator.ch\/de\/wp-json\/wp\/v2\/categories?post=20920"},{"taxonomy":"post_tag","embeddable":true,"href":"https:\/\/www.organisator.ch\/de\/wp-json\/wp\/v2\/tags?post=20920"}],"curies":[{"name":"wp","href":"https:\/\/api.w.org\/{rel}","templated":true}]}}