{"id":20933,"date":"2023-07-04T13:42:17","date_gmt":"2023-07-04T11:42:17","guid":{"rendered":"https:\/\/www.organisator.ch\/?p=20933"},"modified":"2023-07-28T08:14:33","modified_gmt":"2023-07-28T06:14:33","slug":"klimastiftung-schweiz-feiert-ihr-15-jahr-jubilaeum","status":"publish","type":"post","link":"https:\/\/www.organisator.ch\/de\/sustainability\/2023-07-04\/klimastiftung-schweiz-feiert-ihr-15-jahr-jubilaeum\/","title":{"rendered":"Klimastiftung Schweiz feiert ihr 15-Jahr-Jubil\u00e4um"},"content":{"rendered":"<figure id=\"attachment_20934\" aria-describedby=\"caption-attachment-20934\" style=\"width: 680px\" class=\"wp-caption alignnone\"><img loading=\"lazy\" decoding=\"async\" class=\"size-full wp-image-20934\" src=\"https:\/\/www.organisator.ch\/wp-content\/uploads\/2023\/07\/Klimastiftung-Schweiz-feiert-ihr-15-Jahr-Jubilaeum-1_Organisator.jpg\" alt=\"\" width=\"680\" height=\"510\" srcset=\"https:\/\/www.organisator.ch\/wp-content\/uploads\/2023\/07\/Klimastiftung-Schweiz-feiert-ihr-15-Jahr-Jubilaeum-1_Organisator.jpg 680w, https:\/\/www.organisator.ch\/wp-content\/uploads\/2023\/07\/Klimastiftung-Schweiz-feiert-ihr-15-Jahr-Jubilaeum-1_Organisator-16x12.jpg 16w, https:\/\/www.organisator.ch\/wp-content\/uploads\/2023\/07\/Klimastiftung-Schweiz-feiert-ihr-15-Jahr-Jubilaeum-1_Organisator-375x281.jpg 375w, https:\/\/www.organisator.ch\/wp-content\/uploads\/2023\/07\/Klimastiftung-Schweiz-feiert-ihr-15-Jahr-Jubilaeum-1_Organisator-467x350.jpg 467w\" sizes=\"auto, (max-width: 680px) 100vw, 680px\" \/><figcaption id=\"caption-attachment-20934\" class=\"wp-caption-text\">Born on the 4th of July f\u00fcr eine gr\u00fcnere Zukunft: Seit 2008 hat die Klimastiftung Schweiz \u00fcber 2300 KMU unterst\u00fctzt. (Bild: Pixabay.com)<\/figcaption><\/figure>\n<p>Seit ihrer Gr\u00fcndung 2008 hat die Klimastiftung F\u00f6rderbeitr\u00e4ge in der H\u00f6he von \u00fcber 37 Millionen Franken f\u00fcr \u00fcber 2&#8217;300 KMU in der Schweiz und im F\u00fcrstentum Liechtenstein ausbezahlt. \u00abDie <a href=\"https:\/\/www.organisator.ch\/de\/allgemein\/2018-07-03\/die-klimastiftung-schweiz-feiert-10-jahr-jubilaeum\/\">Klimastiftung ist ein Erfolgsmodell<\/a>\u00bb, betont Gesch\u00e4ftsf\u00fchrer Vincent Eckert, der seit Anbeginn diese Position innehat.<\/p>\n<h3><strong>Die Zeit der Luftschl\u00f6sser ist vorbei<\/strong><\/h3>\n<p>\u00abAnf\u00e4nglich waren viele Antr\u00e4ge ungen\u00fcgend\u00bb erinnert sich Eckert. \u00abDa gab es Projekte, die w\u00e4ren physikalisch unm\u00f6glich umzusetzen gewesen.\u00bb Unter den Antragsstellern waren richtige Tr\u00e4umer. \u00abDie bauten teils regelrechte Luftschl\u00f6sser und entwickelten manchmal ein spezielles Ger\u00e4t, was aber kaum zu skalieren gewesen w\u00e4re und daher nicht klimarelevant.\u00bb Die Qualit\u00e4t stieg \u2013 auf beiden Seiten. \u00abAuch unsere Prozesse wurden wesentlich verbessert, mit dem Ziel, die F\u00f6rderungen unb\u00fcrokratischer, daf\u00fcr zielgerechter auszurichten.\u00bb<\/p>\n<p>Das alles f\u00fchrte zu einem bereichernden Austausch f\u00fcr alle Beteiligten. \u00abDie Antr\u00e4ge kamen und kommen quer von vielen Industrien wie K\u00e4sereien, Schreinereien \u00fcber W\u00e4schereien zum Gastgewerbe\u00bb, fasst Vincent Eckert zusammen. \u00abJede Produktion braucht Energie\u00bb.<\/p>\n<h3><strong>Bundesrat R\u00f6sti als Keynote-Speaker<\/strong><\/h3>\n<p>Im Jubil\u00e4umsjahr 2023 finden zwei Feierlichkeiten statt, um die Bedeutung der Stiftung zu unterstreichen. Bundesrat und UVEK-Vorsteher Albert R\u00f6sti tritt am 13. September im Rahmen einer Podiumsdiskussion in Bern als Keynote-Speaker auf. Und am 25. Juli f\u00fchrt die Klimastiftung Schweiz einen Networkinganlass durch, wo Partnerfirmen und interessierte Kreise auf gef\u00f6rderte Projekte treffen. Am 25. Juli ist die Stiftung Gast an der Allianz Cinema Night. Als Moderator wird Christian Jungen, Direktor des Zurich Film Festival, elegant den Bogen zwischen der Filmwelt und den Klimaschutzbem\u00fchungen schlagen.<\/p>\n<h3><strong>Zahlreiche Gratulant\/-innen<\/strong><\/h3>\n<p>Zum 15-Jahr-Jubil\u00e4um gratulieren verschiedene Pers\u00f6nlichkeiten. \u00abVon der Wirtschaft f\u00fcr die Wirtschaft ist wichtiger denn je\u00bb, freut sich Monika R\u00fchl von economiesuisse. \u00abDie Partnerfirmen tragen die Botschaft der Stiftung weiter und zeigen, dass sie gemeinsam in der Finanzindustrie etwas bewegen k\u00f6nnen\u00bb, fasst es Gabriele Burn, Pr\u00e4sidentin des Stiftungsrates von 2008-2019 zusammen. Und f\u00fcr Patrick Hofstetter von WWF Schweiz ist die Stiftung \u00abein wunderbares Beispiel f\u00fcr privatwirtschaftliches Engagement, das zu mehr Klimaschutz und -gerechtigkeit f\u00fchrt.\u00bb<\/p>\n<p><em>Quelle: <a href=\"http:\/\/www.klimastiftung.ch\">Klimastiftung Schweiz<\/a><\/em><\/p>\n<blockquote>\n<h2>\u00abInnovation von Anfang im Fokus\u00bb<\/h2>\n<figure id=\"attachment_20935\" aria-describedby=\"caption-attachment-20935\" style=\"width: 560px\" class=\"wp-caption alignnone\"><img loading=\"lazy\" decoding=\"async\" class=\"size-full wp-image-20935\" src=\"https:\/\/www.organisator.ch\/wp-content\/uploads\/2023\/07\/Klimastiftung-Schweiz-feiert-ihr-15-Jahr-Jubilaeum-2_Organisator.jpg\" alt=\"\" width=\"560\" height=\"375\" srcset=\"https:\/\/www.organisator.ch\/wp-content\/uploads\/2023\/07\/Klimastiftung-Schweiz-feiert-ihr-15-Jahr-Jubilaeum-2_Organisator.jpg 560w, https:\/\/www.organisator.ch\/wp-content\/uploads\/2023\/07\/Klimastiftung-Schweiz-feiert-ihr-15-Jahr-Jubilaeum-2_Organisator-18x12.jpg 18w, https:\/\/www.organisator.ch\/wp-content\/uploads\/2023\/07\/Klimastiftung-Schweiz-feiert-ihr-15-Jahr-Jubilaeum-2_Organisator-375x251.jpg 375w, https:\/\/www.organisator.ch\/wp-content\/uploads\/2023\/07\/Klimastiftung-Schweiz-feiert-ihr-15-Jahr-Jubilaeum-2_Organisator-523x350.jpg 523w\" sizes=\"auto, (max-width: 560px) 100vw, 560px\" \/><figcaption id=\"caption-attachment-20935\" class=\"wp-caption-text\">Vincent Eckert, seit Anbeginn Gesch\u00e4ftsf\u00fchrer der Klimastiftung Schweiz. (Bild: Klimastiftung Schweiz)<\/figcaption><\/figure>\n<p>Seit Anbeginn ist Vincent Eckert Gesch\u00e4ftsf\u00fchrer der Stiftung. Im Interview spricht er \u00fcber seine Erfahrungen und den Nutzen der Klimastiftung Schweiz f\u00fcr Unternehmen.<\/p>\n<p><em>Herr Eckert, was ist Ihre ers\u00f6nliche Motivation, sich tagt\u00e4glich f\u00fcr den Klimaschutz zu engagieren?<br \/>\n<\/em><strong>Vincent Eckert<\/strong>: Ich bin fasziniert vom Unternehmertum und begeistert von den vielen innovativen Projekten, die bei uns eingehen. Auch der regelm\u00e4ssige Austausch mit den Partnerfirmen motiviert mich. Ich bin stolz, sagen zu k\u00f6nnen, dass die Klimastiftung Schweiz echte L\u00f6sungen f\u00fcr die Wirtschaft bietet.<\/p>\n<p><em>Was ist das Erfolgsgeheimnis der Stiftung?\u00a0<\/em><br \/>\nIn der Schweiz gibt es viel High-Technologie. Die Wirtschaft forscht und erfindet. In der Entwicklung der Batterie- und Speichertechnologie nimmt die Schweiz zum Beispiel weltweit einen Spitzenplatz ein. Ich empfinde unser Land als Testgarten. Die Ideen und Produkte der Schweizer und Liechtensteiner KMUs starten oft global durch. Wenn es also ein Erfolgsgeheimnis gibt, dann ist es der Ideenreichtum der KMUs. Davon profitiert die Klimastiftung Schweiz, davon profitieren im Netzwerk unsere Partnerfirmen. Wir haben von Anfang an auf die Dynamik der KMU-Landschaft gesetzt. Und wir wurden und werden bis heute nicht entt\u00e4uscht.<\/p>\n<p><em>Wenn Sie auf die Anf\u00e4nge zur\u00fcckblicken, was f\u00e4llt Ihnen dazu ein?<\/em><br \/>\nDie Innovation stand von Anfang im Fokus. Schon zum f\u00fcnften Jubil\u00e4um sorgten vorgestellte Projekte f\u00fcr Begeisterung. Ich erinnere mich an Hey Chimpy. Die Firma ist bis heute erfolgreich am Markt. Und da sind wir durchaus etwas stolz, das war auch m\u00f6glich, wegen der F\u00f6rderung durch die Stiftung.<\/p>\n<p><em>Was bedeutet der Klimastiftung Schweiz die Unterst\u00fctzung der mittlerweile 31 Partnerfirmen?<\/em><br \/>\nWir sp\u00fcren den unbedingten Willen, mitzugestalten, anzupacken und in einem starken Verbund dem Klimawandel die Stirn zu bieten.<\/p>\n<p><em>Welche Vorteile hat eine Partnerfirma der Klimastiftung Schweiz?\u00a0<\/em><br \/>\nDie Stiftung wird von namhaften Dienstleistungsunternehmen wie Banken, Versicherungen und Beratungsfirmen getragen. Diese Partnerfirmen unterst\u00fctzen die Stiftung mit ihrem finanziellen Beitrag, aber auch durch die Bereitstellung von Expertinnen und Experten im Stiftungs- und Beirat. So entsteht ein Wissenskreislauf zwischen der Stiftung, den Partnerfirmen und den KMUs, deren Projekte wir f\u00f6rdern.<\/p>\n<p><em>Welche Rolle hat ein Partner?\u00a0<\/em><br \/>\nJede Partnerfirma kann einen oder 2 Beir\u00e4te stellen und hat bei Abstimmungen eine Stimme. Die Hauptaufgabe des Beirats ist die Beurteilung der eingegangenen Projektantr\u00e4ge. Dabei steht der Klimanutzen des jeweiligen Projekts im Zentrum. Wir freuen uns \u00fcber die regelm\u00e4ssige Teilnahme und den Austausch an den Beiratssitzungen. Dadurch kann der Beirat eine klare Empfehlung zur Annahme oder Ablehnung abgeben, die dann dem Stiftungsrat unterbreitet wird. Um im Beirat effizient zu einer Abstimmungsempfehlung f\u00fcr den Stiftungsrat zu kommen, wird ein Projektg\u00f6tti-System eingesetzt.<\/p><\/blockquote>\n","protected":false},"excerpt":{"rendered":"<p>Das Jahr 2008 war f\u00fcr den Klimaschutz in der Schweiz ein Meilenstein. Als Reaktion auf die Einf\u00fchrung der CO2-Abgabe, wurde am 4 Juli .2008 die Klimastiftung Schweiz gegr\u00fcndet. Swiss-Re-Pr\u00e4sident Peter Forstmoser sagte damals, dass es sich bei der Stiftungsidee um Bekenntnis aus der Schweizer Wirtschaft handle, dem voranschreitenden Klimawandel entgegenzuwirken. Wo steht die Klimastiftung Schweiz heute, 15 Jahre sp\u00e4ter?<\/p>\n","protected":false},"author":4,"featured_media":20934,"comment_status":"closed","ping_status":"closed","sticky":false,"template":"","format":"standard","meta":{"_acf_changed":false,"_yoast_wpseo_focuskw":"Klimastiftung","_yoast_wpseo_metadesc":"Als Reaktion auf die Einf\u00fchrung der CO2-Abgabe, wurde am 4. Juli 2008 die Klimastiftung Schweiz gegr\u00fcndet. Bisher wurden 2300 KMU unterst\u00fctzt.","articlekey":"","footnotes":""},"categories":[580],"tags":[292,1520,358,3803],"class_list":["post-20933","post","type-post","status-publish","format-standard","has-post-thumbnail","hentry","category-sustainability","tag-jubilaeum","tag-klimaprojekte","tag-nachhaltige-wirtschaft","tag-stiftungen"],"acf":[],"yoast_head":"<!-- This site is optimized with the Yoast SEO plugin v27.5 - https:\/\/yoast.com\/product\/yoast-seo-wordpress\/ -->\n<title>Klimastiftung Schweiz feiert ihr 15-Jahr-Jubil\u00e4um - Organisator<\/title>\n<meta name=\"description\" content=\"Als Reaktion auf die Einf\u00fchrung der CO2-Abgabe, wurde am 4. Juli 2008 die Klimastiftung Schweiz gegr\u00fcndet. Bisher wurden 2300 KMU unterst\u00fctzt.\" \/>\n<meta name=\"robots\" content=\"index, follow, max-snippet:-1, max-image-preview:large, max-video-preview:-1\" \/>\n<link rel=\"canonical\" href=\"https:\/\/www.organisator.ch\/de\/sustainability\/2023-07-04\/klimastiftung-schweiz-feiert-ihr-15-jahr-jubilaeum\/\" \/>\n<meta property=\"og:locale\" content=\"de_DE\" \/>\n<meta property=\"og:type\" content=\"article\" \/>\n<meta property=\"og:title\" content=\"Klimastiftung Schweiz feiert ihr 15-Jahr-Jubil\u00e4um\" \/>\n<meta property=\"og:description\" content=\"Als Reaktion auf die Einf\u00fchrung der CO2-Abgabe, wurde am 4. Juli 2008 die Klimastiftung Schweiz gegr\u00fcndet. Bisher wurden 2300 KMU unterst\u00fctzt.\" \/>\n<meta property=\"og:url\" content=\"https:\/\/www.organisator.ch\/de\/sustainability\/2023-07-04\/klimastiftung-schweiz-feiert-ihr-15-jahr-jubilaeum\/\" \/>\n<meta property=\"og:site_name\" content=\"Organisator\" \/>\n<meta property=\"article:publisher\" content=\"https:\/\/www.facebook.com\/OrganisatorFachmagazin\" \/>\n<meta property=\"article:published_time\" content=\"2023-07-04T11:42:17+00:00\" \/>\n<meta property=\"article:modified_time\" content=\"2023-07-28T06:14:33+00:00\" \/>\n<meta property=\"og:image\" content=\"https:\/\/www.organisator.ch\/wp-content\/uploads\/2023\/07\/Klimastiftung-Schweiz-feiert-ihr-15-Jahr-Jubilaeum-1_Organisator.jpg\" \/>\n\t<meta property=\"og:image:width\" content=\"680\" \/>\n\t<meta property=\"og:image:height\" content=\"510\" \/>\n\t<meta property=\"og:image:type\" content=\"image\/jpeg\" \/>\n<meta name=\"author\" content=\"thomas.berner\" \/>\n<meta name=\"twitter:card\" content=\"summary_large_image\" \/>\n<meta name=\"twitter:title\" content=\"#Klimastiftung Schweiz feiert ihr #15-Jahr-Jubil\u00e4um\" \/>\n<meta name=\"twitter:description\" content=\"Als Reaktion auf die Einf\u00fchrung der #CO2-Abgabe, wurde am 4. Juli 2008 die #Klimastiftung Schweiz gegr\u00fcndet. Bisher wurden 2300 KMU unterst\u00fctzt.\" \/>\n<meta name=\"twitter:image\" content=\"https:\/\/www.organisator.ch\/wp-content\/uploads\/2023\/07\/Klimastiftung-Schweiz-feiert-ihr-15-Jahr-Jubilaeum-1_Organisator.jpg\" \/>\n<script type=\"application\/ld+json\" class=\"yoast-schema-graph\">{\"@context\":\"https:\\\/\\\/schema.org\",\"@graph\":[{\"@type\":\"Article\",\"@id\":\"https:\\\/\\\/www.organisator.ch\\\/sustainability\\\/2023-07-04\\\/klimastiftung-schweiz-feiert-ihr-15-jahr-jubilaeum\\\/#article\",\"isPartOf\":{\"@id\":\"https:\\\/\\\/www.organisator.ch\\\/sustainability\\\/2023-07-04\\\/klimastiftung-schweiz-feiert-ihr-15-jahr-jubilaeum\\\/\"},\"author\":{\"name\":\"thomas.berner\",\"@id\":\"https:\\\/\\\/www.organisator.ch\\\/#\\\/schema\\\/person\\\/6f650f90b2842cd4c0cc334b4e36f67e\"},\"headline\":\"Klimastiftung Schweiz feiert ihr 15-Jahr-Jubil\u00e4um\",\"datePublished\":\"2023-07-04T11:42:17+00:00\",\"dateModified\":\"2023-07-28T06:14:33+00:00\",\"mainEntityOfPage\":{\"@id\":\"https:\\\/\\\/www.organisator.ch\\\/sustainability\\\/2023-07-04\\\/klimastiftung-schweiz-feiert-ihr-15-jahr-jubilaeum\\\/\"},\"wordCount\":847,\"publisher\":{\"@id\":\"https:\\\/\\\/www.organisator.ch\\\/#organization\"},\"image\":{\"@id\":\"https:\\\/\\\/www.organisator.ch\\\/sustainability\\\/2023-07-04\\\/klimastiftung-schweiz-feiert-ihr-15-jahr-jubilaeum\\\/#primaryimage\"},\"thumbnailUrl\":\"https:\\\/\\\/www.organisator.ch\\\/wp-content\\\/uploads\\\/2023\\\/07\\\/Klimastiftung-Schweiz-feiert-ihr-15-Jahr-Jubilaeum-1_Organisator.jpg\",\"keywords\":[\"Jubil\u00e4um\",\"Klimaprojekte\",\"Nachhaltige Wirtschaft\",\"Stiftungen\"],\"articleSection\":[\"SUSTAINABILITY\"],\"inLanguage\":\"de\"},{\"@type\":\"WebPage\",\"@id\":\"https:\\\/\\\/www.organisator.ch\\\/sustainability\\\/2023-07-04\\\/klimastiftung-schweiz-feiert-ihr-15-jahr-jubilaeum\\\/\",\"url\":\"https:\\\/\\\/www.organisator.ch\\\/sustainability\\\/2023-07-04\\\/klimastiftung-schweiz-feiert-ihr-15-jahr-jubilaeum\\\/\",\"name\":\"Klimastiftung Schweiz feiert ihr 15-Jahr-Jubil\u00e4um - Organisator\",\"isPartOf\":{\"@id\":\"https:\\\/\\\/www.organisator.ch\\\/#website\"},\"primaryImageOfPage\":{\"@id\":\"https:\\\/\\\/www.organisator.ch\\\/sustainability\\\/2023-07-04\\\/klimastiftung-schweiz-feiert-ihr-15-jahr-jubilaeum\\\/#primaryimage\"},\"image\":{\"@id\":\"https:\\\/\\\/www.organisator.ch\\\/sustainability\\\/2023-07-04\\\/klimastiftung-schweiz-feiert-ihr-15-jahr-jubilaeum\\\/#primaryimage\"},\"thumbnailUrl\":\"https:\\\/\\\/www.organisator.ch\\\/wp-content\\\/uploads\\\/2023\\\/07\\\/Klimastiftung-Schweiz-feiert-ihr-15-Jahr-Jubilaeum-1_Organisator.jpg\",\"datePublished\":\"2023-07-04T11:42:17+00:00\",\"dateModified\":\"2023-07-28T06:14:33+00:00\",\"description\":\"Als Reaktion auf die Einf\u00fchrung der CO2-Abgabe, wurde am 4. Juli 2008 die Klimastiftung Schweiz gegr\u00fcndet. Bisher wurden 2300 KMU unterst\u00fctzt.\",\"breadcrumb\":{\"@id\":\"https:\\\/\\\/www.organisator.ch\\\/sustainability\\\/2023-07-04\\\/klimastiftung-schweiz-feiert-ihr-15-jahr-jubilaeum\\\/#breadcrumb\"},\"inLanguage\":\"de\",\"potentialAction\":[{\"@type\":\"ReadAction\",\"target\":[\"https:\\\/\\\/www.organisator.ch\\\/sustainability\\\/2023-07-04\\\/klimastiftung-schweiz-feiert-ihr-15-jahr-jubilaeum\\\/\"]}]},{\"@type\":\"ImageObject\",\"inLanguage\":\"de\",\"@id\":\"https:\\\/\\\/www.organisator.ch\\\/sustainability\\\/2023-07-04\\\/klimastiftung-schweiz-feiert-ihr-15-jahr-jubilaeum\\\/#primaryimage\",\"url\":\"https:\\\/\\\/www.organisator.ch\\\/wp-content\\\/uploads\\\/2023\\\/07\\\/Klimastiftung-Schweiz-feiert-ihr-15-Jahr-Jubilaeum-1_Organisator.jpg\",\"contentUrl\":\"https:\\\/\\\/www.organisator.ch\\\/wp-content\\\/uploads\\\/2023\\\/07\\\/Klimastiftung-Schweiz-feiert-ihr-15-Jahr-Jubilaeum-1_Organisator.jpg\",\"width\":680,\"height\":510,\"caption\":\"Born on the 4th of July f\u00fcr eine gr\u00fcnere Zukunft: Seit 2008 hat die Klimastiftung Schweiz \u00fcber 2300 KMU unterst\u00fctzt. (Bild: Pixabay.com)\"},{\"@type\":\"BreadcrumbList\",\"@id\":\"https:\\\/\\\/www.organisator.ch\\\/sustainability\\\/2023-07-04\\\/klimastiftung-schweiz-feiert-ihr-15-jahr-jubilaeum\\\/#breadcrumb\",\"itemListElement\":[{\"@type\":\"ListItem\",\"position\":1,\"name\":\"Home\",\"item\":\"https:\\\/\\\/www.organisator.ch\\\/\"},{\"@type\":\"ListItem\",\"position\":2,\"name\":\"Klimastiftung Schweiz feiert ihr 15-Jahr-Jubil\u00e4um\"}]},{\"@type\":\"WebSite\",\"@id\":\"https:\\\/\\\/www.organisator.ch\\\/#website\",\"url\":\"https:\\\/\\\/www.organisator.ch\\\/\",\"name\":\"Organisator\",\"description\":\"Kompetent. Praxisnah. Der ORGANISATOR bereitet in 10 Ausgaben pro Jahr die wesentlichen Themen f\u00fcr F\u00fchrungskr\u00e4fte von KMU auf.\",\"publisher\":{\"@id\":\"https:\\\/\\\/www.organisator.ch\\\/#organization\"},\"potentialAction\":[{\"@type\":\"SearchAction\",\"target\":{\"@type\":\"EntryPoint\",\"urlTemplate\":\"https:\\\/\\\/www.organisator.ch\\\/?s={search_term_string}\"},\"query-input\":{\"@type\":\"PropertyValueSpecification\",\"valueRequired\":true,\"valueName\":\"search_term_string\"}}],\"inLanguage\":\"de\"},{\"@type\":\"Organization\",\"@id\":\"https:\\\/\\\/www.organisator.ch\\\/#organization\",\"name\":\"Organisator\",\"url\":\"https:\\\/\\\/www.organisator.ch\\\/\",\"logo\":{\"@type\":\"ImageObject\",\"inLanguage\":\"de\",\"@id\":\"https:\\\/\\\/www.organisator.ch\\\/#\\\/schema\\\/logo\\\/image\\\/\",\"url\":\"https:\\\/\\\/www.organisator.ch\\\/wp-content\\\/uploads\\\/2022\\\/01\\\/Logo_Organisator_Website.png\",\"contentUrl\":\"https:\\\/\\\/www.organisator.ch\\\/wp-content\\\/uploads\\\/2022\\\/01\\\/Logo_Organisator_Website.png\",\"width\":800,\"height\":77,\"caption\":\"Organisator\"},\"image\":{\"@id\":\"https:\\\/\\\/www.organisator.ch\\\/#\\\/schema\\\/logo\\\/image\\\/\"},\"sameAs\":[\"https:\\\/\\\/www.facebook.com\\\/OrganisatorFachmagazin\",\"https:\\\/\\\/www.linkedin.com\\\/showcase\\\/organisator-das-magazin-fr-kmu\",\"https:\\\/\\\/www.xing.com\\\/news\\\/pages\\\/organisator-ch-695\",\"https:\\\/\\\/www.youtube.com\\\/channel\\\/UCGP2Sq0iWaZwT3BdIAQFYpw\"]},{\"@type\":\"Person\",\"@id\":\"https:\\\/\\\/www.organisator.ch\\\/#\\\/schema\\\/person\\\/6f650f90b2842cd4c0cc334b4e36f67e\",\"name\":\"thomas.berner\",\"image\":{\"@type\":\"ImageObject\",\"inLanguage\":\"de\",\"@id\":\"https:\\\/\\\/secure.gravatar.com\\\/avatar\\\/ac5001d2a36cb6c6cd3e50789007ffca834b477b74a2144564522e944eabff61?s=96&d=mm&r=g\",\"url\":\"https:\\\/\\\/secure.gravatar.com\\\/avatar\\\/ac5001d2a36cb6c6cd3e50789007ffca834b477b74a2144564522e944eabff61?s=96&d=mm&r=g\",\"contentUrl\":\"https:\\\/\\\/secure.gravatar.com\\\/avatar\\\/ac5001d2a36cb6c6cd3e50789007ffca834b477b74a2144564522e944eabff61?s=96&d=mm&r=g\",\"caption\":\"thomas.berner\"},\"url\":\"https:\\\/\\\/www.organisator.ch\\\/de\\\/author\\\/thomas-berner\\\/\"}]}<\/script>\n<!-- \/ Yoast SEO plugin. -->","yoast_head_json":{"title":"Klimastiftung Schweiz feiert ihr 15-Jahr-Jubil\u00e4um - Organisator","description":"Als Reaktion auf die Einf\u00fchrung der CO2-Abgabe, wurde am 4. Juli 2008 die Klimastiftung Schweiz gegr\u00fcndet. Bisher wurden 2300 KMU unterst\u00fctzt.","robots":{"index":"index","follow":"follow","max-snippet":"max-snippet:-1","max-image-preview":"max-image-preview:large","max-video-preview":"max-video-preview:-1"},"canonical":"https:\/\/www.organisator.ch\/de\/sustainability\/2023-07-04\/klimastiftung-schweiz-feiert-ihr-15-jahr-jubilaeum\/","og_locale":"de_DE","og_type":"article","og_title":"Klimastiftung Schweiz feiert ihr 15-Jahr-Jubil\u00e4um","og_description":"Als Reaktion auf die Einf\u00fchrung der CO2-Abgabe, wurde am 4. Juli 2008 die Klimastiftung Schweiz gegr\u00fcndet. Bisher wurden 2300 KMU unterst\u00fctzt.","og_url":"https:\/\/www.organisator.ch\/de\/sustainability\/2023-07-04\/klimastiftung-schweiz-feiert-ihr-15-jahr-jubilaeum\/","og_site_name":"Organisator","article_publisher":"https:\/\/www.facebook.com\/OrganisatorFachmagazin","article_published_time":"2023-07-04T11:42:17+00:00","article_modified_time":"2023-07-28T06:14:33+00:00","og_image":[{"width":680,"height":510,"url":"https:\/\/www.organisator.ch\/wp-content\/uploads\/2023\/07\/Klimastiftung-Schweiz-feiert-ihr-15-Jahr-Jubilaeum-1_Organisator.jpg","type":"image\/jpeg"}],"author":"thomas.berner","twitter_card":"summary_large_image","twitter_title":"#Klimastiftung Schweiz feiert ihr #15-Jahr-Jubil\u00e4um","twitter_description":"Als Reaktion auf die Einf\u00fchrung der #CO2-Abgabe, wurde am 4. Juli 2008 die #Klimastiftung Schweiz gegr\u00fcndet. Bisher wurden 2300 KMU unterst\u00fctzt.","twitter_image":"https:\/\/www.organisator.ch\/wp-content\/uploads\/2023\/07\/Klimastiftung-Schweiz-feiert-ihr-15-Jahr-Jubilaeum-1_Organisator.jpg","schema":{"@context":"https:\/\/schema.org","@graph":[{"@type":"Article","@id":"https:\/\/www.organisator.ch\/sustainability\/2023-07-04\/klimastiftung-schweiz-feiert-ihr-15-jahr-jubilaeum\/#article","isPartOf":{"@id":"https:\/\/www.organisator.ch\/sustainability\/2023-07-04\/klimastiftung-schweiz-feiert-ihr-15-jahr-jubilaeum\/"},"author":{"name":"thomas.berner","@id":"https:\/\/www.organisator.ch\/#\/schema\/person\/6f650f90b2842cd4c0cc334b4e36f67e"},"headline":"Klimastiftung Schweiz feiert ihr 15-Jahr-Jubil\u00e4um","datePublished":"2023-07-04T11:42:17+00:00","dateModified":"2023-07-28T06:14:33+00:00","mainEntityOfPage":{"@id":"https:\/\/www.organisator.ch\/sustainability\/2023-07-04\/klimastiftung-schweiz-feiert-ihr-15-jahr-jubilaeum\/"},"wordCount":847,"publisher":{"@id":"https:\/\/www.organisator.ch\/#organization"},"image":{"@id":"https:\/\/www.organisator.ch\/sustainability\/2023-07-04\/klimastiftung-schweiz-feiert-ihr-15-jahr-jubilaeum\/#primaryimage"},"thumbnailUrl":"https:\/\/www.organisator.ch\/wp-content\/uploads\/2023\/07\/Klimastiftung-Schweiz-feiert-ihr-15-Jahr-Jubilaeum-1_Organisator.jpg","keywords":["Jubil\u00e4um","Klimaprojekte","Nachhaltige Wirtschaft","Stiftungen"],"articleSection":["SUSTAINABILITY"],"inLanguage":"de"},{"@type":"WebPage","@id":"https:\/\/www.organisator.ch\/sustainability\/2023-07-04\/klimastiftung-schweiz-feiert-ihr-15-jahr-jubilaeum\/","url":"https:\/\/www.organisator.ch\/sustainability\/2023-07-04\/klimastiftung-schweiz-feiert-ihr-15-jahr-jubilaeum\/","name":"Klimastiftung Schweiz feiert ihr 15-Jahr-Jubil\u00e4um - Organisator","isPartOf":{"@id":"https:\/\/www.organisator.ch\/#website"},"primaryImageOfPage":{"@id":"https:\/\/www.organisator.ch\/sustainability\/2023-07-04\/klimastiftung-schweiz-feiert-ihr-15-jahr-jubilaeum\/#primaryimage"},"image":{"@id":"https:\/\/www.organisator.ch\/sustainability\/2023-07-04\/klimastiftung-schweiz-feiert-ihr-15-jahr-jubilaeum\/#primaryimage"},"thumbnailUrl":"https:\/\/www.organisator.ch\/wp-content\/uploads\/2023\/07\/Klimastiftung-Schweiz-feiert-ihr-15-Jahr-Jubilaeum-1_Organisator.jpg","datePublished":"2023-07-04T11:42:17+00:00","dateModified":"2023-07-28T06:14:33+00:00","description":"Als Reaktion auf die Einf\u00fchrung der CO2-Abgabe, wurde am 4. Juli 2008 die Klimastiftung Schweiz gegr\u00fcndet. Bisher wurden 2300 KMU unterst\u00fctzt.","breadcrumb":{"@id":"https:\/\/www.organisator.ch\/sustainability\/2023-07-04\/klimastiftung-schweiz-feiert-ihr-15-jahr-jubilaeum\/#breadcrumb"},"inLanguage":"de","potentialAction":[{"@type":"ReadAction","target":["https:\/\/www.organisator.ch\/sustainability\/2023-07-04\/klimastiftung-schweiz-feiert-ihr-15-jahr-jubilaeum\/"]}]},{"@type":"ImageObject","inLanguage":"de","@id":"https:\/\/www.organisator.ch\/sustainability\/2023-07-04\/klimastiftung-schweiz-feiert-ihr-15-jahr-jubilaeum\/#primaryimage","url":"https:\/\/www.organisator.ch\/wp-content\/uploads\/2023\/07\/Klimastiftung-Schweiz-feiert-ihr-15-Jahr-Jubilaeum-1_Organisator.jpg","contentUrl":"https:\/\/www.organisator.ch\/wp-content\/uploads\/2023\/07\/Klimastiftung-Schweiz-feiert-ihr-15-Jahr-Jubilaeum-1_Organisator.jpg","width":680,"height":510,"caption":"Born on the 4th of July f\u00fcr eine gr\u00fcnere Zukunft: Seit 2008 hat die Klimastiftung Schweiz \u00fcber 2300 KMU unterst\u00fctzt. (Bild: Pixabay.com)"},{"@type":"BreadcrumbList","@id":"https:\/\/www.organisator.ch\/sustainability\/2023-07-04\/klimastiftung-schweiz-feiert-ihr-15-jahr-jubilaeum\/#breadcrumb","itemListElement":[{"@type":"ListItem","position":1,"name":"Home","item":"https:\/\/www.organisator.ch\/"},{"@type":"ListItem","position":2,"name":"Klimastiftung Schweiz feiert ihr 15-Jahr-Jubil\u00e4um"}]},{"@type":"WebSite","@id":"https:\/\/www.organisator.ch\/#website","url":"https:\/\/www.organisator.ch\/","name":"Organisator","description":"Kompetent. Praxisnah. Der ORGANISATOR bereitet in 10 Ausgaben pro Jahr die wesentlichen Themen f\u00fcr F\u00fchrungskr\u00e4fte von KMU auf.","publisher":{"@id":"https:\/\/www.organisator.ch\/#organization"},"potentialAction":[{"@type":"SearchAction","target":{"@type":"EntryPoint","urlTemplate":"https:\/\/www.organisator.ch\/?s={search_term_string}"},"query-input":{"@type":"PropertyValueSpecification","valueRequired":true,"valueName":"search_term_string"}}],"inLanguage":"de"},{"@type":"Organization","@id":"https:\/\/www.organisator.ch\/#organization","name":"Organisator","url":"https:\/\/www.organisator.ch\/","logo":{"@type":"ImageObject","inLanguage":"de","@id":"https:\/\/www.organisator.ch\/#\/schema\/logo\/image\/","url":"https:\/\/www.organisator.ch\/wp-content\/uploads\/2022\/01\/Logo_Organisator_Website.png","contentUrl":"https:\/\/www.organisator.ch\/wp-content\/uploads\/2022\/01\/Logo_Organisator_Website.png","width":800,"height":77,"caption":"Organisator"},"image":{"@id":"https:\/\/www.organisator.ch\/#\/schema\/logo\/image\/"},"sameAs":["https:\/\/www.facebook.com\/OrganisatorFachmagazin","https:\/\/www.linkedin.com\/showcase\/organisator-das-magazin-fr-kmu","https:\/\/www.xing.com\/news\/pages\/organisator-ch-695","https:\/\/www.youtube.com\/channel\/UCGP2Sq0iWaZwT3BdIAQFYpw"]},{"@type":"Person","@id":"https:\/\/www.organisator.ch\/#\/schema\/person\/6f650f90b2842cd4c0cc334b4e36f67e","name":"thomas.berner","image":{"@type":"ImageObject","inLanguage":"de","@id":"https:\/\/secure.gravatar.com\/avatar\/ac5001d2a36cb6c6cd3e50789007ffca834b477b74a2144564522e944eabff61?s=96&d=mm&r=g","url":"https:\/\/secure.gravatar.com\/avatar\/ac5001d2a36cb6c6cd3e50789007ffca834b477b74a2144564522e944eabff61?s=96&d=mm&r=g","contentUrl":"https:\/\/secure.gravatar.com\/avatar\/ac5001d2a36cb6c6cd3e50789007ffca834b477b74a2144564522e944eabff61?s=96&d=mm&r=g","caption":"thomas.berner"},"url":"https:\/\/www.organisator.ch\/de\/author\/thomas-berner\/"}]}},"_links":{"self":[{"href":"https:\/\/www.organisator.ch\/de\/wp-json\/wp\/v2\/posts\/20933","targetHints":{"allow":["GET"]}}],"collection":[{"href":"https:\/\/www.organisator.ch\/de\/wp-json\/wp\/v2\/posts"}],"about":[{"href":"https:\/\/www.organisator.ch\/de\/wp-json\/wp\/v2\/types\/post"}],"author":[{"embeddable":true,"href":"https:\/\/www.organisator.ch\/de\/wp-json\/wp\/v2\/users\/4"}],"replies":[{"embeddable":true,"href":"https:\/\/www.organisator.ch\/de\/wp-json\/wp\/v2\/comments?post=20933"}],"version-history":[{"count":4,"href":"https:\/\/www.organisator.ch\/de\/wp-json\/wp\/v2\/posts\/20933\/revisions"}],"predecessor-version":[{"id":21088,"href":"https:\/\/www.organisator.ch\/de\/wp-json\/wp\/v2\/posts\/20933\/revisions\/21088"}],"wp:featuredmedia":[{"embeddable":true,"href":"https:\/\/www.organisator.ch\/de\/wp-json\/wp\/v2\/media\/20934"}],"wp:attachment":[{"href":"https:\/\/www.organisator.ch\/de\/wp-json\/wp\/v2\/media?parent=20933"}],"wp:term":[{"taxonomy":"category","embeddable":true,"href":"https:\/\/www.organisator.ch\/de\/wp-json\/wp\/v2\/categories?post=20933"},{"taxonomy":"post_tag","embeddable":true,"href":"https:\/\/www.organisator.ch\/de\/wp-json\/wp\/v2\/tags?post=20933"}],"curies":[{"name":"wp","href":"https:\/\/api.w.org\/{rel}","templated":true}]}}